{"id":1004,"date":"2024-02-14T22:45:54","date_gmt":"2024-02-14T22:45:54","guid":{"rendered":"https:\/\/gsantana2005.net\/?p=1004"},"modified":"2024-02-14T22:48:03","modified_gmt":"2024-02-14T22:48:03","slug":"desenvolvimento-sustentavel","status":"publish","type":"post","link":"https:\/\/gsantana2005.net\/index.php\/2024\/02\/14\/desenvolvimento-sustentavel\/","title":{"rendered":"Desenvolvimento Sustent\u00e1vel: Construindo um Futuro Equilibrado"},"content":{"rendered":"\n<p>O desenvolvimento sustent\u00e1vel \u00e9 como uma necessidade premente em nossa era. Dessa forma, as exig\u00eancias crescentes da sociedade, a explora\u00e7\u00e3o desenfreada dos recursos naturais e as mudan\u00e7as clim\u00e1ticas imp\u00f5em uma mudan\u00e7a de paradigma. Torna-se essencial encontrar um equil\u00edbrio entre o progresso socioecon\u00f4mico, a preserva\u00e7\u00e3o ambiental e a justi\u00e7a social para assegurar um futuro vi\u00e1vel para as pr\u00f3ximas gera\u00e7\u00f5es.<\/p>\n\n\n\n<h3 class=\"wp-block-heading\">Definindo o Desenvolvimento Sustent\u00e1vel<\/h3>\n\n\n\n<p>Em sua ess\u00eancia, o desenvolvimento sustent\u00e1vel busca atender \u00e0s necessidades da gera\u00e7\u00e3o atual sem comprometer a capacidade das gera\u00e7\u00f5es futuras de atenderem \u00e0s suas pr\u00f3prias necessidades. Assim, este conceito abrange tr\u00eas pilares interligados:<\/p>\n\n\n\n<ul class=\"wp-block-list\">\n<li><strong>Meio Ambiente:<\/strong> Preserva\u00e7\u00e3o sobretudo dos recursos naturais, da biodiversidade e dos ecossistemas para as futuras gera\u00e7\u00f5es.<\/li>\n\n\n\n<li><strong>Economia:<\/strong> Desenvolvimento econ\u00f4mico que promova a prosperidade e o bem-estar social de maneira equitativa e eficiente.<\/li>\n\n\n\n<li><strong>Social:<\/strong> Redu\u00e7\u00e3o da pobreza, desigualdade e exclus\u00e3o social, promovendo a justi\u00e7a social e o bem-estar humano.<\/li>\n<\/ul>\n\n\n\n<h3 class=\"wp-block-heading\">Aplica\u00e7\u00f5es Pr\u00e1ticas do Desenvolvimento Sustent\u00e1vel:<\/h3>\n\n\n\n<ul class=\"wp-block-list\">\n<li><strong>Arquitetura Sustent\u00e1vel:<\/strong> Constru\u00e7\u00f5es que otimizam o uso de recursos naturais. Por exemplo: \u00e1gua e energia, minimizando o impacto ambiental e promovendo o conforto t\u00e9rmico.<\/li>\n\n\n\n<li><strong>Turismo Sustent\u00e1vel:<\/strong> Modalidade tur\u00edstica que valoriza a cultura local, protege, al\u00e9m disso, o meio ambiente e gera renda para as comunidades locais.<\/li>\n\n\n\n<li><strong>Moda Sustent\u00e1vel:<\/strong> Produ\u00e7\u00e3o de vestu\u00e1rio e acess\u00f3rios que minimizam o impacto sobretudo ambiental e social, utilizando materiais e pr\u00e1ticas \u00e9ticas.<\/li>\n\n\n\n<li><strong>Agricultura Sustent\u00e1vel:<\/strong> Pr\u00e1ticas agr\u00edcolas que preservam o solo, a \u00e1gua e a biodiversidade, garantindo a seguran\u00e7a alimentar e a qualidade dos alimentos.<\/li>\n<\/ul>\n\n\n\n<h3 class=\"wp-block-heading\">Desenvolvimento Sustent\u00e1vel vs. Sustentabilidade:<\/h3>\n\n\n\n<p>Apesar de semelhantes, os termos &#8220;sustent\u00e1vel&#8221; e &#8220;sustentabilidade&#8221; possuem nuances distintas. &#8220;Sustent\u00e1vel&#8221; refere-se \u00e0 capacidade de algo se manter por si s\u00f3, enquanto &#8220;sustentabilidade&#8221; implica uma a\u00e7\u00e3o consciente para manter algo. Ent\u00e3o, o desenvolvimento sustent\u00e1vel vai al\u00e9m da mera sustentabilidade, pois envolve a a\u00e7\u00e3o proativa para garantir um futuro vi\u00e1vel.<\/p>\n\n\n\n<h4 class=\"wp-block-heading\"><strong>Energia Sustent\u00e1vel:<\/strong><\/h4>\n\n\n\n<p>A princ\u00edpio, a busca por fontes de energia limpa e renov\u00e1vel, como solar, e\u00f3lica e geot\u00e9rmica, \u00e9 crucial para reduzir a emiss\u00e3o de gases do efeito estufa e mitigar as mudan\u00e7as clim\u00e1ticas.<\/p>\n\n\n\n<h4 class=\"wp-block-heading\"><strong>Consumo Sustent\u00e1vel:<\/strong><\/h4>\n\n\n\n<p>Adotar h\u00e1bitos de consumo consciente, como reduzir, reutilizar e reciclar, \u00e9 fundamental para diminuir o impacto ambiental e promover um estilo de vida mais respons\u00e1vel.<\/p>\n\n\n\n<h4 class=\"wp-block-heading\"><strong>Sustentabilidade Ambiental:<\/strong><\/h4>\n\n\n\n<p>A prote\u00e7\u00e3o do meio ambiente envolve a preserva\u00e7\u00e3o da biodiversidade, a gest\u00e3o respons\u00e1vel dos recursos naturais e a mitiga\u00e7\u00e3o dos impactos ambientais das atividades humanas.<\/p>\n\n\n\n<h4 class=\"wp-block-heading\"><strong>Sustentabilidade na Arquitetura:<\/strong><\/h4>\n\n\n\n<p>A aplica\u00e7\u00e3o de princ\u00edpios de sustentabilidade na arquitetura resulta em edif\u00edcios mais eficientes em termos de energia e recursos, com menor impacto ambiental e maior conforto para os ocupantes.<\/p>\n\n\n\n<h4 class=\"wp-block-heading\"><strong>Ant\u00f4nimo de Sustent\u00e1vel:<\/strong><\/h4>\n\n\n\n<p>O ant\u00f4nimo de sustent\u00e1vel pode ser &#8220;insustent\u00e1vel&#8221;, que se refere a algo que n\u00e3o pode ser mantido a longo prazo devido ao seu impacto ambiental ou social negativo.<\/p>\n\n\n\n<h4 class=\"wp-block-heading\"><strong>Abreviatura de Sustent\u00e1vel:<\/strong><\/h4>\n\n\n\n<p>A abreviatura mais comum para &#8220;sustent\u00e1vel&#8221; \u00e9 &#8220;sustent\u00e1vel&#8221;.<\/p>\n\n\n\n<h4 class=\"wp-block-heading\"><strong>Sustentabilidade na Agricultura:<\/strong><\/h4>\n\n\n\n<p>A agricultura sustent\u00e1vel visa garantir a produ\u00e7\u00e3o de alimentos de forma ecologicamente correta, preservando o solo e a \u00e1gua, utilizando m\u00e9todos de produ\u00e7\u00e3o eficientes e minimizando o uso de agrot\u00f3xicos.<\/p>\n\n\n\n<h4 class=\"wp-block-heading\"><strong>Sustentabilidade da \u00c1gua:<\/strong><\/h4>\n\n\n\n<p>A gest\u00e3o sustent\u00e1vel da \u00e1gua \u00e9 fundamental para garantir a disponibilidade desse recurso vital para as gera\u00e7\u00f5es presentes e futuras. Isso envolve a prote\u00e7\u00e3o das fontes de \u00e1gua, a redu\u00e7\u00e3o do consumo e o tratamento eficiente das \u00e1guas residuais.<\/p>\n\n\n\n<h3 class=\"wp-block-heading\"><strong>Conclus\u00e3o<\/strong><\/h3>\n\n\n\n<p>O desenvolvimento sustent\u00e1vel \u00e9 um desafio urgente e uma oportunidade para construirmos um futuro mais justo, pr\u00f3spero e equilibrado para todos. Atrav\u00e9s da a\u00e7\u00e3o individual e coletiva, podemos promover mudan\u00e7as positivas em diversos setores da sociedade e garantir um planeta saud\u00e1vel para as pr\u00f3ximas gera\u00e7\u00f5es.<\/p>\n\n\n\n<h4 class=\"wp-block-heading\"><strong>Lembre-se:<\/strong><\/h4>\n\n\n\n<ul class=\"wp-block-list\">\n<li><strong>Pequenas a\u00e7\u00f5es podem fazer a diferen\u00e7a:<\/strong> Adotar h\u00e1bitos de consumo consciente, como reduzir o uso de pl\u00e1stico, utilizar transporte p\u00fablico e separar o lixo para reciclagem, contribuem para um futuro mais sustent\u00e1vel.<\/li>\n\n\n\n<li><strong>Envolva-se:<\/strong> Participe de iniciativas e projetos que promovem a sustentabilidade em sua comunidade.<\/li>\n\n\n\n<li><strong>Educa\u00e7\u00e3o \u00e9 fundamental:<\/strong> conscientizar as pessoas sobre a import\u00e2ncia do desenvolvimento sustent\u00e1vel \u00e9 essencial para a constru\u00e7\u00e3o de um futuro melhor.<\/li>\n<\/ul>\n\n\n\n<p><strong>Juntos, podemos construir um futuro mais sustent\u00e1vel para todos!<\/strong><\/p>\n\n\n\n<h3 class=\"wp-block-heading\"><strong>Convite especial para voc\u00ea<\/strong><\/h3>\n\n\n\n<p>Ent\u00e3o, depois deste\u00a0<strong>Desenvolvimento Sustent\u00e1vel: Construindo um Futuro Equilibrado<\/strong>\u00a0acredito que queira saber mais de nossa contribui\u00e7\u00e3o na \u00e1rea ambiental. N\u00e3o fique inibido entre em contato:\u00a0<a href=\"mailto:gsantana2005@gmail.com\">gsantana2005@gmail.com<\/a>\u00a0veja o nosso\u00a0<a href=\"https:\/\/www.instagram.com\/genilsonpereirasantana1\/\" rel=\"nofollow noopener\" target=\"_blank\">Instagram<\/a><\/p>\n\n\n\n<p>Al\u00e9m disso, j\u00e1 que voc\u00ea chegou at\u00e9 aqui descubra mais sobre n\u00f3s artigos abaixo:<\/p>\n\n\n\n<ul class=\"wp-block-list\">\n<li><a href=\"https:\/\/gsantana2005.net\/index.php\/2023\/11\/30\/desbloqueando-o-valor-oculto-reciclando-o-pequeno-para-um-grande-impacto\/\" target=\"_blank\" rel=\"noreferrer noopener\">Desbloqueando o valor oculto: Reciclando o pequeno para um grande impacto<\/a><\/li>\n\n\n\n<li><a href=\"https:\/\/gsantana2005.net\/index.php\/2023\/11\/29\/reduza-a-pegada-de-carbono-digital-da-sua-empresa-rumo-a-um-futuro-sustentavel\/\" target=\"_blank\" rel=\"noreferrer noopener\">Reduza a Pegada de Carbono Digital da sua Empresa: Rumo a um Futuro Sustent\u00e1vel<\/a><\/li>\n\n\n\n<li><a href=\"https:\/\/gsantana2005.net\/index.php\/2023\/11\/28\/navegando-na-controversia-da-acao-climatica-global-da-cop28-de-dubai\/\" target=\"_blank\" rel=\"noreferrer noopener\">Navegando na controv\u00e9rsia da A\u00e7\u00e3o Clim\u00e1tica Global da COP28 de Dubai<\/a><\/li>\n\n\n\n<li><a href=\"https:\/\/gsantana2005.net\/index.php\/2023\/11\/28\/rascunho-automaticodespedindo-se-dos-plasticos-descartaveis-o-futuro-sustentavel-das-embalagens-de-celulose\/\">Despedindo-se dos Pl\u00e1sticos Descart\u00e1veis: O Futuro Sustent\u00e1vel das Embalagens de Celulose!<\/a><\/li>\n<\/ul>\n\n\n\n<p>Ent\u00e3o, conhe\u00e7a tamb\u00e9m nossos cursos sobre&nbsp;<a href=\"https:\/\/gsantana2005.net\/index.php\/2023\/07\/21\/gestao-de-residuos\/\">Gest\u00e3o de res\u00edduos<\/a>&nbsp;e&nbsp;<a href=\"https:\/\/gsantana2005.net\/index.php\/2023\/08\/08\/tratamento-de-efluentes\/\">Tratamento de efluentes<\/a>. Maiores informa\u00e7\u00f5es:&nbsp;<a href=\"mailto:gsantana2005@gmail.com\">gsantana2005@gmail.com<\/a>&nbsp;ou 92 991227158 (WhatsApp)<\/p>\n","protected":false},"excerpt":{"rendered":"<p>O desenvolvimento sustent\u00e1vel \u00e9 como uma necessidade premente em nossa era. Dessa forma, as exig\u00eancias crescentes da sociedade, a explora\u00e7\u00e3o desenfreada dos recursos naturais e as mudan\u00e7as clim\u00e1ticas imp\u00f5em uma mudan\u00e7a de paradigma. Torna-se essencial encontrar um equil\u00edbrio entre o progresso socioecon\u00f4mico, a preserva\u00e7\u00e3o ambiental e a justi\u00e7a social para assegurar um futuro vi\u00e1vel para [&hellip;]<\/p>\n","protected":false},"author":1,"featured_media":809,"comment_status":"open","ping_status":"closed","sticky":false,"template":"","format":"standard","meta":{"om_disable_all_campaigns":false,"_monsterinsights_skip_tracking":false,"_monsterinsights_sitenote_active":false,"_monsterinsights_sitenote_note":"","_monsterinsights_sitenote_category":0,"footnotes":"","_links_to":"","_links_to_target":""},"categories":[273,3],"tags":[695,418,288,796,421,795,797],"class_list":["post-1004","post","type-post","status-publish","format-standard","has-post-thumbnail","hentry","category-economia-de-recursos","category-genilson-pereira-santana","tag-agricultura-sustentavel","tag-consumo-consciente","tag-desenvolvimento-sustentavel","tag-economia-verde","tag-energia-renovavel","tag-sustentabilidade-meio-ambiente","tag-turismo-responsavel"],"aioseo_notices":[],"yoast_head":"<!-- This site is optimized with the Yoast SEO plugin v24.5 - https:\/\/yoast.com\/wordpress\/plugins\/seo\/ -->\n<title>Desenvolvimento Sustent\u00e1vel: Construindo um Futuro Equilibrado - gsantana2005<\/title>\n<meta name=\"description\" content=\"Desenvolvimento sustent\u00e1vel: equilibrando sociedade, meio ambiente e economia para um futuro melhor e nossa meta para o futuro melhor\" \/>\n<meta name=\"robots\" content=\"index, follow, max-snippet:-1, max-image-preview:large, max-video-preview:-1\" \/>\n<link rel=\"canonical\" href=\"https:\/\/gsantana2005.net\/index.php\/2024\/02\/14\/desenvolvimento-sustentavel\/\" \/>\n<meta property=\"og:locale\" content=\"pt_BR\" \/>\n<meta property=\"og:type\" content=\"article\" \/>\n<meta property=\"og:title\" content=\"Desenvolvimento Sustent\u00e1vel: Construindo um Futuro Equilibrado - gsantana2005\" \/>\n<meta property=\"og:description\" content=\"Desenvolvimento sustent\u00e1vel: equilibrando sociedade, meio ambiente e economia para um futuro melhor e nossa meta para o futuro melhor\" \/>\n<meta property=\"og:url\" content=\"https:\/\/gsantana2005.net\/index.php\/2024\/02\/14\/desenvolvimento-sustentavel\/\" \/>\n<meta property=\"og:site_name\" content=\"gsantana2005\" \/>\n<meta property=\"article:published_time\" content=\"2024-02-14T22:45:54+00:00\" \/>\n<meta property=\"article:modified_time\" content=\"2024-02-14T22:48:03+00:00\" \/>\n<meta property=\"og:image\" content=\"http:\/\/gsantana2005.net\/wp-content\/uploads\/2023\/11\/carro-eletrico.jpg\" \/>\n\t<meta property=\"og:image:width\" content=\"1280\" \/>\n\t<meta property=\"og:image:height\" content=\"851\" \/>\n\t<meta property=\"og:image:type\" content=\"image\/jpeg\" \/>\n<meta name=\"author\" content=\"gsantana2005\" \/>\n<meta name=\"twitter:card\" content=\"summary_large_image\" \/>\n<meta name=\"twitter:label1\" content=\"Escrito por\" \/>\n\t<meta name=\"twitter:data1\" content=\"gsantana2005\" \/>\n\t<meta name=\"twitter:label2\" content=\"Est. tempo de leitura\" \/>\n\t<meta name=\"twitter:data2\" content=\"5 minutos\" \/>\n<script type=\"application\/ld+json\" class=\"yoast-schema-graph\">{\"@context\":\"https:\/\/schema.org\",\"@graph\":[{\"@type\":\"Article\",\"@id\":\"https:\/\/gsantana2005.net\/index.php\/2024\/02\/14\/desenvolvimento-sustentavel\/#article\",\"isPartOf\":{\"@id\":\"https:\/\/gsantana2005.net\/index.php\/2024\/02\/14\/desenvolvimento-sustentavel\/\"},\"author\":{\"name\":\"gsantana2005\",\"@id\":\"https:\/\/gsantana2005.net\/#\/schema\/person\/78c90c6f49a46ef4c8e69bafec347cb7\"},\"headline\":\"Desenvolvimento Sustent\u00e1vel: Construindo um Futuro Equilibrado\",\"datePublished\":\"2024-02-14T22:45:54+00:00\",\"dateModified\":\"2024-02-14T22:48:03+00:00\",\"mainEntityOfPage\":{\"@id\":\"https:\/\/gsantana2005.net\/index.php\/2024\/02\/14\/desenvolvimento-sustentavel\/\"},\"wordCount\":901,\"commentCount\":0,\"publisher\":{\"@id\":\"https:\/\/gsantana2005.net\/#organization\"},\"image\":{\"@id\":\"https:\/\/gsantana2005.net\/index.php\/2024\/02\/14\/desenvolvimento-sustentavel\/#primaryimage\"},\"thumbnailUrl\":\"https:\/\/gsantana2005.net\/wp-content\/uploads\/2023\/11\/carro-eletrico.jpg\",\"keywords\":[\"Agricultura Sustent\u00e1vel\",\"Consumo Consciente\",\"Desenvolvimento Sustent\u00e1vel\",\"Economia Verde\",\"Energia Renovavel\",\"Sustentabilidade. Meio Ambiente\",\"Turismo Respons\u00e1vel\"],\"articleSection\":[\"Economia de Recursos\",\"Dr Genilson Santana\"],\"inLanguage\":\"pt-BR\",\"potentialAction\":[{\"@type\":\"CommentAction\",\"name\":\"Comment\",\"target\":[\"https:\/\/gsantana2005.net\/index.php\/2024\/02\/14\/desenvolvimento-sustentavel\/#respond\"]}]},{\"@type\":\"WebPage\",\"@id\":\"https:\/\/gsantana2005.net\/index.php\/2024\/02\/14\/desenvolvimento-sustentavel\/\",\"url\":\"https:\/\/gsantana2005.net\/index.php\/2024\/02\/14\/desenvolvimento-sustentavel\/\",\"name\":\"Desenvolvimento Sustent\u00e1vel: Construindo um Futuro Equilibrado - gsantana2005\",\"isPartOf\":{\"@id\":\"https:\/\/gsantana2005.net\/#website\"},\"primaryImageOfPage\":{\"@id\":\"https:\/\/gsantana2005.net\/index.php\/2024\/02\/14\/desenvolvimento-sustentavel\/#primaryimage\"},\"image\":{\"@id\":\"https:\/\/gsantana2005.net\/index.php\/2024\/02\/14\/desenvolvimento-sustentavel\/#primaryimage\"},\"thumbnailUrl\":\"https:\/\/gsantana2005.net\/wp-content\/uploads\/2023\/11\/carro-eletrico.jpg\",\"datePublished\":\"2024-02-14T22:45:54+00:00\",\"dateModified\":\"2024-02-14T22:48:03+00:00\",\"description\":\"Desenvolvimento sustent\u00e1vel: equilibrando sociedade, meio ambiente e economia para um futuro melhor e nossa meta para o futuro melhor\",\"breadcrumb\":{\"@id\":\"https:\/\/gsantana2005.net\/index.php\/2024\/02\/14\/desenvolvimento-sustentavel\/#breadcrumb\"},\"inLanguage\":\"pt-BR\",\"potentialAction\":[{\"@type\":\"ReadAction\",\"target\":[\"https:\/\/gsantana2005.net\/index.php\/2024\/02\/14\/desenvolvimento-sustentavel\/\"]}]},{\"@type\":\"ImageObject\",\"inLanguage\":\"pt-BR\",\"@id\":\"https:\/\/gsantana2005.net\/index.php\/2024\/02\/14\/desenvolvimento-sustentavel\/#primaryimage\",\"url\":\"https:\/\/gsantana2005.net\/wp-content\/uploads\/2023\/11\/carro-eletrico.jpg\",\"contentUrl\":\"https:\/\/gsantana2005.net\/wp-content\/uploads\/2023\/11\/carro-eletrico.jpg\",\"width\":1280,\"height\":851,\"caption\":\"carro el\u00e9trico\"},{\"@type\":\"BreadcrumbList\",\"@id\":\"https:\/\/gsantana2005.net\/index.php\/2024\/02\/14\/desenvolvimento-sustentavel\/#breadcrumb\",\"itemListElement\":[{\"@type\":\"ListItem\",\"position\":1,\"name\":\"Home\",\"item\":\"https:\/\/gsantana2005.net\/\"},{\"@type\":\"ListItem\",\"position\":2,\"name\":\"Desenvolvimento Sustent\u00e1vel: Construindo um Futuro Equilibrado\"}]},{\"@type\":\"WebSite\",\"@id\":\"https:\/\/gsantana2005.net\/#website\",\"url\":\"https:\/\/gsantana2005.net\/\",\"name\":\"gsantana2005\",\"description\":\"Sejamos sustent\u00e1veis\",\"publisher\":{\"@id\":\"https:\/\/gsantana2005.net\/#organization\"},\"potentialAction\":[{\"@type\":\"SearchAction\",\"target\":{\"@type\":\"EntryPoint\",\"urlTemplate\":\"https:\/\/gsantana2005.net\/?s={search_term_string}\"},\"query-input\":{\"@type\":\"PropertyValueSpecification\",\"valueRequired\":true,\"valueName\":\"search_term_string\"}}],\"inLanguage\":\"pt-BR\"},{\"@type\":\"Organization\",\"@id\":\"https:\/\/gsantana2005.net\/#organization\",\"name\":\"gsantana2005\",\"url\":\"https:\/\/gsantana2005.net\/\",\"logo\":{\"@type\":\"ImageObject\",\"inLanguage\":\"pt-BR\",\"@id\":\"https:\/\/gsantana2005.net\/#\/schema\/logo\/image\/\",\"url\":\"https:\/\/gsantana2005.net\/wp-content\/uploads\/2023\/06\/cropped-Gs-sem-fundo.jpg\",\"contentUrl\":\"https:\/\/gsantana2005.net\/wp-content\/uploads\/2023\/06\/cropped-Gs-sem-fundo.jpg\",\"width\":100,\"height\":100,\"caption\":\"gsantana2005\"},\"image\":{\"@id\":\"https:\/\/gsantana2005.net\/#\/schema\/logo\/image\/\"}},{\"@type\":\"Person\",\"@id\":\"https:\/\/gsantana2005.net\/#\/schema\/person\/78c90c6f49a46ef4c8e69bafec347cb7\",\"name\":\"gsantana2005\",\"image\":{\"@type\":\"ImageObject\",\"inLanguage\":\"pt-BR\",\"@id\":\"https:\/\/gsantana2005.net\/#\/schema\/person\/image\/\",\"url\":\"https:\/\/secure.gravatar.com\/avatar\/db3aa311fa8063e1f4df6b2da249929f?s=96&d=mm&r=g\",\"contentUrl\":\"https:\/\/secure.gravatar.com\/avatar\/db3aa311fa8063e1f4df6b2da249929f?s=96&d=mm&r=g\",\"caption\":\"gsantana2005\"},\"sameAs\":[\"http:\/\/gsantana2005.net\"],\"url\":\"https:\/\/gsantana2005.net\/author\/gsantana2005\/\"}]}<\/script>\n<!-- \/ Yoast SEO plugin. -->","yoast_head_json":{"title":"Desenvolvimento Sustent\u00e1vel: Construindo um Futuro Equilibrado - gsantana2005","description":"Desenvolvimento sustent\u00e1vel: equilibrando sociedade, meio ambiente e economia para um futuro melhor e nossa meta para o futuro melhor","robots":{"index":"index","follow":"follow","max-snippet":"max-snippet:-1","max-image-preview":"max-image-preview:large","max-video-preview":"max-video-preview:-1"},"canonical":"https:\/\/gsantana2005.net\/index.php\/2024\/02\/14\/desenvolvimento-sustentavel\/","og_locale":"pt_BR","og_type":"article","og_title":"Desenvolvimento Sustent\u00e1vel: Construindo um Futuro Equilibrado - gsantana2005","og_description":"Desenvolvimento sustent\u00e1vel: equilibrando sociedade, meio ambiente e economia para um futuro melhor e nossa meta para o futuro melhor","og_url":"https:\/\/gsantana2005.net\/index.php\/2024\/02\/14\/desenvolvimento-sustentavel\/","og_site_name":"gsantana2005","article_published_time":"2024-02-14T22:45:54+00:00","article_modified_time":"2024-02-14T22:48:03+00:00","og_image":[{"width":1280,"height":851,"url":"http:\/\/gsantana2005.net\/wp-content\/uploads\/2023\/11\/carro-eletrico.jpg","type":"image\/jpeg"}],"author":"gsantana2005","twitter_card":"summary_large_image","twitter_misc":{"Escrito por":"gsantana2005","Est. tempo de leitura":"5 minutos"},"schema":{"@context":"https:\/\/schema.org","@graph":[{"@type":"Article","@id":"https:\/\/gsantana2005.net\/index.php\/2024\/02\/14\/desenvolvimento-sustentavel\/#article","isPartOf":{"@id":"https:\/\/gsantana2005.net\/index.php\/2024\/02\/14\/desenvolvimento-sustentavel\/"},"author":{"name":"gsantana2005","@id":"https:\/\/gsantana2005.net\/#\/schema\/person\/78c90c6f49a46ef4c8e69bafec347cb7"},"headline":"Desenvolvimento Sustent\u00e1vel: Construindo um Futuro Equilibrado","datePublished":"2024-02-14T22:45:54+00:00","dateModified":"2024-02-14T22:48:03+00:00","mainEntityOfPage":{"@id":"https:\/\/gsantana2005.net\/index.php\/2024\/02\/14\/desenvolvimento-sustentavel\/"},"wordCount":901,"commentCount":0,"publisher":{"@id":"https:\/\/gsantana2005.net\/#organization"},"image":{"@id":"https:\/\/gsantana2005.net\/index.php\/2024\/02\/14\/desenvolvimento-sustentavel\/#primaryimage"},"thumbnailUrl":"https:\/\/gsantana2005.net\/wp-content\/uploads\/2023\/11\/carro-eletrico.jpg","keywords":["Agricultura Sustent\u00e1vel","Consumo Consciente","Desenvolvimento Sustent\u00e1vel","Economia Verde","Energia Renovavel","Sustentabilidade. Meio Ambiente","Turismo Respons\u00e1vel"],"articleSection":["Economia de Recursos","Dr Genilson Santana"],"inLanguage":"pt-BR","potentialAction":[{"@type":"CommentAction","name":"Comment","target":["https:\/\/gsantana2005.net\/index.php\/2024\/02\/14\/desenvolvimento-sustentavel\/#respond"]}]},{"@type":"WebPage","@id":"https:\/\/gsantana2005.net\/index.php\/2024\/02\/14\/desenvolvimento-sustentavel\/","url":"https:\/\/gsantana2005.net\/index.php\/2024\/02\/14\/desenvolvimento-sustentavel\/","name":"Desenvolvimento Sustent\u00e1vel: Construindo um Futuro Equilibrado - gsantana2005","isPartOf":{"@id":"https:\/\/gsantana2005.net\/#website"},"primaryImageOfPage":{"@id":"https:\/\/gsantana2005.net\/index.php\/2024\/02\/14\/desenvolvimento-sustentavel\/#primaryimage"},"image":{"@id":"https:\/\/gsantana2005.net\/index.php\/2024\/02\/14\/desenvolvimento-sustentavel\/#primaryimage"},"thumbnailUrl":"https:\/\/gsantana2005.net\/wp-content\/uploads\/2023\/11\/carro-eletrico.jpg","datePublished":"2024-02-14T22:45:54+00:00","dateModified":"2024-02-14T22:48:03+00:00","description":"Desenvolvimento sustent\u00e1vel: equilibrando sociedade, meio ambiente e economia para um futuro melhor e nossa meta para o futuro melhor","breadcrumb":{"@id":"https:\/\/gsantana2005.net\/index.php\/2024\/02\/14\/desenvolvimento-sustentavel\/#breadcrumb"},"inLanguage":"pt-BR","potentialAction":[{"@type":"ReadAction","target":["https:\/\/gsantana2005.net\/index.php\/2024\/02\/14\/desenvolvimento-sustentavel\/"]}]},{"@type":"ImageObject","inLanguage":"pt-BR","@id":"https:\/\/gsantana2005.net\/index.php\/2024\/02\/14\/desenvolvimento-sustentavel\/#primaryimage","url":"https:\/\/gsantana2005.net\/wp-content\/uploads\/2023\/11\/carro-eletrico.jpg","contentUrl":"https:\/\/gsantana2005.net\/wp-content\/uploads\/2023\/11\/carro-eletrico.jpg","width":1280,"height":851,"caption":"carro el\u00e9trico"},{"@type":"BreadcrumbList","@id":"https:\/\/gsantana2005.net\/index.php\/2024\/02\/14\/desenvolvimento-sustentavel\/#breadcrumb","itemListElement":[{"@type":"ListItem","position":1,"name":"Home","item":"https:\/\/gsantana2005.net\/"},{"@type":"ListItem","position":2,"name":"Desenvolvimento Sustent\u00e1vel: Construindo um Futuro Equilibrado"}]},{"@type":"WebSite","@id":"https:\/\/gsantana2005.net\/#website","url":"https:\/\/gsantana2005.net\/","name":"gsantana2005","description":"Sejamos sustent\u00e1veis","publisher":{"@id":"https:\/\/gsantana2005.net\/#organization"},"potentialAction":[{"@type":"SearchAction","target":{"@type":"EntryPoint","urlTemplate":"https:\/\/gsantana2005.net\/?s={search_term_string}"},"query-input":{"@type":"PropertyValueSpecification","valueRequired":true,"valueName":"search_term_string"}}],"inLanguage":"pt-BR"},{"@type":"Organization","@id":"https:\/\/gsantana2005.net\/#organization","name":"gsantana2005","url":"https:\/\/gsantana2005.net\/","logo":{"@type":"ImageObject","inLanguage":"pt-BR","@id":"https:\/\/gsantana2005.net\/#\/schema\/logo\/image\/","url":"https:\/\/gsantana2005.net\/wp-content\/uploads\/2023\/06\/cropped-Gs-sem-fundo.jpg","contentUrl":"https:\/\/gsantana2005.net\/wp-content\/uploads\/2023\/06\/cropped-Gs-sem-fundo.jpg","width":100,"height":100,"caption":"gsantana2005"},"image":{"@id":"https:\/\/gsantana2005.net\/#\/schema\/logo\/image\/"}},{"@type":"Person","@id":"https:\/\/gsantana2005.net\/#\/schema\/person\/78c90c6f49a46ef4c8e69bafec347cb7","name":"gsantana2005","image":{"@type":"ImageObject","inLanguage":"pt-BR","@id":"https:\/\/gsantana2005.net\/#\/schema\/person\/image\/","url":"https:\/\/secure.gravatar.com\/avatar\/db3aa311fa8063e1f4df6b2da249929f?s=96&d=mm&r=g","contentUrl":"https:\/\/secure.gravatar.com\/avatar\/db3aa311fa8063e1f4df6b2da249929f?s=96&d=mm&r=g","caption":"gsantana2005"},"sameAs":["http:\/\/gsantana2005.net"],"url":"https:\/\/gsantana2005.net\/author\/gsantana2005\/"}]}},"amp_enabled":true,"_links":{"self":[{"href":"https:\/\/gsantana2005.net\/index.php\/wp-json\/wp\/v2\/posts\/1004"}],"collection":[{"href":"https:\/\/gsantana2005.net\/index.php\/wp-json\/wp\/v2\/posts"}],"about":[{"href":"https:\/\/gsantana2005.net\/index.php\/wp-json\/wp\/v2\/types\/post"}],"author":[{"embeddable":true,"href":"https:\/\/gsantana2005.net\/index.php\/wp-json\/wp\/v2\/users\/1"}],"replies":[{"embeddable":true,"href":"https:\/\/gsantana2005.net\/index.php\/wp-json\/wp\/v2\/comments?post=1004"}],"version-history":[{"count":1,"href":"https:\/\/gsantana2005.net\/index.php\/wp-json\/wp\/v2\/posts\/1004\/revisions"}],"predecessor-version":[{"id":1005,"href":"https:\/\/gsantana2005.net\/index.php\/wp-json\/wp\/v2\/posts\/1004\/revisions\/1005"}],"wp:featuredmedia":[{"embeddable":true,"href":"https:\/\/gsantana2005.net\/index.php\/wp-json\/wp\/v2\/media\/809"}],"wp:attachment":[{"href":"https:\/\/gsantana2005.net\/index.php\/wp-json\/wp\/v2\/media?parent=1004"}],"wp:term":[{"taxonomy":"category","embeddable":true,"href":"https:\/\/gsantana2005.net\/index.php\/wp-json\/wp\/v2\/categories?post=1004"},{"taxonomy":"post_tag","embeddable":true,"href":"https:\/\/gsantana2005.net\/index.php\/wp-json\/wp\/v2\/tags?post=1004"}],"curies":[{"name":"wp","href":"https:\/\/api.w.org\/{rel}","templated":true}]}}