{"id":1022,"date":"2024-02-22T11:19:12","date_gmt":"2024-02-22T11:19:12","guid":{"rendered":"https:\/\/gsantana2005.net\/?p=1022"},"modified":"2024-02-22T11:20:14","modified_gmt":"2024-02-22T11:20:14","slug":"o-ator-transformado-em-ambientalista-acidental","status":"publish","type":"post","link":"https:\/\/gsantana2005.net\/index.php\/2024\/02\/22\/o-ator-transformado-em-ambientalista-acidental\/","title":{"rendered":"Mark Ruffalo: O ator transformado em ambientalista acidental"},"content":{"rendered":"\n<p><strong>Mark Ruffalo: O Ator transformado em ambientalista acidental<\/strong> trata do engajamento deste ator famoso na defesa do meio ambiente. Ent\u00e3o, se voc\u00ea olhar a carreira de Mark Ruffalo vai encontrar que ele atuou em diversos filme que comecou com um pequeno papel em\u00a0Ride With The Devil\u00a0(1999), a primeira participa\u00e7\u00e3o de destaque de Mark Ruffalo no cinema vem com o premiado drama\u00a0<a href=\"https:\/\/www.adorocinema.com\/filmes\/filme-26824\/\" rel=\"nofollow noopener\" target=\"_blank\">Conte Comigo<\/a>\u00a0(2000). Ele conquista pap\u00e9is importantes no thriller er\u00f3tico\u00a0<a href=\"https:\/\/www.adorocinema.com\/filmes\/filme-28388\/\" rel=\"nofollow noopener\" target=\"_blank\">Em Carne Viva<\/a>\u00a0(2003) e no drama\u00a0<a href=\"https:\/\/www.adorocinema.com\/filmes\/filme-40191\/\" rel=\"nofollow noopener\" target=\"_blank\">Brilho Eterno de uma Mente Sem Lembran\u00e7as<\/a>\u00a0(2004), antes de se lan\u00e7ar em com\u00e9dias rom\u00e2nticas como\u00a0<a href=\"https:\/\/www.adorocinema.com\/filmes\/filme-46340\/\" rel=\"nofollow noopener\" target=\"_blank\">De Repente 30<\/a>\u00a0(2004) e\u00a0<a href=\"https:\/\/www.adorocinema.com\/filmes\/filme-57877\/\" rel=\"nofollow noopener\" target=\"_blank\">Dizem Por A\u00ed&#8230;<\/a>\u00a0(2005).<\/p>\n\n\n\n<p>Ele retoma os dramas e suspenses com\u00a0<a href=\"https:\/\/www.adorocinema.com\/filmes\/filme-59320\/\" rel=\"nofollow noopener\" target=\"_blank\">Zod\u00edaco<\/a>\u00a0(2007) e\u00a0<a href=\"https:\/\/www.adorocinema.com\/filmes\/filme-119191\/\" rel=\"nofollow noopener\" target=\"_blank\">Ensaio Sobre a Cegueira<\/a>\u00a0(2008). Em 2010,\u00a0<a href=\"https:\/\/www.adorocinema.com\/personalidades\/personalidade-852\/\" rel=\"nofollow noopener\" target=\"_blank\">Martin Scorsese<\/a>\u00a0convida-o a atuar em\u00a0<a href=\"https:\/\/www.adorocinema.com\/filmes\/filme-132039\/\" rel=\"nofollow noopener\" target=\"_blank\">Ilha do Medo<\/a>, ao lado de\u00a0<a href=\"https:\/\/www.adorocinema.com\/personalidades\/personalidade-12972\/\" rel=\"nofollow noopener\" target=\"_blank\">Leonardo DiCaprio<\/a>. Ele recebe sua primeira indica\u00e7\u00e3o ao Oscar como ator coadjuvante no drama\u00a0<a href=\"https:\/\/www.adorocinema.com\/filmes\/filme-148352\/\" rel=\"nofollow noopener\" target=\"_blank\">Minhas M\u00e3es e Meu Pai<\/a>\u00a0(2010). Um grande passo para o reconhecimento popular vem com o papel de Hulk no grande sucesso\u00a0<a href=\"https:\/\/www.adorocinema.com\/filmes\/filme-130440\/\" rel=\"nofollow noopener\" target=\"_blank\">Os Vingadores &#8211; The Avengers<\/a>\u00a0(2012), abrindo a porta para novas produ\u00e7\u00f5es no papel do monstro gigantesco. Mas, hoje, vamos mostrar para voc\u00ea o outro lado deste ator. Ou seja, iremos mostrar o seu lado de defesor da sustentabiliddade.<\/p>\n\n\n\n<h2 class=\"wp-block-heading\">A Jornada Inesperada de um Ator para o Ativismo Ambiental<\/h2>\n\n\n\n<p>Mark Ruffalo \u00e9 amplamente reconhecido por sua carreira de sucesso em Hollywood, mas sua verdadeira paix\u00e3o se estende muito al\u00e9m das c\u00e2meras. Dessa forma, ele se descreve como um &#8220;ambientalista acidental&#8221;, cujo interesse pelo meio ambiente foi despertado por circunst\u00e2ncias pessoais e se transformou em uma miss\u00e3o de vida. A princ\u00edpio, sua experi\u00eancia ao se mudar para o norte de Nova York e enfrentar os riscos do fracking revelou a ele os perigos que a industrializa\u00e7\u00e3o e certas pr\u00e1ticas industriais representam para o meio ambiente. Assim, este foi o catalisador que o impulsionou a usar sua influ\u00eancia para promover mudan\u00e7as significativas.<\/p>\n\n\n\n<h3 class=\"wp-block-heading\">Cap\u00edtulo 1: O Despertar de um Ambientalista<\/h3>\n\n\n\n<p>A descoberta dos impactos nocivos do fracking no norte de Nova York foi um ponto de virada para Ruffalo. Ele rapidamente percebeu que os problemas ambientais que enfrentava eram parte sobretudo de um desafio global, afetando a qualidade da \u00e1gua, do ar e a sa\u00fade das comunidades. Dessa forma, armado com sua plataforma p\u00fablica, ele se tornou um defensor incans\u00e1vel do meio ambiente, inspirando outros a se juntarem \u00e0 causa.<\/p>\n\n\n\n<h2 class=\"wp-block-heading\">Cap\u00edtulo 2: Ativismo Multifacetado<\/h2>\n\n\n\n<p>O compromisso de Ruffalo com o meio ambiente se manifesta em v\u00e1rias frentes. Em primeiro lugar, desde co-fundar a organiza\u00e7\u00e3o Water Defense at\u00e9 colaborar com in\u00fameras outras entidades ambientais, ele tem sido uma for\u00e7a motriz na promo\u00e7\u00e3o da conscientiza\u00e7\u00e3o e da a\u00e7\u00e3o ambiental. Em seguida, sua abordagem hol\u00edstica ao ativismo inclui combater o fracking, promover energias renov\u00e1veis e lutar contra as mudan\u00e7as clim\u00e1ticas.<\/p>\n\n\n\n<h2 class=\"wp-block-heading\">Cap\u00edtulo 3: De Ator a Contador de Hist\u00f3rias com Prop\u00f3sito<\/h2>\n\n\n\n<p>Al\u00e9m do ativismo direto, Ruffalo utiliza sua carreira de ator para apoiar causas ambientais, escolhendo projetos que refletem seus valores e destacam quest\u00f5es importantes. Filmes como &#8220;Spotlight&#8221; e &#8220;Dark Waters&#8221; s\u00e3o exemplos de como ele integra seu compromisso ambiental em sua arte, utilizando a narrativa para inspirar mudan\u00e7as.<\/p>\n\n\n\n<h2 class=\"wp-block-heading\">Cap\u00edtulo 4: O Poder do Indiv\u00edduo na Mudan\u00e7a Ambiental<\/h2>\n\n\n\n<p>A hist\u00f3ria de Ruffalo \u00e9 um poderoso lembrete de que o ativismo pode emergir de lugares inesperados e que indiv\u00edduos, independentemente de sua origem, podem provocar mudan\u00e7as significativas. Ele exemplifica como a paix\u00e3o, a educa\u00e7\u00e3o e a a\u00e7\u00e3o podem levar a um futuro mais sustent\u00e1vel e saud\u00e1vel para o nosso planeta.<\/p>\n\n\n\n<h2 class=\"wp-block-heading\">Conclus\u00e3o: Um Chamado \u00e0 A\u00e7\u00e3o para Todos<\/h2>\n\n\n\n<p>Mark Ruffalo nos desafia a considerar o valor do nosso planeta e o esfor\u00e7o necess\u00e1rio para proteg\u00ea-lo. Sua jornada de um ambientalista acidental nos inspira a reconhecer o papel que cada um de n\u00f3s pode desempenhar na prote\u00e7\u00e3o do meio ambiente. O legado de Ruffalo n\u00e3o \u00e9 apenas o de um ator talentoso, mas tamb\u00e9m o de um ativista comprometido que nos convida a sermos agentes ativos de mudan\u00e7a em nosso mundo.<\/p>\n\n\n\n<h2 class=\"wp-block-heading\">Ep\u00edlogo: Aceitando o Desafio de Proteger Nosso Lar<\/h2>\n\n\n\n<p>A hist\u00f3ria de Ruffalo \u00e9 um convite para todos n\u00f3s refletirmos sobre como podemos contribuir para um futuro mais verde e justo. Seja atrav\u00e9s de a\u00e7\u00f5es di\u00e1rias ou participa\u00e7\u00e3o em movimentos ambientais maiores, temos o poder de fazer a diferen\u00e7a. Resta-nos agora aceitar esse desafio e fazer nossa parte na preserva\u00e7\u00e3o do planeta. E a\u00ed gostou da hist\u00f3ria do ator transformado em ambientalista acidental?<\/p>\n\n\n\n<h3 class=\"wp-block-heading\">Convite especial para voc\u00ea<\/h3>\n\n\n\n<p>Ent\u00e3o, depois deste\u00a0<strong>Mark Ruffalo: O ator transformado em ambientalista acidental<\/strong>\u00a0acredito que queira saber mais de nossa contribui\u00e7\u00e3o na \u00e1rea ambiental. N\u00e3o fique inibido entre em contato:\u00a0<a href=\"mailto:gsantana2005@gmail.com\">gsantana2005@gmail.com<\/a>\u00a0veja o nosso\u00a0<a href=\"https:\/\/www.instagram.com\/genilsonpereirasantana1\/\" rel=\"nofollow noopener\" target=\"_blank\">Instagram<\/a><\/p>\n\n\n\n<p>Al\u00e9m disso, j\u00e1 que voc\u00ea chegou at\u00e9 aqui descubra mais sobre n\u00f3s artigos abaixo:<\/p>\n\n\n\n<ul class=\"wp-block-list\">\n<li><a href=\"https:\/\/gsantana2005.net\/index.php\/2023\/11\/30\/desbloqueando-o-valor-oculto-reciclando-o-pequeno-para-um-grande-impacto\/\" target=\"_blank\" rel=\"noreferrer noopener\">Desbloqueando o valor oculto: Reciclando o pequeno para um grande impacto<\/a><\/li>\n\n\n\n<li><a href=\"https:\/\/gsantana2005.net\/index.php\/2023\/11\/29\/reduza-a-pegada-de-carbono-digital-da-sua-empresa-rumo-a-um-futuro-sustentavel\/\" target=\"_blank\" rel=\"noreferrer noopener\">Reduza a Pegada de Carbono Digital da sua Empresa: Rumo a um Futuro Sustent\u00e1vel<\/a><\/li>\n\n\n\n<li><a href=\"https:\/\/gsantana2005.net\/index.php\/2023\/11\/28\/navegando-na-controversia-da-acao-climatica-global-da-cop28-de-dubai\/\" target=\"_blank\" rel=\"noreferrer noopener\">Navegando na controv\u00e9rsia da A\u00e7\u00e3o Clim\u00e1tica Global da COP28 de Dubai<\/a><\/li>\n\n\n\n<li><a href=\"https:\/\/gsantana2005.net\/index.php\/2023\/11\/28\/rascunho-automaticodespedindo-se-dos-plasticos-descartaveis-o-futuro-sustentavel-das-embalagens-de-celulose\/\">Despedindo-se dos Pl\u00e1sticos Descart\u00e1veis: O Futuro Sustent\u00e1vel das Embalagens de Celulose!<\/a><\/li>\n<\/ul>\n\n\n\n<p>Ent\u00e3o, conhe\u00e7a tamb\u00e9m nossos cursos sobre&nbsp;<a href=\"https:\/\/gsantana2005.net\/index.php\/2023\/07\/21\/gestao-de-residuos\/\">Gest\u00e3o de res\u00edduos<\/a>&nbsp;e&nbsp;<a href=\"https:\/\/gsantana2005.net\/index.php\/2023\/08\/08\/tratamento-de-efluentes\/\">Tratamento de efluentes<\/a>. Maiores informa\u00e7\u00f5es:&nbsp;<a href=\"mailto:gsantana2005@gmail.com\">gsantana2005@gmail.com<\/a>&nbsp;ou 92 991227158 (WhatsApp)<\/p>\n\n\n\n<p><strong>Fonte<\/strong><\/p>\n\n\n\n<p><a href=\"https:\/\/www.adorocinema.com\/personalidades\/personalidade-25190\/biografia\/\" rel=\"nofollow noopener\" target=\"_blank\">Adoro Cinema<\/a><\/p>\n","protected":false},"excerpt":{"rendered":"<p>Mark Ruffalo: O Ator transformado em ambientalista acidental trata do engajamento deste ator famoso na defesa do meio ambiente. Ent\u00e3o, se voc\u00ea olhar a carreira de Mark Ruffalo vai encontrar que ele atuou em diversos filme que comecou com um pequeno papel em\u00a0Ride With The Devil\u00a0(1999), a primeira participa\u00e7\u00e3o de destaque de Mark Ruffalo no [&hellip;]<\/p>\n","protected":false},"author":1,"featured_media":1023,"comment_status":"open","ping_status":"closed","sticky":false,"template":"","format":"standard","meta":{"om_disable_all_campaigns":false,"_monsterinsights_skip_tracking":false,"_monsterinsights_sitenote_active":false,"_monsterinsights_sitenote_note":"","_monsterinsights_sitenote_category":0,"footnotes":"","_links_to":"","_links_to_target":""},"categories":[273,3],"tags":[823,818,821,820,822,819,817,771],"class_list":["post-1022","post","type-post","status-publish","format-standard","has-post-thumbnail","hentry","category-economia-de-recursos","category-genilson-pereira-santana","tag-acao-individual-e-coletiva-pelo-meio-ambiente","tag-ativismo-ambiental","tag-conservacao-da-agua","tag-energias-renovaveis","tag-filmes-com-mensagem-ambiental","tag-fracking-e-impactos-ambientais","tag-mark-ruffalo","tag-mudanca-climatica"],"aioseo_notices":[],"yoast_head":"<!-- This site is optimized with the Yoast SEO plugin v24.5 - https:\/\/yoast.com\/wordpress\/plugins\/seo\/ -->\n<title>Mark Ruffalo: O ator transformado em ambientalista acidental - gsantana2005<\/title>\n<meta name=\"description\" content=\"Mark Ruffalo: O ator transformado em ambientalista acidental mostra como este ator famoso se tornou defensor da sustentabilidade\" \/>\n<meta name=\"robots\" content=\"index, follow, max-snippet:-1, max-image-preview:large, max-video-preview:-1\" \/>\n<link rel=\"canonical\" href=\"https:\/\/gsantana2005.net\/index.php\/2024\/02\/22\/o-ator-transformado-em-ambientalista-acidental\/\" \/>\n<meta property=\"og:locale\" content=\"pt_BR\" \/>\n<meta property=\"og:type\" content=\"article\" \/>\n<meta property=\"og:title\" content=\"Mark Ruffalo: O ator transformado em ambientalista acidental - gsantana2005\" \/>\n<meta property=\"og:description\" content=\"Mark Ruffalo: O ator transformado em ambientalista acidental mostra como este ator famoso se tornou defensor da sustentabilidade\" \/>\n<meta property=\"og:url\" content=\"https:\/\/gsantana2005.net\/index.php\/2024\/02\/22\/o-ator-transformado-em-ambientalista-acidental\/\" \/>\n<meta property=\"og:site_name\" content=\"gsantana2005\" \/>\n<meta property=\"article:published_time\" content=\"2024-02-22T11:19:12+00:00\" \/>\n<meta property=\"article:modified_time\" content=\"2024-02-22T11:20:14+00:00\" \/>\n<meta property=\"og:image\" content=\"http:\/\/gsantana2005.net\/wp-content\/uploads\/2024\/02\/Mark-Ruffalo.jpg\" \/>\n\t<meta property=\"og:image:width\" content=\"1220\" \/>\n\t<meta property=\"og:image:height\" content=\"686\" \/>\n\t<meta property=\"og:image:type\" content=\"image\/jpeg\" \/>\n<meta name=\"author\" content=\"gsantana2005\" \/>\n<meta name=\"twitter:card\" content=\"summary_large_image\" \/>\n<meta name=\"twitter:label1\" content=\"Escrito por\" \/>\n\t<meta name=\"twitter:data1\" content=\"gsantana2005\" \/>\n\t<meta name=\"twitter:label2\" content=\"Est. tempo de leitura\" \/>\n\t<meta name=\"twitter:data2\" content=\"5 minutos\" \/>\n<script type=\"application\/ld+json\" class=\"yoast-schema-graph\">{\"@context\":\"https:\/\/schema.org\",\"@graph\":[{\"@type\":\"Article\",\"@id\":\"https:\/\/gsantana2005.net\/index.php\/2024\/02\/22\/o-ator-transformado-em-ambientalista-acidental\/#article\",\"isPartOf\":{\"@id\":\"https:\/\/gsantana2005.net\/index.php\/2024\/02\/22\/o-ator-transformado-em-ambientalista-acidental\/\"},\"author\":{\"name\":\"gsantana2005\",\"@id\":\"https:\/\/gsantana2005.net\/#\/schema\/person\/78c90c6f49a46ef4c8e69bafec347cb7\"},\"headline\":\"Mark Ruffalo: O ator transformado em ambientalista acidental\",\"datePublished\":\"2024-02-22T11:19:12+00:00\",\"dateModified\":\"2024-02-22T11:20:14+00:00\",\"mainEntityOfPage\":{\"@id\":\"https:\/\/gsantana2005.net\/index.php\/2024\/02\/22\/o-ator-transformado-em-ambientalista-acidental\/\"},\"wordCount\":942,\"commentCount\":0,\"publisher\":{\"@id\":\"https:\/\/gsantana2005.net\/#organization\"},\"image\":{\"@id\":\"https:\/\/gsantana2005.net\/index.php\/2024\/02\/22\/o-ator-transformado-em-ambientalista-acidental\/#primaryimage\"},\"thumbnailUrl\":\"https:\/\/gsantana2005.net\/wp-content\/uploads\/2024\/02\/Mark-Ruffalo.jpg\",\"keywords\":[\"A\u00e7\u00e3o Individual e Coletiva pelo Meio Ambiente\",\"Ativismo Ambiental\",\"Conserva\u00e7\u00e3o da \u00c1gua\",\"Energias Renov\u00e1veis\",\"Filmes com Mensagem Ambiental\",\"Fracking e Impactos Ambientais\",\"Mark Ruffalo\",\"Mudan\u00e7a Clim\u00e1tica\"],\"articleSection\":[\"Economia de Recursos\",\"Dr Genilson Santana\"],\"inLanguage\":\"pt-BR\",\"potentialAction\":[{\"@type\":\"CommentAction\",\"name\":\"Comment\",\"target\":[\"https:\/\/gsantana2005.net\/index.php\/2024\/02\/22\/o-ator-transformado-em-ambientalista-acidental\/#respond\"]}]},{\"@type\":\"WebPage\",\"@id\":\"https:\/\/gsantana2005.net\/index.php\/2024\/02\/22\/o-ator-transformado-em-ambientalista-acidental\/\",\"url\":\"https:\/\/gsantana2005.net\/index.php\/2024\/02\/22\/o-ator-transformado-em-ambientalista-acidental\/\",\"name\":\"Mark Ruffalo: O ator transformado em ambientalista acidental - gsantana2005\",\"isPartOf\":{\"@id\":\"https:\/\/gsantana2005.net\/#website\"},\"primaryImageOfPage\":{\"@id\":\"https:\/\/gsantana2005.net\/index.php\/2024\/02\/22\/o-ator-transformado-em-ambientalista-acidental\/#primaryimage\"},\"image\":{\"@id\":\"https:\/\/gsantana2005.net\/index.php\/2024\/02\/22\/o-ator-transformado-em-ambientalista-acidental\/#primaryimage\"},\"thumbnailUrl\":\"https:\/\/gsantana2005.net\/wp-content\/uploads\/2024\/02\/Mark-Ruffalo.jpg\",\"datePublished\":\"2024-02-22T11:19:12+00:00\",\"dateModified\":\"2024-02-22T11:20:14+00:00\",\"description\":\"Mark Ruffalo: O ator transformado em ambientalista acidental mostra como este ator famoso se tornou defensor da sustentabilidade\",\"breadcrumb\":{\"@id\":\"https:\/\/gsantana2005.net\/index.php\/2024\/02\/22\/o-ator-transformado-em-ambientalista-acidental\/#breadcrumb\"},\"inLanguage\":\"pt-BR\",\"potentialAction\":[{\"@type\":\"ReadAction\",\"target\":[\"https:\/\/gsantana2005.net\/index.php\/2024\/02\/22\/o-ator-transformado-em-ambientalista-acidental\/\"]}]},{\"@type\":\"ImageObject\",\"inLanguage\":\"pt-BR\",\"@id\":\"https:\/\/gsantana2005.net\/index.php\/2024\/02\/22\/o-ator-transformado-em-ambientalista-acidental\/#primaryimage\",\"url\":\"https:\/\/gsantana2005.net\/wp-content\/uploads\/2024\/02\/Mark-Ruffalo.jpg\",\"contentUrl\":\"https:\/\/gsantana2005.net\/wp-content\/uploads\/2024\/02\/Mark-Ruffalo.jpg\",\"width\":1220,\"height\":686,\"caption\":\"Mark Ruffalo\"},{\"@type\":\"BreadcrumbList\",\"@id\":\"https:\/\/gsantana2005.net\/index.php\/2024\/02\/22\/o-ator-transformado-em-ambientalista-acidental\/#breadcrumb\",\"itemListElement\":[{\"@type\":\"ListItem\",\"position\":1,\"name\":\"Home\",\"item\":\"https:\/\/gsantana2005.net\/\"},{\"@type\":\"ListItem\",\"position\":2,\"name\":\"Mark Ruffalo: O ator transformado em ambientalista acidental\"}]},{\"@type\":\"WebSite\",\"@id\":\"https:\/\/gsantana2005.net\/#website\",\"url\":\"https:\/\/gsantana2005.net\/\",\"name\":\"gsantana2005\",\"description\":\"Sejamos sustent\u00e1veis\",\"publisher\":{\"@id\":\"https:\/\/gsantana2005.net\/#organization\"},\"potentialAction\":[{\"@type\":\"SearchAction\",\"target\":{\"@type\":\"EntryPoint\",\"urlTemplate\":\"https:\/\/gsantana2005.net\/?s={search_term_string}\"},\"query-input\":{\"@type\":\"PropertyValueSpecification\",\"valueRequired\":true,\"valueName\":\"search_term_string\"}}],\"inLanguage\":\"pt-BR\"},{\"@type\":\"Organization\",\"@id\":\"https:\/\/gsantana2005.net\/#organization\",\"name\":\"gsantana2005\",\"url\":\"https:\/\/gsantana2005.net\/\",\"logo\":{\"@type\":\"ImageObject\",\"inLanguage\":\"pt-BR\",\"@id\":\"https:\/\/gsantana2005.net\/#\/schema\/logo\/image\/\",\"url\":\"https:\/\/gsantana2005.net\/wp-content\/uploads\/2023\/06\/cropped-Gs-sem-fundo.jpg\",\"contentUrl\":\"https:\/\/gsantana2005.net\/wp-content\/uploads\/2023\/06\/cropped-Gs-sem-fundo.jpg\",\"width\":100,\"height\":100,\"caption\":\"gsantana2005\"},\"image\":{\"@id\":\"https:\/\/gsantana2005.net\/#\/schema\/logo\/image\/\"}},{\"@type\":\"Person\",\"@id\":\"https:\/\/gsantana2005.net\/#\/schema\/person\/78c90c6f49a46ef4c8e69bafec347cb7\",\"name\":\"gsantana2005\",\"image\":{\"@type\":\"ImageObject\",\"inLanguage\":\"pt-BR\",\"@id\":\"https:\/\/gsantana2005.net\/#\/schema\/person\/image\/\",\"url\":\"https:\/\/secure.gravatar.com\/avatar\/db3aa311fa8063e1f4df6b2da249929f?s=96&d=mm&r=g\",\"contentUrl\":\"https:\/\/secure.gravatar.com\/avatar\/db3aa311fa8063e1f4df6b2da249929f?s=96&d=mm&r=g\",\"caption\":\"gsantana2005\"},\"sameAs\":[\"http:\/\/gsantana2005.net\"],\"url\":\"https:\/\/gsantana2005.net\/author\/gsantana2005\/\"}]}<\/script>\n<!-- \/ Yoast SEO plugin. -->","yoast_head_json":{"title":"Mark Ruffalo: O ator transformado em ambientalista acidental - gsantana2005","description":"Mark Ruffalo: O ator transformado em ambientalista acidental mostra como este ator famoso se tornou defensor da sustentabilidade","robots":{"index":"index","follow":"follow","max-snippet":"max-snippet:-1","max-image-preview":"max-image-preview:large","max-video-preview":"max-video-preview:-1"},"canonical":"https:\/\/gsantana2005.net\/index.php\/2024\/02\/22\/o-ator-transformado-em-ambientalista-acidental\/","og_locale":"pt_BR","og_type":"article","og_title":"Mark Ruffalo: O ator transformado em ambientalista acidental - gsantana2005","og_description":"Mark Ruffalo: O ator transformado em ambientalista acidental mostra como este ator famoso se tornou defensor da sustentabilidade","og_url":"https:\/\/gsantana2005.net\/index.php\/2024\/02\/22\/o-ator-transformado-em-ambientalista-acidental\/","og_site_name":"gsantana2005","article_published_time":"2024-02-22T11:19:12+00:00","article_modified_time":"2024-02-22T11:20:14+00:00","og_image":[{"width":1220,"height":686,"url":"http:\/\/gsantana2005.net\/wp-content\/uploads\/2024\/02\/Mark-Ruffalo.jpg","type":"image\/jpeg"}],"author":"gsantana2005","twitter_card":"summary_large_image","twitter_misc":{"Escrito por":"gsantana2005","Est. tempo de leitura":"5 minutos"},"schema":{"@context":"https:\/\/schema.org","@graph":[{"@type":"Article","@id":"https:\/\/gsantana2005.net\/index.php\/2024\/02\/22\/o-ator-transformado-em-ambientalista-acidental\/#article","isPartOf":{"@id":"https:\/\/gsantana2005.net\/index.php\/2024\/02\/22\/o-ator-transformado-em-ambientalista-acidental\/"},"author":{"name":"gsantana2005","@id":"https:\/\/gsantana2005.net\/#\/schema\/person\/78c90c6f49a46ef4c8e69bafec347cb7"},"headline":"Mark Ruffalo: O ator transformado em ambientalista acidental","datePublished":"2024-02-22T11:19:12+00:00","dateModified":"2024-02-22T11:20:14+00:00","mainEntityOfPage":{"@id":"https:\/\/gsantana2005.net\/index.php\/2024\/02\/22\/o-ator-transformado-em-ambientalista-acidental\/"},"wordCount":942,"commentCount":0,"publisher":{"@id":"https:\/\/gsantana2005.net\/#organization"},"image":{"@id":"https:\/\/gsantana2005.net\/index.php\/2024\/02\/22\/o-ator-transformado-em-ambientalista-acidental\/#primaryimage"},"thumbnailUrl":"https:\/\/gsantana2005.net\/wp-content\/uploads\/2024\/02\/Mark-Ruffalo.jpg","keywords":["A\u00e7\u00e3o Individual e Coletiva pelo Meio Ambiente","Ativismo Ambiental","Conserva\u00e7\u00e3o da \u00c1gua","Energias Renov\u00e1veis","Filmes com Mensagem Ambiental","Fracking e Impactos Ambientais","Mark Ruffalo","Mudan\u00e7a Clim\u00e1tica"],"articleSection":["Economia de Recursos","Dr Genilson Santana"],"inLanguage":"pt-BR","potentialAction":[{"@type":"CommentAction","name":"Comment","target":["https:\/\/gsantana2005.net\/index.php\/2024\/02\/22\/o-ator-transformado-em-ambientalista-acidental\/#respond"]}]},{"@type":"WebPage","@id":"https:\/\/gsantana2005.net\/index.php\/2024\/02\/22\/o-ator-transformado-em-ambientalista-acidental\/","url":"https:\/\/gsantana2005.net\/index.php\/2024\/02\/22\/o-ator-transformado-em-ambientalista-acidental\/","name":"Mark Ruffalo: O ator transformado em ambientalista acidental - gsantana2005","isPartOf":{"@id":"https:\/\/gsantana2005.net\/#website"},"primaryImageOfPage":{"@id":"https:\/\/gsantana2005.net\/index.php\/2024\/02\/22\/o-ator-transformado-em-ambientalista-acidental\/#primaryimage"},"image":{"@id":"https:\/\/gsantana2005.net\/index.php\/2024\/02\/22\/o-ator-transformado-em-ambientalista-acidental\/#primaryimage"},"thumbnailUrl":"https:\/\/gsantana2005.net\/wp-content\/uploads\/2024\/02\/Mark-Ruffalo.jpg","datePublished":"2024-02-22T11:19:12+00:00","dateModified":"2024-02-22T11:20:14+00:00","description":"Mark Ruffalo: O ator transformado em ambientalista acidental mostra como este ator famoso se tornou defensor da sustentabilidade","breadcrumb":{"@id":"https:\/\/gsantana2005.net\/index.php\/2024\/02\/22\/o-ator-transformado-em-ambientalista-acidental\/#breadcrumb"},"inLanguage":"pt-BR","potentialAction":[{"@type":"ReadAction","target":["https:\/\/gsantana2005.net\/index.php\/2024\/02\/22\/o-ator-transformado-em-ambientalista-acidental\/"]}]},{"@type":"ImageObject","inLanguage":"pt-BR","@id":"https:\/\/gsantana2005.net\/index.php\/2024\/02\/22\/o-ator-transformado-em-ambientalista-acidental\/#primaryimage","url":"https:\/\/gsantana2005.net\/wp-content\/uploads\/2024\/02\/Mark-Ruffalo.jpg","contentUrl":"https:\/\/gsantana2005.net\/wp-content\/uploads\/2024\/02\/Mark-Ruffalo.jpg","width":1220,"height":686,"caption":"Mark Ruffalo"},{"@type":"BreadcrumbList","@id":"https:\/\/gsantana2005.net\/index.php\/2024\/02\/22\/o-ator-transformado-em-ambientalista-acidental\/#breadcrumb","itemListElement":[{"@type":"ListItem","position":1,"name":"Home","item":"https:\/\/gsantana2005.net\/"},{"@type":"ListItem","position":2,"name":"Mark Ruffalo: O ator transformado em ambientalista acidental"}]},{"@type":"WebSite","@id":"https:\/\/gsantana2005.net\/#website","url":"https:\/\/gsantana2005.net\/","name":"gsantana2005","description":"Sejamos sustent\u00e1veis","publisher":{"@id":"https:\/\/gsantana2005.net\/#organization"},"potentialAction":[{"@type":"SearchAction","target":{"@type":"EntryPoint","urlTemplate":"https:\/\/gsantana2005.net\/?s={search_term_string}"},"query-input":{"@type":"PropertyValueSpecification","valueRequired":true,"valueName":"search_term_string"}}],"inLanguage":"pt-BR"},{"@type":"Organization","@id":"https:\/\/gsantana2005.net\/#organization","name":"gsantana2005","url":"https:\/\/gsantana2005.net\/","logo":{"@type":"ImageObject","inLanguage":"pt-BR","@id":"https:\/\/gsantana2005.net\/#\/schema\/logo\/image\/","url":"https:\/\/gsantana2005.net\/wp-content\/uploads\/2023\/06\/cropped-Gs-sem-fundo.jpg","contentUrl":"https:\/\/gsantana2005.net\/wp-content\/uploads\/2023\/06\/cropped-Gs-sem-fundo.jpg","width":100,"height":100,"caption":"gsantana2005"},"image":{"@id":"https:\/\/gsantana2005.net\/#\/schema\/logo\/image\/"}},{"@type":"Person","@id":"https:\/\/gsantana2005.net\/#\/schema\/person\/78c90c6f49a46ef4c8e69bafec347cb7","name":"gsantana2005","image":{"@type":"ImageObject","inLanguage":"pt-BR","@id":"https:\/\/gsantana2005.net\/#\/schema\/person\/image\/","url":"https:\/\/secure.gravatar.com\/avatar\/db3aa311fa8063e1f4df6b2da249929f?s=96&d=mm&r=g","contentUrl":"https:\/\/secure.gravatar.com\/avatar\/db3aa311fa8063e1f4df6b2da249929f?s=96&d=mm&r=g","caption":"gsantana2005"},"sameAs":["http:\/\/gsantana2005.net"],"url":"https:\/\/gsantana2005.net\/author\/gsantana2005\/"}]}},"amp_enabled":true,"_links":{"self":[{"href":"https:\/\/gsantana2005.net\/index.php\/wp-json\/wp\/v2\/posts\/1022"}],"collection":[{"href":"https:\/\/gsantana2005.net\/index.php\/wp-json\/wp\/v2\/posts"}],"about":[{"href":"https:\/\/gsantana2005.net\/index.php\/wp-json\/wp\/v2\/types\/post"}],"author":[{"embeddable":true,"href":"https:\/\/gsantana2005.net\/index.php\/wp-json\/wp\/v2\/users\/1"}],"replies":[{"embeddable":true,"href":"https:\/\/gsantana2005.net\/index.php\/wp-json\/wp\/v2\/comments?post=1022"}],"version-history":[{"count":1,"href":"https:\/\/gsantana2005.net\/index.php\/wp-json\/wp\/v2\/posts\/1022\/revisions"}],"predecessor-version":[{"id":1024,"href":"https:\/\/gsantana2005.net\/index.php\/wp-json\/wp\/v2\/posts\/1022\/revisions\/1024"}],"wp:featuredmedia":[{"embeddable":true,"href":"https:\/\/gsantana2005.net\/index.php\/wp-json\/wp\/v2\/media\/1023"}],"wp:attachment":[{"href":"https:\/\/gsantana2005.net\/index.php\/wp-json\/wp\/v2\/media?parent=1022"}],"wp:term":[{"taxonomy":"category","embeddable":true,"href":"https:\/\/gsantana2005.net\/index.php\/wp-json\/wp\/v2\/categories?post=1022"},{"taxonomy":"post_tag","embeddable":true,"href":"https:\/\/gsantana2005.net\/index.php\/wp-json\/wp\/v2\/tags?post=1022"}],"curies":[{"name":"wp","href":"https:\/\/api.w.org\/{rel}","templated":true}]}}