{"id":1025,"date":"2024-02-24T00:43:44","date_gmt":"2024-02-24T00:43:44","guid":{"rendered":"https:\/\/gsantana2005.net\/?p=1025"},"modified":"2024-02-24T00:45:22","modified_gmt":"2024-02-24T00:45:22","slug":"o-custo-da-acao-versus-a-inacao-no-combate-as-mudancas-climaticas","status":"publish","type":"post","link":"https:\/\/gsantana2005.net\/index.php\/2024\/02\/24\/o-custo-da-acao-versus-a-inacao-no-combate-as-mudancas-climaticas\/","title":{"rendered":"O custo da a\u00e7\u00e3o versus a ina\u00e7\u00e3o no combate \u00e0s mudan\u00e7as clim\u00e1ticas"},"content":{"rendered":"\n<p>O Custo da A\u00e7\u00e3o Versus a Ina\u00e7\u00e3o no Combate \u00e0s Mudan\u00e7as Clim\u00e1ticas \u00e9 uma reflex\u00e3o sobre os efeitos da polui\u00e7\u00e3o sobre o meio ambiente. Ent\u00e3o, a resist\u00eancia \u00e0s pol\u00edticas agressivas de combate \u00e0s mudan\u00e7as clim\u00e1ticas frequentemente se baseia na preocupa\u00e7\u00e3o com o impacto econ\u00f4mico e a perda de empregos. Essa perspectiva, no entanto, falha em reconhecer os custos e danos significativos associados \u00e0 ina\u00e7\u00e3o.<\/p>\n\n\n\n<p>&nbsp;Ignorar as mudan\u00e7as clim\u00e1ticas n\u00e3o \u00e9 uma op\u00e7\u00e3o sem consequ\u00eancias; pelo contr\u00e1rio, traz um pre\u00e7o elevado. Os impactos v\u00e3o desde o sofrimento humano, com comunidades enfrentando desastres naturais mais frequentes e severos, at\u00e9 preju\u00edzos irrevers\u00edveis aos ecossistemas do planeta.<\/p>\n\n\n\n<p>Em contrapartida, a transi\u00e7\u00e3o para uma economia verde n\u00e3o apenas mitiga esses riscos, mas tamb\u00e9m promove o desenvolvimento sustent\u00e1vel. Investir em energias renov\u00e1veis, por exemplo, n\u00e3o s\u00f3 reduz a depend\u00eancia de combust\u00edveis f\u00f3sseis como tamb\u00e9m gera novas oportunidades de emprego, impulsionando a economia.<\/p>\n\n\n\n<p>Al\u00e9m disso, pol\u00edticas ambientais robustas podem melhorar a sa\u00fade p\u00fablica, reduzindo os custos com doen\u00e7as relacionadas \u00e0 polui\u00e7\u00e3o. Portanto, embora a mudan\u00e7a possa parecer desafiadora, os benef\u00edcios de adotar uma abordagem proativa no combate \u00e0s mudan\u00e7as clim\u00e1ticas superam em muito os custos.<\/p>\n\n\n\n<h3 class=\"wp-block-heading\">O Pre\u00e7o de Enfrentar as Mudan\u00e7as Clim\u00e1ticas<\/h3>\n\n\n\n<p>Para atender o Acordo de Paris de manter a temperatura global, \u00e9 imperativo que o mundo alcance emiss\u00f5es  zero de gases de efeito estufa at\u00e9 2050. Este desafio monumental exige uma transforma\u00e7\u00e3o sem precedentes da nossa infraestrutura energ\u00e9tica, industrial e de transporte, direcionando-a para alternativas sustent\u00e1veis e de baixo carbono.<\/p>\n\n\n\n<p>Investimentos significativos ser\u00e3o necess\u00e1rios em energias renov\u00e1veis, como solar e e\u00f3lica, que devem se tornar as espinhas dorsais da gera\u00e7\u00e3o de energia global. Al\u00e9m disso, a transi\u00e7\u00e3o para ve\u00edculos el\u00e9tricos e a expans\u00e3o da infraestrutura de recarga s\u00e3o fundamentais para reduzir as emiss\u00f5es de gases de efeito estufa.<\/p>\n\n\n\n<p>Adapta\u00e7\u00f5es \u00e0s novas realidades clim\u00e1ticas tamb\u00e9m s\u00e3o essenciais. Isso inclui melhorar a resili\u00eancia de nossas cidades e ecossistemas \u00e0s mudan\u00e7as clim\u00e1ticas j\u00e1 inevit\u00e1veis. Embora os custos dessa transi\u00e7\u00e3o sejam elevados, com estimativas variando amplamente devido \u00e0 complexidade das mudan\u00e7as necess\u00e1rias, o custo da ina\u00e7\u00e3o \u00e9 indiscutivelmente maior.<\/p>\n\n\n\n<p>As consequ\u00eancias de ultrapassar o limiar de 2 graus Celsius incluem desastres naturais mais severos. Por exemplo: perda de biodiversidade, crises de refugiados clim\u00e1ticos e colapso econ\u00f4mico global. Portanto, os investimentos necess\u00e1rios n\u00e3o s\u00e3o apenas para a mitiga\u00e7\u00e3o das mudan\u00e7as clim\u00e1ticas, mas tamb\u00e9m um seguro contra as perdas econ\u00f4micas e humanas muito mais devastadoras que viriam com um planeta significativamente mais quente. A transi\u00e7\u00e3o para uma economia de baixo carbono oferece a promessa de um futuro sustent\u00e1vel. Dessa forma, a humanidade ter\u00e1 benef\u00edcios  desde a mera preven\u00e7\u00e3o de desastres clim\u00e1ticos. at\u00e9 a cria\u00e7\u00e3o de empregos verdes, inova\u00e7\u00e3o tecnol\u00f3gica e melhor sa\u00fade p\u00fablica.<\/p>\n\n\n\n<h3 class=\"wp-block-heading\">Os Custos Devastadores da Ina\u00e7\u00e3o<\/h3>\n\n\n\n<p>Os efeitos das mudan\u00e7as clim\u00e1ticas representam uma amea\u00e7a sem precedentes \u00e0 estabilidade global, impactando desproporcionalmente as popula\u00e7\u00f5es mais vulner\u00e1veis do planeta. A intensifica\u00e7\u00e3o de eventos clim\u00e1ticos extremos, como tempestades, secas e ondas de calor, n\u00e3o apenas causa destrui\u00e7\u00e3o direta de propriedades e infraestruturas vitais, mas tamb\u00e9m compromete a seguran\u00e7a alimentar ao afetar negativamente a produtividade agr\u00edcola. Al\u00e9m disso, as altera\u00e7\u00f5es clim\u00e1ticas exacerbam as desigualdades socioecon\u00f4micas, for\u00e7ando comunidades inteiras a enfrentar desafios imensos para manter ou reconstruir seus meios de subsist\u00eancia.<\/p>\n\n\n\n<p>A perda de produtividade laboral \u00e9 outra consequ\u00eancia direta das mudan\u00e7as clim\u00e1ticas, com trabalhadores expostos a condi\u00e7\u00f5es cada vez mais hostis. Isso leva a uma diminui\u00e7\u00e3o da efici\u00eancia e ao aumento dos riscos de sa\u00fade. Doen\u00e7as relacionadas ao clima, como as transmitidas por mosquitos e problemas respirat\u00f3rios devido \u00e0 qualidade do ar deteriorada, est\u00e3o em ascens\u00e3o. Elas contribuem  para uma maior mortalidade e pressionando sistemas de sa\u00fade j\u00e1 sobrecarregados.<\/p>\n\n\n\n<p>Embora seja desafiador quantificar com precis\u00e3o as perdas econ\u00f4micas totais decorrentes das mudan\u00e7as clim\u00e1ticas, as estimativas indicam impactos financeiros astron\u00f4micos. Economistas alertam para a possibilidade de uma redu\u00e7\u00e3o significativa no PIB global per capita at\u00e9 o final deste s\u00e9culo. Portanto, devem ser tomadas medidas adequadas de mitiga\u00e7\u00e3o n\u00e3o forem implementadas. Tais previs\u00f5es sublinham a urg\u00eancia de a\u00e7\u00f5es clim\u00e1ticas robustas, n\u00e3o apenas para proteger o meio ambiente, mas para salvaguardar o futuro econ\u00f4mico global. A ina\u00e7\u00e3o ou a\u00e7\u00f5es insuficientes n\u00e3o s\u00e3o apenas irrespons\u00e1veis, mas tamb\u00e9m representam uma amea\u00e7a direta \u00e0 prosperidade e estabilidade de gera\u00e7\u00f5es futuras, destacando a necessidade cr\u00edtica de uma resposta global coordenada e ambiciosa \u00e0s mudan\u00e7as clim\u00e1ticas.<\/p>\n\n\n\n<h3 class=\"wp-block-heading\">Benef\u00edcios da A\u00e7\u00e3o Clim\u00e1tica<\/h3>\n\n\n\n<p>A abordagem proativa das mudan\u00e7as clim\u00e1ticas, apesar de exigir investimentos iniciais significativos, traz consigo benef\u00edcios que ultrapassam em muito os custos e as consequ\u00eancias da ina\u00e7\u00e3o. A transi\u00e7\u00e3o para uma economia verde n\u00e3o s\u00f3 promete mitigar os danos ambientais futuros e reduzir a desigualdade, mas tamb\u00e9m tem o potencial de melhorar substancialmente a sa\u00fade p\u00fablica e impulsionar o crescimento econ\u00f4mico a n\u00edvel global.<\/p>\n\n\n\n<p>A redu\u00e7\u00e3o da polui\u00e7\u00e3o do ar \u00e9 um dos benef\u00edcios mais imediatos e tang\u00edveis dessa transi\u00e7\u00e3o. A substitui\u00e7\u00e3o de fontes de energia baseadas em combust\u00edveis f\u00f3sseis por alternativas renov\u00e1veis pode salvar milh\u00f5es de vidas anualmente, diminuindo a incid\u00eancia de doen\u00e7as respirat\u00f3rias e cardiovasculares relacionadas \u00e0 qualidade do ar. Al\u00e9m disso, a promo\u00e7\u00e3o de dietas mais saud\u00e1veis e sustent\u00e1veis, com menor consumo de carne e maior consumo de alimentos vegetais, pode reduzir as emiss\u00f5es de gases de efeito estufa e melhorar a sa\u00fade da popula\u00e7\u00e3o.<\/p>\n\n\n\n<p>Do ponto de vista econ\u00f4mico, a ado\u00e7\u00e3o de tecnologias verdes e pr\u00e1ticas sustent\u00e1veis abre caminhos para a cria\u00e7\u00e3o de novos empregos, desde a fabrica\u00e7\u00e3o de tecnologia de energia renov\u00e1vel at\u00e9 a agricultura sustent\u00e1vel. Cumprir os objetivos estabelecidos pelo Acordo de Paris n\u00e3o apenas evita os custos exorbitantes associados \u00e0s mudan\u00e7as clim\u00e1ticas descontroladas, mas tamb\u00e9m pode catalisar o crescimento econ\u00f4mico, estimulando a inova\u00e7\u00e3o e abrindo novos mercados.<\/p>\n\n\n\n<p>Portanto, enquanto os desafios de enfrentar as mudan\u00e7as clim\u00e1ticas s\u00e3o indiscutivelmente grandes, os benef\u00edcios de uma a\u00e7\u00e3o decisiva e coordenada s\u00e3o ainda maiores. A transi\u00e7\u00e3o para uma economia mais verde e sustent\u00e1vel n\u00e3o \u00e9 apenas uma necessidade ambiental, mas uma oportunidade econ\u00f4mica e de sa\u00fade p\u00fablica que n\u00e3o podemos nos dar ao luxo de ignorar.<\/p>\n\n\n\n<h3 class=\"wp-block-heading\">O Desafio do Investimento Imediato<\/h3>\n\n\n\n<p>A urg\u00eancia em reduzir as emiss\u00f5es de gases de efeito estufa n\u00e3o pode ser subestimada, considerando os graves impactos clim\u00e1ticos que estamos come\u00e7ando a testemunhar. Para evitar danos irrepar\u00e1veis ao nosso planeta e \u00e0 vida como a conhecemos, s\u00e3o necess\u00e1rios investimentos substanciais e imediatos nas pr\u00f3ximas d\u00e9cadas. A procrastina\u00e7\u00e3o nesse contexto n\u00e3o \u00e9 apenas irrespons\u00e1vel; ela aumentar\u00e1 exponencialmente os custos e as dificuldades associadas a atingir as metas ambiciosas estabelecidas pelo Acordo de Paris.<\/p>\n\n\n\n<p>Ainda que as metas do Acordo de Paris n\u00e3o sejam completamente alcan\u00e7adas, a a\u00e7\u00e3o clim\u00e1tica apresenta uma vantagem econ\u00f4mica ineg\u00e1vel. Cada grau adicional de aquecimento que conseguimos evitar pode significar uma economia de bilh\u00f5es, sen\u00e3o trilh\u00f5es, de d\u00f3lares em danos evitados, al\u00e9m de salvar incont\u00e1veis vidas humanas. O custo do aquecimento global vai al\u00e9m do financeiro, afetando a sa\u00fade, a seguran\u00e7a alimentar, a habita\u00e7\u00e3o e a qualidade de vida de milh\u00f5es de pessoas ao redor do mundo.<\/p>\n\n\n\n<p>Investir em tecnologias limpas, energias renov\u00e1veis, efici\u00eancia energ\u00e9tica e pr\u00e1ticas agr\u00edcolas sustent\u00e1veis n\u00e3o apenas contribui para a mitiga\u00e7\u00e3o das mudan\u00e7as clim\u00e1ticas, como tamb\u00e9m promove o desenvolvimento econ\u00f4mico. Essas iniciativas podem gerar empregos, fomentar a inova\u00e7\u00e3o e abrir novos mercados, oferecendo um caminho vi\u00e1vel para um crescimento econ\u00f4mico sustent\u00e1vel e inclusivo.<\/p>\n\n\n\n<p>Portanto, a a\u00e7\u00e3o clim\u00e1tica n\u00e3o deve ser vista como um custo, mas como um investimento crucial no futuro do planeta e na prosperidade da humanidade. A cada momento de hesita\u00e7\u00e3o, o pre\u00e7o da ina\u00e7\u00e3o aumenta, tanto em termos financeiros quanto humanos. A hora de agir \u00e9 agora, com determina\u00e7\u00e3o e urg\u00eancia, para garantir um futuro sustent\u00e1vel e equitativo para todos.<\/p>\n\n\n\n<h3 class=\"wp-block-heading\">Conclus\u00e3o<\/h3>\n\n\n\n<p>&nbsp;A compara\u00e7\u00e3o entre os custos de enfrentar as mudan\u00e7as clim\u00e1ticas e os da ina\u00e7\u00e3o desvenda uma realidade indiscut\u00edvel: adotar medidas contra as mudan\u00e7as clim\u00e1ticas transcende a esfera da responsabilidade \u00e9tica e ambiental, configurando-se tamb\u00e9m como uma escolha de grande sagacidade econ\u00f4mica.<\/p>\n\n\n\n<p>Ent\u00e3o, o custo da a\u00e7\u00e3o versus a ina\u00e7\u00e3o no combate \u00e0s mudan\u00e7as clim\u00e1ticas causa preju\u00edzos decorrentes da ina\u00e7\u00e3o clim\u00e1tica, avaliados tanto sob a \u00f3tica financeira quanto humana, s\u00e3o exorbitantes e insustent\u00e1veis a longo prazo. Diante deste cen\u00e1rio, torna-se urgente a mobiliza\u00e7\u00e3o de governos, setor privado e cidad\u00e3os em prol de a\u00e7\u00f5es concretas e imediatas.<\/p>\n\n\n\n<p>O investimento em tecnologias verdes, pol\u00edticas de sustentabilidade e pr\u00e1ticas de redu\u00e7\u00e3o de emiss\u00f5es s\u00e3o passos essenciais para mitigar os efeitos adversos das mudan\u00e7as clim\u00e1ticas. Assim, garantir um futuro sustent\u00e1vel e justo para as pr\u00f3ximas gera\u00e7\u00f5es n\u00e3o \u00e9 apenas uma quest\u00e3o de preserva\u00e7\u00e3o ambiental, mas uma decis\u00e3o estrat\u00e9gica que vislumbra a prosperidade e a resili\u00eancia econ\u00f4mica global.<\/p>\n\n\n\n<h3 class=\"wp-block-heading\">Convite especial para voc\u00ea<\/h3>\n\n\n\n<p>Ent\u00e3o, depois deste\u00a0<strong>O Custo da A\u00e7\u00e3o Versus a Ina\u00e7\u00e3o no Combate \u00e0s Mudan\u00e7as Clim\u00e1ticas<\/strong> acredito que queira saber mais de nossa contribui\u00e7\u00e3o na \u00e1rea ambiental. N\u00e3o fique inibido entre em contato:\u00a0<a href=\"mailto:gsantana2005@gmail.com\">gsantana2005@gmail.com<\/a>\u00a0veja o nosso\u00a0<a href=\"https:\/\/www.instagram.com\/genilsonpereirasantana1\/\" rel=\"nofollow noopener\" target=\"_blank\">Instagram<\/a><\/p>\n\n\n\n<p>Al\u00e9m disso, j\u00e1 que voc\u00ea chegou at\u00e9 aqui descubra mais sobre n\u00f3s artigos abaixo:<\/p>\n\n\n\n<ul class=\"wp-block-list\">\n<li><a href=\"https:\/\/gsantana2005.net\/index.php\/2023\/11\/30\/desbloqueando-o-valor-oculto-reciclando-o-pequeno-para-um-grande-impacto\/\" target=\"_blank\" rel=\"noreferrer noopener\">Desbloqueando o valor oculto: Reciclando o pequeno para um grande impacto<\/a><\/li>\n\n\n\n<li><a href=\"https:\/\/gsantana2005.net\/index.php\/2023\/11\/29\/reduza-a-pegada-de-carbono-digital-da-sua-empresa-rumo-a-um-futuro-sustentavel\/\" target=\"_blank\" rel=\"noreferrer noopener\">Reduza a Pegada de Carbono Digital da sua Empresa: Rumo a um Futuro Sustent\u00e1vel<\/a><\/li>\n\n\n\n<li><a href=\"https:\/\/gsantana2005.net\/index.php\/2023\/11\/28\/navegando-na-controversia-da-acao-climatica-global-da-cop28-de-dubai\/\" target=\"_blank\" rel=\"noreferrer noopener\">Navegando na controv\u00e9rsia da A\u00e7\u00e3o Clim\u00e1tica Global da COP28 de Dubai<\/a><\/li>\n\n\n\n<li><a href=\"https:\/\/gsantana2005.net\/index.php\/2023\/11\/28\/rascunho-automaticodespedindo-se-dos-plasticos-descartaveis-o-futuro-sustentavel-das-embalagens-de-celulose\/\">Despedindo-se dos Pl\u00e1sticos Descart\u00e1veis: O Futuro Sustent\u00e1vel das Embalagens de Celulose!<\/a><\/li>\n<\/ul>\n\n\n\n<p>Ent\u00e3o, conhe\u00e7a tamb\u00e9m nossos cursos sobre&nbsp;<a href=\"https:\/\/gsantana2005.net\/index.php\/2023\/07\/21\/gestao-de-residuos\/\">Gest\u00e3o de res\u00edduos<\/a>&nbsp;e&nbsp;<a href=\"https:\/\/gsantana2005.net\/index.php\/2023\/08\/08\/tratamento-de-efluentes\/\">Tratamento de efluentes<\/a>. Maiores informa\u00e7\u00f5es:&nbsp;<a href=\"mailto:gsantana2005@gmail.com\">gsantana2005@gmail.com<\/a>&nbsp;ou 92 991227158 (WhatsApp)<\/p>\n","protected":false},"excerpt":{"rendered":"<p>O Custo da A\u00e7\u00e3o Versus a Ina\u00e7\u00e3o no Combate \u00e0s Mudan\u00e7as Clim\u00e1ticas \u00e9 uma reflex\u00e3o sobre os efeitos da polui\u00e7\u00e3o sobre o meio ambiente. Ent\u00e3o, a resist\u00eancia \u00e0s pol\u00edticas agressivas de combate \u00e0s mudan\u00e7as clim\u00e1ticas frequentemente se baseia na preocupa\u00e7\u00e3o com o impacto econ\u00f4mico e a perda de empregos. Essa perspectiva, no entanto, falha em [&hellip;]<\/p>\n","protected":false},"author":1,"featured_media":168,"comment_status":"open","ping_status":"closed","sticky":false,"template":"","format":"standard","meta":{"om_disable_all_campaigns":false,"_monsterinsights_skip_tracking":false,"_monsterinsights_sitenote_active":false,"_monsterinsights_sitenote_note":"","_monsterinsights_sitenote_category":0,"footnotes":"","_links_to":"","_links_to_target":""},"categories":[2,3],"tags":[398,825,796,459,604,824,277,826],"class_list":["post-1025","post","type-post","status-publish","format-standard","has-post-thumbnail","hentry","category-ambiente","category-genilson-pereira-santana","tag-acordo-de-paris","tag-adaptacao-climatica","tag-economia-verde","tag-emissoes-zero","tag-impacto-ecologico","tag-investimento-em-energia-renovavel","tag-mudancas-climaticas","tag-poluicao-e-saude-publica"],"aioseo_notices":[],"yoast_head":"<!-- This site is optimized with the Yoast SEO plugin v24.5 - https:\/\/yoast.com\/wordpress\/plugins\/seo\/ -->\n<title>O custo da a\u00e7\u00e3o versus a ina\u00e7\u00e3o no combate \u00e0s mudan\u00e7as clim\u00e1ticas - gsantana2005<\/title>\n<meta name=\"description\" content=\"O Custo da A\u00e7\u00e3o Versus a Ina\u00e7\u00e3o no Combate \u00e0s Mudan\u00e7as Clim\u00e1ticas \u00e9 uma reflex\u00e3o sobre o efeito da polui\u00e7\u00e3o sobre o meio ambiente\" \/>\n<meta name=\"robots\" content=\"index, follow, max-snippet:-1, max-image-preview:large, max-video-preview:-1\" \/>\n<link rel=\"canonical\" href=\"https:\/\/gsantana2005.net\/index.php\/2024\/02\/24\/o-custo-da-acao-versus-a-inacao-no-combate-as-mudancas-climaticas\/\" \/>\n<meta property=\"og:locale\" content=\"pt_BR\" \/>\n<meta property=\"og:type\" content=\"article\" \/>\n<meta property=\"og:title\" content=\"O custo da a\u00e7\u00e3o versus a ina\u00e7\u00e3o no combate \u00e0s mudan\u00e7as clim\u00e1ticas - gsantana2005\" \/>\n<meta property=\"og:description\" content=\"O Custo da A\u00e7\u00e3o Versus a Ina\u00e7\u00e3o no Combate \u00e0s Mudan\u00e7as Clim\u00e1ticas \u00e9 uma reflex\u00e3o sobre o efeito da polui\u00e7\u00e3o sobre o meio ambiente\" \/>\n<meta property=\"og:url\" content=\"https:\/\/gsantana2005.net\/index.php\/2024\/02\/24\/o-custo-da-acao-versus-a-inacao-no-combate-as-mudancas-climaticas\/\" \/>\n<meta property=\"og:site_name\" content=\"gsantana2005\" \/>\n<meta property=\"article:published_time\" content=\"2024-02-24T00:43:44+00:00\" \/>\n<meta property=\"article:modified_time\" content=\"2024-02-24T00:45:22+00:00\" \/>\n<meta property=\"og:image\" content=\"http:\/\/gsantana2005.net\/wp-content\/uploads\/2023\/01\/genilson-scaled.jpg\" \/>\n\t<meta property=\"og:image:width\" content=\"1920\" \/>\n\t<meta property=\"og:image:height\" content=\"2560\" \/>\n\t<meta property=\"og:image:type\" content=\"image\/jpeg\" \/>\n<meta name=\"author\" content=\"gsantana2005\" \/>\n<meta name=\"twitter:card\" content=\"summary_large_image\" \/>\n<meta name=\"twitter:label1\" content=\"Escrito por\" \/>\n\t<meta name=\"twitter:data1\" content=\"gsantana2005\" \/>\n\t<meta name=\"twitter:label2\" content=\"Est. tempo de leitura\" \/>\n\t<meta name=\"twitter:data2\" content=\"9 minutos\" \/>\n<script type=\"application\/ld+json\" class=\"yoast-schema-graph\">{\"@context\":\"https:\/\/schema.org\",\"@graph\":[{\"@type\":\"Article\",\"@id\":\"https:\/\/gsantana2005.net\/index.php\/2024\/02\/24\/o-custo-da-acao-versus-a-inacao-no-combate-as-mudancas-climaticas\/#article\",\"isPartOf\":{\"@id\":\"https:\/\/gsantana2005.net\/index.php\/2024\/02\/24\/o-custo-da-acao-versus-a-inacao-no-combate-as-mudancas-climaticas\/\"},\"author\":{\"name\":\"gsantana2005\",\"@id\":\"https:\/\/gsantana2005.net\/#\/schema\/person\/78c90c6f49a46ef4c8e69bafec347cb7\"},\"headline\":\"O custo da a\u00e7\u00e3o versus a ina\u00e7\u00e3o no combate \u00e0s mudan\u00e7as clim\u00e1ticas\",\"datePublished\":\"2024-02-24T00:43:44+00:00\",\"dateModified\":\"2024-02-24T00:45:22+00:00\",\"mainEntityOfPage\":{\"@id\":\"https:\/\/gsantana2005.net\/index.php\/2024\/02\/24\/o-custo-da-acao-versus-a-inacao-no-combate-as-mudancas-climaticas\/\"},\"wordCount\":1856,\"commentCount\":0,\"publisher\":{\"@id\":\"https:\/\/gsantana2005.net\/#organization\"},\"image\":{\"@id\":\"https:\/\/gsantana2005.net\/index.php\/2024\/02\/24\/o-custo-da-acao-versus-a-inacao-no-combate-as-mudancas-climaticas\/#primaryimage\"},\"thumbnailUrl\":\"https:\/\/gsantana2005.net\/wp-content\/uploads\/2023\/01\/genilson-scaled.jpg\",\"keywords\":[\"Acordo De Paris\",\"Adapta\u00e7\u00e3o Clim\u00e1tica\",\"Economia Verde\",\"Emiss\u00f5es Zero\",\"Impacto Ecol\u00f3gico\",\"Investimento em Energia Renov\u00e1vel\",\"mudan\u00e7as clim\u00e1ticas\",\"Polui\u00e7\u00e3o e Sa\u00fade P\u00fablica\"],\"articleSection\":[\"Ambiente\",\"Dr Genilson Santana\"],\"inLanguage\":\"pt-BR\",\"potentialAction\":[{\"@type\":\"CommentAction\",\"name\":\"Comment\",\"target\":[\"https:\/\/gsantana2005.net\/index.php\/2024\/02\/24\/o-custo-da-acao-versus-a-inacao-no-combate-as-mudancas-climaticas\/#respond\"]}]},{\"@type\":\"WebPage\",\"@id\":\"https:\/\/gsantana2005.net\/index.php\/2024\/02\/24\/o-custo-da-acao-versus-a-inacao-no-combate-as-mudancas-climaticas\/\",\"url\":\"https:\/\/gsantana2005.net\/index.php\/2024\/02\/24\/o-custo-da-acao-versus-a-inacao-no-combate-as-mudancas-climaticas\/\",\"name\":\"O custo da a\u00e7\u00e3o versus a ina\u00e7\u00e3o no combate \u00e0s mudan\u00e7as clim\u00e1ticas - gsantana2005\",\"isPartOf\":{\"@id\":\"https:\/\/gsantana2005.net\/#website\"},\"primaryImageOfPage\":{\"@id\":\"https:\/\/gsantana2005.net\/index.php\/2024\/02\/24\/o-custo-da-acao-versus-a-inacao-no-combate-as-mudancas-climaticas\/#primaryimage\"},\"image\":{\"@id\":\"https:\/\/gsantana2005.net\/index.php\/2024\/02\/24\/o-custo-da-acao-versus-a-inacao-no-combate-as-mudancas-climaticas\/#primaryimage\"},\"thumbnailUrl\":\"https:\/\/gsantana2005.net\/wp-content\/uploads\/2023\/01\/genilson-scaled.jpg\",\"datePublished\":\"2024-02-24T00:43:44+00:00\",\"dateModified\":\"2024-02-24T00:45:22+00:00\",\"description\":\"O Custo da A\u00e7\u00e3o Versus a Ina\u00e7\u00e3o no Combate \u00e0s Mudan\u00e7as Clim\u00e1ticas \u00e9 uma reflex\u00e3o sobre o efeito da polui\u00e7\u00e3o sobre o meio ambiente\",\"breadcrumb\":{\"@id\":\"https:\/\/gsantana2005.net\/index.php\/2024\/02\/24\/o-custo-da-acao-versus-a-inacao-no-combate-as-mudancas-climaticas\/#breadcrumb\"},\"inLanguage\":\"pt-BR\",\"potentialAction\":[{\"@type\":\"ReadAction\",\"target\":[\"https:\/\/gsantana2005.net\/index.php\/2024\/02\/24\/o-custo-da-acao-versus-a-inacao-no-combate-as-mudancas-climaticas\/\"]}]},{\"@type\":\"ImageObject\",\"inLanguage\":\"pt-BR\",\"@id\":\"https:\/\/gsantana2005.net\/index.php\/2024\/02\/24\/o-custo-da-acao-versus-a-inacao-no-combate-as-mudancas-climaticas\/#primaryimage\",\"url\":\"https:\/\/gsantana2005.net\/wp-content\/uploads\/2023\/01\/genilson-scaled.jpg\",\"contentUrl\":\"https:\/\/gsantana2005.net\/wp-content\/uploads\/2023\/01\/genilson-scaled.jpg\",\"width\":1920,\"height\":2560,\"caption\":\"Genilson Pereira Santana\"},{\"@type\":\"BreadcrumbList\",\"@id\":\"https:\/\/gsantana2005.net\/index.php\/2024\/02\/24\/o-custo-da-acao-versus-a-inacao-no-combate-as-mudancas-climaticas\/#breadcrumb\",\"itemListElement\":[{\"@type\":\"ListItem\",\"position\":1,\"name\":\"Home\",\"item\":\"https:\/\/gsantana2005.net\/\"},{\"@type\":\"ListItem\",\"position\":2,\"name\":\"O custo da a\u00e7\u00e3o versus a ina\u00e7\u00e3o no combate \u00e0s mudan\u00e7as clim\u00e1ticas\"}]},{\"@type\":\"WebSite\",\"@id\":\"https:\/\/gsantana2005.net\/#website\",\"url\":\"https:\/\/gsantana2005.net\/\",\"name\":\"gsantana2005\",\"description\":\"Sejamos sustent\u00e1veis\",\"publisher\":{\"@id\":\"https:\/\/gsantana2005.net\/#organization\"},\"potentialAction\":[{\"@type\":\"SearchAction\",\"target\":{\"@type\":\"EntryPoint\",\"urlTemplate\":\"https:\/\/gsantana2005.net\/?s={search_term_string}\"},\"query-input\":{\"@type\":\"PropertyValueSpecification\",\"valueRequired\":true,\"valueName\":\"search_term_string\"}}],\"inLanguage\":\"pt-BR\"},{\"@type\":\"Organization\",\"@id\":\"https:\/\/gsantana2005.net\/#organization\",\"name\":\"gsantana2005\",\"url\":\"https:\/\/gsantana2005.net\/\",\"logo\":{\"@type\":\"ImageObject\",\"inLanguage\":\"pt-BR\",\"@id\":\"https:\/\/gsantana2005.net\/#\/schema\/logo\/image\/\",\"url\":\"https:\/\/gsantana2005.net\/wp-content\/uploads\/2023\/06\/cropped-Gs-sem-fundo.jpg\",\"contentUrl\":\"https:\/\/gsantana2005.net\/wp-content\/uploads\/2023\/06\/cropped-Gs-sem-fundo.jpg\",\"width\":100,\"height\":100,\"caption\":\"gsantana2005\"},\"image\":{\"@id\":\"https:\/\/gsantana2005.net\/#\/schema\/logo\/image\/\"}},{\"@type\":\"Person\",\"@id\":\"https:\/\/gsantana2005.net\/#\/schema\/person\/78c90c6f49a46ef4c8e69bafec347cb7\",\"name\":\"gsantana2005\",\"image\":{\"@type\":\"ImageObject\",\"inLanguage\":\"pt-BR\",\"@id\":\"https:\/\/gsantana2005.net\/#\/schema\/person\/image\/\",\"url\":\"https:\/\/secure.gravatar.com\/avatar\/db3aa311fa8063e1f4df6b2da249929f?s=96&d=mm&r=g\",\"contentUrl\":\"https:\/\/secure.gravatar.com\/avatar\/db3aa311fa8063e1f4df6b2da249929f?s=96&d=mm&r=g\",\"caption\":\"gsantana2005\"},\"sameAs\":[\"http:\/\/gsantana2005.net\"],\"url\":\"https:\/\/gsantana2005.net\/author\/gsantana2005\/\"}]}<\/script>\n<!-- \/ Yoast SEO plugin. -->","yoast_head_json":{"title":"O custo da a\u00e7\u00e3o versus a ina\u00e7\u00e3o no combate \u00e0s mudan\u00e7as clim\u00e1ticas - gsantana2005","description":"O Custo da A\u00e7\u00e3o Versus a Ina\u00e7\u00e3o no Combate \u00e0s Mudan\u00e7as Clim\u00e1ticas \u00e9 uma reflex\u00e3o sobre o efeito da polui\u00e7\u00e3o sobre o meio ambiente","robots":{"index":"index","follow":"follow","max-snippet":"max-snippet:-1","max-image-preview":"max-image-preview:large","max-video-preview":"max-video-preview:-1"},"canonical":"https:\/\/gsantana2005.net\/index.php\/2024\/02\/24\/o-custo-da-acao-versus-a-inacao-no-combate-as-mudancas-climaticas\/","og_locale":"pt_BR","og_type":"article","og_title":"O custo da a\u00e7\u00e3o versus a ina\u00e7\u00e3o no combate \u00e0s mudan\u00e7as clim\u00e1ticas - gsantana2005","og_description":"O Custo da A\u00e7\u00e3o Versus a Ina\u00e7\u00e3o no Combate \u00e0s Mudan\u00e7as Clim\u00e1ticas \u00e9 uma reflex\u00e3o sobre o efeito da polui\u00e7\u00e3o sobre o meio ambiente","og_url":"https:\/\/gsantana2005.net\/index.php\/2024\/02\/24\/o-custo-da-acao-versus-a-inacao-no-combate-as-mudancas-climaticas\/","og_site_name":"gsantana2005","article_published_time":"2024-02-24T00:43:44+00:00","article_modified_time":"2024-02-24T00:45:22+00:00","og_image":[{"width":1920,"height":2560,"url":"http:\/\/gsantana2005.net\/wp-content\/uploads\/2023\/01\/genilson-scaled.jpg","type":"image\/jpeg"}],"author":"gsantana2005","twitter_card":"summary_large_image","twitter_misc":{"Escrito por":"gsantana2005","Est. tempo de leitura":"9 minutos"},"schema":{"@context":"https:\/\/schema.org","@graph":[{"@type":"Article","@id":"https:\/\/gsantana2005.net\/index.php\/2024\/02\/24\/o-custo-da-acao-versus-a-inacao-no-combate-as-mudancas-climaticas\/#article","isPartOf":{"@id":"https:\/\/gsantana2005.net\/index.php\/2024\/02\/24\/o-custo-da-acao-versus-a-inacao-no-combate-as-mudancas-climaticas\/"},"author":{"name":"gsantana2005","@id":"https:\/\/gsantana2005.net\/#\/schema\/person\/78c90c6f49a46ef4c8e69bafec347cb7"},"headline":"O custo da a\u00e7\u00e3o versus a ina\u00e7\u00e3o no combate \u00e0s mudan\u00e7as clim\u00e1ticas","datePublished":"2024-02-24T00:43:44+00:00","dateModified":"2024-02-24T00:45:22+00:00","mainEntityOfPage":{"@id":"https:\/\/gsantana2005.net\/index.php\/2024\/02\/24\/o-custo-da-acao-versus-a-inacao-no-combate-as-mudancas-climaticas\/"},"wordCount":1856,"commentCount":0,"publisher":{"@id":"https:\/\/gsantana2005.net\/#organization"},"image":{"@id":"https:\/\/gsantana2005.net\/index.php\/2024\/02\/24\/o-custo-da-acao-versus-a-inacao-no-combate-as-mudancas-climaticas\/#primaryimage"},"thumbnailUrl":"https:\/\/gsantana2005.net\/wp-content\/uploads\/2023\/01\/genilson-scaled.jpg","keywords":["Acordo De Paris","Adapta\u00e7\u00e3o Clim\u00e1tica","Economia Verde","Emiss\u00f5es Zero","Impacto Ecol\u00f3gico","Investimento em Energia Renov\u00e1vel","mudan\u00e7as clim\u00e1ticas","Polui\u00e7\u00e3o e Sa\u00fade P\u00fablica"],"articleSection":["Ambiente","Dr Genilson Santana"],"inLanguage":"pt-BR","potentialAction":[{"@type":"CommentAction","name":"Comment","target":["https:\/\/gsantana2005.net\/index.php\/2024\/02\/24\/o-custo-da-acao-versus-a-inacao-no-combate-as-mudancas-climaticas\/#respond"]}]},{"@type":"WebPage","@id":"https:\/\/gsantana2005.net\/index.php\/2024\/02\/24\/o-custo-da-acao-versus-a-inacao-no-combate-as-mudancas-climaticas\/","url":"https:\/\/gsantana2005.net\/index.php\/2024\/02\/24\/o-custo-da-acao-versus-a-inacao-no-combate-as-mudancas-climaticas\/","name":"O custo da a\u00e7\u00e3o versus a ina\u00e7\u00e3o no combate \u00e0s mudan\u00e7as clim\u00e1ticas - gsantana2005","isPartOf":{"@id":"https:\/\/gsantana2005.net\/#website"},"primaryImageOfPage":{"@id":"https:\/\/gsantana2005.net\/index.php\/2024\/02\/24\/o-custo-da-acao-versus-a-inacao-no-combate-as-mudancas-climaticas\/#primaryimage"},"image":{"@id":"https:\/\/gsantana2005.net\/index.php\/2024\/02\/24\/o-custo-da-acao-versus-a-inacao-no-combate-as-mudancas-climaticas\/#primaryimage"},"thumbnailUrl":"https:\/\/gsantana2005.net\/wp-content\/uploads\/2023\/01\/genilson-scaled.jpg","datePublished":"2024-02-24T00:43:44+00:00","dateModified":"2024-02-24T00:45:22+00:00","description":"O Custo da A\u00e7\u00e3o Versus a Ina\u00e7\u00e3o no Combate \u00e0s Mudan\u00e7as Clim\u00e1ticas \u00e9 uma reflex\u00e3o sobre o efeito da polui\u00e7\u00e3o sobre o meio ambiente","breadcrumb":{"@id":"https:\/\/gsantana2005.net\/index.php\/2024\/02\/24\/o-custo-da-acao-versus-a-inacao-no-combate-as-mudancas-climaticas\/#breadcrumb"},"inLanguage":"pt-BR","potentialAction":[{"@type":"ReadAction","target":["https:\/\/gsantana2005.net\/index.php\/2024\/02\/24\/o-custo-da-acao-versus-a-inacao-no-combate-as-mudancas-climaticas\/"]}]},{"@type":"ImageObject","inLanguage":"pt-BR","@id":"https:\/\/gsantana2005.net\/index.php\/2024\/02\/24\/o-custo-da-acao-versus-a-inacao-no-combate-as-mudancas-climaticas\/#primaryimage","url":"https:\/\/gsantana2005.net\/wp-content\/uploads\/2023\/01\/genilson-scaled.jpg","contentUrl":"https:\/\/gsantana2005.net\/wp-content\/uploads\/2023\/01\/genilson-scaled.jpg","width":1920,"height":2560,"caption":"Genilson Pereira Santana"},{"@type":"BreadcrumbList","@id":"https:\/\/gsantana2005.net\/index.php\/2024\/02\/24\/o-custo-da-acao-versus-a-inacao-no-combate-as-mudancas-climaticas\/#breadcrumb","itemListElement":[{"@type":"ListItem","position":1,"name":"Home","item":"https:\/\/gsantana2005.net\/"},{"@type":"ListItem","position":2,"name":"O custo da a\u00e7\u00e3o versus a ina\u00e7\u00e3o no combate \u00e0s mudan\u00e7as clim\u00e1ticas"}]},{"@type":"WebSite","@id":"https:\/\/gsantana2005.net\/#website","url":"https:\/\/gsantana2005.net\/","name":"gsantana2005","description":"Sejamos sustent\u00e1veis","publisher":{"@id":"https:\/\/gsantana2005.net\/#organization"},"potentialAction":[{"@type":"SearchAction","target":{"@type":"EntryPoint","urlTemplate":"https:\/\/gsantana2005.net\/?s={search_term_string}"},"query-input":{"@type":"PropertyValueSpecification","valueRequired":true,"valueName":"search_term_string"}}],"inLanguage":"pt-BR"},{"@type":"Organization","@id":"https:\/\/gsantana2005.net\/#organization","name":"gsantana2005","url":"https:\/\/gsantana2005.net\/","logo":{"@type":"ImageObject","inLanguage":"pt-BR","@id":"https:\/\/gsantana2005.net\/#\/schema\/logo\/image\/","url":"https:\/\/gsantana2005.net\/wp-content\/uploads\/2023\/06\/cropped-Gs-sem-fundo.jpg","contentUrl":"https:\/\/gsantana2005.net\/wp-content\/uploads\/2023\/06\/cropped-Gs-sem-fundo.jpg","width":100,"height":100,"caption":"gsantana2005"},"image":{"@id":"https:\/\/gsantana2005.net\/#\/schema\/logo\/image\/"}},{"@type":"Person","@id":"https:\/\/gsantana2005.net\/#\/schema\/person\/78c90c6f49a46ef4c8e69bafec347cb7","name":"gsantana2005","image":{"@type":"ImageObject","inLanguage":"pt-BR","@id":"https:\/\/gsantana2005.net\/#\/schema\/person\/image\/","url":"https:\/\/secure.gravatar.com\/avatar\/db3aa311fa8063e1f4df6b2da249929f?s=96&d=mm&r=g","contentUrl":"https:\/\/secure.gravatar.com\/avatar\/db3aa311fa8063e1f4df6b2da249929f?s=96&d=mm&r=g","caption":"gsantana2005"},"sameAs":["http:\/\/gsantana2005.net"],"url":"https:\/\/gsantana2005.net\/author\/gsantana2005\/"}]}},"amp_enabled":true,"_links":{"self":[{"href":"https:\/\/gsantana2005.net\/index.php\/wp-json\/wp\/v2\/posts\/1025"}],"collection":[{"href":"https:\/\/gsantana2005.net\/index.php\/wp-json\/wp\/v2\/posts"}],"about":[{"href":"https:\/\/gsantana2005.net\/index.php\/wp-json\/wp\/v2\/types\/post"}],"author":[{"embeddable":true,"href":"https:\/\/gsantana2005.net\/index.php\/wp-json\/wp\/v2\/users\/1"}],"replies":[{"embeddable":true,"href":"https:\/\/gsantana2005.net\/index.php\/wp-json\/wp\/v2\/comments?post=1025"}],"version-history":[{"count":1,"href":"https:\/\/gsantana2005.net\/index.php\/wp-json\/wp\/v2\/posts\/1025\/revisions"}],"predecessor-version":[{"id":1026,"href":"https:\/\/gsantana2005.net\/index.php\/wp-json\/wp\/v2\/posts\/1025\/revisions\/1026"}],"wp:featuredmedia":[{"embeddable":true,"href":"https:\/\/gsantana2005.net\/index.php\/wp-json\/wp\/v2\/media\/168"}],"wp:attachment":[{"href":"https:\/\/gsantana2005.net\/index.php\/wp-json\/wp\/v2\/media?parent=1025"}],"wp:term":[{"taxonomy":"category","embeddable":true,"href":"https:\/\/gsantana2005.net\/index.php\/wp-json\/wp\/v2\/categories?post=1025"},{"taxonomy":"post_tag","embeddable":true,"href":"https:\/\/gsantana2005.net\/index.php\/wp-json\/wp\/v2\/tags?post=1025"}],"curies":[{"name":"wp","href":"https:\/\/api.w.org\/{rel}","templated":true}]}}