{"id":1054,"date":"2024-03-05T18:30:41","date_gmt":"2024-03-05T18:30:41","guid":{"rendered":"https:\/\/gsantana2005.net\/?p=1054"},"modified":"2024-03-05T18:31:30","modified_gmt":"2024-03-05T18:31:30","slug":"unindo-forcas-em-torno-do-esg-para-um-futuro-sustentavel","status":"publish","type":"post","link":"https:\/\/gsantana2005.net\/index.php\/2024\/03\/05\/unindo-forcas-em-torno-do-esg-para-um-futuro-sustentavel\/","title":{"rendered":"Unindo for\u00e7as em torno do ESG para um futuro sustent\u00e1vel"},"content":{"rendered":"\n<p>Unindo for\u00e7as em torno do ESG para um futuro sustent\u00e1vel mostra para voc\u00ea que sem a colabora\u00e7\u00e3o n\u00e3o resolveremos nossos problemais ambientais. Assim, estamos no \u00faltimo inning de uma partida importante para o nosso futuro. Estamos enfrentando um desafio sem precedentes: alcan\u00e7ar a sustentabilidade em um mundo cada vez mais complexo e interconectado. A vis\u00e3o de um futuro sustent\u00e1vel, t\u00e3o almejada por todos, parece distante e inating\u00edvel se continuarmos a agir isoladamente. A realidade \u00e9 que, sem uma colabora\u00e7\u00e3o intensiva entre empresas, a inova\u00e7\u00e3o necess\u00e1ria para superar os obst\u00e1culos que ESG permanecer\u00e1 apenas uma aspira\u00e7\u00e3o.<\/p>\n\n\n\n<p>O caminho adiante exige uma mudan\u00e7a de paradigma: empresas de diferentes setores precisam se unir. Elas precisam compartilhar os riscos, conhecimentos e recursos, para desenvolver solu\u00e7\u00f5es inovadoras que atendam aos desafios coletivos de sustentabilidade. Ao trabalharem juntas, essas organiza\u00e7\u00f5es podem acelerar a transi\u00e7\u00e3o para pr\u00e1ticas mais sustent\u00e1veis. Al\u00e9m disso, poder\u00e3o otimizar a utiliza\u00e7\u00e3o de recursos e criar um impacto positivo significativo no mundo. Essa colabora\u00e7\u00e3o entre setores n\u00e3o apenas \u00e9 fundamental para superar as barreiras atuais, mas tamb\u00e9m representa uma oportunidade sem precedentes para remodelar o futuro. As nossas economias e sociedades ter\u00e3o uma dire\u00e7\u00e3o a um horizonte mais verde, justo e sustent\u00e1vel.<\/p>\n\n\n\n<h3 class=\"wp-block-heading\">Os Benef\u00edcios da Colabora\u00e7\u00e3o em ESG<\/h3>\n\n\n\n<p>A colabora\u00e7\u00e3o em quest\u00f5es de ESG \u00e9 mais do que uma tend\u00eancia corporativa. Ela \u00e9 uma necessidade estrat\u00e9gica que oferece uma mir\u00edade de benef\u00edcios para as empresas. Isso ocorre independentemente de seu tamanho ou setor. Ao unirem for\u00e7as, as organiza\u00e7\u00f5es podem navegar com mais efic\u00e1cia no complexo ecossistema de sustentabilidade. Al\u00e9m disso, ela maximizam seu impacto positivo no mundo enquanto promovem o crescimento e a inova\u00e7\u00e3o.<\/p>\n\n\n\n<p>Um dos principais benef\u00edcios dessa sinergia \u00e9 a capacidade de aprender coletivamente sobre as melhores pr\u00e1ticas, tend\u00eancias emergentes e riscos associados \u00e0s quest\u00f5es ESG. Isso amplia o entendimento de cada empresa sobre como operar de maneira mais sustent\u00e1vel. Ou seja, tamb\u00e9m eleva o padr\u00e3o de responsabilidade em toda a ind\u00fastria.<\/p>\n\n\n\n<p>Desenvolver caminhos de transi\u00e7\u00e3o para opera\u00e7\u00f5es mais sustent\u00e1veis \u00e9 outro aspecto essencial. Com o apoio m\u00fatuo, as empresas podem criar estrat\u00e9gias robustas para mitigar impactos negativos. Elas tamb\u00e9m podem aproveitar a inova\u00e7\u00e3o aberta e o financiamento coletivo para solu\u00e7\u00f5es que seriam inating\u00edveis individualmente.<\/p>\n\n\n\n<p>Al\u00e9m disso, a colabora\u00e7\u00e3o fortalece a cadeia de valor, engajando fornecedores e outros setores em pr\u00e1ticas sustent\u00e1veis, criando um efeito multiplicador que transcende fronteiras organizacionais. Parcerias com o governo em iniciativas de inova\u00e7\u00e3o sustent\u00e1vel e pol\u00edticas p\u00fablicas podem acelerar a ado\u00e7\u00e3o de normas ambientais e sociais. Por outro lado, a mobiliza\u00e7\u00e3o de capital para investimentos sustent\u00e1veis transforma mercados, impulsionando uma economia mais verde e inclusiva.<\/p>\n\n\n\n<p>Assim, a colabora\u00e7\u00e3o em ESG \u00e9 uma alavanca poderosa para a transforma\u00e7\u00e3o empresarial e social. Ela traz benef\u00edcios que v\u00e3o desde a aprendizagem e inova\u00e7\u00e3o at\u00e9 a transforma\u00e7\u00e3o de mercados e a promo\u00e7\u00e3o de um futuro sustent\u00e1vel para todos.<\/p>\n\n\n\n<h3 class=\"wp-block-heading\">A For\u00e7a das Associa\u00e7\u00f5es na Mudan\u00e7a Setorial<\/h3>\n\n\n\n<p>As associa\u00e7\u00f5es desempenham papel de catalisadora de mudan\u00e7as setoriais significativas, agindo como plataformas onde empresas podem unir for\u00e7as para enfrentar desafios comuns e impulsionar a inova\u00e7\u00e3o sustent\u00e1vel. Essas organiza\u00e7\u00f5es proporcionam um terreno f\u00e9rtil para a colabora\u00e7\u00e3o, permitindo que seus membros compartilhem conhecimentos, recursos e melhores pr\u00e1ticas, al\u00e9m de desenvolverem solu\u00e7\u00f5es conjuntas para problemas complexos que nenhum jogador poderia resolver isoladamente.<\/p>\n\n\n\n<p>A for\u00e7a das associa\u00e7\u00f5es reside na sua capacidade de reunir uma ampla gama de stakeholders, incluindo empresas, governos e ONGs, para trabalhar em conjunto em dire\u00e7\u00e3o a objetivos comuns. Isso n\u00e3o apenas amplifica o impacto das iniciativas individuais, mas tamb\u00e9m cria um movimento coletivo capaz de impulsionar mudan\u00e7as em larga escala. Ao fazer isso, as associa\u00e7\u00f5es podem alavancar a influ\u00eancia coletiva de seus membros para promover pol\u00edticas p\u00fablicas favor\u00e1veis, desenvolver padr\u00f5es setoriais sustent\u00e1veis e incentivar a ado\u00e7\u00e3o de pr\u00e1ticas de neg\u00f3cios respons\u00e1veis.<\/p>\n\n\n\n<p>Recentemente, observamos um crescente reconhecimento da import\u00e2ncia da colabora\u00e7\u00e3o setorial por meio das associa\u00e7\u00f5es. Elas est\u00e3o se posicionando como l\u00edderes na promo\u00e7\u00e3o da sustentabilidade e da responsabilidade social corporativa, mobilizando seus membros em torno da agenda ESG e desenvolvendo guias, ferramentas e iniciativas para apoiar a transi\u00e7\u00e3o para pr\u00e1ticas mais sustent\u00e1veis.<\/p>\n\n\n\n<p>Al\u00e9m disso, as associa\u00e7\u00f5es est\u00e3o cada vez mais se tornando intermedi\u00e1rias essenciais entre o setor privado e o p\u00fablico, facilitando o di\u00e1logo e a coopera\u00e7\u00e3o em quest\u00f5es cr\u00edticas de sustentabilidade. Por meio dessa colabora\u00e7\u00e3o setorial, elas est\u00e3o n\u00e3o apenas roubando bases, mas tamb\u00e9m redefinindo as regras do jogo, estabelecendo novos padr\u00f5es de excel\u00eancia e lideran\u00e7a em sustentabilidade que estimulam todo o setor a avan\u00e7ar em dire\u00e7\u00e3o a um futuro mais sustent\u00e1vel e equitativo.<\/p>\n\n\n\n<h3 class=\"wp-block-heading\">Engajando Profissionais e Empresas na Jornada ESG<\/h3>\n\n\n\n<p>Engajar profissionais e empresas na jornada ESG \u00e9 fundamental para impulsionar a mudan\u00e7a sustent\u00e1vel em larga escala. Neste contexto, as associa\u00e7\u00f5es desempenham um papel vital, servindo como pontes entre a teoria da sustentabilidade e a pr\u00e1tica empresarial. Profissionais de sustentabilidade, equipados com ferramentas e recursos atualizados, est\u00e3o em uma posi\u00e7\u00e3o \u00fanica para liderar esse movimento, promovendo uma cultura de responsabilidade e inova\u00e7\u00e3o dentro de suas organiza\u00e7\u00f5es e setores.<\/p>\n\n\n\n<p>Ao compartilhar conhecimentos e ferramentas com as associa\u00e7\u00f5es que representam suas empresas, esses profissionais podem estimular um engajamento mais profundo com quest\u00f5es ESG, incentivando a ado\u00e7\u00e3o de pr\u00e1ticas sustent\u00e1veis. Isso n\u00e3o apenas refor\u00e7a o compromisso da empresa com a sustentabilidade, mas tamb\u00e9m posiciona a marca como l\u00edder em responsabilidade corporativa, atraindo talentos, investidores e clientes que valorizam pr\u00e1ticas empresariais \u00e9ticas e sustent\u00e1veis.<\/p>\n\n\n\n<p>Al\u00e9m disso, ao participar ativamente em associa\u00e7\u00f5es e contribuir para a elabora\u00e7\u00e3o de estrat\u00e9gias ESG coletivas, as empresas podem beneficiar-se de uma colabora\u00e7\u00e3o setorial, aprendendo com os pares, compartilhando riscos e inovando juntas em solu\u00e7\u00f5es sustent\u00e1veis. Essa abordagem colaborativa n\u00e3o apenas acelera a transi\u00e7\u00e3o para pr\u00e1ticas mais verdes e justas, mas tamb\u00e9m fortalece a resili\u00eancia empresarial e a competitividade no mercado.<\/p>\n\n\n\n<p>Portanto, engajar profissionais e empresas na jornada ESG atrav\u00e9s de associa\u00e7\u00f5es \u00e9 uma estrat\u00e9gia poderosa para construir um futuro mais sustent\u00e1vel. Isso requer uma mudan\u00e7a de mentalidade, da competi\u00e7\u00e3o para a colabora\u00e7\u00e3o, reconhecendo que os desafios ambientais e sociais que enfrentamos s\u00e3o coletivos e, portanto, as solu\u00e7\u00f5es tamb\u00e9m devem ser.<\/p>\n\n\n\n<h3 class=\"wp-block-heading\">O Imperativo da Colabora\u00e7\u00e3o para um Futuro Sustent\u00e1vel<\/h3>\n\n\n\n<p>A colabora\u00e7\u00e3o entre empresas, governos e a sociedade civil \u00e9 um imperativo para garantir um futuro sustent\u00e1vel. Vivemos em uma era de desafios ambientais sem precedentes, onde as consequ\u00eancias das mudan\u00e7as clim\u00e1ticas, da perda de biodiversidade e da degrada\u00e7\u00e3o ambiental amea\u00e7am n\u00e3o apenas o equil\u00edbrio ecol\u00f3gico do planeta, mas tamb\u00e9m a prosperidade e a seguran\u00e7a da humanidade. Diante desses desafios, a a\u00e7\u00e3o isolada, embora importante, \u00e9 insuficiente. \u00c9 necess\u00e1ria uma abordagem coletiva, que mobilize todos os setores da sociedade em dire\u00e7\u00e3o a objetivos comuns de sustentabilidade.<\/p>\n\n\n\n<p>A colabora\u00e7\u00e3o corporativa em quest\u00f5es de ESG \u00e9 fundamental. Empresas t\u00eam o poder de influenciar suas cadeias de valor, setores e economias inteiras. Quando elas se unem para compartilhar melhores pr\u00e1ticas, inovar em solu\u00e7\u00f5es sustent\u00e1veis e pressionar por pol\u00edticas p\u00fablicas favor\u00e1veis ao meio ambiente, o impacto pode ser transformador. Al\u00e9m disso, a colabora\u00e7\u00e3o com governos pode acelerar a implementa\u00e7\u00e3o de pol\u00edticas e regulamenta\u00e7\u00f5es que incentivem pr\u00e1ticas sustent\u00e1veis, enquanto a parceria com organiza\u00e7\u00f5es n\u00e3o governamentais e a sociedade civil pode aumentar a conscientiza\u00e7\u00e3o e a demanda por produtos e servi\u00e7os sustent\u00e1veis.<\/p>\n\n\n\n<p>Para as empresas, adotar uma abordagem colaborativa significa n\u00e3o apenas cumprir com sua responsabilidade social e ambiental, mas tamb\u00e9m posicionar-se de maneira competitiva em um mercado cada vez mais consciente da sustentabilidade. A colabora\u00e7\u00e3o para um futuro sustent\u00e1vel n\u00e3o \u00e9 apenas um imperativo \u00e9tico; \u00e9 uma estrat\u00e9gia inteligente de neg\u00f3cios que reconhece a interdepend\u00eancia entre o sucesso econ\u00f4mico e a sa\u00fade do nosso planeta.<\/p>\n\n\n\n<p>Portanto, a colabora\u00e7\u00e3o emerge n\u00e3o apenas como uma necessidade, mas como a \u00fanica via vi\u00e1vel para garantir um futuro pr\u00f3spero e sustent\u00e1vel para todos. \u00c9 tempo de transcender barreiras organizacionais e setoriais, unindo for\u00e7as em uma coaliz\u00e3o global pela sustentabilidade. Ou seja, <strong>Unindo for\u00e7as em torno do ESG para um futuro sustent\u00e1vel<\/strong>.<\/p>\n\n\n\n<h3 class=\"wp-block-heading\">Convite especial para voc\u00ea<\/h3>\n\n\n\n<p>Ent\u00e3o, depois deste\u00a0<strong>Unindo for\u00e7as em torno do ESG para um futuro sustent\u00e1vel<\/strong>\u00a0acredito que queira saber mais de nossa contribui\u00e7\u00e3o na \u00e1rea ambiental. N\u00e3o fique inibido entre em contato:\u00a0<a href=\"mailto:gsantana2005@gmail.com\">gsantana2005@gmail.com<\/a>\u00a0veja o nosso\u00a0<a href=\"https:\/\/www.instagram.com\/genilsonpereirasantana1\/\" rel=\"nofollow noopener\" target=\"_blank\">Instagram<\/a><\/p>\n\n\n\n<p>Al\u00e9m disso, j\u00e1 que voc\u00ea chegou at\u00e9 aqui descubra mais sobre n\u00f3s artigos abaixo:<\/p>\n\n\n\n<ul class=\"wp-block-list\">\n<li><a href=\"https:\/\/gsantana2005.net\/index.php\/2023\/11\/30\/desbloqueando-o-valor-oculto-reciclando-o-pequeno-para-um-grande-impacto\/\" target=\"_blank\" rel=\"noreferrer noopener\">Desbloqueando o valor oculto: Reciclando o pequeno para um grande impacto<\/a><\/li>\n\n\n\n<li><a href=\"https:\/\/gsantana2005.net\/index.php\/2023\/11\/29\/reduza-a-pegada-de-carbono-digital-da-sua-empresa-rumo-a-um-futuro-sustentavel\/\" target=\"_blank\" rel=\"noreferrer noopener\">Reduza a Pegada de Carbono Digital da sua Empresa: Rumo a um Futuro Sustent\u00e1vel<\/a><\/li>\n\n\n\n<li><a href=\"https:\/\/gsantana2005.net\/index.php\/2023\/11\/28\/navegando-na-controversia-da-acao-climatica-global-da-cop28-de-dubai\/\" target=\"_blank\" rel=\"noreferrer noopener\">Navegando na controv\u00e9rsia da A\u00e7\u00e3o Clim\u00e1tica Global da COP28 de Dubai<\/a><\/li>\n\n\n\n<li><a href=\"https:\/\/gsantana2005.net\/index.php\/2023\/11\/28\/rascunho-automaticodespedindo-se-dos-plasticos-descartaveis-o-futuro-sustentavel-das-embalagens-de-celulose\/\">Despedindo-se dos Pl\u00e1sticos Descart\u00e1veis: O Futuro Sustent\u00e1vel das Embalagens de Celulose!<\/a><\/li>\n<\/ul>\n\n\n\n<p>Ent\u00e3o, conhe\u00e7a tamb\u00e9m nossos cursos sobre&nbsp;<a href=\"https:\/\/gsantana2005.net\/index.php\/2023\/07\/21\/gestao-de-residuos\/\">Gest\u00e3o de res\u00edduos<\/a>&nbsp;e&nbsp;<a href=\"https:\/\/gsantana2005.net\/index.php\/2023\/08\/08\/tratamento-de-efluentes\/\">Tratamento de efluentes<\/a>. Maiores informa\u00e7\u00f5es:&nbsp;<a href=\"mailto:gsantana2005@gmail.com\">gsantana2005@gmail.com<\/a>&nbsp;ou 92 991227158 (WhatsApp)<\/p>\n","protected":false},"excerpt":{"rendered":"<p>Unindo for\u00e7as em torno do ESG para um futuro sustent\u00e1vel mostra para voc\u00ea que sem a colabora\u00e7\u00e3o n\u00e3o resolveremos nossos problemais ambientais. Assim, estamos no \u00faltimo inning de uma partida importante para o nosso futuro. Estamos enfrentando um desafio sem precedentes: alcan\u00e7ar a sustentabilidade em um mundo cada vez mais complexo e interconectado. A vis\u00e3o [&hellip;]<\/p>\n","protected":false},"author":1,"featured_media":739,"comment_status":"open","ping_status":"closed","sticky":false,"template":"","format":"standard","meta":{"om_disable_all_campaigns":false,"_monsterinsights_skip_tracking":false,"_monsterinsights_sitenote_active":false,"_monsterinsights_sitenote_note":"","_monsterinsights_sitenote_category":0,"footnotes":"","_links_to":"","_links_to_target":""},"categories":[273,3],"tags":[863,796,864,771,865,866,307,867],"class_list":["post-1054","post","type-post","status-publish","format-standard","has-post-thumbnail","hentry","category-economia-de-recursos","category-genilson-pereira-santana","tag-colaboracao-intersectorial","tag-economia-verde","tag-inovacao-esg","tag-mudanca-climatica","tag-parcerias-publico-privadas","tag-responsabilidade-social-empresarial","tag-sustentabilidade-corporativa","tag-transformacao-de-mercados"],"aioseo_notices":[],"yoast_head":"<!-- This site is optimized with the Yoast SEO plugin v24.5 - https:\/\/yoast.com\/wordpress\/plugins\/seo\/ -->\n<title>Unindo for\u00e7as em torno do ESG para um futuro sustent\u00e1vel - gsantana2005<\/title>\n<meta name=\"description\" content=\"Unindo for\u00e7as em torno do ESG para um futuro sustent\u00e1vel mostra para voc\u00ea que sem a colabora\u00e7\u00e3o n\u00e3o resolveremos nossos problemais ambientais\" \/>\n<meta name=\"robots\" content=\"index, follow, max-snippet:-1, max-image-preview:large, max-video-preview:-1\" \/>\n<link rel=\"canonical\" href=\"https:\/\/gsantana2005.net\/index.php\/2024\/03\/05\/unindo-forcas-em-torno-do-esg-para-um-futuro-sustentavel\/\" \/>\n<meta property=\"og:locale\" content=\"pt_BR\" \/>\n<meta property=\"og:type\" content=\"article\" \/>\n<meta property=\"og:title\" content=\"Unindo for\u00e7as em torno do ESG para um futuro sustent\u00e1vel - gsantana2005\" \/>\n<meta property=\"og:description\" content=\"Unindo for\u00e7as em torno do ESG para um futuro sustent\u00e1vel mostra para voc\u00ea que sem a colabora\u00e7\u00e3o n\u00e3o resolveremos nossos problemais ambientais\" \/>\n<meta property=\"og:url\" content=\"https:\/\/gsantana2005.net\/index.php\/2024\/03\/05\/unindo-forcas-em-torno-do-esg-para-um-futuro-sustentavel\/\" \/>\n<meta property=\"og:site_name\" content=\"gsantana2005\" \/>\n<meta property=\"article:published_time\" content=\"2024-03-05T18:30:41+00:00\" \/>\n<meta property=\"article:modified_time\" content=\"2024-03-05T18:31:30+00:00\" \/>\n<meta property=\"og:image\" content=\"http:\/\/gsantana2005.net\/wp-content\/uploads\/2023\/08\/ESG-1024x683.png\" \/>\n\t<meta property=\"og:image:width\" content=\"1024\" \/>\n\t<meta property=\"og:image:height\" content=\"683\" \/>\n\t<meta property=\"og:image:type\" content=\"image\/png\" \/>\n<meta name=\"author\" content=\"gsantana2005\" \/>\n<meta name=\"twitter:card\" content=\"summary_large_image\" \/>\n<meta name=\"twitter:label1\" content=\"Escrito por\" \/>\n\t<meta name=\"twitter:data1\" content=\"gsantana2005\" \/>\n\t<meta name=\"twitter:label2\" content=\"Est. tempo de leitura\" \/>\n\t<meta name=\"twitter:data2\" content=\"8 minutos\" \/>\n<script type=\"application\/ld+json\" class=\"yoast-schema-graph\">{\"@context\":\"https:\/\/schema.org\",\"@graph\":[{\"@type\":\"Article\",\"@id\":\"https:\/\/gsantana2005.net\/index.php\/2024\/03\/05\/unindo-forcas-em-torno-do-esg-para-um-futuro-sustentavel\/#article\",\"isPartOf\":{\"@id\":\"https:\/\/gsantana2005.net\/index.php\/2024\/03\/05\/unindo-forcas-em-torno-do-esg-para-um-futuro-sustentavel\/\"},\"author\":{\"name\":\"gsantana2005\",\"@id\":\"https:\/\/gsantana2005.net\/#\/schema\/person\/78c90c6f49a46ef4c8e69bafec347cb7\"},\"headline\":\"Unindo for\u00e7as em torno do ESG para um futuro sustent\u00e1vel\",\"datePublished\":\"2024-03-05T18:30:41+00:00\",\"dateModified\":\"2024-03-05T18:31:30+00:00\",\"mainEntityOfPage\":{\"@id\":\"https:\/\/gsantana2005.net\/index.php\/2024\/03\/05\/unindo-forcas-em-torno-do-esg-para-um-futuro-sustentavel\/\"},\"wordCount\":1666,\"commentCount\":0,\"publisher\":{\"@id\":\"https:\/\/gsantana2005.net\/#organization\"},\"image\":{\"@id\":\"https:\/\/gsantana2005.net\/index.php\/2024\/03\/05\/unindo-forcas-em-torno-do-esg-para-um-futuro-sustentavel\/#primaryimage\"},\"thumbnailUrl\":\"https:\/\/gsantana2005.net\/wp-content\/uploads\/2023\/08\/ESG.png\",\"keywords\":[\"Colabora\u00e7\u00e3o Intersectorial\",\"Economia Verde\",\"Inova\u00e7\u00e3o ESG\",\"Mudan\u00e7a Clim\u00e1tica\",\"Parcerias P\u00fablico-Privadas\",\"Responsabilidade Social Empresarial\",\"Sustentabilidade Corporativa\",\"Transforma\u00e7\u00e3o de Mercados\"],\"articleSection\":[\"Economia de Recursos\",\"Dr Genilson Santana\"],\"inLanguage\":\"pt-BR\",\"potentialAction\":[{\"@type\":\"CommentAction\",\"name\":\"Comment\",\"target\":[\"https:\/\/gsantana2005.net\/index.php\/2024\/03\/05\/unindo-forcas-em-torno-do-esg-para-um-futuro-sustentavel\/#respond\"]}]},{\"@type\":\"WebPage\",\"@id\":\"https:\/\/gsantana2005.net\/index.php\/2024\/03\/05\/unindo-forcas-em-torno-do-esg-para-um-futuro-sustentavel\/\",\"url\":\"https:\/\/gsantana2005.net\/index.php\/2024\/03\/05\/unindo-forcas-em-torno-do-esg-para-um-futuro-sustentavel\/\",\"name\":\"Unindo for\u00e7as em torno do ESG para um futuro sustent\u00e1vel - gsantana2005\",\"isPartOf\":{\"@id\":\"https:\/\/gsantana2005.net\/#website\"},\"primaryImageOfPage\":{\"@id\":\"https:\/\/gsantana2005.net\/index.php\/2024\/03\/05\/unindo-forcas-em-torno-do-esg-para-um-futuro-sustentavel\/#primaryimage\"},\"image\":{\"@id\":\"https:\/\/gsantana2005.net\/index.php\/2024\/03\/05\/unindo-forcas-em-torno-do-esg-para-um-futuro-sustentavel\/#primaryimage\"},\"thumbnailUrl\":\"https:\/\/gsantana2005.net\/wp-content\/uploads\/2023\/08\/ESG.png\",\"datePublished\":\"2024-03-05T18:30:41+00:00\",\"dateModified\":\"2024-03-05T18:31:30+00:00\",\"description\":\"Unindo for\u00e7as em torno do ESG para um futuro sustent\u00e1vel mostra para voc\u00ea que sem a colabora\u00e7\u00e3o n\u00e3o resolveremos nossos problemais ambientais\",\"breadcrumb\":{\"@id\":\"https:\/\/gsantana2005.net\/index.php\/2024\/03\/05\/unindo-forcas-em-torno-do-esg-para-um-futuro-sustentavel\/#breadcrumb\"},\"inLanguage\":\"pt-BR\",\"potentialAction\":[{\"@type\":\"ReadAction\",\"target\":[\"https:\/\/gsantana2005.net\/index.php\/2024\/03\/05\/unindo-forcas-em-torno-do-esg-para-um-futuro-sustentavel\/\"]}]},{\"@type\":\"ImageObject\",\"inLanguage\":\"pt-BR\",\"@id\":\"https:\/\/gsantana2005.net\/index.php\/2024\/03\/05\/unindo-forcas-em-torno-do-esg-para-um-futuro-sustentavel\/#primaryimage\",\"url\":\"https:\/\/gsantana2005.net\/wp-content\/uploads\/2023\/08\/ESG.png\",\"contentUrl\":\"https:\/\/gsantana2005.net\/wp-content\/uploads\/2023\/08\/ESG.png\",\"width\":2000,\"height\":1334,\"caption\":\"ESG\"},{\"@type\":\"BreadcrumbList\",\"@id\":\"https:\/\/gsantana2005.net\/index.php\/2024\/03\/05\/unindo-forcas-em-torno-do-esg-para-um-futuro-sustentavel\/#breadcrumb\",\"itemListElement\":[{\"@type\":\"ListItem\",\"position\":1,\"name\":\"Home\",\"item\":\"https:\/\/gsantana2005.net\/\"},{\"@type\":\"ListItem\",\"position\":2,\"name\":\"Unindo for\u00e7as em torno do ESG para um futuro sustent\u00e1vel\"}]},{\"@type\":\"WebSite\",\"@id\":\"https:\/\/gsantana2005.net\/#website\",\"url\":\"https:\/\/gsantana2005.net\/\",\"name\":\"gsantana2005\",\"description\":\"Sejamos sustent\u00e1veis\",\"publisher\":{\"@id\":\"https:\/\/gsantana2005.net\/#organization\"},\"potentialAction\":[{\"@type\":\"SearchAction\",\"target\":{\"@type\":\"EntryPoint\",\"urlTemplate\":\"https:\/\/gsantana2005.net\/?s={search_term_string}\"},\"query-input\":{\"@type\":\"PropertyValueSpecification\",\"valueRequired\":true,\"valueName\":\"search_term_string\"}}],\"inLanguage\":\"pt-BR\"},{\"@type\":\"Organization\",\"@id\":\"https:\/\/gsantana2005.net\/#organization\",\"name\":\"gsantana2005\",\"url\":\"https:\/\/gsantana2005.net\/\",\"logo\":{\"@type\":\"ImageObject\",\"inLanguage\":\"pt-BR\",\"@id\":\"https:\/\/gsantana2005.net\/#\/schema\/logo\/image\/\",\"url\":\"https:\/\/gsantana2005.net\/wp-content\/uploads\/2023\/06\/cropped-Gs-sem-fundo.jpg\",\"contentUrl\":\"https:\/\/gsantana2005.net\/wp-content\/uploads\/2023\/06\/cropped-Gs-sem-fundo.jpg\",\"width\":100,\"height\":100,\"caption\":\"gsantana2005\"},\"image\":{\"@id\":\"https:\/\/gsantana2005.net\/#\/schema\/logo\/image\/\"}},{\"@type\":\"Person\",\"@id\":\"https:\/\/gsantana2005.net\/#\/schema\/person\/78c90c6f49a46ef4c8e69bafec347cb7\",\"name\":\"gsantana2005\",\"image\":{\"@type\":\"ImageObject\",\"inLanguage\":\"pt-BR\",\"@id\":\"https:\/\/gsantana2005.net\/#\/schema\/person\/image\/\",\"url\":\"https:\/\/secure.gravatar.com\/avatar\/db3aa311fa8063e1f4df6b2da249929f?s=96&d=mm&r=g\",\"contentUrl\":\"https:\/\/secure.gravatar.com\/avatar\/db3aa311fa8063e1f4df6b2da249929f?s=96&d=mm&r=g\",\"caption\":\"gsantana2005\"},\"sameAs\":[\"http:\/\/gsantana2005.net\"],\"url\":\"https:\/\/gsantana2005.net\/author\/gsantana2005\/\"}]}<\/script>\n<!-- \/ Yoast SEO plugin. -->","yoast_head_json":{"title":"Unindo for\u00e7as em torno do ESG para um futuro sustent\u00e1vel - gsantana2005","description":"Unindo for\u00e7as em torno do ESG para um futuro sustent\u00e1vel mostra para voc\u00ea que sem a colabora\u00e7\u00e3o n\u00e3o resolveremos nossos problemais ambientais","robots":{"index":"index","follow":"follow","max-snippet":"max-snippet:-1","max-image-preview":"max-image-preview:large","max-video-preview":"max-video-preview:-1"},"canonical":"https:\/\/gsantana2005.net\/index.php\/2024\/03\/05\/unindo-forcas-em-torno-do-esg-para-um-futuro-sustentavel\/","og_locale":"pt_BR","og_type":"article","og_title":"Unindo for\u00e7as em torno do ESG para um futuro sustent\u00e1vel - gsantana2005","og_description":"Unindo for\u00e7as em torno do ESG para um futuro sustent\u00e1vel mostra para voc\u00ea que sem a colabora\u00e7\u00e3o n\u00e3o resolveremos nossos problemais ambientais","og_url":"https:\/\/gsantana2005.net\/index.php\/2024\/03\/05\/unindo-forcas-em-torno-do-esg-para-um-futuro-sustentavel\/","og_site_name":"gsantana2005","article_published_time":"2024-03-05T18:30:41+00:00","article_modified_time":"2024-03-05T18:31:30+00:00","og_image":[{"width":1024,"height":683,"url":"http:\/\/gsantana2005.net\/wp-content\/uploads\/2023\/08\/ESG-1024x683.png","type":"image\/png"}],"author":"gsantana2005","twitter_card":"summary_large_image","twitter_misc":{"Escrito por":"gsantana2005","Est. tempo de leitura":"8 minutos"},"schema":{"@context":"https:\/\/schema.org","@graph":[{"@type":"Article","@id":"https:\/\/gsantana2005.net\/index.php\/2024\/03\/05\/unindo-forcas-em-torno-do-esg-para-um-futuro-sustentavel\/#article","isPartOf":{"@id":"https:\/\/gsantana2005.net\/index.php\/2024\/03\/05\/unindo-forcas-em-torno-do-esg-para-um-futuro-sustentavel\/"},"author":{"name":"gsantana2005","@id":"https:\/\/gsantana2005.net\/#\/schema\/person\/78c90c6f49a46ef4c8e69bafec347cb7"},"headline":"Unindo for\u00e7as em torno do ESG para um futuro sustent\u00e1vel","datePublished":"2024-03-05T18:30:41+00:00","dateModified":"2024-03-05T18:31:30+00:00","mainEntityOfPage":{"@id":"https:\/\/gsantana2005.net\/index.php\/2024\/03\/05\/unindo-forcas-em-torno-do-esg-para-um-futuro-sustentavel\/"},"wordCount":1666,"commentCount":0,"publisher":{"@id":"https:\/\/gsantana2005.net\/#organization"},"image":{"@id":"https:\/\/gsantana2005.net\/index.php\/2024\/03\/05\/unindo-forcas-em-torno-do-esg-para-um-futuro-sustentavel\/#primaryimage"},"thumbnailUrl":"https:\/\/gsantana2005.net\/wp-content\/uploads\/2023\/08\/ESG.png","keywords":["Colabora\u00e7\u00e3o Intersectorial","Economia Verde","Inova\u00e7\u00e3o ESG","Mudan\u00e7a Clim\u00e1tica","Parcerias P\u00fablico-Privadas","Responsabilidade Social Empresarial","Sustentabilidade Corporativa","Transforma\u00e7\u00e3o de Mercados"],"articleSection":["Economia de Recursos","Dr Genilson Santana"],"inLanguage":"pt-BR","potentialAction":[{"@type":"CommentAction","name":"Comment","target":["https:\/\/gsantana2005.net\/index.php\/2024\/03\/05\/unindo-forcas-em-torno-do-esg-para-um-futuro-sustentavel\/#respond"]}]},{"@type":"WebPage","@id":"https:\/\/gsantana2005.net\/index.php\/2024\/03\/05\/unindo-forcas-em-torno-do-esg-para-um-futuro-sustentavel\/","url":"https:\/\/gsantana2005.net\/index.php\/2024\/03\/05\/unindo-forcas-em-torno-do-esg-para-um-futuro-sustentavel\/","name":"Unindo for\u00e7as em torno do ESG para um futuro sustent\u00e1vel - gsantana2005","isPartOf":{"@id":"https:\/\/gsantana2005.net\/#website"},"primaryImageOfPage":{"@id":"https:\/\/gsantana2005.net\/index.php\/2024\/03\/05\/unindo-forcas-em-torno-do-esg-para-um-futuro-sustentavel\/#primaryimage"},"image":{"@id":"https:\/\/gsantana2005.net\/index.php\/2024\/03\/05\/unindo-forcas-em-torno-do-esg-para-um-futuro-sustentavel\/#primaryimage"},"thumbnailUrl":"https:\/\/gsantana2005.net\/wp-content\/uploads\/2023\/08\/ESG.png","datePublished":"2024-03-05T18:30:41+00:00","dateModified":"2024-03-05T18:31:30+00:00","description":"Unindo for\u00e7as em torno do ESG para um futuro sustent\u00e1vel mostra para voc\u00ea que sem a colabora\u00e7\u00e3o n\u00e3o resolveremos nossos problemais ambientais","breadcrumb":{"@id":"https:\/\/gsantana2005.net\/index.php\/2024\/03\/05\/unindo-forcas-em-torno-do-esg-para-um-futuro-sustentavel\/#breadcrumb"},"inLanguage":"pt-BR","potentialAction":[{"@type":"ReadAction","target":["https:\/\/gsantana2005.net\/index.php\/2024\/03\/05\/unindo-forcas-em-torno-do-esg-para-um-futuro-sustentavel\/"]}]},{"@type":"ImageObject","inLanguage":"pt-BR","@id":"https:\/\/gsantana2005.net\/index.php\/2024\/03\/05\/unindo-forcas-em-torno-do-esg-para-um-futuro-sustentavel\/#primaryimage","url":"https:\/\/gsantana2005.net\/wp-content\/uploads\/2023\/08\/ESG.png","contentUrl":"https:\/\/gsantana2005.net\/wp-content\/uploads\/2023\/08\/ESG.png","width":2000,"height":1334,"caption":"ESG"},{"@type":"BreadcrumbList","@id":"https:\/\/gsantana2005.net\/index.php\/2024\/03\/05\/unindo-forcas-em-torno-do-esg-para-um-futuro-sustentavel\/#breadcrumb","itemListElement":[{"@type":"ListItem","position":1,"name":"Home","item":"https:\/\/gsantana2005.net\/"},{"@type":"ListItem","position":2,"name":"Unindo for\u00e7as em torno do ESG para um futuro sustent\u00e1vel"}]},{"@type":"WebSite","@id":"https:\/\/gsantana2005.net\/#website","url":"https:\/\/gsantana2005.net\/","name":"gsantana2005","description":"Sejamos sustent\u00e1veis","publisher":{"@id":"https:\/\/gsantana2005.net\/#organization"},"potentialAction":[{"@type":"SearchAction","target":{"@type":"EntryPoint","urlTemplate":"https:\/\/gsantana2005.net\/?s={search_term_string}"},"query-input":{"@type":"PropertyValueSpecification","valueRequired":true,"valueName":"search_term_string"}}],"inLanguage":"pt-BR"},{"@type":"Organization","@id":"https:\/\/gsantana2005.net\/#organization","name":"gsantana2005","url":"https:\/\/gsantana2005.net\/","logo":{"@type":"ImageObject","inLanguage":"pt-BR","@id":"https:\/\/gsantana2005.net\/#\/schema\/logo\/image\/","url":"https:\/\/gsantana2005.net\/wp-content\/uploads\/2023\/06\/cropped-Gs-sem-fundo.jpg","contentUrl":"https:\/\/gsantana2005.net\/wp-content\/uploads\/2023\/06\/cropped-Gs-sem-fundo.jpg","width":100,"height":100,"caption":"gsantana2005"},"image":{"@id":"https:\/\/gsantana2005.net\/#\/schema\/logo\/image\/"}},{"@type":"Person","@id":"https:\/\/gsantana2005.net\/#\/schema\/person\/78c90c6f49a46ef4c8e69bafec347cb7","name":"gsantana2005","image":{"@type":"ImageObject","inLanguage":"pt-BR","@id":"https:\/\/gsantana2005.net\/#\/schema\/person\/image\/","url":"https:\/\/secure.gravatar.com\/avatar\/db3aa311fa8063e1f4df6b2da249929f?s=96&d=mm&r=g","contentUrl":"https:\/\/secure.gravatar.com\/avatar\/db3aa311fa8063e1f4df6b2da249929f?s=96&d=mm&r=g","caption":"gsantana2005"},"sameAs":["http:\/\/gsantana2005.net"],"url":"https:\/\/gsantana2005.net\/author\/gsantana2005\/"}]}},"amp_enabled":true,"_links":{"self":[{"href":"https:\/\/gsantana2005.net\/index.php\/wp-json\/wp\/v2\/posts\/1054"}],"collection":[{"href":"https:\/\/gsantana2005.net\/index.php\/wp-json\/wp\/v2\/posts"}],"about":[{"href":"https:\/\/gsantana2005.net\/index.php\/wp-json\/wp\/v2\/types\/post"}],"author":[{"embeddable":true,"href":"https:\/\/gsantana2005.net\/index.php\/wp-json\/wp\/v2\/users\/1"}],"replies":[{"embeddable":true,"href":"https:\/\/gsantana2005.net\/index.php\/wp-json\/wp\/v2\/comments?post=1054"}],"version-history":[{"count":1,"href":"https:\/\/gsantana2005.net\/index.php\/wp-json\/wp\/v2\/posts\/1054\/revisions"}],"predecessor-version":[{"id":1055,"href":"https:\/\/gsantana2005.net\/index.php\/wp-json\/wp\/v2\/posts\/1054\/revisions\/1055"}],"wp:featuredmedia":[{"embeddable":true,"href":"https:\/\/gsantana2005.net\/index.php\/wp-json\/wp\/v2\/media\/739"}],"wp:attachment":[{"href":"https:\/\/gsantana2005.net\/index.php\/wp-json\/wp\/v2\/media?parent=1054"}],"wp:term":[{"taxonomy":"category","embeddable":true,"href":"https:\/\/gsantana2005.net\/index.php\/wp-json\/wp\/v2\/categories?post=1054"},{"taxonomy":"post_tag","embeddable":true,"href":"https:\/\/gsantana2005.net\/index.php\/wp-json\/wp\/v2\/tags?post=1054"}],"curies":[{"name":"wp","href":"https:\/\/api.w.org\/{rel}","templated":true}]}}