{"id":1071,"date":"2024-03-10T13:49:08","date_gmt":"2024-03-10T13:49:08","guid":{"rendered":"https:\/\/gsantana2005.net\/?p=1071"},"modified":"2024-03-10T14:10:07","modified_gmt":"2024-03-10T14:10:07","slug":"a-sustentabilidade-como-caminho-para-o-futuro","status":"publish","type":"post","link":"https:\/\/gsantana2005.net\/index.php\/2024\/03\/10\/a-sustentabilidade-como-caminho-para-o-futuro\/","title":{"rendered":"A Sustentabilidade como Caminho para o Futuro: Um Desafio Coletivo"},"content":{"rendered":"\n<p>A Sustentabilidade como Caminho para o Futuro: Um Desafio Coletivo \u00e9 um artigo que convida voc\u00ea para ser sustent\u00e1vel. Uma vez que, em um mundo cada vez mais impactado pelas mudan\u00e7as clim\u00e1ticas, a escassez de recursos naturais e a degrada\u00e7\u00e3o ambiental, a sustentabilidade emerge como um imperativo para a constru\u00e7\u00e3o de um futuro pr\u00f3spero e equitativo. Mais do que um conceito abstrato, a sustentabilidade se traduz sobretudo em um conjunto de a\u00e7\u00f5es e pr\u00e1ticas que visam conciliar o desenvolvimento social e econ\u00f4mico com a preserva\u00e7\u00e3o do meio ambiente para as presentes e futuras gera\u00e7\u00f5es.<\/p>\n\n\n\n<p>Em princ\u00edpio, nesta jornada por um futuro sustent\u00e1vel, a participa\u00e7\u00e3o de todos os setores da sociedade \u00e9 fundamental. Governos, empresas, institui\u00e7\u00f5es civis e indiv\u00edduos \u2013 cada um tem um papel crucial a desempenhar.<\/p>\n\n\n\n<h3 class=\"wp-block-heading\">No \u00e2mbito governamental:<\/h3>\n\n\n\n<ul class=\"wp-block-list\">\n<li>A cria\u00e7\u00e3o e implementa\u00e7\u00e3o de pol\u00edticas p\u00fablicas que incentivem a sustentabilidade em todas as \u00e1reas, desde a gera\u00e7\u00e3o de energia at\u00e9 a gest\u00e3o de res\u00edduos.<\/li>\n\n\n\n<li>Investimento em pesquisa e desenvolvimento de tecnologias limpas e eficientes.<\/li>\n\n\n\n<li>Promo\u00e7\u00e3o da educa\u00e7\u00e3o ambiental para conscientizar a popula\u00e7\u00e3o sobre a import\u00e2ncia da preserva\u00e7\u00e3o do meio ambiente.<\/li>\n<\/ul>\n\n\n\n<h3 class=\"wp-block-heading\">As empresas, por sua vez:<\/h3>\n\n\n\n<ul class=\"wp-block-list\">\n<li>Devem adotar pr\u00e1ticas sustent\u00e1veis em suas opera\u00e7\u00f5es, como a redu\u00e7\u00e3o do consumo de energia e \u00e1gua, a utiliza\u00e7\u00e3o de materiais reciclados e a minimiza\u00e7\u00e3o da gera\u00e7\u00e3o de res\u00edduos.<\/li>\n\n\n\n<li>Investir em energias renov\u00e1veis e tecnologias verdes.<\/li>\n\n\n\n<li>Desenvolver produtos e servi\u00e7os ecologicamente corretos.<\/li>\n<\/ul>\n\n\n\n<h3 class=\"wp-block-heading\">As institui\u00e7\u00f5es civis:<\/h3>\n\n\n\n<ul class=\"wp-block-list\">\n<li>T\u00eam um papel fundamental na mobiliza\u00e7\u00e3o da sociedade civil e na promo\u00e7\u00e3o da participa\u00e7\u00e3o p\u00fablica nas decis\u00f5es relacionadas \u00e0 sustentabilidade.<\/li>\n\n\n\n<li>Devem atuar como agentes de conscientiza\u00e7\u00e3o e educa\u00e7\u00e3o ambiental.<\/li>\n\n\n\n<li>Apoiar e fortalecer iniciativas que promovam a sustentabilidade em diferentes \u00e1reas.<\/li>\n<\/ul>\n\n\n\n<h3 class=\"wp-block-heading\">No \u00e2mbito individual:<\/h3>\n\n\n\n<ul class=\"wp-block-list\">\n<li>Cada um de n\u00f3s pode fazer a diferen\u00e7a no dia a dia, adotando h\u00e1bitos mais sustent\u00e1veis, por exemplo:\n<ul class=\"wp-block-list\">\n<li>Reduzir o consumo de energia e \u00e1gua;<\/li>\n\n\n\n<li>Separar o lixo para reciclagem;<\/li>\n\n\n\n<li>Optar por produtos ecologicamente corretos;<\/li>\n\n\n\n<li>Utilizar meios de transporte alternativos, como bicicleta ou transporte p\u00fablico.<\/li>\n<\/ul>\n<\/li>\n<\/ul>\n\n\n\n<p><strong>A sustentabilidade n\u00e3o se trata apenas de proteger o meio ambiente, mas tamb\u00e9m de garantir a justi\u00e7a social e a qualidade de vida para todos.<\/strong> \u00c9 um compromisso com as futuras gera\u00e7\u00f5es e com a constru\u00e7\u00e3o de um mundo mais justo, equitativo e pr\u00f3spero.<\/p>\n\n\n\n<p><strong>Para alcan\u00e7armos os objetivos de sustentabilidade, \u00e9 fundamental a uni\u00e3o de esfor\u00e7os e a colabora\u00e7\u00e3o entre todos os setores da sociedade.<\/strong> Atrav\u00e9s da implementa\u00e7\u00e3o de pol\u00edticas p\u00fablicas eficazes, da ado\u00e7\u00e3o de pr\u00e1ticas sustent\u00e1veis pelas empresas, do engajamento da sociedade civil e da mudan\u00e7a de h\u00e1bitos no \u00e2mbito individual, podemos construir um futuro mais sustent\u00e1vel para todos.<\/p>\n\n\n\n<p><strong>A jornada para a sustentabilidade \u00e9 um desafio, mas tamb\u00e9m uma oportunidade.<\/strong> \u00c9 a oportunidade de construirmos um mundo melhor para n\u00f3s e para as pr\u00f3ximas gera\u00e7\u00f5es. Ent\u00e3o, um mundo onde o desenvolvimento humano esteja em harmonia com a natureza, onde os recursos naturais sejam utilizados de forma respons\u00e1vel e onde a justi\u00e7a social seja uma realidade para todos.<\/p>\n\n\n\n<h3 class=\"wp-block-heading\">Juntos, podemos fazer a diferen\u00e7a.<\/h3>\n\n\n\n<p><strong>Este blog se prop\u00f5e a ser um espa\u00e7o de di\u00e1logo e reflex\u00e3o sobre a sustentabilidade.<\/strong> Aqui voc\u00ea encontrar\u00e1 informa\u00e7\u00f5es sobre os principais desafios e oportunidades relacionados ao tema, al\u00e9m de dicas e sugest\u00f5es para que voc\u00ea possa contribuir para a constru\u00e7\u00e3o de um futuro mais sustent\u00e1vel.<\/p>\n\n\n\n<p><strong>Convidamos voc\u00ea a participar desta jornada conosco.<\/strong> Compartilhe suas ideias, sugest\u00f5es e experi\u00eancias. Juntos, podemos construir um futuro mais verde e pr\u00f3spero para todos.<\/p>\n\n\n\n<p><strong>Algumas iniciativas que demonstram a sustentabilidade em pr\u00e1tica:<\/strong><\/p>\n\n\n\n<ul class=\"wp-block-list\">\n<li><strong>A crescente utiliza\u00e7\u00e3o de energias renov\u00e1veis:<\/strong> A energia solar, e\u00f3lica e geot\u00e9rmica est\u00e3o se tornando cada vez mais populares e acess\u00edveis, o que contribui para a redu\u00e7\u00e3o das emiss\u00f5es de gases de efeito estufa.<\/li>\n\n\n\n<li><strong>O desenvolvimento da agricultura sustent\u00e1vel:<\/strong> A agroecologia e a permacultura s\u00e3o pr\u00e1ticas agr\u00edcolas que visam reduzir o impacto ambiental da agricultura e aumentar a qualidade dos alimentos.<\/li>\n\n\n\n<li><strong>A expans\u00e3o do movimento de consumo consciente:<\/strong> Cada vez mais pessoas est\u00e3o optando por comprar produtos ecologicamente corretos e de empresas que se comprometem com a sustentabilidade.<\/li>\n<\/ul>\n\n\n\n<p><strong>A sustentabilidade \u00e9 um caminho que se constr\u00f3i dia a dia, com pequenas a\u00e7\u00f5es e grandes mudan\u00e7as.<\/strong> Acreditamos que, juntos, podemos fazer a diferen\u00e7a e construir um futuro melhor para o nosso planeta.<\/p>\n\n\n\n<p><strong>Este blog \u00e9 um espa\u00e7o para voc\u00ea se informar, se inspirar e contribuir para a constru\u00e7\u00e3o de um futuro mais sustent\u00e1vel.<\/strong><\/p>\n\n\n\n<p><strong>Portanto, Junte-se a n\u00f3s nesta jornada! Portanto, a Sustentabilidade como Caminho para o Futuro: Um Desafio Coletivo e voc\u00ea faz parte disso.<\/strong><\/p>\n\n\n\n<h3 class=\"wp-block-heading\">Convite especial para voc\u00ea<\/h3>\n\n\n\n<p>Ent\u00e3o, depois deste\u00a0<strong>A Sustentabilidade como Caminho para o Futuro: Um Desafio Coletivo\u00a0<\/strong>acredito que queira saber mais de nossa contribui\u00e7\u00e3o na \u00e1rea ambiental. N\u00e3o fique inibido entre em contato:\u00a0<a href=\"mailto:gsantana2005@gmail.com\">gsantana2005@gmail.com<\/a>\u00a0veja o nosso\u00a0<a href=\"https:\/\/www.instagram.com\/genilsonpereirasantana1\/\" rel=\"nofollow noopener\" target=\"_blank\">Instagram<\/a><\/p>\n\n\n\n<p>Al\u00e9m disso, j\u00e1 que voc\u00ea chegou at\u00e9 aqui descubra mais sobre n\u00f3s artigos abaixo:<\/p>\n\n\n\n<ul class=\"wp-block-list\">\n<li><a href=\"https:\/\/gsantana2005.net\/index.php\/2023\/11\/30\/desbloqueando-o-valor-oculto-reciclando-o-pequeno-para-um-grande-impacto\/\" target=\"_blank\" rel=\"noreferrer noopener\">Desbloqueando o valor oculto: Reciclando o pequeno para um grande impacto<\/a><\/li>\n\n\n\n<li><a href=\"https:\/\/gsantana2005.net\/index.php\/2023\/11\/29\/reduza-a-pegada-de-carbono-digital-da-sua-empresa-rumo-a-um-futuro-sustentavel\/\" target=\"_blank\" rel=\"noreferrer noopener\">Reduza a Pegada de Carbono Digital da sua Empresa: Rumo a um Futuro Sustent\u00e1vel<\/a><\/li>\n\n\n\n<li><a href=\"https:\/\/gsantana2005.net\/index.php\/2023\/11\/28\/navegando-na-controversia-da-acao-climatica-global-da-cop28-de-dubai\/\" target=\"_blank\" rel=\"noreferrer noopener\">Navegando na controv\u00e9rsia da A\u00e7\u00e3o Clim\u00e1tica Global da COP28 de Dubai<\/a><\/li>\n\n\n\n<li><a href=\"https:\/\/gsantana2005.net\/index.php\/2023\/11\/28\/rascunho-automaticodespedindo-se-dos-plasticos-descartaveis-o-futuro-sustentavel-das-embalagens-de-celulose\/\">Despedindo-se dos Pl\u00e1sticos Descart\u00e1veis: O Futuro Sustent\u00e1vel das Embalagens de Celulose!<\/a><\/li>\n<\/ul>\n\n\n\n<p>Ent\u00e3o, conhe\u00e7a tamb\u00e9m nossos cursos sobre&nbsp;<a href=\"https:\/\/gsantana2005.net\/index.php\/2023\/07\/21\/gestao-de-residuos\/\">Gest\u00e3o de res\u00edduos<\/a>&nbsp;e&nbsp;<a href=\"https:\/\/gsantana2005.net\/index.php\/2023\/08\/08\/tratamento-de-efluentes\/\">Tratamento de efluentes<\/a>. Maiores informa\u00e7\u00f5es:&nbsp;<a href=\"mailto:gsantana2005@gmail.com\">gsantana2005@gmail.com<\/a>&nbsp;ou 92 991227158 (WhatsApp)<\/p>\n","protected":false},"excerpt":{"rendered":"<p>A Sustentabilidade como Caminho para o Futuro: Um Desafio Coletivo \u00e9 um artigo que convida voc\u00ea para ser sustent\u00e1vel. Uma vez que, em um mundo cada vez mais impactado pelas mudan\u00e7as clim\u00e1ticas, a escassez de recursos naturais e a degrada\u00e7\u00e3o ambiental, a sustentabilidade emerge como um imperativo para a constru\u00e7\u00e3o de um futuro pr\u00f3spero e [&hellip;]<\/p>\n","protected":false},"author":1,"featured_media":974,"comment_status":"open","ping_status":"closed","sticky":false,"template":"","format":"standard","meta":{"om_disable_all_campaigns":false,"_monsterinsights_skip_tracking":false,"_monsterinsights_sitenote_active":false,"_monsterinsights_sitenote_note":"","_monsterinsights_sitenote_category":0,"footnotes":"","_links_to":"","_links_to_target":""},"categories":[273,3,272],"tags":[881,878,876,875,877,323,879,880,882,320],"class_list":["post-1071","post","type-post","status-publish","format-standard","has-post-thumbnail","hentry","category-economia-de-recursos","category-genilson-pereira-santana","category-energias-renovaveis","tag-colaboracao","tag-desafios","tag-desenvolvimento-economico","tag-desenvolvimento-social","tag-futuro","tag-meio-ambiente","tag-oportunidades","tag-participacao","tag-politicas-publicas","tag-sustentabilidade"],"aioseo_notices":[],"yoast_head":"<!-- This site is optimized with the Yoast SEO plugin v24.5 - https:\/\/yoast.com\/wordpress\/plugins\/seo\/ -->\n<title>A Sustentabilidade como Caminho para o Futuro: Um Desafio Coletivo - gsantana2005<\/title>\n<meta name=\"description\" content=\"A Sustentabilidade como Caminho para o Futuro: Um Desafio Coletivo trata de uma chamada de aten\u00e7\u00e3o sobre a necessidade da preserva\u00e7\u00e3o\" \/>\n<meta name=\"robots\" content=\"index, follow, max-snippet:-1, max-image-preview:large, max-video-preview:-1\" \/>\n<link rel=\"canonical\" href=\"https:\/\/gsantana2005.net\/index.php\/2024\/03\/10\/a-sustentabilidade-como-caminho-para-o-futuro\/\" \/>\n<meta property=\"og:locale\" content=\"pt_BR\" \/>\n<meta property=\"og:type\" content=\"article\" \/>\n<meta property=\"og:title\" content=\"A Sustentabilidade como Caminho para o Futuro: Um Desafio Coletivo - gsantana2005\" \/>\n<meta property=\"og:description\" content=\"A Sustentabilidade como Caminho para o Futuro: Um Desafio Coletivo trata de uma chamada de aten\u00e7\u00e3o sobre a necessidade da preserva\u00e7\u00e3o\" \/>\n<meta property=\"og:url\" content=\"https:\/\/gsantana2005.net\/index.php\/2024\/03\/10\/a-sustentabilidade-como-caminho-para-o-futuro\/\" \/>\n<meta property=\"og:site_name\" content=\"gsantana2005\" \/>\n<meta property=\"article:published_time\" content=\"2024-03-10T13:49:08+00:00\" \/>\n<meta property=\"article:modified_time\" content=\"2024-03-10T14:10:07+00:00\" \/>\n<meta property=\"og:image\" content=\"http:\/\/gsantana2005.net\/wp-content\/uploads\/2024\/02\/pneus.jpg\" \/>\n\t<meta property=\"og:image:width\" content=\"1280\" \/>\n\t<meta property=\"og:image:height\" content=\"853\" \/>\n\t<meta property=\"og:image:type\" content=\"image\/jpeg\" \/>\n<meta name=\"author\" content=\"gsantana2005\" \/>\n<meta name=\"twitter:card\" content=\"summary_large_image\" \/>\n<meta name=\"twitter:label1\" content=\"Escrito por\" \/>\n\t<meta name=\"twitter:data1\" content=\"gsantana2005\" \/>\n\t<meta name=\"twitter:label2\" content=\"Est. tempo de leitura\" \/>\n\t<meta name=\"twitter:data2\" content=\"5 minutos\" \/>\n<script type=\"application\/ld+json\" class=\"yoast-schema-graph\">{\"@context\":\"https:\/\/schema.org\",\"@graph\":[{\"@type\":\"Article\",\"@id\":\"https:\/\/gsantana2005.net\/index.php\/2024\/03\/10\/a-sustentabilidade-como-caminho-para-o-futuro\/#article\",\"isPartOf\":{\"@id\":\"https:\/\/gsantana2005.net\/index.php\/2024\/03\/10\/a-sustentabilidade-como-caminho-para-o-futuro\/\"},\"author\":{\"name\":\"gsantana2005\",\"@id\":\"https:\/\/gsantana2005.net\/#\/schema\/person\/78c90c6f49a46ef4c8e69bafec347cb7\"},\"headline\":\"A Sustentabilidade como Caminho para o Futuro: Um Desafio Coletivo\",\"datePublished\":\"2024-03-10T13:49:08+00:00\",\"dateModified\":\"2024-03-10T14:10:07+00:00\",\"mainEntityOfPage\":{\"@id\":\"https:\/\/gsantana2005.net\/index.php\/2024\/03\/10\/a-sustentabilidade-como-caminho-para-o-futuro\/\"},\"wordCount\":984,\"commentCount\":0,\"publisher\":{\"@id\":\"https:\/\/gsantana2005.net\/#organization\"},\"image\":{\"@id\":\"https:\/\/gsantana2005.net\/index.php\/2024\/03\/10\/a-sustentabilidade-como-caminho-para-o-futuro\/#primaryimage\"},\"thumbnailUrl\":\"https:\/\/gsantana2005.net\/wp-content\/uploads\/2024\/02\/pneus.jpg\",\"keywords\":[\"colabora\u00e7\u00e3o\",\"desafios\",\"desenvolvimento econ\u00f4mico\",\"desenvolvimento social\",\"futuro\",\"Meio Ambiente\",\"oportunidades\",\"participa\u00e7\u00e3o\",\"pol\u00edticas p\u00fablicas\",\"Sustentabilidade\"],\"articleSection\":[\"Economia de Recursos\",\"Dr Genilson Santana\",\"Energias Renov\u00e1veis\"],\"inLanguage\":\"pt-BR\",\"potentialAction\":[{\"@type\":\"CommentAction\",\"name\":\"Comment\",\"target\":[\"https:\/\/gsantana2005.net\/index.php\/2024\/03\/10\/a-sustentabilidade-como-caminho-para-o-futuro\/#respond\"]}]},{\"@type\":\"WebPage\",\"@id\":\"https:\/\/gsantana2005.net\/index.php\/2024\/03\/10\/a-sustentabilidade-como-caminho-para-o-futuro\/\",\"url\":\"https:\/\/gsantana2005.net\/index.php\/2024\/03\/10\/a-sustentabilidade-como-caminho-para-o-futuro\/\",\"name\":\"A Sustentabilidade como Caminho para o Futuro: Um Desafio Coletivo - gsantana2005\",\"isPartOf\":{\"@id\":\"https:\/\/gsantana2005.net\/#website\"},\"primaryImageOfPage\":{\"@id\":\"https:\/\/gsantana2005.net\/index.php\/2024\/03\/10\/a-sustentabilidade-como-caminho-para-o-futuro\/#primaryimage\"},\"image\":{\"@id\":\"https:\/\/gsantana2005.net\/index.php\/2024\/03\/10\/a-sustentabilidade-como-caminho-para-o-futuro\/#primaryimage\"},\"thumbnailUrl\":\"https:\/\/gsantana2005.net\/wp-content\/uploads\/2024\/02\/pneus.jpg\",\"datePublished\":\"2024-03-10T13:49:08+00:00\",\"dateModified\":\"2024-03-10T14:10:07+00:00\",\"description\":\"A Sustentabilidade como Caminho para o Futuro: Um Desafio Coletivo trata de uma chamada de aten\u00e7\u00e3o sobre a necessidade da preserva\u00e7\u00e3o\",\"breadcrumb\":{\"@id\":\"https:\/\/gsantana2005.net\/index.php\/2024\/03\/10\/a-sustentabilidade-como-caminho-para-o-futuro\/#breadcrumb\"},\"inLanguage\":\"pt-BR\",\"potentialAction\":[{\"@type\":\"ReadAction\",\"target\":[\"https:\/\/gsantana2005.net\/index.php\/2024\/03\/10\/a-sustentabilidade-como-caminho-para-o-futuro\/\"]}]},{\"@type\":\"ImageObject\",\"inLanguage\":\"pt-BR\",\"@id\":\"https:\/\/gsantana2005.net\/index.php\/2024\/03\/10\/a-sustentabilidade-como-caminho-para-o-futuro\/#primaryimage\",\"url\":\"https:\/\/gsantana2005.net\/wp-content\/uploads\/2024\/02\/pneus.jpg\",\"contentUrl\":\"https:\/\/gsantana2005.net\/wp-content\/uploads\/2024\/02\/pneus.jpg\",\"width\":1280,\"height\":853,\"caption\":\"reciclagem\"},{\"@type\":\"BreadcrumbList\",\"@id\":\"https:\/\/gsantana2005.net\/index.php\/2024\/03\/10\/a-sustentabilidade-como-caminho-para-o-futuro\/#breadcrumb\",\"itemListElement\":[{\"@type\":\"ListItem\",\"position\":1,\"name\":\"Home\",\"item\":\"https:\/\/gsantana2005.net\/\"},{\"@type\":\"ListItem\",\"position\":2,\"name\":\"A Sustentabilidade como Caminho para o Futuro: Um Desafio Coletivo\"}]},{\"@type\":\"WebSite\",\"@id\":\"https:\/\/gsantana2005.net\/#website\",\"url\":\"https:\/\/gsantana2005.net\/\",\"name\":\"gsantana2005\",\"description\":\"Sejamos sustent\u00e1veis\",\"publisher\":{\"@id\":\"https:\/\/gsantana2005.net\/#organization\"},\"potentialAction\":[{\"@type\":\"SearchAction\",\"target\":{\"@type\":\"EntryPoint\",\"urlTemplate\":\"https:\/\/gsantana2005.net\/?s={search_term_string}\"},\"query-input\":{\"@type\":\"PropertyValueSpecification\",\"valueRequired\":true,\"valueName\":\"search_term_string\"}}],\"inLanguage\":\"pt-BR\"},{\"@type\":\"Organization\",\"@id\":\"https:\/\/gsantana2005.net\/#organization\",\"name\":\"gsantana2005\",\"url\":\"https:\/\/gsantana2005.net\/\",\"logo\":{\"@type\":\"ImageObject\",\"inLanguage\":\"pt-BR\",\"@id\":\"https:\/\/gsantana2005.net\/#\/schema\/logo\/image\/\",\"url\":\"https:\/\/gsantana2005.net\/wp-content\/uploads\/2023\/06\/cropped-Gs-sem-fundo.jpg\",\"contentUrl\":\"https:\/\/gsantana2005.net\/wp-content\/uploads\/2023\/06\/cropped-Gs-sem-fundo.jpg\",\"width\":100,\"height\":100,\"caption\":\"gsantana2005\"},\"image\":{\"@id\":\"https:\/\/gsantana2005.net\/#\/schema\/logo\/image\/\"}},{\"@type\":\"Person\",\"@id\":\"https:\/\/gsantana2005.net\/#\/schema\/person\/78c90c6f49a46ef4c8e69bafec347cb7\",\"name\":\"gsantana2005\",\"image\":{\"@type\":\"ImageObject\",\"inLanguage\":\"pt-BR\",\"@id\":\"https:\/\/gsantana2005.net\/#\/schema\/person\/image\/\",\"url\":\"https:\/\/secure.gravatar.com\/avatar\/db3aa311fa8063e1f4df6b2da249929f?s=96&d=mm&r=g\",\"contentUrl\":\"https:\/\/secure.gravatar.com\/avatar\/db3aa311fa8063e1f4df6b2da249929f?s=96&d=mm&r=g\",\"caption\":\"gsantana2005\"},\"sameAs\":[\"http:\/\/gsantana2005.net\"],\"url\":\"https:\/\/gsantana2005.net\/author\/gsantana2005\/\"}]}<\/script>\n<!-- \/ Yoast SEO plugin. -->","yoast_head_json":{"title":"A Sustentabilidade como Caminho para o Futuro: Um Desafio Coletivo - gsantana2005","description":"A Sustentabilidade como Caminho para o Futuro: Um Desafio Coletivo trata de uma chamada de aten\u00e7\u00e3o sobre a necessidade da preserva\u00e7\u00e3o","robots":{"index":"index","follow":"follow","max-snippet":"max-snippet:-1","max-image-preview":"max-image-preview:large","max-video-preview":"max-video-preview:-1"},"canonical":"https:\/\/gsantana2005.net\/index.php\/2024\/03\/10\/a-sustentabilidade-como-caminho-para-o-futuro\/","og_locale":"pt_BR","og_type":"article","og_title":"A Sustentabilidade como Caminho para o Futuro: Um Desafio Coletivo - gsantana2005","og_description":"A Sustentabilidade como Caminho para o Futuro: Um Desafio Coletivo trata de uma chamada de aten\u00e7\u00e3o sobre a necessidade da preserva\u00e7\u00e3o","og_url":"https:\/\/gsantana2005.net\/index.php\/2024\/03\/10\/a-sustentabilidade-como-caminho-para-o-futuro\/","og_site_name":"gsantana2005","article_published_time":"2024-03-10T13:49:08+00:00","article_modified_time":"2024-03-10T14:10:07+00:00","og_image":[{"width":1280,"height":853,"url":"http:\/\/gsantana2005.net\/wp-content\/uploads\/2024\/02\/pneus.jpg","type":"image\/jpeg"}],"author":"gsantana2005","twitter_card":"summary_large_image","twitter_misc":{"Escrito por":"gsantana2005","Est. tempo de leitura":"5 minutos"},"schema":{"@context":"https:\/\/schema.org","@graph":[{"@type":"Article","@id":"https:\/\/gsantana2005.net\/index.php\/2024\/03\/10\/a-sustentabilidade-como-caminho-para-o-futuro\/#article","isPartOf":{"@id":"https:\/\/gsantana2005.net\/index.php\/2024\/03\/10\/a-sustentabilidade-como-caminho-para-o-futuro\/"},"author":{"name":"gsantana2005","@id":"https:\/\/gsantana2005.net\/#\/schema\/person\/78c90c6f49a46ef4c8e69bafec347cb7"},"headline":"A Sustentabilidade como Caminho para o Futuro: Um Desafio Coletivo","datePublished":"2024-03-10T13:49:08+00:00","dateModified":"2024-03-10T14:10:07+00:00","mainEntityOfPage":{"@id":"https:\/\/gsantana2005.net\/index.php\/2024\/03\/10\/a-sustentabilidade-como-caminho-para-o-futuro\/"},"wordCount":984,"commentCount":0,"publisher":{"@id":"https:\/\/gsantana2005.net\/#organization"},"image":{"@id":"https:\/\/gsantana2005.net\/index.php\/2024\/03\/10\/a-sustentabilidade-como-caminho-para-o-futuro\/#primaryimage"},"thumbnailUrl":"https:\/\/gsantana2005.net\/wp-content\/uploads\/2024\/02\/pneus.jpg","keywords":["colabora\u00e7\u00e3o","desafios","desenvolvimento econ\u00f4mico","desenvolvimento social","futuro","Meio Ambiente","oportunidades","participa\u00e7\u00e3o","pol\u00edticas p\u00fablicas","Sustentabilidade"],"articleSection":["Economia de Recursos","Dr Genilson Santana","Energias Renov\u00e1veis"],"inLanguage":"pt-BR","potentialAction":[{"@type":"CommentAction","name":"Comment","target":["https:\/\/gsantana2005.net\/index.php\/2024\/03\/10\/a-sustentabilidade-como-caminho-para-o-futuro\/#respond"]}]},{"@type":"WebPage","@id":"https:\/\/gsantana2005.net\/index.php\/2024\/03\/10\/a-sustentabilidade-como-caminho-para-o-futuro\/","url":"https:\/\/gsantana2005.net\/index.php\/2024\/03\/10\/a-sustentabilidade-como-caminho-para-o-futuro\/","name":"A Sustentabilidade como Caminho para o Futuro: Um Desafio Coletivo - gsantana2005","isPartOf":{"@id":"https:\/\/gsantana2005.net\/#website"},"primaryImageOfPage":{"@id":"https:\/\/gsantana2005.net\/index.php\/2024\/03\/10\/a-sustentabilidade-como-caminho-para-o-futuro\/#primaryimage"},"image":{"@id":"https:\/\/gsantana2005.net\/index.php\/2024\/03\/10\/a-sustentabilidade-como-caminho-para-o-futuro\/#primaryimage"},"thumbnailUrl":"https:\/\/gsantana2005.net\/wp-content\/uploads\/2024\/02\/pneus.jpg","datePublished":"2024-03-10T13:49:08+00:00","dateModified":"2024-03-10T14:10:07+00:00","description":"A Sustentabilidade como Caminho para o Futuro: Um Desafio Coletivo trata de uma chamada de aten\u00e7\u00e3o sobre a necessidade da preserva\u00e7\u00e3o","breadcrumb":{"@id":"https:\/\/gsantana2005.net\/index.php\/2024\/03\/10\/a-sustentabilidade-como-caminho-para-o-futuro\/#breadcrumb"},"inLanguage":"pt-BR","potentialAction":[{"@type":"ReadAction","target":["https:\/\/gsantana2005.net\/index.php\/2024\/03\/10\/a-sustentabilidade-como-caminho-para-o-futuro\/"]}]},{"@type":"ImageObject","inLanguage":"pt-BR","@id":"https:\/\/gsantana2005.net\/index.php\/2024\/03\/10\/a-sustentabilidade-como-caminho-para-o-futuro\/#primaryimage","url":"https:\/\/gsantana2005.net\/wp-content\/uploads\/2024\/02\/pneus.jpg","contentUrl":"https:\/\/gsantana2005.net\/wp-content\/uploads\/2024\/02\/pneus.jpg","width":1280,"height":853,"caption":"reciclagem"},{"@type":"BreadcrumbList","@id":"https:\/\/gsantana2005.net\/index.php\/2024\/03\/10\/a-sustentabilidade-como-caminho-para-o-futuro\/#breadcrumb","itemListElement":[{"@type":"ListItem","position":1,"name":"Home","item":"https:\/\/gsantana2005.net\/"},{"@type":"ListItem","position":2,"name":"A Sustentabilidade como Caminho para o Futuro: Um Desafio Coletivo"}]},{"@type":"WebSite","@id":"https:\/\/gsantana2005.net\/#website","url":"https:\/\/gsantana2005.net\/","name":"gsantana2005","description":"Sejamos sustent\u00e1veis","publisher":{"@id":"https:\/\/gsantana2005.net\/#organization"},"potentialAction":[{"@type":"SearchAction","target":{"@type":"EntryPoint","urlTemplate":"https:\/\/gsantana2005.net\/?s={search_term_string}"},"query-input":{"@type":"PropertyValueSpecification","valueRequired":true,"valueName":"search_term_string"}}],"inLanguage":"pt-BR"},{"@type":"Organization","@id":"https:\/\/gsantana2005.net\/#organization","name":"gsantana2005","url":"https:\/\/gsantana2005.net\/","logo":{"@type":"ImageObject","inLanguage":"pt-BR","@id":"https:\/\/gsantana2005.net\/#\/schema\/logo\/image\/","url":"https:\/\/gsantana2005.net\/wp-content\/uploads\/2023\/06\/cropped-Gs-sem-fundo.jpg","contentUrl":"https:\/\/gsantana2005.net\/wp-content\/uploads\/2023\/06\/cropped-Gs-sem-fundo.jpg","width":100,"height":100,"caption":"gsantana2005"},"image":{"@id":"https:\/\/gsantana2005.net\/#\/schema\/logo\/image\/"}},{"@type":"Person","@id":"https:\/\/gsantana2005.net\/#\/schema\/person\/78c90c6f49a46ef4c8e69bafec347cb7","name":"gsantana2005","image":{"@type":"ImageObject","inLanguage":"pt-BR","@id":"https:\/\/gsantana2005.net\/#\/schema\/person\/image\/","url":"https:\/\/secure.gravatar.com\/avatar\/db3aa311fa8063e1f4df6b2da249929f?s=96&d=mm&r=g","contentUrl":"https:\/\/secure.gravatar.com\/avatar\/db3aa311fa8063e1f4df6b2da249929f?s=96&d=mm&r=g","caption":"gsantana2005"},"sameAs":["http:\/\/gsantana2005.net"],"url":"https:\/\/gsantana2005.net\/author\/gsantana2005\/"}]}},"amp_enabled":true,"_links":{"self":[{"href":"https:\/\/gsantana2005.net\/index.php\/wp-json\/wp\/v2\/posts\/1071"}],"collection":[{"href":"https:\/\/gsantana2005.net\/index.php\/wp-json\/wp\/v2\/posts"}],"about":[{"href":"https:\/\/gsantana2005.net\/index.php\/wp-json\/wp\/v2\/types\/post"}],"author":[{"embeddable":true,"href":"https:\/\/gsantana2005.net\/index.php\/wp-json\/wp\/v2\/users\/1"}],"replies":[{"embeddable":true,"href":"https:\/\/gsantana2005.net\/index.php\/wp-json\/wp\/v2\/comments?post=1071"}],"version-history":[{"count":1,"href":"https:\/\/gsantana2005.net\/index.php\/wp-json\/wp\/v2\/posts\/1071\/revisions"}],"predecessor-version":[{"id":1072,"href":"https:\/\/gsantana2005.net\/index.php\/wp-json\/wp\/v2\/posts\/1071\/revisions\/1072"}],"wp:featuredmedia":[{"embeddable":true,"href":"https:\/\/gsantana2005.net\/index.php\/wp-json\/wp\/v2\/media\/974"}],"wp:attachment":[{"href":"https:\/\/gsantana2005.net\/index.php\/wp-json\/wp\/v2\/media?parent=1071"}],"wp:term":[{"taxonomy":"category","embeddable":true,"href":"https:\/\/gsantana2005.net\/index.php\/wp-json\/wp\/v2\/categories?post=1071"},{"taxonomy":"post_tag","embeddable":true,"href":"https:\/\/gsantana2005.net\/index.php\/wp-json\/wp\/v2\/tags?post=1071"}],"curies":[{"name":"wp","href":"https:\/\/api.w.org\/{rel}","templated":true}]}}