{"id":1085,"date":"2024-03-13T16:38:25","date_gmt":"2024-03-13T16:38:25","guid":{"rendered":"https:\/\/gsantana2005.net\/?p=1085"},"modified":"2024-03-13T16:39:04","modified_gmt":"2024-03-13T16:39:04","slug":"a-importancia-da-reciclagem-de-fios-de-cobre","status":"publish","type":"post","link":"https:\/\/gsantana2005.net\/index.php\/2024\/03\/13\/a-importancia-da-reciclagem-de-fios-de-cobre\/","title":{"rendered":"A import\u00e2ncia da reciclagem de fios de cobre"},"content":{"rendered":"\n<p>Ent\u00e3o, a import\u00e2ncia da reciclagem de fios de cobre \u00e9 um artigo que mostra para voc\u00ea a import\u00e2ncia deste metal para aplica\u00e7\u00f5es tecnol\u00f3gicas. Assim, no vasto universo da reciclagem, o cobre brilha como um dos metais mais cobi\u00e7ados. Sua excepcional condutividade e maleabilidade o tornam extremamente valioso para diversas ind\u00fastrias, transformando a sucata de fios de cobre em um ativo precioso para o meio ambiente e a economia.<\/p>\n\n\n\n<p>Dessa forma, este guia completo de 1000 palavras foi elaborado para desmistificar o processo de reciclagem de fios de cobre, oferecendo uma b\u00fassola para entusiastas do fa\u00e7a voc\u00ea mesmo e profissionais da ind\u00fastria que desejam maximizar o valor de sua sucata.<\/p>\n\n\n\n<h3 class=\"wp-block-heading\"><strong>Aplica\u00e7\u00f5es Comuns do Fio de Cobre Sucateado<\/strong><\/h3>\n\n\n\n<p>A princ\u00edpio, o cobre encontra sua maior aplica\u00e7\u00e3o na constru\u00e7\u00e3o civil. Mas sua presen\u00e7a \u00e9 essencial para:<\/p>\n\n\n\n<ul class=\"wp-block-list\">\n<li>Eletr\u00f4nicos, <\/li>\n\n\n\n<li>Maquin\u00e1rios industriais, <\/li>\n\n\n\n<li>Meios de transporte <\/li>\n\n\n\n<li>Produtos de consumo.<\/li>\n<\/ul>\n\n\n\n<h3 class=\"wp-block-heading\">Fontes Comerciais e Residenciais<\/h3>\n\n\n\n<p>Ambientes comerciais e industriais s\u00e3o prol\u00edficos produtores de sucata de fio de cobre. Locais de constru\u00e7\u00e3o, por exemplo, geram uma quantidade consider\u00e1vel de sucata a partir de fia\u00e7\u00f5es descartadas e equipamentos obsoletos. Da mesma forma, resid\u00eancias contribuem com uma parcela significativa, especialmente durante reformas, atrav\u00e9s de eletrodom\u00e9sticos antigos e sistemas el\u00e9tricos desatualizados.<\/p>\n\n\n\n<h3 class=\"wp-block-heading\">Etapas da Reciclagem de Fios de Cobre<\/h3>\n\n\n\n<p><strong>1. Coleta de Fios de Cobre:<\/strong><\/p>\n\n\n\n<p>A princ\u00edpio, o primeiro passo envolve a coleta de fios de cobre para reciclagem, oriundos de cabos el\u00e9tricos, eletrodom\u00e9sticos e eletr\u00f4nicos descartados.<\/p>\n\n\n\n<p><strong>2. Separa\u00e7\u00e3o por Grau:<\/strong><\/p>\n\n\n\n<p>A classifica\u00e7\u00e3o dos fios de cobre por grau \u00e9 crucial. Assim, diferentes tipos de cobre s\u00e3o valorizados de maneira distinta no mercado de reciclagem.<\/p>\n\n\n\n<p><strong>3. Prepara\u00e7\u00e3o da Sucata:<\/strong><\/p>\n\n\n\n<p>Organizar os fios de cobre de forma adequada facilita o processo de pesagem e precifica\u00e7\u00e3o no ferro-velho.<\/p>\n\n\n\n<p><strong>4. Pesquisa de Pre\u00e7os:<\/strong><\/p>\n\n\n\n<p>Estar atualizado sobre os pre\u00e7os de mercado do cobre pode garantir que voc\u00ea obtenha o melhor valor poss\u00edvel por sua sucata.<\/p>\n\n\n\n<p><strong>5. Escolha de um Ferro-Velho de Confian\u00e7a:<\/strong><\/p>\n\n\n\n<p>A sele\u00e7\u00e3o de um estabelecimento especializado e ecologicamente respons\u00e1vel \u00e9 fundamental para uma parceria de reciclagem bem-sucedida.<\/p>\n\n\n\n<h3 class=\"wp-block-heading\"><strong>Processamento de Fios de Cobre<\/strong><\/h3>\n\n\n\n<p>O processamento de fios de cobre sucateados abrange uma s\u00e9rie de t\u00e9cnicas projetadas para extrair o cobre dos materiais n\u00e3o desejados, como isolamento e pl\u00e1sticos. Ent\u00e3o, m\u00e9todos comuns incluem descascar, picar, triturar e granular, cada um adequado a diferentes tipos e condi\u00e7\u00f5es de fios de cobre.<\/p>\n\n\n\n<h3 class=\"wp-block-heading\"><strong>Determinando o Valor do Cobre<\/strong><\/h3>\n\n\n\n<p>O valor do cobre no mercado \u00e9 influenciado por diversos fatores, incluindo condi\u00e7\u00f5es de mercado, grau e qualidade do metal. A compreens\u00e3o desses elementos pode ajudar a maximizar os lucros obtidos com a venda de sucata de cobre.<\/p>\n\n\n\n<h3 class=\"wp-block-heading\"><strong>Maximizando o Valor da Sua Sucata com Parceiros Confi\u00e1veis<\/strong><\/h3>\n\n\n\n<p>Para garantir uma experi\u00eancia de reciclagem sem transtornos e economicamente proveitosa, \u00e9 vital escolher um parceiro de reciclagem confi\u00e1vel e experiente. Estabelecimentos especializados em reciclagem de metais, como o GLE Scrap Metal, oferecem servi\u00e7os especializados que podem ajudar tanto empresas quanto indiv\u00edduos a maximizar o valor de sua sucata de cobre.<\/p>\n\n\n\n<h3 class=\"wp-block-heading\"><strong>Benef\u00edcios da Reciclagem de Fios de Cobre:<\/strong><\/h3>\n\n\n\n<ul class=\"wp-block-list\">\n<li><strong>Sustentabilidade Ambiental:<\/strong> A reciclagem de cobre reduz a necessidade de extra\u00e7\u00e3o de min\u00e9rios, preservando recursos naturais e diminuindo o impacto ambiental.<\/li>\n\n\n\n<li><strong>Conserva\u00e7\u00e3o de Energia:<\/strong> O processo de reciclagem de cobre requer menos energia do que a produ\u00e7\u00e3o de cobre prim\u00e1rio, contribuindo para a economia de energia e a redu\u00e7\u00e3o de emiss\u00f5es de gases de efeito estufa.<\/li>\n\n\n\n<li><strong>Benef\u00edcios Econ\u00f4micos:<\/strong> A reciclagem de fios de cobre gera renda para os recicladores e contribui para a economia circular, criando novos empregos e oportunidades.<\/li>\n<\/ul>\n\n\n\n<h3 class=\"wp-block-heading\"><strong>Conclus\u00e3o<\/strong><\/h3>\n\n\n\n<p>A reciclagem de fios de cobre representa uma oportunidade extraordin\u00e1ria para contribuir com a sustentabilidade ambiental e obter benef\u00edcios financeiros. Ao seguir as diretrizes apresentadas neste guia, voc\u00ea estar\u00e1 bem posicionado para navegar com sucesso no mundo da reciclagem de fios de cobre, garantindo que cada etapa do processo seja t\u00e3o eficiente e lucrativa quanto poss\u00edvel.<\/p>\n\n\n\n<h3 class=\"wp-block-heading\"><strong>Dicas Adicionais:<\/strong><\/h3>\n\n\n\n<ul class=\"wp-block-list\">\n<li><strong>Consulte um profissional:<\/strong> Se voc\u00ea n\u00e3o tem certeza sobre como identificar ou preparar sua sucata de cobre, consulte um profissional de reciclagem para obter orienta\u00e7\u00e3o.<\/li>\n\n\n\n<li><strong>Seguran\u00e7a em primeiro lugar:<\/strong> Tome precau\u00e7\u00f5es de seguran\u00e7a ao manusear fios de cobre, como usar luvas e \u00f3culos de prote\u00e7\u00e3o.<\/li>\n\n\n\n<li><strong>Pesquisa e educa\u00e7\u00e3o:<\/strong> Mantenha-se atualizado sobre as \u00faltimas pr\u00e1ticas de reciclagem<\/li>\n<\/ul>\n\n\n\n<h3 class=\"wp-block-heading\">Convite especial para voc\u00ea<\/h3>\n\n\n\n<p>Ent\u00e3o, depois deste\u00a0<strong>A import\u00e2ncia da reciclagem de fios de cobre<\/strong>\u00a0<strong>\u00a0<\/strong>acredito que queira saber mais de nossa contribui\u00e7\u00e3o na \u00e1rea ambiental. N\u00e3o fique inibido entre em contato:\u00a0<a href=\"mailto:gsantana2005@gmail.com\">gsantana2005@gmail.com<\/a>\u00a0veja o nosso\u00a0<a href=\"https:\/\/www.instagram.com\/genilsonpereirasantana1\/\" rel=\"nofollow noopener\" target=\"_blank\">Instagram<\/a><\/p>\n\n\n\n<p>Al\u00e9m disso, j\u00e1 que voc\u00ea chegou at\u00e9 aqui descubra mais sobre n\u00f3s artigos abaixo:<\/p>\n\n\n\n<ul class=\"wp-block-list\">\n<li><a href=\"https:\/\/gsantana2005.net\/index.php\/2023\/11\/30\/desbloqueando-o-valor-oculto-reciclando-o-pequeno-para-um-grande-impacto\/\" target=\"_blank\" rel=\"noreferrer noopener\">Desbloqueando o valor oculto: Reciclando o pequeno para um grande impacto<\/a><\/li>\n\n\n\n<li><a href=\"https:\/\/gsantana2005.net\/index.php\/2023\/11\/29\/reduza-a-pegada-de-carbono-digital-da-sua-empresa-rumo-a-um-futuro-sustentavel\/\" target=\"_blank\" rel=\"noreferrer noopener\">Reduza a Pegada de Carbono Digital da sua Empresa: Rumo a um Futuro Sustent\u00e1vel<\/a><\/li>\n\n\n\n<li><a href=\"https:\/\/gsantana2005.net\/index.php\/2023\/11\/28\/navegando-na-controversia-da-acao-climatica-global-da-cop28-de-dubai\/\" target=\"_blank\" rel=\"noreferrer noopener\">Navegando na controv\u00e9rsia da A\u00e7\u00e3o Clim\u00e1tica Global da COP28 de Dubai<\/a><\/li>\n\n\n\n<li><a href=\"https:\/\/gsantana2005.net\/index.php\/2023\/11\/28\/rascunho-automaticodespedindo-se-dos-plasticos-descartaveis-o-futuro-sustentavel-das-embalagens-de-celulose\/\">Despedindo-se dos Pl\u00e1sticos Descart\u00e1veis: O Futuro Sustent\u00e1vel das Embalagens de Celulose!<\/a><\/li>\n<\/ul>\n\n\n\n<p>Ent\u00e3o, conhe\u00e7a tamb\u00e9m nossos cursos sobre&nbsp;<a href=\"https:\/\/gsantana2005.net\/index.php\/2023\/07\/21\/gestao-de-residuos\/\">Gest\u00e3o de res\u00edduos<\/a>&nbsp;e&nbsp;<a href=\"https:\/\/gsantana2005.net\/index.php\/2023\/08\/08\/tratamento-de-efluentes\/\">Tratamento de efluentes<\/a>. Maiores informa\u00e7\u00f5es:&nbsp;<a href=\"mailto:gsantana2005@gmail.com\">gsantana2005@gmail.com<\/a>&nbsp;ou 92 991227158 (WhatsApp)<\/p>\n","protected":false},"excerpt":{"rendered":"<p>Ent\u00e3o, a import\u00e2ncia da reciclagem de fios de cobre \u00e9 um artigo que mostra para voc\u00ea a import\u00e2ncia deste metal para aplica\u00e7\u00f5es tecnol\u00f3gicas. Assim, no vasto universo da reciclagem, o cobre brilha como um dos metais mais cobi\u00e7ados. Sua excepcional condutividade e maleabilidade o tornam extremamente valioso para diversas ind\u00fastrias, transformando a sucata de fios [&hellip;]<\/p>\n","protected":false},"author":1,"featured_media":920,"comment_status":"open","ping_status":"closed","sticky":false,"template":"","format":"standard","meta":{"om_disable_all_campaigns":false,"_monsterinsights_skip_tracking":false,"_monsterinsights_sitenote_active":false,"_monsterinsights_sitenote_note":"","_monsterinsights_sitenote_category":0,"footnotes":"","_links_to":"","_links_to_target":""},"categories":[273,3,4],"tags":[904,906,136,905,903,752,900,901,285,902],"class_list":["post-1085","post","type-post","status-publish","format-standard","has-post-thumbnail","hentry","category-economia-de-recursos","category-genilson-pereira-santana","category-reciclagem-e-upcycling","tag-beneficios-economicos","tag-cobre-sustentavel","tag-economia-circular","tag-guia-de-reciclagem","tag-mercado-de-reciclagem","tag-processo-de-reciclagem","tag-reciclagem-de-fios-de-cobre","tag-sucata-de-cobre","tag-sustentabilidade-ambiental","tag-valorizacao-da-sucata"],"aioseo_notices":[],"yoast_head":"<!-- This site is optimized with the Yoast SEO plugin v24.5 - https:\/\/yoast.com\/wordpress\/plugins\/seo\/ -->\n<title>A import\u00e2ncia da reciclagem de fios de cobre - gsantana2005<\/title>\n<meta name=\"description\" content=\"A import\u00e2ncia da reciclagem de fios de cobre \u00e9 um artigo para voc\u00ea entender como \u00e9 a reciclagem deste metal t\u00e3o importante.\" \/>\n<meta name=\"robots\" content=\"index, follow, max-snippet:-1, max-image-preview:large, max-video-preview:-1\" \/>\n<link rel=\"canonical\" href=\"https:\/\/gsantana2005.net\/index.php\/2024\/03\/13\/a-importancia-da-reciclagem-de-fios-de-cobre\/\" \/>\n<meta property=\"og:locale\" content=\"pt_BR\" \/>\n<meta property=\"og:type\" content=\"article\" \/>\n<meta property=\"og:title\" content=\"A import\u00e2ncia da reciclagem de fios de cobre - gsantana2005\" \/>\n<meta property=\"og:description\" content=\"A import\u00e2ncia da reciclagem de fios de cobre \u00e9 um artigo para voc\u00ea entender como \u00e9 a reciclagem deste metal t\u00e3o importante.\" \/>\n<meta property=\"og:url\" content=\"https:\/\/gsantana2005.net\/index.php\/2024\/03\/13\/a-importancia-da-reciclagem-de-fios-de-cobre\/\" \/>\n<meta property=\"og:site_name\" content=\"gsantana2005\" \/>\n<meta property=\"article:published_time\" content=\"2024-03-13T16:38:25+00:00\" \/>\n<meta property=\"article:modified_time\" content=\"2024-03-13T16:39:04+00:00\" \/>\n<meta property=\"og:image\" content=\"http:\/\/gsantana2005.net\/wp-content\/uploads\/2023\/12\/cobre-reciclado.jpg\" \/>\n\t<meta property=\"og:image:width\" content=\"948\" \/>\n\t<meta property=\"og:image:height\" content=\"533\" \/>\n\t<meta property=\"og:image:type\" content=\"image\/jpeg\" \/>\n<meta name=\"author\" content=\"gsantana2005\" \/>\n<meta name=\"twitter:card\" content=\"summary_large_image\" \/>\n<meta name=\"twitter:label1\" content=\"Escrito por\" \/>\n\t<meta name=\"twitter:data1\" content=\"gsantana2005\" \/>\n\t<meta name=\"twitter:label2\" content=\"Est. tempo de leitura\" \/>\n\t<meta name=\"twitter:data2\" content=\"5 minutos\" \/>\n<script type=\"application\/ld+json\" class=\"yoast-schema-graph\">{\"@context\":\"https:\/\/schema.org\",\"@graph\":[{\"@type\":\"Article\",\"@id\":\"https:\/\/gsantana2005.net\/index.php\/2024\/03\/13\/a-importancia-da-reciclagem-de-fios-de-cobre\/#article\",\"isPartOf\":{\"@id\":\"https:\/\/gsantana2005.net\/index.php\/2024\/03\/13\/a-importancia-da-reciclagem-de-fios-de-cobre\/\"},\"author\":{\"name\":\"gsantana2005\",\"@id\":\"https:\/\/gsantana2005.net\/#\/schema\/person\/78c90c6f49a46ef4c8e69bafec347cb7\"},\"headline\":\"A import\u00e2ncia da reciclagem de fios de cobre\",\"datePublished\":\"2024-03-13T16:38:25+00:00\",\"dateModified\":\"2024-03-13T16:39:04+00:00\",\"mainEntityOfPage\":{\"@id\":\"https:\/\/gsantana2005.net\/index.php\/2024\/03\/13\/a-importancia-da-reciclagem-de-fios-de-cobre\/\"},\"wordCount\":906,\"commentCount\":0,\"publisher\":{\"@id\":\"https:\/\/gsantana2005.net\/#organization\"},\"image\":{\"@id\":\"https:\/\/gsantana2005.net\/index.php\/2024\/03\/13\/a-importancia-da-reciclagem-de-fios-de-cobre\/#primaryimage\"},\"thumbnailUrl\":\"https:\/\/gsantana2005.net\/wp-content\/uploads\/2023\/12\/cobre-reciclado.jpg\",\"keywords\":[\"Benef\u00edcios Econ\u00f4micos\",\"Cobre Sustent\u00e1vel\",\"economia circular\",\"Guia de Reciclagem\",\"Mercado de Reciclagem\",\"Processo de Reciclagem\",\"Reciclagem de Fios de Cobre\",\"Sucata de Cobre\",\"Sustentabilidade Ambiental\",\"Valoriza\u00e7\u00e3o da Sucata\"],\"articleSection\":[\"Economia de Recursos\",\"Dr Genilson Santana\",\"Reciclagem e Upcycling\"],\"inLanguage\":\"pt-BR\",\"potentialAction\":[{\"@type\":\"CommentAction\",\"name\":\"Comment\",\"target\":[\"https:\/\/gsantana2005.net\/index.php\/2024\/03\/13\/a-importancia-da-reciclagem-de-fios-de-cobre\/#respond\"]}]},{\"@type\":\"WebPage\",\"@id\":\"https:\/\/gsantana2005.net\/index.php\/2024\/03\/13\/a-importancia-da-reciclagem-de-fios-de-cobre\/\",\"url\":\"https:\/\/gsantana2005.net\/index.php\/2024\/03\/13\/a-importancia-da-reciclagem-de-fios-de-cobre\/\",\"name\":\"A import\u00e2ncia da reciclagem de fios de cobre - gsantana2005\",\"isPartOf\":{\"@id\":\"https:\/\/gsantana2005.net\/#website\"},\"primaryImageOfPage\":{\"@id\":\"https:\/\/gsantana2005.net\/index.php\/2024\/03\/13\/a-importancia-da-reciclagem-de-fios-de-cobre\/#primaryimage\"},\"image\":{\"@id\":\"https:\/\/gsantana2005.net\/index.php\/2024\/03\/13\/a-importancia-da-reciclagem-de-fios-de-cobre\/#primaryimage\"},\"thumbnailUrl\":\"https:\/\/gsantana2005.net\/wp-content\/uploads\/2023\/12\/cobre-reciclado.jpg\",\"datePublished\":\"2024-03-13T16:38:25+00:00\",\"dateModified\":\"2024-03-13T16:39:04+00:00\",\"description\":\"A import\u00e2ncia da reciclagem de fios de cobre \u00e9 um artigo para voc\u00ea entender como \u00e9 a reciclagem deste metal t\u00e3o importante.\",\"breadcrumb\":{\"@id\":\"https:\/\/gsantana2005.net\/index.php\/2024\/03\/13\/a-importancia-da-reciclagem-de-fios-de-cobre\/#breadcrumb\"},\"inLanguage\":\"pt-BR\",\"potentialAction\":[{\"@type\":\"ReadAction\",\"target\":[\"https:\/\/gsantana2005.net\/index.php\/2024\/03\/13\/a-importancia-da-reciclagem-de-fios-de-cobre\/\"]}]},{\"@type\":\"ImageObject\",\"inLanguage\":\"pt-BR\",\"@id\":\"https:\/\/gsantana2005.net\/index.php\/2024\/03\/13\/a-importancia-da-reciclagem-de-fios-de-cobre\/#primaryimage\",\"url\":\"https:\/\/gsantana2005.net\/wp-content\/uploads\/2023\/12\/cobre-reciclado.jpg\",\"contentUrl\":\"https:\/\/gsantana2005.net\/wp-content\/uploads\/2023\/12\/cobre-reciclado.jpg\",\"width\":948,\"height\":533,\"caption\":\"cobre reciclado\"},{\"@type\":\"BreadcrumbList\",\"@id\":\"https:\/\/gsantana2005.net\/index.php\/2024\/03\/13\/a-importancia-da-reciclagem-de-fios-de-cobre\/#breadcrumb\",\"itemListElement\":[{\"@type\":\"ListItem\",\"position\":1,\"name\":\"Home\",\"item\":\"https:\/\/gsantana2005.net\/\"},{\"@type\":\"ListItem\",\"position\":2,\"name\":\"A import\u00e2ncia da reciclagem de fios de cobre\"}]},{\"@type\":\"WebSite\",\"@id\":\"https:\/\/gsantana2005.net\/#website\",\"url\":\"https:\/\/gsantana2005.net\/\",\"name\":\"gsantana2005\",\"description\":\"Sejamos sustent\u00e1veis\",\"publisher\":{\"@id\":\"https:\/\/gsantana2005.net\/#organization\"},\"potentialAction\":[{\"@type\":\"SearchAction\",\"target\":{\"@type\":\"EntryPoint\",\"urlTemplate\":\"https:\/\/gsantana2005.net\/?s={search_term_string}\"},\"query-input\":{\"@type\":\"PropertyValueSpecification\",\"valueRequired\":true,\"valueName\":\"search_term_string\"}}],\"inLanguage\":\"pt-BR\"},{\"@type\":\"Organization\",\"@id\":\"https:\/\/gsantana2005.net\/#organization\",\"name\":\"gsantana2005\",\"url\":\"https:\/\/gsantana2005.net\/\",\"logo\":{\"@type\":\"ImageObject\",\"inLanguage\":\"pt-BR\",\"@id\":\"https:\/\/gsantana2005.net\/#\/schema\/logo\/image\/\",\"url\":\"https:\/\/gsantana2005.net\/wp-content\/uploads\/2023\/06\/cropped-Gs-sem-fundo.jpg\",\"contentUrl\":\"https:\/\/gsantana2005.net\/wp-content\/uploads\/2023\/06\/cropped-Gs-sem-fundo.jpg\",\"width\":100,\"height\":100,\"caption\":\"gsantana2005\"},\"image\":{\"@id\":\"https:\/\/gsantana2005.net\/#\/schema\/logo\/image\/\"}},{\"@type\":\"Person\",\"@id\":\"https:\/\/gsantana2005.net\/#\/schema\/person\/78c90c6f49a46ef4c8e69bafec347cb7\",\"name\":\"gsantana2005\",\"image\":{\"@type\":\"ImageObject\",\"inLanguage\":\"pt-BR\",\"@id\":\"https:\/\/gsantana2005.net\/#\/schema\/person\/image\/\",\"url\":\"https:\/\/secure.gravatar.com\/avatar\/db3aa311fa8063e1f4df6b2da249929f?s=96&d=mm&r=g\",\"contentUrl\":\"https:\/\/secure.gravatar.com\/avatar\/db3aa311fa8063e1f4df6b2da249929f?s=96&d=mm&r=g\",\"caption\":\"gsantana2005\"},\"sameAs\":[\"http:\/\/gsantana2005.net\"],\"url\":\"https:\/\/gsantana2005.net\/author\/gsantana2005\/\"}]}<\/script>\n<!-- \/ Yoast SEO plugin. -->","yoast_head_json":{"title":"A import\u00e2ncia da reciclagem de fios de cobre - gsantana2005","description":"A import\u00e2ncia da reciclagem de fios de cobre \u00e9 um artigo para voc\u00ea entender como \u00e9 a reciclagem deste metal t\u00e3o importante.","robots":{"index":"index","follow":"follow","max-snippet":"max-snippet:-1","max-image-preview":"max-image-preview:large","max-video-preview":"max-video-preview:-1"},"canonical":"https:\/\/gsantana2005.net\/index.php\/2024\/03\/13\/a-importancia-da-reciclagem-de-fios-de-cobre\/","og_locale":"pt_BR","og_type":"article","og_title":"A import\u00e2ncia da reciclagem de fios de cobre - gsantana2005","og_description":"A import\u00e2ncia da reciclagem de fios de cobre \u00e9 um artigo para voc\u00ea entender como \u00e9 a reciclagem deste metal t\u00e3o importante.","og_url":"https:\/\/gsantana2005.net\/index.php\/2024\/03\/13\/a-importancia-da-reciclagem-de-fios-de-cobre\/","og_site_name":"gsantana2005","article_published_time":"2024-03-13T16:38:25+00:00","article_modified_time":"2024-03-13T16:39:04+00:00","og_image":[{"width":948,"height":533,"url":"http:\/\/gsantana2005.net\/wp-content\/uploads\/2023\/12\/cobre-reciclado.jpg","type":"image\/jpeg"}],"author":"gsantana2005","twitter_card":"summary_large_image","twitter_misc":{"Escrito por":"gsantana2005","Est. tempo de leitura":"5 minutos"},"schema":{"@context":"https:\/\/schema.org","@graph":[{"@type":"Article","@id":"https:\/\/gsantana2005.net\/index.php\/2024\/03\/13\/a-importancia-da-reciclagem-de-fios-de-cobre\/#article","isPartOf":{"@id":"https:\/\/gsantana2005.net\/index.php\/2024\/03\/13\/a-importancia-da-reciclagem-de-fios-de-cobre\/"},"author":{"name":"gsantana2005","@id":"https:\/\/gsantana2005.net\/#\/schema\/person\/78c90c6f49a46ef4c8e69bafec347cb7"},"headline":"A import\u00e2ncia da reciclagem de fios de cobre","datePublished":"2024-03-13T16:38:25+00:00","dateModified":"2024-03-13T16:39:04+00:00","mainEntityOfPage":{"@id":"https:\/\/gsantana2005.net\/index.php\/2024\/03\/13\/a-importancia-da-reciclagem-de-fios-de-cobre\/"},"wordCount":906,"commentCount":0,"publisher":{"@id":"https:\/\/gsantana2005.net\/#organization"},"image":{"@id":"https:\/\/gsantana2005.net\/index.php\/2024\/03\/13\/a-importancia-da-reciclagem-de-fios-de-cobre\/#primaryimage"},"thumbnailUrl":"https:\/\/gsantana2005.net\/wp-content\/uploads\/2023\/12\/cobre-reciclado.jpg","keywords":["Benef\u00edcios Econ\u00f4micos","Cobre Sustent\u00e1vel","economia circular","Guia de Reciclagem","Mercado de Reciclagem","Processo de Reciclagem","Reciclagem de Fios de Cobre","Sucata de Cobre","Sustentabilidade Ambiental","Valoriza\u00e7\u00e3o da Sucata"],"articleSection":["Economia de Recursos","Dr Genilson Santana","Reciclagem e Upcycling"],"inLanguage":"pt-BR","potentialAction":[{"@type":"CommentAction","name":"Comment","target":["https:\/\/gsantana2005.net\/index.php\/2024\/03\/13\/a-importancia-da-reciclagem-de-fios-de-cobre\/#respond"]}]},{"@type":"WebPage","@id":"https:\/\/gsantana2005.net\/index.php\/2024\/03\/13\/a-importancia-da-reciclagem-de-fios-de-cobre\/","url":"https:\/\/gsantana2005.net\/index.php\/2024\/03\/13\/a-importancia-da-reciclagem-de-fios-de-cobre\/","name":"A import\u00e2ncia da reciclagem de fios de cobre - gsantana2005","isPartOf":{"@id":"https:\/\/gsantana2005.net\/#website"},"primaryImageOfPage":{"@id":"https:\/\/gsantana2005.net\/index.php\/2024\/03\/13\/a-importancia-da-reciclagem-de-fios-de-cobre\/#primaryimage"},"image":{"@id":"https:\/\/gsantana2005.net\/index.php\/2024\/03\/13\/a-importancia-da-reciclagem-de-fios-de-cobre\/#primaryimage"},"thumbnailUrl":"https:\/\/gsantana2005.net\/wp-content\/uploads\/2023\/12\/cobre-reciclado.jpg","datePublished":"2024-03-13T16:38:25+00:00","dateModified":"2024-03-13T16:39:04+00:00","description":"A import\u00e2ncia da reciclagem de fios de cobre \u00e9 um artigo para voc\u00ea entender como \u00e9 a reciclagem deste metal t\u00e3o importante.","breadcrumb":{"@id":"https:\/\/gsantana2005.net\/index.php\/2024\/03\/13\/a-importancia-da-reciclagem-de-fios-de-cobre\/#breadcrumb"},"inLanguage":"pt-BR","potentialAction":[{"@type":"ReadAction","target":["https:\/\/gsantana2005.net\/index.php\/2024\/03\/13\/a-importancia-da-reciclagem-de-fios-de-cobre\/"]}]},{"@type":"ImageObject","inLanguage":"pt-BR","@id":"https:\/\/gsantana2005.net\/index.php\/2024\/03\/13\/a-importancia-da-reciclagem-de-fios-de-cobre\/#primaryimage","url":"https:\/\/gsantana2005.net\/wp-content\/uploads\/2023\/12\/cobre-reciclado.jpg","contentUrl":"https:\/\/gsantana2005.net\/wp-content\/uploads\/2023\/12\/cobre-reciclado.jpg","width":948,"height":533,"caption":"cobre reciclado"},{"@type":"BreadcrumbList","@id":"https:\/\/gsantana2005.net\/index.php\/2024\/03\/13\/a-importancia-da-reciclagem-de-fios-de-cobre\/#breadcrumb","itemListElement":[{"@type":"ListItem","position":1,"name":"Home","item":"https:\/\/gsantana2005.net\/"},{"@type":"ListItem","position":2,"name":"A import\u00e2ncia da reciclagem de fios de cobre"}]},{"@type":"WebSite","@id":"https:\/\/gsantana2005.net\/#website","url":"https:\/\/gsantana2005.net\/","name":"gsantana2005","description":"Sejamos sustent\u00e1veis","publisher":{"@id":"https:\/\/gsantana2005.net\/#organization"},"potentialAction":[{"@type":"SearchAction","target":{"@type":"EntryPoint","urlTemplate":"https:\/\/gsantana2005.net\/?s={search_term_string}"},"query-input":{"@type":"PropertyValueSpecification","valueRequired":true,"valueName":"search_term_string"}}],"inLanguage":"pt-BR"},{"@type":"Organization","@id":"https:\/\/gsantana2005.net\/#organization","name":"gsantana2005","url":"https:\/\/gsantana2005.net\/","logo":{"@type":"ImageObject","inLanguage":"pt-BR","@id":"https:\/\/gsantana2005.net\/#\/schema\/logo\/image\/","url":"https:\/\/gsantana2005.net\/wp-content\/uploads\/2023\/06\/cropped-Gs-sem-fundo.jpg","contentUrl":"https:\/\/gsantana2005.net\/wp-content\/uploads\/2023\/06\/cropped-Gs-sem-fundo.jpg","width":100,"height":100,"caption":"gsantana2005"},"image":{"@id":"https:\/\/gsantana2005.net\/#\/schema\/logo\/image\/"}},{"@type":"Person","@id":"https:\/\/gsantana2005.net\/#\/schema\/person\/78c90c6f49a46ef4c8e69bafec347cb7","name":"gsantana2005","image":{"@type":"ImageObject","inLanguage":"pt-BR","@id":"https:\/\/gsantana2005.net\/#\/schema\/person\/image\/","url":"https:\/\/secure.gravatar.com\/avatar\/db3aa311fa8063e1f4df6b2da249929f?s=96&d=mm&r=g","contentUrl":"https:\/\/secure.gravatar.com\/avatar\/db3aa311fa8063e1f4df6b2da249929f?s=96&d=mm&r=g","caption":"gsantana2005"},"sameAs":["http:\/\/gsantana2005.net"],"url":"https:\/\/gsantana2005.net\/author\/gsantana2005\/"}]}},"amp_enabled":true,"_links":{"self":[{"href":"https:\/\/gsantana2005.net\/index.php\/wp-json\/wp\/v2\/posts\/1085"}],"collection":[{"href":"https:\/\/gsantana2005.net\/index.php\/wp-json\/wp\/v2\/posts"}],"about":[{"href":"https:\/\/gsantana2005.net\/index.php\/wp-json\/wp\/v2\/types\/post"}],"author":[{"embeddable":true,"href":"https:\/\/gsantana2005.net\/index.php\/wp-json\/wp\/v2\/users\/1"}],"replies":[{"embeddable":true,"href":"https:\/\/gsantana2005.net\/index.php\/wp-json\/wp\/v2\/comments?post=1085"}],"version-history":[{"count":1,"href":"https:\/\/gsantana2005.net\/index.php\/wp-json\/wp\/v2\/posts\/1085\/revisions"}],"predecessor-version":[{"id":1086,"href":"https:\/\/gsantana2005.net\/index.php\/wp-json\/wp\/v2\/posts\/1085\/revisions\/1086"}],"wp:featuredmedia":[{"embeddable":true,"href":"https:\/\/gsantana2005.net\/index.php\/wp-json\/wp\/v2\/media\/920"}],"wp:attachment":[{"href":"https:\/\/gsantana2005.net\/index.php\/wp-json\/wp\/v2\/media?parent=1085"}],"wp:term":[{"taxonomy":"category","embeddable":true,"href":"https:\/\/gsantana2005.net\/index.php\/wp-json\/wp\/v2\/categories?post=1085"},{"taxonomy":"post_tag","embeddable":true,"href":"https:\/\/gsantana2005.net\/index.php\/wp-json\/wp\/v2\/tags?post=1085"}],"curies":[{"name":"wp","href":"https:\/\/api.w.org\/{rel}","templated":true}]}}