{"id":1119,"date":"2024-03-15T12:34:54","date_gmt":"2024-03-15T12:34:54","guid":{"rendered":"https:\/\/gsantana2005.net\/?p=1119"},"modified":"2024-03-15T12:36:13","modified_gmt":"2024-03-15T12:36:13","slug":"qual-o-futuro-sustentavel-das-empresas","status":"publish","type":"post","link":"https:\/\/gsantana2005.net\/index.php\/2024\/03\/15\/qual-o-futuro-sustentavel-das-empresas\/","title":{"rendered":"Qual o futuro sustent\u00e1vel das empresas?"},"content":{"rendered":"\n<p>Qual o futuro sustent\u00e1vel das empresas? \u00c9 um artigo com ideias para uma empresa se tornar mais sustent\u00e1vel. Ent\u00e3o, no cen\u00e1rio corporativo em r\u00e1pida evolu\u00e7\u00e3o de hoje, a integra\u00e7\u00e3o de crit\u00e9rios Ambientais, Sociais e de Governan\u00e7a (ESG) nas estrat\u00e9gias de neg\u00f3cios n\u00e3o \u00e9 apenas uma tend\u00eancia &#8211; \u00e9 uma mudan\u00e7a fundamental em dire\u00e7\u00e3o ao desenvolvimento sustent\u00e1vel. Essa mudan\u00e7a \u00e9 impulsionada pelo reconhecimento crescente da necessidade urgente de abordar as mudan\u00e7as clim\u00e1ticas, a desigualdade social e os desafios de governan\u00e7a. \u00c0 medida que empresas em todo o mundo se esfor\u00e7am para se adaptar, dez principais tend\u00eancias de ESG e sustentabilidade emergiram como primordiais. Abaixo, exploramos essas tend\u00eancias e oferecemos ideias pr\u00e1ticas para empresas ansiosas por aprimorar seu desempenho em ESG e contribuir positivamente para nosso planeta e sociedade.<\/p>\n\n\n\n<h3 class=\"wp-block-heading\">Mitiga\u00e7\u00e3o e Adapta\u00e7\u00e3o \u00e0s Mudan\u00e7as Clim\u00e1ticas<\/h3>\n\n\n\n<p>\u00c0 frente das preocupa\u00e7\u00f5es com ESG est\u00e1 o imperativo de combater as mudan\u00e7as clim\u00e1ticas. As empresas agora s\u00e3o encarregadas de reduzir sua pegada de carbono e desenvolver estrat\u00e9gias para se adaptar aos impactos inevit\u00e1veis das mudan\u00e7as clim\u00e1ticas. A transi\u00e7\u00e3o para fontes de energia renov\u00e1veis, como solar ou e\u00f3lica, e a melhoria da efici\u00eancia energ\u00e9tica em opera\u00e7\u00f5es podem reduzir significativamente o impacto ambiental de uma empresa. Al\u00e9m disso, as empresas podem inovar criando produtos e servi\u00e7os que permitam aos clientes viver de forma mais sustent\u00e1vel. Um passo pr\u00e1tico \u00e9 implementar um robusto sistema de contabilidade de carbono, permitindo que as empresas me\u00e7am, gerenciem e estabele\u00e7am metas baseadas na ci\u00eancia para reduzir suas emiss\u00f5es.<\/p>\n\n\n\n<h3 class=\"wp-block-heading\">Abra\u00e7ando a Economia Circular<\/h3>\n\n\n\n<p>O modelo econ\u00f4mico linear de &#8220;pegar, fazer, descartar&#8221; est\u00e1 sendo cada vez mais substitu\u00eddo pela economia circular, que enfatiza a import\u00e2ncia de reutilizar e reciclar materiais para minimizar o desperd\u00edcio. As empresas podem contribuir projetando produtos com seu fim de vida em mente, garantindo que possam ser facilmente desmontados e reutilizados ou reciclados. Isso n\u00e3o apenas reduz o desperd\u00edcio, mas tamb\u00e9m abre novas oportunidades de neg\u00f3cios nos mercados de reciclagem e materiais secund\u00e1rios.<\/p>\n\n\n\n<h3 class=\"wp-block-heading\">Cadeias de Suprimentos Sustent\u00e1veis<\/h3>\n\n\n\n<p>A sustentabilidade da cadeia de suprimentos de uma empresa est\u00e1 sob crescente escrut\u00ednio. A fonte \u00e9tica, pr\u00e1ticas de trabalho justo e a administra\u00e7\u00e3o ambiental agora s\u00e3o componentes cr\u00edticos da gest\u00e3o da cadeia de suprimentos. As empresas podem liderar pelo exemplo, desenvolvendo um c\u00f3digo de conduta para fornecedores que incorpora crit\u00e9rios ESG e realizando auditorias regulares para garantir a conformidade. Essa abordagem ajuda a mitigar riscos e aprimora a reputa\u00e7\u00e3o da marca.<\/p>\n\n\n\n<h3 class=\"wp-block-heading\">Diversidade, Equidade e Inclus\u00e3o (DEI)<\/h3>\n\n\n\n<p>O chamado global por justi\u00e7a social sublinhou a import\u00e2ncia de DEI dentro das estruturas corporativas. Uma for\u00e7a de trabalho diversificada e inclusiva n\u00e3o \u00e9 apenas um imperativo moral, mas tamb\u00e9m um motor chave de inova\u00e7\u00e3o e desempenho. As empresas podem promover uma cultura mais inclusiva implementando programas abrangentes de treinamento em DEI e estabelecendo metas claras de diversidade para contrata\u00e7\u00f5es e promo\u00e7\u00f5es.<\/p>\n\n\n\n<h3 class=\"wp-block-heading\">Finan\u00e7as Sustent\u00e1veis<\/h3>\n\n\n\n<p>A ascens\u00e3o de t\u00edtulos verdes, empr\u00e9stimos sustent\u00e1veis e investimentos ESG sinaliza uma mudan\u00e7a em dire\u00e7\u00e3o ao alinhamento das estrat\u00e9gias financeiras com objetivos de sustentabilidade. Ao emitir t\u00edtulos verdes, as empresas podem obter financiamento para projetos com benef\u00edcios ambientais positivos, como instala\u00e7\u00f5es de energia renov\u00e1vel ou melhorias na efici\u00eancia energ\u00e9tica, demonstrando assim seu compromisso com a sustentabilidade enquanto atraem investimentos.<\/p>\n\n\n\n<h3 class=\"wp-block-heading\">Agricultura Regenerativa<\/h3>\n\n\n\n<p>No setor de alimentos e agricultura, pr\u00e1ticas de agricultura regenerativa que restauram a sa\u00fade do solo e a biodiversidade est\u00e3o ganhando for\u00e7a. Essas pr\u00e1ticas n\u00e3o apenas contribuem para a sequestro de carbono, mas tamb\u00e9m melhoram a seguran\u00e7a alimentar e a vida dos agricultores. As empresas podem apoiar essa tend\u00eancia, adquirindo ingredientes de fazendas que empregam pr\u00e1ticas regenerativas e investindo em pesquisa e desenvolvimento para promover sua ado\u00e7\u00e3o.<\/p>\n\n\n\n<h3 class=\"wp-block-heading\">Bem-estar e Sa\u00fade Mental dos Funcion\u00e1rios<\/h3>\n\n\n\n<p>O bem-estar dos funcion\u00e1rios \u00e9 cada vez mais reconhecido como um aspecto cr\u00edtico da responsabilidade social de uma empresa. Programas abrangentes de apoio \u00e0 sa\u00fade mental e ambientes de trabalho que promovem o bem-estar f\u00edsico e psicol\u00f3gico podem melhorar a satisfa\u00e7\u00e3o e a produtividade dos funcion\u00e1rios. Essa abordagem hol\u00edstica do bem-estar dos funcion\u00e1rios sublinha o compromisso de uma empresa com sua for\u00e7a de trabalho.<\/p>\n\n\n\n<h3 class=\"wp-block-heading\">Gest\u00e3o Sustent\u00e1vel da \u00c1gua<\/h3>\n\n\n\n<p>Com a escassez de \u00e1gua representando um desafio global significativo, pr\u00e1ticas de gest\u00e3o sustent\u00e1vel da \u00e1gua s\u00e3o essenciais. As empresas podem adotar tecnologias de economia de \u00e1gua e participar de iniciativas de prote\u00e7\u00e3o de bacias hidrogr\u00e1ficas, demonstrando lideran\u00e7a na administra\u00e7\u00e3o da \u00e1gua e contribuindo para a sustentabilidade das comunidades nas quais operam.<\/p>\n\n\n\n<h3 class=\"wp-block-heading\">Embalagens Sustent\u00e1veis<\/h3>\n\n\n\n<p>A press\u00e3o por solu\u00e7\u00f5es de embalagens sustent\u00e1veis \u00e9 impulsionada pela necessidade de reduzir o desperd\u00edcio e minimizar o impacto ambiental. Ao redesenhar embalagens para minimizar o uso de materiais e mudar para materiais recicl\u00e1veis, compost\u00e1veis ou biodegrad\u00e1veis, as empresas podem reduzir significativamente sua pegada ambiental e atender \u00e0 demanda do consumidor por produtos mais sustent\u00e1veis.<\/p>\n\n\n\n<h3 class=\"wp-block-heading\">Responsabilidade Digital<\/h3>\n\n\n\n<p>A digitaliza\u00e7\u00e3o dos neg\u00f3cios traz consigo a responsabilidade de abordar os impactos ambientais e sociais das opera\u00e7\u00f5es e produtos digitais. Garantir a privacidade e seguran\u00e7a dos dados, reduzir o consumo de energia da infraestrutura digital e promover a inclus\u00e3o digital s\u00e3o todos aspectos da responsabilidade digital que as empresas devem considerar. Esses esfor\u00e7os n\u00e3o apenas mitigam riscos, mas tamb\u00e9m aprimoram a reputa\u00e7\u00e3o da marca e a confian\u00e7a do cliente.<\/p>\n\n\n\n<h3 class=\"wp-block-heading\">Conclus\u00e3o<\/h3>\n\n\n\n<p>Portanto, essas dez principais tend\u00eancias de ESG e sustentabilidade representam tanto desafios quanto oportunidades para as empresas na jornada em dire\u00e7\u00e3o ao desenvolvimento sustent\u00e1vel. Ao adotar pr\u00e1ticas e estrat\u00e9gias inovadoras que abordem essas tend\u00eancias, as empresas n\u00e3o apenas podem mitigar riscos, mas tamb\u00e9m capitalizar novas oportunidades de crescimento e inova\u00e7\u00e3o. O caminho para a sustentabilidade \u00e9 complexo e requer um esfor\u00e7o conjunto de todos os setores da sociedade. No entanto, as empresas que lideram o caminho na integra\u00e7\u00e3o de princ\u00edpios ESG em suas opera\u00e7\u00f5es n\u00e3o apenas contribuir\u00e3o para um mundo mais sustent\u00e1vel e equitativo, mas tamb\u00e9m desfrutar\u00e3o de sucesso e resili\u00eancia a longo prazo.<\/p>\n\n\n\n<h3 class=\"wp-block-heading\">Convite especial para voc\u00ea<\/h3>\n\n\n\n<p>Ent\u00e3o, depois deste\u00a0<strong>Qual o futuro sustent\u00e1vel das empresas<\/strong> <strong>\u00a0<\/strong>acredito que queira saber mais de nossa contribui\u00e7\u00e3o na \u00e1rea ambiental. N\u00e3o fique inibido entre em contato:\u00a0<a href=\"mailto:gsantana2005@gmail.com\">gsantana2005@gmail.com<\/a>\u00a0veja o nosso\u00a0<a href=\"https:\/\/www.instagram.com\/genilsonpereirasantana1\/\" rel=\"nofollow noopener\" target=\"_blank\">Instagram<\/a><\/p>\n\n\n\n<p>Al\u00e9m disso, j\u00e1 que voc\u00ea chegou at\u00e9 aqui descubra mais sobre n\u00f3s artigos abaixo:<\/p>\n\n\n\n<ul class=\"wp-block-list\">\n<li><a href=\"https:\/\/gsantana2005.net\/index.php\/2023\/11\/30\/desbloqueando-o-valor-oculto-reciclando-o-pequeno-para-um-grande-impacto\/\" target=\"_blank\" rel=\"noreferrer noopener\">Desbloqueando o valor oculto: Reciclando o pequeno para um grande impacto<\/a><\/li>\n\n\n\n<li><a href=\"https:\/\/gsantana2005.net\/index.php\/2023\/11\/29\/reduza-a-pegada-de-carbono-digital-da-sua-empresa-rumo-a-um-futuro-sustentavel\/\" target=\"_blank\" rel=\"noreferrer noopener\">Reduza a Pegada de Carbono Digital da sua Empresa: Rumo a um Futuro Sustent\u00e1vel<\/a><\/li>\n\n\n\n<li><a href=\"https:\/\/gsantana2005.net\/index.php\/2023\/11\/28\/navegando-na-controversia-da-acao-climatica-global-da-cop28-de-dubai\/\" target=\"_blank\" rel=\"noreferrer noopener\">Navegando na controv\u00e9rsia da A\u00e7\u00e3o Clim\u00e1tica Global da COP28 de Dubai<\/a><\/li>\n\n\n\n<li><a href=\"https:\/\/gsantana2005.net\/index.php\/2023\/11\/28\/rascunho-automaticodespedindo-se-dos-plasticos-descartaveis-o-futuro-sustentavel-das-embalagens-de-celulose\/\">Despedindo-se dos Pl\u00e1sticos Descart\u00e1veis: O Futuro Sustent\u00e1vel das Embalagens de Celulose!<\/a><\/li>\n<\/ul>\n\n\n\n<p>Ent\u00e3o, conhe\u00e7a tamb\u00e9m nossos cursos sobre&nbsp;<a href=\"https:\/\/gsantana2005.net\/index.php\/2023\/07\/21\/gestao-de-residuos\/\">Gest\u00e3o de res\u00edduos<\/a>&nbsp;e&nbsp;<a href=\"https:\/\/gsantana2005.net\/index.php\/2023\/08\/08\/tratamento-de-efluentes\/\">Tratamento de efluentes<\/a>. Maiores informa\u00e7\u00f5es:&nbsp;<a href=\"mailto:gsantana2005@gmail.com\">gsantana2005@gmail.com<\/a>&nbsp;ou 92 991227158 (WhatsApp)<\/p>\n","protected":false},"excerpt":{"rendered":"<p>Qual o futuro sustent\u00e1vel das empresas? \u00c9 um artigo com ideias para uma empresa se tornar mais sustent\u00e1vel. Ent\u00e3o, no cen\u00e1rio corporativo em r\u00e1pida evolu\u00e7\u00e3o de hoje, a integra\u00e7\u00e3o de crit\u00e9rios Ambientais, Sociais e de Governan\u00e7a (ESG) nas estrat\u00e9gias de neg\u00f3cios n\u00e3o \u00e9 apenas uma tend\u00eancia &#8211; \u00e9 uma mudan\u00e7a fundamental em dire\u00e7\u00e3o ao desenvolvimento [&hellip;]<\/p>\n","protected":false},"author":1,"featured_media":943,"comment_status":"open","ping_status":"closed","sticky":false,"template":"","format":"standard","meta":{"om_disable_all_campaigns":false,"_monsterinsights_skip_tracking":false,"_monsterinsights_sitenote_active":false,"_monsterinsights_sitenote_note":"","_monsterinsights_sitenote_category":0,"footnotes":"","_links_to":"","_links_to_target":""},"categories":[3,273,272,57],"tags":[920,921,917,918,136,486,820,919,922,923],"class_list":["post-1119","post","type-post","status-publish","format-standard","has-post-thumbnail","hentry","category-genilson-pereira-santana","category-economia-de-recursos","category-energias-renovaveis","category-vida-sustentavel","tag-agricultura-regenerativa","tag-bem-estar-funcionarios","tag-cadeias-verdes","tag-diversidade","tag-economia-circular","tag-embalagens-sustentaveis","tag-energias-renovaveis","tag-financas-sustentaveis","tag-gestao-da-agua","tag-responsabilidade-digital"],"aioseo_notices":[],"yoast_head":"<!-- This site is optimized with the Yoast SEO plugin v24.5 - https:\/\/yoast.com\/wordpress\/plugins\/seo\/ -->\n<title>Qual o futuro sustent\u00e1vel das empresas? - gsantana2005<\/title>\n<meta name=\"description\" content=\"Qual o futuro sustent\u00e1vel das empresas \u00e9 um artigo que mostra quais as a\u00e7\u00f5es uma empresa tem que tomar para serem mais sustent\u00e1veios\" \/>\n<meta name=\"robots\" content=\"index, follow, max-snippet:-1, max-image-preview:large, max-video-preview:-1\" \/>\n<link rel=\"canonical\" href=\"https:\/\/gsantana2005.net\/index.php\/2024\/03\/15\/qual-o-futuro-sustentavel-das-empresas\/\" \/>\n<meta property=\"og:locale\" content=\"pt_BR\" \/>\n<meta property=\"og:type\" content=\"article\" \/>\n<meta property=\"og:title\" content=\"Qual o futuro sustent\u00e1vel das empresas? - gsantana2005\" \/>\n<meta property=\"og:description\" content=\"Qual o futuro sustent\u00e1vel das empresas \u00e9 um artigo que mostra quais as a\u00e7\u00f5es uma empresa tem que tomar para serem mais sustent\u00e1veios\" \/>\n<meta property=\"og:url\" content=\"https:\/\/gsantana2005.net\/index.php\/2024\/03\/15\/qual-o-futuro-sustentavel-das-empresas\/\" \/>\n<meta property=\"og:site_name\" content=\"gsantana2005\" \/>\n<meta property=\"article:published_time\" content=\"2024-03-15T12:34:54+00:00\" \/>\n<meta property=\"article:modified_time\" content=\"2024-03-15T12:36:13+00:00\" \/>\n<meta property=\"og:image\" content=\"http:\/\/gsantana2005.net\/wp-content\/uploads\/2023\/12\/ESG2.jpg\" \/>\n\t<meta property=\"og:image:width\" content=\"1020\" \/>\n\t<meta property=\"og:image:height\" content=\"570\" \/>\n\t<meta property=\"og:image:type\" content=\"image\/jpeg\" \/>\n<meta name=\"author\" content=\"gsantana2005\" \/>\n<meta name=\"twitter:card\" content=\"summary_large_image\" \/>\n<meta name=\"twitter:label1\" content=\"Escrito por\" \/>\n\t<meta name=\"twitter:data1\" content=\"gsantana2005\" \/>\n\t<meta name=\"twitter:label2\" content=\"Est. tempo de leitura\" \/>\n\t<meta name=\"twitter:data2\" content=\"7 minutos\" \/>\n<script type=\"application\/ld+json\" class=\"yoast-schema-graph\">{\"@context\":\"https:\/\/schema.org\",\"@graph\":[{\"@type\":\"Article\",\"@id\":\"https:\/\/gsantana2005.net\/index.php\/2024\/03\/15\/qual-o-futuro-sustentavel-das-empresas\/#article\",\"isPartOf\":{\"@id\":\"https:\/\/gsantana2005.net\/index.php\/2024\/03\/15\/qual-o-futuro-sustentavel-das-empresas\/\"},\"author\":{\"name\":\"gsantana2005\",\"@id\":\"https:\/\/gsantana2005.net\/#\/schema\/person\/78c90c6f49a46ef4c8e69bafec347cb7\"},\"headline\":\"Qual o futuro sustent\u00e1vel das empresas?\",\"datePublished\":\"2024-03-15T12:34:54+00:00\",\"dateModified\":\"2024-03-15T12:36:13+00:00\",\"mainEntityOfPage\":{\"@id\":\"https:\/\/gsantana2005.net\/index.php\/2024\/03\/15\/qual-o-futuro-sustentavel-das-empresas\/\"},\"wordCount\":1256,\"commentCount\":0,\"publisher\":{\"@id\":\"https:\/\/gsantana2005.net\/#organization\"},\"image\":{\"@id\":\"https:\/\/gsantana2005.net\/index.php\/2024\/03\/15\/qual-o-futuro-sustentavel-das-empresas\/#primaryimage\"},\"thumbnailUrl\":\"https:\/\/gsantana2005.net\/wp-content\/uploads\/2023\/12\/ESG2.jpg\",\"keywords\":[\"Agricultura Regenerativa\",\"Bem-estar Funcion\u00e1rios\",\"Cadeias Verdes\",\"Diversidade\",\"economia circular\",\"Embalagens Sustentaveis\",\"Energias Renov\u00e1veis\",\"Finan\u00e7as Sustent\u00e1veis\",\"Gest\u00e3o da \u00c1gua\",\"Responsabilidade Digital\"],\"articleSection\":[\"Dr Genilson Santana\",\"Economia de Recursos\",\"Energias Renov\u00e1veis\",\"Vida Sustent\u00e1vel\"],\"inLanguage\":\"pt-BR\",\"potentialAction\":[{\"@type\":\"CommentAction\",\"name\":\"Comment\",\"target\":[\"https:\/\/gsantana2005.net\/index.php\/2024\/03\/15\/qual-o-futuro-sustentavel-das-empresas\/#respond\"]}]},{\"@type\":\"WebPage\",\"@id\":\"https:\/\/gsantana2005.net\/index.php\/2024\/03\/15\/qual-o-futuro-sustentavel-das-empresas\/\",\"url\":\"https:\/\/gsantana2005.net\/index.php\/2024\/03\/15\/qual-o-futuro-sustentavel-das-empresas\/\",\"name\":\"Qual o futuro sustent\u00e1vel das empresas? - gsantana2005\",\"isPartOf\":{\"@id\":\"https:\/\/gsantana2005.net\/#website\"},\"primaryImageOfPage\":{\"@id\":\"https:\/\/gsantana2005.net\/index.php\/2024\/03\/15\/qual-o-futuro-sustentavel-das-empresas\/#primaryimage\"},\"image\":{\"@id\":\"https:\/\/gsantana2005.net\/index.php\/2024\/03\/15\/qual-o-futuro-sustentavel-das-empresas\/#primaryimage\"},\"thumbnailUrl\":\"https:\/\/gsantana2005.net\/wp-content\/uploads\/2023\/12\/ESG2.jpg\",\"datePublished\":\"2024-03-15T12:34:54+00:00\",\"dateModified\":\"2024-03-15T12:36:13+00:00\",\"description\":\"Qual o futuro sustent\u00e1vel das empresas \u00e9 um artigo que mostra quais as a\u00e7\u00f5es uma empresa tem que tomar para serem mais sustent\u00e1veios\",\"breadcrumb\":{\"@id\":\"https:\/\/gsantana2005.net\/index.php\/2024\/03\/15\/qual-o-futuro-sustentavel-das-empresas\/#breadcrumb\"},\"inLanguage\":\"pt-BR\",\"potentialAction\":[{\"@type\":\"ReadAction\",\"target\":[\"https:\/\/gsantana2005.net\/index.php\/2024\/03\/15\/qual-o-futuro-sustentavel-das-empresas\/\"]}]},{\"@type\":\"ImageObject\",\"inLanguage\":\"pt-BR\",\"@id\":\"https:\/\/gsantana2005.net\/index.php\/2024\/03\/15\/qual-o-futuro-sustentavel-das-empresas\/#primaryimage\",\"url\":\"https:\/\/gsantana2005.net\/wp-content\/uploads\/2023\/12\/ESG2.jpg\",\"contentUrl\":\"https:\/\/gsantana2005.net\/wp-content\/uploads\/2023\/12\/ESG2.jpg\",\"width\":1020,\"height\":570,\"caption\":\"ESG\"},{\"@type\":\"BreadcrumbList\",\"@id\":\"https:\/\/gsantana2005.net\/index.php\/2024\/03\/15\/qual-o-futuro-sustentavel-das-empresas\/#breadcrumb\",\"itemListElement\":[{\"@type\":\"ListItem\",\"position\":1,\"name\":\"Home\",\"item\":\"https:\/\/gsantana2005.net\/\"},{\"@type\":\"ListItem\",\"position\":2,\"name\":\"Qual o futuro sustent\u00e1vel das empresas?\"}]},{\"@type\":\"WebSite\",\"@id\":\"https:\/\/gsantana2005.net\/#website\",\"url\":\"https:\/\/gsantana2005.net\/\",\"name\":\"gsantana2005\",\"description\":\"Sejamos sustent\u00e1veis\",\"publisher\":{\"@id\":\"https:\/\/gsantana2005.net\/#organization\"},\"potentialAction\":[{\"@type\":\"SearchAction\",\"target\":{\"@type\":\"EntryPoint\",\"urlTemplate\":\"https:\/\/gsantana2005.net\/?s={search_term_string}\"},\"query-input\":{\"@type\":\"PropertyValueSpecification\",\"valueRequired\":true,\"valueName\":\"search_term_string\"}}],\"inLanguage\":\"pt-BR\"},{\"@type\":\"Organization\",\"@id\":\"https:\/\/gsantana2005.net\/#organization\",\"name\":\"gsantana2005\",\"url\":\"https:\/\/gsantana2005.net\/\",\"logo\":{\"@type\":\"ImageObject\",\"inLanguage\":\"pt-BR\",\"@id\":\"https:\/\/gsantana2005.net\/#\/schema\/logo\/image\/\",\"url\":\"https:\/\/gsantana2005.net\/wp-content\/uploads\/2023\/06\/cropped-Gs-sem-fundo.jpg\",\"contentUrl\":\"https:\/\/gsantana2005.net\/wp-content\/uploads\/2023\/06\/cropped-Gs-sem-fundo.jpg\",\"width\":100,\"height\":100,\"caption\":\"gsantana2005\"},\"image\":{\"@id\":\"https:\/\/gsantana2005.net\/#\/schema\/logo\/image\/\"}},{\"@type\":\"Person\",\"@id\":\"https:\/\/gsantana2005.net\/#\/schema\/person\/78c90c6f49a46ef4c8e69bafec347cb7\",\"name\":\"gsantana2005\",\"image\":{\"@type\":\"ImageObject\",\"inLanguage\":\"pt-BR\",\"@id\":\"https:\/\/gsantana2005.net\/#\/schema\/person\/image\/\",\"url\":\"https:\/\/secure.gravatar.com\/avatar\/db3aa311fa8063e1f4df6b2da249929f?s=96&d=mm&r=g\",\"contentUrl\":\"https:\/\/secure.gravatar.com\/avatar\/db3aa311fa8063e1f4df6b2da249929f?s=96&d=mm&r=g\",\"caption\":\"gsantana2005\"},\"sameAs\":[\"http:\/\/gsantana2005.net\"],\"url\":\"https:\/\/gsantana2005.net\/author\/gsantana2005\/\"}]}<\/script>\n<!-- \/ Yoast SEO plugin. -->","yoast_head_json":{"title":"Qual o futuro sustent\u00e1vel das empresas? - gsantana2005","description":"Qual o futuro sustent\u00e1vel das empresas \u00e9 um artigo que mostra quais as a\u00e7\u00f5es uma empresa tem que tomar para serem mais sustent\u00e1veios","robots":{"index":"index","follow":"follow","max-snippet":"max-snippet:-1","max-image-preview":"max-image-preview:large","max-video-preview":"max-video-preview:-1"},"canonical":"https:\/\/gsantana2005.net\/index.php\/2024\/03\/15\/qual-o-futuro-sustentavel-das-empresas\/","og_locale":"pt_BR","og_type":"article","og_title":"Qual o futuro sustent\u00e1vel das empresas? - gsantana2005","og_description":"Qual o futuro sustent\u00e1vel das empresas \u00e9 um artigo que mostra quais as a\u00e7\u00f5es uma empresa tem que tomar para serem mais sustent\u00e1veios","og_url":"https:\/\/gsantana2005.net\/index.php\/2024\/03\/15\/qual-o-futuro-sustentavel-das-empresas\/","og_site_name":"gsantana2005","article_published_time":"2024-03-15T12:34:54+00:00","article_modified_time":"2024-03-15T12:36:13+00:00","og_image":[{"width":1020,"height":570,"url":"http:\/\/gsantana2005.net\/wp-content\/uploads\/2023\/12\/ESG2.jpg","type":"image\/jpeg"}],"author":"gsantana2005","twitter_card":"summary_large_image","twitter_misc":{"Escrito por":"gsantana2005","Est. tempo de leitura":"7 minutos"},"schema":{"@context":"https:\/\/schema.org","@graph":[{"@type":"Article","@id":"https:\/\/gsantana2005.net\/index.php\/2024\/03\/15\/qual-o-futuro-sustentavel-das-empresas\/#article","isPartOf":{"@id":"https:\/\/gsantana2005.net\/index.php\/2024\/03\/15\/qual-o-futuro-sustentavel-das-empresas\/"},"author":{"name":"gsantana2005","@id":"https:\/\/gsantana2005.net\/#\/schema\/person\/78c90c6f49a46ef4c8e69bafec347cb7"},"headline":"Qual o futuro sustent\u00e1vel das empresas?","datePublished":"2024-03-15T12:34:54+00:00","dateModified":"2024-03-15T12:36:13+00:00","mainEntityOfPage":{"@id":"https:\/\/gsantana2005.net\/index.php\/2024\/03\/15\/qual-o-futuro-sustentavel-das-empresas\/"},"wordCount":1256,"commentCount":0,"publisher":{"@id":"https:\/\/gsantana2005.net\/#organization"},"image":{"@id":"https:\/\/gsantana2005.net\/index.php\/2024\/03\/15\/qual-o-futuro-sustentavel-das-empresas\/#primaryimage"},"thumbnailUrl":"https:\/\/gsantana2005.net\/wp-content\/uploads\/2023\/12\/ESG2.jpg","keywords":["Agricultura Regenerativa","Bem-estar Funcion\u00e1rios","Cadeias Verdes","Diversidade","economia circular","Embalagens Sustentaveis","Energias Renov\u00e1veis","Finan\u00e7as Sustent\u00e1veis","Gest\u00e3o da \u00c1gua","Responsabilidade Digital"],"articleSection":["Dr Genilson Santana","Economia de Recursos","Energias Renov\u00e1veis","Vida Sustent\u00e1vel"],"inLanguage":"pt-BR","potentialAction":[{"@type":"CommentAction","name":"Comment","target":["https:\/\/gsantana2005.net\/index.php\/2024\/03\/15\/qual-o-futuro-sustentavel-das-empresas\/#respond"]}]},{"@type":"WebPage","@id":"https:\/\/gsantana2005.net\/index.php\/2024\/03\/15\/qual-o-futuro-sustentavel-das-empresas\/","url":"https:\/\/gsantana2005.net\/index.php\/2024\/03\/15\/qual-o-futuro-sustentavel-das-empresas\/","name":"Qual o futuro sustent\u00e1vel das empresas? - gsantana2005","isPartOf":{"@id":"https:\/\/gsantana2005.net\/#website"},"primaryImageOfPage":{"@id":"https:\/\/gsantana2005.net\/index.php\/2024\/03\/15\/qual-o-futuro-sustentavel-das-empresas\/#primaryimage"},"image":{"@id":"https:\/\/gsantana2005.net\/index.php\/2024\/03\/15\/qual-o-futuro-sustentavel-das-empresas\/#primaryimage"},"thumbnailUrl":"https:\/\/gsantana2005.net\/wp-content\/uploads\/2023\/12\/ESG2.jpg","datePublished":"2024-03-15T12:34:54+00:00","dateModified":"2024-03-15T12:36:13+00:00","description":"Qual o futuro sustent\u00e1vel das empresas \u00e9 um artigo que mostra quais as a\u00e7\u00f5es uma empresa tem que tomar para serem mais sustent\u00e1veios","breadcrumb":{"@id":"https:\/\/gsantana2005.net\/index.php\/2024\/03\/15\/qual-o-futuro-sustentavel-das-empresas\/#breadcrumb"},"inLanguage":"pt-BR","potentialAction":[{"@type":"ReadAction","target":["https:\/\/gsantana2005.net\/index.php\/2024\/03\/15\/qual-o-futuro-sustentavel-das-empresas\/"]}]},{"@type":"ImageObject","inLanguage":"pt-BR","@id":"https:\/\/gsantana2005.net\/index.php\/2024\/03\/15\/qual-o-futuro-sustentavel-das-empresas\/#primaryimage","url":"https:\/\/gsantana2005.net\/wp-content\/uploads\/2023\/12\/ESG2.jpg","contentUrl":"https:\/\/gsantana2005.net\/wp-content\/uploads\/2023\/12\/ESG2.jpg","width":1020,"height":570,"caption":"ESG"},{"@type":"BreadcrumbList","@id":"https:\/\/gsantana2005.net\/index.php\/2024\/03\/15\/qual-o-futuro-sustentavel-das-empresas\/#breadcrumb","itemListElement":[{"@type":"ListItem","position":1,"name":"Home","item":"https:\/\/gsantana2005.net\/"},{"@type":"ListItem","position":2,"name":"Qual o futuro sustent\u00e1vel das empresas?"}]},{"@type":"WebSite","@id":"https:\/\/gsantana2005.net\/#website","url":"https:\/\/gsantana2005.net\/","name":"gsantana2005","description":"Sejamos sustent\u00e1veis","publisher":{"@id":"https:\/\/gsantana2005.net\/#organization"},"potentialAction":[{"@type":"SearchAction","target":{"@type":"EntryPoint","urlTemplate":"https:\/\/gsantana2005.net\/?s={search_term_string}"},"query-input":{"@type":"PropertyValueSpecification","valueRequired":true,"valueName":"search_term_string"}}],"inLanguage":"pt-BR"},{"@type":"Organization","@id":"https:\/\/gsantana2005.net\/#organization","name":"gsantana2005","url":"https:\/\/gsantana2005.net\/","logo":{"@type":"ImageObject","inLanguage":"pt-BR","@id":"https:\/\/gsantana2005.net\/#\/schema\/logo\/image\/","url":"https:\/\/gsantana2005.net\/wp-content\/uploads\/2023\/06\/cropped-Gs-sem-fundo.jpg","contentUrl":"https:\/\/gsantana2005.net\/wp-content\/uploads\/2023\/06\/cropped-Gs-sem-fundo.jpg","width":100,"height":100,"caption":"gsantana2005"},"image":{"@id":"https:\/\/gsantana2005.net\/#\/schema\/logo\/image\/"}},{"@type":"Person","@id":"https:\/\/gsantana2005.net\/#\/schema\/person\/78c90c6f49a46ef4c8e69bafec347cb7","name":"gsantana2005","image":{"@type":"ImageObject","inLanguage":"pt-BR","@id":"https:\/\/gsantana2005.net\/#\/schema\/person\/image\/","url":"https:\/\/secure.gravatar.com\/avatar\/db3aa311fa8063e1f4df6b2da249929f?s=96&d=mm&r=g","contentUrl":"https:\/\/secure.gravatar.com\/avatar\/db3aa311fa8063e1f4df6b2da249929f?s=96&d=mm&r=g","caption":"gsantana2005"},"sameAs":["http:\/\/gsantana2005.net"],"url":"https:\/\/gsantana2005.net\/author\/gsantana2005\/"}]}},"amp_enabled":true,"_links":{"self":[{"href":"https:\/\/gsantana2005.net\/index.php\/wp-json\/wp\/v2\/posts\/1119"}],"collection":[{"href":"https:\/\/gsantana2005.net\/index.php\/wp-json\/wp\/v2\/posts"}],"about":[{"href":"https:\/\/gsantana2005.net\/index.php\/wp-json\/wp\/v2\/types\/post"}],"author":[{"embeddable":true,"href":"https:\/\/gsantana2005.net\/index.php\/wp-json\/wp\/v2\/users\/1"}],"replies":[{"embeddable":true,"href":"https:\/\/gsantana2005.net\/index.php\/wp-json\/wp\/v2\/comments?post=1119"}],"version-history":[{"count":1,"href":"https:\/\/gsantana2005.net\/index.php\/wp-json\/wp\/v2\/posts\/1119\/revisions"}],"predecessor-version":[{"id":1120,"href":"https:\/\/gsantana2005.net\/index.php\/wp-json\/wp\/v2\/posts\/1119\/revisions\/1120"}],"wp:featuredmedia":[{"embeddable":true,"href":"https:\/\/gsantana2005.net\/index.php\/wp-json\/wp\/v2\/media\/943"}],"wp:attachment":[{"href":"https:\/\/gsantana2005.net\/index.php\/wp-json\/wp\/v2\/media?parent=1119"}],"wp:term":[{"taxonomy":"category","embeddable":true,"href":"https:\/\/gsantana2005.net\/index.php\/wp-json\/wp\/v2\/categories?post=1119"},{"taxonomy":"post_tag","embeddable":true,"href":"https:\/\/gsantana2005.net\/index.php\/wp-json\/wp\/v2\/tags?post=1119"}],"curies":[{"name":"wp","href":"https:\/\/api.w.org\/{rel}","templated":true}]}}