{"id":1126,"date":"2024-03-17T14:07:57","date_gmt":"2024-03-17T14:07:57","guid":{"rendered":"https:\/\/gsantana2005.net\/?p=1126"},"modified":"2024-03-17T14:32:28","modified_gmt":"2024-03-17T14:32:28","slug":"microplasticos-uma-ameaca-ubiqua-ao-ambiente","status":"publish","type":"post","link":"https:\/\/gsantana2005.net\/index.php\/2024\/03\/17\/microplasticos-uma-ameaca-ubiqua-ao-ambiente\/","title":{"rendered":"Micropl\u00e1sticos: Uma amea\u00e7a ub\u00edqua ao ambiente"},"content":{"rendered":"\n<p><strong>Micropl\u00e1sticos: Uma Amea\u00e7a Ub\u00edqua ao Ambiente<\/strong> \u00e9 um artigo sobre os perigos dos pl\u00e1sticos sobre os organismos do nosso planeta. Nos \u00faltimos anos, a crescente preocupa\u00e7\u00e3o com a polui\u00e7\u00e3o pl\u00e1stica gerou um interesse para compreender os micropl\u00e1sticos. Ent\u00e3o, o interesse gira em torno de seu impacto tanto no meio ambiente quanto na sa\u00fade humana. A princ\u00edpio, micropl\u00e1sticos s\u00e3o min\u00fasculas part\u00edculas de pl\u00e1stico com menos de 5 mil\u00edmetros de tamanho. Al\u00e9m disso, eles se tornaram onipresentes em nossos ecossistemas, incluindo oceanos, solos e at\u00e9 mesmo no ar que respiramos. Essas part\u00edculas representam um desafio ambiental global devido \u00e0 sua durabilidade e capacidade de contaminar vastas \u00e1reas. <\/p>\n\n\n\n<p>Estudos recentes come\u00e7ando a revelar os potenciais riscos dos micropl\u00e1sticos para a sa\u00fade humana. Dessa forma, existem evid\u00eancias apontando para uma poss\u00edvel liga\u00e7\u00e3o entre a exposi\u00e7\u00e3o a essas part\u00edculas e problemas cardiovasculares. Assim, neste artigo exploraremos o que s\u00e3o micropl\u00e1sticos, como eles est\u00e3o presentes em nosso ambiente e em nossos corpos, e os desafios e implica\u00e7\u00f5es que eles representam tanto para o meio ambiente quanto para a sa\u00fade p\u00fablica.<\/p>\n\n\n\n<h3 class=\"wp-block-heading\">O que s\u00e3o micropl\u00e1sticos e sua presen\u00e7a no corpo humano<\/h3>\n\n\n\n<p>Nos \u00faltimos anos, cresceram as preocupa\u00e7\u00f5es com os impactos ambientais e de sa\u00fade da polui\u00e7\u00e3o pl\u00e1stica, especialmente em rela\u00e7\u00e3o aos micropl\u00e1sticos. Ent\u00e3o, estas min\u00fasculas part\u00edculas de pl\u00e1stico, menores que 5 mil\u00edmetros, t\u00eam se infiltrado em praticamente todos os cantos do planeta. Dessa forma, eles est\u00e3o presentes nos oceanos, terras e at\u00e9 mesmo no ar, representando um desafio ambiental global.<\/p>\n\n\n\n<h3 class=\"wp-block-heading\">Micropl\u00e1sticos nos oceanos: uma amea\u00e7a \u00e0 vida marinha<\/h3>\n\n\n\n<p>Mas, afinal, o que s\u00e3o micropl\u00e1sticos? Originam-se de diversas fontes, incluindo a degrada\u00e7\u00e3o de res\u00edduos pl\u00e1sticos maiores e a libera\u00e7\u00e3o direta de pequenas part\u00edculas presentes em produtos como cosm\u00e9ticos e t\u00eaxteis sint\u00e9ticos. Sua natureza onipresente permite que eles adentrem o corpo humano por meio da ingest\u00e3o, inala\u00e7\u00e3o e possivelmente at\u00e9 mesmo atrav\u00e9s da pele. Estudos t\u00eam demonstrado a presen\u00e7a de micropl\u00e1sticos em diversos \u00f3rg\u00e3os e tecidos humanos, indicando que ningu\u00e9m est\u00e1 imune \u00e0 exposi\u00e7\u00e3o.<\/p>\n\n\n\n<h3 class=\"wp-block-heading\">Os micropl\u00e1sticos no cora\u00e7\u00e3o: um risco \u00e0 sa\u00fade cardiovascular<\/h3>\n\n\n\n<p>Recentemente, uma pesquisa publicada na revista Environment International revelou a presen\u00e7a de micropl\u00e1sticos no sangue de 77% dos participantes, marcando a primeira descoberta desse tipo. O estudo, envolvendo 22 volunt\u00e1rios saud\u00e1veis, detectou cinco tipos de pl\u00e1sticos, sendo o Polietileno Tereftalato (PET) e o Poliestireno (PS) os mais prevalentes. Esse achado \u00e9 alarmante, considerando o potencial dessas part\u00edculas de viajar pelo corpo e se acumular em diferentes \u00f3rg\u00e3os, levantando preocupa\u00e7\u00f5es significativas sobre suas implica\u00e7\u00f5es para a sa\u00fade.<\/p>\n\n\n\n<h3 class=\"wp-block-heading\">Novas pesquisas revelam riscos de micropl\u00e1sticos na sa\u00fade cardiovascular<\/h3>\n\n\n\n<p>Avan\u00e7ando para o presente m\u00eas, o The New England Journal of Medicine compartilhou novas pesquisas de N\u00e1poles que descobriram uma forte correla\u00e7\u00e3o entre a contamina\u00e7\u00e3o por micropl\u00e1sticos nos vasos sangu\u00edneos e um aumento do risco de derrames, ataques card\u00edacos e morte prematura. O estudo analisou placas de gordura de mais de 300 pacientes com doen\u00e7as arteriais, encontrando micropl\u00e1sticos em mais da metade delas. Essa associa\u00e7\u00e3o, embora n\u00e3o definitivamente causal, sugere uma preocupante liga\u00e7\u00e3o entre a polui\u00e7\u00e3o pl\u00e1stica e a sa\u00fade cardiovascular.<\/p>\n\n\n\n<h3 class=\"wp-block-heading\">Evid\u00eancias adicionais sobre os efeitos dos micropl\u00e1sticos na sa\u00fade<\/h3>\n\n\n\n<p>Estudos recentes em animais e em c\u00e9lulas humanas t\u00eam refor\u00e7ado ainda mais essas preocupa\u00e7\u00f5es. Pesquisas t\u00eam mostrado que os micropl\u00e1sticos podem ultrapassar a barreira intestinal, acumular-se em \u00f3rg\u00e3os e desencadear inflama\u00e7\u00e3o, disbiose intestinal e altera\u00e7\u00f5es metab\u00f3licas em roedores. Esses efeitos s\u00e3o espelhados em mam\u00edferos maiores e t\u00eam suscitado preocupa\u00e7\u00f5es de seguran\u00e7a em rela\u00e7\u00e3o a animais destinados ao consumo humano, como frangos, que s\u00e3o conhecidos por ingerirem micropl\u00e1sticos.<\/p>\n\n\n\n<h3 class=\"wp-block-heading\">A amea\u00e7a dos ftalatos e a necessidade de regulamenta\u00e7\u00f5es r\u00edgidas<\/h3>\n\n\n\n<p>Os ftalatos, aditivos qu\u00edmicos presentes nos pl\u00e1sticos, foram identificados como disruptores end\u00f3crinos com efeitos nocivos na sa\u00fade humana. Um estudo recente detalhou a presen\u00e7a generalizada de ftalatos no cotidiano e seus efeitos prejudiciais nos resultados da gravidez, no crescimento infantil e nos sistemas reprodutivos. O estudo clamou por regulamenta\u00e7\u00f5es mais r\u00edgidas e medidas alternativas para mitigar a exposi\u00e7\u00e3o.<\/p>\n\n\n\n<h3 class=\"wp-block-heading\">A urg\u00eancia da a\u00e7\u00e3o diante dos desafios dos micropl\u00e1sticos<\/h3>\n\n\n\n<p>A natureza onipresente dos micropl\u00e1sticos e dos aditivos pl\u00e1sticos, e seus potenciais riscos \u00e0 sa\u00fade, destacam a urg\u00eancia de se abordar a polui\u00e7\u00e3o pl\u00e1stica. Reduzir a produ\u00e7\u00e3o de pl\u00e1sticos e melhorar o gerenciamento de res\u00edduos s\u00e3o passos cruciais para mitigar esses riscos. No entanto, dada a distribui\u00e7\u00e3o generalizada dos pl\u00e1sticos, os benef\u00edcios dessas medidas podem levar algum tempo para se manifestarem. A pesquisa sobre os impactos da polui\u00e7\u00e3o pl\u00e1stica na sa\u00fade ainda est\u00e1 em est\u00e1gios iniciais, mas as evid\u00eancias existentes clamam por a\u00e7\u00f5es imediatas para reduzir a exposi\u00e7\u00e3o e investigar mais a fundo as consequ\u00eancias para a sa\u00fade a longo prazo. Abordar as causas fundamentais da polui\u00e7\u00e3o pl\u00e1stica, melhorar a pesquisa e aumentar a conscientiza\u00e7\u00e3o p\u00fablica s\u00e3o passos cr\u00edticos para proteger tanto a sa\u00fade humana quanto o meio ambiente.<\/p>\n\n\n\n<h3 class=\"wp-block-heading\">Convite especial para voc\u00ea<\/h3>\n\n\n\n<p>Ent\u00e3o, depois deste\u00a0<strong>Micropl\u00e1sticos: Uma amea\u00e7a ub\u00edqua ao ambiente<\/strong>\u00a0<strong>\u00a0<\/strong>acredito que queira saber mais de nossa contribui\u00e7\u00e3o na \u00e1rea ambiental. N\u00e3o fique inibido entre em contato:\u00a0<a href=\"mailto:gsantana2005@gmail.com\">gsantana2005@gmail.com<\/a>\u00a0veja o nosso\u00a0<a href=\"https:\/\/www.instagram.com\/genilsonpereirasantana1\/\" rel=\"nofollow noopener\" target=\"_blank\">Instagram<\/a><\/p>\n\n\n\n<p>Al\u00e9m disso, j\u00e1 que voc\u00ea chegou at\u00e9 aqui descubra mais sobre n\u00f3s artigos abaixo:<\/p>\n\n\n\n<ul class=\"wp-block-list\">\n<li><a href=\"https:\/\/gsantana2005.net\/index.php\/2023\/11\/30\/desbloqueando-o-valor-oculto-reciclando-o-pequeno-para-um-grande-impacto\/\" target=\"_blank\" rel=\"noreferrer noopener\">Desbloqueando o valor oculto: Reciclando o pequeno para um grande impacto<\/a><\/li>\n\n\n\n<li><a href=\"https:\/\/gsantana2005.net\/index.php\/2023\/11\/29\/reduza-a-pegada-de-carbono-digital-da-sua-empresa-rumo-a-um-futuro-sustentavel\/\" target=\"_blank\" rel=\"noreferrer noopener\">Reduza a Pegada de Carbono Digital da sua Empresa: Rumo a um Futuro Sustent\u00e1vel<\/a><\/li>\n\n\n\n<li><a href=\"https:\/\/gsantana2005.net\/index.php\/2023\/11\/28\/navegando-na-controversia-da-acao-climatica-global-da-cop28-de-dubai\/\" target=\"_blank\" rel=\"noreferrer noopener\">Navegando na controv\u00e9rsia da A\u00e7\u00e3o Clim\u00e1tica Global da COP28 de Dubai<\/a><\/li>\n\n\n\n<li><a href=\"https:\/\/gsantana2005.net\/index.php\/2023\/11\/28\/rascunho-automaticodespedindo-se-dos-plasticos-descartaveis-o-futuro-sustentavel-das-embalagens-de-celulose\/\">Despedindo-se dos Pl\u00e1sticos Descart\u00e1veis: O Futuro Sustent\u00e1vel das Embalagens de Celulose!<\/a><\/li>\n<\/ul>\n\n\n\n<p>Ent\u00e3o, conhe\u00e7a tamb\u00e9m nossos cursos sobre&nbsp;<a href=\"https:\/\/gsantana2005.net\/index.php\/2023\/07\/21\/gestao-de-residuos\/\">Gest\u00e3o de res\u00edduos<\/a>&nbsp;e&nbsp;<a href=\"https:\/\/gsantana2005.net\/index.php\/2023\/08\/08\/tratamento-de-efluentes\/\">Tratamento de efluentes<\/a>. Maiores informa\u00e7\u00f5es:&nbsp;<a href=\"mailto:gsantana2005@gmail.com\">gsantana2005@gmail.com<\/a>&nbsp;ou 92 991227158 (WhatsApp)<\/p>\n","protected":false},"excerpt":{"rendered":"<p>Micropl\u00e1sticos: Uma Amea\u00e7a Ub\u00edqua ao Ambiente \u00e9 um artigo sobre os perigos dos pl\u00e1sticos sobre os organismos do nosso planeta. Nos \u00faltimos anos, a crescente preocupa\u00e7\u00e3o com a polui\u00e7\u00e3o pl\u00e1stica gerou um interesse para compreender os micropl\u00e1sticos. Ent\u00e3o, o interesse gira em torno de seu impacto tanto no meio ambiente quanto na sa\u00fade humana. A [&hellip;]<\/p>\n","protected":false},"author":1,"featured_media":454,"comment_status":"open","ping_status":"closed","sticky":false,"template":"","format":"standard","meta":{"om_disable_all_campaigns":false,"_monsterinsights_skip_tracking":false,"_monsterinsights_sitenote_active":false,"_monsterinsights_sitenote_note":"","_monsterinsights_sitenote_category":0,"footnotes":"","_links_to":"","_links_to_target":""},"categories":[275,3],"tags":[874,931,933,329,118,932,202,934,870,930],"class_list":["post-1126","post","type-post","status-publish","format-standard","has-post-thumbnail","hentry","category-conservacao-ambiental","category-genilson-pereira-santana","tag-conscientizacao-publica","tag-contaminacao-ambiental","tag-ftalatos","tag-impactos-ambientais","tag-microplasticos","tag-oceanos","tag-poluicao-plastica","tag-regulamentacoes-ambientais","tag-riscos-a-saude","tag-saude-cardiovascular"],"aioseo_notices":[],"yoast_head":"<!-- This site is optimized with the Yoast SEO plugin v24.5 - https:\/\/yoast.com\/wordpress\/plugins\/seo\/ -->\n<title>Micropl\u00e1sticos: Uma amea\u00e7a ub\u00edqua ao ambiente - gsantana2005<\/title>\n<meta name=\"description\" content=\"Micropl\u00e1sticos: Uma Amea\u00e7a Ub\u00edqua ao Ambiente \u00e9 um artigo que trata dos efeitos dos pl\u00e1sticos sobre o meio ambiente e a sa\u00fade humana\" \/>\n<meta name=\"robots\" content=\"index, follow, max-snippet:-1, max-image-preview:large, max-video-preview:-1\" \/>\n<link rel=\"canonical\" href=\"https:\/\/gsantana2005.net\/index.php\/2024\/03\/17\/microplasticos-uma-ameaca-ubiqua-ao-ambiente\/\" \/>\n<meta property=\"og:locale\" content=\"pt_BR\" \/>\n<meta property=\"og:type\" content=\"article\" \/>\n<meta property=\"og:title\" content=\"Micropl\u00e1sticos: Uma amea\u00e7a ub\u00edqua ao ambiente - gsantana2005\" \/>\n<meta property=\"og:description\" content=\"Micropl\u00e1sticos: Uma Amea\u00e7a Ub\u00edqua ao Ambiente \u00e9 um artigo que trata dos efeitos dos pl\u00e1sticos sobre o meio ambiente e a sa\u00fade humana\" \/>\n<meta property=\"og:url\" content=\"https:\/\/gsantana2005.net\/index.php\/2024\/03\/17\/microplasticos-uma-ameaca-ubiqua-ao-ambiente\/\" \/>\n<meta property=\"og:site_name\" content=\"gsantana2005\" \/>\n<meta property=\"article:published_time\" content=\"2024-03-17T14:07:57+00:00\" \/>\n<meta property=\"article:modified_time\" content=\"2024-03-17T14:32:28+00:00\" \/>\n<meta property=\"og:image\" content=\"http:\/\/gsantana2005.net\/wp-content\/uploads\/2023\/06\/microplastico.jpg\" \/>\n\t<meta property=\"og:image:width\" content=\"1020\" \/>\n\t<meta property=\"og:image:height\" content=\"680\" \/>\n\t<meta property=\"og:image:type\" content=\"image\/jpeg\" \/>\n<meta name=\"author\" content=\"gsantana2005\" \/>\n<meta name=\"twitter:card\" content=\"summary_large_image\" \/>\n<meta name=\"twitter:label1\" content=\"Escrito por\" \/>\n\t<meta name=\"twitter:data1\" content=\"gsantana2005\" \/>\n\t<meta name=\"twitter:label2\" content=\"Est. tempo de leitura\" \/>\n\t<meta name=\"twitter:data2\" content=\"6 minutos\" \/>\n<script type=\"application\/ld+json\" class=\"yoast-schema-graph\">{\"@context\":\"https:\/\/schema.org\",\"@graph\":[{\"@type\":\"Article\",\"@id\":\"https:\/\/gsantana2005.net\/index.php\/2024\/03\/17\/microplasticos-uma-ameaca-ubiqua-ao-ambiente\/#article\",\"isPartOf\":{\"@id\":\"https:\/\/gsantana2005.net\/index.php\/2024\/03\/17\/microplasticos-uma-ameaca-ubiqua-ao-ambiente\/\"},\"author\":{\"name\":\"gsantana2005\",\"@id\":\"https:\/\/gsantana2005.net\/#\/schema\/person\/78c90c6f49a46ef4c8e69bafec347cb7\"},\"headline\":\"Micropl\u00e1sticos: Uma amea\u00e7a ub\u00edqua ao ambiente\",\"datePublished\":\"2024-03-17T14:07:57+00:00\",\"dateModified\":\"2024-03-17T14:32:28+00:00\",\"mainEntityOfPage\":{\"@id\":\"https:\/\/gsantana2005.net\/index.php\/2024\/03\/17\/microplasticos-uma-ameaca-ubiqua-ao-ambiente\/\"},\"wordCount\":1088,\"commentCount\":0,\"publisher\":{\"@id\":\"https:\/\/gsantana2005.net\/#organization\"},\"image\":{\"@id\":\"https:\/\/gsantana2005.net\/index.php\/2024\/03\/17\/microplasticos-uma-ameaca-ubiqua-ao-ambiente\/#primaryimage\"},\"thumbnailUrl\":\"https:\/\/gsantana2005.net\/wp-content\/uploads\/2023\/06\/microplastico.jpg\",\"keywords\":[\"Conscientiza\u00e7\u00e3o P\u00fablica\",\"Contamina\u00e7\u00e3o ambiental\",\"Ftalatos\",\"Impactos ambientais\",\"micropl\u00e1sticos\",\"Oceanos\",\"polui\u00e7\u00e3o pl\u00e1stica\",\"Regulamenta\u00e7\u00f5es ambientais\",\"Riscos \u00c0 Sa\u00fade\",\"Sa\u00fade cardiovascular\"],\"articleSection\":[\"Conserva\u00e7\u00e3o Ambiental\",\"Dr Genilson Santana\"],\"inLanguage\":\"pt-BR\",\"potentialAction\":[{\"@type\":\"CommentAction\",\"name\":\"Comment\",\"target\":[\"https:\/\/gsantana2005.net\/index.php\/2024\/03\/17\/microplasticos-uma-ameaca-ubiqua-ao-ambiente\/#respond\"]}]},{\"@type\":\"WebPage\",\"@id\":\"https:\/\/gsantana2005.net\/index.php\/2024\/03\/17\/microplasticos-uma-ameaca-ubiqua-ao-ambiente\/\",\"url\":\"https:\/\/gsantana2005.net\/index.php\/2024\/03\/17\/microplasticos-uma-ameaca-ubiqua-ao-ambiente\/\",\"name\":\"Micropl\u00e1sticos: Uma amea\u00e7a ub\u00edqua ao ambiente - gsantana2005\",\"isPartOf\":{\"@id\":\"https:\/\/gsantana2005.net\/#website\"},\"primaryImageOfPage\":{\"@id\":\"https:\/\/gsantana2005.net\/index.php\/2024\/03\/17\/microplasticos-uma-ameaca-ubiqua-ao-ambiente\/#primaryimage\"},\"image\":{\"@id\":\"https:\/\/gsantana2005.net\/index.php\/2024\/03\/17\/microplasticos-uma-ameaca-ubiqua-ao-ambiente\/#primaryimage\"},\"thumbnailUrl\":\"https:\/\/gsantana2005.net\/wp-content\/uploads\/2023\/06\/microplastico.jpg\",\"datePublished\":\"2024-03-17T14:07:57+00:00\",\"dateModified\":\"2024-03-17T14:32:28+00:00\",\"description\":\"Micropl\u00e1sticos: Uma Amea\u00e7a Ub\u00edqua ao Ambiente \u00e9 um artigo que trata dos efeitos dos pl\u00e1sticos sobre o meio ambiente e a sa\u00fade humana\",\"breadcrumb\":{\"@id\":\"https:\/\/gsantana2005.net\/index.php\/2024\/03\/17\/microplasticos-uma-ameaca-ubiqua-ao-ambiente\/#breadcrumb\"},\"inLanguage\":\"pt-BR\",\"potentialAction\":[{\"@type\":\"ReadAction\",\"target\":[\"https:\/\/gsantana2005.net\/index.php\/2024\/03\/17\/microplasticos-uma-ameaca-ubiqua-ao-ambiente\/\"]}]},{\"@type\":\"ImageObject\",\"inLanguage\":\"pt-BR\",\"@id\":\"https:\/\/gsantana2005.net\/index.php\/2024\/03\/17\/microplasticos-uma-ameaca-ubiqua-ao-ambiente\/#primaryimage\",\"url\":\"https:\/\/gsantana2005.net\/wp-content\/uploads\/2023\/06\/microplastico.jpg\",\"contentUrl\":\"https:\/\/gsantana2005.net\/wp-content\/uploads\/2023\/06\/microplastico.jpg\",\"width\":1020,\"height\":680,\"caption\":\"micropl\u00e1stico\"},{\"@type\":\"BreadcrumbList\",\"@id\":\"https:\/\/gsantana2005.net\/index.php\/2024\/03\/17\/microplasticos-uma-ameaca-ubiqua-ao-ambiente\/#breadcrumb\",\"itemListElement\":[{\"@type\":\"ListItem\",\"position\":1,\"name\":\"Home\",\"item\":\"https:\/\/gsantana2005.net\/\"},{\"@type\":\"ListItem\",\"position\":2,\"name\":\"Micropl\u00e1sticos: Uma amea\u00e7a ub\u00edqua ao ambiente\"}]},{\"@type\":\"WebSite\",\"@id\":\"https:\/\/gsantana2005.net\/#website\",\"url\":\"https:\/\/gsantana2005.net\/\",\"name\":\"gsantana2005\",\"description\":\"Sejamos sustent\u00e1veis\",\"publisher\":{\"@id\":\"https:\/\/gsantana2005.net\/#organization\"},\"potentialAction\":[{\"@type\":\"SearchAction\",\"target\":{\"@type\":\"EntryPoint\",\"urlTemplate\":\"https:\/\/gsantana2005.net\/?s={search_term_string}\"},\"query-input\":{\"@type\":\"PropertyValueSpecification\",\"valueRequired\":true,\"valueName\":\"search_term_string\"}}],\"inLanguage\":\"pt-BR\"},{\"@type\":\"Organization\",\"@id\":\"https:\/\/gsantana2005.net\/#organization\",\"name\":\"gsantana2005\",\"url\":\"https:\/\/gsantana2005.net\/\",\"logo\":{\"@type\":\"ImageObject\",\"inLanguage\":\"pt-BR\",\"@id\":\"https:\/\/gsantana2005.net\/#\/schema\/logo\/image\/\",\"url\":\"https:\/\/gsantana2005.net\/wp-content\/uploads\/2023\/06\/cropped-Gs-sem-fundo.jpg\",\"contentUrl\":\"https:\/\/gsantana2005.net\/wp-content\/uploads\/2023\/06\/cropped-Gs-sem-fundo.jpg\",\"width\":100,\"height\":100,\"caption\":\"gsantana2005\"},\"image\":{\"@id\":\"https:\/\/gsantana2005.net\/#\/schema\/logo\/image\/\"}},{\"@type\":\"Person\",\"@id\":\"https:\/\/gsantana2005.net\/#\/schema\/person\/78c90c6f49a46ef4c8e69bafec347cb7\",\"name\":\"gsantana2005\",\"image\":{\"@type\":\"ImageObject\",\"inLanguage\":\"pt-BR\",\"@id\":\"https:\/\/gsantana2005.net\/#\/schema\/person\/image\/\",\"url\":\"https:\/\/secure.gravatar.com\/avatar\/db3aa311fa8063e1f4df6b2da249929f?s=96&d=mm&r=g\",\"contentUrl\":\"https:\/\/secure.gravatar.com\/avatar\/db3aa311fa8063e1f4df6b2da249929f?s=96&d=mm&r=g\",\"caption\":\"gsantana2005\"},\"sameAs\":[\"http:\/\/gsantana2005.net\"],\"url\":\"https:\/\/gsantana2005.net\/author\/gsantana2005\/\"}]}<\/script>\n<!-- \/ Yoast SEO plugin. -->","yoast_head_json":{"title":"Micropl\u00e1sticos: Uma amea\u00e7a ub\u00edqua ao ambiente - gsantana2005","description":"Micropl\u00e1sticos: Uma Amea\u00e7a Ub\u00edqua ao Ambiente \u00e9 um artigo que trata dos efeitos dos pl\u00e1sticos sobre o meio ambiente e a sa\u00fade humana","robots":{"index":"index","follow":"follow","max-snippet":"max-snippet:-1","max-image-preview":"max-image-preview:large","max-video-preview":"max-video-preview:-1"},"canonical":"https:\/\/gsantana2005.net\/index.php\/2024\/03\/17\/microplasticos-uma-ameaca-ubiqua-ao-ambiente\/","og_locale":"pt_BR","og_type":"article","og_title":"Micropl\u00e1sticos: Uma amea\u00e7a ub\u00edqua ao ambiente - gsantana2005","og_description":"Micropl\u00e1sticos: Uma Amea\u00e7a Ub\u00edqua ao Ambiente \u00e9 um artigo que trata dos efeitos dos pl\u00e1sticos sobre o meio ambiente e a sa\u00fade humana","og_url":"https:\/\/gsantana2005.net\/index.php\/2024\/03\/17\/microplasticos-uma-ameaca-ubiqua-ao-ambiente\/","og_site_name":"gsantana2005","article_published_time":"2024-03-17T14:07:57+00:00","article_modified_time":"2024-03-17T14:32:28+00:00","og_image":[{"width":1020,"height":680,"url":"http:\/\/gsantana2005.net\/wp-content\/uploads\/2023\/06\/microplastico.jpg","type":"image\/jpeg"}],"author":"gsantana2005","twitter_card":"summary_large_image","twitter_misc":{"Escrito por":"gsantana2005","Est. tempo de leitura":"6 minutos"},"schema":{"@context":"https:\/\/schema.org","@graph":[{"@type":"Article","@id":"https:\/\/gsantana2005.net\/index.php\/2024\/03\/17\/microplasticos-uma-ameaca-ubiqua-ao-ambiente\/#article","isPartOf":{"@id":"https:\/\/gsantana2005.net\/index.php\/2024\/03\/17\/microplasticos-uma-ameaca-ubiqua-ao-ambiente\/"},"author":{"name":"gsantana2005","@id":"https:\/\/gsantana2005.net\/#\/schema\/person\/78c90c6f49a46ef4c8e69bafec347cb7"},"headline":"Micropl\u00e1sticos: Uma amea\u00e7a ub\u00edqua ao ambiente","datePublished":"2024-03-17T14:07:57+00:00","dateModified":"2024-03-17T14:32:28+00:00","mainEntityOfPage":{"@id":"https:\/\/gsantana2005.net\/index.php\/2024\/03\/17\/microplasticos-uma-ameaca-ubiqua-ao-ambiente\/"},"wordCount":1088,"commentCount":0,"publisher":{"@id":"https:\/\/gsantana2005.net\/#organization"},"image":{"@id":"https:\/\/gsantana2005.net\/index.php\/2024\/03\/17\/microplasticos-uma-ameaca-ubiqua-ao-ambiente\/#primaryimage"},"thumbnailUrl":"https:\/\/gsantana2005.net\/wp-content\/uploads\/2023\/06\/microplastico.jpg","keywords":["Conscientiza\u00e7\u00e3o P\u00fablica","Contamina\u00e7\u00e3o ambiental","Ftalatos","Impactos ambientais","micropl\u00e1sticos","Oceanos","polui\u00e7\u00e3o pl\u00e1stica","Regulamenta\u00e7\u00f5es ambientais","Riscos \u00c0 Sa\u00fade","Sa\u00fade cardiovascular"],"articleSection":["Conserva\u00e7\u00e3o Ambiental","Dr Genilson Santana"],"inLanguage":"pt-BR","potentialAction":[{"@type":"CommentAction","name":"Comment","target":["https:\/\/gsantana2005.net\/index.php\/2024\/03\/17\/microplasticos-uma-ameaca-ubiqua-ao-ambiente\/#respond"]}]},{"@type":"WebPage","@id":"https:\/\/gsantana2005.net\/index.php\/2024\/03\/17\/microplasticos-uma-ameaca-ubiqua-ao-ambiente\/","url":"https:\/\/gsantana2005.net\/index.php\/2024\/03\/17\/microplasticos-uma-ameaca-ubiqua-ao-ambiente\/","name":"Micropl\u00e1sticos: Uma amea\u00e7a ub\u00edqua ao ambiente - gsantana2005","isPartOf":{"@id":"https:\/\/gsantana2005.net\/#website"},"primaryImageOfPage":{"@id":"https:\/\/gsantana2005.net\/index.php\/2024\/03\/17\/microplasticos-uma-ameaca-ubiqua-ao-ambiente\/#primaryimage"},"image":{"@id":"https:\/\/gsantana2005.net\/index.php\/2024\/03\/17\/microplasticos-uma-ameaca-ubiqua-ao-ambiente\/#primaryimage"},"thumbnailUrl":"https:\/\/gsantana2005.net\/wp-content\/uploads\/2023\/06\/microplastico.jpg","datePublished":"2024-03-17T14:07:57+00:00","dateModified":"2024-03-17T14:32:28+00:00","description":"Micropl\u00e1sticos: Uma Amea\u00e7a Ub\u00edqua ao Ambiente \u00e9 um artigo que trata dos efeitos dos pl\u00e1sticos sobre o meio ambiente e a sa\u00fade humana","breadcrumb":{"@id":"https:\/\/gsantana2005.net\/index.php\/2024\/03\/17\/microplasticos-uma-ameaca-ubiqua-ao-ambiente\/#breadcrumb"},"inLanguage":"pt-BR","potentialAction":[{"@type":"ReadAction","target":["https:\/\/gsantana2005.net\/index.php\/2024\/03\/17\/microplasticos-uma-ameaca-ubiqua-ao-ambiente\/"]}]},{"@type":"ImageObject","inLanguage":"pt-BR","@id":"https:\/\/gsantana2005.net\/index.php\/2024\/03\/17\/microplasticos-uma-ameaca-ubiqua-ao-ambiente\/#primaryimage","url":"https:\/\/gsantana2005.net\/wp-content\/uploads\/2023\/06\/microplastico.jpg","contentUrl":"https:\/\/gsantana2005.net\/wp-content\/uploads\/2023\/06\/microplastico.jpg","width":1020,"height":680,"caption":"micropl\u00e1stico"},{"@type":"BreadcrumbList","@id":"https:\/\/gsantana2005.net\/index.php\/2024\/03\/17\/microplasticos-uma-ameaca-ubiqua-ao-ambiente\/#breadcrumb","itemListElement":[{"@type":"ListItem","position":1,"name":"Home","item":"https:\/\/gsantana2005.net\/"},{"@type":"ListItem","position":2,"name":"Micropl\u00e1sticos: Uma amea\u00e7a ub\u00edqua ao ambiente"}]},{"@type":"WebSite","@id":"https:\/\/gsantana2005.net\/#website","url":"https:\/\/gsantana2005.net\/","name":"gsantana2005","description":"Sejamos sustent\u00e1veis","publisher":{"@id":"https:\/\/gsantana2005.net\/#organization"},"potentialAction":[{"@type":"SearchAction","target":{"@type":"EntryPoint","urlTemplate":"https:\/\/gsantana2005.net\/?s={search_term_string}"},"query-input":{"@type":"PropertyValueSpecification","valueRequired":true,"valueName":"search_term_string"}}],"inLanguage":"pt-BR"},{"@type":"Organization","@id":"https:\/\/gsantana2005.net\/#organization","name":"gsantana2005","url":"https:\/\/gsantana2005.net\/","logo":{"@type":"ImageObject","inLanguage":"pt-BR","@id":"https:\/\/gsantana2005.net\/#\/schema\/logo\/image\/","url":"https:\/\/gsantana2005.net\/wp-content\/uploads\/2023\/06\/cropped-Gs-sem-fundo.jpg","contentUrl":"https:\/\/gsantana2005.net\/wp-content\/uploads\/2023\/06\/cropped-Gs-sem-fundo.jpg","width":100,"height":100,"caption":"gsantana2005"},"image":{"@id":"https:\/\/gsantana2005.net\/#\/schema\/logo\/image\/"}},{"@type":"Person","@id":"https:\/\/gsantana2005.net\/#\/schema\/person\/78c90c6f49a46ef4c8e69bafec347cb7","name":"gsantana2005","image":{"@type":"ImageObject","inLanguage":"pt-BR","@id":"https:\/\/gsantana2005.net\/#\/schema\/person\/image\/","url":"https:\/\/secure.gravatar.com\/avatar\/db3aa311fa8063e1f4df6b2da249929f?s=96&d=mm&r=g","contentUrl":"https:\/\/secure.gravatar.com\/avatar\/db3aa311fa8063e1f4df6b2da249929f?s=96&d=mm&r=g","caption":"gsantana2005"},"sameAs":["http:\/\/gsantana2005.net"],"url":"https:\/\/gsantana2005.net\/author\/gsantana2005\/"}]}},"amp_enabled":true,"_links":{"self":[{"href":"https:\/\/gsantana2005.net\/index.php\/wp-json\/wp\/v2\/posts\/1126"}],"collection":[{"href":"https:\/\/gsantana2005.net\/index.php\/wp-json\/wp\/v2\/posts"}],"about":[{"href":"https:\/\/gsantana2005.net\/index.php\/wp-json\/wp\/v2\/types\/post"}],"author":[{"embeddable":true,"href":"https:\/\/gsantana2005.net\/index.php\/wp-json\/wp\/v2\/users\/1"}],"replies":[{"embeddable":true,"href":"https:\/\/gsantana2005.net\/index.php\/wp-json\/wp\/v2\/comments?post=1126"}],"version-history":[{"count":2,"href":"https:\/\/gsantana2005.net\/index.php\/wp-json\/wp\/v2\/posts\/1126\/revisions"}],"predecessor-version":[{"id":1129,"href":"https:\/\/gsantana2005.net\/index.php\/wp-json\/wp\/v2\/posts\/1126\/revisions\/1129"}],"wp:featuredmedia":[{"embeddable":true,"href":"https:\/\/gsantana2005.net\/index.php\/wp-json\/wp\/v2\/media\/454"}],"wp:attachment":[{"href":"https:\/\/gsantana2005.net\/index.php\/wp-json\/wp\/v2\/media?parent=1126"}],"wp:term":[{"taxonomy":"category","embeddable":true,"href":"https:\/\/gsantana2005.net\/index.php\/wp-json\/wp\/v2\/categories?post=1126"},{"taxonomy":"post_tag","embeddable":true,"href":"https:\/\/gsantana2005.net\/index.php\/wp-json\/wp\/v2\/tags?post=1126"}],"curies":[{"name":"wp","href":"https:\/\/api.w.org\/{rel}","templated":true}]}}