{"id":1139,"date":"2024-03-18T20:58:48","date_gmt":"2024-03-18T20:58:48","guid":{"rendered":"https:\/\/gsantana2005.net\/?p=1139"},"modified":"2024-03-18T20:59:46","modified_gmt":"2024-03-18T20:59:46","slug":"jane-fonda-e-a-luta-contra-as-mudancas-climaticas","status":"publish","type":"post","link":"https:\/\/gsantana2005.net\/index.php\/2024\/03\/18\/jane-fonda-e-a-luta-contra-as-mudancas-climaticas\/","title":{"rendered":"Jane Fonda e a Luta Contra as Mudan\u00e7as Clim\u00e1ticas"},"content":{"rendered":"\n<p>Jane Fonda e a Luta Contra as Mudan\u00e7as Clim\u00e1ticas: Uma Inspira\u00e7\u00e3o para Todos; ou seja, a verdadeira lutadora do meio ambiente. Ent\u00e3o, Jane Fonda, a lend\u00e1ria atriz e ativista, n\u00e3o se contenta em descansar sobre os louros de sua carreira de sucesso. Assim, em seus \u00faltimos anos, ela se dedicou com paix\u00e3o \u00e0 luta contra as mudan\u00e7as clim\u00e1ticas, tornando-se uma voz incans\u00e1vel e inspiradora nessa causa crucial.<\/p>\n\n\n\n<h3 class=\"wp-block-heading\">Liderando o Movimento Fire Drill Fridays<\/h3>\n\n\n\n<p>Em 2019, Fonda fundou o movimento Fire Drill Fridays, que organiza protestos semanais em Washington D.C. para pressionar os l\u00edderes mundiais a tomarem medidas urgentes para proteger o planeta. Dessa forma, atrav\u00e9s de sua lideran\u00e7a e participa\u00e7\u00e3o ativa, ela demonstra a import\u00e2ncia de usar a visibilidade e o poder de influ\u00eancia para conscientizar o p\u00fablico sobre a crise clim\u00e1tica e seus impactos devastadores.<\/p>\n\n\n\n<h3 class=\"wp-block-heading\">Um Compromisso Pessoal e Coletivo<\/h3>\n\n\n\n<p>Ao se unir a milhares de ativistas nas ruas de Washington, Fonda demonstra sobretudo que o ativismo ambiental n\u00e3o se limita a jovens ou especialistas. \u00c9 um compromisso que deve ser assumido por todos, independentemente da idade, profiss\u00e3o ou status social. Sua presen\u00e7a nesses protestos serve como um poderoso exemplo de como cada indiv\u00edduo pode fazer a diferen\u00e7a na luta por um futuro mais sustent\u00e1vel.<\/p>\n\n\n\n<h3 class=\"wp-block-heading\">Inspirando a A\u00e7\u00e3o e a Mudan\u00e7a<\/h3>\n\n\n\n<p>Em princ\u00edpio, o ativismo de Jane Fonda n\u00e3o se limita aos protestos. Ela tamb\u00e9m utiliza sua plataforma para educar e conscientizar o p\u00fablico sobre a crise clim\u00e1tica atrav\u00e9s de entrevistas, artigos, palestras e m\u00eddias sociais. Assim, seus esfor\u00e7os inspiram pessoas de todas as idades e origens a se unirem \u00e0 luta e a tomar medidas para reduzir seu impacto ambiental.<\/p>\n\n\n\n<h3 class=\"wp-block-heading\">Um Legado de Engajamento e Esperan\u00e7a<\/h3>\n\n\n\n<p>O compromisso de Jane Fonda com a justi\u00e7a social e ambiental \u00e9 um exemplo a ser seguido por todos. Sua trajet\u00f3ria demonstra que \u00e9 poss\u00edvel combinar sucesso profissional com um profundo engajamento em causas que impactam o futuro do planeta. Atrav\u00e9s de sua for\u00e7a, determina\u00e7\u00e3o e incans\u00e1vel ativismo, ela nos inspira a acreditar que a mudan\u00e7a \u00e9 poss\u00edvel e que cada um de n\u00f3s pode fazer a diferen\u00e7a na constru\u00e7\u00e3o de um futuro mais verde e sustent\u00e1vel.<\/p>\n\n\n\n<h3 class=\"wp-block-heading\">Junte-se \u00e0 Luta!<\/h3>\n\n\n\n<p>O ativismo ambiental de Jane Fonda \u00e9 um chamado \u00e0 a\u00e7\u00e3o. Se voc\u00ea se inspira em sua hist\u00f3ria e compromisso, existem diversas maneiras de se envolver na luta contra as mudan\u00e7as clim\u00e1ticas:<\/p>\n\n\n\n<ul class=\"wp-block-list\">\n<li>Participe de protestos e eventos em sua comunidade.<\/li>\n\n\n\n<li>Reduza seu impacto ambiental individual atrav\u00e9s de mudan\u00e7as em seu estilo de vida.<\/li>\n\n\n\n<li>Exija que seus representantes pol\u00edticos adotem medidas urgentes para combater a crise clim\u00e1tica.<\/li>\n\n\n\n<li>Apoie organiza\u00e7\u00f5es que trabalham na prote\u00e7\u00e3o do meio ambiente.<\/li>\n<\/ul>\n\n\n\n<p>Ao unirmos nossas vozes e a\u00e7\u00f5es, podemos seguir o exemplo de Jane Fonda e construir um futuro mais justo e sustent\u00e1vel para as pr\u00f3ximas gera\u00e7\u00f5es.<\/p>\n\n\n\n<h2 class=\"wp-block-heading\"><strong>Lembre-se:<\/strong><\/h2>\n\n\n\n<ul class=\"wp-block-list\">\n<li>A crise clim\u00e1tica \u00e9 uma amea\u00e7a real e urgente.<\/li>\n\n\n\n<li>Cada um de n\u00f3s pode fazer a diferen\u00e7a.<\/li>\n\n\n\n<li>Juntos, podemos construir um futuro melhor.<\/li>\n<\/ul>\n\n\n\n<p><strong>Seja a mudan\u00e7a que voc\u00ea quer ver no mundo!<\/strong><\/p>\n\n\n\n<h3 class=\"wp-block-heading\">Convite especial para voc\u00ea<\/h3>\n\n\n\n<p>Ent\u00e3o, depois deste <strong>Jane Fonda e a Luta Contra as Mudan\u00e7as Clim\u00e1ticas<\/strong>\u00a0<strong>\u00a0<\/strong>acredito que queira saber mais de nossa contribui\u00e7\u00e3o na \u00e1rea ambiental. N\u00e3o fique inibido entre em contato:\u00a0<a href=\"mailto:gsantana2005@gmail.com\">gsantana2005@gmail.com<\/a>\u00a0veja o nosso\u00a0<a href=\"https:\/\/www.instagram.com\/genilsonpereirasantana1\/\" rel=\"nofollow noopener\" target=\"_blank\">Instagram<\/a><\/p>\n\n\n\n<p>Al\u00e9m disso, j\u00e1 que voc\u00ea chegou at\u00e9 aqui descubra mais sobre n\u00f3s artigos abaixo:<\/p>\n\n\n\n<ul class=\"wp-block-list\">\n<li><a href=\"https:\/\/gsantana2005.net\/index.php\/2023\/11\/30\/desbloqueando-o-valor-oculto-reciclando-o-pequeno-para-um-grande-impacto\/\" target=\"_blank\" rel=\"noreferrer noopener\">Desbloqueando o valor oculto: Reciclando o pequeno para um grande impacto<\/a><\/li>\n\n\n\n<li><a href=\"https:\/\/gsantana2005.net\/index.php\/2023\/11\/29\/reduza-a-pegada-de-carbono-digital-da-sua-empresa-rumo-a-um-futuro-sustentavel\/\" target=\"_blank\" rel=\"noreferrer noopener\">Reduza a Pegada de Carbono Digital da sua Empresa: Rumo a um Futuro Sustent\u00e1vel<\/a><\/li>\n\n\n\n<li><a href=\"https:\/\/gsantana2005.net\/index.php\/2023\/11\/28\/navegando-na-controversia-da-acao-climatica-global-da-cop28-de-dubai\/\" target=\"_blank\" rel=\"noreferrer noopener\">Navegando na controv\u00e9rsia da A\u00e7\u00e3o Clim\u00e1tica Global da COP28 de Dubai<\/a><\/li>\n\n\n\n<li><a href=\"https:\/\/gsantana2005.net\/index.php\/2023\/11\/28\/rascunho-automaticodespedindo-se-dos-plasticos-descartaveis-o-futuro-sustentavel-das-embalagens-de-celulose\/\">Despedindo-se dos Pl\u00e1sticos Descart\u00e1veis: O Futuro Sustent\u00e1vel das Embalagens de Celulose!<\/a><\/li>\n<\/ul>\n\n\n\n<p>Ent\u00e3o, conhe\u00e7a tamb\u00e9m nossos cursos sobre&nbsp;<a href=\"https:\/\/gsantana2005.net\/index.php\/2023\/07\/21\/gestao-de-residuos\/\">Gest\u00e3o de res\u00edduos<\/a>&nbsp;e&nbsp;<a href=\"https:\/\/gsantana2005.net\/index.php\/2023\/08\/08\/tratamento-de-efluentes\/\">Tratamento de efluentes<\/a>. Maiores informa\u00e7\u00f5es:&nbsp;<a href=\"mailto:gsantana2005@gmail.com\">gsantana2005@gmail.com<\/a>&nbsp;ou 92 991227158 (WhatsApp)<\/p>\n","protected":false},"excerpt":{"rendered":"<p>Jane Fonda e a Luta Contra as Mudan\u00e7as Clim\u00e1ticas: Uma Inspira\u00e7\u00e3o para Todos; ou seja, a verdadeira lutadora do meio ambiente. Ent\u00e3o, Jane Fonda, a lend\u00e1ria atriz e ativista, n\u00e3o se contenta em descansar sobre os louros de sua carreira de sucesso. Assim, em seus \u00faltimos anos, ela se dedicou com paix\u00e3o \u00e0 luta contra [&hellip;]<\/p>\n","protected":false},"author":1,"featured_media":1140,"comment_status":"open","ping_status":"closed","sticky":false,"template":"","format":"standard","meta":{"om_disable_all_campaigns":false,"_monsterinsights_skip_tracking":false,"_monsterinsights_sitenote_active":false,"_monsterinsights_sitenote_note":"","_monsterinsights_sitenote_category":0,"footnotes":"","_links_to":"","_links_to_target":""},"categories":[275,3,57],"tags":[818,945,946,944,877,948,943,947,277,320],"class_list":["post-1139","post","type-post","status-publish","format-standard","has-post-thumbnail","hentry","category-conservacao-ambiental","category-genilson-pereira-santana","category-vida-sustentavel","tag-ativismo-ambiental","tag-conscientizacao","tag-engajamento","tag-fire-drill-fridays","tag-futuro","tag-inspiracao","tag-jane-fonda","tag-lideranca","tag-mudancas-climaticas","tag-sustentabilidade"],"aioseo_notices":[],"yoast_head":"<!-- This site is optimized with the Yoast SEO plugin v24.5 - https:\/\/yoast.com\/wordpress\/plugins\/seo\/ -->\n<title>Jane Fonda e a Luta Contra as Mudan\u00e7as Clim\u00e1ticas - gsantana2005<\/title>\n<meta name=\"description\" content=\"Jane Fonda e a Luta Contra as Mudan\u00e7as Clim\u00e1ticas: Uma Inspira\u00e7\u00e3o para Todos; ou seja, a verdadeira lutadora do meio ambiente.\" \/>\n<meta name=\"robots\" content=\"index, follow, max-snippet:-1, max-image-preview:large, max-video-preview:-1\" \/>\n<link rel=\"canonical\" href=\"https:\/\/gsantana2005.net\/index.php\/2024\/03\/18\/jane-fonda-e-a-luta-contra-as-mudancas-climaticas\/\" \/>\n<meta property=\"og:locale\" content=\"pt_BR\" \/>\n<meta property=\"og:type\" content=\"article\" \/>\n<meta property=\"og:title\" content=\"Jane Fonda e a Luta Contra as Mudan\u00e7as Clim\u00e1ticas - gsantana2005\" \/>\n<meta property=\"og:description\" content=\"Jane Fonda e a Luta Contra as Mudan\u00e7as Clim\u00e1ticas: Uma Inspira\u00e7\u00e3o para Todos; ou seja, a verdadeira lutadora do meio ambiente.\" \/>\n<meta property=\"og:url\" content=\"https:\/\/gsantana2005.net\/index.php\/2024\/03\/18\/jane-fonda-e-a-luta-contra-as-mudancas-climaticas\/\" \/>\n<meta property=\"og:site_name\" content=\"gsantana2005\" \/>\n<meta property=\"article:published_time\" content=\"2024-03-18T20:58:48+00:00\" \/>\n<meta property=\"article:modified_time\" content=\"2024-03-18T20:59:46+00:00\" \/>\n<meta property=\"og:image\" content=\"http:\/\/gsantana2005.net\/wp-content\/uploads\/2024\/03\/jane-fonda.jpg\" \/>\n\t<meta property=\"og:image:width\" content=\"1220\" \/>\n\t<meta property=\"og:image:height\" content=\"674\" \/>\n\t<meta property=\"og:image:type\" content=\"image\/jpeg\" \/>\n<meta name=\"author\" content=\"gsantana2005\" \/>\n<meta name=\"twitter:card\" content=\"summary_large_image\" \/>\n<meta name=\"twitter:label1\" content=\"Escrito por\" \/>\n\t<meta name=\"twitter:data1\" content=\"gsantana2005\" \/>\n\t<meta name=\"twitter:label2\" content=\"Est. tempo de leitura\" \/>\n\t<meta name=\"twitter:data2\" content=\"4 minutos\" \/>\n<script type=\"application\/ld+json\" class=\"yoast-schema-graph\">{\"@context\":\"https:\/\/schema.org\",\"@graph\":[{\"@type\":\"Article\",\"@id\":\"https:\/\/gsantana2005.net\/index.php\/2024\/03\/18\/jane-fonda-e-a-luta-contra-as-mudancas-climaticas\/#article\",\"isPartOf\":{\"@id\":\"https:\/\/gsantana2005.net\/index.php\/2024\/03\/18\/jane-fonda-e-a-luta-contra-as-mudancas-climaticas\/\"},\"author\":{\"name\":\"gsantana2005\",\"@id\":\"https:\/\/gsantana2005.net\/#\/schema\/person\/78c90c6f49a46ef4c8e69bafec347cb7\"},\"headline\":\"Jane Fonda e a Luta Contra as Mudan\u00e7as Clim\u00e1ticas\",\"datePublished\":\"2024-03-18T20:58:48+00:00\",\"dateModified\":\"2024-03-18T20:59:46+00:00\",\"mainEntityOfPage\":{\"@id\":\"https:\/\/gsantana2005.net\/index.php\/2024\/03\/18\/jane-fonda-e-a-luta-contra-as-mudancas-climaticas\/\"},\"wordCount\":705,\"commentCount\":0,\"publisher\":{\"@id\":\"https:\/\/gsantana2005.net\/#organization\"},\"image\":{\"@id\":\"https:\/\/gsantana2005.net\/index.php\/2024\/03\/18\/jane-fonda-e-a-luta-contra-as-mudancas-climaticas\/#primaryimage\"},\"thumbnailUrl\":\"https:\/\/gsantana2005.net\/wp-content\/uploads\/2024\/03\/jane-fonda.jpg\",\"keywords\":[\"Ativismo Ambiental\",\"Conscientiza\u00e7\u00e3o\",\"Engajamento\",\"Fire Drill Fridays\",\"futuro\",\"Inspira\u00e7\u00e3o\",\"Jane Fonda\",\"Lideran\u00e7a\",\"mudan\u00e7as clim\u00e1ticas\",\"Sustentabilidade\"],\"articleSection\":[\"Conserva\u00e7\u00e3o Ambiental\",\"Dr Genilson Santana\",\"Vida Sustent\u00e1vel\"],\"inLanguage\":\"pt-BR\",\"potentialAction\":[{\"@type\":\"CommentAction\",\"name\":\"Comment\",\"target\":[\"https:\/\/gsantana2005.net\/index.php\/2024\/03\/18\/jane-fonda-e-a-luta-contra-as-mudancas-climaticas\/#respond\"]}]},{\"@type\":\"WebPage\",\"@id\":\"https:\/\/gsantana2005.net\/index.php\/2024\/03\/18\/jane-fonda-e-a-luta-contra-as-mudancas-climaticas\/\",\"url\":\"https:\/\/gsantana2005.net\/index.php\/2024\/03\/18\/jane-fonda-e-a-luta-contra-as-mudancas-climaticas\/\",\"name\":\"Jane Fonda e a Luta Contra as Mudan\u00e7as Clim\u00e1ticas - gsantana2005\",\"isPartOf\":{\"@id\":\"https:\/\/gsantana2005.net\/#website\"},\"primaryImageOfPage\":{\"@id\":\"https:\/\/gsantana2005.net\/index.php\/2024\/03\/18\/jane-fonda-e-a-luta-contra-as-mudancas-climaticas\/#primaryimage\"},\"image\":{\"@id\":\"https:\/\/gsantana2005.net\/index.php\/2024\/03\/18\/jane-fonda-e-a-luta-contra-as-mudancas-climaticas\/#primaryimage\"},\"thumbnailUrl\":\"https:\/\/gsantana2005.net\/wp-content\/uploads\/2024\/03\/jane-fonda.jpg\",\"datePublished\":\"2024-03-18T20:58:48+00:00\",\"dateModified\":\"2024-03-18T20:59:46+00:00\",\"description\":\"Jane Fonda e a Luta Contra as Mudan\u00e7as Clim\u00e1ticas: Uma Inspira\u00e7\u00e3o para Todos; ou seja, a verdadeira lutadora do meio ambiente.\",\"breadcrumb\":{\"@id\":\"https:\/\/gsantana2005.net\/index.php\/2024\/03\/18\/jane-fonda-e-a-luta-contra-as-mudancas-climaticas\/#breadcrumb\"},\"inLanguage\":\"pt-BR\",\"potentialAction\":[{\"@type\":\"ReadAction\",\"target\":[\"https:\/\/gsantana2005.net\/index.php\/2024\/03\/18\/jane-fonda-e-a-luta-contra-as-mudancas-climaticas\/\"]}]},{\"@type\":\"ImageObject\",\"inLanguage\":\"pt-BR\",\"@id\":\"https:\/\/gsantana2005.net\/index.php\/2024\/03\/18\/jane-fonda-e-a-luta-contra-as-mudancas-climaticas\/#primaryimage\",\"url\":\"https:\/\/gsantana2005.net\/wp-content\/uploads\/2024\/03\/jane-fonda.jpg\",\"contentUrl\":\"https:\/\/gsantana2005.net\/wp-content\/uploads\/2024\/03\/jane-fonda.jpg\",\"width\":1220,\"height\":674,\"caption\":\"Jane Fonda\"},{\"@type\":\"BreadcrumbList\",\"@id\":\"https:\/\/gsantana2005.net\/index.php\/2024\/03\/18\/jane-fonda-e-a-luta-contra-as-mudancas-climaticas\/#breadcrumb\",\"itemListElement\":[{\"@type\":\"ListItem\",\"position\":1,\"name\":\"Home\",\"item\":\"https:\/\/gsantana2005.net\/\"},{\"@type\":\"ListItem\",\"position\":2,\"name\":\"Jane Fonda e a Luta Contra as Mudan\u00e7as Clim\u00e1ticas\"}]},{\"@type\":\"WebSite\",\"@id\":\"https:\/\/gsantana2005.net\/#website\",\"url\":\"https:\/\/gsantana2005.net\/\",\"name\":\"gsantana2005\",\"description\":\"Sejamos sustent\u00e1veis\",\"publisher\":{\"@id\":\"https:\/\/gsantana2005.net\/#organization\"},\"potentialAction\":[{\"@type\":\"SearchAction\",\"target\":{\"@type\":\"EntryPoint\",\"urlTemplate\":\"https:\/\/gsantana2005.net\/?s={search_term_string}\"},\"query-input\":{\"@type\":\"PropertyValueSpecification\",\"valueRequired\":true,\"valueName\":\"search_term_string\"}}],\"inLanguage\":\"pt-BR\"},{\"@type\":\"Organization\",\"@id\":\"https:\/\/gsantana2005.net\/#organization\",\"name\":\"gsantana2005\",\"url\":\"https:\/\/gsantana2005.net\/\",\"logo\":{\"@type\":\"ImageObject\",\"inLanguage\":\"pt-BR\",\"@id\":\"https:\/\/gsantana2005.net\/#\/schema\/logo\/image\/\",\"url\":\"https:\/\/gsantana2005.net\/wp-content\/uploads\/2023\/06\/cropped-Gs-sem-fundo.jpg\",\"contentUrl\":\"https:\/\/gsantana2005.net\/wp-content\/uploads\/2023\/06\/cropped-Gs-sem-fundo.jpg\",\"width\":100,\"height\":100,\"caption\":\"gsantana2005\"},\"image\":{\"@id\":\"https:\/\/gsantana2005.net\/#\/schema\/logo\/image\/\"}},{\"@type\":\"Person\",\"@id\":\"https:\/\/gsantana2005.net\/#\/schema\/person\/78c90c6f49a46ef4c8e69bafec347cb7\",\"name\":\"gsantana2005\",\"image\":{\"@type\":\"ImageObject\",\"inLanguage\":\"pt-BR\",\"@id\":\"https:\/\/gsantana2005.net\/#\/schema\/person\/image\/\",\"url\":\"https:\/\/secure.gravatar.com\/avatar\/db3aa311fa8063e1f4df6b2da249929f?s=96&d=mm&r=g\",\"contentUrl\":\"https:\/\/secure.gravatar.com\/avatar\/db3aa311fa8063e1f4df6b2da249929f?s=96&d=mm&r=g\",\"caption\":\"gsantana2005\"},\"sameAs\":[\"http:\/\/gsantana2005.net\"],\"url\":\"https:\/\/gsantana2005.net\/author\/gsantana2005\/\"}]}<\/script>\n<!-- \/ Yoast SEO plugin. -->","yoast_head_json":{"title":"Jane Fonda e a Luta Contra as Mudan\u00e7as Clim\u00e1ticas - gsantana2005","description":"Jane Fonda e a Luta Contra as Mudan\u00e7as Clim\u00e1ticas: Uma Inspira\u00e7\u00e3o para Todos; ou seja, a verdadeira lutadora do meio ambiente.","robots":{"index":"index","follow":"follow","max-snippet":"max-snippet:-1","max-image-preview":"max-image-preview:large","max-video-preview":"max-video-preview:-1"},"canonical":"https:\/\/gsantana2005.net\/index.php\/2024\/03\/18\/jane-fonda-e-a-luta-contra-as-mudancas-climaticas\/","og_locale":"pt_BR","og_type":"article","og_title":"Jane Fonda e a Luta Contra as Mudan\u00e7as Clim\u00e1ticas - gsantana2005","og_description":"Jane Fonda e a Luta Contra as Mudan\u00e7as Clim\u00e1ticas: Uma Inspira\u00e7\u00e3o para Todos; ou seja, a verdadeira lutadora do meio ambiente.","og_url":"https:\/\/gsantana2005.net\/index.php\/2024\/03\/18\/jane-fonda-e-a-luta-contra-as-mudancas-climaticas\/","og_site_name":"gsantana2005","article_published_time":"2024-03-18T20:58:48+00:00","article_modified_time":"2024-03-18T20:59:46+00:00","og_image":[{"width":1220,"height":674,"url":"http:\/\/gsantana2005.net\/wp-content\/uploads\/2024\/03\/jane-fonda.jpg","type":"image\/jpeg"}],"author":"gsantana2005","twitter_card":"summary_large_image","twitter_misc":{"Escrito por":"gsantana2005","Est. tempo de leitura":"4 minutos"},"schema":{"@context":"https:\/\/schema.org","@graph":[{"@type":"Article","@id":"https:\/\/gsantana2005.net\/index.php\/2024\/03\/18\/jane-fonda-e-a-luta-contra-as-mudancas-climaticas\/#article","isPartOf":{"@id":"https:\/\/gsantana2005.net\/index.php\/2024\/03\/18\/jane-fonda-e-a-luta-contra-as-mudancas-climaticas\/"},"author":{"name":"gsantana2005","@id":"https:\/\/gsantana2005.net\/#\/schema\/person\/78c90c6f49a46ef4c8e69bafec347cb7"},"headline":"Jane Fonda e a Luta Contra as Mudan\u00e7as Clim\u00e1ticas","datePublished":"2024-03-18T20:58:48+00:00","dateModified":"2024-03-18T20:59:46+00:00","mainEntityOfPage":{"@id":"https:\/\/gsantana2005.net\/index.php\/2024\/03\/18\/jane-fonda-e-a-luta-contra-as-mudancas-climaticas\/"},"wordCount":705,"commentCount":0,"publisher":{"@id":"https:\/\/gsantana2005.net\/#organization"},"image":{"@id":"https:\/\/gsantana2005.net\/index.php\/2024\/03\/18\/jane-fonda-e-a-luta-contra-as-mudancas-climaticas\/#primaryimage"},"thumbnailUrl":"https:\/\/gsantana2005.net\/wp-content\/uploads\/2024\/03\/jane-fonda.jpg","keywords":["Ativismo Ambiental","Conscientiza\u00e7\u00e3o","Engajamento","Fire Drill Fridays","futuro","Inspira\u00e7\u00e3o","Jane Fonda","Lideran\u00e7a","mudan\u00e7as clim\u00e1ticas","Sustentabilidade"],"articleSection":["Conserva\u00e7\u00e3o Ambiental","Dr Genilson Santana","Vida Sustent\u00e1vel"],"inLanguage":"pt-BR","potentialAction":[{"@type":"CommentAction","name":"Comment","target":["https:\/\/gsantana2005.net\/index.php\/2024\/03\/18\/jane-fonda-e-a-luta-contra-as-mudancas-climaticas\/#respond"]}]},{"@type":"WebPage","@id":"https:\/\/gsantana2005.net\/index.php\/2024\/03\/18\/jane-fonda-e-a-luta-contra-as-mudancas-climaticas\/","url":"https:\/\/gsantana2005.net\/index.php\/2024\/03\/18\/jane-fonda-e-a-luta-contra-as-mudancas-climaticas\/","name":"Jane Fonda e a Luta Contra as Mudan\u00e7as Clim\u00e1ticas - gsantana2005","isPartOf":{"@id":"https:\/\/gsantana2005.net\/#website"},"primaryImageOfPage":{"@id":"https:\/\/gsantana2005.net\/index.php\/2024\/03\/18\/jane-fonda-e-a-luta-contra-as-mudancas-climaticas\/#primaryimage"},"image":{"@id":"https:\/\/gsantana2005.net\/index.php\/2024\/03\/18\/jane-fonda-e-a-luta-contra-as-mudancas-climaticas\/#primaryimage"},"thumbnailUrl":"https:\/\/gsantana2005.net\/wp-content\/uploads\/2024\/03\/jane-fonda.jpg","datePublished":"2024-03-18T20:58:48+00:00","dateModified":"2024-03-18T20:59:46+00:00","description":"Jane Fonda e a Luta Contra as Mudan\u00e7as Clim\u00e1ticas: Uma Inspira\u00e7\u00e3o para Todos; ou seja, a verdadeira lutadora do meio ambiente.","breadcrumb":{"@id":"https:\/\/gsantana2005.net\/index.php\/2024\/03\/18\/jane-fonda-e-a-luta-contra-as-mudancas-climaticas\/#breadcrumb"},"inLanguage":"pt-BR","potentialAction":[{"@type":"ReadAction","target":["https:\/\/gsantana2005.net\/index.php\/2024\/03\/18\/jane-fonda-e-a-luta-contra-as-mudancas-climaticas\/"]}]},{"@type":"ImageObject","inLanguage":"pt-BR","@id":"https:\/\/gsantana2005.net\/index.php\/2024\/03\/18\/jane-fonda-e-a-luta-contra-as-mudancas-climaticas\/#primaryimage","url":"https:\/\/gsantana2005.net\/wp-content\/uploads\/2024\/03\/jane-fonda.jpg","contentUrl":"https:\/\/gsantana2005.net\/wp-content\/uploads\/2024\/03\/jane-fonda.jpg","width":1220,"height":674,"caption":"Jane Fonda"},{"@type":"BreadcrumbList","@id":"https:\/\/gsantana2005.net\/index.php\/2024\/03\/18\/jane-fonda-e-a-luta-contra-as-mudancas-climaticas\/#breadcrumb","itemListElement":[{"@type":"ListItem","position":1,"name":"Home","item":"https:\/\/gsantana2005.net\/"},{"@type":"ListItem","position":2,"name":"Jane Fonda e a Luta Contra as Mudan\u00e7as Clim\u00e1ticas"}]},{"@type":"WebSite","@id":"https:\/\/gsantana2005.net\/#website","url":"https:\/\/gsantana2005.net\/","name":"gsantana2005","description":"Sejamos sustent\u00e1veis","publisher":{"@id":"https:\/\/gsantana2005.net\/#organization"},"potentialAction":[{"@type":"SearchAction","target":{"@type":"EntryPoint","urlTemplate":"https:\/\/gsantana2005.net\/?s={search_term_string}"},"query-input":{"@type":"PropertyValueSpecification","valueRequired":true,"valueName":"search_term_string"}}],"inLanguage":"pt-BR"},{"@type":"Organization","@id":"https:\/\/gsantana2005.net\/#organization","name":"gsantana2005","url":"https:\/\/gsantana2005.net\/","logo":{"@type":"ImageObject","inLanguage":"pt-BR","@id":"https:\/\/gsantana2005.net\/#\/schema\/logo\/image\/","url":"https:\/\/gsantana2005.net\/wp-content\/uploads\/2023\/06\/cropped-Gs-sem-fundo.jpg","contentUrl":"https:\/\/gsantana2005.net\/wp-content\/uploads\/2023\/06\/cropped-Gs-sem-fundo.jpg","width":100,"height":100,"caption":"gsantana2005"},"image":{"@id":"https:\/\/gsantana2005.net\/#\/schema\/logo\/image\/"}},{"@type":"Person","@id":"https:\/\/gsantana2005.net\/#\/schema\/person\/78c90c6f49a46ef4c8e69bafec347cb7","name":"gsantana2005","image":{"@type":"ImageObject","inLanguage":"pt-BR","@id":"https:\/\/gsantana2005.net\/#\/schema\/person\/image\/","url":"https:\/\/secure.gravatar.com\/avatar\/db3aa311fa8063e1f4df6b2da249929f?s=96&d=mm&r=g","contentUrl":"https:\/\/secure.gravatar.com\/avatar\/db3aa311fa8063e1f4df6b2da249929f?s=96&d=mm&r=g","caption":"gsantana2005"},"sameAs":["http:\/\/gsantana2005.net"],"url":"https:\/\/gsantana2005.net\/author\/gsantana2005\/"}]}},"amp_enabled":true,"_links":{"self":[{"href":"https:\/\/gsantana2005.net\/index.php\/wp-json\/wp\/v2\/posts\/1139"}],"collection":[{"href":"https:\/\/gsantana2005.net\/index.php\/wp-json\/wp\/v2\/posts"}],"about":[{"href":"https:\/\/gsantana2005.net\/index.php\/wp-json\/wp\/v2\/types\/post"}],"author":[{"embeddable":true,"href":"https:\/\/gsantana2005.net\/index.php\/wp-json\/wp\/v2\/users\/1"}],"replies":[{"embeddable":true,"href":"https:\/\/gsantana2005.net\/index.php\/wp-json\/wp\/v2\/comments?post=1139"}],"version-history":[{"count":1,"href":"https:\/\/gsantana2005.net\/index.php\/wp-json\/wp\/v2\/posts\/1139\/revisions"}],"predecessor-version":[{"id":1141,"href":"https:\/\/gsantana2005.net\/index.php\/wp-json\/wp\/v2\/posts\/1139\/revisions\/1141"}],"wp:featuredmedia":[{"embeddable":true,"href":"https:\/\/gsantana2005.net\/index.php\/wp-json\/wp\/v2\/media\/1140"}],"wp:attachment":[{"href":"https:\/\/gsantana2005.net\/index.php\/wp-json\/wp\/v2\/media?parent=1139"}],"wp:term":[{"taxonomy":"category","embeddable":true,"href":"https:\/\/gsantana2005.net\/index.php\/wp-json\/wp\/v2\/categories?post=1139"},{"taxonomy":"post_tag","embeddable":true,"href":"https:\/\/gsantana2005.net\/index.php\/wp-json\/wp\/v2\/tags?post=1139"}],"curies":[{"name":"wp","href":"https:\/\/api.w.org\/{rel}","templated":true}]}}