{"id":1145,"date":"2024-03-19T15:14:45","date_gmt":"2024-03-19T15:14:45","guid":{"rendered":"https:\/\/gsantana2005.net\/?p=1145"},"modified":"2024-03-19T15:19:30","modified_gmt":"2024-03-19T15:19:30","slug":"a-revolucao-das-lixeiras-de-reciclagem","status":"publish","type":"post","link":"https:\/\/gsantana2005.net\/index.php\/2024\/03\/19\/a-revolucao-das-lixeiras-de-reciclagem\/","title":{"rendered":"A revolu\u00e7\u00e3o das lixeiras de reciclagem"},"content":{"rendered":"\n<p>A Revolu\u00e7\u00e3o das Lixeiras de Reciclagem e umda daquelas pequenas a\u00e7\u00f5es que podem mudar o mundo. Ol\u00e1, galera! Hoje vamos falar sobre um super-her\u00f3i do dia a dia que, embora pare\u00e7a simples, tem o poder de transformar o mundo: a lixeira de reciclagem. Sim, voc\u00ea leu certo! Assim, aquelas coloridas e distintas lixeiras que voc\u00ea v\u00ea na escola, no parque ou at\u00e9 mesmo em casa s\u00e3o verdadeiras guerreiras na luta contra a polui\u00e7\u00e3o e na preserva\u00e7\u00e3o do nosso planeta.<\/p>\n\n\n\n<h3 class=\"wp-block-heading\">Por que a reciclagem \u00e9 t\u00e3o importante?<\/h3>\n\n\n\n<p>Em um mundo onde a produ\u00e7\u00e3o de lixo s\u00f3 aumenta, a reciclagem surge como uma luz no fim do t\u00fanel. Ent\u00e3o, ela n\u00e3o apenas reduz a quantidade de res\u00edduos enviados para aterros sanit\u00e1rios e incineradores. Mas tamb\u00e9m economiza energia, conserva recursos naturais, diminui a polui\u00e7\u00e3o do ar e da \u00e1gua e contribui para a redu\u00e7\u00e3o das emiss\u00f5es de gases de efeito estufa. Em resumo, reciclar \u00e9 um dos caminhos mais eficazes para garantir um futuro mais sustent\u00e1vel para o planeta.<\/p>\n\n\n\n<h3 class=\"wp-block-heading\">Entendendo as cores das lixeiras de reciclagem<\/h3>\n\n\n\n<p>Ent\u00e3o, cada cor de lixeira tem um prop\u00f3sito espec\u00edfico, facilitando a separa\u00e7\u00e3o dos materiais e garantindo que eles sejam reciclados corretamente:<\/p>\n\n\n\n<ul class=\"wp-block-list\">\n<li><strong>Azul<\/strong>: papel\/papel\u00e3o<\/li>\n\n\n\n<li><strong>Vermelho<\/strong>: pl\u00e1stico<\/li>\n\n\n\n<li><strong>Verde<\/strong>: vidro<\/li>\n\n\n\n<li><strong>Amarelo<\/strong>: metal<\/li>\n\n\n\n<li><strong>Marrom<\/strong>: res\u00edduos org\u00e2nicos<\/li>\n\n\n\n<li><strong>Laranja<\/strong>: res\u00edduos perigosos<\/li>\n\n\n\n<li><strong>Preto<\/strong>: madeira<\/li>\n\n\n\n<li><strong>Roxo<\/strong>: res\u00edduos eletroeletr\u00f4nicos<\/li>\n\n\n\n<li><strong>Cinza<\/strong>: res\u00edduo geral n\u00e3o recicl\u00e1vel ou misturado<\/li>\n<\/ul>\n\n\n\n<h3 class=\"wp-block-heading\">O papel dos jovens na revolu\u00e7\u00e3o da reciclagem<\/h3>\n\n\n\n<p>N\u00f3s, jovens, temos uma for\u00e7a incr\u00edvel para promover mudan\u00e7as. Ao adotar e incentivar pr\u00e1ticas de reciclagem, podemos liderar pelo exemplo e influenciar nossas fam\u00edlias, amigos e comunidades. Aqui est\u00e3o algumas dicas de como voc\u00ea pode fazer a diferen\u00e7a:<\/p>\n\n\n\n<ol class=\"wp-block-list\">\n<li><strong>Eduque-se e aos Outros<\/strong>: Conhe\u00e7a mais sobre reciclagem e compartilhe seu conhecimento. Quanto mais pessoas souberem como reciclar corretamente, maior ser\u00e1 o impacto.<\/li>\n\n\n\n<li><strong>Pratique a Coleta Seletiva<\/strong>: Use as lixeiras de reciclagem corretamente, tanto em casa quanto na escola. Pequenas a\u00e7\u00f5es, como separar o lixo, t\u00eam um grande efeito cumulativo.<\/li>\n\n\n\n<li><strong>Reduza, Reutilize, Recicle<\/strong>: Antes de jogar algo fora, pense se voc\u00ea pode reduzir seu consumo, reutilizar ou reciclar o item. Muitas vezes, objetos que consideramos lixo podem ter uma segunda vida \u00fatil.<\/li>\n\n\n\n<li><strong>Participe de ou Organize A\u00e7\u00f5es de Limpeza<\/strong>: Participar de a\u00e7\u00f5es de limpeza em sua comunidade ou escola n\u00e3o apenas ajuda a manter o ambiente limpo, mas tamb\u00e9m aumenta a conscientiza\u00e7\u00e3o sobre a import\u00e2ncia da reciclagem.<\/li>\n\n\n\n<li><strong>Seja um Influenciador Digital Verde<\/strong>: Use suas redes sociais para espalhar a palavra sobre reciclagem e pr\u00e1ticas sustent\u00e1veis. Voc\u00ea pode inspirar muitas pessoas com suas a\u00e7\u00f5es e palavras.<\/li>\n<\/ol>\n\n\n\n<h3 class=\"wp-block-heading\">Conclus\u00e3o<\/h3>\n\n\n\n<p>As lixeiras de reciclagem s\u00e3o mais do que simples recipientes; elas s\u00e3o s\u00edmbolos de uma gera\u00e7\u00e3o que se preocupa com o futuro do planeta. Ao adotarmos a reciclagem como parte de nossa rotina di\u00e1ria, estamos contribuindo para uma Terra mais limpa, saud\u00e1vel e sustent\u00e1vel. Lembre-se, cada escolha que fazemos hoje afeta o mundo em que viveremos amanh\u00e3. Portanto, vamos juntos fazer dessa revolu\u00e7\u00e3o uma realidade!<\/p>\n\n\n\n<p>Ent\u00e3o, o que voc\u00ea est\u00e1 esperando? Vamos transformar o mundo, uma lixeira de reciclagem de cada vez!<\/p>\n\n\n\n<h3 class=\"wp-block-heading\">Convite especial para voc\u00ea<\/h3>\n\n\n\n<p>Ent\u00e3o, depois deste <strong>A revolu\u00e7\u00e3o das lixeiras de reciclagem<\/strong> acredito que queira saber mais de nossa contribui\u00e7\u00e3o na \u00e1rea ambiental. N\u00e3o fique inibido entre em contato:&nbsp;<a href=\"mailto:gsantana2005@gmail.com\">gsantana2005@gmail.com<\/a>&nbsp;veja o nosso&nbsp;<a href=\"https:\/\/www.instagram.com\/genilsonpereirasantana1\/\" rel=\"nofollow noopener\" target=\"_blank\">Instagram<\/a><\/p>\n\n\n\n<p>Al\u00e9m disso, j\u00e1 que voc\u00ea chegou at\u00e9 aqui descubra mais sobre n\u00f3s artigos abaixo:<\/p>\n\n\n\n<ul class=\"wp-block-list\">\n<li><a href=\"https:\/\/gsantana2005.net\/index.php\/2023\/11\/30\/desbloqueando-o-valor-oculto-reciclando-o-pequeno-para-um-grande-impacto\/\" target=\"_blank\" rel=\"noreferrer noopener\">Desbloqueando o valor oculto: Reciclando o pequeno para um grande impacto<\/a><\/li>\n\n\n\n<li><a href=\"https:\/\/gsantana2005.net\/index.php\/2023\/11\/29\/reduza-a-pegada-de-carbono-digital-da-sua-empresa-rumo-a-um-futuro-sustentavel\/\" target=\"_blank\" rel=\"noreferrer noopener\">Reduza a Pegada de Carbono Digital da sua Empresa: Rumo a um Futuro Sustent\u00e1vel<\/a><\/li>\n\n\n\n<li><a href=\"https:\/\/gsantana2005.net\/index.php\/2023\/11\/28\/navegando-na-controversia-da-acao-climatica-global-da-cop28-de-dubai\/\" target=\"_blank\" rel=\"noreferrer noopener\">Navegando na controv\u00e9rsia da A\u00e7\u00e3o Clim\u00e1tica Global da COP28 de Dubai<\/a><\/li>\n\n\n\n<li><a href=\"https:\/\/gsantana2005.net\/index.php\/2023\/11\/28\/rascunho-automaticodespedindo-se-dos-plasticos-descartaveis-o-futuro-sustentavel-das-embalagens-de-celulose\/\">Despedindo-se dos Pl\u00e1sticos Descart\u00e1veis: O Futuro Sustent\u00e1vel das Embalagens de Celulose!<\/a><\/li>\n<\/ul>\n\n\n\n<p>Ent\u00e3o, conhe\u00e7a tamb\u00e9m nossos cursos sobre&nbsp;<a href=\"https:\/\/gsantana2005.net\/index.php\/2023\/07\/21\/gestao-de-residuos\/\">Gest\u00e3o de res\u00edduos<\/a>&nbsp;e&nbsp;<a href=\"https:\/\/gsantana2005.net\/index.php\/2023\/08\/08\/tratamento-de-efluentes\/\">Tratamento de efluentes<\/a>. Maiores informa\u00e7\u00f5es:&nbsp;<a href=\"mailto:gsantana2005@gmail.com\">gsantana2005@gmail.com<\/a>&nbsp;ou 92 991227158 (WhatsApp)<\/p>\n","protected":false},"excerpt":{"rendered":"<p>A Revolu\u00e7\u00e3o das Lixeiras de Reciclagem e umda daquelas pequenas a\u00e7\u00f5es que podem mudar o mundo. Ol\u00e1, galera! Hoje vamos falar sobre um super-her\u00f3i do dia a dia que, embora pare\u00e7a simples, tem o poder de transformar o mundo: a lixeira de reciclagem. Sim, voc\u00ea leu certo! Assim, aquelas coloridas e distintas lixeiras que voc\u00ea [&hellip;]<\/p>\n","protected":false},"author":1,"featured_media":1146,"comment_status":"open","ping_status":"closed","sticky":false,"template":"","format":"standard","meta":{"om_disable_all_campaigns":false,"_monsterinsights_skip_tracking":false,"_monsterinsights_sitenote_active":false,"_monsterinsights_sitenote_note":"","_monsterinsights_sitenote_category":0,"footnotes":"","_links_to":"","_links_to_target":""},"categories":[3,4],"tags":[30,380,751,592,955,954,330,754,320],"class_list":["post-1145","post","type-post","status-publish","format-standard","has-post-thumbnail","hentry","category-genilson-pereira-santana","category-reciclagem-e-upcycling","tag-coleta-seletiva","tag-conscientizacao-ambiental","tag-conservacao-de-recursos","tag-educacao-ambiental","tag-impacto-ambiental-acao-jovem","tag-praticas-ecologicas","tag-reciclagem","tag-residuos-reciclaveis","tag-sustentabilidade"],"aioseo_notices":[],"yoast_head":"<!-- This site is optimized with the Yoast SEO plugin v24.5 - https:\/\/yoast.com\/wordpress\/plugins\/seo\/ -->\n<title>A revolu\u00e7\u00e3o das lixeiras de reciclagem - gsantana2005<\/title>\n<meta name=\"description\" content=\"A revolu\u00e7\u00e3o das lixeiras de reciclagem e umda daquelas pequenas a\u00e7\u00f5es que podem mudar o mundo e voc\u00ea deveria adotar\" \/>\n<meta name=\"robots\" content=\"index, follow, max-snippet:-1, max-image-preview:large, max-video-preview:-1\" \/>\n<link rel=\"canonical\" href=\"https:\/\/gsantana2005.net\/index.php\/2024\/03\/19\/a-revolucao-das-lixeiras-de-reciclagem\/\" \/>\n<meta property=\"og:locale\" content=\"pt_BR\" \/>\n<meta property=\"og:type\" content=\"article\" \/>\n<meta property=\"og:title\" content=\"A revolu\u00e7\u00e3o das lixeiras de reciclagem - gsantana2005\" \/>\n<meta property=\"og:description\" content=\"A revolu\u00e7\u00e3o das lixeiras de reciclagem e umda daquelas pequenas a\u00e7\u00f5es que podem mudar o mundo e voc\u00ea deveria adotar\" \/>\n<meta property=\"og:url\" content=\"https:\/\/gsantana2005.net\/index.php\/2024\/03\/19\/a-revolucao-das-lixeiras-de-reciclagem\/\" \/>\n<meta property=\"og:site_name\" content=\"gsantana2005\" \/>\n<meta property=\"article:published_time\" content=\"2024-03-19T15:14:45+00:00\" \/>\n<meta property=\"article:modified_time\" content=\"2024-03-19T15:19:30+00:00\" \/>\n<meta property=\"og:image\" content=\"http:\/\/gsantana2005.net\/wp-content\/uploads\/2024\/03\/lixeira-de-reciclagem.jpg\" \/>\n\t<meta property=\"og:image:width\" content=\"1000\" \/>\n\t<meta property=\"og:image:height\" content=\"1000\" \/>\n\t<meta property=\"og:image:type\" content=\"image\/jpeg\" \/>\n<meta name=\"author\" content=\"gsantana2005\" \/>\n<meta name=\"twitter:card\" content=\"summary_large_image\" \/>\n<meta name=\"twitter:label1\" content=\"Escrito por\" \/>\n\t<meta name=\"twitter:data1\" content=\"gsantana2005\" \/>\n\t<meta name=\"twitter:label2\" content=\"Est. tempo de leitura\" \/>\n\t<meta name=\"twitter:data2\" content=\"4 minutos\" \/>\n<script type=\"application\/ld+json\" class=\"yoast-schema-graph\">{\"@context\":\"https:\/\/schema.org\",\"@graph\":[{\"@type\":\"Article\",\"@id\":\"https:\/\/gsantana2005.net\/index.php\/2024\/03\/19\/a-revolucao-das-lixeiras-de-reciclagem\/#article\",\"isPartOf\":{\"@id\":\"https:\/\/gsantana2005.net\/index.php\/2024\/03\/19\/a-revolucao-das-lixeiras-de-reciclagem\/\"},\"author\":{\"name\":\"gsantana2005\",\"@id\":\"https:\/\/gsantana2005.net\/#\/schema\/person\/78c90c6f49a46ef4c8e69bafec347cb7\"},\"headline\":\"A revolu\u00e7\u00e3o das lixeiras de reciclagem\",\"datePublished\":\"2024-03-19T15:14:45+00:00\",\"dateModified\":\"2024-03-19T15:19:30+00:00\",\"mainEntityOfPage\":{\"@id\":\"https:\/\/gsantana2005.net\/index.php\/2024\/03\/19\/a-revolucao-das-lixeiras-de-reciclagem\/\"},\"wordCount\":709,\"commentCount\":0,\"publisher\":{\"@id\":\"https:\/\/gsantana2005.net\/#organization\"},\"image\":{\"@id\":\"https:\/\/gsantana2005.net\/index.php\/2024\/03\/19\/a-revolucao-das-lixeiras-de-reciclagem\/#primaryimage\"},\"thumbnailUrl\":\"https:\/\/gsantana2005.net\/wp-content\/uploads\/2024\/03\/lixeira-de-reciclagem.jpg\",\"keywords\":[\"coleta seletiva\",\"Conscientiza\u00e7\u00e3o Ambiental\",\"Conserva\u00e7\u00e3o de Recursos\",\"Educa\u00e7\u00e3o Ambiental\",\"Impacto Ambiental A\u00e7\u00e3o Jovem\",\"Pr\u00e1ticas Ecol\u00f3gicas\",\"Reciclagem\",\"Res\u00edduos Recicl\u00e1veis\",\"Sustentabilidade\"],\"articleSection\":[\"Dr Genilson Santana\",\"Reciclagem e Upcycling\"],\"inLanguage\":\"pt-BR\",\"potentialAction\":[{\"@type\":\"CommentAction\",\"name\":\"Comment\",\"target\":[\"https:\/\/gsantana2005.net\/index.php\/2024\/03\/19\/a-revolucao-das-lixeiras-de-reciclagem\/#respond\"]}]},{\"@type\":\"WebPage\",\"@id\":\"https:\/\/gsantana2005.net\/index.php\/2024\/03\/19\/a-revolucao-das-lixeiras-de-reciclagem\/\",\"url\":\"https:\/\/gsantana2005.net\/index.php\/2024\/03\/19\/a-revolucao-das-lixeiras-de-reciclagem\/\",\"name\":\"A revolu\u00e7\u00e3o das lixeiras de reciclagem - gsantana2005\",\"isPartOf\":{\"@id\":\"https:\/\/gsantana2005.net\/#website\"},\"primaryImageOfPage\":{\"@id\":\"https:\/\/gsantana2005.net\/index.php\/2024\/03\/19\/a-revolucao-das-lixeiras-de-reciclagem\/#primaryimage\"},\"image\":{\"@id\":\"https:\/\/gsantana2005.net\/index.php\/2024\/03\/19\/a-revolucao-das-lixeiras-de-reciclagem\/#primaryimage\"},\"thumbnailUrl\":\"https:\/\/gsantana2005.net\/wp-content\/uploads\/2024\/03\/lixeira-de-reciclagem.jpg\",\"datePublished\":\"2024-03-19T15:14:45+00:00\",\"dateModified\":\"2024-03-19T15:19:30+00:00\",\"description\":\"A revolu\u00e7\u00e3o das lixeiras de reciclagem e umda daquelas pequenas a\u00e7\u00f5es que podem mudar o mundo e voc\u00ea deveria adotar\",\"breadcrumb\":{\"@id\":\"https:\/\/gsantana2005.net\/index.php\/2024\/03\/19\/a-revolucao-das-lixeiras-de-reciclagem\/#breadcrumb\"},\"inLanguage\":\"pt-BR\",\"potentialAction\":[{\"@type\":\"ReadAction\",\"target\":[\"https:\/\/gsantana2005.net\/index.php\/2024\/03\/19\/a-revolucao-das-lixeiras-de-reciclagem\/\"]}]},{\"@type\":\"ImageObject\",\"inLanguage\":\"pt-BR\",\"@id\":\"https:\/\/gsantana2005.net\/index.php\/2024\/03\/19\/a-revolucao-das-lixeiras-de-reciclagem\/#primaryimage\",\"url\":\"https:\/\/gsantana2005.net\/wp-content\/uploads\/2024\/03\/lixeira-de-reciclagem.jpg\",\"contentUrl\":\"https:\/\/gsantana2005.net\/wp-content\/uploads\/2024\/03\/lixeira-de-reciclagem.jpg\",\"width\":1000,\"height\":1000,\"caption\":\"lixeira de reciclagem\"},{\"@type\":\"BreadcrumbList\",\"@id\":\"https:\/\/gsantana2005.net\/index.php\/2024\/03\/19\/a-revolucao-das-lixeiras-de-reciclagem\/#breadcrumb\",\"itemListElement\":[{\"@type\":\"ListItem\",\"position\":1,\"name\":\"Home\",\"item\":\"https:\/\/gsantana2005.net\/\"},{\"@type\":\"ListItem\",\"position\":2,\"name\":\"A revolu\u00e7\u00e3o das lixeiras de reciclagem\"}]},{\"@type\":\"WebSite\",\"@id\":\"https:\/\/gsantana2005.net\/#website\",\"url\":\"https:\/\/gsantana2005.net\/\",\"name\":\"gsantana2005\",\"description\":\"Sejamos sustent\u00e1veis\",\"publisher\":{\"@id\":\"https:\/\/gsantana2005.net\/#organization\"},\"potentialAction\":[{\"@type\":\"SearchAction\",\"target\":{\"@type\":\"EntryPoint\",\"urlTemplate\":\"https:\/\/gsantana2005.net\/?s={search_term_string}\"},\"query-input\":{\"@type\":\"PropertyValueSpecification\",\"valueRequired\":true,\"valueName\":\"search_term_string\"}}],\"inLanguage\":\"pt-BR\"},{\"@type\":\"Organization\",\"@id\":\"https:\/\/gsantana2005.net\/#organization\",\"name\":\"gsantana2005\",\"url\":\"https:\/\/gsantana2005.net\/\",\"logo\":{\"@type\":\"ImageObject\",\"inLanguage\":\"pt-BR\",\"@id\":\"https:\/\/gsantana2005.net\/#\/schema\/logo\/image\/\",\"url\":\"https:\/\/gsantana2005.net\/wp-content\/uploads\/2023\/06\/cropped-Gs-sem-fundo.jpg\",\"contentUrl\":\"https:\/\/gsantana2005.net\/wp-content\/uploads\/2023\/06\/cropped-Gs-sem-fundo.jpg\",\"width\":100,\"height\":100,\"caption\":\"gsantana2005\"},\"image\":{\"@id\":\"https:\/\/gsantana2005.net\/#\/schema\/logo\/image\/\"}},{\"@type\":\"Person\",\"@id\":\"https:\/\/gsantana2005.net\/#\/schema\/person\/78c90c6f49a46ef4c8e69bafec347cb7\",\"name\":\"gsantana2005\",\"image\":{\"@type\":\"ImageObject\",\"inLanguage\":\"pt-BR\",\"@id\":\"https:\/\/gsantana2005.net\/#\/schema\/person\/image\/\",\"url\":\"https:\/\/secure.gravatar.com\/avatar\/db3aa311fa8063e1f4df6b2da249929f?s=96&d=mm&r=g\",\"contentUrl\":\"https:\/\/secure.gravatar.com\/avatar\/db3aa311fa8063e1f4df6b2da249929f?s=96&d=mm&r=g\",\"caption\":\"gsantana2005\"},\"sameAs\":[\"http:\/\/gsantana2005.net\"],\"url\":\"https:\/\/gsantana2005.net\/author\/gsantana2005\/\"}]}<\/script>\n<!-- \/ Yoast SEO plugin. -->","yoast_head_json":{"title":"A revolu\u00e7\u00e3o das lixeiras de reciclagem - gsantana2005","description":"A revolu\u00e7\u00e3o das lixeiras de reciclagem e umda daquelas pequenas a\u00e7\u00f5es que podem mudar o mundo e voc\u00ea deveria adotar","robots":{"index":"index","follow":"follow","max-snippet":"max-snippet:-1","max-image-preview":"max-image-preview:large","max-video-preview":"max-video-preview:-1"},"canonical":"https:\/\/gsantana2005.net\/index.php\/2024\/03\/19\/a-revolucao-das-lixeiras-de-reciclagem\/","og_locale":"pt_BR","og_type":"article","og_title":"A revolu\u00e7\u00e3o das lixeiras de reciclagem - gsantana2005","og_description":"A revolu\u00e7\u00e3o das lixeiras de reciclagem e umda daquelas pequenas a\u00e7\u00f5es que podem mudar o mundo e voc\u00ea deveria adotar","og_url":"https:\/\/gsantana2005.net\/index.php\/2024\/03\/19\/a-revolucao-das-lixeiras-de-reciclagem\/","og_site_name":"gsantana2005","article_published_time":"2024-03-19T15:14:45+00:00","article_modified_time":"2024-03-19T15:19:30+00:00","og_image":[{"width":1000,"height":1000,"url":"http:\/\/gsantana2005.net\/wp-content\/uploads\/2024\/03\/lixeira-de-reciclagem.jpg","type":"image\/jpeg"}],"author":"gsantana2005","twitter_card":"summary_large_image","twitter_misc":{"Escrito por":"gsantana2005","Est. tempo de leitura":"4 minutos"},"schema":{"@context":"https:\/\/schema.org","@graph":[{"@type":"Article","@id":"https:\/\/gsantana2005.net\/index.php\/2024\/03\/19\/a-revolucao-das-lixeiras-de-reciclagem\/#article","isPartOf":{"@id":"https:\/\/gsantana2005.net\/index.php\/2024\/03\/19\/a-revolucao-das-lixeiras-de-reciclagem\/"},"author":{"name":"gsantana2005","@id":"https:\/\/gsantana2005.net\/#\/schema\/person\/78c90c6f49a46ef4c8e69bafec347cb7"},"headline":"A revolu\u00e7\u00e3o das lixeiras de reciclagem","datePublished":"2024-03-19T15:14:45+00:00","dateModified":"2024-03-19T15:19:30+00:00","mainEntityOfPage":{"@id":"https:\/\/gsantana2005.net\/index.php\/2024\/03\/19\/a-revolucao-das-lixeiras-de-reciclagem\/"},"wordCount":709,"commentCount":0,"publisher":{"@id":"https:\/\/gsantana2005.net\/#organization"},"image":{"@id":"https:\/\/gsantana2005.net\/index.php\/2024\/03\/19\/a-revolucao-das-lixeiras-de-reciclagem\/#primaryimage"},"thumbnailUrl":"https:\/\/gsantana2005.net\/wp-content\/uploads\/2024\/03\/lixeira-de-reciclagem.jpg","keywords":["coleta seletiva","Conscientiza\u00e7\u00e3o Ambiental","Conserva\u00e7\u00e3o de Recursos","Educa\u00e7\u00e3o Ambiental","Impacto Ambiental A\u00e7\u00e3o Jovem","Pr\u00e1ticas Ecol\u00f3gicas","Reciclagem","Res\u00edduos Recicl\u00e1veis","Sustentabilidade"],"articleSection":["Dr Genilson Santana","Reciclagem e Upcycling"],"inLanguage":"pt-BR","potentialAction":[{"@type":"CommentAction","name":"Comment","target":["https:\/\/gsantana2005.net\/index.php\/2024\/03\/19\/a-revolucao-das-lixeiras-de-reciclagem\/#respond"]}]},{"@type":"WebPage","@id":"https:\/\/gsantana2005.net\/index.php\/2024\/03\/19\/a-revolucao-das-lixeiras-de-reciclagem\/","url":"https:\/\/gsantana2005.net\/index.php\/2024\/03\/19\/a-revolucao-das-lixeiras-de-reciclagem\/","name":"A revolu\u00e7\u00e3o das lixeiras de reciclagem - gsantana2005","isPartOf":{"@id":"https:\/\/gsantana2005.net\/#website"},"primaryImageOfPage":{"@id":"https:\/\/gsantana2005.net\/index.php\/2024\/03\/19\/a-revolucao-das-lixeiras-de-reciclagem\/#primaryimage"},"image":{"@id":"https:\/\/gsantana2005.net\/index.php\/2024\/03\/19\/a-revolucao-das-lixeiras-de-reciclagem\/#primaryimage"},"thumbnailUrl":"https:\/\/gsantana2005.net\/wp-content\/uploads\/2024\/03\/lixeira-de-reciclagem.jpg","datePublished":"2024-03-19T15:14:45+00:00","dateModified":"2024-03-19T15:19:30+00:00","description":"A revolu\u00e7\u00e3o das lixeiras de reciclagem e umda daquelas pequenas a\u00e7\u00f5es que podem mudar o mundo e voc\u00ea deveria adotar","breadcrumb":{"@id":"https:\/\/gsantana2005.net\/index.php\/2024\/03\/19\/a-revolucao-das-lixeiras-de-reciclagem\/#breadcrumb"},"inLanguage":"pt-BR","potentialAction":[{"@type":"ReadAction","target":["https:\/\/gsantana2005.net\/index.php\/2024\/03\/19\/a-revolucao-das-lixeiras-de-reciclagem\/"]}]},{"@type":"ImageObject","inLanguage":"pt-BR","@id":"https:\/\/gsantana2005.net\/index.php\/2024\/03\/19\/a-revolucao-das-lixeiras-de-reciclagem\/#primaryimage","url":"https:\/\/gsantana2005.net\/wp-content\/uploads\/2024\/03\/lixeira-de-reciclagem.jpg","contentUrl":"https:\/\/gsantana2005.net\/wp-content\/uploads\/2024\/03\/lixeira-de-reciclagem.jpg","width":1000,"height":1000,"caption":"lixeira de reciclagem"},{"@type":"BreadcrumbList","@id":"https:\/\/gsantana2005.net\/index.php\/2024\/03\/19\/a-revolucao-das-lixeiras-de-reciclagem\/#breadcrumb","itemListElement":[{"@type":"ListItem","position":1,"name":"Home","item":"https:\/\/gsantana2005.net\/"},{"@type":"ListItem","position":2,"name":"A revolu\u00e7\u00e3o das lixeiras de reciclagem"}]},{"@type":"WebSite","@id":"https:\/\/gsantana2005.net\/#website","url":"https:\/\/gsantana2005.net\/","name":"gsantana2005","description":"Sejamos sustent\u00e1veis","publisher":{"@id":"https:\/\/gsantana2005.net\/#organization"},"potentialAction":[{"@type":"SearchAction","target":{"@type":"EntryPoint","urlTemplate":"https:\/\/gsantana2005.net\/?s={search_term_string}"},"query-input":{"@type":"PropertyValueSpecification","valueRequired":true,"valueName":"search_term_string"}}],"inLanguage":"pt-BR"},{"@type":"Organization","@id":"https:\/\/gsantana2005.net\/#organization","name":"gsantana2005","url":"https:\/\/gsantana2005.net\/","logo":{"@type":"ImageObject","inLanguage":"pt-BR","@id":"https:\/\/gsantana2005.net\/#\/schema\/logo\/image\/","url":"https:\/\/gsantana2005.net\/wp-content\/uploads\/2023\/06\/cropped-Gs-sem-fundo.jpg","contentUrl":"https:\/\/gsantana2005.net\/wp-content\/uploads\/2023\/06\/cropped-Gs-sem-fundo.jpg","width":100,"height":100,"caption":"gsantana2005"},"image":{"@id":"https:\/\/gsantana2005.net\/#\/schema\/logo\/image\/"}},{"@type":"Person","@id":"https:\/\/gsantana2005.net\/#\/schema\/person\/78c90c6f49a46ef4c8e69bafec347cb7","name":"gsantana2005","image":{"@type":"ImageObject","inLanguage":"pt-BR","@id":"https:\/\/gsantana2005.net\/#\/schema\/person\/image\/","url":"https:\/\/secure.gravatar.com\/avatar\/db3aa311fa8063e1f4df6b2da249929f?s=96&d=mm&r=g","contentUrl":"https:\/\/secure.gravatar.com\/avatar\/db3aa311fa8063e1f4df6b2da249929f?s=96&d=mm&r=g","caption":"gsantana2005"},"sameAs":["http:\/\/gsantana2005.net"],"url":"https:\/\/gsantana2005.net\/author\/gsantana2005\/"}]}},"amp_enabled":true,"_links":{"self":[{"href":"https:\/\/gsantana2005.net\/index.php\/wp-json\/wp\/v2\/posts\/1145"}],"collection":[{"href":"https:\/\/gsantana2005.net\/index.php\/wp-json\/wp\/v2\/posts"}],"about":[{"href":"https:\/\/gsantana2005.net\/index.php\/wp-json\/wp\/v2\/types\/post"}],"author":[{"embeddable":true,"href":"https:\/\/gsantana2005.net\/index.php\/wp-json\/wp\/v2\/users\/1"}],"replies":[{"embeddable":true,"href":"https:\/\/gsantana2005.net\/index.php\/wp-json\/wp\/v2\/comments?post=1145"}],"version-history":[{"count":2,"href":"https:\/\/gsantana2005.net\/index.php\/wp-json\/wp\/v2\/posts\/1145\/revisions"}],"predecessor-version":[{"id":1148,"href":"https:\/\/gsantana2005.net\/index.php\/wp-json\/wp\/v2\/posts\/1145\/revisions\/1148"}],"wp:featuredmedia":[{"embeddable":true,"href":"https:\/\/gsantana2005.net\/index.php\/wp-json\/wp\/v2\/media\/1146"}],"wp:attachment":[{"href":"https:\/\/gsantana2005.net\/index.php\/wp-json\/wp\/v2\/media?parent=1145"}],"wp:term":[{"taxonomy":"category","embeddable":true,"href":"https:\/\/gsantana2005.net\/index.php\/wp-json\/wp\/v2\/categories?post=1145"},{"taxonomy":"post_tag","embeddable":true,"href":"https:\/\/gsantana2005.net\/index.php\/wp-json\/wp\/v2\/tags?post=1145"}],"curies":[{"name":"wp","href":"https:\/\/api.w.org\/{rel}","templated":true}]}}