{"id":1173,"date":"2024-03-24T23:24:22","date_gmt":"2024-03-24T23:24:22","guid":{"rendered":"https:\/\/gsantana2005.net\/?p=1173"},"modified":"2024-03-24T23:25:25","modified_gmt":"2024-03-24T23:25:25","slug":"estrategias-globais-para-a-reducao-de-emissoes-de-metano","status":"publish","type":"post","link":"https:\/\/gsantana2005.net\/index.php\/2024\/03\/24\/estrategias-globais-para-a-reducao-de-emissoes-de-metano\/","title":{"rendered":"Estrat\u00e9gias globais para a redu\u00e7\u00e3o de emiss\u00f5es de metano"},"content":{"rendered":"\n<p>Estrat\u00e9gias globais para a redu\u00e7\u00e3o de emiss\u00f5es de metano \u00e9 um artigo que mostra para voc\u00ea as preocupa\u00e7\u00f5es sobre este poluente. Ent\u00e3o, a redu\u00e7\u00e3o das emiss\u00f5es de metano surgiu como um imperativo cr\u00edtico para alcan\u00e7ar o objetivo estabelecido pelo Acordo de Paris. Ou seja,  limitar o aumento da temperatura global a 1,5 \u00b0C acima dos n\u00edveis pr\u00e9-industriais at\u00e9 o ano de 2050. Assim, o F\u00f3rum Global de Metano funciona como uma plataforma essencial para converter compromissos pol\u00edticos em redu\u00e7\u00f5es tang\u00edveis de emiss\u00f5es de metano.<\/p>\n\n\n\n<h3 class=\"wp-block-heading\">O F\u00f3rum Global de Metano: Unindo For\u00e7as para a A\u00e7\u00e3o<\/h3>\n\n\n\n<p>Realizado de 18 a 21 de mar\u00e7o de 2024 no Palais des Nations, em Genebra, Su\u00ed\u00e7a, o F\u00f3rum Global de Metano representa uma colabora\u00e7\u00e3o entre:<\/p>\n\n\n\n<ul class=\"wp-block-list\">\n<li>Global Methane Initiative (GMI)<\/li>\n\n\n\n<li>Comiss\u00e3o Econ\u00f4mica das Na\u00e7\u00f5es Unidas para a Europa (UNECE)<\/li>\n\n\n\n<li>Global Methane Hub<\/li>\n\n\n\n<li>Coaliz\u00e3o Clima e Ar Limpo sob a \u00e9gide da UNEP. <\/li>\n<\/ul>\n\n\n\n<p>A princ\u00edpio, este evento hist\u00f3rico reuniu quase quinhentos participantes presencialmente e centenas online. Os participantes foram formuladores de pol\u00edticas, representantes de pa\u00edses, desenvolvedores de projetos e organiza\u00e7\u00f5es de mais de 50 pa\u00edses. Dessa forma, o objetivo era de compartilhar sucessos replic\u00e1veis e catalisar redu\u00e7\u00f5es nas emiss\u00f5es de metano, alinhadas ao Compromisso Global de Metano.<\/p>\n\n\n\n<h3 class=\"wp-block-heading\">O Papel Cr\u00edtico do Metano na Crise Clim\u00e1tica<\/h3>\n\n\n\n<p>O metano, um poderoso g\u00e1s de efeito estufa, contribui significativamente para o aquecimento global. Em princ\u00edpio, o seu potencial de aquecimento mais de 80 vezes superior ao do CO<sub>2<\/sub> em um horizonte de 20 anos. Sendo respons\u00e1vel por cerca de 30% do aquecimento total desde a Revolu\u00e7\u00e3o Industrial. Dessa forma, a a\u00e7\u00e3o imediata para reduzir suas emiss\u00f5es pode desbloquear benef\u00edcios substanciais para a a\u00e7\u00e3o clim\u00e1tica no curto prazo.<\/p>\n\n\n\n<h3 class=\"wp-block-heading\">Transformando Compromissos em A\u00e7\u00e3o Eficaz<\/h3>\n\n\n\n<p>L\u00edderes e especialistas globais, como Tatiana Molcean e Tom\u00e1s Carbonell, destacaram a urg\u00eancia de mobilizar a\u00e7\u00f5es mais ambiciosas sobre o metano, enfatizando que, al\u00e9m da descarboniza\u00e7\u00e3o dos sistemas energ\u00e9ticos, \u00e9 vital abordar as emiss\u00f5es de metano nos planos governamentais para uma a\u00e7\u00e3o clim\u00e1tica robusta. O evento marcou o 20\u00ba anivers\u00e1rio da Iniciativa Global de Metano, celebrando as redes globais formadas para alcan\u00e7ar redu\u00e7\u00f5es ambiciosas de metano.<\/p>\n\n\n\n<h3 class=\"wp-block-heading\">Estrat\u00e9gias Custo-Efetivas para a Redu\u00e7\u00e3o de Emiss\u00f5es<\/h3>\n\n\n\n<p>A Ag\u00eancia Internacional de Energia (IEA) aponta que uma por\u00e7\u00e3o significativa das emiss\u00f5es de metano provenientes das opera\u00e7\u00f5es de petr\u00f3leo, g\u00e1s e carv\u00e3o pode ser mitigada com tecnologias existentes. Documentos de orienta\u00e7\u00e3o desenvolvidos por parceiros do F\u00f3rum oferecem suporte crucial para que pa\u00edses e ind\u00fastrias implementem cortes de metano de maneira custo-efetiva, destacando o potencial de mitiga\u00e7\u00e3o em grandes emissores como Estados Unidos, China e \u00cdndia.<\/p>\n\n\n\n<h3 class=\"wp-block-heading\">Ampliando o \u00cdmpeto Internacional e Mobilizando A\u00e7\u00f5es<\/h3>\n\n\n\n<p>O F\u00f3rum Global de Metano, posicionado estrategicamente entre as Confer\u00eancias das Partes (COP) 28 e 29, ampliou o \u00edmpeto internacional sobre a quest\u00e3o do metano e desempenhou um papel vital na mobiliza\u00e7\u00e3o de a\u00e7\u00f5es para sua mitiga\u00e7\u00e3o. Declara\u00e7\u00f5es de l\u00edderes como Rick Duke e Marcelo Mena refor\u00e7aram a import\u00e2ncia de transformar promessas otimistas em a\u00e7\u00f5es decisivas e colaborativas para enfrentar o desafio do metano.<\/p>\n\n\n\n<h3 class=\"wp-block-heading\">Rumo a um Futuro com Baixas Emiss\u00f5es de Metano<\/h3>\n\n\n\n<p>O F\u00f3rum Global de Metano evidenciou a necessidade cr\u00edtica de incluir metas e medidas de redu\u00e7\u00e3o de metano nas Contribui\u00e7\u00f5es Nacionalmente Determinadas (NDCs) e destacou o papel das pol\u00edticas abrangentes e do financiamento no impulsionamento de investimentos em tecnologias e pr\u00e1ticas para a mitiga\u00e7\u00e3o do metano. \u00c0 medida que o mundo se esfor\u00e7a para limitar o aquecimento global, a a\u00e7\u00e3o decisiva sobre o metano emerge n\u00e3o apenas como uma estrat\u00e9gia vi\u00e1vel, mas como uma obriga\u00e7\u00e3o urgente para garantir um futuro sustent\u00e1vel.<\/p>\n\n\n\n<h3 class=\"wp-block-heading\">Convite especial para voc\u00ea<\/h3>\n\n\n\n<p>Ent\u00e3o, depois deste\u00a0<strong>Estrat\u00e9gias globais para a redu\u00e7\u00e3o de emiss\u00f5es de metano<\/strong>\u00a0acredito que queira saber mais de nossa contribui\u00e7\u00e3o na \u00e1rea ambiental. N\u00e3o fique inibido entre em contato:\u00a0<a href=\"mailto:gsantana2005@gmail.com\">gsantana2005@gmail.com<\/a>\u00a0veja o nosso\u00a0<a href=\"https:\/\/www.instagram.com\/genilsonpereirasantana1\/\" rel=\"nofollow noopener\" target=\"_blank\">Instagram<\/a><\/p>\n\n\n\n<p>Al\u00e9m disso, j\u00e1 que voc\u00ea chegou at\u00e9 aqui descubra mais sobre n\u00f3s artigos abaixo:<\/p>\n\n\n\n<ul class=\"wp-block-list\">\n<li><a href=\"https:\/\/gsantana2005.net\/index.php\/2023\/11\/30\/desbloqueando-o-valor-oculto-reciclando-o-pequeno-para-um-grande-impacto\/\" target=\"_blank\" rel=\"noreferrer noopener\">Desbloqueando o valor oculto: Reciclando o pequeno para um grande impacto<\/a><\/li>\n\n\n\n<li><a href=\"https:\/\/gsantana2005.net\/index.php\/2023\/11\/29\/reduza-a-pegada-de-carbono-digital-da-sua-empresa-rumo-a-um-futuro-sustentavel\/\" target=\"_blank\" rel=\"noreferrer noopener\">Reduza a Pegada de Carbono Digital da sua Empresa: Rumo a um Futuro Sustent\u00e1vel<\/a><\/li>\n\n\n\n<li><a href=\"https:\/\/gsantana2005.net\/index.php\/2023\/11\/28\/navegando-na-controversia-da-acao-climatica-global-da-cop28-de-dubai\/\" target=\"_blank\" rel=\"noreferrer noopener\">Navegando na controv\u00e9rsia da A\u00e7\u00e3o Clim\u00e1tica Global da COP28 de Dubai<\/a><\/li>\n\n\n\n<li><a href=\"https:\/\/gsantana2005.net\/index.php\/2023\/11\/28\/rascunho-automaticodespedindo-se-dos-plasticos-descartaveis-o-futuro-sustentavel-das-embalagens-de-celulose\/\">Despedindo-se dos Pl\u00e1sticos Descart\u00e1veis: O Futuro Sustent\u00e1vel das Embalagens de Celulose!<\/a><\/li>\n<\/ul>\n\n\n\n<p>Ent\u00e3o, conhe\u00e7a tamb\u00e9m nossos cursos sobre&nbsp;<a href=\"https:\/\/gsantana2005.net\/index.php\/2023\/07\/21\/gestao-de-residuos\/\">Gest\u00e3o de res\u00edduos<\/a>&nbsp;e&nbsp;<a href=\"https:\/\/gsantana2005.net\/index.php\/2023\/08\/08\/tratamento-de-efluentes\/\">Tratamento de efluentes<\/a>. Maiores informa\u00e7\u00f5es:&nbsp;<a href=\"mailto:gsantana2005@gmail.com\">gsantana2005@gmail.com<\/a>&nbsp;ou 92 991227158 (WhatsApp)<\/p>\n","protected":false},"excerpt":{"rendered":"<p>Estrat\u00e9gias globais para a redu\u00e7\u00e3o de emiss\u00f5es de metano \u00e9 um artigo que mostra para voc\u00ea as preocupa\u00e7\u00f5es sobre este poluente. Ent\u00e3o, a redu\u00e7\u00e3o das emiss\u00f5es de metano surgiu como um imperativo cr\u00edtico para alcan\u00e7ar o objetivo estabelecido pelo Acordo de Paris. Ou seja, limitar o aumento da temperatura global a 1,5 \u00b0C acima dos [&hellip;]<\/p>\n","protected":false},"author":1,"featured_media":1174,"comment_status":"open","ping_status":"closed","sticky":false,"template":"","format":"standard","meta":{"om_disable_all_campaigns":false,"_monsterinsights_skip_tracking":false,"_monsterinsights_sitenote_active":false,"_monsterinsights_sitenote_note":"","_monsterinsights_sitenote_category":0,"footnotes":"","_links_to":"","_links_to_target":""},"categories":[2,3],"tags":[982,398,980,981,983,977,978,984,976,979],"class_list":["post-1173","post","type-post","status-publish","format-standard","has-post-thumbnail","hentry","category-ambiente","category-genilson-pereira-santana","tag-acao-climatica","tag-acordo-de-paris","tag-compromisso-global-de-metano","tag-efeito-estufa","tag-estrategias-custo-efetivas","tag-forum-global-de-metano","tag-mitigacao-climatica","tag-politicas-ambientais-internacionais","tag-reducao-de-emissoes-de-metano","tag-tecnologias-de-monitoramento"],"aioseo_notices":[],"yoast_head":"<!-- This site is optimized with the Yoast SEO plugin v24.5 - https:\/\/yoast.com\/wordpress\/plugins\/seo\/ -->\n<title>Estrat\u00e9gias globais para a redu\u00e7\u00e3o de emiss\u00f5es de metano - gsantana2005<\/title>\n<meta name=\"description\" content=\"Estrat\u00e9gias globais para a redu\u00e7\u00e3o de emiss\u00f5es de metano \u00e9 um artigo que mostra para voc\u00ea as preocupa\u00e7\u00f5es sobre este poluente\" \/>\n<meta name=\"robots\" content=\"index, follow, max-snippet:-1, max-image-preview:large, max-video-preview:-1\" \/>\n<link rel=\"canonical\" href=\"https:\/\/gsantana2005.net\/index.php\/2024\/03\/24\/estrategias-globais-para-a-reducao-de-emissoes-de-metano\/\" \/>\n<meta property=\"og:locale\" content=\"pt_BR\" \/>\n<meta property=\"og:type\" content=\"article\" \/>\n<meta property=\"og:title\" content=\"Estrat\u00e9gias globais para a redu\u00e7\u00e3o de emiss\u00f5es de metano - gsantana2005\" \/>\n<meta property=\"og:description\" content=\"Estrat\u00e9gias globais para a redu\u00e7\u00e3o de emiss\u00f5es de metano \u00e9 um artigo que mostra para voc\u00ea as preocupa\u00e7\u00f5es sobre este poluente\" \/>\n<meta property=\"og:url\" content=\"https:\/\/gsantana2005.net\/index.php\/2024\/03\/24\/estrategias-globais-para-a-reducao-de-emissoes-de-metano\/\" \/>\n<meta property=\"og:site_name\" content=\"gsantana2005\" \/>\n<meta property=\"article:published_time\" content=\"2024-03-24T23:24:22+00:00\" \/>\n<meta property=\"article:modified_time\" content=\"2024-03-24T23:25:25+00:00\" \/>\n<meta property=\"og:image\" content=\"http:\/\/gsantana2005.net\/wp-content\/uploads\/2024\/03\/metano-vaca.jpg\" \/>\n\t<meta property=\"og:image:width\" content=\"1200\" \/>\n\t<meta property=\"og:image:height\" content=\"800\" \/>\n\t<meta property=\"og:image:type\" content=\"image\/jpeg\" \/>\n<meta name=\"author\" content=\"gsantana2005\" \/>\n<meta name=\"twitter:card\" content=\"summary_large_image\" \/>\n<meta name=\"twitter:label1\" content=\"Escrito por\" \/>\n\t<meta name=\"twitter:data1\" content=\"gsantana2005\" \/>\n\t<meta name=\"twitter:label2\" content=\"Est. tempo de leitura\" \/>\n\t<meta name=\"twitter:data2\" content=\"5 minutos\" \/>\n<script type=\"application\/ld+json\" class=\"yoast-schema-graph\">{\"@context\":\"https:\/\/schema.org\",\"@graph\":[{\"@type\":\"Article\",\"@id\":\"https:\/\/gsantana2005.net\/index.php\/2024\/03\/24\/estrategias-globais-para-a-reducao-de-emissoes-de-metano\/#article\",\"isPartOf\":{\"@id\":\"https:\/\/gsantana2005.net\/index.php\/2024\/03\/24\/estrategias-globais-para-a-reducao-de-emissoes-de-metano\/\"},\"author\":{\"name\":\"gsantana2005\",\"@id\":\"https:\/\/gsantana2005.net\/#\/schema\/person\/78c90c6f49a46ef4c8e69bafec347cb7\"},\"headline\":\"Estrat\u00e9gias globais para a redu\u00e7\u00e3o de emiss\u00f5es de metano\",\"datePublished\":\"2024-03-24T23:24:22+00:00\",\"dateModified\":\"2024-03-24T23:25:25+00:00\",\"mainEntityOfPage\":{\"@id\":\"https:\/\/gsantana2005.net\/index.php\/2024\/03\/24\/estrategias-globais-para-a-reducao-de-emissoes-de-metano\/\"},\"wordCount\":827,\"commentCount\":0,\"publisher\":{\"@id\":\"https:\/\/gsantana2005.net\/#organization\"},\"image\":{\"@id\":\"https:\/\/gsantana2005.net\/index.php\/2024\/03\/24\/estrategias-globais-para-a-reducao-de-emissoes-de-metano\/#primaryimage\"},\"thumbnailUrl\":\"https:\/\/gsantana2005.net\/wp-content\/uploads\/2024\/03\/metano-vaca.jpg\",\"keywords\":[\"A\u00e7\u00e3o Clim\u00e1tica\",\"Acordo De Paris\",\"Compromisso Global de Metano\",\"Efeito Estufa\",\"Estrat\u00e9gias Custo-Efetivas\",\"F\u00f3rum Global de Metano\",\"Mitiga\u00e7\u00e3o Clim\u00e1tica\",\"Pol\u00edticas Ambientais Internacionais\",\"Redu\u00e7\u00e3o de Emiss\u00f5es de Metano\",\"Tecnologias de Monitoramento\"],\"articleSection\":[\"Ambiente\",\"Dr Genilson Santana\"],\"inLanguage\":\"pt-BR\",\"potentialAction\":[{\"@type\":\"CommentAction\",\"name\":\"Comment\",\"target\":[\"https:\/\/gsantana2005.net\/index.php\/2024\/03\/24\/estrategias-globais-para-a-reducao-de-emissoes-de-metano\/#respond\"]}]},{\"@type\":\"WebPage\",\"@id\":\"https:\/\/gsantana2005.net\/index.php\/2024\/03\/24\/estrategias-globais-para-a-reducao-de-emissoes-de-metano\/\",\"url\":\"https:\/\/gsantana2005.net\/index.php\/2024\/03\/24\/estrategias-globais-para-a-reducao-de-emissoes-de-metano\/\",\"name\":\"Estrat\u00e9gias globais para a redu\u00e7\u00e3o de emiss\u00f5es de metano - gsantana2005\",\"isPartOf\":{\"@id\":\"https:\/\/gsantana2005.net\/#website\"},\"primaryImageOfPage\":{\"@id\":\"https:\/\/gsantana2005.net\/index.php\/2024\/03\/24\/estrategias-globais-para-a-reducao-de-emissoes-de-metano\/#primaryimage\"},\"image\":{\"@id\":\"https:\/\/gsantana2005.net\/index.php\/2024\/03\/24\/estrategias-globais-para-a-reducao-de-emissoes-de-metano\/#primaryimage\"},\"thumbnailUrl\":\"https:\/\/gsantana2005.net\/wp-content\/uploads\/2024\/03\/metano-vaca.jpg\",\"datePublished\":\"2024-03-24T23:24:22+00:00\",\"dateModified\":\"2024-03-24T23:25:25+00:00\",\"description\":\"Estrat\u00e9gias globais para a redu\u00e7\u00e3o de emiss\u00f5es de metano \u00e9 um artigo que mostra para voc\u00ea as preocupa\u00e7\u00f5es sobre este poluente\",\"breadcrumb\":{\"@id\":\"https:\/\/gsantana2005.net\/index.php\/2024\/03\/24\/estrategias-globais-para-a-reducao-de-emissoes-de-metano\/#breadcrumb\"},\"inLanguage\":\"pt-BR\",\"potentialAction\":[{\"@type\":\"ReadAction\",\"target\":[\"https:\/\/gsantana2005.net\/index.php\/2024\/03\/24\/estrategias-globais-para-a-reducao-de-emissoes-de-metano\/\"]}]},{\"@type\":\"ImageObject\",\"inLanguage\":\"pt-BR\",\"@id\":\"https:\/\/gsantana2005.net\/index.php\/2024\/03\/24\/estrategias-globais-para-a-reducao-de-emissoes-de-metano\/#primaryimage\",\"url\":\"https:\/\/gsantana2005.net\/wp-content\/uploads\/2024\/03\/metano-vaca.jpg\",\"contentUrl\":\"https:\/\/gsantana2005.net\/wp-content\/uploads\/2024\/03\/metano-vaca.jpg\",\"width\":1200,\"height\":800,\"caption\":\"Metano Vaca\"},{\"@type\":\"BreadcrumbList\",\"@id\":\"https:\/\/gsantana2005.net\/index.php\/2024\/03\/24\/estrategias-globais-para-a-reducao-de-emissoes-de-metano\/#breadcrumb\",\"itemListElement\":[{\"@type\":\"ListItem\",\"position\":1,\"name\":\"Home\",\"item\":\"https:\/\/gsantana2005.net\/\"},{\"@type\":\"ListItem\",\"position\":2,\"name\":\"Estrat\u00e9gias globais para a redu\u00e7\u00e3o de emiss\u00f5es de metano\"}]},{\"@type\":\"WebSite\",\"@id\":\"https:\/\/gsantana2005.net\/#website\",\"url\":\"https:\/\/gsantana2005.net\/\",\"name\":\"gsantana2005\",\"description\":\"Sejamos sustent\u00e1veis\",\"publisher\":{\"@id\":\"https:\/\/gsantana2005.net\/#organization\"},\"potentialAction\":[{\"@type\":\"SearchAction\",\"target\":{\"@type\":\"EntryPoint\",\"urlTemplate\":\"https:\/\/gsantana2005.net\/?s={search_term_string}\"},\"query-input\":{\"@type\":\"PropertyValueSpecification\",\"valueRequired\":true,\"valueName\":\"search_term_string\"}}],\"inLanguage\":\"pt-BR\"},{\"@type\":\"Organization\",\"@id\":\"https:\/\/gsantana2005.net\/#organization\",\"name\":\"gsantana2005\",\"url\":\"https:\/\/gsantana2005.net\/\",\"logo\":{\"@type\":\"ImageObject\",\"inLanguage\":\"pt-BR\",\"@id\":\"https:\/\/gsantana2005.net\/#\/schema\/logo\/image\/\",\"url\":\"https:\/\/gsantana2005.net\/wp-content\/uploads\/2023\/06\/cropped-Gs-sem-fundo.jpg\",\"contentUrl\":\"https:\/\/gsantana2005.net\/wp-content\/uploads\/2023\/06\/cropped-Gs-sem-fundo.jpg\",\"width\":100,\"height\":100,\"caption\":\"gsantana2005\"},\"image\":{\"@id\":\"https:\/\/gsantana2005.net\/#\/schema\/logo\/image\/\"}},{\"@type\":\"Person\",\"@id\":\"https:\/\/gsantana2005.net\/#\/schema\/person\/78c90c6f49a46ef4c8e69bafec347cb7\",\"name\":\"gsantana2005\",\"image\":{\"@type\":\"ImageObject\",\"inLanguage\":\"pt-BR\",\"@id\":\"https:\/\/gsantana2005.net\/#\/schema\/person\/image\/\",\"url\":\"https:\/\/secure.gravatar.com\/avatar\/db3aa311fa8063e1f4df6b2da249929f?s=96&d=mm&r=g\",\"contentUrl\":\"https:\/\/secure.gravatar.com\/avatar\/db3aa311fa8063e1f4df6b2da249929f?s=96&d=mm&r=g\",\"caption\":\"gsantana2005\"},\"sameAs\":[\"http:\/\/gsantana2005.net\"],\"url\":\"https:\/\/gsantana2005.net\/author\/gsantana2005\/\"}]}<\/script>\n<!-- \/ Yoast SEO plugin. -->","yoast_head_json":{"title":"Estrat\u00e9gias globais para a redu\u00e7\u00e3o de emiss\u00f5es de metano - gsantana2005","description":"Estrat\u00e9gias globais para a redu\u00e7\u00e3o de emiss\u00f5es de metano \u00e9 um artigo que mostra para voc\u00ea as preocupa\u00e7\u00f5es sobre este poluente","robots":{"index":"index","follow":"follow","max-snippet":"max-snippet:-1","max-image-preview":"max-image-preview:large","max-video-preview":"max-video-preview:-1"},"canonical":"https:\/\/gsantana2005.net\/index.php\/2024\/03\/24\/estrategias-globais-para-a-reducao-de-emissoes-de-metano\/","og_locale":"pt_BR","og_type":"article","og_title":"Estrat\u00e9gias globais para a redu\u00e7\u00e3o de emiss\u00f5es de metano - gsantana2005","og_description":"Estrat\u00e9gias globais para a redu\u00e7\u00e3o de emiss\u00f5es de metano \u00e9 um artigo que mostra para voc\u00ea as preocupa\u00e7\u00f5es sobre este poluente","og_url":"https:\/\/gsantana2005.net\/index.php\/2024\/03\/24\/estrategias-globais-para-a-reducao-de-emissoes-de-metano\/","og_site_name":"gsantana2005","article_published_time":"2024-03-24T23:24:22+00:00","article_modified_time":"2024-03-24T23:25:25+00:00","og_image":[{"width":1200,"height":800,"url":"http:\/\/gsantana2005.net\/wp-content\/uploads\/2024\/03\/metano-vaca.jpg","type":"image\/jpeg"}],"author":"gsantana2005","twitter_card":"summary_large_image","twitter_misc":{"Escrito por":"gsantana2005","Est. tempo de leitura":"5 minutos"},"schema":{"@context":"https:\/\/schema.org","@graph":[{"@type":"Article","@id":"https:\/\/gsantana2005.net\/index.php\/2024\/03\/24\/estrategias-globais-para-a-reducao-de-emissoes-de-metano\/#article","isPartOf":{"@id":"https:\/\/gsantana2005.net\/index.php\/2024\/03\/24\/estrategias-globais-para-a-reducao-de-emissoes-de-metano\/"},"author":{"name":"gsantana2005","@id":"https:\/\/gsantana2005.net\/#\/schema\/person\/78c90c6f49a46ef4c8e69bafec347cb7"},"headline":"Estrat\u00e9gias globais para a redu\u00e7\u00e3o de emiss\u00f5es de metano","datePublished":"2024-03-24T23:24:22+00:00","dateModified":"2024-03-24T23:25:25+00:00","mainEntityOfPage":{"@id":"https:\/\/gsantana2005.net\/index.php\/2024\/03\/24\/estrategias-globais-para-a-reducao-de-emissoes-de-metano\/"},"wordCount":827,"commentCount":0,"publisher":{"@id":"https:\/\/gsantana2005.net\/#organization"},"image":{"@id":"https:\/\/gsantana2005.net\/index.php\/2024\/03\/24\/estrategias-globais-para-a-reducao-de-emissoes-de-metano\/#primaryimage"},"thumbnailUrl":"https:\/\/gsantana2005.net\/wp-content\/uploads\/2024\/03\/metano-vaca.jpg","keywords":["A\u00e7\u00e3o Clim\u00e1tica","Acordo De Paris","Compromisso Global de Metano","Efeito Estufa","Estrat\u00e9gias Custo-Efetivas","F\u00f3rum Global de Metano","Mitiga\u00e7\u00e3o Clim\u00e1tica","Pol\u00edticas Ambientais Internacionais","Redu\u00e7\u00e3o de Emiss\u00f5es de Metano","Tecnologias de Monitoramento"],"articleSection":["Ambiente","Dr Genilson Santana"],"inLanguage":"pt-BR","potentialAction":[{"@type":"CommentAction","name":"Comment","target":["https:\/\/gsantana2005.net\/index.php\/2024\/03\/24\/estrategias-globais-para-a-reducao-de-emissoes-de-metano\/#respond"]}]},{"@type":"WebPage","@id":"https:\/\/gsantana2005.net\/index.php\/2024\/03\/24\/estrategias-globais-para-a-reducao-de-emissoes-de-metano\/","url":"https:\/\/gsantana2005.net\/index.php\/2024\/03\/24\/estrategias-globais-para-a-reducao-de-emissoes-de-metano\/","name":"Estrat\u00e9gias globais para a redu\u00e7\u00e3o de emiss\u00f5es de metano - gsantana2005","isPartOf":{"@id":"https:\/\/gsantana2005.net\/#website"},"primaryImageOfPage":{"@id":"https:\/\/gsantana2005.net\/index.php\/2024\/03\/24\/estrategias-globais-para-a-reducao-de-emissoes-de-metano\/#primaryimage"},"image":{"@id":"https:\/\/gsantana2005.net\/index.php\/2024\/03\/24\/estrategias-globais-para-a-reducao-de-emissoes-de-metano\/#primaryimage"},"thumbnailUrl":"https:\/\/gsantana2005.net\/wp-content\/uploads\/2024\/03\/metano-vaca.jpg","datePublished":"2024-03-24T23:24:22+00:00","dateModified":"2024-03-24T23:25:25+00:00","description":"Estrat\u00e9gias globais para a redu\u00e7\u00e3o de emiss\u00f5es de metano \u00e9 um artigo que mostra para voc\u00ea as preocupa\u00e7\u00f5es sobre este poluente","breadcrumb":{"@id":"https:\/\/gsantana2005.net\/index.php\/2024\/03\/24\/estrategias-globais-para-a-reducao-de-emissoes-de-metano\/#breadcrumb"},"inLanguage":"pt-BR","potentialAction":[{"@type":"ReadAction","target":["https:\/\/gsantana2005.net\/index.php\/2024\/03\/24\/estrategias-globais-para-a-reducao-de-emissoes-de-metano\/"]}]},{"@type":"ImageObject","inLanguage":"pt-BR","@id":"https:\/\/gsantana2005.net\/index.php\/2024\/03\/24\/estrategias-globais-para-a-reducao-de-emissoes-de-metano\/#primaryimage","url":"https:\/\/gsantana2005.net\/wp-content\/uploads\/2024\/03\/metano-vaca.jpg","contentUrl":"https:\/\/gsantana2005.net\/wp-content\/uploads\/2024\/03\/metano-vaca.jpg","width":1200,"height":800,"caption":"Metano Vaca"},{"@type":"BreadcrumbList","@id":"https:\/\/gsantana2005.net\/index.php\/2024\/03\/24\/estrategias-globais-para-a-reducao-de-emissoes-de-metano\/#breadcrumb","itemListElement":[{"@type":"ListItem","position":1,"name":"Home","item":"https:\/\/gsantana2005.net\/"},{"@type":"ListItem","position":2,"name":"Estrat\u00e9gias globais para a redu\u00e7\u00e3o de emiss\u00f5es de metano"}]},{"@type":"WebSite","@id":"https:\/\/gsantana2005.net\/#website","url":"https:\/\/gsantana2005.net\/","name":"gsantana2005","description":"Sejamos sustent\u00e1veis","publisher":{"@id":"https:\/\/gsantana2005.net\/#organization"},"potentialAction":[{"@type":"SearchAction","target":{"@type":"EntryPoint","urlTemplate":"https:\/\/gsantana2005.net\/?s={search_term_string}"},"query-input":{"@type":"PropertyValueSpecification","valueRequired":true,"valueName":"search_term_string"}}],"inLanguage":"pt-BR"},{"@type":"Organization","@id":"https:\/\/gsantana2005.net\/#organization","name":"gsantana2005","url":"https:\/\/gsantana2005.net\/","logo":{"@type":"ImageObject","inLanguage":"pt-BR","@id":"https:\/\/gsantana2005.net\/#\/schema\/logo\/image\/","url":"https:\/\/gsantana2005.net\/wp-content\/uploads\/2023\/06\/cropped-Gs-sem-fundo.jpg","contentUrl":"https:\/\/gsantana2005.net\/wp-content\/uploads\/2023\/06\/cropped-Gs-sem-fundo.jpg","width":100,"height":100,"caption":"gsantana2005"},"image":{"@id":"https:\/\/gsantana2005.net\/#\/schema\/logo\/image\/"}},{"@type":"Person","@id":"https:\/\/gsantana2005.net\/#\/schema\/person\/78c90c6f49a46ef4c8e69bafec347cb7","name":"gsantana2005","image":{"@type":"ImageObject","inLanguage":"pt-BR","@id":"https:\/\/gsantana2005.net\/#\/schema\/person\/image\/","url":"https:\/\/secure.gravatar.com\/avatar\/db3aa311fa8063e1f4df6b2da249929f?s=96&d=mm&r=g","contentUrl":"https:\/\/secure.gravatar.com\/avatar\/db3aa311fa8063e1f4df6b2da249929f?s=96&d=mm&r=g","caption":"gsantana2005"},"sameAs":["http:\/\/gsantana2005.net"],"url":"https:\/\/gsantana2005.net\/author\/gsantana2005\/"}]}},"amp_enabled":true,"_links":{"self":[{"href":"https:\/\/gsantana2005.net\/index.php\/wp-json\/wp\/v2\/posts\/1173"}],"collection":[{"href":"https:\/\/gsantana2005.net\/index.php\/wp-json\/wp\/v2\/posts"}],"about":[{"href":"https:\/\/gsantana2005.net\/index.php\/wp-json\/wp\/v2\/types\/post"}],"author":[{"embeddable":true,"href":"https:\/\/gsantana2005.net\/index.php\/wp-json\/wp\/v2\/users\/1"}],"replies":[{"embeddable":true,"href":"https:\/\/gsantana2005.net\/index.php\/wp-json\/wp\/v2\/comments?post=1173"}],"version-history":[{"count":1,"href":"https:\/\/gsantana2005.net\/index.php\/wp-json\/wp\/v2\/posts\/1173\/revisions"}],"predecessor-version":[{"id":1175,"href":"https:\/\/gsantana2005.net\/index.php\/wp-json\/wp\/v2\/posts\/1173\/revisions\/1175"}],"wp:featuredmedia":[{"embeddable":true,"href":"https:\/\/gsantana2005.net\/index.php\/wp-json\/wp\/v2\/media\/1174"}],"wp:attachment":[{"href":"https:\/\/gsantana2005.net\/index.php\/wp-json\/wp\/v2\/media?parent=1173"}],"wp:term":[{"taxonomy":"category","embeddable":true,"href":"https:\/\/gsantana2005.net\/index.php\/wp-json\/wp\/v2\/categories?post=1173"},{"taxonomy":"post_tag","embeddable":true,"href":"https:\/\/gsantana2005.net\/index.php\/wp-json\/wp\/v2\/tags?post=1173"}],"curies":[{"name":"wp","href":"https:\/\/api.w.org\/{rel}","templated":true}]}}