{"id":1176,"date":"2024-03-25T12:55:58","date_gmt":"2024-03-25T12:55:58","guid":{"rendered":"https:\/\/gsantana2005.net\/?p=1176"},"modified":"2024-03-25T12:58:47","modified_gmt":"2024-03-25T12:58:47","slug":"desmatamento-na-amazonia-impactos-na-saude-e-no-meio-ambiente","status":"publish","type":"post","link":"https:\/\/gsantana2005.net\/index.php\/2024\/03\/25\/desmatamento-na-amazonia-impactos-na-saude-e-no-meio-ambiente\/","title":{"rendered":"Desmatamento na Amaz\u00f4nia: Impactos na Sa\u00fade e no Meio Ambiente"},"content":{"rendered":"\n<p><strong>Desmatamento na Amaz\u00f4nia: Impactos na Sa\u00fade e no Meio Ambiente mostra as consequ\u00eancias dessa a\u00e7\u00e3o na maior floresta do mundo<\/strong>. Ol\u00e1 pessoal! Hoje vamos falar sobre um assunto muito importante e que est\u00e1 em destaque n\u00e3o s\u00f3 no Brasil, mas em todo o mundo: o desmatamento na Amaz\u00f4nia e seus impactos na sa\u00fade das pessoas e no meio ambiente.<\/p>\n\n\n\n<p>Assim, a Amaz\u00f4nia \u00e9 conhecida como o &#8220;pulm\u00e3o do mundo&#8221; por sua imensa biodiversidade e pela produ\u00e7\u00e3o de oxig\u00eanio que influencia o clima global. No entanto, nas \u00faltimas d\u00e9cadas, temos testemunhado um aumento alarmante no desmatamento, principalmente devido \u00e0 expans\u00e3o da agricultura e pecu\u00e1ria, al\u00e9m das pr\u00e1ticas ilegais de explora\u00e7\u00e3o madeireira.<\/p>\n\n\n\n<p>Uma das consequ\u00eancias mais graves do desmatamento \u00e9 o aumento das queimadas, que costumam ocorrer durante os meses secos, entre agosto e outubro. Dessa forma, essas queimadas liberam uma grande quantidade de poluentes na atmosfera, incluindo part\u00edculas finas conhecidas como PM2.5, que podem causar uma s\u00e9rie de problemas respirat\u00f3rios e de sa\u00fade.<\/p>\n\n\n\n<figure class=\"wp-block-image size-full\"><img loading=\"lazy\" decoding=\"async\" width=\"1024\" height=\"684\" src=\"http:\/\/gsantana2005.net\/wp-content\/uploads\/2024\/03\/queimada-amazonia.jpeg\" alt=\"Queimada Amazonia\" class=\"wp-image-1177\" srcset=\"https:\/\/gsantana2005.net\/wp-content\/uploads\/2024\/03\/queimada-amazonia.jpeg 1024w, https:\/\/gsantana2005.net\/wp-content\/uploads\/2024\/03\/queimada-amazonia-300x200.jpeg 300w, https:\/\/gsantana2005.net\/wp-content\/uploads\/2024\/03\/queimada-amazonia-768x513.jpeg 768w\" sizes=\"(max-width: 1024px) 100vw, 1024px\" \/><\/figure>\n\n\n\n<p>Queimada na Amaz\u00f4nia. Fonte: <a href=\"https:\/\/www.greenpeace.org\/brasil\/informe-se\/amazonia\/queimadas\/\" target=\"_blank\" rel=\"noreferrer noopener nofollow\">Greenpeace<\/a><\/p>\n\n\n\n<p>Um <a href=\"https:\/\/acervo.socioambiental.org\/sites\/default\/files\/documents\/i1d00039.pdf\" target=\"_blank\" rel=\"noreferrer noopener nofollow\">estudo<\/a> analisou os impactos das queimadas na sa\u00fade da popula\u00e7\u00e3o ind\u00edgena que vive na Amaz\u00f4nia Legal brasileira. Ent\u00e3o, os resultados revelaram uma correla\u00e7\u00e3o direta entre o aumento das queimadas e o aumento das interna\u00e7\u00f5es por problemas respirat\u00f3rios entre os ind\u00edgenas, especialmente nas faixas et\u00e1rias mais vulner\u00e1veis, como crian\u00e7as menores de 5 anos e idosos acima de 49 anos.<\/p>\n\n\n\n<p>Al\u00e9m dos impactos na sa\u00fade, o desmatamento e as queimadas tamb\u00e9m t\u00eam s\u00e9rias consequ\u00eancias para o meio ambiente. Assim, a perda de habitat afeta diretamente a biodiversidade da regi\u00e3o, colocando em risco in\u00fameras esp\u00e9cies de plantas e animais, muitas das quais s\u00f3 s\u00e3o encontradas na Amaz\u00f4nia.<\/p>\n\n\n\n<h4 class=\"wp-block-heading has-text-align-right\">&#8220;<strong><em>Precisamos nos unir para salvar a Amaz\u00f4nia<\/em><\/strong>&#8220;<\/h4>\n\n\n\n<p>Al\u00e9m disso, a destrui\u00e7\u00e3o das florestas contribui para as mudan\u00e7as clim\u00e1ticas, j\u00e1 que as \u00e1rvores desempenham um papel fundamental na regula\u00e7\u00e3o do clima, absorvendo o di\u00f3xido de carbono da atmosfera. Com menos \u00e1rvores, mais carbono \u00e9 liberado, aumentando o efeito estufa e contribuindo para o aquecimento global.<\/p>\n\n\n\n<p>Diante desse cen\u00e1rio preocupante, \u00e9 fundamental que todos n\u00f3s fa\u00e7amos a nossa parte para proteger a Amaz\u00f4nia e suas popula\u00e7\u00f5es. Isso inclui apoiar medidas de conserva\u00e7\u00e3o e reflorestamento, al\u00e9m de pressionar os governos e as empresas a adotarem pr\u00e1ticas mais sustent\u00e1veis e respons\u00e1veis.<\/p>\n\n\n\n<p>Ent\u00e3o, vamos nos unir para proteger a Amaz\u00f4nia e garantir um futuro sustent\u00e1vel para todos! Juntos, podemos fazer a diferen\u00e7a.<\/p>\n\n\n\n<h3 class=\"wp-block-heading\">Convite especial para voc\u00ea<\/h3>\n\n\n\n<p>Ent\u00e3o, depois deste&nbsp;<strong>Desmatamento na Amaz\u00f4nia: Impactos na Sa\u00fade e no Meio Ambiente<\/strong>&nbsp;acredito que queira saber mais de nossa contribui\u00e7\u00e3o na \u00e1rea ambiental. N\u00e3o fique inibido entre em contato:&nbsp;<a href=\"mailto:gsantana2005@gmail.com\">gsantana2005@gmail.com<\/a>&nbsp;veja o nosso&nbsp;<a href=\"https:\/\/www.instagram.com\/genilsonpereirasantana1\/\" rel=\"nofollow noopener\" target=\"_blank\">Instagram<\/a><\/p>\n\n\n\n<p>Al\u00e9m disso, j\u00e1 que voc\u00ea chegou at\u00e9 aqui descubra mais sobre n\u00f3s artigos abaixo:<\/p>\n\n\n\n<ul class=\"wp-block-list\">\n<li><a href=\"https:\/\/gsantana2005.net\/index.php\/2023\/11\/30\/desbloqueando-o-valor-oculto-reciclando-o-pequeno-para-um-grande-impacto\/\" target=\"_blank\" rel=\"noreferrer noopener\">Desbloqueando o valor oculto: Reciclando o pequeno para um grande impacto<\/a><\/li>\n\n\n\n<li><a href=\"https:\/\/gsantana2005.net\/index.php\/2023\/11\/29\/reduza-a-pegada-de-carbono-digital-da-sua-empresa-rumo-a-um-futuro-sustentavel\/\" target=\"_blank\" rel=\"noreferrer noopener\">Reduza a Pegada de Carbono Digital da sua Empresa: Rumo a um Futuro Sustent\u00e1vel<\/a><\/li>\n\n\n\n<li><a href=\"https:\/\/gsantana2005.net\/index.php\/2023\/11\/28\/navegando-na-controversia-da-acao-climatica-global-da-cop28-de-dubai\/\" target=\"_blank\" rel=\"noreferrer noopener\">Navegando na controv\u00e9rsia da A\u00e7\u00e3o Clim\u00e1tica Global da COP28 de Dubai<\/a><\/li>\n\n\n\n<li><a href=\"https:\/\/gsantana2005.net\/index.php\/2023\/11\/28\/rascunho-automaticodespedindo-se-dos-plasticos-descartaveis-o-futuro-sustentavel-das-embalagens-de-celulose\/\">Despedindo-se dos Pl\u00e1sticos Descart\u00e1veis: O Futuro Sustent\u00e1vel das Embalagens de Celulose!<\/a><\/li>\n<\/ul>\n\n\n\n<p>Ent\u00e3o, conhe\u00e7a tamb\u00e9m nossos cursos sobre&nbsp;<a href=\"https:\/\/gsantana2005.net\/index.php\/2023\/07\/21\/gestao-de-residuos\/\">Gest\u00e3o de res\u00edduos<\/a>&nbsp;e&nbsp;<a href=\"https:\/\/gsantana2005.net\/index.php\/2023\/08\/08\/tratamento-de-efluentes\/\">Tratamento de efluentes<\/a>. Maiores informa\u00e7\u00f5es:&nbsp;<a href=\"mailto:gsantana2005@gmail.com\">gsantana2005@gmail.com<\/a>&nbsp;ou 92 991227158 (WhatsApp)<\/p>\n","protected":false},"excerpt":{"rendered":"<p>Desmatamento na Amaz\u00f4nia: Impactos na Sa\u00fade e no Meio Ambiente mostra as consequ\u00eancias dessa a\u00e7\u00e3o na maior floresta do mundo. Ol\u00e1 pessoal! Hoje vamos falar sobre um assunto muito importante e que est\u00e1 em destaque n\u00e3o s\u00f3 no Brasil, mas em todo o mundo: o desmatamento na Amaz\u00f4nia e seus impactos na sa\u00fade das pessoas [&hellip;]<\/p>\n","protected":false},"author":1,"featured_media":168,"comment_status":"open","ping_status":"closed","sticky":false,"template":"","format":"standard","meta":{"om_disable_all_campaigns":false,"_monsterinsights_skip_tracking":false,"_monsterinsights_sitenote_active":false,"_monsterinsights_sitenote_note":"","_monsterinsights_sitenote_category":0,"footnotes":"","_links_to":"","_links_to_target":""},"categories":[2,3],"tags":[990,827,380,544,329,993,991,994,992,320],"class_list":["post-1176","post","type-post","status-publish","format-standard","has-post-thumbnail","hentry","category-ambiente","category-genilson-pereira-santana","tag-amazonia","tag-biodiversidade","tag-conscientizacao-ambiental","tag-desmatamento","tag-impactos-ambientais","tag-poluicao-do-ar","tag-queimadas","tag-reflorestamento","tag-saude-indigena","tag-sustentabilidade"],"aioseo_notices":[],"yoast_head":"<!-- This site is optimized with the Yoast SEO plugin v24.5 - https:\/\/yoast.com\/wordpress\/plugins\/seo\/ -->\n<title>Desmatamento na Amaz\u00f4nia: Impactos na Sa\u00fade e no Meio Ambiente - gsantana2005<\/title>\n<meta name=\"description\" content=\"Desmatamento na Amaz\u00f4nia: Impactos na Sa\u00fade e no Meio Ambiente mostra as consequ\u00eancias dessa a\u00e7\u00e3o na maior floresta do mundo\" \/>\n<meta name=\"robots\" content=\"index, follow, max-snippet:-1, max-image-preview:large, max-video-preview:-1\" \/>\n<link rel=\"canonical\" href=\"https:\/\/gsantana2005.net\/index.php\/2024\/03\/25\/desmatamento-na-amazonia-impactos-na-saude-e-no-meio-ambiente\/\" \/>\n<meta property=\"og:locale\" content=\"pt_BR\" \/>\n<meta property=\"og:type\" content=\"article\" \/>\n<meta property=\"og:title\" content=\"Desmatamento na Amaz\u00f4nia: Impactos na Sa\u00fade e no Meio Ambiente - gsantana2005\" \/>\n<meta property=\"og:description\" content=\"Desmatamento na Amaz\u00f4nia: Impactos na Sa\u00fade e no Meio Ambiente mostra as consequ\u00eancias dessa a\u00e7\u00e3o na maior floresta do mundo\" \/>\n<meta property=\"og:url\" content=\"https:\/\/gsantana2005.net\/index.php\/2024\/03\/25\/desmatamento-na-amazonia-impactos-na-saude-e-no-meio-ambiente\/\" \/>\n<meta property=\"og:site_name\" content=\"gsantana2005\" \/>\n<meta property=\"article:published_time\" content=\"2024-03-25T12:55:58+00:00\" \/>\n<meta property=\"article:modified_time\" content=\"2024-03-25T12:58:47+00:00\" \/>\n<meta property=\"og:image\" content=\"http:\/\/gsantana2005.net\/wp-content\/uploads\/2023\/01\/genilson-scaled.jpg\" \/>\n\t<meta property=\"og:image:width\" content=\"1920\" \/>\n\t<meta property=\"og:image:height\" content=\"2560\" \/>\n\t<meta property=\"og:image:type\" content=\"image\/jpeg\" \/>\n<meta name=\"author\" content=\"gsantana2005\" \/>\n<meta name=\"twitter:card\" content=\"summary_large_image\" \/>\n<meta name=\"twitter:label1\" content=\"Escrito por\" \/>\n\t<meta name=\"twitter:data1\" content=\"gsantana2005\" \/>\n\t<meta name=\"twitter:label2\" content=\"Est. tempo de leitura\" \/>\n\t<meta name=\"twitter:data2\" content=\"4 minutos\" \/>\n<script type=\"application\/ld+json\" class=\"yoast-schema-graph\">{\"@context\":\"https:\/\/schema.org\",\"@graph\":[{\"@type\":\"Article\",\"@id\":\"https:\/\/gsantana2005.net\/index.php\/2024\/03\/25\/desmatamento-na-amazonia-impactos-na-saude-e-no-meio-ambiente\/#article\",\"isPartOf\":{\"@id\":\"https:\/\/gsantana2005.net\/index.php\/2024\/03\/25\/desmatamento-na-amazonia-impactos-na-saude-e-no-meio-ambiente\/\"},\"author\":{\"name\":\"gsantana2005\",\"@id\":\"https:\/\/gsantana2005.net\/#\/schema\/person\/78c90c6f49a46ef4c8e69bafec347cb7\"},\"headline\":\"Desmatamento na Amaz\u00f4nia: Impactos na Sa\u00fade e no Meio Ambiente\",\"datePublished\":\"2024-03-25T12:55:58+00:00\",\"dateModified\":\"2024-03-25T12:58:47+00:00\",\"mainEntityOfPage\":{\"@id\":\"https:\/\/gsantana2005.net\/index.php\/2024\/03\/25\/desmatamento-na-amazonia-impactos-na-saude-e-no-meio-ambiente\/\"},\"wordCount\":613,\"commentCount\":0,\"publisher\":{\"@id\":\"https:\/\/gsantana2005.net\/#organization\"},\"image\":{\"@id\":\"https:\/\/gsantana2005.net\/index.php\/2024\/03\/25\/desmatamento-na-amazonia-impactos-na-saude-e-no-meio-ambiente\/#primaryimage\"},\"thumbnailUrl\":\"https:\/\/gsantana2005.net\/wp-content\/uploads\/2023\/01\/genilson-scaled.jpg\",\"keywords\":[\"Amaz\u00f4nia\",\"Biodiversidade\",\"Conscientiza\u00e7\u00e3o Ambiental\",\"Desmatamento\",\"Impactos ambientais\",\"Polui\u00e7\u00e3o do ar\",\"Queimadas\",\"Reflorestamento\",\"Sa\u00fade ind\u00edgena\",\"Sustentabilidade\"],\"articleSection\":[\"Ambiente\",\"Dr Genilson Santana\"],\"inLanguage\":\"pt-BR\",\"potentialAction\":[{\"@type\":\"CommentAction\",\"name\":\"Comment\",\"target\":[\"https:\/\/gsantana2005.net\/index.php\/2024\/03\/25\/desmatamento-na-amazonia-impactos-na-saude-e-no-meio-ambiente\/#respond\"]}]},{\"@type\":\"WebPage\",\"@id\":\"https:\/\/gsantana2005.net\/index.php\/2024\/03\/25\/desmatamento-na-amazonia-impactos-na-saude-e-no-meio-ambiente\/\",\"url\":\"https:\/\/gsantana2005.net\/index.php\/2024\/03\/25\/desmatamento-na-amazonia-impactos-na-saude-e-no-meio-ambiente\/\",\"name\":\"Desmatamento na Amaz\u00f4nia: Impactos na Sa\u00fade e no Meio Ambiente - gsantana2005\",\"isPartOf\":{\"@id\":\"https:\/\/gsantana2005.net\/#website\"},\"primaryImageOfPage\":{\"@id\":\"https:\/\/gsantana2005.net\/index.php\/2024\/03\/25\/desmatamento-na-amazonia-impactos-na-saude-e-no-meio-ambiente\/#primaryimage\"},\"image\":{\"@id\":\"https:\/\/gsantana2005.net\/index.php\/2024\/03\/25\/desmatamento-na-amazonia-impactos-na-saude-e-no-meio-ambiente\/#primaryimage\"},\"thumbnailUrl\":\"https:\/\/gsantana2005.net\/wp-content\/uploads\/2023\/01\/genilson-scaled.jpg\",\"datePublished\":\"2024-03-25T12:55:58+00:00\",\"dateModified\":\"2024-03-25T12:58:47+00:00\",\"description\":\"Desmatamento na Amaz\u00f4nia: Impactos na Sa\u00fade e no Meio Ambiente mostra as consequ\u00eancias dessa a\u00e7\u00e3o na maior floresta do mundo\",\"breadcrumb\":{\"@id\":\"https:\/\/gsantana2005.net\/index.php\/2024\/03\/25\/desmatamento-na-amazonia-impactos-na-saude-e-no-meio-ambiente\/#breadcrumb\"},\"inLanguage\":\"pt-BR\",\"potentialAction\":[{\"@type\":\"ReadAction\",\"target\":[\"https:\/\/gsantana2005.net\/index.php\/2024\/03\/25\/desmatamento-na-amazonia-impactos-na-saude-e-no-meio-ambiente\/\"]}]},{\"@type\":\"ImageObject\",\"inLanguage\":\"pt-BR\",\"@id\":\"https:\/\/gsantana2005.net\/index.php\/2024\/03\/25\/desmatamento-na-amazonia-impactos-na-saude-e-no-meio-ambiente\/#primaryimage\",\"url\":\"https:\/\/gsantana2005.net\/wp-content\/uploads\/2023\/01\/genilson-scaled.jpg\",\"contentUrl\":\"https:\/\/gsantana2005.net\/wp-content\/uploads\/2023\/01\/genilson-scaled.jpg\",\"width\":1920,\"height\":2560,\"caption\":\"Genilson Pereira Santana\"},{\"@type\":\"BreadcrumbList\",\"@id\":\"https:\/\/gsantana2005.net\/index.php\/2024\/03\/25\/desmatamento-na-amazonia-impactos-na-saude-e-no-meio-ambiente\/#breadcrumb\",\"itemListElement\":[{\"@type\":\"ListItem\",\"position\":1,\"name\":\"Home\",\"item\":\"https:\/\/gsantana2005.net\/\"},{\"@type\":\"ListItem\",\"position\":2,\"name\":\"Desmatamento na Amaz\u00f4nia: Impactos na Sa\u00fade e no Meio Ambiente\"}]},{\"@type\":\"WebSite\",\"@id\":\"https:\/\/gsantana2005.net\/#website\",\"url\":\"https:\/\/gsantana2005.net\/\",\"name\":\"gsantana2005\",\"description\":\"Sejamos sustent\u00e1veis\",\"publisher\":{\"@id\":\"https:\/\/gsantana2005.net\/#organization\"},\"potentialAction\":[{\"@type\":\"SearchAction\",\"target\":{\"@type\":\"EntryPoint\",\"urlTemplate\":\"https:\/\/gsantana2005.net\/?s={search_term_string}\"},\"query-input\":{\"@type\":\"PropertyValueSpecification\",\"valueRequired\":true,\"valueName\":\"search_term_string\"}}],\"inLanguage\":\"pt-BR\"},{\"@type\":\"Organization\",\"@id\":\"https:\/\/gsantana2005.net\/#organization\",\"name\":\"gsantana2005\",\"url\":\"https:\/\/gsantana2005.net\/\",\"logo\":{\"@type\":\"ImageObject\",\"inLanguage\":\"pt-BR\",\"@id\":\"https:\/\/gsantana2005.net\/#\/schema\/logo\/image\/\",\"url\":\"https:\/\/gsantana2005.net\/wp-content\/uploads\/2023\/06\/cropped-Gs-sem-fundo.jpg\",\"contentUrl\":\"https:\/\/gsantana2005.net\/wp-content\/uploads\/2023\/06\/cropped-Gs-sem-fundo.jpg\",\"width\":100,\"height\":100,\"caption\":\"gsantana2005\"},\"image\":{\"@id\":\"https:\/\/gsantana2005.net\/#\/schema\/logo\/image\/\"}},{\"@type\":\"Person\",\"@id\":\"https:\/\/gsantana2005.net\/#\/schema\/person\/78c90c6f49a46ef4c8e69bafec347cb7\",\"name\":\"gsantana2005\",\"image\":{\"@type\":\"ImageObject\",\"inLanguage\":\"pt-BR\",\"@id\":\"https:\/\/gsantana2005.net\/#\/schema\/person\/image\/\",\"url\":\"https:\/\/secure.gravatar.com\/avatar\/db3aa311fa8063e1f4df6b2da249929f?s=96&d=mm&r=g\",\"contentUrl\":\"https:\/\/secure.gravatar.com\/avatar\/db3aa311fa8063e1f4df6b2da249929f?s=96&d=mm&r=g\",\"caption\":\"gsantana2005\"},\"sameAs\":[\"http:\/\/gsantana2005.net\"],\"url\":\"https:\/\/gsantana2005.net\/author\/gsantana2005\/\"}]}<\/script>\n<!-- \/ Yoast SEO plugin. -->","yoast_head_json":{"title":"Desmatamento na Amaz\u00f4nia: Impactos na Sa\u00fade e no Meio Ambiente - gsantana2005","description":"Desmatamento na Amaz\u00f4nia: Impactos na Sa\u00fade e no Meio Ambiente mostra as consequ\u00eancias dessa a\u00e7\u00e3o na maior floresta do mundo","robots":{"index":"index","follow":"follow","max-snippet":"max-snippet:-1","max-image-preview":"max-image-preview:large","max-video-preview":"max-video-preview:-1"},"canonical":"https:\/\/gsantana2005.net\/index.php\/2024\/03\/25\/desmatamento-na-amazonia-impactos-na-saude-e-no-meio-ambiente\/","og_locale":"pt_BR","og_type":"article","og_title":"Desmatamento na Amaz\u00f4nia: Impactos na Sa\u00fade e no Meio Ambiente - gsantana2005","og_description":"Desmatamento na Amaz\u00f4nia: Impactos na Sa\u00fade e no Meio Ambiente mostra as consequ\u00eancias dessa a\u00e7\u00e3o na maior floresta do mundo","og_url":"https:\/\/gsantana2005.net\/index.php\/2024\/03\/25\/desmatamento-na-amazonia-impactos-na-saude-e-no-meio-ambiente\/","og_site_name":"gsantana2005","article_published_time":"2024-03-25T12:55:58+00:00","article_modified_time":"2024-03-25T12:58:47+00:00","og_image":[{"width":1920,"height":2560,"url":"http:\/\/gsantana2005.net\/wp-content\/uploads\/2023\/01\/genilson-scaled.jpg","type":"image\/jpeg"}],"author":"gsantana2005","twitter_card":"summary_large_image","twitter_misc":{"Escrito por":"gsantana2005","Est. tempo de leitura":"4 minutos"},"schema":{"@context":"https:\/\/schema.org","@graph":[{"@type":"Article","@id":"https:\/\/gsantana2005.net\/index.php\/2024\/03\/25\/desmatamento-na-amazonia-impactos-na-saude-e-no-meio-ambiente\/#article","isPartOf":{"@id":"https:\/\/gsantana2005.net\/index.php\/2024\/03\/25\/desmatamento-na-amazonia-impactos-na-saude-e-no-meio-ambiente\/"},"author":{"name":"gsantana2005","@id":"https:\/\/gsantana2005.net\/#\/schema\/person\/78c90c6f49a46ef4c8e69bafec347cb7"},"headline":"Desmatamento na Amaz\u00f4nia: Impactos na Sa\u00fade e no Meio Ambiente","datePublished":"2024-03-25T12:55:58+00:00","dateModified":"2024-03-25T12:58:47+00:00","mainEntityOfPage":{"@id":"https:\/\/gsantana2005.net\/index.php\/2024\/03\/25\/desmatamento-na-amazonia-impactos-na-saude-e-no-meio-ambiente\/"},"wordCount":613,"commentCount":0,"publisher":{"@id":"https:\/\/gsantana2005.net\/#organization"},"image":{"@id":"https:\/\/gsantana2005.net\/index.php\/2024\/03\/25\/desmatamento-na-amazonia-impactos-na-saude-e-no-meio-ambiente\/#primaryimage"},"thumbnailUrl":"https:\/\/gsantana2005.net\/wp-content\/uploads\/2023\/01\/genilson-scaled.jpg","keywords":["Amaz\u00f4nia","Biodiversidade","Conscientiza\u00e7\u00e3o Ambiental","Desmatamento","Impactos ambientais","Polui\u00e7\u00e3o do ar","Queimadas","Reflorestamento","Sa\u00fade ind\u00edgena","Sustentabilidade"],"articleSection":["Ambiente","Dr Genilson Santana"],"inLanguage":"pt-BR","potentialAction":[{"@type":"CommentAction","name":"Comment","target":["https:\/\/gsantana2005.net\/index.php\/2024\/03\/25\/desmatamento-na-amazonia-impactos-na-saude-e-no-meio-ambiente\/#respond"]}]},{"@type":"WebPage","@id":"https:\/\/gsantana2005.net\/index.php\/2024\/03\/25\/desmatamento-na-amazonia-impactos-na-saude-e-no-meio-ambiente\/","url":"https:\/\/gsantana2005.net\/index.php\/2024\/03\/25\/desmatamento-na-amazonia-impactos-na-saude-e-no-meio-ambiente\/","name":"Desmatamento na Amaz\u00f4nia: Impactos na Sa\u00fade e no Meio Ambiente - gsantana2005","isPartOf":{"@id":"https:\/\/gsantana2005.net\/#website"},"primaryImageOfPage":{"@id":"https:\/\/gsantana2005.net\/index.php\/2024\/03\/25\/desmatamento-na-amazonia-impactos-na-saude-e-no-meio-ambiente\/#primaryimage"},"image":{"@id":"https:\/\/gsantana2005.net\/index.php\/2024\/03\/25\/desmatamento-na-amazonia-impactos-na-saude-e-no-meio-ambiente\/#primaryimage"},"thumbnailUrl":"https:\/\/gsantana2005.net\/wp-content\/uploads\/2023\/01\/genilson-scaled.jpg","datePublished":"2024-03-25T12:55:58+00:00","dateModified":"2024-03-25T12:58:47+00:00","description":"Desmatamento na Amaz\u00f4nia: Impactos na Sa\u00fade e no Meio Ambiente mostra as consequ\u00eancias dessa a\u00e7\u00e3o na maior floresta do mundo","breadcrumb":{"@id":"https:\/\/gsantana2005.net\/index.php\/2024\/03\/25\/desmatamento-na-amazonia-impactos-na-saude-e-no-meio-ambiente\/#breadcrumb"},"inLanguage":"pt-BR","potentialAction":[{"@type":"ReadAction","target":["https:\/\/gsantana2005.net\/index.php\/2024\/03\/25\/desmatamento-na-amazonia-impactos-na-saude-e-no-meio-ambiente\/"]}]},{"@type":"ImageObject","inLanguage":"pt-BR","@id":"https:\/\/gsantana2005.net\/index.php\/2024\/03\/25\/desmatamento-na-amazonia-impactos-na-saude-e-no-meio-ambiente\/#primaryimage","url":"https:\/\/gsantana2005.net\/wp-content\/uploads\/2023\/01\/genilson-scaled.jpg","contentUrl":"https:\/\/gsantana2005.net\/wp-content\/uploads\/2023\/01\/genilson-scaled.jpg","width":1920,"height":2560,"caption":"Genilson Pereira Santana"},{"@type":"BreadcrumbList","@id":"https:\/\/gsantana2005.net\/index.php\/2024\/03\/25\/desmatamento-na-amazonia-impactos-na-saude-e-no-meio-ambiente\/#breadcrumb","itemListElement":[{"@type":"ListItem","position":1,"name":"Home","item":"https:\/\/gsantana2005.net\/"},{"@type":"ListItem","position":2,"name":"Desmatamento na Amaz\u00f4nia: Impactos na Sa\u00fade e no Meio Ambiente"}]},{"@type":"WebSite","@id":"https:\/\/gsantana2005.net\/#website","url":"https:\/\/gsantana2005.net\/","name":"gsantana2005","description":"Sejamos sustent\u00e1veis","publisher":{"@id":"https:\/\/gsantana2005.net\/#organization"},"potentialAction":[{"@type":"SearchAction","target":{"@type":"EntryPoint","urlTemplate":"https:\/\/gsantana2005.net\/?s={search_term_string}"},"query-input":{"@type":"PropertyValueSpecification","valueRequired":true,"valueName":"search_term_string"}}],"inLanguage":"pt-BR"},{"@type":"Organization","@id":"https:\/\/gsantana2005.net\/#organization","name":"gsantana2005","url":"https:\/\/gsantana2005.net\/","logo":{"@type":"ImageObject","inLanguage":"pt-BR","@id":"https:\/\/gsantana2005.net\/#\/schema\/logo\/image\/","url":"https:\/\/gsantana2005.net\/wp-content\/uploads\/2023\/06\/cropped-Gs-sem-fundo.jpg","contentUrl":"https:\/\/gsantana2005.net\/wp-content\/uploads\/2023\/06\/cropped-Gs-sem-fundo.jpg","width":100,"height":100,"caption":"gsantana2005"},"image":{"@id":"https:\/\/gsantana2005.net\/#\/schema\/logo\/image\/"}},{"@type":"Person","@id":"https:\/\/gsantana2005.net\/#\/schema\/person\/78c90c6f49a46ef4c8e69bafec347cb7","name":"gsantana2005","image":{"@type":"ImageObject","inLanguage":"pt-BR","@id":"https:\/\/gsantana2005.net\/#\/schema\/person\/image\/","url":"https:\/\/secure.gravatar.com\/avatar\/db3aa311fa8063e1f4df6b2da249929f?s=96&d=mm&r=g","contentUrl":"https:\/\/secure.gravatar.com\/avatar\/db3aa311fa8063e1f4df6b2da249929f?s=96&d=mm&r=g","caption":"gsantana2005"},"sameAs":["http:\/\/gsantana2005.net"],"url":"https:\/\/gsantana2005.net\/author\/gsantana2005\/"}]}},"amp_enabled":true,"_links":{"self":[{"href":"https:\/\/gsantana2005.net\/index.php\/wp-json\/wp\/v2\/posts\/1176"}],"collection":[{"href":"https:\/\/gsantana2005.net\/index.php\/wp-json\/wp\/v2\/posts"}],"about":[{"href":"https:\/\/gsantana2005.net\/index.php\/wp-json\/wp\/v2\/types\/post"}],"author":[{"embeddable":true,"href":"https:\/\/gsantana2005.net\/index.php\/wp-json\/wp\/v2\/users\/1"}],"replies":[{"embeddable":true,"href":"https:\/\/gsantana2005.net\/index.php\/wp-json\/wp\/v2\/comments?post=1176"}],"version-history":[{"count":2,"href":"https:\/\/gsantana2005.net\/index.php\/wp-json\/wp\/v2\/posts\/1176\/revisions"}],"predecessor-version":[{"id":1179,"href":"https:\/\/gsantana2005.net\/index.php\/wp-json\/wp\/v2\/posts\/1176\/revisions\/1179"}],"wp:featuredmedia":[{"embeddable":true,"href":"https:\/\/gsantana2005.net\/index.php\/wp-json\/wp\/v2\/media\/168"}],"wp:attachment":[{"href":"https:\/\/gsantana2005.net\/index.php\/wp-json\/wp\/v2\/media?parent=1176"}],"wp:term":[{"taxonomy":"category","embeddable":true,"href":"https:\/\/gsantana2005.net\/index.php\/wp-json\/wp\/v2\/categories?post=1176"},{"taxonomy":"post_tag","embeddable":true,"href":"https:\/\/gsantana2005.net\/index.php\/wp-json\/wp\/v2\/tags?post=1176"}],"curies":[{"name":"wp","href":"https:\/\/api.w.org\/{rel}","templated":true}]}}