{"id":1180,"date":"2024-03-25T14:25:18","date_gmt":"2024-03-25T14:25:18","guid":{"rendered":"https:\/\/gsantana2005.net\/?p=1180"},"modified":"2024-03-25T14:26:23","modified_gmt":"2024-03-25T14:26:23","slug":"reciclagem-na-suecia-um-modelo-de-eficiencia-sustentavel","status":"publish","type":"post","link":"https:\/\/gsantana2005.net\/index.php\/2024\/03\/25\/reciclagem-na-suecia-um-modelo-de-eficiencia-sustentavel\/","title":{"rendered":"Reciclagem na Su\u00e9cia: Um Modelo de Efici\u00eancia Sustent\u00e1vel"},"content":{"rendered":"\n<h4 class=\"wp-block-heading has-text-align-center\">Reciclagem na Su\u00e9cia: Um Modelo de Efici\u00eancia Sustent\u00e1vel \u00e9 um artigo que mostra o compromisso deste pais com o meio ambiente. <\/h4>\n\n\n\n<p>Ent\u00e3o, sempre se considera a Su\u00e9cia como um exemplo not\u00e1vel de sucesso em reciclagem e gest\u00e3o de res\u00edduos. Ou seja, o pa\u00eds escandinavo adotou uma abordagem abrangente e inovadora para lidar com o desafio global do lixo, transformando-o de um problema em uma oportunidade. Dessa forma, vamos explorar como a Su\u00e9cia se tornou um l\u00edder mundial em reciclagem e o que podemos aprender com suas pr\u00e1ticas sustent\u00e1veis.<\/p>\n\n\n\n<h3 class=\"wp-block-heading\">Um Olhar sobre a Reciclagem Sueca<\/h3>\n\n\n\n<p>Na Su\u00e9cia, a reciclagem n\u00e3o \u00e9 apenas uma pr\u00e1tica comum, \u00e9 uma parte essencial da vida cotidiana. Assim, com uma taxa de reciclagem impressionante de cerca de 99% de todo o lixo dom\u00e9stico sendo reutilizado como energia ou materiais, o pa\u00eds alcan\u00e7ou um n\u00edvel de efici\u00eancia que poucos outros podem igualar. Esse sucesso se deve a uma combina\u00e7\u00e3o de fatores-chave.<\/p>\n\n\n\n<h3 class=\"wp-block-heading\">1. Educa\u00e7\u00e3o e Conscientiza\u00e7\u00e3o<\/h3>\n\n\n\n<p>Desde de cedo, os suecos recebem uma educa\u00e7\u00e3o sobre a import\u00e2ncia da reciclagem e da preserva\u00e7\u00e3o do meio ambiente. Ent\u00e3o, programas educacionais nas escolas e campanhas de conscientiza\u00e7\u00e3o p\u00fablica ensinam as pessoas sobre como separar adequadamente seus res\u00edduos e os benef\u00edcios ambientais da reciclagem. Assim, essa cultura de responsabilidade ambiental permeia toda a sociedade sueca.<\/p>\n\n\n\n<h3 class=\"wp-block-heading\">2. Infraestrutura Avan\u00e7ada<\/h3>\n\n\n\n<p>A Su\u00e9cia investiu pesadamente em infraestrutura de reciclagem e gest\u00e3o de res\u00edduos. Dessa forma, o pa\u00eds possui instala\u00e7\u00f5es modernas e eficientes para triagem, processamento e reciclagem de diferentes tipos de res\u00edduos. Al\u00e9m disso, empregam-se tecnologias avan\u00e7adas para garantir que o processo de reciclagem seja o mais eficiente poss\u00edvel.<\/p>\n\n\n\n<h3 class=\"wp-block-heading\">3. Abordagem Hol\u00edstica da Gest\u00e3o de Res\u00edduos<\/h3>\n\n\n\n<p>A Su\u00e9cia adotou uma abordagem hol\u00edstica para a gest\u00e3o de res\u00edduos, tratando o lixo como um recurso valioso. Al\u00e9m da reciclagem, o pa\u00eds utiliza sobretudo m\u00e9todos de energia a partir de res\u00edduos (waste-to-energy), onde o lixo que n\u00e3o pode ser reciclado \u00e9 incinerado para gerar calor e eletricidade. Isso reduz significativamente a quantidade de res\u00edduos que v\u00e3o para aterros sanit\u00e1rios e contribui para a produ\u00e7\u00e3o de energia limpa.<\/p>\n\n\n\n<h3 class=\"wp-block-heading\">4. Incentivos e Pol\u00edticas Efetivas<\/h3>\n\n\n\n<p>A Su\u00e9cia implementou pol\u00edticas e incentivos eficazes para promover a reciclagem e a redu\u00e7\u00e3o de res\u00edduos. Por exemplo, utilizam-se sistemas de dep\u00f3sito e retorno  para embalagens de bebidas, onde os consumidores recebem reembolsos por devolver garrafas e latas vazias. Esses incentivos incentivam a reciclagem e desencorajam o descarte inadequado de res\u00edduos.<\/p>\n\n\n\n<h3 class=\"wp-block-heading\">5. Compromisso com a Sustentabilidade<\/h3>\n\n\n\n<p>A princ\u00edpio, a Su\u00e9cia tem um compromisso firme com a sustentabilidade e a prote\u00e7\u00e3o ambiental. Assim, o pa\u00eds reconhece a import\u00e2ncia de preservar os recursos naturais para as gera\u00e7\u00f5es futuras e est\u00e1 comprometido em reduzir seu impacto ambiental. Dessa forma, considera-se a reciclagem como uma parte essencial dessa miss\u00e3o, ajudando a conservar recursos e reduzir a polui\u00e7\u00e3o.<\/p>\n\n\n\n<h3 class=\"wp-block-heading\">Li\u00e7\u00f5es a Serem Aprendidas<\/h3>\n\n\n\n<p>A experi\u00eancia da Su\u00e9cia com a reciclagem oferece v\u00e1rias li\u00e7\u00f5es importantes que podem ser aplicadas em qualquer lugar do mundo. A educa\u00e7\u00e3o e a conscientiza\u00e7\u00e3o s\u00e3o fundamentais para promover uma cultura de reciclagem. Investimentos em infraestrutura moderna e tecnologias avan\u00e7adas s\u00e3o essenciais para tornar o processo de reciclagem mais eficiente. Pol\u00edticas e incentivos inteligentes podem motivar os cidad\u00e3os e as empresas a adotar pr\u00e1ticas mais sustent\u00e1veis. E, finalmente, um compromisso firme com a sustentabilidade \u00e9 fundamental para impulsionar a mudan\u00e7a em dire\u00e7\u00e3o a um futuro mais verde e mais limpo.<\/p>\n\n\n\n<p>Em resumo, a Su\u00e9cia \u00e9 um exemplo inspirador de como a reciclagem pode ser transformada de uma obriga\u00e7\u00e3o em uma oportunidade para criar um mundo mais sustent\u00e1vel. Que possamos aprender com suas pr\u00e1ticas e trabalhar juntos para construir um futuro onde o lixo se torne um recurso valioso, em vez de um problema a ser descartado.<\/p>\n\n\n\n<h3 class=\"wp-block-heading\">Convite especial para voc\u00ea<\/h3>\n\n\n\n<p>Ent\u00e3o, depois deste\u00a0<strong>Reciclagem na Su\u00e9cia: Um Modelo de Efici\u00eancia Sustent\u00e1vel<\/strong>\u00a0acredito que queira saber mais de nossa contribui\u00e7\u00e3o na \u00e1rea ambiental. N\u00e3o fique inibido entre em contato:\u00a0<a href=\"mailto:gsantana2005@gmail.com\">gsantana2005@gmail.com<\/a>\u00a0veja o nosso\u00a0<a href=\"https:\/\/www.instagram.com\/genilsonpereirasantana1\/\" rel=\"nofollow noopener\" target=\"_blank\">Instagram<\/a><\/p>\n\n\n\n<p>Al\u00e9m disso, j\u00e1 que voc\u00ea chegou at\u00e9 aqui descubra mais sobre n\u00f3s artigos abaixo:<\/p>\n\n\n\n<ul class=\"wp-block-list\">\n<li><a href=\"https:\/\/gsantana2005.net\/index.php\/2023\/11\/30\/desbloqueando-o-valor-oculto-reciclando-o-pequeno-para-um-grande-impacto\/\" target=\"_blank\" rel=\"noreferrer noopener\">Desbloqueando o valor oculto: Reciclando o pequeno para um grande impacto<\/a><\/li>\n\n\n\n<li><a href=\"https:\/\/gsantana2005.net\/index.php\/2023\/11\/29\/reduza-a-pegada-de-carbono-digital-da-sua-empresa-rumo-a-um-futuro-sustentavel\/\" target=\"_blank\" rel=\"noreferrer noopener\">Reduza a Pegada de Carbono Digital da sua Empresa: Rumo a um Futuro Sustent\u00e1vel<\/a><\/li>\n\n\n\n<li><a href=\"https:\/\/gsantana2005.net\/index.php\/2023\/11\/28\/navegando-na-controversia-da-acao-climatica-global-da-cop28-de-dubai\/\" target=\"_blank\" rel=\"noreferrer noopener\">Navegando na controv\u00e9rsia da A\u00e7\u00e3o Clim\u00e1tica Global da COP28 de Dubai<\/a><\/li>\n\n\n\n<li><a href=\"https:\/\/gsantana2005.net\/index.php\/2023\/11\/28\/rascunho-automaticodespedindo-se-dos-plasticos-descartaveis-o-futuro-sustentavel-das-embalagens-de-celulose\/\">Despedindo-se dos Pl\u00e1sticos Descart\u00e1veis: O Futuro Sustent\u00e1vel das Embalagens de Celulose!<\/a><\/li>\n<\/ul>\n\n\n\n<p>Ent\u00e3o, conhe\u00e7a tamb\u00e9m nossos cursos sobre&nbsp;<a href=\"https:\/\/gsantana2005.net\/index.php\/2023\/07\/21\/gestao-de-residuos\/\">Gest\u00e3o de res\u00edduos<\/a>&nbsp;e&nbsp;<a href=\"https:\/\/gsantana2005.net\/index.php\/2023\/08\/08\/tratamento-de-efluentes\/\">Tratamento de efluentes<\/a>. Maiores informa\u00e7\u00f5es:&nbsp;<a href=\"mailto:gsantana2005@gmail.com\">gsantana2005@gmail.com<\/a>&nbsp;ou 92 991227158 (WhatsApp)<\/p>\n","protected":false},"excerpt":{"rendered":"<p>Reciclagem na Su\u00e9cia: Um Modelo de Efici\u00eancia Sustent\u00e1vel \u00e9 um artigo que mostra o compromisso deste pais com o meio ambiente. Ent\u00e3o, sempre se considera a Su\u00e9cia como um exemplo not\u00e1vel de sucesso em reciclagem e gest\u00e3o de res\u00edduos. Ou seja, o pa\u00eds escandinavo adotou uma abordagem abrangente e inovadora para lidar com o desafio [&hellip;]<\/p>\n","protected":false},"author":1,"featured_media":1181,"comment_status":"open","ping_status":"closed","sticky":false,"template":"","format":"standard","meta":{"om_disable_all_campaigns":false,"_monsterinsights_skip_tracking":false,"_monsterinsights_sitenote_active":false,"_monsterinsights_sitenote_note":"","_monsterinsights_sitenote_category":0,"footnotes":"","_links_to":"","_links_to_target":""},"categories":[3,4],"tags":[592,996,369,1000,998,999,330,995,320,997],"class_list":["post-1180","post","type-post","status-publish","format-standard","has-post-thumbnail","hentry","category-genilson-pereira-santana","category-reciclagem-e-upcycling","tag-educacao-ambiental","tag-eficiencia","tag-gestao-de-residuos","tag-incentivos","tag-infraestrutura","tag-politicas-ambientais","tag-reciclagem","tag-suecia","tag-sustentabilidade","tag-waste-to-energy"],"aioseo_notices":[],"yoast_head":"<!-- This site is optimized with the Yoast SEO plugin v24.5 - https:\/\/yoast.com\/wordpress\/plugins\/seo\/ -->\n<title>Reciclagem na Su\u00e9cia: Um Modelo de Efici\u00eancia Sustent\u00e1vel - gsantana2005<\/title>\n<meta name=\"description\" content=\"Reciclagem na Su\u00e9cia: Um Modelo de Efici\u00eancia Sustent\u00e1vel \u00e9 um artigo que mostra os ben\u00e9ficios que este pais faz ao Planeta\" \/>\n<meta name=\"robots\" content=\"index, follow, max-snippet:-1, max-image-preview:large, max-video-preview:-1\" \/>\n<link rel=\"canonical\" href=\"https:\/\/gsantana2005.net\/index.php\/2024\/03\/25\/reciclagem-na-suecia-um-modelo-de-eficiencia-sustentavel\/\" \/>\n<meta property=\"og:locale\" content=\"pt_BR\" \/>\n<meta property=\"og:type\" content=\"article\" \/>\n<meta property=\"og:title\" content=\"Reciclagem na Su\u00e9cia: Um Modelo de Efici\u00eancia Sustent\u00e1vel - gsantana2005\" \/>\n<meta property=\"og:description\" content=\"Reciclagem na Su\u00e9cia: Um Modelo de Efici\u00eancia Sustent\u00e1vel \u00e9 um artigo que mostra os ben\u00e9ficios que este pais faz ao Planeta\" \/>\n<meta property=\"og:url\" content=\"https:\/\/gsantana2005.net\/index.php\/2024\/03\/25\/reciclagem-na-suecia-um-modelo-de-eficiencia-sustentavel\/\" \/>\n<meta property=\"og:site_name\" content=\"gsantana2005\" \/>\n<meta property=\"article:published_time\" content=\"2024-03-25T14:25:18+00:00\" \/>\n<meta property=\"article:modified_time\" content=\"2024-03-25T14:26:23+00:00\" \/>\n<meta property=\"og:image\" content=\"http:\/\/gsantana2005.net\/wp-content\/uploads\/2024\/03\/reciclagem-suecia.jpeg\" \/>\n\t<meta property=\"og:image:width\" content=\"1200\" \/>\n\t<meta property=\"og:image:height\" content=\"600\" \/>\n\t<meta property=\"og:image:type\" content=\"image\/jpeg\" \/>\n<meta name=\"author\" content=\"gsantana2005\" \/>\n<meta name=\"twitter:card\" content=\"summary_large_image\" \/>\n<meta name=\"twitter:label1\" content=\"Escrito por\" \/>\n\t<meta name=\"twitter:data1\" content=\"gsantana2005\" \/>\n\t<meta name=\"twitter:label2\" content=\"Est. tempo de leitura\" \/>\n\t<meta name=\"twitter:data2\" content=\"5 minutos\" \/>\n<script type=\"application\/ld+json\" class=\"yoast-schema-graph\">{\"@context\":\"https:\/\/schema.org\",\"@graph\":[{\"@type\":\"Article\",\"@id\":\"https:\/\/gsantana2005.net\/index.php\/2024\/03\/25\/reciclagem-na-suecia-um-modelo-de-eficiencia-sustentavel\/#article\",\"isPartOf\":{\"@id\":\"https:\/\/gsantana2005.net\/index.php\/2024\/03\/25\/reciclagem-na-suecia-um-modelo-de-eficiencia-sustentavel\/\"},\"author\":{\"name\":\"gsantana2005\",\"@id\":\"https:\/\/gsantana2005.net\/#\/schema\/person\/78c90c6f49a46ef4c8e69bafec347cb7\"},\"headline\":\"Reciclagem na Su\u00e9cia: Um Modelo de Efici\u00eancia Sustent\u00e1vel\",\"datePublished\":\"2024-03-25T14:25:18+00:00\",\"dateModified\":\"2024-03-25T14:26:23+00:00\",\"mainEntityOfPage\":{\"@id\":\"https:\/\/gsantana2005.net\/index.php\/2024\/03\/25\/reciclagem-na-suecia-um-modelo-de-eficiencia-sustentavel\/\"},\"wordCount\":845,\"commentCount\":0,\"publisher\":{\"@id\":\"https:\/\/gsantana2005.net\/#organization\"},\"image\":{\"@id\":\"https:\/\/gsantana2005.net\/index.php\/2024\/03\/25\/reciclagem-na-suecia-um-modelo-de-eficiencia-sustentavel\/#primaryimage\"},\"thumbnailUrl\":\"https:\/\/gsantana2005.net\/wp-content\/uploads\/2024\/03\/reciclagem-suecia.jpeg\",\"keywords\":[\"Educa\u00e7\u00e3o Ambiental\",\"Efici\u00eancia\",\"Gest\u00e3o De Res\u00edduos\",\"Incentivos\",\"Infraestrutura\",\"Pol\u00edticas ambientais\",\"Reciclagem\",\"Su\u00e9cia\",\"Sustentabilidade\",\"Waste-to-energy\"],\"articleSection\":[\"Dr Genilson Santana\",\"Reciclagem e Upcycling\"],\"inLanguage\":\"pt-BR\",\"potentialAction\":[{\"@type\":\"CommentAction\",\"name\":\"Comment\",\"target\":[\"https:\/\/gsantana2005.net\/index.php\/2024\/03\/25\/reciclagem-na-suecia-um-modelo-de-eficiencia-sustentavel\/#respond\"]}]},{\"@type\":\"WebPage\",\"@id\":\"https:\/\/gsantana2005.net\/index.php\/2024\/03\/25\/reciclagem-na-suecia-um-modelo-de-eficiencia-sustentavel\/\",\"url\":\"https:\/\/gsantana2005.net\/index.php\/2024\/03\/25\/reciclagem-na-suecia-um-modelo-de-eficiencia-sustentavel\/\",\"name\":\"Reciclagem na Su\u00e9cia: Um Modelo de Efici\u00eancia Sustent\u00e1vel - gsantana2005\",\"isPartOf\":{\"@id\":\"https:\/\/gsantana2005.net\/#website\"},\"primaryImageOfPage\":{\"@id\":\"https:\/\/gsantana2005.net\/index.php\/2024\/03\/25\/reciclagem-na-suecia-um-modelo-de-eficiencia-sustentavel\/#primaryimage\"},\"image\":{\"@id\":\"https:\/\/gsantana2005.net\/index.php\/2024\/03\/25\/reciclagem-na-suecia-um-modelo-de-eficiencia-sustentavel\/#primaryimage\"},\"thumbnailUrl\":\"https:\/\/gsantana2005.net\/wp-content\/uploads\/2024\/03\/reciclagem-suecia.jpeg\",\"datePublished\":\"2024-03-25T14:25:18+00:00\",\"dateModified\":\"2024-03-25T14:26:23+00:00\",\"description\":\"Reciclagem na Su\u00e9cia: Um Modelo de Efici\u00eancia Sustent\u00e1vel \u00e9 um artigo que mostra os ben\u00e9ficios que este pais faz ao Planeta\",\"breadcrumb\":{\"@id\":\"https:\/\/gsantana2005.net\/index.php\/2024\/03\/25\/reciclagem-na-suecia-um-modelo-de-eficiencia-sustentavel\/#breadcrumb\"},\"inLanguage\":\"pt-BR\",\"potentialAction\":[{\"@type\":\"ReadAction\",\"target\":[\"https:\/\/gsantana2005.net\/index.php\/2024\/03\/25\/reciclagem-na-suecia-um-modelo-de-eficiencia-sustentavel\/\"]}]},{\"@type\":\"ImageObject\",\"inLanguage\":\"pt-BR\",\"@id\":\"https:\/\/gsantana2005.net\/index.php\/2024\/03\/25\/reciclagem-na-suecia-um-modelo-de-eficiencia-sustentavel\/#primaryimage\",\"url\":\"https:\/\/gsantana2005.net\/wp-content\/uploads\/2024\/03\/reciclagem-suecia.jpeg\",\"contentUrl\":\"https:\/\/gsantana2005.net\/wp-content\/uploads\/2024\/03\/reciclagem-suecia.jpeg\",\"width\":1200,\"height\":600,\"caption\":\"Containers with different types of garbage near color wall. Recycling concept\"},{\"@type\":\"BreadcrumbList\",\"@id\":\"https:\/\/gsantana2005.net\/index.php\/2024\/03\/25\/reciclagem-na-suecia-um-modelo-de-eficiencia-sustentavel\/#breadcrumb\",\"itemListElement\":[{\"@type\":\"ListItem\",\"position\":1,\"name\":\"Home\",\"item\":\"https:\/\/gsantana2005.net\/\"},{\"@type\":\"ListItem\",\"position\":2,\"name\":\"Reciclagem na Su\u00e9cia: Um Modelo de Efici\u00eancia Sustent\u00e1vel\"}]},{\"@type\":\"WebSite\",\"@id\":\"https:\/\/gsantana2005.net\/#website\",\"url\":\"https:\/\/gsantana2005.net\/\",\"name\":\"gsantana2005\",\"description\":\"Sejamos sustent\u00e1veis\",\"publisher\":{\"@id\":\"https:\/\/gsantana2005.net\/#organization\"},\"potentialAction\":[{\"@type\":\"SearchAction\",\"target\":{\"@type\":\"EntryPoint\",\"urlTemplate\":\"https:\/\/gsantana2005.net\/?s={search_term_string}\"},\"query-input\":{\"@type\":\"PropertyValueSpecification\",\"valueRequired\":true,\"valueName\":\"search_term_string\"}}],\"inLanguage\":\"pt-BR\"},{\"@type\":\"Organization\",\"@id\":\"https:\/\/gsantana2005.net\/#organization\",\"name\":\"gsantana2005\",\"url\":\"https:\/\/gsantana2005.net\/\",\"logo\":{\"@type\":\"ImageObject\",\"inLanguage\":\"pt-BR\",\"@id\":\"https:\/\/gsantana2005.net\/#\/schema\/logo\/image\/\",\"url\":\"https:\/\/gsantana2005.net\/wp-content\/uploads\/2023\/06\/cropped-Gs-sem-fundo.jpg\",\"contentUrl\":\"https:\/\/gsantana2005.net\/wp-content\/uploads\/2023\/06\/cropped-Gs-sem-fundo.jpg\",\"width\":100,\"height\":100,\"caption\":\"gsantana2005\"},\"image\":{\"@id\":\"https:\/\/gsantana2005.net\/#\/schema\/logo\/image\/\"}},{\"@type\":\"Person\",\"@id\":\"https:\/\/gsantana2005.net\/#\/schema\/person\/78c90c6f49a46ef4c8e69bafec347cb7\",\"name\":\"gsantana2005\",\"image\":{\"@type\":\"ImageObject\",\"inLanguage\":\"pt-BR\",\"@id\":\"https:\/\/gsantana2005.net\/#\/schema\/person\/image\/\",\"url\":\"https:\/\/secure.gravatar.com\/avatar\/db3aa311fa8063e1f4df6b2da249929f?s=96&d=mm&r=g\",\"contentUrl\":\"https:\/\/secure.gravatar.com\/avatar\/db3aa311fa8063e1f4df6b2da249929f?s=96&d=mm&r=g\",\"caption\":\"gsantana2005\"},\"sameAs\":[\"http:\/\/gsantana2005.net\"],\"url\":\"https:\/\/gsantana2005.net\/author\/gsantana2005\/\"}]}<\/script>\n<!-- \/ Yoast SEO plugin. -->","yoast_head_json":{"title":"Reciclagem na Su\u00e9cia: Um Modelo de Efici\u00eancia Sustent\u00e1vel - gsantana2005","description":"Reciclagem na Su\u00e9cia: Um Modelo de Efici\u00eancia Sustent\u00e1vel \u00e9 um artigo que mostra os ben\u00e9ficios que este pais faz ao Planeta","robots":{"index":"index","follow":"follow","max-snippet":"max-snippet:-1","max-image-preview":"max-image-preview:large","max-video-preview":"max-video-preview:-1"},"canonical":"https:\/\/gsantana2005.net\/index.php\/2024\/03\/25\/reciclagem-na-suecia-um-modelo-de-eficiencia-sustentavel\/","og_locale":"pt_BR","og_type":"article","og_title":"Reciclagem na Su\u00e9cia: Um Modelo de Efici\u00eancia Sustent\u00e1vel - gsantana2005","og_description":"Reciclagem na Su\u00e9cia: Um Modelo de Efici\u00eancia Sustent\u00e1vel \u00e9 um artigo que mostra os ben\u00e9ficios que este pais faz ao Planeta","og_url":"https:\/\/gsantana2005.net\/index.php\/2024\/03\/25\/reciclagem-na-suecia-um-modelo-de-eficiencia-sustentavel\/","og_site_name":"gsantana2005","article_published_time":"2024-03-25T14:25:18+00:00","article_modified_time":"2024-03-25T14:26:23+00:00","og_image":[{"width":1200,"height":600,"url":"http:\/\/gsantana2005.net\/wp-content\/uploads\/2024\/03\/reciclagem-suecia.jpeg","type":"image\/jpeg"}],"author":"gsantana2005","twitter_card":"summary_large_image","twitter_misc":{"Escrito por":"gsantana2005","Est. tempo de leitura":"5 minutos"},"schema":{"@context":"https:\/\/schema.org","@graph":[{"@type":"Article","@id":"https:\/\/gsantana2005.net\/index.php\/2024\/03\/25\/reciclagem-na-suecia-um-modelo-de-eficiencia-sustentavel\/#article","isPartOf":{"@id":"https:\/\/gsantana2005.net\/index.php\/2024\/03\/25\/reciclagem-na-suecia-um-modelo-de-eficiencia-sustentavel\/"},"author":{"name":"gsantana2005","@id":"https:\/\/gsantana2005.net\/#\/schema\/person\/78c90c6f49a46ef4c8e69bafec347cb7"},"headline":"Reciclagem na Su\u00e9cia: Um Modelo de Efici\u00eancia Sustent\u00e1vel","datePublished":"2024-03-25T14:25:18+00:00","dateModified":"2024-03-25T14:26:23+00:00","mainEntityOfPage":{"@id":"https:\/\/gsantana2005.net\/index.php\/2024\/03\/25\/reciclagem-na-suecia-um-modelo-de-eficiencia-sustentavel\/"},"wordCount":845,"commentCount":0,"publisher":{"@id":"https:\/\/gsantana2005.net\/#organization"},"image":{"@id":"https:\/\/gsantana2005.net\/index.php\/2024\/03\/25\/reciclagem-na-suecia-um-modelo-de-eficiencia-sustentavel\/#primaryimage"},"thumbnailUrl":"https:\/\/gsantana2005.net\/wp-content\/uploads\/2024\/03\/reciclagem-suecia.jpeg","keywords":["Educa\u00e7\u00e3o Ambiental","Efici\u00eancia","Gest\u00e3o De Res\u00edduos","Incentivos","Infraestrutura","Pol\u00edticas ambientais","Reciclagem","Su\u00e9cia","Sustentabilidade","Waste-to-energy"],"articleSection":["Dr Genilson Santana","Reciclagem e Upcycling"],"inLanguage":"pt-BR","potentialAction":[{"@type":"CommentAction","name":"Comment","target":["https:\/\/gsantana2005.net\/index.php\/2024\/03\/25\/reciclagem-na-suecia-um-modelo-de-eficiencia-sustentavel\/#respond"]}]},{"@type":"WebPage","@id":"https:\/\/gsantana2005.net\/index.php\/2024\/03\/25\/reciclagem-na-suecia-um-modelo-de-eficiencia-sustentavel\/","url":"https:\/\/gsantana2005.net\/index.php\/2024\/03\/25\/reciclagem-na-suecia-um-modelo-de-eficiencia-sustentavel\/","name":"Reciclagem na Su\u00e9cia: Um Modelo de Efici\u00eancia Sustent\u00e1vel - gsantana2005","isPartOf":{"@id":"https:\/\/gsantana2005.net\/#website"},"primaryImageOfPage":{"@id":"https:\/\/gsantana2005.net\/index.php\/2024\/03\/25\/reciclagem-na-suecia-um-modelo-de-eficiencia-sustentavel\/#primaryimage"},"image":{"@id":"https:\/\/gsantana2005.net\/index.php\/2024\/03\/25\/reciclagem-na-suecia-um-modelo-de-eficiencia-sustentavel\/#primaryimage"},"thumbnailUrl":"https:\/\/gsantana2005.net\/wp-content\/uploads\/2024\/03\/reciclagem-suecia.jpeg","datePublished":"2024-03-25T14:25:18+00:00","dateModified":"2024-03-25T14:26:23+00:00","description":"Reciclagem na Su\u00e9cia: Um Modelo de Efici\u00eancia Sustent\u00e1vel \u00e9 um artigo que mostra os ben\u00e9ficios que este pais faz ao Planeta","breadcrumb":{"@id":"https:\/\/gsantana2005.net\/index.php\/2024\/03\/25\/reciclagem-na-suecia-um-modelo-de-eficiencia-sustentavel\/#breadcrumb"},"inLanguage":"pt-BR","potentialAction":[{"@type":"ReadAction","target":["https:\/\/gsantana2005.net\/index.php\/2024\/03\/25\/reciclagem-na-suecia-um-modelo-de-eficiencia-sustentavel\/"]}]},{"@type":"ImageObject","inLanguage":"pt-BR","@id":"https:\/\/gsantana2005.net\/index.php\/2024\/03\/25\/reciclagem-na-suecia-um-modelo-de-eficiencia-sustentavel\/#primaryimage","url":"https:\/\/gsantana2005.net\/wp-content\/uploads\/2024\/03\/reciclagem-suecia.jpeg","contentUrl":"https:\/\/gsantana2005.net\/wp-content\/uploads\/2024\/03\/reciclagem-suecia.jpeg","width":1200,"height":600,"caption":"Containers with different types of garbage near color wall. Recycling concept"},{"@type":"BreadcrumbList","@id":"https:\/\/gsantana2005.net\/index.php\/2024\/03\/25\/reciclagem-na-suecia-um-modelo-de-eficiencia-sustentavel\/#breadcrumb","itemListElement":[{"@type":"ListItem","position":1,"name":"Home","item":"https:\/\/gsantana2005.net\/"},{"@type":"ListItem","position":2,"name":"Reciclagem na Su\u00e9cia: Um Modelo de Efici\u00eancia Sustent\u00e1vel"}]},{"@type":"WebSite","@id":"https:\/\/gsantana2005.net\/#website","url":"https:\/\/gsantana2005.net\/","name":"gsantana2005","description":"Sejamos sustent\u00e1veis","publisher":{"@id":"https:\/\/gsantana2005.net\/#organization"},"potentialAction":[{"@type":"SearchAction","target":{"@type":"EntryPoint","urlTemplate":"https:\/\/gsantana2005.net\/?s={search_term_string}"},"query-input":{"@type":"PropertyValueSpecification","valueRequired":true,"valueName":"search_term_string"}}],"inLanguage":"pt-BR"},{"@type":"Organization","@id":"https:\/\/gsantana2005.net\/#organization","name":"gsantana2005","url":"https:\/\/gsantana2005.net\/","logo":{"@type":"ImageObject","inLanguage":"pt-BR","@id":"https:\/\/gsantana2005.net\/#\/schema\/logo\/image\/","url":"https:\/\/gsantana2005.net\/wp-content\/uploads\/2023\/06\/cropped-Gs-sem-fundo.jpg","contentUrl":"https:\/\/gsantana2005.net\/wp-content\/uploads\/2023\/06\/cropped-Gs-sem-fundo.jpg","width":100,"height":100,"caption":"gsantana2005"},"image":{"@id":"https:\/\/gsantana2005.net\/#\/schema\/logo\/image\/"}},{"@type":"Person","@id":"https:\/\/gsantana2005.net\/#\/schema\/person\/78c90c6f49a46ef4c8e69bafec347cb7","name":"gsantana2005","image":{"@type":"ImageObject","inLanguage":"pt-BR","@id":"https:\/\/gsantana2005.net\/#\/schema\/person\/image\/","url":"https:\/\/secure.gravatar.com\/avatar\/db3aa311fa8063e1f4df6b2da249929f?s=96&d=mm&r=g","contentUrl":"https:\/\/secure.gravatar.com\/avatar\/db3aa311fa8063e1f4df6b2da249929f?s=96&d=mm&r=g","caption":"gsantana2005"},"sameAs":["http:\/\/gsantana2005.net"],"url":"https:\/\/gsantana2005.net\/author\/gsantana2005\/"}]}},"amp_enabled":true,"_links":{"self":[{"href":"https:\/\/gsantana2005.net\/index.php\/wp-json\/wp\/v2\/posts\/1180"}],"collection":[{"href":"https:\/\/gsantana2005.net\/index.php\/wp-json\/wp\/v2\/posts"}],"about":[{"href":"https:\/\/gsantana2005.net\/index.php\/wp-json\/wp\/v2\/types\/post"}],"author":[{"embeddable":true,"href":"https:\/\/gsantana2005.net\/index.php\/wp-json\/wp\/v2\/users\/1"}],"replies":[{"embeddable":true,"href":"https:\/\/gsantana2005.net\/index.php\/wp-json\/wp\/v2\/comments?post=1180"}],"version-history":[{"count":1,"href":"https:\/\/gsantana2005.net\/index.php\/wp-json\/wp\/v2\/posts\/1180\/revisions"}],"predecessor-version":[{"id":1182,"href":"https:\/\/gsantana2005.net\/index.php\/wp-json\/wp\/v2\/posts\/1180\/revisions\/1182"}],"wp:featuredmedia":[{"embeddable":true,"href":"https:\/\/gsantana2005.net\/index.php\/wp-json\/wp\/v2\/media\/1181"}],"wp:attachment":[{"href":"https:\/\/gsantana2005.net\/index.php\/wp-json\/wp\/v2\/media?parent=1180"}],"wp:term":[{"taxonomy":"category","embeddable":true,"href":"https:\/\/gsantana2005.net\/index.php\/wp-json\/wp\/v2\/categories?post=1180"},{"taxonomy":"post_tag","embeddable":true,"href":"https:\/\/gsantana2005.net\/index.php\/wp-json\/wp\/v2\/tags?post=1180"}],"curies":[{"name":"wp","href":"https:\/\/api.w.org\/{rel}","templated":true}]}}