{"id":1309,"date":"2024-06-02T15:46:19","date_gmt":"2024-06-02T15:46:19","guid":{"rendered":"https:\/\/gsantana2005.net\/?p=1309"},"modified":"2024-10-01T01:20:23","modified_gmt":"2024-10-01T01:20:23","slug":"a-presenca-de-microplasticos-no-planeta","status":"publish","type":"post","link":"https:\/\/gsantana2005.net\/index.php\/2024\/06\/02\/a-presenca-de-microplasticos-no-planeta\/","title":{"rendered":"A Presen\u00e7a de Micropl\u00e1sticos no Planeta: Uma Abordagem Colaborativa Baseada no ODS 17"},"content":{"rendered":"\n<p>A Presen\u00e7a de Micropl\u00e1sticos no Planeta: Uma Abordagem Colaborativa Baseada no ODS 17 \u00e9 uma reflex\u00e3o sobre a quest\u00e3o deste res\u00edduo s\u00f3lido que toma conta do mundo. Ent\u00e3o, a produ\u00e7\u00e3o de pl\u00e1sticos aumentou exponencialmente nas \u00faltimas d\u00e9cadas, tornando-se um componente essencial das atividades humanas. No entanto, essa prolifera\u00e7\u00e3o trouxe consigo uma s\u00e9rie de problemas ambientais, entre os quais se destacam os micropl\u00e1sticos (MPs), part\u00edculas pl\u00e1sticas menores que 5 mm. Dessa forma, esses poluentes emergentes ae espalham por todo o planeta, infiltrando-se em ecossistemas terrestres e aqu\u00e1ticos, e at\u00e9 mesmo na cadeia alimentar humana. Nesse sentido, este texto explora a presen\u00e7a dos micropl\u00e1sticos no planeta, seus impactos e os desafios para mitig\u00e1-los, com foco na colabora\u00e7\u00e3o internacional conforme o Objetivo de Desenvolvimento Sustent\u00e1vel 17 (ODS 17) &#8211; Parcerias para a Implementa\u00e7\u00e3o dos Objetivos.<\/p>\n\n\n\n<h4 class=\"wp-block-heading\">Origens e Dispers\u00e3o dos Micropl\u00e1sticos<\/h4>\n\n\n\n<p>A princ\u00edpio, os MPs podem ser originados de diversas fontes, incluindo a degrada\u00e7\u00e3o de pl\u00e1sticos maiores, abras\u00e3o de materiais pl\u00e1sticos como pneus, e o uso de produtos contendo MPs, como cosm\u00e9ticos e produtos de limpeza. Ou seja, uma fonte significativa de MPs aqu\u00e1ticos \u00e9 o manejo inadequado de res\u00edduos pl\u00e1sticos, que entram em corpos d&#8217;\u00e1gua e se degradam naturalmente.<\/p>\n\n\n\n<h4 class=\"wp-block-heading\">Impactos Ambientais<\/h4>\n\n\n\n<p>Os MPs t\u00eam um impacto profundo nos ecossistemas aqu\u00e1ticos e terrestres.Assim, no ambiente aqu\u00e1tico, eles s\u00e3o ingeridos por organismos como fitopl\u00e2ncton e zoopl\u00e2ncton, que s\u00e3o ent\u00e3o consumidos por peixes e outros animais marinhos. Al\u00e9m disso, esse processo leva \u00e0 biomagnifica\u00e7\u00e3o, onde a concentra\u00e7\u00e3o de MPs aumenta \u00e0 medida que se move pela cadeia alimentar, eventualmente chegando aos humanos. No solo, os MPs podem afetar a sa\u00fade do solo e a biodiversidade, interferindo na absor\u00e7\u00e3o de nutrientes pelas plantas e na atividade dos microrganismos.<\/p>\n\n\n\n<h4 class=\"wp-block-heading\">Contamina\u00e7\u00e3o Alimentar e Sa\u00fade Humana<\/h4>\n\n\n\n<p>Estudos mostram que alimentos como sal de mesa, frutos do mar, carne e bebidas frequentemente cont\u00eam MPs. Dessa foma, uma investiga\u00e7\u00e3o recente revelou que indiv\u00edduos com doen\u00e7a inflamat\u00f3ria intestinal t\u00eam 50% mais MPs nas fezes do que indiv\u00edduos saud\u00e1veis, destacando amea\u00e7as potenciais \u00e0 sa\u00fade p\u00fablica. Al\u00e9m disso, a ingest\u00e3o de MPs pode estar associada a uma s\u00e9rie de problemas de sa\u00fade, incluindo inflama\u00e7\u00e3o, toxicidade qu\u00edmica e efeitos adversos no sistema imunol\u00f3gico.<\/p>\n\n\n\n<h4 class=\"wp-block-heading\">Varia\u00e7\u00f5es Regionais e Industriais<\/h4>\n\n\n\n<p>A presen\u00e7a de MPs varia significativamente entre diferentes regi\u00f5es e n\u00edveis de industrializa\u00e7\u00e3o. Pa\u00edses em r\u00e1pida industrializa\u00e7\u00e3o, por exemplo, Indon\u00e9sia, Mal\u00e1sia, Filipinas e Vietn\u00e3, apresentam altas taxas de absor\u00e7\u00e3o de MPs, principalmente devido ao alto consumo de frutos do mar. Al\u00e9m disso, a concentra\u00e7\u00e3o de MPs no sal de mesa em pa\u00edses como a Indon\u00e9sia \u00e9 cerca de 100 vezes maior do que nos EUA. A princ\u00edpio, a concentra\u00e7\u00e3o de MPs no p\u00f3 ao ar livre no Vietn\u00e3 \u00e9 mais de 800% maior do que no Jap\u00e3o.<\/p>\n\n\n\n<h4 class=\"wp-block-heading\">Medidas de Mitiga\u00e7\u00e3o e Colabora\u00e7\u00e3o Internacional<\/h4>\n\n\n\n<p>Para reduzir a exposi\u00e7\u00e3o humana a MPs, s\u00e3o necess\u00e1rias solu\u00e7\u00f5es hol\u00edsticas que abordem tanto a exist\u00eancia quanto as causas raiz da gera\u00e7\u00e3o de MPs. Asssim, a colabora\u00e7\u00e3o internacional \u00e9 crucial para enfrentar o desafio dos MPs, conforme o ODS 17. Dessa forma, colocamos para voc\u00ea algumas das medidas que incluem:<\/p>\n\n\n\n<ol class=\"wp-block-list\">\n<li><strong>Pol\u00edtica Alimentar<\/strong>: Monitoramento rigoroso da qualidade dos alimentos para limitar a ingest\u00e3o de MPs, especialmente em pa\u00edses em r\u00e1pida industrializa\u00e7\u00e3o. A colabora\u00e7\u00e3o entre pa\u00edses pode ajudar a estabelecer padr\u00f5es globais de qualidade alimentar.<\/li>\n\n\n\n<li><strong>Controle da Qualidade da \u00c1gua<\/strong>: Remo\u00e7\u00e3o eficaz de detritos pl\u00e1sticos aqu\u00e1ticos e controle de escoamento de res\u00edduos para proteger a qualidade da \u00e1gua e a sa\u00fade p\u00fablica. Projetos conjuntos de tratamento de \u00e1gua e saneamento podem ser implementados com o apoio de organiza\u00e7\u00f5es internacionais.<\/li>\n\n\n\n<li><strong>Gest\u00e3o de Res\u00edduos Pl\u00e1sticos<\/strong>: Incentivar pr\u00e1ticas eficazes de gest\u00e3o de res\u00edduos pl\u00e1sticos, como reciclagem qu\u00edmica e processos de limpeza de MPs nos oceanos. A troca de tecnologias e melhores pr\u00e1ticas entre pa\u00edses pode melhorar a efic\u00e1cia dessas iniciativas.<\/li>\n\n\n\n<li><strong>Inova\u00e7\u00e3o Industrial<\/strong>: Promover materiais de embalagem ambientalmente sustent\u00e1veis e de alta degradabilidade para limitar a exposi\u00e7\u00e3o a MPs em alimentos. Parcerias entre setores p\u00fablico e privado podem acelerar o desenvolvimento e a ado\u00e7\u00e3o dessas inova\u00e7\u00f5es.<\/li>\n<\/ol>\n\n\n\n<h4 class=\"wp-block-heading\">A Import\u00e2ncia das Parcerias Globais<\/h4>\n\n\n\n<p>Assim, a colabora\u00e7\u00e3o internacional \u00e9 essencial para enfrentar o desafio dos MPs. A\u00e7\u00f5es locais devem coordenar com esfor\u00e7os globais para avan\u00e7ar medidas locais de mitiga\u00e7\u00e3o de MPs que ajudem a aliviar a polui\u00e7\u00e3o pl\u00e1stica global. A harmoniza\u00e7\u00e3o dessas inova\u00e7\u00f5es tecnol\u00f3gicas locais com o com\u00e9rcio internacional de res\u00edduos, associado ao ODS 17, pode ajudar a redistribuir eficazmente os res\u00edduos excedentes de regi\u00f5es com gest\u00e3o inadequada de res\u00edduos para aquelas melhor equipadas.<\/p>\n\n\n\n<h4 class=\"wp-block-heading\">Conclus\u00e3o<\/h4>\n\n\n\n<p>A presen\u00e7a de micropl\u00e1sticos no planeta \u00e9 um problema complexo que exige uma abordagem multifacetada e colaborativa para ser mitigado. A compreens\u00e3o hol\u00edstica da transfer\u00eancia de MPs para humanos e a implementa\u00e7\u00e3o de estrat\u00e9gias eficazes de mitiga\u00e7\u00e3o s\u00e3o cruciais para proteger a sa\u00fade p\u00fablica e alcan\u00e7ar os ODS. A colabora\u00e7\u00e3o global e a adapta\u00e7\u00e3o de medidas espec\u00edficas \u00e0s condi\u00e7\u00f5es locais s\u00e3o essenciais para enfrentar o desafio dos MPs e garantir um futuro mais sustent\u00e1vel para todos.<\/p>\n\n\n\n<h4 class=\"wp-block-heading\">Fontes<\/h4>\n\n\n\n<p>ZHANG, H.; et al. Microplastics in the environment: A review of their occurrence, distribution processes, and impacts on marine organisms. <em>Marine Pollution Bulletin<\/em>, v. 136, p. 1-15, 2018.<\/p>\n\n\n\n<p>WASSER 3.0. Microplastics in the environment: Mapping and monitoring. <em>Wasser 3.0 Report<\/em>, 2021. Dispon\u00edvel em: <a href=\"https:\/\/wasser3-0.org\/microplastics-mapping\" target=\"_blank\" rel=\"noreferrer noopener nofollow\">https:\/\/wasser3-0.org\/microplastics-mapping<\/a>. Acesso em: 10 out. 2023.<\/p>\n\n\n\n<p>US NATIONAL CENTERS FOR ENVIRONMENTAL INFORMATION. Global microplastics map in marine systems. <em>NCEI Report<\/em>, 2020. Dispon\u00edvel em: <a href=\"https:\/\/www.ncei.noaa.gov\/microplastics-map\" target=\"_blank\" rel=\"noreferrer noopener nofollow\">https:\/\/www.ncei.noaa.gov\/microplastics-map<\/a>. Acesso em: 10 out. 2023.<\/p>\n\n\n\n<p>EPA MP RESEARCH. Microplastics research and monitoring. <em>EPA Report<\/em>, 2021. Dispon\u00edvel em: <a href=\"https:\/\/www.epa.gov\/microplastics-research\" target=\"_blank\" rel=\"noreferrer noopener nofollow\">https:\/\/www.epa.gov\/microplastics-research<\/a>. Acesso em: 10 out. 2023.<\/p>\n\n\n\n<p>TOXIC RELEASE INVENTORY (TRI) TRACKER. Tracking toxic chemical releases. <em>EPA TRI Tracker<\/em>, 2021. Dispon\u00edvel em: <a href=\"https:\/\/www.epa.gov\/toxics-release-inventory-tri-program\" rel=\"nofollow noopener\" target=\"_blank\">https:\/\/www.epa.gov\/toxics-release-inventory-tri-program<\/a>. Acesso em: 10 out. 2023.<\/p>\n\n\n\n<h3 class=\"wp-block-heading\">Convite especial para voc\u00ea<\/h3>\n\n\n\n<p>Ent\u00e3o, depois de A Presen\u00e7a de Micropl\u00e1sticos no Planeta, acredito que voc\u00ea queira saber mais de nossa contribui\u00e7\u00e3o na \u00e1rea ambiental. N\u00e3o fique inibido entre em contato:\u00a0<a href=\"mailto:gsantana2005@gmail.com\">gsantana2005@gmail.com<\/a>\u00a0veja o nosso\u00a0<a href=\"https:\/\/www.instagram.com\/genilsonpereirasantana1\/\" target=\"_blank\" rel=\"noreferrer noopener nofollow\">Instagram<\/a><\/p>\n\n\n\n<p>Al\u00e9m disso, j\u00e1 que voc\u00ea chegou at\u00e9 aqui descubra mais sobre n\u00f3s artigos abaixo:<\/p>\n\n\n\n<ul class=\"wp-block-list\">\n<li><a href=\"https:\/\/gsantana2005.net\/index.php\/2023\/11\/30\/desbloqueando-o-valor-oculto-reciclando-o-pequeno-para-um-grande-impacto\/\" target=\"_blank\" rel=\"noreferrer noopener\">Desbloqueando o valor oculto: Reciclando o pequeno para um grande impacto<\/a><\/li>\n\n\n\n<li><a href=\"https:\/\/gsantana2005.net\/index.php\/2023\/11\/29\/reduza-a-pegada-de-carbono-digital-da-sua-empresa-rumo-a-um-futuro-sustentavel\/\" target=\"_blank\" rel=\"noreferrer noopener\">Reduza a Pegada de Carbono Digital da sua Empresa: Rumo a um Futuro Sustent\u00e1vel<\/a><\/li>\n\n\n\n<li><a href=\"https:\/\/gsantana2005.net\/index.php\/2023\/11\/28\/navegando-na-controversia-da-acao-climatica-global-da-cop28-de-dubai\/\" target=\"_blank\" rel=\"noreferrer noopener\">Navegando na controv\u00e9rsia da A\u00e7\u00e3o Clim\u00e1tica Global da COP28 de Dubai<\/a><\/li>\n\n\n\n<li><a href=\"https:\/\/gsantana2005.net\/index.php\/2023\/11\/28\/rascunho-automaticodespedindo-se-dos-plasticos-descartaveis-o-futuro-sustentavel-das-embalagens-de-celulose\/\">Despedindo-se dos Pl\u00e1sticos Descart\u00e1veis: O Futuro Sustent\u00e1vel das Embalagens de Celulose!<\/a><\/li>\n<\/ul>\n\n\n\n<p>Ent\u00e3o, conhe\u00e7a tamb\u00e9m nossos cursos sobre&nbsp;<a href=\"https:\/\/gsantana2005.net\/index.php\/2023\/07\/21\/gestao-de-residuos\/\">Gest\u00e3o de res\u00edduos<\/a>&nbsp;e&nbsp;<a href=\"https:\/\/gsantana2005.net\/index.php\/2023\/08\/08\/tratamento-de-efluentes\/\">Tratamento de efluentes<\/a>. Maiores informa\u00e7\u00f5es:&nbsp;<a href=\"mailto:gsantana2005@gmail.com\">gsantana2005@gmail.com<\/a>&nbsp;ou 92 991227158 (WhatsApp)<\/p>\n\n\n\n<hr class=\"wp-block-separator has-alpha-channel-opacity\"\/>\n\n\n\n<p>Se precisar de mais informa\u00e7\u00f5es ou tiver alguma d\u00favida espec\u00edfica, estou \u00e0 disposi\u00e7\u00e3o para ajudar!<\/p>\n","protected":false},"excerpt":{"rendered":"<p>A Presen\u00e7a de Micropl\u00e1sticos no Planeta: Uma Abordagem Colaborativa Baseada no ODS 17 \u00e9 uma reflex\u00e3o sobre a quest\u00e3o deste res\u00edduo s\u00f3lido que toma conta do mundo. Ent\u00e3o, a produ\u00e7\u00e3o de pl\u00e1sticos aumentou exponencialmente nas \u00faltimas d\u00e9cadas, tornando-se um componente essencial das atividades humanas. No entanto, essa prolifera\u00e7\u00e3o trouxe consigo uma s\u00e9rie de problemas ambientais, [&hellip;]<\/p>\n","protected":false},"author":1,"featured_media":1292,"comment_status":"open","ping_status":"closed","sticky":false,"template":"","format":"standard","meta":{"om_disable_all_campaigns":false,"_monsterinsights_skip_tracking":false,"_monsterinsights_sitenote_active":false,"_monsterinsights_sitenote_note":"","_monsterinsights_sitenote_category":0,"footnotes":"","_links_to":"","_links_to_target":""},"categories":[3,2],"tags":[827,1164,1163,286,118,1161,1162,1160,960,476],"class_list":["post-1309","post","type-post","status-publish","format-standard","has-post-thumbnail","hentry","category-genilson-pereira-santana","category-ambiente","tag-biodiversidade","tag-educacao-ambienta","tag-governanca-ambiental","tag-inovacao-tecnologica","tag-microplasticos","tag-objetivos-de-desenvolvimento-sustentavel-ods","tag-parcerias-globais","tag-poluicao-marinha","tag-residuos-plasticos","tag-saude-ambiental"],"aioseo_notices":[],"yoast_head":"<!-- This site is optimized with the Yoast SEO plugin v24.5 - https:\/\/yoast.com\/wordpress\/plugins\/seo\/ -->\n<title>A Presen\u00e7a de Micropl\u00e1sticos no Planeta: Uma Abordagem Colaborativa Baseada no ODS 17 - gsantana2005<\/title>\n<meta name=\"description\" content=\"A Presen\u00e7a de Micropl\u00e1sticos no Planeta: Uma Abordagem Colaborativa Baseada no ODS 17 \u00e9 sobre o res\u00edduo s\u00f3lido que toma conta do mundo.\" \/>\n<meta name=\"robots\" content=\"index, follow, max-snippet:-1, max-image-preview:large, max-video-preview:-1\" \/>\n<link rel=\"canonical\" href=\"https:\/\/gsantana2005.net\/index.php\/2024\/06\/02\/a-presenca-de-microplasticos-no-planeta\/\" \/>\n<meta property=\"og:locale\" content=\"pt_BR\" \/>\n<meta property=\"og:type\" content=\"article\" \/>\n<meta property=\"og:title\" content=\"A Presen\u00e7a de Micropl\u00e1sticos no Planeta: Uma Abordagem Colaborativa Baseada no ODS 17 - gsantana2005\" \/>\n<meta property=\"og:description\" content=\"A Presen\u00e7a de Micropl\u00e1sticos no Planeta: Uma Abordagem Colaborativa Baseada no ODS 17 \u00e9 sobre o res\u00edduo s\u00f3lido que toma conta do mundo.\" \/>\n<meta property=\"og:url\" content=\"https:\/\/gsantana2005.net\/index.php\/2024\/06\/02\/a-presenca-de-microplasticos-no-planeta\/\" \/>\n<meta property=\"og:site_name\" content=\"gsantana2005\" \/>\n<meta property=\"article:published_time\" content=\"2024-06-02T15:46:19+00:00\" \/>\n<meta property=\"article:modified_time\" content=\"2024-10-01T01:20:23+00:00\" \/>\n<meta property=\"og:image\" content=\"http:\/\/gsantana2005.net\/wp-content\/uploads\/2024\/05\/microplastico.jpeg\" \/>\n\t<meta property=\"og:image:width\" content=\"735\" \/>\n\t<meta property=\"og:image:height\" content=\"490\" \/>\n\t<meta property=\"og:image:type\" content=\"image\/jpeg\" \/>\n<meta name=\"author\" content=\"gsantana2005\" \/>\n<meta name=\"twitter:card\" content=\"summary_large_image\" \/>\n<meta name=\"twitter:label1\" content=\"Escrito por\" \/>\n\t<meta name=\"twitter:data1\" content=\"gsantana2005\" \/>\n\t<meta name=\"twitter:label2\" content=\"Est. tempo de leitura\" \/>\n\t<meta name=\"twitter:data2\" content=\"6 minutos\" \/>\n<script type=\"application\/ld+json\" class=\"yoast-schema-graph\">{\"@context\":\"https:\/\/schema.org\",\"@graph\":[{\"@type\":\"Article\",\"@id\":\"https:\/\/gsantana2005.net\/index.php\/2024\/06\/02\/a-presenca-de-microplasticos-no-planeta\/#article\",\"isPartOf\":{\"@id\":\"https:\/\/gsantana2005.net\/index.php\/2024\/06\/02\/a-presenca-de-microplasticos-no-planeta\/\"},\"author\":{\"name\":\"gsantana2005\",\"@id\":\"https:\/\/gsantana2005.net\/#\/schema\/person\/78c90c6f49a46ef4c8e69bafec347cb7\"},\"headline\":\"A Presen\u00e7a de Micropl\u00e1sticos no Planeta: Uma Abordagem Colaborativa Baseada no ODS 17\",\"datePublished\":\"2024-06-02T15:46:19+00:00\",\"dateModified\":\"2024-10-01T01:20:23+00:00\",\"mainEntityOfPage\":{\"@id\":\"https:\/\/gsantana2005.net\/index.php\/2024\/06\/02\/a-presenca-de-microplasticos-no-planeta\/\"},\"wordCount\":1244,\"commentCount\":0,\"publisher\":{\"@id\":\"https:\/\/gsantana2005.net\/#organization\"},\"image\":{\"@id\":\"https:\/\/gsantana2005.net\/index.php\/2024\/06\/02\/a-presenca-de-microplasticos-no-planeta\/#primaryimage\"},\"thumbnailUrl\":\"https:\/\/gsantana2005.net\/wp-content\/uploads\/2024\/05\/microplastico.jpeg\",\"keywords\":[\"Biodiversidade\",\"Educa\u00e7\u00e3o Ambienta\",\"Governan\u00e7a Ambiental\",\"Inova\u00e7\u00e3o Tecnol\u00f3gica\",\"micropl\u00e1sticos\",\"Objetivos de Desenvolvimento Sustent\u00e1vel (ODS)\",\"Parcerias Globais\",\"Polui\u00e7\u00e3o Marinha\",\"Res\u00edduos Pl\u00e1sticos\",\"Saude Ambiental\"],\"articleSection\":[\"Dr Genilson Santana\",\"Ambiente\"],\"inLanguage\":\"pt-BR\",\"potentialAction\":[{\"@type\":\"CommentAction\",\"name\":\"Comment\",\"target\":[\"https:\/\/gsantana2005.net\/index.php\/2024\/06\/02\/a-presenca-de-microplasticos-no-planeta\/#respond\"]}]},{\"@type\":\"WebPage\",\"@id\":\"https:\/\/gsantana2005.net\/index.php\/2024\/06\/02\/a-presenca-de-microplasticos-no-planeta\/\",\"url\":\"https:\/\/gsantana2005.net\/index.php\/2024\/06\/02\/a-presenca-de-microplasticos-no-planeta\/\",\"name\":\"A Presen\u00e7a de Micropl\u00e1sticos no Planeta: Uma Abordagem Colaborativa Baseada no ODS 17 - gsantana2005\",\"isPartOf\":{\"@id\":\"https:\/\/gsantana2005.net\/#website\"},\"primaryImageOfPage\":{\"@id\":\"https:\/\/gsantana2005.net\/index.php\/2024\/06\/02\/a-presenca-de-microplasticos-no-planeta\/#primaryimage\"},\"image\":{\"@id\":\"https:\/\/gsantana2005.net\/index.php\/2024\/06\/02\/a-presenca-de-microplasticos-no-planeta\/#primaryimage\"},\"thumbnailUrl\":\"https:\/\/gsantana2005.net\/wp-content\/uploads\/2024\/05\/microplastico.jpeg\",\"datePublished\":\"2024-06-02T15:46:19+00:00\",\"dateModified\":\"2024-10-01T01:20:23+00:00\",\"description\":\"A Presen\u00e7a de Micropl\u00e1sticos no Planeta: Uma Abordagem Colaborativa Baseada no ODS 17 \u00e9 sobre o res\u00edduo s\u00f3lido que toma conta do mundo.\",\"breadcrumb\":{\"@id\":\"https:\/\/gsantana2005.net\/index.php\/2024\/06\/02\/a-presenca-de-microplasticos-no-planeta\/#breadcrumb\"},\"inLanguage\":\"pt-BR\",\"potentialAction\":[{\"@type\":\"ReadAction\",\"target\":[\"https:\/\/gsantana2005.net\/index.php\/2024\/06\/02\/a-presenca-de-microplasticos-no-planeta\/\"]}]},{\"@type\":\"ImageObject\",\"inLanguage\":\"pt-BR\",\"@id\":\"https:\/\/gsantana2005.net\/index.php\/2024\/06\/02\/a-presenca-de-microplasticos-no-planeta\/#primaryimage\",\"url\":\"https:\/\/gsantana2005.net\/wp-content\/uploads\/2024\/05\/microplastico.jpeg\",\"contentUrl\":\"https:\/\/gsantana2005.net\/wp-content\/uploads\/2024\/05\/microplastico.jpeg\",\"width\":735,\"height\":490,\"caption\":\"Microplastico\"},{\"@type\":\"BreadcrumbList\",\"@id\":\"https:\/\/gsantana2005.net\/index.php\/2024\/06\/02\/a-presenca-de-microplasticos-no-planeta\/#breadcrumb\",\"itemListElement\":[{\"@type\":\"ListItem\",\"position\":1,\"name\":\"Home\",\"item\":\"https:\/\/gsantana2005.net\/\"},{\"@type\":\"ListItem\",\"position\":2,\"name\":\"A Presen\u00e7a de Micropl\u00e1sticos no Planeta: Uma Abordagem Colaborativa Baseada no ODS 17\"}]},{\"@type\":\"WebSite\",\"@id\":\"https:\/\/gsantana2005.net\/#website\",\"url\":\"https:\/\/gsantana2005.net\/\",\"name\":\"gsantana2005\",\"description\":\"Sejamos sustent\u00e1veis\",\"publisher\":{\"@id\":\"https:\/\/gsantana2005.net\/#organization\"},\"potentialAction\":[{\"@type\":\"SearchAction\",\"target\":{\"@type\":\"EntryPoint\",\"urlTemplate\":\"https:\/\/gsantana2005.net\/?s={search_term_string}\"},\"query-input\":{\"@type\":\"PropertyValueSpecification\",\"valueRequired\":true,\"valueName\":\"search_term_string\"}}],\"inLanguage\":\"pt-BR\"},{\"@type\":\"Organization\",\"@id\":\"https:\/\/gsantana2005.net\/#organization\",\"name\":\"gsantana2005\",\"url\":\"https:\/\/gsantana2005.net\/\",\"logo\":{\"@type\":\"ImageObject\",\"inLanguage\":\"pt-BR\",\"@id\":\"https:\/\/gsantana2005.net\/#\/schema\/logo\/image\/\",\"url\":\"https:\/\/gsantana2005.net\/wp-content\/uploads\/2023\/06\/cropped-Gs-sem-fundo.jpg\",\"contentUrl\":\"https:\/\/gsantana2005.net\/wp-content\/uploads\/2023\/06\/cropped-Gs-sem-fundo.jpg\",\"width\":100,\"height\":100,\"caption\":\"gsantana2005\"},\"image\":{\"@id\":\"https:\/\/gsantana2005.net\/#\/schema\/logo\/image\/\"}},{\"@type\":\"Person\",\"@id\":\"https:\/\/gsantana2005.net\/#\/schema\/person\/78c90c6f49a46ef4c8e69bafec347cb7\",\"name\":\"gsantana2005\",\"image\":{\"@type\":\"ImageObject\",\"inLanguage\":\"pt-BR\",\"@id\":\"https:\/\/gsantana2005.net\/#\/schema\/person\/image\/\",\"url\":\"https:\/\/secure.gravatar.com\/avatar\/db3aa311fa8063e1f4df6b2da249929f?s=96&d=mm&r=g\",\"contentUrl\":\"https:\/\/secure.gravatar.com\/avatar\/db3aa311fa8063e1f4df6b2da249929f?s=96&d=mm&r=g\",\"caption\":\"gsantana2005\"},\"sameAs\":[\"http:\/\/gsantana2005.net\"],\"url\":\"https:\/\/gsantana2005.net\/author\/gsantana2005\/\"}]}<\/script>\n<!-- \/ Yoast SEO plugin. -->","yoast_head_json":{"title":"A Presen\u00e7a de Micropl\u00e1sticos no Planeta: Uma Abordagem Colaborativa Baseada no ODS 17 - gsantana2005","description":"A Presen\u00e7a de Micropl\u00e1sticos no Planeta: Uma Abordagem Colaborativa Baseada no ODS 17 \u00e9 sobre o res\u00edduo s\u00f3lido que toma conta do mundo.","robots":{"index":"index","follow":"follow","max-snippet":"max-snippet:-1","max-image-preview":"max-image-preview:large","max-video-preview":"max-video-preview:-1"},"canonical":"https:\/\/gsantana2005.net\/index.php\/2024\/06\/02\/a-presenca-de-microplasticos-no-planeta\/","og_locale":"pt_BR","og_type":"article","og_title":"A Presen\u00e7a de Micropl\u00e1sticos no Planeta: Uma Abordagem Colaborativa Baseada no ODS 17 - gsantana2005","og_description":"A Presen\u00e7a de Micropl\u00e1sticos no Planeta: Uma Abordagem Colaborativa Baseada no ODS 17 \u00e9 sobre o res\u00edduo s\u00f3lido que toma conta do mundo.","og_url":"https:\/\/gsantana2005.net\/index.php\/2024\/06\/02\/a-presenca-de-microplasticos-no-planeta\/","og_site_name":"gsantana2005","article_published_time":"2024-06-02T15:46:19+00:00","article_modified_time":"2024-10-01T01:20:23+00:00","og_image":[{"width":735,"height":490,"url":"http:\/\/gsantana2005.net\/wp-content\/uploads\/2024\/05\/microplastico.jpeg","type":"image\/jpeg"}],"author":"gsantana2005","twitter_card":"summary_large_image","twitter_misc":{"Escrito por":"gsantana2005","Est. tempo de leitura":"6 minutos"},"schema":{"@context":"https:\/\/schema.org","@graph":[{"@type":"Article","@id":"https:\/\/gsantana2005.net\/index.php\/2024\/06\/02\/a-presenca-de-microplasticos-no-planeta\/#article","isPartOf":{"@id":"https:\/\/gsantana2005.net\/index.php\/2024\/06\/02\/a-presenca-de-microplasticos-no-planeta\/"},"author":{"name":"gsantana2005","@id":"https:\/\/gsantana2005.net\/#\/schema\/person\/78c90c6f49a46ef4c8e69bafec347cb7"},"headline":"A Presen\u00e7a de Micropl\u00e1sticos no Planeta: Uma Abordagem Colaborativa Baseada no ODS 17","datePublished":"2024-06-02T15:46:19+00:00","dateModified":"2024-10-01T01:20:23+00:00","mainEntityOfPage":{"@id":"https:\/\/gsantana2005.net\/index.php\/2024\/06\/02\/a-presenca-de-microplasticos-no-planeta\/"},"wordCount":1244,"commentCount":0,"publisher":{"@id":"https:\/\/gsantana2005.net\/#organization"},"image":{"@id":"https:\/\/gsantana2005.net\/index.php\/2024\/06\/02\/a-presenca-de-microplasticos-no-planeta\/#primaryimage"},"thumbnailUrl":"https:\/\/gsantana2005.net\/wp-content\/uploads\/2024\/05\/microplastico.jpeg","keywords":["Biodiversidade","Educa\u00e7\u00e3o Ambienta","Governan\u00e7a Ambiental","Inova\u00e7\u00e3o Tecnol\u00f3gica","micropl\u00e1sticos","Objetivos de Desenvolvimento Sustent\u00e1vel (ODS)","Parcerias Globais","Polui\u00e7\u00e3o Marinha","Res\u00edduos Pl\u00e1sticos","Saude Ambiental"],"articleSection":["Dr Genilson Santana","Ambiente"],"inLanguage":"pt-BR","potentialAction":[{"@type":"CommentAction","name":"Comment","target":["https:\/\/gsantana2005.net\/index.php\/2024\/06\/02\/a-presenca-de-microplasticos-no-planeta\/#respond"]}]},{"@type":"WebPage","@id":"https:\/\/gsantana2005.net\/index.php\/2024\/06\/02\/a-presenca-de-microplasticos-no-planeta\/","url":"https:\/\/gsantana2005.net\/index.php\/2024\/06\/02\/a-presenca-de-microplasticos-no-planeta\/","name":"A Presen\u00e7a de Micropl\u00e1sticos no Planeta: Uma Abordagem Colaborativa Baseada no ODS 17 - gsantana2005","isPartOf":{"@id":"https:\/\/gsantana2005.net\/#website"},"primaryImageOfPage":{"@id":"https:\/\/gsantana2005.net\/index.php\/2024\/06\/02\/a-presenca-de-microplasticos-no-planeta\/#primaryimage"},"image":{"@id":"https:\/\/gsantana2005.net\/index.php\/2024\/06\/02\/a-presenca-de-microplasticos-no-planeta\/#primaryimage"},"thumbnailUrl":"https:\/\/gsantana2005.net\/wp-content\/uploads\/2024\/05\/microplastico.jpeg","datePublished":"2024-06-02T15:46:19+00:00","dateModified":"2024-10-01T01:20:23+00:00","description":"A Presen\u00e7a de Micropl\u00e1sticos no Planeta: Uma Abordagem Colaborativa Baseada no ODS 17 \u00e9 sobre o res\u00edduo s\u00f3lido que toma conta do mundo.","breadcrumb":{"@id":"https:\/\/gsantana2005.net\/index.php\/2024\/06\/02\/a-presenca-de-microplasticos-no-planeta\/#breadcrumb"},"inLanguage":"pt-BR","potentialAction":[{"@type":"ReadAction","target":["https:\/\/gsantana2005.net\/index.php\/2024\/06\/02\/a-presenca-de-microplasticos-no-planeta\/"]}]},{"@type":"ImageObject","inLanguage":"pt-BR","@id":"https:\/\/gsantana2005.net\/index.php\/2024\/06\/02\/a-presenca-de-microplasticos-no-planeta\/#primaryimage","url":"https:\/\/gsantana2005.net\/wp-content\/uploads\/2024\/05\/microplastico.jpeg","contentUrl":"https:\/\/gsantana2005.net\/wp-content\/uploads\/2024\/05\/microplastico.jpeg","width":735,"height":490,"caption":"Microplastico"},{"@type":"BreadcrumbList","@id":"https:\/\/gsantana2005.net\/index.php\/2024\/06\/02\/a-presenca-de-microplasticos-no-planeta\/#breadcrumb","itemListElement":[{"@type":"ListItem","position":1,"name":"Home","item":"https:\/\/gsantana2005.net\/"},{"@type":"ListItem","position":2,"name":"A Presen\u00e7a de Micropl\u00e1sticos no Planeta: Uma Abordagem Colaborativa Baseada no ODS 17"}]},{"@type":"WebSite","@id":"https:\/\/gsantana2005.net\/#website","url":"https:\/\/gsantana2005.net\/","name":"gsantana2005","description":"Sejamos sustent\u00e1veis","publisher":{"@id":"https:\/\/gsantana2005.net\/#organization"},"potentialAction":[{"@type":"SearchAction","target":{"@type":"EntryPoint","urlTemplate":"https:\/\/gsantana2005.net\/?s={search_term_string}"},"query-input":{"@type":"PropertyValueSpecification","valueRequired":true,"valueName":"search_term_string"}}],"inLanguage":"pt-BR"},{"@type":"Organization","@id":"https:\/\/gsantana2005.net\/#organization","name":"gsantana2005","url":"https:\/\/gsantana2005.net\/","logo":{"@type":"ImageObject","inLanguage":"pt-BR","@id":"https:\/\/gsantana2005.net\/#\/schema\/logo\/image\/","url":"https:\/\/gsantana2005.net\/wp-content\/uploads\/2023\/06\/cropped-Gs-sem-fundo.jpg","contentUrl":"https:\/\/gsantana2005.net\/wp-content\/uploads\/2023\/06\/cropped-Gs-sem-fundo.jpg","width":100,"height":100,"caption":"gsantana2005"},"image":{"@id":"https:\/\/gsantana2005.net\/#\/schema\/logo\/image\/"}},{"@type":"Person","@id":"https:\/\/gsantana2005.net\/#\/schema\/person\/78c90c6f49a46ef4c8e69bafec347cb7","name":"gsantana2005","image":{"@type":"ImageObject","inLanguage":"pt-BR","@id":"https:\/\/gsantana2005.net\/#\/schema\/person\/image\/","url":"https:\/\/secure.gravatar.com\/avatar\/db3aa311fa8063e1f4df6b2da249929f?s=96&d=mm&r=g","contentUrl":"https:\/\/secure.gravatar.com\/avatar\/db3aa311fa8063e1f4df6b2da249929f?s=96&d=mm&r=g","caption":"gsantana2005"},"sameAs":["http:\/\/gsantana2005.net"],"url":"https:\/\/gsantana2005.net\/author\/gsantana2005\/"}]}},"amp_enabled":true,"_links":{"self":[{"href":"https:\/\/gsantana2005.net\/index.php\/wp-json\/wp\/v2\/posts\/1309"}],"collection":[{"href":"https:\/\/gsantana2005.net\/index.php\/wp-json\/wp\/v2\/posts"}],"about":[{"href":"https:\/\/gsantana2005.net\/index.php\/wp-json\/wp\/v2\/types\/post"}],"author":[{"embeddable":true,"href":"https:\/\/gsantana2005.net\/index.php\/wp-json\/wp\/v2\/users\/1"}],"replies":[{"embeddable":true,"href":"https:\/\/gsantana2005.net\/index.php\/wp-json\/wp\/v2\/comments?post=1309"}],"version-history":[{"count":3,"href":"https:\/\/gsantana2005.net\/index.php\/wp-json\/wp\/v2\/posts\/1309\/revisions"}],"predecessor-version":[{"id":1335,"href":"https:\/\/gsantana2005.net\/index.php\/wp-json\/wp\/v2\/posts\/1309\/revisions\/1335"}],"wp:featuredmedia":[{"embeddable":true,"href":"https:\/\/gsantana2005.net\/index.php\/wp-json\/wp\/v2\/media\/1292"}],"wp:attachment":[{"href":"https:\/\/gsantana2005.net\/index.php\/wp-json\/wp\/v2\/media?parent=1309"}],"wp:term":[{"taxonomy":"category","embeddable":true,"href":"https:\/\/gsantana2005.net\/index.php\/wp-json\/wp\/v2\/categories?post=1309"},{"taxonomy":"post_tag","embeddable":true,"href":"https:\/\/gsantana2005.net\/index.php\/wp-json\/wp\/v2\/tags?post=1309"}],"curies":[{"name":"wp","href":"https:\/\/api.w.org\/{rel}","templated":true}]}}