{"id":1315,"date":"2024-06-05T02:52:07","date_gmt":"2024-06-05T02:52:07","guid":{"rendered":"https:\/\/gsantana2005.net\/?p=1315"},"modified":"2024-06-07T12:46:41","modified_gmt":"2024-06-07T12:46:41","slug":"acidificacao-dos-oceanos-uma-crise-silenciosa","status":"publish","type":"post","link":"https:\/\/gsantana2005.net\/index.php\/2024\/06\/05\/acidificacao-dos-oceanos-uma-crise-silenciosa\/","title":{"rendered":"Acidifica\u00e7\u00e3o dos Oceanos: Uma Crise Silenciosa"},"content":{"rendered":"\n<p>Acidifica\u00e7\u00e3o dos Oceanos: Uma Crise Silenciosa \u00e9 um artigo para voc\u00ea refletir sobre as consequ\u00eancias do aquecimento global. A acidifica\u00e7\u00e3o dos oceanos \u00e9 uma consequ\u00eancia insidiosa e profunda do aumento das emiss\u00f5es de di\u00f3xido de carbono (CO<sub>2<\/sub>), alterando profundamente os ambientes marinhos. Esse processo, impulsionado principalmente por atividades humanas, por exemplo, queima de combust\u00edveis f\u00f3sseis e o desmatamento, est\u00e1 criando condi\u00e7\u00f5es oce\u00e2nicas cada vez mais \u00e1cidas que amea\u00e7am a vida e os ecossistemas marinhos.<\/p>\n\n\n\n<h4 class=\"wp-block-heading\">Entendendo a Acidifica\u00e7\u00e3o dos Oceanos<\/h4>\n\n\n\n<p>A princ\u00edpio, quando o CO<sub>2<\/sub> \u00e9 liberado na atmosfera, aproximadamente um ter\u00e7o \u00e9 absorvido pelos oceanos do mundo. Ent\u00e3o, essa absor\u00e7\u00e3o forma \u00e1cido carb\u00f4nico, que reduz o pH da \u00e1gua do mar, tornando-a mais \u00e1cida. Desde a Revolu\u00e7\u00e3o Industrial, o pH oce\u00e2nico caiu cerca de 0,1 unidades, o que representa um aumento de 30% na acidez. Embora isso possa parecer m\u00ednimo, mesmo pequenas mudan\u00e7as no pH podem ter impactos significativos nos organismos e ecossistemas marinhos.<\/p>\n\n\n\n<h4 class=\"wp-block-heading\">Impactos na Vida Marinha<\/h4>\n\n\n\n<p>Ent\u00e3o, os corais s\u00e3o altamente sens\u00edveis \u00e0s mudan\u00e7as no pH. A acidifica\u00e7\u00e3o reduz a disponibilidade de carbonato de c\u00e1lcio. Ou seja, a acidifica\u00e7\u00e3o atinge diretamente a forma\u00e7\u00e3o dos esqueletos dos corais. Dessa forma, esqueletos mais fracos tornam os corais mais suscet\u00edveis \u00e0 eros\u00e3o e quebra, comprometendo a estrutura dos recifes e a biodiversidade que sustentam. Al\u00e9m disso, os moluscos, como ostras, am\u00eaijoas e carac\u00f3is, dependem do carbonato de c\u00e1lcio (CaCO<sub>3<\/sub>) para formar suas conchas. Portanto, \u00e1guas \u00e1cidas dissolvem essas conchas mais facilmente e inibem a forma\u00e7\u00e3o das mesmas. Ou seja, elas afetam o crescimento e a taxa de sobreviv\u00eancia desses organismos.<\/p>\n\n\n\n<p>Outro aspecto a ser considerado s\u00e3o os peixes e outras esp\u00e9cies marinhas, cujo aumento da acidez pode afetar o comportamento e a fisiologia dos peixes. A princ\u00edpio, estudos mostram que peixes em \u00e1guas mais \u00e1cidas exibem comportamentos alterados, como redu\u00e7\u00e3o na capacidade de evitar predadores e dificuldades de navega\u00e7\u00e3o.<\/p>\n\n\n\n<ol class=\"wp-block-list\"><\/ol>\n\n\n\n<p>A acidifica\u00e7\u00e3o pode afetar os est\u00e1gios iniciais de desenvolvimento das esp\u00e9cies marinhas, levando a menores taxas de sobreviv\u00eancia de larvas e juvenis. Ent\u00e3o, muitas esp\u00e9cies marinhas dependem de organismos calcificadores como fonte de alimento. \u00c0 medida que essas esp\u00e9cies declinam, toda a cadeia alimentar pode ser interrompida, afetando as rela\u00e7\u00f5es predador-presa e a disponibilidade de recursos para n\u00edveis tr\u00f3ficos superiores.<\/p>\n\n\n\n<ol class=\"wp-block-list\"><\/ol>\n\n\n\n<p>Assim, recifes de corais e bancos de moluscos fornecem habitats cr\u00edticos para muitas esp\u00e9cies marinhas. A degrada\u00e7\u00e3o desses habitats devido \u00e0 acidifica\u00e7\u00e3o resulta na perda de biodiversidade e dos servi\u00e7os que esses ecossistemas proporcionam.<\/p>\n\n\n\n<h4 class=\"wp-block-heading\">Consequ\u00eancias Econ\u00f4micas e Sociais<\/h4>\n\n\n\n<p>A acidifica\u00e7\u00e3o dos oceanos n\u00e3o impacta apenas a vida marinha, mas tamb\u00e9m tem significativas ramifica\u00e7\u00f5es econ\u00f4micas e sociais. Por exemplo, o decl\u00ednio de moluscos e outras esp\u00e9cies marinhas afeta a pesca comercial e de subsist\u00eancia, amea\u00e7ando a seguran\u00e7a alimentar e os meios de subsist\u00eancia de milh\u00f5es de pessoas em todo o mundo.<\/p>\n\n\n\n<ol class=\"wp-block-list\"><\/ol>\n\n\n\n<p>Ind\u00fastrias de aquicultura que dependem de moluscos s\u00e3o particularmente vulner\u00e1veis, enfrentando custos aumentados para mitigar os impactos da acidifica\u00e7\u00e3o. As comunidades costeiras que dependem de ecossistemas marinhos saud\u00e1veis para turismo, pesca e recrea\u00e7\u00e3o enfrentam perdas econ\u00f4micas \u00e0 medida que a acidifica\u00e7\u00e3o danifica esses ambientes. \u00c0 medida que os recursos marinhos diminuem, a seguran\u00e7a alimentar global \u00e9 amea\u00e7ada, especialmente em regi\u00f5es onde os frutos do mar s\u00e3o uma fonte prim\u00e1ria de prote\u00edna.<\/p>\n\n\n\n<ol class=\"wp-block-list\"><\/ol>\n\n\n\n<h4 class=\"wp-block-heading\">Estrat\u00e9gias de Mitiga\u00e7\u00e3o e Adapta\u00e7\u00e3o<\/h4>\n\n\n\n<p>Abordar a acidifica\u00e7\u00e3o dos oceanos requer tanto estrat\u00e9gias de mitiga\u00e7\u00e3o quanto de adapta\u00e7\u00e3o. A maneira mais eficaz de combater a acidifica\u00e7\u00e3o \u00e9 reduzir as emiss\u00f5es de CO<sub>2<\/sub>, transitando para fontes de energia renov\u00e1veis, melhorando a efici\u00eancia energ\u00e9tica e adotando pr\u00e1ticas sustent\u00e1veis de uso da terra.<\/p>\n\n\n\n<p>Ent\u00e3o, acordos internacionais, como o Acordo de Paris, visam limitar o aumento da temperatura global e reduzir as emiss\u00f5es de carbono, ajudando indiretamente a mitigar a acidifica\u00e7\u00e3o dos oceanos. Assim, \u00e1reas marinhas protegidas (AMPs) podem ajudar a conservar a biodiversidade e aumentar a resili\u00eancia dos ecossistemas marinhos \u00e0 acidifica\u00e7\u00e3o.<\/p>\n\n\n\n<ol class=\"wp-block-list\"><\/ol>\n\n\n\n<p>Projetos de restaura\u00e7\u00e3o, como a restaura\u00e7\u00e3o de recifes de corais e o plantio de ervas marinhas, podem aumentar a resili\u00eancia dos ecossistemas locais e fornecer ref\u00fagios para as esp\u00e9cies marinhas. Ent\u00e3o, a pesquisa cont\u00ednua \u00e9 essencial para entender completamente os impactos da acidifica\u00e7\u00e3o e desenvolver estrat\u00e9gias eficazes de mitiga\u00e7\u00e3o e adapta\u00e7\u00e3o.<\/p>\n\n\n\n<ol class=\"wp-block-list\"><\/ol>\n\n\n\n<p>Programas de monitoramento ajudam a rastrear mudan\u00e7as na qu\u00edmica do oceano e na sa\u00fade dos ecossistemas marinhos, fornecendo dados cr\u00edticos para a gest\u00e3o e prote\u00e7\u00e3o dos recursos marinhos. Dessa forma, programas de educa\u00e7\u00e3o e divulga\u00e7\u00e3o p\u00fablica podem aumentar a conscientiza\u00e7\u00e3o sobre as causas e impactos da acidifica\u00e7\u00e3o dos oceanos, fomentando um maior apoio \u00e0s iniciativas de conserva\u00e7\u00e3o e sustentabilidade.<\/p>\n\n\n\n<ol class=\"wp-block-list\"><\/ol>\n\n\n\n<p>A capacita\u00e7\u00e3o de comunidades vulner\u00e1veis por meio de treinamento e recursos pode ajud\u00e1-las a se adaptar ao ambiente marinho em mudan\u00e7a.<\/p>\n\n\n\n<h3 class=\"wp-block-heading\">Conclus\u00e3o<\/h3>\n\n\n\n<p>A acidifica\u00e7\u00e3o dos oceanos \u00e9 uma amea\u00e7a clara e presente aos ecossistemas marinhos, \u00e0 biodiversidade e \u00e0s comunidades humanas. Ao entender suas causas e impactos, e ao tomar a\u00e7\u00f5es decisivas para reduzir as emiss\u00f5es de CO<sub>2<\/sub> e proteger os ambientes marinhos, podemos mitigar essa amea\u00e7a e salvaguardar a sa\u00fade de nossos oceanos para as gera\u00e7\u00f5es futuras. O oceano, um componente vital do sistema de suporte de vida da Terra, depende de nossos esfor\u00e7os coletivos para preservar sua integridade e resili\u00eancia.<\/p>\n\n\n\n<p>Fonte: <a href=\"https:\/\/www.theguardian.com\/environment\/article\/2024\/jun\/04\/extreme-heat-oceans-acidification\" rel=\"nofollow noopener\" target=\"_blank\">The Guardian<\/a><\/p>\n\n\n\n<h3 class=\"wp-block-heading\">Convite especial para voc\u00ea<\/h3>\n\n\n\n<p>Ent\u00e3o, depois de Acidifica\u00e7\u00e3o dos Oceanos: Uma Crise Silenciosa, acredito que voc\u00ea queira saber mais de nossa contribui\u00e7\u00e3o na \u00e1rea ambiental. N\u00e3o fique inibido entre em contato:\u00a0<a href=\"mailto:gsantana2005@gmail.com\">gsantana2005@gmail.com<\/a>\u00a0veja o nosso\u00a0<a href=\"https:\/\/www.instagram.com\/genilsonpereirasantana1\/\" rel=\"nofollow noopener\" target=\"_blank\">Instagram<\/a><\/p>\n\n\n\n<p>Al\u00e9m disso, j\u00e1 que voc\u00ea chegou at\u00e9 aqui descubra mais sobre n\u00f3s artigos abaixo:<\/p>\n\n\n\n<ul class=\"wp-block-list\">\n<li><a href=\"https:\/\/gsantana2005.net\/index.php\/2023\/11\/30\/desbloqueando-o-valor-oculto-reciclando-o-pequeno-para-um-grande-impacto\/\" target=\"_blank\" rel=\"noreferrer noopener\">Desbloqueando o valor oculto: Reciclando o pequeno para um grande impacto<\/a><\/li>\n\n\n\n<li><a href=\"https:\/\/gsantana2005.net\/index.php\/2023\/11\/29\/reduza-a-pegada-de-carbono-digital-da-sua-empresa-rumo-a-um-futuro-sustentavel\/\" target=\"_blank\" rel=\"noreferrer noopener\">Reduza a Pegada de Carbono Digital da sua Empresa: Rumo a um Futuro Sustent\u00e1vel<\/a><\/li>\n\n\n\n<li><a href=\"https:\/\/gsantana2005.net\/index.php\/2023\/11\/28\/navegando-na-controversia-da-acao-climatica-global-da-cop28-de-dubai\/\" target=\"_blank\" rel=\"noreferrer noopener\">Navegando na controv\u00e9rsia da A\u00e7\u00e3o Clim\u00e1tica Global da COP28 de Dubai<\/a><\/li>\n\n\n\n<li><a href=\"https:\/\/gsantana2005.net\/index.php\/2023\/11\/28\/rascunho-automaticodespedindo-se-dos-plasticos-descartaveis-o-futuro-sustentavel-das-embalagens-de-celulose\/\">Despedindo-se dos Pl\u00e1sticos Descart\u00e1veis: O Futuro Sustent\u00e1vel das Embalagens de Celulose!<\/a><\/li>\n<\/ul>\n\n\n\n<p>Ent\u00e3o, conhe\u00e7a tamb\u00e9m nossos cursos sobre&nbsp;<a href=\"https:\/\/gsantana2005.net\/index.php\/2023\/07\/21\/gestao-de-residuos\/\">Gest\u00e3o de res\u00edduos<\/a>&nbsp;e&nbsp;<a href=\"https:\/\/gsantana2005.net\/index.php\/2023\/08\/08\/tratamento-de-efluentes\/\">Tratamento de efluentes<\/a>. Maiores informa\u00e7\u00f5es:&nbsp;<a href=\"mailto:gsantana2005@gmail.com\">gsantana2005@gmail.com<\/a>&nbsp;ou 92 991227158 (WhatsApp)<\/p>\n\n\n\n<hr class=\"wp-block-separator has-alpha-channel-opacity\"\/>\n\n\n\n<p>Se precisar de mais informa\u00e7\u00f5es ou tiver alguma d\u00favida espec\u00edfica, estou \u00e0 disposi\u00e7\u00e3o para ajudar!<\/p>\n","protected":false},"excerpt":{"rendered":"<p>Acidifica\u00e7\u00e3o dos Oceanos: Uma Crise Silenciosa \u00e9 um artigo para voc\u00ea refletir sobre as consequ\u00eancias do aquecimento global. A acidifica\u00e7\u00e3o dos oceanos \u00e9 uma consequ\u00eancia insidiosa e profunda do aumento das emiss\u00f5es de di\u00f3xido de carbono (CO2), alterando profundamente os ambientes marinhos. Esse processo, impulsionado principalmente por atividades humanas, por exemplo, queima de combust\u00edveis f\u00f3sseis [&hellip;]<\/p>\n","protected":false},"author":1,"featured_media":800,"comment_status":"open","ping_status":"closed","sticky":false,"template":"","format":"standard","meta":{"om_disable_all_campaigns":false,"_monsterinsights_skip_tracking":false,"_monsterinsights_sitenote_active":false,"_monsterinsights_sitenote_note":"","_monsterinsights_sitenote_category":0,"footnotes":"","_links_to":"","_links_to_target":""},"categories":[2,3],"tags":[388,1157,1153,1152,1156,1158,1159,1151,1154,1155],"class_list":["post-1315","post","type-post","status-publish","format-standard","has-post-thumbnail","hentry","category-ambiente","category-genilson-pereira-santana","tag-biodiversidade-marinha","tag-cadeia-alimentar-marinha","tag-carbonato-de-calcio","tag-dioxido-de-carbono-co","tag-impactos-ecologicos","tag-mitigacao-ambiental","tag-mudancas-climatica","tag-ph-dos-oceanos","tag-recifes-de-corais","tag-vida-marinha"],"aioseo_notices":[],"yoast_head":"<!-- This site is optimized with the Yoast SEO plugin v24.5 - https:\/\/yoast.com\/wordpress\/plugins\/seo\/ -->\n<title>Acidifica\u00e7\u00e3o dos Oceanos: Uma Crise Silenciosa - gsantana2005<\/title>\n<meta name=\"description\" content=\"Acidifica\u00e7\u00e3o dos Oceanos: Uma Crise Silenciosa \u00e9 um artigo que mostra como os efeitos do aquecimento global afeta a vida aqu\u00e1tica do planeta\" \/>\n<meta name=\"robots\" content=\"index, follow, max-snippet:-1, max-image-preview:large, max-video-preview:-1\" \/>\n<link rel=\"canonical\" href=\"https:\/\/gsantana2005.net\/index.php\/2024\/06\/05\/acidificacao-dos-oceanos-uma-crise-silenciosa\/\" \/>\n<meta property=\"og:locale\" content=\"pt_BR\" \/>\n<meta property=\"og:type\" content=\"article\" \/>\n<meta property=\"og:title\" content=\"Acidifica\u00e7\u00e3o dos Oceanos: Uma Crise Silenciosa - gsantana2005\" \/>\n<meta property=\"og:description\" content=\"Acidifica\u00e7\u00e3o dos Oceanos: Uma Crise Silenciosa \u00e9 um artigo que mostra como os efeitos do aquecimento global afeta a vida aqu\u00e1tica do planeta\" \/>\n<meta property=\"og:url\" content=\"https:\/\/gsantana2005.net\/index.php\/2024\/06\/05\/acidificacao-dos-oceanos-uma-crise-silenciosa\/\" \/>\n<meta property=\"og:site_name\" content=\"gsantana2005\" \/>\n<meta property=\"article:published_time\" content=\"2024-06-05T02:52:07+00:00\" \/>\n<meta property=\"article:modified_time\" content=\"2024-06-07T12:46:41+00:00\" \/>\n<meta property=\"og:image\" content=\"http:\/\/gsantana2005.net\/wp-content\/uploads\/2023\/11\/Energia-Marinha.jpg\" \/>\n\t<meta property=\"og:image:width\" content=\"1200\" \/>\n\t<meta property=\"og:image:height\" content=\"800\" \/>\n\t<meta property=\"og:image:type\" content=\"image\/jpeg\" \/>\n<meta name=\"author\" content=\"gsantana2005\" \/>\n<meta name=\"twitter:card\" content=\"summary_large_image\" \/>\n<meta name=\"twitter:label1\" content=\"Escrito por\" \/>\n\t<meta name=\"twitter:data1\" content=\"gsantana2005\" \/>\n\t<meta name=\"twitter:label2\" content=\"Est. tempo de leitura\" \/>\n\t<meta name=\"twitter:data2\" content=\"6 minutos\" \/>\n<script type=\"application\/ld+json\" class=\"yoast-schema-graph\">{\"@context\":\"https:\/\/schema.org\",\"@graph\":[{\"@type\":\"Article\",\"@id\":\"https:\/\/gsantana2005.net\/index.php\/2024\/06\/05\/acidificacao-dos-oceanos-uma-crise-silenciosa\/#article\",\"isPartOf\":{\"@id\":\"https:\/\/gsantana2005.net\/index.php\/2024\/06\/05\/acidificacao-dos-oceanos-uma-crise-silenciosa\/\"},\"author\":{\"name\":\"gsantana2005\",\"@id\":\"https:\/\/gsantana2005.net\/#\/schema\/person\/78c90c6f49a46ef4c8e69bafec347cb7\"},\"headline\":\"Acidifica\u00e7\u00e3o dos Oceanos: Uma Crise Silenciosa\",\"datePublished\":\"2024-06-05T02:52:07+00:00\",\"dateModified\":\"2024-06-07T12:46:41+00:00\",\"mainEntityOfPage\":{\"@id\":\"https:\/\/gsantana2005.net\/index.php\/2024\/06\/05\/acidificacao-dos-oceanos-uma-crise-silenciosa\/\"},\"wordCount\":1135,\"commentCount\":0,\"publisher\":{\"@id\":\"https:\/\/gsantana2005.net\/#organization\"},\"image\":{\"@id\":\"https:\/\/gsantana2005.net\/index.php\/2024\/06\/05\/acidificacao-dos-oceanos-uma-crise-silenciosa\/#primaryimage\"},\"thumbnailUrl\":\"https:\/\/gsantana2005.net\/wp-content\/uploads\/2023\/11\/Energia-Marinha.jpg\",\"keywords\":[\"Biodiversidade Marinha\",\"Cadeia Alimentar Marinha\",\"Carbonato de C\u00e1lcio\",\"Di\u00f3xido de Carbono (CO\u2082)\",\"Impactos Ecol\u00f3gicos\",\"Mitiga\u00e7\u00e3o Ambiental\",\"Mudan\u00e7as Clim\u00e1tica\",\"pH dos Oceanos\",\"Recifes de Corais\",\"Vida Marinha\"],\"articleSection\":[\"Ambiente\",\"Dr Genilson Santana\"],\"inLanguage\":\"pt-BR\",\"potentialAction\":[{\"@type\":\"CommentAction\",\"name\":\"Comment\",\"target\":[\"https:\/\/gsantana2005.net\/index.php\/2024\/06\/05\/acidificacao-dos-oceanos-uma-crise-silenciosa\/#respond\"]}]},{\"@type\":\"WebPage\",\"@id\":\"https:\/\/gsantana2005.net\/index.php\/2024\/06\/05\/acidificacao-dos-oceanos-uma-crise-silenciosa\/\",\"url\":\"https:\/\/gsantana2005.net\/index.php\/2024\/06\/05\/acidificacao-dos-oceanos-uma-crise-silenciosa\/\",\"name\":\"Acidifica\u00e7\u00e3o dos Oceanos: Uma Crise Silenciosa - gsantana2005\",\"isPartOf\":{\"@id\":\"https:\/\/gsantana2005.net\/#website\"},\"primaryImageOfPage\":{\"@id\":\"https:\/\/gsantana2005.net\/index.php\/2024\/06\/05\/acidificacao-dos-oceanos-uma-crise-silenciosa\/#primaryimage\"},\"image\":{\"@id\":\"https:\/\/gsantana2005.net\/index.php\/2024\/06\/05\/acidificacao-dos-oceanos-uma-crise-silenciosa\/#primaryimage\"},\"thumbnailUrl\":\"https:\/\/gsantana2005.net\/wp-content\/uploads\/2023\/11\/Energia-Marinha.jpg\",\"datePublished\":\"2024-06-05T02:52:07+00:00\",\"dateModified\":\"2024-06-07T12:46:41+00:00\",\"description\":\"Acidifica\u00e7\u00e3o dos Oceanos: Uma Crise Silenciosa \u00e9 um artigo que mostra como os efeitos do aquecimento global afeta a vida aqu\u00e1tica do planeta\",\"breadcrumb\":{\"@id\":\"https:\/\/gsantana2005.net\/index.php\/2024\/06\/05\/acidificacao-dos-oceanos-uma-crise-silenciosa\/#breadcrumb\"},\"inLanguage\":\"pt-BR\",\"potentialAction\":[{\"@type\":\"ReadAction\",\"target\":[\"https:\/\/gsantana2005.net\/index.php\/2024\/06\/05\/acidificacao-dos-oceanos-uma-crise-silenciosa\/\"]}]},{\"@type\":\"ImageObject\",\"inLanguage\":\"pt-BR\",\"@id\":\"https:\/\/gsantana2005.net\/index.php\/2024\/06\/05\/acidificacao-dos-oceanos-uma-crise-silenciosa\/#primaryimage\",\"url\":\"https:\/\/gsantana2005.net\/wp-content\/uploads\/2023\/11\/Energia-Marinha.jpg\",\"contentUrl\":\"https:\/\/gsantana2005.net\/wp-content\/uploads\/2023\/11\/Energia-Marinha.jpg\",\"width\":1200,\"height\":800,\"caption\":\"Energia renov\u00e1vel\"},{\"@type\":\"BreadcrumbList\",\"@id\":\"https:\/\/gsantana2005.net\/index.php\/2024\/06\/05\/acidificacao-dos-oceanos-uma-crise-silenciosa\/#breadcrumb\",\"itemListElement\":[{\"@type\":\"ListItem\",\"position\":1,\"name\":\"Home\",\"item\":\"https:\/\/gsantana2005.net\/\"},{\"@type\":\"ListItem\",\"position\":2,\"name\":\"Acidifica\u00e7\u00e3o dos Oceanos: Uma Crise Silenciosa\"}]},{\"@type\":\"WebSite\",\"@id\":\"https:\/\/gsantana2005.net\/#website\",\"url\":\"https:\/\/gsantana2005.net\/\",\"name\":\"gsantana2005\",\"description\":\"Sejamos sustent\u00e1veis\",\"publisher\":{\"@id\":\"https:\/\/gsantana2005.net\/#organization\"},\"potentialAction\":[{\"@type\":\"SearchAction\",\"target\":{\"@type\":\"EntryPoint\",\"urlTemplate\":\"https:\/\/gsantana2005.net\/?s={search_term_string}\"},\"query-input\":{\"@type\":\"PropertyValueSpecification\",\"valueRequired\":true,\"valueName\":\"search_term_string\"}}],\"inLanguage\":\"pt-BR\"},{\"@type\":\"Organization\",\"@id\":\"https:\/\/gsantana2005.net\/#organization\",\"name\":\"gsantana2005\",\"url\":\"https:\/\/gsantana2005.net\/\",\"logo\":{\"@type\":\"ImageObject\",\"inLanguage\":\"pt-BR\",\"@id\":\"https:\/\/gsantana2005.net\/#\/schema\/logo\/image\/\",\"url\":\"https:\/\/gsantana2005.net\/wp-content\/uploads\/2023\/06\/cropped-Gs-sem-fundo.jpg\",\"contentUrl\":\"https:\/\/gsantana2005.net\/wp-content\/uploads\/2023\/06\/cropped-Gs-sem-fundo.jpg\",\"width\":100,\"height\":100,\"caption\":\"gsantana2005\"},\"image\":{\"@id\":\"https:\/\/gsantana2005.net\/#\/schema\/logo\/image\/\"}},{\"@type\":\"Person\",\"@id\":\"https:\/\/gsantana2005.net\/#\/schema\/person\/78c90c6f49a46ef4c8e69bafec347cb7\",\"name\":\"gsantana2005\",\"image\":{\"@type\":\"ImageObject\",\"inLanguage\":\"pt-BR\",\"@id\":\"https:\/\/gsantana2005.net\/#\/schema\/person\/image\/\",\"url\":\"https:\/\/secure.gravatar.com\/avatar\/db3aa311fa8063e1f4df6b2da249929f?s=96&d=mm&r=g\",\"contentUrl\":\"https:\/\/secure.gravatar.com\/avatar\/db3aa311fa8063e1f4df6b2da249929f?s=96&d=mm&r=g\",\"caption\":\"gsantana2005\"},\"sameAs\":[\"http:\/\/gsantana2005.net\"],\"url\":\"https:\/\/gsantana2005.net\/author\/gsantana2005\/\"}]}<\/script>\n<!-- \/ Yoast SEO plugin. -->","yoast_head_json":{"title":"Acidifica\u00e7\u00e3o dos Oceanos: Uma Crise Silenciosa - gsantana2005","description":"Acidifica\u00e7\u00e3o dos Oceanos: Uma Crise Silenciosa \u00e9 um artigo que mostra como os efeitos do aquecimento global afeta a vida aqu\u00e1tica do planeta","robots":{"index":"index","follow":"follow","max-snippet":"max-snippet:-1","max-image-preview":"max-image-preview:large","max-video-preview":"max-video-preview:-1"},"canonical":"https:\/\/gsantana2005.net\/index.php\/2024\/06\/05\/acidificacao-dos-oceanos-uma-crise-silenciosa\/","og_locale":"pt_BR","og_type":"article","og_title":"Acidifica\u00e7\u00e3o dos Oceanos: Uma Crise Silenciosa - gsantana2005","og_description":"Acidifica\u00e7\u00e3o dos Oceanos: Uma Crise Silenciosa \u00e9 um artigo que mostra como os efeitos do aquecimento global afeta a vida aqu\u00e1tica do planeta","og_url":"https:\/\/gsantana2005.net\/index.php\/2024\/06\/05\/acidificacao-dos-oceanos-uma-crise-silenciosa\/","og_site_name":"gsantana2005","article_published_time":"2024-06-05T02:52:07+00:00","article_modified_time":"2024-06-07T12:46:41+00:00","og_image":[{"width":1200,"height":800,"url":"http:\/\/gsantana2005.net\/wp-content\/uploads\/2023\/11\/Energia-Marinha.jpg","type":"image\/jpeg"}],"author":"gsantana2005","twitter_card":"summary_large_image","twitter_misc":{"Escrito por":"gsantana2005","Est. tempo de leitura":"6 minutos"},"schema":{"@context":"https:\/\/schema.org","@graph":[{"@type":"Article","@id":"https:\/\/gsantana2005.net\/index.php\/2024\/06\/05\/acidificacao-dos-oceanos-uma-crise-silenciosa\/#article","isPartOf":{"@id":"https:\/\/gsantana2005.net\/index.php\/2024\/06\/05\/acidificacao-dos-oceanos-uma-crise-silenciosa\/"},"author":{"name":"gsantana2005","@id":"https:\/\/gsantana2005.net\/#\/schema\/person\/78c90c6f49a46ef4c8e69bafec347cb7"},"headline":"Acidifica\u00e7\u00e3o dos Oceanos: Uma Crise Silenciosa","datePublished":"2024-06-05T02:52:07+00:00","dateModified":"2024-06-07T12:46:41+00:00","mainEntityOfPage":{"@id":"https:\/\/gsantana2005.net\/index.php\/2024\/06\/05\/acidificacao-dos-oceanos-uma-crise-silenciosa\/"},"wordCount":1135,"commentCount":0,"publisher":{"@id":"https:\/\/gsantana2005.net\/#organization"},"image":{"@id":"https:\/\/gsantana2005.net\/index.php\/2024\/06\/05\/acidificacao-dos-oceanos-uma-crise-silenciosa\/#primaryimage"},"thumbnailUrl":"https:\/\/gsantana2005.net\/wp-content\/uploads\/2023\/11\/Energia-Marinha.jpg","keywords":["Biodiversidade Marinha","Cadeia Alimentar Marinha","Carbonato de C\u00e1lcio","Di\u00f3xido de Carbono (CO\u2082)","Impactos Ecol\u00f3gicos","Mitiga\u00e7\u00e3o Ambiental","Mudan\u00e7as Clim\u00e1tica","pH dos Oceanos","Recifes de Corais","Vida Marinha"],"articleSection":["Ambiente","Dr Genilson Santana"],"inLanguage":"pt-BR","potentialAction":[{"@type":"CommentAction","name":"Comment","target":["https:\/\/gsantana2005.net\/index.php\/2024\/06\/05\/acidificacao-dos-oceanos-uma-crise-silenciosa\/#respond"]}]},{"@type":"WebPage","@id":"https:\/\/gsantana2005.net\/index.php\/2024\/06\/05\/acidificacao-dos-oceanos-uma-crise-silenciosa\/","url":"https:\/\/gsantana2005.net\/index.php\/2024\/06\/05\/acidificacao-dos-oceanos-uma-crise-silenciosa\/","name":"Acidifica\u00e7\u00e3o dos Oceanos: Uma Crise Silenciosa - gsantana2005","isPartOf":{"@id":"https:\/\/gsantana2005.net\/#website"},"primaryImageOfPage":{"@id":"https:\/\/gsantana2005.net\/index.php\/2024\/06\/05\/acidificacao-dos-oceanos-uma-crise-silenciosa\/#primaryimage"},"image":{"@id":"https:\/\/gsantana2005.net\/index.php\/2024\/06\/05\/acidificacao-dos-oceanos-uma-crise-silenciosa\/#primaryimage"},"thumbnailUrl":"https:\/\/gsantana2005.net\/wp-content\/uploads\/2023\/11\/Energia-Marinha.jpg","datePublished":"2024-06-05T02:52:07+00:00","dateModified":"2024-06-07T12:46:41+00:00","description":"Acidifica\u00e7\u00e3o dos Oceanos: Uma Crise Silenciosa \u00e9 um artigo que mostra como os efeitos do aquecimento global afeta a vida aqu\u00e1tica do planeta","breadcrumb":{"@id":"https:\/\/gsantana2005.net\/index.php\/2024\/06\/05\/acidificacao-dos-oceanos-uma-crise-silenciosa\/#breadcrumb"},"inLanguage":"pt-BR","potentialAction":[{"@type":"ReadAction","target":["https:\/\/gsantana2005.net\/index.php\/2024\/06\/05\/acidificacao-dos-oceanos-uma-crise-silenciosa\/"]}]},{"@type":"ImageObject","inLanguage":"pt-BR","@id":"https:\/\/gsantana2005.net\/index.php\/2024\/06\/05\/acidificacao-dos-oceanos-uma-crise-silenciosa\/#primaryimage","url":"https:\/\/gsantana2005.net\/wp-content\/uploads\/2023\/11\/Energia-Marinha.jpg","contentUrl":"https:\/\/gsantana2005.net\/wp-content\/uploads\/2023\/11\/Energia-Marinha.jpg","width":1200,"height":800,"caption":"Energia renov\u00e1vel"},{"@type":"BreadcrumbList","@id":"https:\/\/gsantana2005.net\/index.php\/2024\/06\/05\/acidificacao-dos-oceanos-uma-crise-silenciosa\/#breadcrumb","itemListElement":[{"@type":"ListItem","position":1,"name":"Home","item":"https:\/\/gsantana2005.net\/"},{"@type":"ListItem","position":2,"name":"Acidifica\u00e7\u00e3o dos Oceanos: Uma Crise Silenciosa"}]},{"@type":"WebSite","@id":"https:\/\/gsantana2005.net\/#website","url":"https:\/\/gsantana2005.net\/","name":"gsantana2005","description":"Sejamos sustent\u00e1veis","publisher":{"@id":"https:\/\/gsantana2005.net\/#organization"},"potentialAction":[{"@type":"SearchAction","target":{"@type":"EntryPoint","urlTemplate":"https:\/\/gsantana2005.net\/?s={search_term_string}"},"query-input":{"@type":"PropertyValueSpecification","valueRequired":true,"valueName":"search_term_string"}}],"inLanguage":"pt-BR"},{"@type":"Organization","@id":"https:\/\/gsantana2005.net\/#organization","name":"gsantana2005","url":"https:\/\/gsantana2005.net\/","logo":{"@type":"ImageObject","inLanguage":"pt-BR","@id":"https:\/\/gsantana2005.net\/#\/schema\/logo\/image\/","url":"https:\/\/gsantana2005.net\/wp-content\/uploads\/2023\/06\/cropped-Gs-sem-fundo.jpg","contentUrl":"https:\/\/gsantana2005.net\/wp-content\/uploads\/2023\/06\/cropped-Gs-sem-fundo.jpg","width":100,"height":100,"caption":"gsantana2005"},"image":{"@id":"https:\/\/gsantana2005.net\/#\/schema\/logo\/image\/"}},{"@type":"Person","@id":"https:\/\/gsantana2005.net\/#\/schema\/person\/78c90c6f49a46ef4c8e69bafec347cb7","name":"gsantana2005","image":{"@type":"ImageObject","inLanguage":"pt-BR","@id":"https:\/\/gsantana2005.net\/#\/schema\/person\/image\/","url":"https:\/\/secure.gravatar.com\/avatar\/db3aa311fa8063e1f4df6b2da249929f?s=96&d=mm&r=g","contentUrl":"https:\/\/secure.gravatar.com\/avatar\/db3aa311fa8063e1f4df6b2da249929f?s=96&d=mm&r=g","caption":"gsantana2005"},"sameAs":["http:\/\/gsantana2005.net"],"url":"https:\/\/gsantana2005.net\/author\/gsantana2005\/"}]}},"amp_enabled":true,"_links":{"self":[{"href":"https:\/\/gsantana2005.net\/index.php\/wp-json\/wp\/v2\/posts\/1315"}],"collection":[{"href":"https:\/\/gsantana2005.net\/index.php\/wp-json\/wp\/v2\/posts"}],"about":[{"href":"https:\/\/gsantana2005.net\/index.php\/wp-json\/wp\/v2\/types\/post"}],"author":[{"embeddable":true,"href":"https:\/\/gsantana2005.net\/index.php\/wp-json\/wp\/v2\/users\/1"}],"replies":[{"embeddable":true,"href":"https:\/\/gsantana2005.net\/index.php\/wp-json\/wp\/v2\/comments?post=1315"}],"version-history":[{"count":1,"href":"https:\/\/gsantana2005.net\/index.php\/wp-json\/wp\/v2\/posts\/1315\/revisions"}],"predecessor-version":[{"id":1316,"href":"https:\/\/gsantana2005.net\/index.php\/wp-json\/wp\/v2\/posts\/1315\/revisions\/1316"}],"wp:featuredmedia":[{"embeddable":true,"href":"https:\/\/gsantana2005.net\/index.php\/wp-json\/wp\/v2\/media\/800"}],"wp:attachment":[{"href":"https:\/\/gsantana2005.net\/index.php\/wp-json\/wp\/v2\/media?parent=1315"}],"wp:term":[{"taxonomy":"category","embeddable":true,"href":"https:\/\/gsantana2005.net\/index.php\/wp-json\/wp\/v2\/categories?post=1315"},{"taxonomy":"post_tag","embeddable":true,"href":"https:\/\/gsantana2005.net\/index.php\/wp-json\/wp\/v2\/tags?post=1315"}],"curies":[{"name":"wp","href":"https:\/\/api.w.org\/{rel}","templated":true}]}}