{"id":1323,"date":"2024-07-09T18:12:40","date_gmt":"2024-07-09T18:12:40","guid":{"rendered":"https:\/\/gsantana2005.net\/?p=1323"},"modified":"2024-07-09T18:21:50","modified_gmt":"2024-07-09T18:21:50","slug":"residuos-solidos-uma-visao-abrangente","status":"publish","type":"post","link":"https:\/\/gsantana2005.net\/index.php\/2024\/07\/09\/residuos-solidos-uma-visao-abrangente\/","title":{"rendered":"Res\u00edduos S\u00f3lidos: Uma Vis\u00e3o Abrangente"},"content":{"rendered":"\n<p>Res\u00edduos S\u00f3lidos: Uma Vis\u00e3o Abrangente trata de um artigo sobre esse passivo ambiental que poluir praticamente o mundo todo. Ent\u00e3o, os res\u00edduos s\u00f3lidos representam um desafio significativo para a gest\u00e3o ambiental e a sa\u00fade p\u00fablica. Assim, a sua disposi\u00e7\u00e3o inadequada pode levar \u00e0 polui\u00e7\u00e3o do solo, da \u00e1gua e do ar. Lix\u00f5es a c\u00e9u aberto, por exemplo, podem contaminar len\u00e7\u00f3is fre\u00e1ticos e corpos d&#8217;\u00e1gua com subst\u00e2ncias t\u00f3xicas, al\u00e9m de liberar gases nocivos para a atmosfera. Al\u00e9m disso, a m\u00e1 gest\u00e3o dos res\u00edduos s\u00f3lidos pode causar s\u00e9rios problemas de sa\u00fade p\u00fablica. A presen\u00e7a de res\u00edduos em \u00e1reas urbanas pode atrair vetores de doen\u00e7as, como ratos, moscas e mosquitos, que s\u00e3o respons\u00e1veis pela transmiss\u00e3o de doen\u00e7as como leptospirose, dengue e zika.<\/p>\n\n\n\n<p>Outro problema significativo \u00e9 a degrada\u00e7\u00e3o de ecossistemas; ou seja, res\u00edduos s\u00f3lidos descartados inadequadamente podem causar a degrada\u00e7\u00e3o de ecossistemas naturais. Dessa forma, pl\u00e1sticos e outros materiais n\u00e3o biodegrad\u00e1veis j\u00e1 causam problema em animais marinhos e terrestres. A ingest\u00e3o de pl\u00e1sticos vem causando a morte de diversas esp\u00e9cies e desequilibrando ecossistemas inteiros. Al\u00e9m disso, a falta de pr\u00e1ticas de reciclagem e reutiliza\u00e7\u00e3o leva ao esgotamento de recursos naturais. A extra\u00e7\u00e3o cont\u00ednua de mat\u00e9rias-primas para a produ\u00e7\u00e3o de novos produtos, em vez de reciclar materiais existentes, contribui para a degrada\u00e7\u00e3o ambiental e a perda de biodiversidade.<\/p>\n\n\n\n<figure class=\"wp-block-image size-large\"><img loading=\"lazy\" decoding=\"async\" width=\"1024\" height=\"768\" src=\"http:\/\/gsantana2005.net\/wp-content\/uploads\/2023\/06\/residuos-solidos-1-1024x768.jpg\" alt=\"res\u00edduos pl\u00e1sticos\" class=\"wp-image-479\" srcset=\"https:\/\/gsantana2005.net\/wp-content\/uploads\/2023\/06\/residuos-solidos-1-1024x768.jpg 1024w, https:\/\/gsantana2005.net\/wp-content\/uploads\/2023\/06\/residuos-solidos-1-300x225.jpg 300w, https:\/\/gsantana2005.net\/wp-content\/uploads\/2023\/06\/residuos-solidos-1-768x576.jpg 768w, https:\/\/gsantana2005.net\/wp-content\/uploads\/2023\/06\/residuos-solidos-1.jpg 1280w\" sizes=\"(max-width: 1024px) 100vw, 1024px\" \/><\/figure>\n\n\n\n<h4 class=\"wp-block-heading\">Os res\u00edduos pl\u00e1sticos tomam conta do mundo<\/h4>\n\n\n\n<p>Por outro lado, a decomposi\u00e7\u00e3o de res\u00edduos org\u00e2nicos em aterros sanit\u00e1rios libera metano (CH<sub>4<\/sub>), um g\u00e1s de efeito estufa muito mais potente que o di\u00f3xido de carbono (CO<sub>2<\/sub>). Isso contribui significativamente para o aquecimento global e as mudan\u00e7as clim\u00e1ticas. A gest\u00e3o inadequada dos res\u00edduos s\u00f3lidos pode resultar em altos custos econ\u00f4micos para os governos e a sociedade. A limpeza de \u00e1reas com res\u00edduos, o tratamento de doen\u00e7as relacionadas \u00e0 polui\u00e7\u00e3o e a constru\u00e7\u00e3o de novas infraestruturas  s\u00e3o exemplos de uma gest\u00e3o mais eficiente.<\/p>\n\n\n\n<p>Al\u00e9m disso, a falta de reciclagem e compostagem resulta em desperd\u00edcio de energia. A produ\u00e7\u00e3o de novos materiais a partir de mat\u00e9rias-primas virgens consome muito mais energia do que a reciclagem de materiais existentes. A compostagem de res\u00edduos org\u00e2nicos pode gerar energia na forma de biog\u00e1s. Em muitos pa\u00edses, incluindo o Brasil, a gest\u00e3o inadequada dos res\u00edduos s\u00f3lidos afeta desproporcionalmente as comunidades mais pobres. Essas comunidades frequentemente vivem pr\u00f3ximas a lix\u00f5es e aterros sanit\u00e1rios, enfrentando maiores riscos \u00e0 sa\u00fade e ao meio ambiente.<\/p>\n\n\n\n<h2 class=\"wp-block-heading\">Classifica\u00e7\u00e3o dos Res\u00edduos S\u00f3lidos<\/h2>\n\n\n\n<p>Em princ\u00edpio, uma class\u00edfica\u00e7\u00e3o baseada em res\u00edduos s\u00f3lidos, industriais, org\u00e2ncios e inorg\u00e2nicos \u00e9 bastante interessante. Assim, teremos<\/p>\n\n\n\n<p><strong>Res\u00edduos S\u00f3lidos<\/strong>:  De acordo com a Lei n\u00ba 12.305, de 2 de agosto de 2010, que institui a Pol\u00edtica Nacional de Res\u00edduos S\u00f3lidos; altera a Lei no 9.605, de 12 de fevereiro de 1998; e d\u00e1 outras provid\u00eancias. Assim, <em>\u00a0<strong>res\u00edduos s\u00f3lidos<\/strong>: material, subst\u00e2ncia, objeto ou bem descartado resultante de atividades humanas em sociedade, a cuja destina\u00e7\u00e3o final se procede, se prop\u00f5e proceder ou se est\u00e1 obrigado a proceder, nos estados s\u00f3lido ou semiss\u00f3lido, bem como gases contidos em recipientes e l\u00edquidos cujas particularidades tornem invi\u00e1vel o seu lan\u00e7amento na rede p\u00fablica de esgotos ou em corpos d\u2019\u00e1gua, ou exijam para isso solu\u00e7\u00f5es t\u00e9cnica ou economicamente invi\u00e1veis em face da melhor tecnologia dispon\u00edvel<\/em>.<\/p>\n\n\n\n<p><strong>Res\u00edduos S\u00f3lidos Industriais:<\/strong> A defini\u00e7\u00e3o de res\u00edduo s\u00f3lido industrial, segundo o\u00a0<a href=\"http:\/\/conama.mma.gov.br\/\" rel=\"nofollow noopener\" target=\"_blank\">CONAMA<\/a>\u00a0(<a href=\"http:\/\/conama.mma.gov.br\/\" rel=\"nofollow noopener\" target=\"_blank\">Conselho Nacional do Meio Ambiente<\/a>), \u00e9 a seguinte:<\/p>\n\n\n\n<p><em>\u201c\u00c9 todo o res\u00edduo que resulte de atividades industriais e que se encontre nos estados s\u00f3lido, semi-s\u00f3lido, gasoso \u2013 quando contido, e l\u00edquido \u2013 cujas particularidades tornem invi\u00e1vel o seu lan\u00e7amento na rede p\u00fablica de esgoto ou em corpos d\u2019\u00e1gua, ou exijam para isso solu\u00e7\u00f5es t\u00e9cnica ou economicamente invi\u00e1veis em face da melhor tecnologia dispon\u00edvel. Ficam inclu\u00eddos nesta defini\u00e7\u00e3o os lodos provenientes de sistemas de tratamento de \u00e1gua e aqueles gerados em equipamentos e instala\u00e7\u00f5es de controle de polui\u00e7\u00e3o\u201d.<\/em>.<\/p>\n\n\n\n<p><strong>Res\u00edduos S\u00f3lidos Org\u00e2nicos e Inorg\u00e2nicos<\/strong>: O lixo org\u00e2nico \u00e9 simplesmente qualquer material que vem de uma planta ou animal e \u00e9 biodegrad\u00e1vel. Al\u00e9m disso, qualquer coisa que voc\u00ea possa colocar em uma pilha de compostagem \u00e9\u00a0<a href=\"https:\/\/diamundialdalimpeza.com.br\/o-que-e-lixo-organico\/\" rel=\"nofollow noopener\" target=\"_blank\">lixo org\u00e2nico<\/a>.\u00a0O lixo inorg\u00e2nico \u00e9 um tipo de res\u00edduo que n\u00e3o cont\u00e9m compostos org\u00e2nicos e \u00e9 geralmente muito dif\u00edcil de decompor por microorganismos. Geralmente, sua decomposi\u00e7\u00e3o leva mais de 500 anos para uma decomposi\u00e7\u00e3o efetiva.<\/p>\n\n\n\n<h2 class=\"wp-block-heading\">Res\u00edduos S\u00f3lidos no Brasil<\/h2>\n\n\n\n<p>De acordo com o Panorama dos Res\u00edduos S\u00f3lidos 2022, foram gerados no Brasil cerca de 80 milh\u00f5es de toneladas de res\u00edduos s\u00f3lidos domiciliares, das quais 76 milh\u00f5es de toneladas foram coletadas, totalizando uma cobertura de coleta de 93%, mesma m\u00e9dia apontada para a Am\u00e9rica do Sul no relat\u00f3rio. No entanto, 40% dos res\u00edduos coletados no pa\u00eds, cerca de 29,7 milh\u00f5es de toneladas, ainda seguem para destinos inadequados &#8211; lix\u00f5es e aterros controlados.\u00a0<\/p>\n\n\n\n<p>No Brasil, o levantamento revelou que, at\u00e9 2050, a produ\u00e7\u00e3o de res\u00edduos deve crescer mais de 50% e poder\u00e1 alcan\u00e7ar 120 milh\u00f5es de toneladas por ano. Segundo o instituto, o n\u00famero demonstra que o pa\u00eds carece de a\u00e7\u00f5es urgentes.\u00a0Ent\u00e3o, cerca de 2,7 bilh\u00f5es de pessoas em todo o mundo n\u00e3o t\u00eam acesso aos servi\u00e7os b\u00e1sicos de limpeza urbana, como coleta de lixo. No Brasil uma em cada 11 pessoas n\u00e3o disp\u00f5e desse servi\u00e7o. Com isso, mais de 5 milh\u00f5es de toneladas de res\u00edduos s\u00f3lidos deixam de ser coletadas anualmente e acabam descartadas no meio ambiente, com impactos negativos no solo, rios e na sa\u00fade da popula\u00e7\u00e3o.<\/p>\n\n\n\n<h2 class=\"wp-block-heading\">Sustentabilidade e Res\u00edduos S\u00f3lidos<\/h2>\n\n\n\n<p>A sustentabilidade na gest\u00e3o dos res\u00edduos s\u00f3lidos envolve a ado\u00e7\u00e3o de pr\u00e1ticas que minimizem os impactos ambientais e promovam o uso eficiente dos recursos. Isso inclui a implementa\u00e7\u00e3o de programas de reciclagem, compostagem e a conscientiza\u00e7\u00e3o da popula\u00e7\u00e3o sobre a import\u00e2ncia da separa\u00e7\u00e3o correta dos res\u00edduos.<\/p>\n\n\n\n<p><strong>Reciclagem:<\/strong> A reciclagem \u00e9 um processo fundamental para a gest\u00e3o sustent\u00e1vel dos res\u00edduos s\u00f3lidos. Ela permite a recupera\u00e7\u00e3o de materiais presentes no res\u00edduo, transformando-os em novos produtos e reduzindo a necessidade de extra\u00e7\u00e3o de recursos naturais. No Brasil, a reciclagem de materiais como papel, pl\u00e1stico, vidro e metais tem crescido, mas ainda enfrenta desafios como a falta de infraestrutura e a necessidade de maior conscientiza\u00e7\u00e3o da popula\u00e7\u00e3o.<\/p>\n\n\n\n<p><strong>Compostagem:<\/strong> A compostagem \u00e9 uma t\u00e9cnica de tratamento de res\u00edduos s\u00f3lidos org\u00e2nicos que transforma restos de alimentos e outros materiais biodegrad\u00e1veis em adubo org\u00e2nico. Este processo n\u00e3o s\u00f3 reduz a quantidade de res\u00edduos destinados a aterros sanit\u00e1rios, mas tamb\u00e9m produz um fertilizante natural que pode ser utilizado na agricultura e jardinagem, promovendo a sustentabilidade.<\/p>\n\n\n\n<h2 class=\"wp-block-heading\">Conclus\u00e3o<\/h2>\n\n\n\n<p>A gest\u00e3o dos res\u00edduos s\u00f3lidos \u00e9 um aspecto crucial para a sustentabilidade ambiental. No Brasil, apesar dos avan\u00e7os, ainda h\u00e1 muito a ser feito para melhorar a coleta, tratamento e destina\u00e7\u00e3o final dos res\u00edduos. A reciclagem e a compostagem s\u00e3o pr\u00e1ticas essenciais que devem ser incentivadas e ampliadas, contribuindo para a redu\u00e7\u00e3o dos impactos ambientais e a promo\u00e7\u00e3o de um desenvolvimento sustent\u00e1vel.<\/p>\n\n\n\n<p>Fontes<\/p>\n\n\n\n<p><a href=\"https:\/\/semil.sp.gov.br\/educacaoambiental\/prateleira-ambiental\/residuos-solidos-3\/#:~:text=XVI%20%E2%80%93%20res%C3%ADduos%20s%C3%B3lidos%3A%20material%2C,e%20l%C3%ADquidos%20cujas%20particularidades%20tornem\" target=\"_blank\" rel=\"noreferrer noopener nofollow\">Governo de S\u00e3o Paulo<\/a><\/p>\n\n\n\n<p><a href=\"https:\/\/www.novaambiental.com.br\/residuos-solidos-industriais\/\" rel=\"nofollow noopener\" target=\"_blank\">Nova Ambiental<\/a><\/p>\n\n\n\n<p><a href=\"https:\/\/diamundialdalimpeza.com.br\/lixo-organico-e-inorganico\/\" target=\"_blank\" rel=\"noreferrer noopener nofollow\">Dia Mundial<\/a><\/p>\n\n\n\n<p><a href=\"https:\/\/agenciabrasil.ebc.com.br\/economia\/noticia\/2024-02\/geracao-de-lixo-no-mundo-pode-chegar-38-bi-de-toneladas-em-2050#:~:text=De%20acordo%20com%20o%20Panorama,Am%C3%A9rica%20do%20Sul%20no%20relat%C3%B3rio.\" rel=\"nofollow noopener\" target=\"_blank\">Ag\u00eancia Brasil<\/a><\/p>\n\n\n\n<p><\/p>\n","protected":false},"excerpt":{"rendered":"<p>Res\u00edduos S\u00f3lidos: Uma Vis\u00e3o Abrangente trata de um artigo sobre esse passivo ambiental que poluir praticamente o mundo todo. Ent\u00e3o, os res\u00edduos s\u00f3lidos representam um desafio significativo para a gest\u00e3o ambiental e a sa\u00fade p\u00fablica. Assim, a sua disposi\u00e7\u00e3o inadequada pode levar \u00e0 polui\u00e7\u00e3o do solo, da \u00e1gua e do ar. Lix\u00f5es a c\u00e9u aberto, [&hellip;]<\/p>\n","protected":false},"author":1,"featured_media":1293,"comment_status":"open","ping_status":"closed","sticky":false,"template":"","format":"standard","meta":{"om_disable_all_campaigns":false,"_monsterinsights_skip_tracking":false,"_monsterinsights_sitenote_active":false,"_monsterinsights_sitenote_note":"","_monsterinsights_sitenote_category":0,"footnotes":"","_links_to":"","_links_to_target":""},"categories":[2,3],"tags":[77,1173,1172,1170,144,1171,1174,1176,1177,1175,80],"class_list":["post-1323","post","type-post","status-publish","format-standard","has-post-thumbnail","hentry","category-ambiente","category-genilson-pereira-santana","tag-residuos-solidos","tag-residuos-solidos-brasil","tag-residuos-solidos-compostagem","tag-residuos-solidos-e-rejeitos","tag-residuos-solidos-industriais","tag-residuos-solidos-lei","tag-residuos-solidos-organicos-e-inorganicos","tag-residuos-solidos-reciclaveis","tag-residuos-solidos-resumo","tag-residuos-solidos-sustentabilidade","tag-residuos-solidos-urbanos"],"aioseo_notices":[],"yoast_head":"<!-- This site is optimized with the Yoast SEO plugin v24.5 - https:\/\/yoast.com\/wordpress\/plugins\/seo\/ -->\n<title>Res\u00edduos S\u00f3lidos: Uma Vis\u00e3o Abrangente - gsantana2005<\/title>\n<meta name=\"description\" content=\"Res\u00edduos S\u00f3lidos: Uma Vis\u00e3o Abrangente trata de um artigo sobre esse passivo ambiental que poluir praticamente o mundo todo.\" \/>\n<meta name=\"robots\" content=\"index, follow, max-snippet:-1, max-image-preview:large, max-video-preview:-1\" \/>\n<link rel=\"canonical\" href=\"https:\/\/gsantana2005.net\/index.php\/2024\/07\/09\/residuos-solidos-uma-visao-abrangente\/\" \/>\n<meta property=\"og:locale\" content=\"pt_BR\" \/>\n<meta property=\"og:type\" content=\"article\" \/>\n<meta property=\"og:title\" content=\"Res\u00edduos S\u00f3lidos: Uma Vis\u00e3o Abrangente - gsantana2005\" \/>\n<meta property=\"og:description\" content=\"Res\u00edduos S\u00f3lidos: Uma Vis\u00e3o Abrangente trata de um artigo sobre esse passivo ambiental que poluir praticamente o mundo todo.\" \/>\n<meta property=\"og:url\" content=\"https:\/\/gsantana2005.net\/index.php\/2024\/07\/09\/residuos-solidos-uma-visao-abrangente\/\" \/>\n<meta property=\"og:site_name\" content=\"gsantana2005\" \/>\n<meta property=\"article:published_time\" content=\"2024-07-09T18:12:40+00:00\" \/>\n<meta property=\"article:modified_time\" content=\"2024-07-09T18:21:50+00:00\" \/>\n<meta property=\"og:image\" content=\"http:\/\/gsantana2005.net\/wp-content\/uploads\/2024\/05\/Plastico.jpeg\" \/>\n\t<meta property=\"og:image:width\" content=\"736\" \/>\n\t<meta property=\"og:image:height\" content=\"414\" \/>\n\t<meta property=\"og:image:type\" content=\"image\/jpeg\" \/>\n<meta name=\"author\" content=\"gsantana2005\" \/>\n<meta name=\"twitter:card\" content=\"summary_large_image\" \/>\n<meta name=\"twitter:label1\" content=\"Escrito por\" \/>\n\t<meta name=\"twitter:data1\" content=\"gsantana2005\" \/>\n\t<meta name=\"twitter:label2\" content=\"Est. tempo de leitura\" \/>\n\t<meta name=\"twitter:data2\" content=\"7 minutos\" \/>\n<script type=\"application\/ld+json\" class=\"yoast-schema-graph\">{\"@context\":\"https:\/\/schema.org\",\"@graph\":[{\"@type\":\"Article\",\"@id\":\"https:\/\/gsantana2005.net\/index.php\/2024\/07\/09\/residuos-solidos-uma-visao-abrangente\/#article\",\"isPartOf\":{\"@id\":\"https:\/\/gsantana2005.net\/index.php\/2024\/07\/09\/residuos-solidos-uma-visao-abrangente\/\"},\"author\":{\"name\":\"gsantana2005\",\"@id\":\"https:\/\/gsantana2005.net\/#\/schema\/person\/78c90c6f49a46ef4c8e69bafec347cb7\"},\"headline\":\"Res\u00edduos S\u00f3lidos: Uma Vis\u00e3o Abrangente\",\"datePublished\":\"2024-07-09T18:12:40+00:00\",\"dateModified\":\"2024-07-09T18:21:50+00:00\",\"mainEntityOfPage\":{\"@id\":\"https:\/\/gsantana2005.net\/index.php\/2024\/07\/09\/residuos-solidos-uma-visao-abrangente\/\"},\"wordCount\":1329,\"commentCount\":0,\"publisher\":{\"@id\":\"https:\/\/gsantana2005.net\/#organization\"},\"image\":{\"@id\":\"https:\/\/gsantana2005.net\/index.php\/2024\/07\/09\/residuos-solidos-uma-visao-abrangente\/#primaryimage\"},\"thumbnailUrl\":\"https:\/\/gsantana2005.net\/wp-content\/uploads\/2024\/05\/Plastico.jpeg\",\"keywords\":[\"residuos solidos\",\"residuos s\u00f3lidos brasil\",\"residuos s\u00f3lidos compostagem\",\"residuos s\u00f3lidos e rejeitos\",\"residuos solidos industriais\",\"res\u00edduos s\u00f3lidos lei\",\"residuos s\u00f3lidos organicos e inorganicos\",\"res\u00edduos s\u00f3lidos recicl\u00e1veis\",\"res\u00edduos s\u00f3lidos resumo\",\"residuos s\u00f3lidos sustentabilidade\",\"res\u00edduos s\u00f3lidos urbanos\"],\"articleSection\":[\"Ambiente\",\"Dr Genilson Santana\"],\"inLanguage\":\"pt-BR\",\"potentialAction\":[{\"@type\":\"CommentAction\",\"name\":\"Comment\",\"target\":[\"https:\/\/gsantana2005.net\/index.php\/2024\/07\/09\/residuos-solidos-uma-visao-abrangente\/#respond\"]}]},{\"@type\":\"WebPage\",\"@id\":\"https:\/\/gsantana2005.net\/index.php\/2024\/07\/09\/residuos-solidos-uma-visao-abrangente\/\",\"url\":\"https:\/\/gsantana2005.net\/index.php\/2024\/07\/09\/residuos-solidos-uma-visao-abrangente\/\",\"name\":\"Res\u00edduos S\u00f3lidos: Uma Vis\u00e3o Abrangente - gsantana2005\",\"isPartOf\":{\"@id\":\"https:\/\/gsantana2005.net\/#website\"},\"primaryImageOfPage\":{\"@id\":\"https:\/\/gsantana2005.net\/index.php\/2024\/07\/09\/residuos-solidos-uma-visao-abrangente\/#primaryimage\"},\"image\":{\"@id\":\"https:\/\/gsantana2005.net\/index.php\/2024\/07\/09\/residuos-solidos-uma-visao-abrangente\/#primaryimage\"},\"thumbnailUrl\":\"https:\/\/gsantana2005.net\/wp-content\/uploads\/2024\/05\/Plastico.jpeg\",\"datePublished\":\"2024-07-09T18:12:40+00:00\",\"dateModified\":\"2024-07-09T18:21:50+00:00\",\"description\":\"Res\u00edduos S\u00f3lidos: Uma Vis\u00e3o Abrangente trata de um artigo sobre esse passivo ambiental que poluir praticamente o mundo todo.\",\"breadcrumb\":{\"@id\":\"https:\/\/gsantana2005.net\/index.php\/2024\/07\/09\/residuos-solidos-uma-visao-abrangente\/#breadcrumb\"},\"inLanguage\":\"pt-BR\",\"potentialAction\":[{\"@type\":\"ReadAction\",\"target\":[\"https:\/\/gsantana2005.net\/index.php\/2024\/07\/09\/residuos-solidos-uma-visao-abrangente\/\"]}]},{\"@type\":\"ImageObject\",\"inLanguage\":\"pt-BR\",\"@id\":\"https:\/\/gsantana2005.net\/index.php\/2024\/07\/09\/residuos-solidos-uma-visao-abrangente\/#primaryimage\",\"url\":\"https:\/\/gsantana2005.net\/wp-content\/uploads\/2024\/05\/Plastico.jpeg\",\"contentUrl\":\"https:\/\/gsantana2005.net\/wp-content\/uploads\/2024\/05\/Plastico.jpeg\",\"width\":736,\"height\":414,\"caption\":\"Plastico\"},{\"@type\":\"BreadcrumbList\",\"@id\":\"https:\/\/gsantana2005.net\/index.php\/2024\/07\/09\/residuos-solidos-uma-visao-abrangente\/#breadcrumb\",\"itemListElement\":[{\"@type\":\"ListItem\",\"position\":1,\"name\":\"Home\",\"item\":\"https:\/\/gsantana2005.net\/\"},{\"@type\":\"ListItem\",\"position\":2,\"name\":\"Res\u00edduos S\u00f3lidos: Uma Vis\u00e3o Abrangente\"}]},{\"@type\":\"WebSite\",\"@id\":\"https:\/\/gsantana2005.net\/#website\",\"url\":\"https:\/\/gsantana2005.net\/\",\"name\":\"gsantana2005\",\"description\":\"Sejamos sustent\u00e1veis\",\"publisher\":{\"@id\":\"https:\/\/gsantana2005.net\/#organization\"},\"potentialAction\":[{\"@type\":\"SearchAction\",\"target\":{\"@type\":\"EntryPoint\",\"urlTemplate\":\"https:\/\/gsantana2005.net\/?s={search_term_string}\"},\"query-input\":{\"@type\":\"PropertyValueSpecification\",\"valueRequired\":true,\"valueName\":\"search_term_string\"}}],\"inLanguage\":\"pt-BR\"},{\"@type\":\"Organization\",\"@id\":\"https:\/\/gsantana2005.net\/#organization\",\"name\":\"gsantana2005\",\"url\":\"https:\/\/gsantana2005.net\/\",\"logo\":{\"@type\":\"ImageObject\",\"inLanguage\":\"pt-BR\",\"@id\":\"https:\/\/gsantana2005.net\/#\/schema\/logo\/image\/\",\"url\":\"https:\/\/gsantana2005.net\/wp-content\/uploads\/2023\/06\/cropped-Gs-sem-fundo.jpg\",\"contentUrl\":\"https:\/\/gsantana2005.net\/wp-content\/uploads\/2023\/06\/cropped-Gs-sem-fundo.jpg\",\"width\":100,\"height\":100,\"caption\":\"gsantana2005\"},\"image\":{\"@id\":\"https:\/\/gsantana2005.net\/#\/schema\/logo\/image\/\"}},{\"@type\":\"Person\",\"@id\":\"https:\/\/gsantana2005.net\/#\/schema\/person\/78c90c6f49a46ef4c8e69bafec347cb7\",\"name\":\"gsantana2005\",\"image\":{\"@type\":\"ImageObject\",\"inLanguage\":\"pt-BR\",\"@id\":\"https:\/\/gsantana2005.net\/#\/schema\/person\/image\/\",\"url\":\"https:\/\/secure.gravatar.com\/avatar\/db3aa311fa8063e1f4df6b2da249929f?s=96&d=mm&r=g\",\"contentUrl\":\"https:\/\/secure.gravatar.com\/avatar\/db3aa311fa8063e1f4df6b2da249929f?s=96&d=mm&r=g\",\"caption\":\"gsantana2005\"},\"sameAs\":[\"http:\/\/gsantana2005.net\"],\"url\":\"https:\/\/gsantana2005.net\/author\/gsantana2005\/\"}]}<\/script>\n<!-- \/ Yoast SEO plugin. -->","yoast_head_json":{"title":"Res\u00edduos S\u00f3lidos: Uma Vis\u00e3o Abrangente - gsantana2005","description":"Res\u00edduos S\u00f3lidos: Uma Vis\u00e3o Abrangente trata de um artigo sobre esse passivo ambiental que poluir praticamente o mundo todo.","robots":{"index":"index","follow":"follow","max-snippet":"max-snippet:-1","max-image-preview":"max-image-preview:large","max-video-preview":"max-video-preview:-1"},"canonical":"https:\/\/gsantana2005.net\/index.php\/2024\/07\/09\/residuos-solidos-uma-visao-abrangente\/","og_locale":"pt_BR","og_type":"article","og_title":"Res\u00edduos S\u00f3lidos: Uma Vis\u00e3o Abrangente - gsantana2005","og_description":"Res\u00edduos S\u00f3lidos: Uma Vis\u00e3o Abrangente trata de um artigo sobre esse passivo ambiental que poluir praticamente o mundo todo.","og_url":"https:\/\/gsantana2005.net\/index.php\/2024\/07\/09\/residuos-solidos-uma-visao-abrangente\/","og_site_name":"gsantana2005","article_published_time":"2024-07-09T18:12:40+00:00","article_modified_time":"2024-07-09T18:21:50+00:00","og_image":[{"width":736,"height":414,"url":"http:\/\/gsantana2005.net\/wp-content\/uploads\/2024\/05\/Plastico.jpeg","type":"image\/jpeg"}],"author":"gsantana2005","twitter_card":"summary_large_image","twitter_misc":{"Escrito por":"gsantana2005","Est. tempo de leitura":"7 minutos"},"schema":{"@context":"https:\/\/schema.org","@graph":[{"@type":"Article","@id":"https:\/\/gsantana2005.net\/index.php\/2024\/07\/09\/residuos-solidos-uma-visao-abrangente\/#article","isPartOf":{"@id":"https:\/\/gsantana2005.net\/index.php\/2024\/07\/09\/residuos-solidos-uma-visao-abrangente\/"},"author":{"name":"gsantana2005","@id":"https:\/\/gsantana2005.net\/#\/schema\/person\/78c90c6f49a46ef4c8e69bafec347cb7"},"headline":"Res\u00edduos S\u00f3lidos: Uma Vis\u00e3o Abrangente","datePublished":"2024-07-09T18:12:40+00:00","dateModified":"2024-07-09T18:21:50+00:00","mainEntityOfPage":{"@id":"https:\/\/gsantana2005.net\/index.php\/2024\/07\/09\/residuos-solidos-uma-visao-abrangente\/"},"wordCount":1329,"commentCount":0,"publisher":{"@id":"https:\/\/gsantana2005.net\/#organization"},"image":{"@id":"https:\/\/gsantana2005.net\/index.php\/2024\/07\/09\/residuos-solidos-uma-visao-abrangente\/#primaryimage"},"thumbnailUrl":"https:\/\/gsantana2005.net\/wp-content\/uploads\/2024\/05\/Plastico.jpeg","keywords":["residuos solidos","residuos s\u00f3lidos brasil","residuos s\u00f3lidos compostagem","residuos s\u00f3lidos e rejeitos","residuos solidos industriais","res\u00edduos s\u00f3lidos lei","residuos s\u00f3lidos organicos e inorganicos","res\u00edduos s\u00f3lidos recicl\u00e1veis","res\u00edduos s\u00f3lidos resumo","residuos s\u00f3lidos sustentabilidade","res\u00edduos s\u00f3lidos urbanos"],"articleSection":["Ambiente","Dr Genilson Santana"],"inLanguage":"pt-BR","potentialAction":[{"@type":"CommentAction","name":"Comment","target":["https:\/\/gsantana2005.net\/index.php\/2024\/07\/09\/residuos-solidos-uma-visao-abrangente\/#respond"]}]},{"@type":"WebPage","@id":"https:\/\/gsantana2005.net\/index.php\/2024\/07\/09\/residuos-solidos-uma-visao-abrangente\/","url":"https:\/\/gsantana2005.net\/index.php\/2024\/07\/09\/residuos-solidos-uma-visao-abrangente\/","name":"Res\u00edduos S\u00f3lidos: Uma Vis\u00e3o Abrangente - gsantana2005","isPartOf":{"@id":"https:\/\/gsantana2005.net\/#website"},"primaryImageOfPage":{"@id":"https:\/\/gsantana2005.net\/index.php\/2024\/07\/09\/residuos-solidos-uma-visao-abrangente\/#primaryimage"},"image":{"@id":"https:\/\/gsantana2005.net\/index.php\/2024\/07\/09\/residuos-solidos-uma-visao-abrangente\/#primaryimage"},"thumbnailUrl":"https:\/\/gsantana2005.net\/wp-content\/uploads\/2024\/05\/Plastico.jpeg","datePublished":"2024-07-09T18:12:40+00:00","dateModified":"2024-07-09T18:21:50+00:00","description":"Res\u00edduos S\u00f3lidos: Uma Vis\u00e3o Abrangente trata de um artigo sobre esse passivo ambiental que poluir praticamente o mundo todo.","breadcrumb":{"@id":"https:\/\/gsantana2005.net\/index.php\/2024\/07\/09\/residuos-solidos-uma-visao-abrangente\/#breadcrumb"},"inLanguage":"pt-BR","potentialAction":[{"@type":"ReadAction","target":["https:\/\/gsantana2005.net\/index.php\/2024\/07\/09\/residuos-solidos-uma-visao-abrangente\/"]}]},{"@type":"ImageObject","inLanguage":"pt-BR","@id":"https:\/\/gsantana2005.net\/index.php\/2024\/07\/09\/residuos-solidos-uma-visao-abrangente\/#primaryimage","url":"https:\/\/gsantana2005.net\/wp-content\/uploads\/2024\/05\/Plastico.jpeg","contentUrl":"https:\/\/gsantana2005.net\/wp-content\/uploads\/2024\/05\/Plastico.jpeg","width":736,"height":414,"caption":"Plastico"},{"@type":"BreadcrumbList","@id":"https:\/\/gsantana2005.net\/index.php\/2024\/07\/09\/residuos-solidos-uma-visao-abrangente\/#breadcrumb","itemListElement":[{"@type":"ListItem","position":1,"name":"Home","item":"https:\/\/gsantana2005.net\/"},{"@type":"ListItem","position":2,"name":"Res\u00edduos S\u00f3lidos: Uma Vis\u00e3o Abrangente"}]},{"@type":"WebSite","@id":"https:\/\/gsantana2005.net\/#website","url":"https:\/\/gsantana2005.net\/","name":"gsantana2005","description":"Sejamos sustent\u00e1veis","publisher":{"@id":"https:\/\/gsantana2005.net\/#organization"},"potentialAction":[{"@type":"SearchAction","target":{"@type":"EntryPoint","urlTemplate":"https:\/\/gsantana2005.net\/?s={search_term_string}"},"query-input":{"@type":"PropertyValueSpecification","valueRequired":true,"valueName":"search_term_string"}}],"inLanguage":"pt-BR"},{"@type":"Organization","@id":"https:\/\/gsantana2005.net\/#organization","name":"gsantana2005","url":"https:\/\/gsantana2005.net\/","logo":{"@type":"ImageObject","inLanguage":"pt-BR","@id":"https:\/\/gsantana2005.net\/#\/schema\/logo\/image\/","url":"https:\/\/gsantana2005.net\/wp-content\/uploads\/2023\/06\/cropped-Gs-sem-fundo.jpg","contentUrl":"https:\/\/gsantana2005.net\/wp-content\/uploads\/2023\/06\/cropped-Gs-sem-fundo.jpg","width":100,"height":100,"caption":"gsantana2005"},"image":{"@id":"https:\/\/gsantana2005.net\/#\/schema\/logo\/image\/"}},{"@type":"Person","@id":"https:\/\/gsantana2005.net\/#\/schema\/person\/78c90c6f49a46ef4c8e69bafec347cb7","name":"gsantana2005","image":{"@type":"ImageObject","inLanguage":"pt-BR","@id":"https:\/\/gsantana2005.net\/#\/schema\/person\/image\/","url":"https:\/\/secure.gravatar.com\/avatar\/db3aa311fa8063e1f4df6b2da249929f?s=96&d=mm&r=g","contentUrl":"https:\/\/secure.gravatar.com\/avatar\/db3aa311fa8063e1f4df6b2da249929f?s=96&d=mm&r=g","caption":"gsantana2005"},"sameAs":["http:\/\/gsantana2005.net"],"url":"https:\/\/gsantana2005.net\/author\/gsantana2005\/"}]}},"amp_enabled":true,"_links":{"self":[{"href":"https:\/\/gsantana2005.net\/index.php\/wp-json\/wp\/v2\/posts\/1323"}],"collection":[{"href":"https:\/\/gsantana2005.net\/index.php\/wp-json\/wp\/v2\/posts"}],"about":[{"href":"https:\/\/gsantana2005.net\/index.php\/wp-json\/wp\/v2\/types\/post"}],"author":[{"embeddable":true,"href":"https:\/\/gsantana2005.net\/index.php\/wp-json\/wp\/v2\/users\/1"}],"replies":[{"embeddable":true,"href":"https:\/\/gsantana2005.net\/index.php\/wp-json\/wp\/v2\/comments?post=1323"}],"version-history":[{"count":2,"href":"https:\/\/gsantana2005.net\/index.php\/wp-json\/wp\/v2\/posts\/1323\/revisions"}],"predecessor-version":[{"id":1333,"href":"https:\/\/gsantana2005.net\/index.php\/wp-json\/wp\/v2\/posts\/1323\/revisions\/1333"}],"wp:featuredmedia":[{"embeddable":true,"href":"https:\/\/gsantana2005.net\/index.php\/wp-json\/wp\/v2\/media\/1293"}],"wp:attachment":[{"href":"https:\/\/gsantana2005.net\/index.php\/wp-json\/wp\/v2\/media?parent=1323"}],"wp:term":[{"taxonomy":"category","embeddable":true,"href":"https:\/\/gsantana2005.net\/index.php\/wp-json\/wp\/v2\/categories?post=1323"},{"taxonomy":"post_tag","embeddable":true,"href":"https:\/\/gsantana2005.net\/index.php\/wp-json\/wp\/v2\/tags?post=1323"}],"curies":[{"name":"wp","href":"https:\/\/api.w.org\/{rel}","templated":true}]}}