{"id":452,"date":"2023-06-19T01:25:22","date_gmt":"2023-06-19T01:25:22","guid":{"rendered":"https:\/\/gsantana2005.net\/?p=452"},"modified":"2024-05-13T19:49:15","modified_gmt":"2024-05-13T19:49:15","slug":"microplasticos-a-ameaca-invisivel-ao-meio-ambiente-e-a-saude","status":"publish","type":"post","link":"https:\/\/gsantana2005.net\/index.php\/2023\/06\/19\/microplasticos-a-ameaca-invisivel-ao-meio-ambiente-e-a-saude\/","title":{"rendered":"Micropl\u00e1sticos: A Amea\u00e7a Invis\u00edvel ao Meio Ambiente e \u00e0 Sa\u00fade"},"content":{"rendered":"\n<figure class=\"wp-block-image size-large is-resized\"><img loading=\"lazy\" decoding=\"async\" width=\"683\" height=\"1024\" src=\"https:\/\/gsantana2005.net\/wp-content\/uploads\/2023\/06\/eckson-683x1024.jpg\" alt=\"\" class=\"wp-image-455\" style=\"width:193px;height:289px\" srcset=\"https:\/\/gsantana2005.net\/wp-content\/uploads\/2023\/06\/eckson-683x1024.jpg 683w, https:\/\/gsantana2005.net\/wp-content\/uploads\/2023\/06\/eckson-200x300.jpg 200w, https:\/\/gsantana2005.net\/wp-content\/uploads\/2023\/06\/eckson-768x1151.jpg 768w, https:\/\/gsantana2005.net\/wp-content\/uploads\/2023\/06\/eckson-1025x1536.jpg 1025w, https:\/\/gsantana2005.net\/wp-content\/uploads\/2023\/06\/eckson.jpg 1200w\" sizes=\"(max-width: 683px) 100vw, 683px\" \/><\/figure>\n\n\n\n<p>Ecson Braga<\/p>\n\n\n\n<p><strong>Micropl\u00e1sticos: A Amea\u00e7a Invis\u00edvel ao Meio Ambiente<\/strong> e \u00e0 Sa\u00fade mostra para voc\u00ea essa polui\u00e7\u00e3o que preocupa muito nos \u00faltimos tempos. Os micropl\u00e1sticos s\u00e3o uma preocupa\u00e7\u00e3o crescente em todo o mundo devido ao seu impacto ambiental e potenciais riscos para a sa\u00fade humana. Essas pequenas part\u00edculas de pl\u00e1stico est\u00e3o presentes em diversos ecossistemas. Elas se tornaram uma amea\u00e7a invis\u00edvel aos nossos oceanos, rios, lagos e solos. <\/p>\n\n\n\n<p>Neste artigo, exploraremos os principais aspectos relacionados aos micropl\u00e1sticos.<\/p>\n\n\n\n<h2 class=\"wp-block-heading\"><strong>O que s\u00e3o micropl\u00e1sticos<\/strong><\/h2>\n\n\n\n<figure class=\"wp-block-image size-full is-resized\"><img loading=\"lazy\" decoding=\"async\" width=\"436\" height=\"261\" src=\"http:\/\/gsantana2005.net\/wp-content\/uploads\/2023\/06\/plastico1.png\" alt=\"mciroplasticos\" class=\"wp-image-406\" style=\"width:866px;height:518px\" srcset=\"https:\/\/gsantana2005.net\/wp-content\/uploads\/2023\/06\/plastico1.png 436w, https:\/\/gsantana2005.net\/wp-content\/uploads\/2023\/06\/plastico1-300x180.png 300w\" sizes=\"(max-width: 436px) 100vw, 436px\" \/><\/figure>\n\n\n\n<p>Os micropl\u00e1sticos s\u00e3o pequenas part\u00edculas de pl\u00e1stico, geralmente com tamanho inferior a 5 mm. Podem ter formas variadas, como microesferas, fibras ou fragmentos irregulares. S\u00e3o persistentes no meio ambiente e podem ser classificados em prim\u00e1rios (produzidos intencionalmente) e secund\u00e1rios (resultantes da fragmenta\u00e7\u00e3o de pl\u00e1sticos maiores). S\u00e3o encontrados em oceanos, rios, lagos, solos e at\u00e9 mesmo no ar.<\/p>\n\n\n\n<h3 class=\"wp-block-heading\">Tipos de micropl\u00e1sticos: prim\u00e1rios e secund\u00e1rios<\/h3>\n\n\n\n<p>Os prim\u00e1rios s\u00e3o produzidos intencionalmente para uso em produtos, como microesferas em cosm\u00e9ticos. Os secund\u00e1rios s\u00e3o formados a partir da fragmenta\u00e7\u00e3o de pl\u00e1sticos maiores. Ambos os tipos contribuem para a contamina\u00e7\u00e3o ambiental e representam desafios para os ecossistemas e a sa\u00fade humana. \u00c9 importante adotar medidas para reduzir a produ\u00e7\u00e3o e libera\u00e7\u00e3o de micropl\u00e1sticos.<\/p>\n\n\n\n<h3 class=\"wp-block-heading\">Fontes de micropl\u00e1sticos<\/h3>\n\n\n\n<p>As principais fontes de micropl\u00e1sticos s\u00e3o produtos de cuidados pessoais que cont\u00eam microesferas de pl\u00e1stico, a fragmenta\u00e7\u00e3o de pl\u00e1sticos maiores, a descarga de \u00e1guas residuais e a m\u00e1 gest\u00e3o de res\u00edduos pl\u00e1sticos em geral. Essas atividades humanas liberam part\u00edculas de pl\u00e1stico no meio ambiente. <\/p>\n\n\n\n<p>Para lidar com o problema dos micropl\u00e1sticos, \u00e9 necess\u00e1rio reduzir a produ\u00e7\u00e3o e o consumo de pl\u00e1sticos, melhorar a gest\u00e3o de res\u00edduos e promover alternativas sustent\u00e1veis aos pl\u00e1sticos descart\u00e1veis.<\/p>\n\n\n\n<h2 class=\"wp-block-heading\"><strong>Impacto ambiental dos micropl\u00e1sticos<\/strong><\/h2>\n\n\n\n<figure class=\"wp-block-image size-full\"><img loading=\"lazy\" decoding=\"async\" width=\"1020\" height=\"680\" src=\"https:\/\/gsantana2005.net\/wp-content\/uploads\/2023\/06\/microplastico.jpg\" alt=\"\" class=\"wp-image-454\" srcset=\"https:\/\/gsantana2005.net\/wp-content\/uploads\/2023\/06\/microplastico.jpg 1020w, https:\/\/gsantana2005.net\/wp-content\/uploads\/2023\/06\/microplastico-300x200.jpg 300w, https:\/\/gsantana2005.net\/wp-content\/uploads\/2023\/06\/microplastico-768x512.jpg 768w\" sizes=\"(max-width: 1020px) 100vw, 1020px\" \/><\/figure>\n\n\n\n<p>Os micropl\u00e1sticos s\u00e3o um problema de polui\u00e7\u00e3o dos oceanos e ecossistemas aqu\u00e1ticos. Eles entram nos corpos d&#8217;\u00e1gua atrav\u00e9s de diversas fontes, como descarga de esgotos e fragmenta\u00e7\u00e3o de pl\u00e1sticos maiores. Uma vez nos oceanos, os micropl\u00e1sticos s\u00e3o ingeridos por organismos marinhos, causando danos f\u00edsicos e liberando subst\u00e2ncias qu\u00edmicas t\u00f3xicas.<\/p>\n\n\n\n<p> Isso afeta a sa\u00fade dos organismos e pode causar desequil\u00edbrios nos ecossistemas. Para combater essa polui\u00e7\u00e3o, \u00e9 necess\u00e1rio tratar adequadamente os esgotos e promover a conscientiza\u00e7\u00e3o sobre os impactos dos micropl\u00e1sticos. Pol\u00edticas e regulamenta\u00e7\u00f5es mais rigorosas tamb\u00e9m s\u00e3o necess\u00e1rias.<\/p>\n\n\n\n<h3 class=\"wp-block-heading\">Consequ\u00eancias para a vida marinha<\/h3>\n\n\n\n<p>A presen\u00e7a de micropl\u00e1sticos na vida marinha tem consequ\u00eancias graves, como a ingest\u00e3o acidental por organismos marinhos, o ac\u00famulo dessas part\u00edculas em seus tecidos e \u00f3rg\u00e3os, e a toxicidade associada \u00e0 libera\u00e7\u00e3o de subst\u00e2ncias qu\u00edmicas t\u00f3xicas. <\/p>\n\n\n\n<p>Isso resulta em problemas de sa\u00fade, redu\u00e7\u00e3o da capacidade de reprodu\u00e7\u00e3o e desequil\u00edbrios nos ecossistemas marinhos. A preserva\u00e7\u00e3o da vida marinha requer a\u00e7\u00f5es para reduzir a contamina\u00e7\u00e3o por micropl\u00e1sticos, como a diminui\u00e7\u00e3o do uso de pl\u00e1sticos e o tratamento adequado de res\u00edduos.<\/p>\n\n\n\n<h3 class=\"wp-block-heading\">Impacto nos ecossistemas terrestres e de \u00e1gua doce<\/h3>\n\n\n\n<p>Os micropl\u00e1sticos podem afetar a qualidade do solo, interferir no crescimento das plantas e ser ingeridos por animais terrestres, causando danos \u00e0 sa\u00fade. Nos ecossistemas de \u00e1gua doce, os micropl\u00e1sticos podem afetar a qualidade da \u00e1gua, ser ingeridos por organismos aqu\u00e1ticos e causar problemas de sa\u00fade, crescimento e reprodu\u00e7\u00e3o.<\/p>\n\n\n\n<h2 class=\"wp-block-heading\"><strong>Riscos para a sa\u00fade humana<\/strong><\/h2>\n\n\n\n<p>Eles podem entrar na nossa alimenta\u00e7\u00e3o de v\u00e1rias maneiras, como atrav\u00e9s da ingest\u00e3o por organismos marinhos e de \u00e1gua doce que s\u00e3o posteriormente consumidos por humanos. Al\u00e9m disso, os micropl\u00e1sticos tamb\u00e9m podem ser encontrados em alimentos processados devido \u00e0 contamina\u00e7\u00e3o durante o processamento e armazenamento. <\/p>\n\n\n\n<p>Embora os efeitos na sa\u00fade humana ainda n\u00e3o sejam totalmente compreendidos, existe preocupa\u00e7\u00e3o devido \u00e0 poss\u00edvel presen\u00e7a de subst\u00e2ncias qu\u00edmicas t\u00f3xicas nos micropl\u00e1sticos. Para reduzir a exposi\u00e7\u00e3o, \u00e9 importante adotar pr\u00e1ticas sustent\u00e1veis, como evitar pl\u00e1sticos descart\u00e1veis e escolher alimentos frescos e minimamente processados. A conscientiza\u00e7\u00e3o sobre a polui\u00e7\u00e3o por micropl\u00e1sticos tamb\u00e9m \u00e9 essencial para promover a\u00e7\u00f5es de redu\u00e7\u00e3o.<\/p>\n\n\n\n<h3 class=\"wp-block-heading\">Poss\u00edveis efeitos na sa\u00fade<\/h3>\n\n\n\n<p>A presen\u00e7a de micropl\u00e1sticos na alimenta\u00e7\u00e3o pode ter poss\u00edveis efeitos na sa\u00fade, como inflama\u00e7\u00e3o, toxicidade e desregula\u00e7\u00e3o hormonal. Os micropl\u00e1sticos podem desencadear respostas inflamat\u00f3rias, conter subst\u00e2ncias qu\u00edmicas t\u00f3xicas que podem causar danos ao organismo e atuar como disruptores end\u00f3crinos, interferindo no equil\u00edbrio hormonal.<\/p>\n\n\n\n<p> A pesquisa sobre os efeitos espec\u00edficos dos micropl\u00e1sticos na sa\u00fade humana ainda est\u00e1 em andamento. \u00c9 importante tomar medidas para reduzir a exposi\u00e7\u00e3o aos micropl\u00e1sticos, como evitar o uso excessivo de pl\u00e1sticos e promover regulamenta\u00e7\u00f5es para diminuir a polui\u00e7\u00e3o por micropl\u00e1sticos.<\/p>\n\n\n\n<h3 class=\"wp-block-heading\">Exposi\u00e7\u00e3o por meio da \u00e1gua pot\u00e1vel e do ar<\/h3>\n\n\n\n<p>Al\u00e9m da exposi\u00e7\u00e3o por meio da alimenta\u00e7\u00e3o, os micropl\u00e1sticos tamb\u00e9m podem ser encontrados na \u00e1gua pot\u00e1vel e no ar. Estudos mostram a presen\u00e7a de micropl\u00e1sticos em fontes de \u00e1gua doce e sistemas de abastecimento p\u00fablico, bem como em part\u00edculas suspensas no ar. <\/p>\n\n\n\n<p>A contamina\u00e7\u00e3o pode ocorrer devido ao escoamento de res\u00edduos pl\u00e1sticos, fragmenta\u00e7\u00e3o de pl\u00e1sticos maiores e outras fontes. Embora os efeitos na sa\u00fade ainda n\u00e3o sejam totalmente compreendidos, \u00e9 importante tomar medidas para reduzir a polui\u00e7\u00e3o por micropl\u00e1sticos e desenvolver m\u00e9todos de filtragem da \u00e1gua pot\u00e1vel e melhoria da qualidade do ar para minimizar a exposi\u00e7\u00e3o a essas part\u00edculas.<\/p>\n\n\n\n<h2 class=\"wp-block-heading\"><strong>Medidas para combater os micropl\u00e1sticos<\/strong><\/h2>\n\n\n\n<p>Para reduzir a polui\u00e7\u00e3o por micropl\u00e1sticos, \u00e9 necess\u00e1rio diminuir o uso de pl\u00e1sticos descart\u00e1veis e buscar alternativas sustent\u00e1veis. Isso inclui optar por utens\u00edlios reutiliz\u00e1veis, como sacolas de tecido e garrafas dur\u00e1veis, e utilizar materiais biodegrad\u00e1veis e compost\u00e1veis. <\/p>\n\n\n\n<p>A reciclagem adequada do pl\u00e1stico tamb\u00e9m \u00e9 importante para evitar a forma\u00e7\u00e3o de mais micropl\u00e1sticos. Conscientizar as pessoas sobre os impactos dos pl\u00e1sticos descart\u00e1veis e incentivar a mudan\u00e7a de comportamento s\u00e3o medidas essenciais. A ado\u00e7\u00e3o dessas pr\u00e1ticas contribui para proteger o meio ambiente e promover um futuro mais limpo e saud\u00e1vel.<\/p>\n\n\n\n<h3 class=\"wp-block-heading\">Regulamenta\u00e7\u00f5es e proibi\u00e7\u00f5es de produtos contendo micropl\u00e1sticos<\/h3>\n\n\n\n<p>Para combater a polui\u00e7\u00e3o por micropl\u00e1sticos, est\u00e3o sendo implementadas regulamenta\u00e7\u00f5es e proibi\u00e7\u00f5es de produtos que contenham essas part\u00edculas. Medidas est\u00e3o sendo adotadas em rela\u00e7\u00e3o a produtos de cuidados pessoais e tamb\u00e9m est\u00e3o sendo discutidas restri\u00e7\u00f5es para a ind\u00fastria t\u00eaxtil. Essas a\u00e7\u00f5es visam reduzir a libera\u00e7\u00e3o de micropl\u00e1sticos no meio ambiente e proteger a vida marinha. <\/p>\n\n\n\n<p>No entanto, \u00e9 importante que essas medidas sejam acompanhadas por pesquisas cont\u00ednuas e conscientiza\u00e7\u00e3o da popula\u00e7\u00e3o sobre a import\u00e2ncia de reduzir o uso de produtos com micropl\u00e1sticos. A colabora\u00e7\u00e3o entre governos, ind\u00fastrias e consumidores \u00e9 essencial para enfrentar esse desafio.<\/p>\n\n\n\n<h3 class=\"wp-block-heading\">Investimento em tecnologias de reciclagem e remo\u00e7\u00e3o de micropl\u00e1sticos dos ecossistemas.<\/h3>\n\n\n\n<p>\u00c9 necess\u00e1rio investir em tecnologias de reciclagem e remo\u00e7\u00e3o de micropl\u00e1sticos dos ecossistemas para combater a polui\u00e7\u00e3o. Isso inclui desenvolver m\u00e9todos eficientes de reciclagem de pl\u00e1sticos e investir em tecnologias avan\u00e7adas de separa\u00e7\u00e3o e purifica\u00e7\u00e3o. <\/p>\n\n\n\n<p>Al\u00e9m disso, \u00e9 importante desenvolver filtros e sistemas de remo\u00e7\u00e3o de micropl\u00e1sticos da \u00e1gua. No entanto, essas solu\u00e7\u00f5es devem ser complementadas por esfor\u00e7os de redu\u00e7\u00e3o e conscientiza\u00e7\u00e3o sobre o uso de pl\u00e1sticos. A combina\u00e7\u00e3o dessas abordagens pode contribuir para um ambiente mais limpo e saud\u00e1vel.<\/p>\n\n\n\n<h2 class=\"wp-block-heading\"><strong>Pesquisa e desafios futuros<\/strong><\/h2>\n\n\n\n<p>Os avan\u00e7os cient\u00edficos no estudo dos micropl\u00e1sticos t\u00eam proporcionado uma melhor compreens\u00e3o dos seus impactos e dissemina\u00e7\u00e3o no meio ambiente. Novos m\u00e9todos de detec\u00e7\u00e3o e quantifica\u00e7\u00e3o foram desenvolvidos, permitindo uma an\u00e1lise mais precisa em diferentes ambientes. <\/p>\n\n\n\n<p>Al\u00e9m disso, as pesquisas t\u00eam explorado os efeitos dos micropl\u00e1sticos na vida marinha, a dispers\u00e3o no ambiente e os mecanismos de transporte. Esses avan\u00e7os cient\u00edficos t\u00eam contribu\u00eddo para a formula\u00e7\u00e3o de pol\u00edticas e estrat\u00e9gias de gest\u00e3o ambiental mais eficazes, al\u00e9m de aumentar a conscientiza\u00e7\u00e3o sobre a import\u00e2ncia de reduzir o uso e descarte inadequado de pl\u00e1sticos.<\/p>\n\n\n\n<h3 class=\"wp-block-heading\">Import\u00e2ncia da pesquisa<\/h3>\n\n\n\n<p>A pesquisa \u00e9 fundamental para entender os efeitos a longo prazo dos micropl\u00e1sticos. Ela permite avaliar os riscos associados a essas part\u00edculas, desenvolver estrat\u00e9gias de mitiga\u00e7\u00e3o e tomar decis\u00f5es informadas. Al\u00e9m disso, a pesquisa identifica lacunas de conhecimento e direciona estudos futuros. \u00c9 essencial para acompanhar as mudan\u00e7as na ci\u00eancia e promover a conscientiza\u00e7\u00e3o sobre os impactos dos micropl\u00e1sticos no meio ambiente e na sa\u00fade humana.<\/p>\n\n\n\n<h3 class=\"wp-block-heading\">Desafios enfrentados<\/h3>\n\n\n\n<p>A detec\u00e7\u00e3o, monitoramento e remo\u00e7\u00e3o de micropl\u00e1sticos enfrentam desafios significativos. A detec\u00e7\u00e3o \u00e9 complicada devido ao tamanho e transpar\u00eancia das part\u00edculas, exigindo t\u00e9cnicas anal\u00edticas avan\u00e7adas. O monitoramento requer m\u00e9todos de amostragem adequados e uma rede abrangente. A remo\u00e7\u00e3o completa dos micropl\u00e1sticos \u00e9 dif\u00edcil e as t\u00e9cnicas existentes s\u00e3o complexas. <\/p>\n\n\n\n<p>A falta de padroniza\u00e7\u00e3o e harmoniza\u00e7\u00e3o nos m\u00e9todos tamb\u00e9m \u00e9 um obst\u00e1culo. Para superar esses desafios, \u00e9 necess\u00e1rio investir em pesquisa, desenvolver m\u00e9todos mais eficientes e promover colabora\u00e7\u00e3o entre diferentes setores.<\/p>\n\n\n\n<h2 class=\"wp-block-heading\"><strong>Os micropl\u00e1sticos em nosso corpo<\/strong><\/h2>\n\n\n\n<p>Sim, estudos cient\u00edficos t\u00eam demonstrado que os micropl\u00e1sticos est\u00e3o presentes em nosso organismo. Eles podem ser encontrados em \u00f3rg\u00e3os como pulm\u00f5es, intestinos, f\u00edgado e at\u00e9 mesmo no sangue e nos tecidos. A principal rota de exposi\u00e7\u00e3o \u00e9 a ingest\u00e3o, por meio da comida e da \u00e1gua contaminadas com micropl\u00e1sticos. <\/p>\n\n\n\n<p>Al\u00e9m disso, a inala\u00e7\u00e3o de part\u00edculas de pl\u00e1stico presentes no ar tamb\u00e9m pode contribuir para a presen\u00e7a de micropl\u00e1sticos em nosso organismo. No entanto, \u00e9 importante ressaltar que a extens\u00e3o dos efeitos \u00e0 sa\u00fade associados a essa exposi\u00e7\u00e3o ainda est\u00e1 sendo investigada e requer mais pesquisas.<\/p>\n\n\n\n<h2 class=\"wp-block-heading\"><strong>Considera\u00e7\u00f5es finais<\/strong><\/h2>\n\n\n\n<p>Os micropl\u00e1sticos representam uma amea\u00e7a real ao meio ambiente e \u00e0 sa\u00fade humana. \u00c9 fundamental tomar medidas concretas para reduzir a presen\u00e7a dessas part\u00edculas em nossos ecossistemas, promover a conscientiza\u00e7\u00e3o e buscar alternativas sustent\u00e1veis ao uso de pl\u00e1sticos. A pesquisa cont\u00ednua e o trabalho conjunto de governos, ind\u00fastria e sociedade civil s\u00e3o essenciais para enfrentar essa amea\u00e7a invis\u00edvel e proteger nosso planeta para as gera\u00e7\u00f5es futuras.<\/p>\n\n\n\n<p>Caso queira nossa contribui\u00e7\u00e3o entre em contato:&nbsp;<a href=\"mailto:gsantana2005@gmail.com\">gsantana2005@gmail.com<\/a>&nbsp;veja o nosso&nbsp;<a href=\"https:\/\/www.instagram.com\/genilsonpereirasantana1\/\" rel=\"nofollow noopener\" target=\"_blank\">Instagram<\/a><\/p>\n\n\n\n<p>Descubra mais sobre os residuos s\u00f3lidos nos artigos:<\/p>\n\n\n\n<ul class=\"wp-block-list\">\n<li><a href=\"https:\/\/gsantana2005.net\/index.php\/2023\/06\/10\/reaproveite-o-seu-lixo-organico-hoje-mesmo\/\">Reaproveite o seu lixo org\u00e2nico hoje mesmo<\/a><\/li>\n\n\n\n<li><a href=\"https:\/\/gsantana2005.net\/index.php\/2023\/06\/09\/o-que-e-coleta-seletiva-de-lixo\/\">O que \u00e9 coleta seletiva de lixo?<\/a><\/li>\n<\/ul>\n","protected":false},"excerpt":{"rendered":"<p>Ecson Braga Micropl\u00e1sticos: A Amea\u00e7a Invis\u00edvel ao Meio Ambiente e \u00e0 Sa\u00fade mostra para voc\u00ea essa polui\u00e7\u00e3o que preocupa muito nos \u00faltimos tempos. Os micropl\u00e1sticos s\u00e3o uma preocupa\u00e7\u00e3o crescente em todo o mundo devido ao seu impacto ambiental e potenciais riscos para a sa\u00fade humana. Essas pequenas part\u00edculas de pl\u00e1stico est\u00e3o presentes em diversos ecossistemas. [&hellip;]<\/p>\n","protected":false},"author":1,"featured_media":456,"comment_status":"open","ping_status":"closed","sticky":false,"template":"","format":"standard","meta":{"om_disable_all_campaigns":false,"_monsterinsights_skip_tracking":false,"_monsterinsights_sitenote_active":false,"_monsterinsights_sitenote_note":"","_monsterinsights_sitenote_category":0,"footnotes":"","_links_to":"","_links_to_target":""},"categories":[117,275],"tags":[118,123,124,122,126,125,121,119,120],"class_list":["post-452","post","type-post","status-publish","format-standard","has-post-thumbnail","hentry","category-ecson-braga","category-conservacao-ambiental","tag-microplasticos","tag-microplasticos-em-humanos","tag-microplasticos-no-corpo-humano","tag-microplasticos-no-oceano","tag-microplasticos-no-sangue","tag-microplasticos-o-que-e","tag-o-que-e-microplasticos","tag-o-que-sao-microplasticos","tag-oque-sao-microplasticos"],"aioseo_notices":[],"yoast_head":"<!-- This site is optimized with the Yoast SEO plugin v24.5 - https:\/\/yoast.com\/wordpress\/plugins\/seo\/ -->\n<title>Micropl\u00e1sticos: A Amea\u00e7a Invis\u00edvel ao Meio Ambiente e \u00e0 Sa\u00fade -<\/title>\n<meta name=\"description\" content=\"Micropl\u00e1sticos: A Amea\u00e7a Invis\u00edvel ao Meio Ambiente e \u00e0 Sa\u00fade \u00e9 um post que mostra para voc\u00ea sobre a problem\u00e1tica do pl\u00e1stico\" \/>\n<meta name=\"robots\" content=\"index, follow, max-snippet:-1, max-image-preview:large, max-video-preview:-1\" \/>\n<link rel=\"canonical\" href=\"https:\/\/gsantana2005.net\/index.php\/2023\/06\/19\/microplasticos-a-ameaca-invisivel-ao-meio-ambiente-e-a-saude\/\" \/>\n<meta property=\"og:locale\" content=\"pt_BR\" \/>\n<meta property=\"og:type\" content=\"article\" \/>\n<meta property=\"og:title\" content=\"Micropl\u00e1sticos: A Amea\u00e7a Invis\u00edvel ao Meio Ambiente e \u00e0 Sa\u00fade -\" \/>\n<meta property=\"og:description\" content=\"Micropl\u00e1sticos: A Amea\u00e7a Invis\u00edvel ao Meio Ambiente e \u00e0 Sa\u00fade \u00e9 um post que mostra para voc\u00ea sobre a problem\u00e1tica do pl\u00e1stico\" \/>\n<meta property=\"og:url\" content=\"https:\/\/gsantana2005.net\/index.php\/2023\/06\/19\/microplasticos-a-ameaca-invisivel-ao-meio-ambiente-e-a-saude\/\" \/>\n<meta property=\"og:site_name\" content=\"gsantana2005\" \/>\n<meta property=\"article:published_time\" content=\"2023-06-19T01:25:22+00:00\" \/>\n<meta property=\"article:modified_time\" content=\"2024-05-13T19:49:15+00:00\" \/>\n<meta property=\"og:image\" content=\"http:\/\/gsantana2005.net\/wp-content\/uploads\/2023\/06\/mciroplastico-2.jpg\" \/>\n\t<meta property=\"og:image:width\" content=\"717\" \/>\n\t<meta property=\"og:image:height\" content=\"383\" \/>\n\t<meta property=\"og:image:type\" content=\"image\/jpeg\" \/>\n<meta name=\"author\" content=\"gsantana2005\" \/>\n<meta name=\"twitter:card\" content=\"summary_large_image\" \/>\n<meta name=\"twitter:label1\" content=\"Escrito por\" \/>\n\t<meta name=\"twitter:data1\" content=\"gsantana2005\" \/>\n\t<meta name=\"twitter:label2\" content=\"Est. tempo de leitura\" \/>\n\t<meta name=\"twitter:data2\" content=\"10 minutos\" \/>\n<script type=\"application\/ld+json\" class=\"yoast-schema-graph\">{\"@context\":\"https:\/\/schema.org\",\"@graph\":[{\"@type\":\"Article\",\"@id\":\"https:\/\/gsantana2005.net\/index.php\/2023\/06\/19\/microplasticos-a-ameaca-invisivel-ao-meio-ambiente-e-a-saude\/#article\",\"isPartOf\":{\"@id\":\"https:\/\/gsantana2005.net\/index.php\/2023\/06\/19\/microplasticos-a-ameaca-invisivel-ao-meio-ambiente-e-a-saude\/\"},\"author\":{\"name\":\"gsantana2005\",\"@id\":\"https:\/\/gsantana2005.net\/#\/schema\/person\/78c90c6f49a46ef4c8e69bafec347cb7\"},\"headline\":\"Micropl\u00e1sticos: A Amea\u00e7a Invis\u00edvel ao Meio Ambiente e \u00e0 Sa\u00fade\",\"datePublished\":\"2023-06-19T01:25:22+00:00\",\"dateModified\":\"2024-05-13T19:49:15+00:00\",\"mainEntityOfPage\":{\"@id\":\"https:\/\/gsantana2005.net\/index.php\/2023\/06\/19\/microplasticos-a-ameaca-invisivel-ao-meio-ambiente-e-a-saude\/\"},\"wordCount\":1901,\"commentCount\":30,\"publisher\":{\"@id\":\"https:\/\/gsantana2005.net\/#organization\"},\"image\":{\"@id\":\"https:\/\/gsantana2005.net\/index.php\/2023\/06\/19\/microplasticos-a-ameaca-invisivel-ao-meio-ambiente-e-a-saude\/#primaryimage\"},\"thumbnailUrl\":\"https:\/\/gsantana2005.net\/wp-content\/uploads\/2023\/06\/mciroplastico-2.jpg\",\"keywords\":[\"micropl\u00e1sticos\",\"microplasticos em humanos\",\"micropl\u00e1sticos no corpo humano\",\"microplasticos no oceano\",\"microplasticos no sangue\",\"microplasticos o que \u00e9\",\"o que \u00e9 microplasticos\",\"o que s\u00e3o microplasticos\",\"o\u00b4que s\u00e3o micropl\u00e1sticos\"],\"articleSection\":[\"Ecson Braga\",\"Conserva\u00e7\u00e3o Ambiental\"],\"inLanguage\":\"pt-BR\",\"potentialAction\":[{\"@type\":\"CommentAction\",\"name\":\"Comment\",\"target\":[\"https:\/\/gsantana2005.net\/index.php\/2023\/06\/19\/microplasticos-a-ameaca-invisivel-ao-meio-ambiente-e-a-saude\/#respond\"]}]},{\"@type\":\"WebPage\",\"@id\":\"https:\/\/gsantana2005.net\/index.php\/2023\/06\/19\/microplasticos-a-ameaca-invisivel-ao-meio-ambiente-e-a-saude\/\",\"url\":\"https:\/\/gsantana2005.net\/index.php\/2023\/06\/19\/microplasticos-a-ameaca-invisivel-ao-meio-ambiente-e-a-saude\/\",\"name\":\"Micropl\u00e1sticos: A Amea\u00e7a Invis\u00edvel ao Meio Ambiente e \u00e0 Sa\u00fade -\",\"isPartOf\":{\"@id\":\"https:\/\/gsantana2005.net\/#website\"},\"primaryImageOfPage\":{\"@id\":\"https:\/\/gsantana2005.net\/index.php\/2023\/06\/19\/microplasticos-a-ameaca-invisivel-ao-meio-ambiente-e-a-saude\/#primaryimage\"},\"image\":{\"@id\":\"https:\/\/gsantana2005.net\/index.php\/2023\/06\/19\/microplasticos-a-ameaca-invisivel-ao-meio-ambiente-e-a-saude\/#primaryimage\"},\"thumbnailUrl\":\"https:\/\/gsantana2005.net\/wp-content\/uploads\/2023\/06\/mciroplastico-2.jpg\",\"datePublished\":\"2023-06-19T01:25:22+00:00\",\"dateModified\":\"2024-05-13T19:49:15+00:00\",\"description\":\"Micropl\u00e1sticos: A Amea\u00e7a Invis\u00edvel ao Meio Ambiente e \u00e0 Sa\u00fade \u00e9 um post que mostra para voc\u00ea sobre a problem\u00e1tica do pl\u00e1stico\",\"breadcrumb\":{\"@id\":\"https:\/\/gsantana2005.net\/index.php\/2023\/06\/19\/microplasticos-a-ameaca-invisivel-ao-meio-ambiente-e-a-saude\/#breadcrumb\"},\"inLanguage\":\"pt-BR\",\"potentialAction\":[{\"@type\":\"ReadAction\",\"target\":[\"https:\/\/gsantana2005.net\/index.php\/2023\/06\/19\/microplasticos-a-ameaca-invisivel-ao-meio-ambiente-e-a-saude\/\"]}]},{\"@type\":\"ImageObject\",\"inLanguage\":\"pt-BR\",\"@id\":\"https:\/\/gsantana2005.net\/index.php\/2023\/06\/19\/microplasticos-a-ameaca-invisivel-ao-meio-ambiente-e-a-saude\/#primaryimage\",\"url\":\"https:\/\/gsantana2005.net\/wp-content\/uploads\/2023\/06\/mciroplastico-2.jpg\",\"contentUrl\":\"https:\/\/gsantana2005.net\/wp-content\/uploads\/2023\/06\/mciroplastico-2.jpg\",\"width\":717,\"height\":383,\"caption\":\"microplastico\"},{\"@type\":\"BreadcrumbList\",\"@id\":\"https:\/\/gsantana2005.net\/index.php\/2023\/06\/19\/microplasticos-a-ameaca-invisivel-ao-meio-ambiente-e-a-saude\/#breadcrumb\",\"itemListElement\":[{\"@type\":\"ListItem\",\"position\":1,\"name\":\"Home\",\"item\":\"https:\/\/gsantana2005.net\/\"},{\"@type\":\"ListItem\",\"position\":2,\"name\":\"Micropl\u00e1sticos: A Amea\u00e7a Invis\u00edvel ao Meio Ambiente e \u00e0 Sa\u00fade\"}]},{\"@type\":\"WebSite\",\"@id\":\"https:\/\/gsantana2005.net\/#website\",\"url\":\"https:\/\/gsantana2005.net\/\",\"name\":\"gsantana2005\",\"description\":\"Sejamos sustent\u00e1veis\",\"publisher\":{\"@id\":\"https:\/\/gsantana2005.net\/#organization\"},\"potentialAction\":[{\"@type\":\"SearchAction\",\"target\":{\"@type\":\"EntryPoint\",\"urlTemplate\":\"https:\/\/gsantana2005.net\/?s={search_term_string}\"},\"query-input\":{\"@type\":\"PropertyValueSpecification\",\"valueRequired\":true,\"valueName\":\"search_term_string\"}}],\"inLanguage\":\"pt-BR\"},{\"@type\":\"Organization\",\"@id\":\"https:\/\/gsantana2005.net\/#organization\",\"name\":\"gsantana2005\",\"url\":\"https:\/\/gsantana2005.net\/\",\"logo\":{\"@type\":\"ImageObject\",\"inLanguage\":\"pt-BR\",\"@id\":\"https:\/\/gsantana2005.net\/#\/schema\/logo\/image\/\",\"url\":\"https:\/\/gsantana2005.net\/wp-content\/uploads\/2023\/06\/cropped-Gs-sem-fundo.jpg\",\"contentUrl\":\"https:\/\/gsantana2005.net\/wp-content\/uploads\/2023\/06\/cropped-Gs-sem-fundo.jpg\",\"width\":100,\"height\":100,\"caption\":\"gsantana2005\"},\"image\":{\"@id\":\"https:\/\/gsantana2005.net\/#\/schema\/logo\/image\/\"}},{\"@type\":\"Person\",\"@id\":\"https:\/\/gsantana2005.net\/#\/schema\/person\/78c90c6f49a46ef4c8e69bafec347cb7\",\"name\":\"gsantana2005\",\"image\":{\"@type\":\"ImageObject\",\"inLanguage\":\"pt-BR\",\"@id\":\"https:\/\/gsantana2005.net\/#\/schema\/person\/image\/\",\"url\":\"https:\/\/secure.gravatar.com\/avatar\/db3aa311fa8063e1f4df6b2da249929f?s=96&d=mm&r=g\",\"contentUrl\":\"https:\/\/secure.gravatar.com\/avatar\/db3aa311fa8063e1f4df6b2da249929f?s=96&d=mm&r=g\",\"caption\":\"gsantana2005\"},\"sameAs\":[\"http:\/\/gsantana2005.net\"],\"url\":\"https:\/\/gsantana2005.net\/author\/gsantana2005\/\"}]}<\/script>\n<!-- \/ Yoast SEO plugin. -->","yoast_head_json":{"title":"Micropl\u00e1sticos: A Amea\u00e7a Invis\u00edvel ao Meio Ambiente e \u00e0 Sa\u00fade -","description":"Micropl\u00e1sticos: A Amea\u00e7a Invis\u00edvel ao Meio Ambiente e \u00e0 Sa\u00fade \u00e9 um post que mostra para voc\u00ea sobre a problem\u00e1tica do pl\u00e1stico","robots":{"index":"index","follow":"follow","max-snippet":"max-snippet:-1","max-image-preview":"max-image-preview:large","max-video-preview":"max-video-preview:-1"},"canonical":"https:\/\/gsantana2005.net\/index.php\/2023\/06\/19\/microplasticos-a-ameaca-invisivel-ao-meio-ambiente-e-a-saude\/","og_locale":"pt_BR","og_type":"article","og_title":"Micropl\u00e1sticos: A Amea\u00e7a Invis\u00edvel ao Meio Ambiente e \u00e0 Sa\u00fade -","og_description":"Micropl\u00e1sticos: A Amea\u00e7a Invis\u00edvel ao Meio Ambiente e \u00e0 Sa\u00fade \u00e9 um post que mostra para voc\u00ea sobre a problem\u00e1tica do pl\u00e1stico","og_url":"https:\/\/gsantana2005.net\/index.php\/2023\/06\/19\/microplasticos-a-ameaca-invisivel-ao-meio-ambiente-e-a-saude\/","og_site_name":"gsantana2005","article_published_time":"2023-06-19T01:25:22+00:00","article_modified_time":"2024-05-13T19:49:15+00:00","og_image":[{"width":717,"height":383,"url":"http:\/\/gsantana2005.net\/wp-content\/uploads\/2023\/06\/mciroplastico-2.jpg","type":"image\/jpeg"}],"author":"gsantana2005","twitter_card":"summary_large_image","twitter_misc":{"Escrito por":"gsantana2005","Est. tempo de leitura":"10 minutos"},"schema":{"@context":"https:\/\/schema.org","@graph":[{"@type":"Article","@id":"https:\/\/gsantana2005.net\/index.php\/2023\/06\/19\/microplasticos-a-ameaca-invisivel-ao-meio-ambiente-e-a-saude\/#article","isPartOf":{"@id":"https:\/\/gsantana2005.net\/index.php\/2023\/06\/19\/microplasticos-a-ameaca-invisivel-ao-meio-ambiente-e-a-saude\/"},"author":{"name":"gsantana2005","@id":"https:\/\/gsantana2005.net\/#\/schema\/person\/78c90c6f49a46ef4c8e69bafec347cb7"},"headline":"Micropl\u00e1sticos: A Amea\u00e7a Invis\u00edvel ao Meio Ambiente e \u00e0 Sa\u00fade","datePublished":"2023-06-19T01:25:22+00:00","dateModified":"2024-05-13T19:49:15+00:00","mainEntityOfPage":{"@id":"https:\/\/gsantana2005.net\/index.php\/2023\/06\/19\/microplasticos-a-ameaca-invisivel-ao-meio-ambiente-e-a-saude\/"},"wordCount":1901,"commentCount":30,"publisher":{"@id":"https:\/\/gsantana2005.net\/#organization"},"image":{"@id":"https:\/\/gsantana2005.net\/index.php\/2023\/06\/19\/microplasticos-a-ameaca-invisivel-ao-meio-ambiente-e-a-saude\/#primaryimage"},"thumbnailUrl":"https:\/\/gsantana2005.net\/wp-content\/uploads\/2023\/06\/mciroplastico-2.jpg","keywords":["micropl\u00e1sticos","microplasticos em humanos","micropl\u00e1sticos no corpo humano","microplasticos no oceano","microplasticos no sangue","microplasticos o que \u00e9","o que \u00e9 microplasticos","o que s\u00e3o microplasticos","o\u00b4que s\u00e3o micropl\u00e1sticos"],"articleSection":["Ecson Braga","Conserva\u00e7\u00e3o Ambiental"],"inLanguage":"pt-BR","potentialAction":[{"@type":"CommentAction","name":"Comment","target":["https:\/\/gsantana2005.net\/index.php\/2023\/06\/19\/microplasticos-a-ameaca-invisivel-ao-meio-ambiente-e-a-saude\/#respond"]}]},{"@type":"WebPage","@id":"https:\/\/gsantana2005.net\/index.php\/2023\/06\/19\/microplasticos-a-ameaca-invisivel-ao-meio-ambiente-e-a-saude\/","url":"https:\/\/gsantana2005.net\/index.php\/2023\/06\/19\/microplasticos-a-ameaca-invisivel-ao-meio-ambiente-e-a-saude\/","name":"Micropl\u00e1sticos: A Amea\u00e7a Invis\u00edvel ao Meio Ambiente e \u00e0 Sa\u00fade -","isPartOf":{"@id":"https:\/\/gsantana2005.net\/#website"},"primaryImageOfPage":{"@id":"https:\/\/gsantana2005.net\/index.php\/2023\/06\/19\/microplasticos-a-ameaca-invisivel-ao-meio-ambiente-e-a-saude\/#primaryimage"},"image":{"@id":"https:\/\/gsantana2005.net\/index.php\/2023\/06\/19\/microplasticos-a-ameaca-invisivel-ao-meio-ambiente-e-a-saude\/#primaryimage"},"thumbnailUrl":"https:\/\/gsantana2005.net\/wp-content\/uploads\/2023\/06\/mciroplastico-2.jpg","datePublished":"2023-06-19T01:25:22+00:00","dateModified":"2024-05-13T19:49:15+00:00","description":"Micropl\u00e1sticos: A Amea\u00e7a Invis\u00edvel ao Meio Ambiente e \u00e0 Sa\u00fade \u00e9 um post que mostra para voc\u00ea sobre a problem\u00e1tica do pl\u00e1stico","breadcrumb":{"@id":"https:\/\/gsantana2005.net\/index.php\/2023\/06\/19\/microplasticos-a-ameaca-invisivel-ao-meio-ambiente-e-a-saude\/#breadcrumb"},"inLanguage":"pt-BR","potentialAction":[{"@type":"ReadAction","target":["https:\/\/gsantana2005.net\/index.php\/2023\/06\/19\/microplasticos-a-ameaca-invisivel-ao-meio-ambiente-e-a-saude\/"]}]},{"@type":"ImageObject","inLanguage":"pt-BR","@id":"https:\/\/gsantana2005.net\/index.php\/2023\/06\/19\/microplasticos-a-ameaca-invisivel-ao-meio-ambiente-e-a-saude\/#primaryimage","url":"https:\/\/gsantana2005.net\/wp-content\/uploads\/2023\/06\/mciroplastico-2.jpg","contentUrl":"https:\/\/gsantana2005.net\/wp-content\/uploads\/2023\/06\/mciroplastico-2.jpg","width":717,"height":383,"caption":"microplastico"},{"@type":"BreadcrumbList","@id":"https:\/\/gsantana2005.net\/index.php\/2023\/06\/19\/microplasticos-a-ameaca-invisivel-ao-meio-ambiente-e-a-saude\/#breadcrumb","itemListElement":[{"@type":"ListItem","position":1,"name":"Home","item":"https:\/\/gsantana2005.net\/"},{"@type":"ListItem","position":2,"name":"Micropl\u00e1sticos: A Amea\u00e7a Invis\u00edvel ao Meio Ambiente e \u00e0 Sa\u00fade"}]},{"@type":"WebSite","@id":"https:\/\/gsantana2005.net\/#website","url":"https:\/\/gsantana2005.net\/","name":"gsantana2005","description":"Sejamos sustent\u00e1veis","publisher":{"@id":"https:\/\/gsantana2005.net\/#organization"},"potentialAction":[{"@type":"SearchAction","target":{"@type":"EntryPoint","urlTemplate":"https:\/\/gsantana2005.net\/?s={search_term_string}"},"query-input":{"@type":"PropertyValueSpecification","valueRequired":true,"valueName":"search_term_string"}}],"inLanguage":"pt-BR"},{"@type":"Organization","@id":"https:\/\/gsantana2005.net\/#organization","name":"gsantana2005","url":"https:\/\/gsantana2005.net\/","logo":{"@type":"ImageObject","inLanguage":"pt-BR","@id":"https:\/\/gsantana2005.net\/#\/schema\/logo\/image\/","url":"https:\/\/gsantana2005.net\/wp-content\/uploads\/2023\/06\/cropped-Gs-sem-fundo.jpg","contentUrl":"https:\/\/gsantana2005.net\/wp-content\/uploads\/2023\/06\/cropped-Gs-sem-fundo.jpg","width":100,"height":100,"caption":"gsantana2005"},"image":{"@id":"https:\/\/gsantana2005.net\/#\/schema\/logo\/image\/"}},{"@type":"Person","@id":"https:\/\/gsantana2005.net\/#\/schema\/person\/78c90c6f49a46ef4c8e69bafec347cb7","name":"gsantana2005","image":{"@type":"ImageObject","inLanguage":"pt-BR","@id":"https:\/\/gsantana2005.net\/#\/schema\/person\/image\/","url":"https:\/\/secure.gravatar.com\/avatar\/db3aa311fa8063e1f4df6b2da249929f?s=96&d=mm&r=g","contentUrl":"https:\/\/secure.gravatar.com\/avatar\/db3aa311fa8063e1f4df6b2da249929f?s=96&d=mm&r=g","caption":"gsantana2005"},"sameAs":["http:\/\/gsantana2005.net"],"url":"https:\/\/gsantana2005.net\/author\/gsantana2005\/"}]}},"amp_enabled":true,"_links":{"self":[{"href":"https:\/\/gsantana2005.net\/index.php\/wp-json\/wp\/v2\/posts\/452"}],"collection":[{"href":"https:\/\/gsantana2005.net\/index.php\/wp-json\/wp\/v2\/posts"}],"about":[{"href":"https:\/\/gsantana2005.net\/index.php\/wp-json\/wp\/v2\/types\/post"}],"author":[{"embeddable":true,"href":"https:\/\/gsantana2005.net\/index.php\/wp-json\/wp\/v2\/users\/1"}],"replies":[{"embeddable":true,"href":"https:\/\/gsantana2005.net\/index.php\/wp-json\/wp\/v2\/comments?post=452"}],"version-history":[{"count":2,"href":"https:\/\/gsantana2005.net\/index.php\/wp-json\/wp\/v2\/posts\/452\/revisions"}],"predecessor-version":[{"id":1287,"href":"https:\/\/gsantana2005.net\/index.php\/wp-json\/wp\/v2\/posts\/452\/revisions\/1287"}],"wp:featuredmedia":[{"embeddable":true,"href":"https:\/\/gsantana2005.net\/index.php\/wp-json\/wp\/v2\/media\/456"}],"wp:attachment":[{"href":"https:\/\/gsantana2005.net\/index.php\/wp-json\/wp\/v2\/media?parent=452"}],"wp:term":[{"taxonomy":"category","embeddable":true,"href":"https:\/\/gsantana2005.net\/index.php\/wp-json\/wp\/v2\/categories?post=452"},{"taxonomy":"post_tag","embeddable":true,"href":"https:\/\/gsantana2005.net\/index.php\/wp-json\/wp\/v2\/tags?post=452"}],"curies":[{"name":"wp","href":"https:\/\/api.w.org\/{rel}","templated":true}]}}