{"id":499,"date":"2023-06-24T22:34:38","date_gmt":"2023-06-24T22:34:38","guid":{"rendered":"https:\/\/gsantana2005.net\/?p=499"},"modified":"2023-08-08T23:49:04","modified_gmt":"2023-08-08T23:49:04","slug":"a-poluicao-plastica-quadruplicou-nos-ultimos-anos","status":"publish","type":"post","link":"https:\/\/gsantana2005.net\/index.php\/2023\/06\/24\/a-poluicao-plastica-quadruplicou-nos-ultimos-anos\/","title":{"rendered":"A polui\u00e7\u00e3o pl\u00e1stica quadruplicou nos \u00faltimos anos"},"content":{"rendered":"\n<p>A polui\u00e7\u00e3o pl\u00e1stica quadruplicou nos \u00faltimos anos um fato muito preocupante para a humanidade. Segundo a Organiza\u00e7\u00e3o para a Coopera\u00e7\u00e3o e Desenvolvimento Econ\u00f4mico (<em>OCDE<\/em>)\u00a0quase metade de todos os res\u00edduos pl\u00e1sticos do mundo vem dos seus pa\u00edses filiados.\u00a0Dessa forma, os res\u00edduos pl\u00e1sticos gerados anualmente por pessoa variam de 221 kg nos Estados Unidos e 114 kg nos pa\u00edses europeus da OCDE a 69 kg, em m\u00e9dia, no Jap\u00e3o e na Coreia.\u00a0<\/p>\n\n\n\n<p>Ent\u00e3o, a maior parte da polui\u00e7\u00e3o pl\u00e1stica vem da coleta e descarte inadequados de detritos pl\u00e1sticos maiores, conhecidos como macropl\u00e1sticos. Al\u00e9m disso, os pa\u00edses da OCDE respondem pelo despejo de 11% do macropl\u00e1sticos e 35% do micropl\u00e1sticos.&nbsp;<\/p>\n\n\n\n<h2 class=\"wp-block-heading\">Como reduzir a quantidade de pl\u00e1stico no ambiente?<\/h2>\n\n\n\n<p>Reduzir a polui\u00e7\u00e3o causada por pl\u00e1sticos exigir\u00e1 a\u00e7\u00e3o e coopera\u00e7\u00e3o internacional. Ou seja, \u00e9 necess\u00e1rio reduzir a produ\u00e7\u00e3o de pl\u00e1stico. A redu\u00e7\u00e3o tem que ocorrer de diversas formas. Por exemplo:<\/p>\n\n\n\n<ul class=\"wp-block-list\">\n<li>Redu\u00e7\u00e3o  por meio de inova\u00e7\u00e3o<\/li>\n\n\n\n<li>Melhor design de produtos<\/li>\n\n\n\n<li>Desenvolvimento de alternativas ecol\u00f3gicas<\/li>\n\n\n\n<li>Melhoria do gerenciamento de res\u00edduos<\/li>\n\n\n\n<li>Aumento da reciclagem.<\/li>\n<\/ul>\n\n\n\n<h2 class=\"wp-block-heading\">Legisla\u00e7\u00f5es mais r\u00edgidas<\/h2>\n\n\n\n<p>Em princ\u00edpio, proibi\u00e7\u00f5es e impostos sobre pl\u00e1sticos de uso \u00fanico existem em mais de 120 pa\u00edses. Mas elas n\u00e3o est\u00e3o fazendo o suficiente para reduzir a polui\u00e7\u00e3o geral.&nbsp;Ent\u00e3o, a maioria dos regulamentos se limita a itens como sacolas pl\u00e1sticas. No entanto, as sacolas pl\u00e1sticas representam uma pequena parcela dos res\u00edduos pl\u00e1sticos. Al\u00e9m disso, elas s\u00e3o mais eficazes na redu\u00e7\u00e3o do lixo do que no consumo de pl\u00e1sticos.&nbsp;<\/p>\n\n\n\n<p>Por outro lado, os impostos sobre aterros sanit\u00e1rios e incinera\u00e7\u00e3o que incentivam a reciclagem existem apenas em uma minoria de pa\u00edses.&nbsp;Assim, as Perspectivas pedem maior uso de outros instrumentos. Por exemplo:<\/p>\n\n\n\n<ul class=\"wp-block-list\">\n<li>Esquemas de Responsabilidade Estendida do Produtor para embalagens e bens dur\u00e1veis<\/li>\n\n\n\n<li>Impostos sobre aterros sanit\u00e1rios<\/li>\n\n\n\n<li>Reembolso de dep\u00f3sitos<\/li>\n\n\n\n<li>Sistemas de pagamento conforme o descarte.<\/li>\n<\/ul>\n\n\n\n<h2 class=\"wp-block-heading\">O pl\u00e1stico virgem ainda vence o reciclado<\/h2>\n\n\n\n<p>Ent\u00e3o, a maioria dos pl\u00e1sticos em uso hoje s\u00e3o pl\u00e1sticos virgens \u2013 ou prim\u00e1rios \u2013 feitos de petr\u00f3leo bruto ou g\u00e1s.&nbsp;A produ\u00e7\u00e3o global de pl\u00e1sticos quadruplicou de 6,8 milh\u00f5es de toneladas em 2000 para 29,1 Mt em 2019. <\/p>\n\n\n\n<p>&nbsp;Dessa forma, \u00e9 necess\u00e1rio fortalecer o mercado de pl\u00e1sticos reciclados.&nbsp;Al\u00e9m disso, deve-se definir metas de conte\u00fado reciclado e investir em tecnologias de reciclagem aprimoradas. Somente dessa forma  poderemos ajudar a tornar os mercados de pl\u00e1stico reciclados mais competitivos e lucrativos.<\/p>\n\n\n\n<h2 class=\"wp-block-heading\">Fatos importantes sobre o pl\u00e1stico<\/h2>\n\n\n\n<ul class=\"wp-block-list\">\n<li>O consumo de pl\u00e1stico quadruplicou nos \u00faltimos 30 anos, impulsionado pelo crescimento nos mercados emergentes.&nbsp;A produ\u00e7\u00e3o global de pl\u00e1sticos dobrou de 2000 a 2019, atingindo 460 milh\u00f5es de toneladas.&nbsp;Os pl\u00e1sticos representam 3,4% das emiss\u00f5es globais de gases de efeito estufa.<\/li>\n\n\n\n<li>A gera\u00e7\u00e3o global de res\u00edduos pl\u00e1sticos mais que dobrou de 2000 a 2019, para 353 milh\u00f5es de toneladas.&nbsp;Quase dois ter\u00e7os dos res\u00edduos pl\u00e1sticos v\u00eam de pl\u00e1sticos com vida \u00fatil inferior a cinco anos, com 40% provenientes de embalagens, 12% de bens de consumo e 11% de roupas e t\u00eaxteis.<\/li>\n\n\n\n<li>Apenas 9% dos res\u00edduos pl\u00e1sticos s\u00e3o reciclados (15% s\u00e3o recolhidos para reciclagem, mas 40% s\u00e3o eliminados como res\u00edduos).&nbsp;Outros 19% s\u00e3o incinerados, 50% acabam em aterros sanit\u00e1rios e 22% fogem dos sistemas de gerenciamento de res\u00edduos e v\u00e3o para lix\u00f5es descontrolados, s\u00e3o queimados a c\u00e9u aberto ou acabam em ambientes terrestres ou aqu\u00e1ticos, principalmente em pa\u00edses mais pobres.&nbsp;<\/li>\n\n\n\n<li>Em 2019, 6,1 milh\u00f5es de toneladas de res\u00edduos pl\u00e1sticos vazaram para ambientes aqu\u00e1ticos e 1,7 milh\u00f5es de toneladas foram para os oceanos.&nbsp;Estima-se que haja agora 30 milh\u00f5es de toneladas de res\u00edduos pl\u00e1sticos nos mares e oceanos, e outros 109 Mt acumulados nos rios.&nbsp;<\/li>\n\n\n\n<li>Considerando as cadeias de valor globais e o com\u00e9rcio de pl\u00e1sticos, alinhar as abordagens de design e a regulamenta\u00e7\u00e3o de produtos qu\u00edmicos ser\u00e1 fundamental para melhorar a circularidade dos pl\u00e1sticos.&nbsp;Uma abordagem internacional para a gest\u00e3o de res\u00edduos deve levar \u00e0 mobiliza\u00e7\u00e3o de todas as fontes de financiamento dispon\u00edveis.<\/li>\n<\/ul>\n\n\n\n<p>Caso queira nossa contribui\u00e7\u00e3o entre em contato:&nbsp;<a href=\"mailto:gsantana2005@gmail.com\">gsantana2005@gmail.com<\/a>&nbsp;veja o nosso&nbsp;<a href=\"https:\/\/www.instagram.com\/genilsonpereirasantana1\/\" rel=\"nofollow noopener\" target=\"_blank\">Instagram<\/a><\/p>\n\n\n\n<p>Descubra mais sobre os residuos s\u00f3lidos nos artigos:<\/p>\n\n\n\n<ul class=\"wp-block-list\">\n<li><a href=\"https:\/\/gsantana2005.net\/index.php\/2023\/06\/10\/reaproveite-o-seu-lixo-organico-hoje-mesmo\/\">Reaproveite o seu lixo org\u00e2nico hoje mesmo<\/a><\/li>\n\n\n\n<li><a href=\"https:\/\/gsantana2005.net\/index.php\/2023\/06\/09\/o-que-e-coleta-seletiva-de-lixo\/\">O que \u00e9 coleta seletiva de lixo?<\/a><\/li>\n\n\n\n<li><a href=\"https:\/\/gsantana2005.net\/index.php\/2023\/06\/20\/6-coisas-que-voce-precisa-saber-sobre-gestao-de-residuos\/\">6 coisas que voc\u00ea precisa saber sobre gest\u00e3o de res\u00edduos<\/a><\/li>\n<\/ul>\n\n\n\n<h3 class=\"wp-block-heading\">Fonte<\/h3>\n\n\n\n<p><a href=\"https:\/\/www.oecd.org\/environment\/plastic-pollution-is-growing-relentlessly-as-waste-management-and-recycling-fall-short.htm\" target=\"_blank\" rel=\"noreferrer noopener nofollow\">OCDE<\/a><\/p>\n\n\n\n<p><\/p>\n","protected":false},"excerpt":{"rendered":"<p>A polui\u00e7\u00e3o pl\u00e1stica quadruplicou nos \u00faltimos anos um fato muito preocupante para a humanidade. Segundo a Organiza\u00e7\u00e3o para a Coopera\u00e7\u00e3o e Desenvolvimento Econ\u00f4mico (OCDE)\u00a0quase metade de todos os res\u00edduos pl\u00e1sticos do mundo vem dos seus pa\u00edses filiados.\u00a0Dessa forma, os res\u00edduos pl\u00e1sticos gerados anualmente por pessoa variam de 221 kg nos Estados Unidos e 114 kg [&hellip;]<\/p>\n","protected":false},"author":1,"featured_media":406,"comment_status":"open","ping_status":"closed","sticky":false,"template":"","format":"standard","meta":{"om_disable_all_campaigns":false,"_monsterinsights_skip_tracking":false,"_monsterinsights_sitenote_active":false,"_monsterinsights_sitenote_note":"","_monsterinsights_sitenote_category":0,"footnotes":"","_links_to":"","_links_to_target":""},"categories":[3,275],"tags":[143,118,123,124,122,126,125,119,120],"class_list":["post-499","post","type-post","status-publish","format-standard","has-post-thumbnail","hentry","category-genilson-pereira-santana","category-conservacao-ambiental","tag-economia-circular-plastico","tag-microplasticos","tag-microplasticos-em-humanos","tag-microplasticos-no-corpo-humano","tag-microplasticos-no-oceano","tag-microplasticos-no-sangue","tag-microplasticos-o-que-e","tag-o-que-sao-microplasticos","tag-oque-sao-microplasticos"],"aioseo_notices":[],"yoast_head":"<!-- This site is optimized with the Yoast SEO plugin v24.5 - https:\/\/yoast.com\/wordpress\/plugins\/seo\/ -->\n<title>A polui\u00e7\u00e3o pl\u00e1stica quadruplicou nos \u00faltimos anos - gsantana2005<\/title>\n<meta name=\"description\" content=\"A polui\u00e7\u00e3o pl\u00e1stica quadruplicou nos \u00faltimos anos \u00e9 um artigo que mostra para voc\u00ea que a polui\u00e7\u00e3o pl\u00e1stico aumentou consideravelmente.\" \/>\n<meta name=\"robots\" content=\"index, follow, max-snippet:-1, max-image-preview:large, max-video-preview:-1\" \/>\n<link rel=\"canonical\" href=\"https:\/\/gsantana2005.net\/index.php\/2023\/06\/24\/a-poluicao-plastica-quadruplicou-nos-ultimos-anos\/\" \/>\n<meta property=\"og:locale\" content=\"pt_BR\" \/>\n<meta property=\"og:type\" content=\"article\" \/>\n<meta property=\"og:title\" content=\"A polui\u00e7\u00e3o pl\u00e1stica quadruplicou nos \u00faltimos anos - gsantana2005\" \/>\n<meta property=\"og:description\" content=\"A polui\u00e7\u00e3o pl\u00e1stica quadruplicou nos \u00faltimos anos \u00e9 um artigo que mostra para voc\u00ea que a polui\u00e7\u00e3o pl\u00e1stico aumentou consideravelmente.\" \/>\n<meta property=\"og:url\" content=\"https:\/\/gsantana2005.net\/index.php\/2023\/06\/24\/a-poluicao-plastica-quadruplicou-nos-ultimos-anos\/\" \/>\n<meta property=\"og:site_name\" content=\"gsantana2005\" \/>\n<meta property=\"article:published_time\" content=\"2023-06-24T22:34:38+00:00\" \/>\n<meta property=\"article:modified_time\" content=\"2023-08-08T23:49:04+00:00\" \/>\n<meta property=\"og:image\" content=\"http:\/\/gsantana2005.net\/wp-content\/uploads\/2023\/06\/plastico1.png\" \/>\n\t<meta property=\"og:image:width\" content=\"436\" \/>\n\t<meta property=\"og:image:height\" content=\"261\" \/>\n\t<meta property=\"og:image:type\" content=\"image\/png\" \/>\n<meta name=\"author\" content=\"gsantana2005\" \/>\n<meta name=\"twitter:card\" content=\"summary_large_image\" \/>\n<meta name=\"twitter:label1\" content=\"Escrito por\" \/>\n\t<meta name=\"twitter:data1\" content=\"gsantana2005\" \/>\n\t<meta name=\"twitter:label2\" content=\"Est. tempo de leitura\" \/>\n\t<meta name=\"twitter:data2\" content=\"3 minutos\" \/>\n<script type=\"application\/ld+json\" class=\"yoast-schema-graph\">{\"@context\":\"https:\/\/schema.org\",\"@graph\":[{\"@type\":\"Article\",\"@id\":\"https:\/\/gsantana2005.net\/index.php\/2023\/06\/24\/a-poluicao-plastica-quadruplicou-nos-ultimos-anos\/#article\",\"isPartOf\":{\"@id\":\"https:\/\/gsantana2005.net\/index.php\/2023\/06\/24\/a-poluicao-plastica-quadruplicou-nos-ultimos-anos\/\"},\"author\":{\"name\":\"gsantana2005\",\"@id\":\"https:\/\/gsantana2005.net\/#\/schema\/person\/78c90c6f49a46ef4c8e69bafec347cb7\"},\"headline\":\"A polui\u00e7\u00e3o pl\u00e1stica quadruplicou nos \u00faltimos anos\",\"datePublished\":\"2023-06-24T22:34:38+00:00\",\"dateModified\":\"2023-08-08T23:49:04+00:00\",\"mainEntityOfPage\":{\"@id\":\"https:\/\/gsantana2005.net\/index.php\/2023\/06\/24\/a-poluicao-plastica-quadruplicou-nos-ultimos-anos\/\"},\"wordCount\":795,\"commentCount\":18,\"publisher\":{\"@id\":\"https:\/\/gsantana2005.net\/#organization\"},\"image\":{\"@id\":\"https:\/\/gsantana2005.net\/index.php\/2023\/06\/24\/a-poluicao-plastica-quadruplicou-nos-ultimos-anos\/#primaryimage\"},\"thumbnailUrl\":\"https:\/\/gsantana2005.net\/wp-content\/uploads\/2023\/06\/plastico1.png\",\"keywords\":[\"economia circular pl\u00e1stico\",\"micropl\u00e1sticos\",\"microplasticos em humanos\",\"micropl\u00e1sticos no corpo humano\",\"microplasticos no oceano\",\"microplasticos no sangue\",\"microplasticos o que \u00e9\",\"o que s\u00e3o microplasticos\",\"o\u00b4que s\u00e3o micropl\u00e1sticos\"],\"articleSection\":[\"Dr Genilson Santana\",\"Conserva\u00e7\u00e3o Ambiental\"],\"inLanguage\":\"pt-BR\",\"potentialAction\":[{\"@type\":\"CommentAction\",\"name\":\"Comment\",\"target\":[\"https:\/\/gsantana2005.net\/index.php\/2023\/06\/24\/a-poluicao-plastica-quadruplicou-nos-ultimos-anos\/#respond\"]}]},{\"@type\":\"WebPage\",\"@id\":\"https:\/\/gsantana2005.net\/index.php\/2023\/06\/24\/a-poluicao-plastica-quadruplicou-nos-ultimos-anos\/\",\"url\":\"https:\/\/gsantana2005.net\/index.php\/2023\/06\/24\/a-poluicao-plastica-quadruplicou-nos-ultimos-anos\/\",\"name\":\"A polui\u00e7\u00e3o pl\u00e1stica quadruplicou nos \u00faltimos anos - gsantana2005\",\"isPartOf\":{\"@id\":\"https:\/\/gsantana2005.net\/#website\"},\"primaryImageOfPage\":{\"@id\":\"https:\/\/gsantana2005.net\/index.php\/2023\/06\/24\/a-poluicao-plastica-quadruplicou-nos-ultimos-anos\/#primaryimage\"},\"image\":{\"@id\":\"https:\/\/gsantana2005.net\/index.php\/2023\/06\/24\/a-poluicao-plastica-quadruplicou-nos-ultimos-anos\/#primaryimage\"},\"thumbnailUrl\":\"https:\/\/gsantana2005.net\/wp-content\/uploads\/2023\/06\/plastico1.png\",\"datePublished\":\"2023-06-24T22:34:38+00:00\",\"dateModified\":\"2023-08-08T23:49:04+00:00\",\"description\":\"A polui\u00e7\u00e3o pl\u00e1stica quadruplicou nos \u00faltimos anos \u00e9 um artigo que mostra para voc\u00ea que a polui\u00e7\u00e3o pl\u00e1stico aumentou consideravelmente.\",\"breadcrumb\":{\"@id\":\"https:\/\/gsantana2005.net\/index.php\/2023\/06\/24\/a-poluicao-plastica-quadruplicou-nos-ultimos-anos\/#breadcrumb\"},\"inLanguage\":\"pt-BR\",\"potentialAction\":[{\"@type\":\"ReadAction\",\"target\":[\"https:\/\/gsantana2005.net\/index.php\/2023\/06\/24\/a-poluicao-plastica-quadruplicou-nos-ultimos-anos\/\"]}]},{\"@type\":\"ImageObject\",\"inLanguage\":\"pt-BR\",\"@id\":\"https:\/\/gsantana2005.net\/index.php\/2023\/06\/24\/a-poluicao-plastica-quadruplicou-nos-ultimos-anos\/#primaryimage\",\"url\":\"https:\/\/gsantana2005.net\/wp-content\/uploads\/2023\/06\/plastico1.png\",\"contentUrl\":\"https:\/\/gsantana2005.net\/wp-content\/uploads\/2023\/06\/plastico1.png\",\"width\":436,\"height\":261,\"caption\":\"mciroplasticos\"},{\"@type\":\"BreadcrumbList\",\"@id\":\"https:\/\/gsantana2005.net\/index.php\/2023\/06\/24\/a-poluicao-plastica-quadruplicou-nos-ultimos-anos\/#breadcrumb\",\"itemListElement\":[{\"@type\":\"ListItem\",\"position\":1,\"name\":\"Home\",\"item\":\"https:\/\/gsantana2005.net\/\"},{\"@type\":\"ListItem\",\"position\":2,\"name\":\"A polui\u00e7\u00e3o pl\u00e1stica quadruplicou nos \u00faltimos anos\"}]},{\"@type\":\"WebSite\",\"@id\":\"https:\/\/gsantana2005.net\/#website\",\"url\":\"https:\/\/gsantana2005.net\/\",\"name\":\"gsantana2005\",\"description\":\"Sejamos sustent\u00e1veis\",\"publisher\":{\"@id\":\"https:\/\/gsantana2005.net\/#organization\"},\"potentialAction\":[{\"@type\":\"SearchAction\",\"target\":{\"@type\":\"EntryPoint\",\"urlTemplate\":\"https:\/\/gsantana2005.net\/?s={search_term_string}\"},\"query-input\":{\"@type\":\"PropertyValueSpecification\",\"valueRequired\":true,\"valueName\":\"search_term_string\"}}],\"inLanguage\":\"pt-BR\"},{\"@type\":\"Organization\",\"@id\":\"https:\/\/gsantana2005.net\/#organization\",\"name\":\"gsantana2005\",\"url\":\"https:\/\/gsantana2005.net\/\",\"logo\":{\"@type\":\"ImageObject\",\"inLanguage\":\"pt-BR\",\"@id\":\"https:\/\/gsantana2005.net\/#\/schema\/logo\/image\/\",\"url\":\"https:\/\/gsantana2005.net\/wp-content\/uploads\/2023\/06\/cropped-Gs-sem-fundo.jpg\",\"contentUrl\":\"https:\/\/gsantana2005.net\/wp-content\/uploads\/2023\/06\/cropped-Gs-sem-fundo.jpg\",\"width\":100,\"height\":100,\"caption\":\"gsantana2005\"},\"image\":{\"@id\":\"https:\/\/gsantana2005.net\/#\/schema\/logo\/image\/\"}},{\"@type\":\"Person\",\"@id\":\"https:\/\/gsantana2005.net\/#\/schema\/person\/78c90c6f49a46ef4c8e69bafec347cb7\",\"name\":\"gsantana2005\",\"image\":{\"@type\":\"ImageObject\",\"inLanguage\":\"pt-BR\",\"@id\":\"https:\/\/gsantana2005.net\/#\/schema\/person\/image\/\",\"url\":\"https:\/\/secure.gravatar.com\/avatar\/db3aa311fa8063e1f4df6b2da249929f?s=96&d=mm&r=g\",\"contentUrl\":\"https:\/\/secure.gravatar.com\/avatar\/db3aa311fa8063e1f4df6b2da249929f?s=96&d=mm&r=g\",\"caption\":\"gsantana2005\"},\"sameAs\":[\"http:\/\/gsantana2005.net\"],\"url\":\"https:\/\/gsantana2005.net\/author\/gsantana2005\/\"}]}<\/script>\n<!-- \/ Yoast SEO plugin. -->","yoast_head_json":{"title":"A polui\u00e7\u00e3o pl\u00e1stica quadruplicou nos \u00faltimos anos - gsantana2005","description":"A polui\u00e7\u00e3o pl\u00e1stica quadruplicou nos \u00faltimos anos \u00e9 um artigo que mostra para voc\u00ea que a polui\u00e7\u00e3o pl\u00e1stico aumentou consideravelmente.","robots":{"index":"index","follow":"follow","max-snippet":"max-snippet:-1","max-image-preview":"max-image-preview:large","max-video-preview":"max-video-preview:-1"},"canonical":"https:\/\/gsantana2005.net\/index.php\/2023\/06\/24\/a-poluicao-plastica-quadruplicou-nos-ultimos-anos\/","og_locale":"pt_BR","og_type":"article","og_title":"A polui\u00e7\u00e3o pl\u00e1stica quadruplicou nos \u00faltimos anos - gsantana2005","og_description":"A polui\u00e7\u00e3o pl\u00e1stica quadruplicou nos \u00faltimos anos \u00e9 um artigo que mostra para voc\u00ea que a polui\u00e7\u00e3o pl\u00e1stico aumentou consideravelmente.","og_url":"https:\/\/gsantana2005.net\/index.php\/2023\/06\/24\/a-poluicao-plastica-quadruplicou-nos-ultimos-anos\/","og_site_name":"gsantana2005","article_published_time":"2023-06-24T22:34:38+00:00","article_modified_time":"2023-08-08T23:49:04+00:00","og_image":[{"width":436,"height":261,"url":"http:\/\/gsantana2005.net\/wp-content\/uploads\/2023\/06\/plastico1.png","type":"image\/png"}],"author":"gsantana2005","twitter_card":"summary_large_image","twitter_misc":{"Escrito por":"gsantana2005","Est. tempo de leitura":"3 minutos"},"schema":{"@context":"https:\/\/schema.org","@graph":[{"@type":"Article","@id":"https:\/\/gsantana2005.net\/index.php\/2023\/06\/24\/a-poluicao-plastica-quadruplicou-nos-ultimos-anos\/#article","isPartOf":{"@id":"https:\/\/gsantana2005.net\/index.php\/2023\/06\/24\/a-poluicao-plastica-quadruplicou-nos-ultimos-anos\/"},"author":{"name":"gsantana2005","@id":"https:\/\/gsantana2005.net\/#\/schema\/person\/78c90c6f49a46ef4c8e69bafec347cb7"},"headline":"A polui\u00e7\u00e3o pl\u00e1stica quadruplicou nos \u00faltimos anos","datePublished":"2023-06-24T22:34:38+00:00","dateModified":"2023-08-08T23:49:04+00:00","mainEntityOfPage":{"@id":"https:\/\/gsantana2005.net\/index.php\/2023\/06\/24\/a-poluicao-plastica-quadruplicou-nos-ultimos-anos\/"},"wordCount":795,"commentCount":18,"publisher":{"@id":"https:\/\/gsantana2005.net\/#organization"},"image":{"@id":"https:\/\/gsantana2005.net\/index.php\/2023\/06\/24\/a-poluicao-plastica-quadruplicou-nos-ultimos-anos\/#primaryimage"},"thumbnailUrl":"https:\/\/gsantana2005.net\/wp-content\/uploads\/2023\/06\/plastico1.png","keywords":["economia circular pl\u00e1stico","micropl\u00e1sticos","microplasticos em humanos","micropl\u00e1sticos no corpo humano","microplasticos no oceano","microplasticos no sangue","microplasticos o que \u00e9","o que s\u00e3o microplasticos","o\u00b4que s\u00e3o micropl\u00e1sticos"],"articleSection":["Dr Genilson Santana","Conserva\u00e7\u00e3o Ambiental"],"inLanguage":"pt-BR","potentialAction":[{"@type":"CommentAction","name":"Comment","target":["https:\/\/gsantana2005.net\/index.php\/2023\/06\/24\/a-poluicao-plastica-quadruplicou-nos-ultimos-anos\/#respond"]}]},{"@type":"WebPage","@id":"https:\/\/gsantana2005.net\/index.php\/2023\/06\/24\/a-poluicao-plastica-quadruplicou-nos-ultimos-anos\/","url":"https:\/\/gsantana2005.net\/index.php\/2023\/06\/24\/a-poluicao-plastica-quadruplicou-nos-ultimos-anos\/","name":"A polui\u00e7\u00e3o pl\u00e1stica quadruplicou nos \u00faltimos anos - gsantana2005","isPartOf":{"@id":"https:\/\/gsantana2005.net\/#website"},"primaryImageOfPage":{"@id":"https:\/\/gsantana2005.net\/index.php\/2023\/06\/24\/a-poluicao-plastica-quadruplicou-nos-ultimos-anos\/#primaryimage"},"image":{"@id":"https:\/\/gsantana2005.net\/index.php\/2023\/06\/24\/a-poluicao-plastica-quadruplicou-nos-ultimos-anos\/#primaryimage"},"thumbnailUrl":"https:\/\/gsantana2005.net\/wp-content\/uploads\/2023\/06\/plastico1.png","datePublished":"2023-06-24T22:34:38+00:00","dateModified":"2023-08-08T23:49:04+00:00","description":"A polui\u00e7\u00e3o pl\u00e1stica quadruplicou nos \u00faltimos anos \u00e9 um artigo que mostra para voc\u00ea que a polui\u00e7\u00e3o pl\u00e1stico aumentou consideravelmente.","breadcrumb":{"@id":"https:\/\/gsantana2005.net\/index.php\/2023\/06\/24\/a-poluicao-plastica-quadruplicou-nos-ultimos-anos\/#breadcrumb"},"inLanguage":"pt-BR","potentialAction":[{"@type":"ReadAction","target":["https:\/\/gsantana2005.net\/index.php\/2023\/06\/24\/a-poluicao-plastica-quadruplicou-nos-ultimos-anos\/"]}]},{"@type":"ImageObject","inLanguage":"pt-BR","@id":"https:\/\/gsantana2005.net\/index.php\/2023\/06\/24\/a-poluicao-plastica-quadruplicou-nos-ultimos-anos\/#primaryimage","url":"https:\/\/gsantana2005.net\/wp-content\/uploads\/2023\/06\/plastico1.png","contentUrl":"https:\/\/gsantana2005.net\/wp-content\/uploads\/2023\/06\/plastico1.png","width":436,"height":261,"caption":"mciroplasticos"},{"@type":"BreadcrumbList","@id":"https:\/\/gsantana2005.net\/index.php\/2023\/06\/24\/a-poluicao-plastica-quadruplicou-nos-ultimos-anos\/#breadcrumb","itemListElement":[{"@type":"ListItem","position":1,"name":"Home","item":"https:\/\/gsantana2005.net\/"},{"@type":"ListItem","position":2,"name":"A polui\u00e7\u00e3o pl\u00e1stica quadruplicou nos \u00faltimos anos"}]},{"@type":"WebSite","@id":"https:\/\/gsantana2005.net\/#website","url":"https:\/\/gsantana2005.net\/","name":"gsantana2005","description":"Sejamos sustent\u00e1veis","publisher":{"@id":"https:\/\/gsantana2005.net\/#organization"},"potentialAction":[{"@type":"SearchAction","target":{"@type":"EntryPoint","urlTemplate":"https:\/\/gsantana2005.net\/?s={search_term_string}"},"query-input":{"@type":"PropertyValueSpecification","valueRequired":true,"valueName":"search_term_string"}}],"inLanguage":"pt-BR"},{"@type":"Organization","@id":"https:\/\/gsantana2005.net\/#organization","name":"gsantana2005","url":"https:\/\/gsantana2005.net\/","logo":{"@type":"ImageObject","inLanguage":"pt-BR","@id":"https:\/\/gsantana2005.net\/#\/schema\/logo\/image\/","url":"https:\/\/gsantana2005.net\/wp-content\/uploads\/2023\/06\/cropped-Gs-sem-fundo.jpg","contentUrl":"https:\/\/gsantana2005.net\/wp-content\/uploads\/2023\/06\/cropped-Gs-sem-fundo.jpg","width":100,"height":100,"caption":"gsantana2005"},"image":{"@id":"https:\/\/gsantana2005.net\/#\/schema\/logo\/image\/"}},{"@type":"Person","@id":"https:\/\/gsantana2005.net\/#\/schema\/person\/78c90c6f49a46ef4c8e69bafec347cb7","name":"gsantana2005","image":{"@type":"ImageObject","inLanguage":"pt-BR","@id":"https:\/\/gsantana2005.net\/#\/schema\/person\/image\/","url":"https:\/\/secure.gravatar.com\/avatar\/db3aa311fa8063e1f4df6b2da249929f?s=96&d=mm&r=g","contentUrl":"https:\/\/secure.gravatar.com\/avatar\/db3aa311fa8063e1f4df6b2da249929f?s=96&d=mm&r=g","caption":"gsantana2005"},"sameAs":["http:\/\/gsantana2005.net"],"url":"https:\/\/gsantana2005.net\/author\/gsantana2005\/"}]}},"amp_enabled":true,"_links":{"self":[{"href":"https:\/\/gsantana2005.net\/index.php\/wp-json\/wp\/v2\/posts\/499"}],"collection":[{"href":"https:\/\/gsantana2005.net\/index.php\/wp-json\/wp\/v2\/posts"}],"about":[{"href":"https:\/\/gsantana2005.net\/index.php\/wp-json\/wp\/v2\/types\/post"}],"author":[{"embeddable":true,"href":"https:\/\/gsantana2005.net\/index.php\/wp-json\/wp\/v2\/users\/1"}],"replies":[{"embeddable":true,"href":"https:\/\/gsantana2005.net\/index.php\/wp-json\/wp\/v2\/comments?post=499"}],"version-history":[{"count":2,"href":"https:\/\/gsantana2005.net\/index.php\/wp-json\/wp\/v2\/posts\/499\/revisions"}],"predecessor-version":[{"id":501,"href":"https:\/\/gsantana2005.net\/index.php\/wp-json\/wp\/v2\/posts\/499\/revisions\/501"}],"wp:featuredmedia":[{"embeddable":true,"href":"https:\/\/gsantana2005.net\/index.php\/wp-json\/wp\/v2\/media\/406"}],"wp:attachment":[{"href":"https:\/\/gsantana2005.net\/index.php\/wp-json\/wp\/v2\/media?parent=499"}],"wp:term":[{"taxonomy":"category","embeddable":true,"href":"https:\/\/gsantana2005.net\/index.php\/wp-json\/wp\/v2\/categories?post=499"},{"taxonomy":"post_tag","embeddable":true,"href":"https:\/\/gsantana2005.net\/index.php\/wp-json\/wp\/v2\/tags?post=499"}],"curies":[{"name":"wp","href":"https:\/\/api.w.org\/{rel}","templated":true}]}}