{"id":542,"date":"2023-07-04T23:40:50","date_gmt":"2023-07-04T23:40:50","guid":{"rendered":"https:\/\/gsantana2005.net\/?p=542"},"modified":"2023-08-08T23:47:06","modified_gmt":"2023-08-08T23:47:06","slug":"saiba-hoje-mesmo-sobre-a-economia-circular-do-plastico","status":"publish","type":"post","link":"https:\/\/gsantana2005.net\/index.php\/2023\/07\/04\/saiba-hoje-mesmo-sobre-a-economia-circular-do-plastico\/","title":{"rendered":"Saiba hoje mesmo sobre a economia circular do pl\u00e1stico"},"content":{"rendered":"\n<figure class=\"wp-block-image size-large is-resized\"><img loading=\"lazy\" decoding=\"async\" src=\"http:\/\/gsantana2005.net\/wp-content\/uploads\/2023\/01\/genilson-768x1024.jpg\" alt=\"Genilson Pereira Santana\" class=\"wp-image-168\" width=\"153\" height=\"204\" srcset=\"https:\/\/gsantana2005.net\/wp-content\/uploads\/2023\/01\/genilson-768x1024.jpg 768w, https:\/\/gsantana2005.net\/wp-content\/uploads\/2023\/01\/genilson-225x300.jpg 225w, https:\/\/gsantana2005.net\/wp-content\/uploads\/2023\/01\/genilson-1152x1536.jpg 1152w, https:\/\/gsantana2005.net\/wp-content\/uploads\/2023\/01\/genilson-1536x2048.jpg 1536w, https:\/\/gsantana2005.net\/wp-content\/uploads\/2023\/01\/genilson-scaled.jpg 1920w\" sizes=\"(max-width: 153px) 100vw, 153px\" \/><\/figure>\n\n\n\n<p>por Dr Genilson Pereira Santana<\/p>\n\n\n\n<p>Saiba hoje mesmo sobre a economia circular do pl\u00e1stico \u00e9 uma forma de reduzir essa polui\u00e7\u00e3o t\u00e3o grave atualmente. Ent\u00e3o, a economia circular do pl\u00e1stico \u00e9 uma abordagem que busca transformar a maneira como o pl\u00e1stico \u00e9 produzido, usado e gerenciado. Assim, ela visa reduzir os impactos ambientais negativos associados a esse material. <\/p>\n\n\n\n<p>Mas, por outro lado, o pl\u00e1stico \u00e9 um dos principais desafios ambientais devido \u00e0 sua durabilidade e lenta taxa de degrada\u00e7\u00e3o no ambiente. Dessa forma, tem-se como resultado polui\u00e7\u00e3o e s\u00e9rios problemas para a vida selvagem.<\/p>\n\n\n\n<h2 class=\"wp-block-heading\">Como a economia circular reduz a quantidade pl\u00e1stico no ambiente?<\/h2>\n\n\n\n<p>Em primeiro lugar, voc\u00ea tem que descobrir que a economia circular do pl\u00e1stico baseia-se em tr\u00eas princ\u00edpios chave:<\/p>\n\n\n\n<ol class=\"wp-block-list\">\n<li><strong>Reduzir o uso de pl\u00e1stico<\/strong>: O primeiro passo \u00e9 reduzir a quantidade de pl\u00e1stico produzido e usado. Isso pode ser alcan\u00e7ado com v\u00e1rias medidas. Por exemplo: elimina\u00e7\u00e3o de pl\u00e1sticos de uso \u00fanico; promo\u00e7\u00e3o de embalagens reutiliz\u00e1veis ou compost\u00e1veis e ado\u00e7\u00e3o de modelos de neg\u00f3cios. Assim, voc\u00ea minimiza o uso de pl\u00e1stico em suas opera\u00e7\u00f5es.<\/li>\n\n\n\n<li><strong>Reutiliza\u00e7\u00e3o e reciclagem<\/strong>: O segundo princ\u00edpio \u00e9 promover a reutiliza\u00e7\u00e3o e reciclagem de pl\u00e1sticos existentes. Isso envolve a coleta, separa\u00e7\u00e3o e reciclagem eficiente dos res\u00edduos pl\u00e1sticos. Dessa forma, voc\u00ea permite que sejam reintroduzidos na cadeia produtiva como mat\u00e9rias-primas secund\u00e1rias. A reciclagem do pl\u00e1stico reduz a necessidade de produzir novos pl\u00e1sticos virgens, economizando recursos e energia.<\/li>\n\n\n\n<li><strong>Inova\u00e7\u00e3o e design circular:<\/strong> O terceiro princ\u00edpio \u00e9 fomentar a inova\u00e7\u00e3o e o design de produtos pl\u00e1sticos de forma circular. Isso implica em criar produtos pl\u00e1sticos que sejam mais facilmente recicl\u00e1veis, compost\u00e1veis ou que tenham ciclos de vida mais longos. Al\u00e9m disso, a pesquisa e o desenvolvimento de pl\u00e1sticos biodegrad\u00e1veis e biocompat\u00edveis tamb\u00e9m s\u00e3o aspectos importantes da economia circular do pl\u00e1stico.<\/li>\n<\/ol>\n\n\n\n<h2 class=\"wp-block-heading\">O que precisa para ter a Economia Circular do pl\u00e1stico?<\/h2>\n\n\n\n<p>Para implementar a economia circular do pl\u00e1stico, \u00e9 necess\u00e1ria a colabora\u00e7\u00e3o de diversos atores. Por exemplo,  governos, ind\u00fastria, organiza\u00e7\u00f5es n\u00e3o governamentais e consumidores. Dessa forma, voc\u00ea deve ter algumas medidas importantes. Por exemplo:<\/p>\n\n\n\n<ul class=\"wp-block-list\">\n<li>Estabelecimento de pol\u00edticas e regulamenta\u00e7\u00f5es que incentivem a redu\u00e7\u00e3o do uso de pl\u00e1stico e promovam a reciclagem<\/li>\n\n\n\n<li>Investimento em infraestrutura de coleta seletiva, triagem e reciclagem de pl\u00e1sticos<\/li>\n\n\n\n<li>Cria\u00e7\u00e3o de incentivos econ\u00f4micos para a ado\u00e7\u00e3o de pl\u00e1sticos reciclados em produtos<\/li>\n\n\n\n<li>Educa\u00e7\u00e3o e conscientiza\u00e7\u00e3o p\u00fablica sobre a import\u00e2ncia da economia circular do pl\u00e1stico e o impacto das escolhas individuais<\/li>\n<\/ul>\n\n\n\n<p>Portanto, a economia circular do pl\u00e1stico \u00e9 uma estrat\u00e9gia crucial para mitigar os problemas associados \u00e0 polui\u00e7\u00e3o pl\u00e1stica. Assim, ela protege os ecossistemas naturais e reduzir o consumo excessivo de recursos. Ao adotar uma abordagem circular para o pl\u00e1stico, voc\u00ea aproveita os seus benef\u00edcios sem comprometer o meio ambiente e as futuras gera\u00e7\u00f5es.<\/p>\n\n\n\n<h2 class=\"wp-block-heading\">Convite especial para voc\u00ea<\/h2>\n\n\n\n<p>Caso queira nossa contribui\u00e7\u00e3o entre em contato:&nbsp;<a href=\"mailto:gsantana2005@gmail.com\">gsantana2005@gmail.com<\/a>&nbsp;veja o nosso&nbsp;<a href=\"https:\/\/www.instagram.com\/genilsonpereirasantana1\/\" rel=\"nofollow noopener\" target=\"_blank\">Instagram<\/a><\/p>\n\n\n\n<p>J\u00e1 que voc\u00ea chegou at\u00e9 aqui com o artigo Saiba hoje mesmo sobre a economia circular do pl\u00e1stico descubra mais sobre os res\u00edduos s\u00f3lidos nos artigos:<\/p>\n\n\n\n<ul class=\"wp-block-list\">\n<li><a href=\"https:\/\/gsantana2005.net\/index.php\/2023\/06\/19\/microplasticos-a-ameaca-invisivel-ao-meio-ambiente-e-a-saude\/\" target=\"_blank\" rel=\"noreferrer noopener\">Micropl\u00e1sticos: A Amea\u00e7a Invis\u00edvel ao Meio Ambiente e \u00e0 Sa\u00fade<\/a><\/li>\n\n\n\n<li><a href=\"https:\/\/gsantana2005.net\/index.php\/2023\/06\/17\/tijolos-de-plasticos-que-vem-dos-igarapes\/\" target=\"_blank\" rel=\"noreferrer noopener\">Tijolos de pl\u00e1sticos que vem dos igarap\u00e9s<\/a><\/li>\n\n\n\n<li><a href=\"https:\/\/gsantana2005.net\/index.php\/2023\/06\/24\/a-poluicao-plastica-quadruplicou-nos-ultimos-anos\/\" target=\"_blank\" rel=\"noreferrer noopener\">A polui\u00e7\u00e3o pl\u00e1stica quadruplicou nos \u00faltimos anos<\/a><\/li>\n<\/ul>\n","protected":false},"excerpt":{"rendered":"<p>por Dr Genilson Pereira Santana Saiba hoje mesmo sobre a economia circular do pl\u00e1stico \u00e9 uma forma de reduzir essa polui\u00e7\u00e3o t\u00e3o grave atualmente. Ent\u00e3o, a economia circular do pl\u00e1stico \u00e9 uma abordagem que busca transformar a maneira como o pl\u00e1stico \u00e9 produzido, usado e gerenciado. Assim, ela visa reduzir os impactos ambientais negativos associados [&hellip;]<\/p>\n","protected":false},"author":1,"featured_media":408,"comment_status":"open","ping_status":"closed","sticky":false,"template":"","format":"standard","meta":{"om_disable_all_campaigns":false,"_monsterinsights_skip_tracking":false,"_monsterinsights_sitenote_active":false,"_monsterinsights_sitenote_note":"","_monsterinsights_sitenote_category":0,"footnotes":"","_links_to":"","_links_to_target":""},"categories":[3,273],"tags":[143,118,124,208,120,223,225,224,226],"class_list":["post-542","post","type-post","status-publish","format-standard","has-post-thumbnail","hentry","category-genilson-pereira-santana","category-economia-de-recursos","tag-economia-circular-plastico","tag-microplasticos","tag-microplasticos-no-corpo-humano","tag-o-que-e-poluicao-plastica","tag-oque-sao-microplasticos","tag-plastico-e-economia-circular","tag-reciclagem-de-plastico","tag-residuo-plastico","tag-upcycling-de-plastico"],"aioseo_notices":[],"yoast_head":"<!-- This site is optimized with the Yoast SEO plugin v24.5 - https:\/\/yoast.com\/wordpress\/plugins\/seo\/ -->\n<title>Saiba hoje mesmo sobre a economia circular do pl\u00e1stico - gsantana2005<\/title>\n<meta name=\"description\" content=\"Saiba hoje mesmo sobre a economia circular do pl\u00e1stico \u00e9 um artigo que mostra para voc\u00ea como essa pr\u00e1tica ajudar\u00e1 a resolver essa polui\u00e7\u00e3o\" \/>\n<meta name=\"robots\" content=\"index, follow, max-snippet:-1, max-image-preview:large, max-video-preview:-1\" \/>\n<link rel=\"canonical\" href=\"https:\/\/gsantana2005.net\/index.php\/2023\/07\/04\/saiba-hoje-mesmo-sobre-a-economia-circular-do-plastico\/\" \/>\n<meta property=\"og:locale\" content=\"pt_BR\" \/>\n<meta property=\"og:type\" content=\"article\" \/>\n<meta property=\"og:title\" content=\"Saiba hoje mesmo sobre a economia circular do pl\u00e1stico - gsantana2005\" \/>\n<meta property=\"og:description\" content=\"Saiba hoje mesmo sobre a economia circular do pl\u00e1stico \u00e9 um artigo que mostra para voc\u00ea como essa pr\u00e1tica ajudar\u00e1 a resolver essa polui\u00e7\u00e3o\" \/>\n<meta property=\"og:url\" content=\"https:\/\/gsantana2005.net\/index.php\/2023\/07\/04\/saiba-hoje-mesmo-sobre-a-economia-circular-do-plastico\/\" \/>\n<meta property=\"og:site_name\" content=\"gsantana2005\" \/>\n<meta property=\"article:published_time\" content=\"2023-07-04T23:40:50+00:00\" \/>\n<meta property=\"article:modified_time\" content=\"2023-08-08T23:47:06+00:00\" \/>\n<meta property=\"og:image\" content=\"http:\/\/gsantana2005.net\/wp-content\/uploads\/2023\/06\/plastico3.png\" \/>\n\t<meta property=\"og:image:width\" content=\"503\" \/>\n\t<meta property=\"og:image:height\" content=\"277\" \/>\n\t<meta property=\"og:image:type\" content=\"image\/png\" \/>\n<meta name=\"author\" content=\"gsantana2005\" \/>\n<meta name=\"twitter:card\" content=\"summary_large_image\" \/>\n<meta name=\"twitter:label1\" content=\"Escrito por\" \/>\n\t<meta name=\"twitter:data1\" content=\"gsantana2005\" \/>\n\t<meta name=\"twitter:label2\" content=\"Est. tempo de leitura\" \/>\n\t<meta name=\"twitter:data2\" content=\"3 minutos\" \/>\n<script type=\"application\/ld+json\" class=\"yoast-schema-graph\">{\"@context\":\"https:\/\/schema.org\",\"@graph\":[{\"@type\":\"Article\",\"@id\":\"https:\/\/gsantana2005.net\/index.php\/2023\/07\/04\/saiba-hoje-mesmo-sobre-a-economia-circular-do-plastico\/#article\",\"isPartOf\":{\"@id\":\"https:\/\/gsantana2005.net\/index.php\/2023\/07\/04\/saiba-hoje-mesmo-sobre-a-economia-circular-do-plastico\/\"},\"author\":{\"name\":\"gsantana2005\",\"@id\":\"https:\/\/gsantana2005.net\/#\/schema\/person\/78c90c6f49a46ef4c8e69bafec347cb7\"},\"headline\":\"Saiba hoje mesmo sobre a economia circular do pl\u00e1stico\",\"datePublished\":\"2023-07-04T23:40:50+00:00\",\"dateModified\":\"2023-08-08T23:47:06+00:00\",\"mainEntityOfPage\":{\"@id\":\"https:\/\/gsantana2005.net\/index.php\/2023\/07\/04\/saiba-hoje-mesmo-sobre-a-economia-circular-do-plastico\/\"},\"wordCount\":607,\"commentCount\":0,\"publisher\":{\"@id\":\"https:\/\/gsantana2005.net\/#organization\"},\"image\":{\"@id\":\"https:\/\/gsantana2005.net\/index.php\/2023\/07\/04\/saiba-hoje-mesmo-sobre-a-economia-circular-do-plastico\/#primaryimage\"},\"thumbnailUrl\":\"https:\/\/gsantana2005.net\/wp-content\/uploads\/2023\/06\/plastico3.png\",\"keywords\":[\"economia circular pl\u00e1stico\",\"micropl\u00e1sticos\",\"micropl\u00e1sticos no corpo humano\",\"o que \u00e9 polui\u00e7\u00e3o pl\u00e1stica\",\"o\u00b4que s\u00e3o micropl\u00e1sticos\",\"pl\u00e1stico e economia circular\",\"reciclagem de pl\u00e1stico\",\"residuo pl\u00e1stico\",\"upcycling de pl\u00e1stico\"],\"articleSection\":[\"Dr Genilson Santana\",\"Economia de Recursos\"],\"inLanguage\":\"pt-BR\",\"potentialAction\":[{\"@type\":\"CommentAction\",\"name\":\"Comment\",\"target\":[\"https:\/\/gsantana2005.net\/index.php\/2023\/07\/04\/saiba-hoje-mesmo-sobre-a-economia-circular-do-plastico\/#respond\"]}]},{\"@type\":\"WebPage\",\"@id\":\"https:\/\/gsantana2005.net\/index.php\/2023\/07\/04\/saiba-hoje-mesmo-sobre-a-economia-circular-do-plastico\/\",\"url\":\"https:\/\/gsantana2005.net\/index.php\/2023\/07\/04\/saiba-hoje-mesmo-sobre-a-economia-circular-do-plastico\/\",\"name\":\"Saiba hoje mesmo sobre a economia circular do pl\u00e1stico - gsantana2005\",\"isPartOf\":{\"@id\":\"https:\/\/gsantana2005.net\/#website\"},\"primaryImageOfPage\":{\"@id\":\"https:\/\/gsantana2005.net\/index.php\/2023\/07\/04\/saiba-hoje-mesmo-sobre-a-economia-circular-do-plastico\/#primaryimage\"},\"image\":{\"@id\":\"https:\/\/gsantana2005.net\/index.php\/2023\/07\/04\/saiba-hoje-mesmo-sobre-a-economia-circular-do-plastico\/#primaryimage\"},\"thumbnailUrl\":\"https:\/\/gsantana2005.net\/wp-content\/uploads\/2023\/06\/plastico3.png\",\"datePublished\":\"2023-07-04T23:40:50+00:00\",\"dateModified\":\"2023-08-08T23:47:06+00:00\",\"description\":\"Saiba hoje mesmo sobre a economia circular do pl\u00e1stico \u00e9 um artigo que mostra para voc\u00ea como essa pr\u00e1tica ajudar\u00e1 a resolver essa polui\u00e7\u00e3o\",\"breadcrumb\":{\"@id\":\"https:\/\/gsantana2005.net\/index.php\/2023\/07\/04\/saiba-hoje-mesmo-sobre-a-economia-circular-do-plastico\/#breadcrumb\"},\"inLanguage\":\"pt-BR\",\"potentialAction\":[{\"@type\":\"ReadAction\",\"target\":[\"https:\/\/gsantana2005.net\/index.php\/2023\/07\/04\/saiba-hoje-mesmo-sobre-a-economia-circular-do-plastico\/\"]}]},{\"@type\":\"ImageObject\",\"inLanguage\":\"pt-BR\",\"@id\":\"https:\/\/gsantana2005.net\/index.php\/2023\/07\/04\/saiba-hoje-mesmo-sobre-a-economia-circular-do-plastico\/#primaryimage\",\"url\":\"https:\/\/gsantana2005.net\/wp-content\/uploads\/2023\/06\/plastico3.png\",\"contentUrl\":\"https:\/\/gsantana2005.net\/wp-content\/uploads\/2023\/06\/plastico3.png\",\"width\":503,\"height\":277,\"caption\":\"Pl\u00e1stico economia circular\"},{\"@type\":\"BreadcrumbList\",\"@id\":\"https:\/\/gsantana2005.net\/index.php\/2023\/07\/04\/saiba-hoje-mesmo-sobre-a-economia-circular-do-plastico\/#breadcrumb\",\"itemListElement\":[{\"@type\":\"ListItem\",\"position\":1,\"name\":\"Home\",\"item\":\"https:\/\/gsantana2005.net\/\"},{\"@type\":\"ListItem\",\"position\":2,\"name\":\"Saiba hoje mesmo sobre a economia circular do pl\u00e1stico\"}]},{\"@type\":\"WebSite\",\"@id\":\"https:\/\/gsantana2005.net\/#website\",\"url\":\"https:\/\/gsantana2005.net\/\",\"name\":\"gsantana2005\",\"description\":\"Sejamos sustent\u00e1veis\",\"publisher\":{\"@id\":\"https:\/\/gsantana2005.net\/#organization\"},\"potentialAction\":[{\"@type\":\"SearchAction\",\"target\":{\"@type\":\"EntryPoint\",\"urlTemplate\":\"https:\/\/gsantana2005.net\/?s={search_term_string}\"},\"query-input\":{\"@type\":\"PropertyValueSpecification\",\"valueRequired\":true,\"valueName\":\"search_term_string\"}}],\"inLanguage\":\"pt-BR\"},{\"@type\":\"Organization\",\"@id\":\"https:\/\/gsantana2005.net\/#organization\",\"name\":\"gsantana2005\",\"url\":\"https:\/\/gsantana2005.net\/\",\"logo\":{\"@type\":\"ImageObject\",\"inLanguage\":\"pt-BR\",\"@id\":\"https:\/\/gsantana2005.net\/#\/schema\/logo\/image\/\",\"url\":\"https:\/\/gsantana2005.net\/wp-content\/uploads\/2023\/06\/cropped-Gs-sem-fundo.jpg\",\"contentUrl\":\"https:\/\/gsantana2005.net\/wp-content\/uploads\/2023\/06\/cropped-Gs-sem-fundo.jpg\",\"width\":100,\"height\":100,\"caption\":\"gsantana2005\"},\"image\":{\"@id\":\"https:\/\/gsantana2005.net\/#\/schema\/logo\/image\/\"}},{\"@type\":\"Person\",\"@id\":\"https:\/\/gsantana2005.net\/#\/schema\/person\/78c90c6f49a46ef4c8e69bafec347cb7\",\"name\":\"gsantana2005\",\"image\":{\"@type\":\"ImageObject\",\"inLanguage\":\"pt-BR\",\"@id\":\"https:\/\/gsantana2005.net\/#\/schema\/person\/image\/\",\"url\":\"https:\/\/secure.gravatar.com\/avatar\/db3aa311fa8063e1f4df6b2da249929f?s=96&d=mm&r=g\",\"contentUrl\":\"https:\/\/secure.gravatar.com\/avatar\/db3aa311fa8063e1f4df6b2da249929f?s=96&d=mm&r=g\",\"caption\":\"gsantana2005\"},\"sameAs\":[\"http:\/\/gsantana2005.net\"],\"url\":\"https:\/\/gsantana2005.net\/author\/gsantana2005\/\"}]}<\/script>\n<!-- \/ Yoast SEO plugin. -->","yoast_head_json":{"title":"Saiba hoje mesmo sobre a economia circular do pl\u00e1stico - gsantana2005","description":"Saiba hoje mesmo sobre a economia circular do pl\u00e1stico \u00e9 um artigo que mostra para voc\u00ea como essa pr\u00e1tica ajudar\u00e1 a resolver essa polui\u00e7\u00e3o","robots":{"index":"index","follow":"follow","max-snippet":"max-snippet:-1","max-image-preview":"max-image-preview:large","max-video-preview":"max-video-preview:-1"},"canonical":"https:\/\/gsantana2005.net\/index.php\/2023\/07\/04\/saiba-hoje-mesmo-sobre-a-economia-circular-do-plastico\/","og_locale":"pt_BR","og_type":"article","og_title":"Saiba hoje mesmo sobre a economia circular do pl\u00e1stico - gsantana2005","og_description":"Saiba hoje mesmo sobre a economia circular do pl\u00e1stico \u00e9 um artigo que mostra para voc\u00ea como essa pr\u00e1tica ajudar\u00e1 a resolver essa polui\u00e7\u00e3o","og_url":"https:\/\/gsantana2005.net\/index.php\/2023\/07\/04\/saiba-hoje-mesmo-sobre-a-economia-circular-do-plastico\/","og_site_name":"gsantana2005","article_published_time":"2023-07-04T23:40:50+00:00","article_modified_time":"2023-08-08T23:47:06+00:00","og_image":[{"width":503,"height":277,"url":"http:\/\/gsantana2005.net\/wp-content\/uploads\/2023\/06\/plastico3.png","type":"image\/png"}],"author":"gsantana2005","twitter_card":"summary_large_image","twitter_misc":{"Escrito por":"gsantana2005","Est. tempo de leitura":"3 minutos"},"schema":{"@context":"https:\/\/schema.org","@graph":[{"@type":"Article","@id":"https:\/\/gsantana2005.net\/index.php\/2023\/07\/04\/saiba-hoje-mesmo-sobre-a-economia-circular-do-plastico\/#article","isPartOf":{"@id":"https:\/\/gsantana2005.net\/index.php\/2023\/07\/04\/saiba-hoje-mesmo-sobre-a-economia-circular-do-plastico\/"},"author":{"name":"gsantana2005","@id":"https:\/\/gsantana2005.net\/#\/schema\/person\/78c90c6f49a46ef4c8e69bafec347cb7"},"headline":"Saiba hoje mesmo sobre a economia circular do pl\u00e1stico","datePublished":"2023-07-04T23:40:50+00:00","dateModified":"2023-08-08T23:47:06+00:00","mainEntityOfPage":{"@id":"https:\/\/gsantana2005.net\/index.php\/2023\/07\/04\/saiba-hoje-mesmo-sobre-a-economia-circular-do-plastico\/"},"wordCount":607,"commentCount":0,"publisher":{"@id":"https:\/\/gsantana2005.net\/#organization"},"image":{"@id":"https:\/\/gsantana2005.net\/index.php\/2023\/07\/04\/saiba-hoje-mesmo-sobre-a-economia-circular-do-plastico\/#primaryimage"},"thumbnailUrl":"https:\/\/gsantana2005.net\/wp-content\/uploads\/2023\/06\/plastico3.png","keywords":["economia circular pl\u00e1stico","micropl\u00e1sticos","micropl\u00e1sticos no corpo humano","o que \u00e9 polui\u00e7\u00e3o pl\u00e1stica","o\u00b4que s\u00e3o micropl\u00e1sticos","pl\u00e1stico e economia circular","reciclagem de pl\u00e1stico","residuo pl\u00e1stico","upcycling de pl\u00e1stico"],"articleSection":["Dr Genilson Santana","Economia de Recursos"],"inLanguage":"pt-BR","potentialAction":[{"@type":"CommentAction","name":"Comment","target":["https:\/\/gsantana2005.net\/index.php\/2023\/07\/04\/saiba-hoje-mesmo-sobre-a-economia-circular-do-plastico\/#respond"]}]},{"@type":"WebPage","@id":"https:\/\/gsantana2005.net\/index.php\/2023\/07\/04\/saiba-hoje-mesmo-sobre-a-economia-circular-do-plastico\/","url":"https:\/\/gsantana2005.net\/index.php\/2023\/07\/04\/saiba-hoje-mesmo-sobre-a-economia-circular-do-plastico\/","name":"Saiba hoje mesmo sobre a economia circular do pl\u00e1stico - gsantana2005","isPartOf":{"@id":"https:\/\/gsantana2005.net\/#website"},"primaryImageOfPage":{"@id":"https:\/\/gsantana2005.net\/index.php\/2023\/07\/04\/saiba-hoje-mesmo-sobre-a-economia-circular-do-plastico\/#primaryimage"},"image":{"@id":"https:\/\/gsantana2005.net\/index.php\/2023\/07\/04\/saiba-hoje-mesmo-sobre-a-economia-circular-do-plastico\/#primaryimage"},"thumbnailUrl":"https:\/\/gsantana2005.net\/wp-content\/uploads\/2023\/06\/plastico3.png","datePublished":"2023-07-04T23:40:50+00:00","dateModified":"2023-08-08T23:47:06+00:00","description":"Saiba hoje mesmo sobre a economia circular do pl\u00e1stico \u00e9 um artigo que mostra para voc\u00ea como essa pr\u00e1tica ajudar\u00e1 a resolver essa polui\u00e7\u00e3o","breadcrumb":{"@id":"https:\/\/gsantana2005.net\/index.php\/2023\/07\/04\/saiba-hoje-mesmo-sobre-a-economia-circular-do-plastico\/#breadcrumb"},"inLanguage":"pt-BR","potentialAction":[{"@type":"ReadAction","target":["https:\/\/gsantana2005.net\/index.php\/2023\/07\/04\/saiba-hoje-mesmo-sobre-a-economia-circular-do-plastico\/"]}]},{"@type":"ImageObject","inLanguage":"pt-BR","@id":"https:\/\/gsantana2005.net\/index.php\/2023\/07\/04\/saiba-hoje-mesmo-sobre-a-economia-circular-do-plastico\/#primaryimage","url":"https:\/\/gsantana2005.net\/wp-content\/uploads\/2023\/06\/plastico3.png","contentUrl":"https:\/\/gsantana2005.net\/wp-content\/uploads\/2023\/06\/plastico3.png","width":503,"height":277,"caption":"Pl\u00e1stico economia circular"},{"@type":"BreadcrumbList","@id":"https:\/\/gsantana2005.net\/index.php\/2023\/07\/04\/saiba-hoje-mesmo-sobre-a-economia-circular-do-plastico\/#breadcrumb","itemListElement":[{"@type":"ListItem","position":1,"name":"Home","item":"https:\/\/gsantana2005.net\/"},{"@type":"ListItem","position":2,"name":"Saiba hoje mesmo sobre a economia circular do pl\u00e1stico"}]},{"@type":"WebSite","@id":"https:\/\/gsantana2005.net\/#website","url":"https:\/\/gsantana2005.net\/","name":"gsantana2005","description":"Sejamos sustent\u00e1veis","publisher":{"@id":"https:\/\/gsantana2005.net\/#organization"},"potentialAction":[{"@type":"SearchAction","target":{"@type":"EntryPoint","urlTemplate":"https:\/\/gsantana2005.net\/?s={search_term_string}"},"query-input":{"@type":"PropertyValueSpecification","valueRequired":true,"valueName":"search_term_string"}}],"inLanguage":"pt-BR"},{"@type":"Organization","@id":"https:\/\/gsantana2005.net\/#organization","name":"gsantana2005","url":"https:\/\/gsantana2005.net\/","logo":{"@type":"ImageObject","inLanguage":"pt-BR","@id":"https:\/\/gsantana2005.net\/#\/schema\/logo\/image\/","url":"https:\/\/gsantana2005.net\/wp-content\/uploads\/2023\/06\/cropped-Gs-sem-fundo.jpg","contentUrl":"https:\/\/gsantana2005.net\/wp-content\/uploads\/2023\/06\/cropped-Gs-sem-fundo.jpg","width":100,"height":100,"caption":"gsantana2005"},"image":{"@id":"https:\/\/gsantana2005.net\/#\/schema\/logo\/image\/"}},{"@type":"Person","@id":"https:\/\/gsantana2005.net\/#\/schema\/person\/78c90c6f49a46ef4c8e69bafec347cb7","name":"gsantana2005","image":{"@type":"ImageObject","inLanguage":"pt-BR","@id":"https:\/\/gsantana2005.net\/#\/schema\/person\/image\/","url":"https:\/\/secure.gravatar.com\/avatar\/db3aa311fa8063e1f4df6b2da249929f?s=96&d=mm&r=g","contentUrl":"https:\/\/secure.gravatar.com\/avatar\/db3aa311fa8063e1f4df6b2da249929f?s=96&d=mm&r=g","caption":"gsantana2005"},"sameAs":["http:\/\/gsantana2005.net"],"url":"https:\/\/gsantana2005.net\/author\/gsantana2005\/"}]}},"amp_enabled":true,"_links":{"self":[{"href":"https:\/\/gsantana2005.net\/index.php\/wp-json\/wp\/v2\/posts\/542"}],"collection":[{"href":"https:\/\/gsantana2005.net\/index.php\/wp-json\/wp\/v2\/posts"}],"about":[{"href":"https:\/\/gsantana2005.net\/index.php\/wp-json\/wp\/v2\/types\/post"}],"author":[{"embeddable":true,"href":"https:\/\/gsantana2005.net\/index.php\/wp-json\/wp\/v2\/users\/1"}],"replies":[{"embeddable":true,"href":"https:\/\/gsantana2005.net\/index.php\/wp-json\/wp\/v2\/comments?post=542"}],"version-history":[{"count":1,"href":"https:\/\/gsantana2005.net\/index.php\/wp-json\/wp\/v2\/posts\/542\/revisions"}],"predecessor-version":[{"id":543,"href":"https:\/\/gsantana2005.net\/index.php\/wp-json\/wp\/v2\/posts\/542\/revisions\/543"}],"wp:featuredmedia":[{"embeddable":true,"href":"https:\/\/gsantana2005.net\/index.php\/wp-json\/wp\/v2\/media\/408"}],"wp:attachment":[{"href":"https:\/\/gsantana2005.net\/index.php\/wp-json\/wp\/v2\/media?parent=542"}],"wp:term":[{"taxonomy":"category","embeddable":true,"href":"https:\/\/gsantana2005.net\/index.php\/wp-json\/wp\/v2\/categories?post=542"},{"taxonomy":"post_tag","embeddable":true,"href":"https:\/\/gsantana2005.net\/index.php\/wp-json\/wp\/v2\/tags?post=542"}],"curies":[{"name":"wp","href":"https:\/\/api.w.org\/{rel}","templated":true}]}}