{"id":544,"date":"2023-07-07T02:05:44","date_gmt":"2023-07-07T02:05:44","guid":{"rendered":"https:\/\/gsantana2005.net\/?p=544"},"modified":"2023-08-08T23:46:52","modified_gmt":"2023-08-08T23:46:52","slug":"o-que-o-plastico-causa-realmente-ao-meio-ambiente","status":"publish","type":"post","link":"https:\/\/gsantana2005.net\/index.php\/2023\/07\/07\/o-que-o-plastico-causa-realmente-ao-meio-ambiente\/","title":{"rendered":"O que o pl\u00e1stico causa realmente ao meio ambiente"},"content":{"rendered":"\n<figure class=\"wp-block-image size-large is-resized\"><img loading=\"lazy\" decoding=\"async\" src=\"http:\/\/gsantana2005.net\/wp-content\/uploads\/2023\/01\/genilson-768x1024.jpg\" alt=\"Genilson Pereira Santana\" class=\"wp-image-168\" width=\"212\" height=\"283\" srcset=\"https:\/\/gsantana2005.net\/wp-content\/uploads\/2023\/01\/genilson-768x1024.jpg 768w, https:\/\/gsantana2005.net\/wp-content\/uploads\/2023\/01\/genilson-225x300.jpg 225w, https:\/\/gsantana2005.net\/wp-content\/uploads\/2023\/01\/genilson-1152x1536.jpg 1152w, https:\/\/gsantana2005.net\/wp-content\/uploads\/2023\/01\/genilson-1536x2048.jpg 1536w, https:\/\/gsantana2005.net\/wp-content\/uploads\/2023\/01\/genilson-scaled.jpg 1920w\" sizes=\"(max-width: 212px) 100vw, 212px\" \/><\/figure>\n\n\n\n<p>Dr Genilson Pereira Santana<\/p>\n\n\n\n<p>O que o pl\u00e1stico causa realmente ao meio ambiente? Essa uma quest\u00e3o complicada de falar pois tem v\u00e1rios fatores. Ent\u00e3o, a polui\u00e7\u00e3o pl\u00e1stica refere-se \u00e0 acumula\u00e7\u00e3o e dispers\u00e3o inadequada de res\u00edduos pl\u00e1sticos no meio ambiente. Dessa forma, os res\u00edduos pl\u00e1sticos causam impactos negativos nos ecossistemas terrestres e aqu\u00e1ticos. <\/p>\n\n\n\n<p>Al\u00e9m disso, os res\u00edduos pl\u00e1sticos se distribuem de forma impr\u00f3pria. Muitas vezes, os pl\u00e1stico depois do uso v\u00e3o diretamente para a natureza. Por outro lado, existem muitos sistemas de gerenciamento inadequados. Como um resultado hoje o pl\u00e1stico est\u00e1 presente e persiste em muitas regi\u00f5es do nosso Planeta.<\/p>\n\n\n\n<p>Ent\u00e3o, a polui\u00e7\u00e3o pl\u00e1stica \u00e9 um problema global crescente com produ\u00e7\u00e3o em larga escala e ao uso generalizado. Al\u00e9m disso, os produtos pl\u00e1sticos levam centenas de anos para se decompor completamente. Assim, encontramos os pl\u00e1sticos em aterros sanit\u00e1rios, ruas, rios, lagos, oceanos e outros habitats naturais.<\/p>\n\n\n\n<h2 class=\"wp-block-heading\">Quais os impactos negativos do pl\u00e1stico?<\/h2>\n\n\n\n<p>Ent\u00e3o, o pl\u00e1stico causa v\u00e1rios impactos negativos ao meio ambiente. Colocamos aqui para voc\u00ea 5 impactos para voc\u00ea descobrir melhor o problema do pl\u00e1stico no mundo:<\/p>\n\n\n\n<h3 class=\"wp-block-heading\">1. Polui\u00e7\u00e3o do solo, \u00e1gua e ar<\/h3>\n\n\n\n<p>O descarte inadequado de pl\u00e1sticos, especialmente em lix\u00f5es e oceanos, resulta na polui\u00e7\u00e3o do solo, \u00e1gua e ar. Pl\u00e1sticos descartados incorretamente podem levar centenas de anos para se decompor, liberando produtos qu\u00edmicos t\u00f3xicos no meio ambiente durante esse processo.<\/p>\n\n\n\n<h3 class=\"wp-block-heading\">2. Danos \u00e0 vida marinha<\/h3>\n\n\n\n<p> Milh\u00f5es de toneladas de pl\u00e1stico s\u00e3o despejadas nos oceanos a cada ano, causando s\u00e9rios danos \u00e0 vida marinha. Animais marinhos como tartarugas, aves, peixes e mam\u00edferos podem ingerir peda\u00e7os de pl\u00e1stico ou ficar presos em objetos pl\u00e1sticos, causando ferimentos, asfixia e morte.<\/p>\n\n\n\n<h3 class=\"wp-block-heading\">3. Polui\u00e7\u00e3o por micropl\u00e1sticos<\/h3>\n\n\n\n<p> Os pl\u00e1sticos se degradam em pequenos fragmentos chamados micropl\u00e1sticos, que t\u00eam menos de 5 mm de tamanho. Esses micropl\u00e1sticos s\u00e3o encontrados em grande quantidade nos oceanos, rios, lagos e at\u00e9 mesmo no ar que respiramos. Eles s\u00e3o ingeridos por organismos aqu\u00e1ticos e podem entrar na cadeia alimentar, chegando eventualmente aos seres humanos.<\/p>\n\n\n\n<h3 class=\"wp-block-heading\">4. Emiss\u00f5es de gases de efeito estufa<\/h3>\n\n\n\n<p> A produ\u00e7\u00e3o de pl\u00e1stico consome grandes quantidades de energia e recursos naturais, resultando em emiss\u00f5es significativas de gases de efeito estufa. Al\u00e9m disso, a queima de pl\u00e1sticos libera gases t\u00f3xicos na atmosfera, contribuindo para a polui\u00e7\u00e3o do ar e o aquecimento global.<\/p>\n\n\n\n<h3 class=\"wp-block-heading\">5. Impacto na sa\u00fade humana<\/h3>\n\n\n\n<p> A exposi\u00e7\u00e3o a produtos qu\u00edmicos presentes no pl\u00e1stico, como ftalatos e bisfenol A (BPA), tem sido associada a problemas de sa\u00fade humana, incluindo dist\u00farbios hormonais, c\u00e2ncer, problemas de desenvolvimento e disfun\u00e7\u00e3o reprodutiva.<\/p>\n\n\n\n<p>Ent\u00e3o, voc\u00ea descobriu que devemos combater o pl\u00e1stico. Assim, para combater esses problemas, \u00e9 importante reduzir o uso de pl\u00e1sticos descart\u00e1veis, reciclar e reutilizar pl\u00e1sticos sempre que poss\u00edvel, e promover a conscientiza\u00e7\u00e3o sobre os impactos ambientais do pl\u00e1stico. O desenvolvimento e ado\u00e7\u00e3o de alternativas sustent\u00e1veis ao pl\u00e1stico tamb\u00e9m s\u00e3o essenciais para minimizar seus efeitos prejudiciais ao meio ambiente.<\/p>\n\n\n\n<h2 class=\"wp-block-heading\">Convite especial para voc\u00ea<\/h2>\n\n\n\n<p>Caso queira nossa contribui\u00e7\u00e3o entre em contato:&nbsp;<a href=\"mailto:gsantana2005@gmail.com\">gsantana2005@gmail.com<\/a>&nbsp;veja o nosso&nbsp;<a href=\"https:\/\/www.instagram.com\/genilsonpereirasantana1\/\" rel=\"nofollow noopener\" target=\"_blank\">Instagram<\/a><\/p>\n\n\n\n<p>J\u00e1 que voc\u00ea chegou at\u00e9 aqui com o artigo Saiba hoje mesmo sobre a economia circular do pl\u00e1stico descubra mais sobre os res\u00edduos s\u00f3lidos nos artigos:<\/p>\n\n\n\n<ul class=\"wp-block-list\">\n<li><a href=\"https:\/\/gsantana2005.net\/index.php\/2023\/06\/19\/microplasticos-a-ameaca-invisivel-ao-meio-ambiente-e-a-saude\/\" target=\"_blank\" rel=\"noreferrer noopener\">Micropl\u00e1sticos: A Amea\u00e7a Invis\u00edvel ao Meio Ambiente e \u00e0 Sa\u00fade<\/a><\/li>\n\n\n\n<li><a href=\"https:\/\/gsantana2005.net\/index.php\/2023\/06\/17\/tijolos-de-plasticos-que-vem-dos-igarapes\/\" target=\"_blank\" rel=\"noreferrer noopener\">Tijolos de pl\u00e1sticos que vem dos igarap\u00e9s<\/a><\/li>\n\n\n\n<li><a href=\"https:\/\/gsantana2005.net\/index.php\/2023\/06\/24\/a-poluicao-plastica-quadruplicou-nos-ultimos-anos\/\" target=\"_blank\" rel=\"noreferrer noopener\">A polui\u00e7\u00e3o pl\u00e1stica quadruplicou nos \u00faltimos anos<\/a><\/li>\n<\/ul>\n","protected":false},"excerpt":{"rendered":"<p>Dr Genilson Pereira Santana O que o pl\u00e1stico causa realmente ao meio ambiente? Essa uma quest\u00e3o complicada de falar pois tem v\u00e1rios fatores. Ent\u00e3o, a polui\u00e7\u00e3o pl\u00e1stica refere-se \u00e0 acumula\u00e7\u00e3o e dispers\u00e3o inadequada de res\u00edduos pl\u00e1sticos no meio ambiente. Dessa forma, os res\u00edduos pl\u00e1sticos causam impactos negativos nos ecossistemas terrestres e aqu\u00e1ticos. Al\u00e9m disso, os [&hellip;]<\/p>\n","protected":false},"author":1,"featured_media":545,"comment_status":"open","ping_status":"closed","sticky":false,"template":"","format":"standard","meta":{"om_disable_all_campaigns":false,"_monsterinsights_skip_tracking":false,"_monsterinsights_sitenote_active":false,"_monsterinsights_sitenote_note":"","_monsterinsights_sitenote_category":0,"footnotes":"","_links_to":"","_links_to_target":""},"categories":[3,275],"tags":[143,118,124,208,120,223,225,224,226],"class_list":["post-544","post","type-post","status-publish","format-standard","has-post-thumbnail","hentry","category-genilson-pereira-santana","category-conservacao-ambiental","tag-economia-circular-plastico","tag-microplasticos","tag-microplasticos-no-corpo-humano","tag-o-que-e-poluicao-plastica","tag-oque-sao-microplasticos","tag-plastico-e-economia-circular","tag-reciclagem-de-plastico","tag-residuo-plastico","tag-upcycling-de-plastico"],"aioseo_notices":[],"yoast_head":"<!-- This site is optimized with the Yoast SEO plugin v24.5 - https:\/\/yoast.com\/wordpress\/plugins\/seo\/ -->\n<title>O que o pl\u00e1stico causa realmente ao meio ambiente - gsantana2005<\/title>\n<meta name=\"description\" content=\"O que o pl\u00e1stico causa realmente ao meio ambiente \u00e9 um artigo que mostra para voc\u00ea como esse res\u00edduo pl\u00e1stico destr\u00f3i a natureza\" \/>\n<meta name=\"robots\" content=\"index, follow, max-snippet:-1, max-image-preview:large, max-video-preview:-1\" \/>\n<link rel=\"canonical\" href=\"https:\/\/gsantana2005.net\/index.php\/2023\/07\/07\/o-que-o-plastico-causa-realmente-ao-meio-ambiente\/\" \/>\n<meta property=\"og:locale\" content=\"pt_BR\" \/>\n<meta property=\"og:type\" content=\"article\" \/>\n<meta property=\"og:title\" content=\"O que o pl\u00e1stico causa realmente ao meio ambiente - gsantana2005\" \/>\n<meta property=\"og:description\" content=\"O que o pl\u00e1stico causa realmente ao meio ambiente \u00e9 um artigo que mostra para voc\u00ea como esse res\u00edduo pl\u00e1stico destr\u00f3i a natureza\" \/>\n<meta property=\"og:url\" content=\"https:\/\/gsantana2005.net\/index.php\/2023\/07\/07\/o-que-o-plastico-causa-realmente-ao-meio-ambiente\/\" \/>\n<meta property=\"og:site_name\" content=\"gsantana2005\" \/>\n<meta property=\"article:published_time\" content=\"2023-07-07T02:05:44+00:00\" \/>\n<meta property=\"article:modified_time\" content=\"2023-08-08T23:46:52+00:00\" \/>\n<meta property=\"og:image\" content=\"http:\/\/gsantana2005.net\/wp-content\/uploads\/2023\/07\/residuo-plastico-3.jpg\" \/>\n\t<meta property=\"og:image:width\" content=\"1280\" \/>\n\t<meta property=\"og:image:height\" content=\"960\" \/>\n\t<meta property=\"og:image:type\" content=\"image\/jpeg\" \/>\n<meta name=\"author\" content=\"gsantana2005\" \/>\n<meta name=\"twitter:card\" content=\"summary_large_image\" \/>\n<meta name=\"twitter:label1\" content=\"Escrito por\" \/>\n\t<meta name=\"twitter:data1\" content=\"gsantana2005\" \/>\n\t<meta name=\"twitter:label2\" content=\"Est. tempo de leitura\" \/>\n\t<meta name=\"twitter:data2\" content=\"3 minutos\" \/>\n<script type=\"application\/ld+json\" class=\"yoast-schema-graph\">{\"@context\":\"https:\/\/schema.org\",\"@graph\":[{\"@type\":\"Article\",\"@id\":\"https:\/\/gsantana2005.net\/index.php\/2023\/07\/07\/o-que-o-plastico-causa-realmente-ao-meio-ambiente\/#article\",\"isPartOf\":{\"@id\":\"https:\/\/gsantana2005.net\/index.php\/2023\/07\/07\/o-que-o-plastico-causa-realmente-ao-meio-ambiente\/\"},\"author\":{\"name\":\"gsantana2005\",\"@id\":\"https:\/\/gsantana2005.net\/#\/schema\/person\/78c90c6f49a46ef4c8e69bafec347cb7\"},\"headline\":\"O que o pl\u00e1stico causa realmente ao meio ambiente\",\"datePublished\":\"2023-07-07T02:05:44+00:00\",\"dateModified\":\"2023-08-08T23:46:52+00:00\",\"mainEntityOfPage\":{\"@id\":\"https:\/\/gsantana2005.net\/index.php\/2023\/07\/07\/o-que-o-plastico-causa-realmente-ao-meio-ambiente\/\"},\"wordCount\":637,\"commentCount\":0,\"publisher\":{\"@id\":\"https:\/\/gsantana2005.net\/#organization\"},\"image\":{\"@id\":\"https:\/\/gsantana2005.net\/index.php\/2023\/07\/07\/o-que-o-plastico-causa-realmente-ao-meio-ambiente\/#primaryimage\"},\"thumbnailUrl\":\"https:\/\/gsantana2005.net\/wp-content\/uploads\/2023\/07\/residuo-plastico-3.jpg\",\"keywords\":[\"economia circular pl\u00e1stico\",\"micropl\u00e1sticos\",\"micropl\u00e1sticos no corpo humano\",\"o que \u00e9 polui\u00e7\u00e3o pl\u00e1stica\",\"o\u00b4que s\u00e3o micropl\u00e1sticos\",\"pl\u00e1stico e economia circular\",\"reciclagem de pl\u00e1stico\",\"residuo pl\u00e1stico\",\"upcycling de pl\u00e1stico\"],\"articleSection\":[\"Dr Genilson Santana\",\"Conserva\u00e7\u00e3o Ambiental\"],\"inLanguage\":\"pt-BR\",\"potentialAction\":[{\"@type\":\"CommentAction\",\"name\":\"Comment\",\"target\":[\"https:\/\/gsantana2005.net\/index.php\/2023\/07\/07\/o-que-o-plastico-causa-realmente-ao-meio-ambiente\/#respond\"]}]},{\"@type\":\"WebPage\",\"@id\":\"https:\/\/gsantana2005.net\/index.php\/2023\/07\/07\/o-que-o-plastico-causa-realmente-ao-meio-ambiente\/\",\"url\":\"https:\/\/gsantana2005.net\/index.php\/2023\/07\/07\/o-que-o-plastico-causa-realmente-ao-meio-ambiente\/\",\"name\":\"O que o pl\u00e1stico causa realmente ao meio ambiente - gsantana2005\",\"isPartOf\":{\"@id\":\"https:\/\/gsantana2005.net\/#website\"},\"primaryImageOfPage\":{\"@id\":\"https:\/\/gsantana2005.net\/index.php\/2023\/07\/07\/o-que-o-plastico-causa-realmente-ao-meio-ambiente\/#primaryimage\"},\"image\":{\"@id\":\"https:\/\/gsantana2005.net\/index.php\/2023\/07\/07\/o-que-o-plastico-causa-realmente-ao-meio-ambiente\/#primaryimage\"},\"thumbnailUrl\":\"https:\/\/gsantana2005.net\/wp-content\/uploads\/2023\/07\/residuo-plastico-3.jpg\",\"datePublished\":\"2023-07-07T02:05:44+00:00\",\"dateModified\":\"2023-08-08T23:46:52+00:00\",\"description\":\"O que o pl\u00e1stico causa realmente ao meio ambiente \u00e9 um artigo que mostra para voc\u00ea como esse res\u00edduo pl\u00e1stico destr\u00f3i a natureza\",\"breadcrumb\":{\"@id\":\"https:\/\/gsantana2005.net\/index.php\/2023\/07\/07\/o-que-o-plastico-causa-realmente-ao-meio-ambiente\/#breadcrumb\"},\"inLanguage\":\"pt-BR\",\"potentialAction\":[{\"@type\":\"ReadAction\",\"target\":[\"https:\/\/gsantana2005.net\/index.php\/2023\/07\/07\/o-que-o-plastico-causa-realmente-ao-meio-ambiente\/\"]}]},{\"@type\":\"ImageObject\",\"inLanguage\":\"pt-BR\",\"@id\":\"https:\/\/gsantana2005.net\/index.php\/2023\/07\/07\/o-que-o-plastico-causa-realmente-ao-meio-ambiente\/#primaryimage\",\"url\":\"https:\/\/gsantana2005.net\/wp-content\/uploads\/2023\/07\/residuo-plastico-3.jpg\",\"contentUrl\":\"https:\/\/gsantana2005.net\/wp-content\/uploads\/2023\/07\/residuo-plastico-3.jpg\",\"width\":1280,\"height\":960,\"caption\":\"Res\u00edduo pl\u00e1stico\"},{\"@type\":\"BreadcrumbList\",\"@id\":\"https:\/\/gsantana2005.net\/index.php\/2023\/07\/07\/o-que-o-plastico-causa-realmente-ao-meio-ambiente\/#breadcrumb\",\"itemListElement\":[{\"@type\":\"ListItem\",\"position\":1,\"name\":\"Home\",\"item\":\"https:\/\/gsantana2005.net\/\"},{\"@type\":\"ListItem\",\"position\":2,\"name\":\"O que o pl\u00e1stico causa realmente ao meio ambiente\"}]},{\"@type\":\"WebSite\",\"@id\":\"https:\/\/gsantana2005.net\/#website\",\"url\":\"https:\/\/gsantana2005.net\/\",\"name\":\"gsantana2005\",\"description\":\"Sejamos sustent\u00e1veis\",\"publisher\":{\"@id\":\"https:\/\/gsantana2005.net\/#organization\"},\"potentialAction\":[{\"@type\":\"SearchAction\",\"target\":{\"@type\":\"EntryPoint\",\"urlTemplate\":\"https:\/\/gsantana2005.net\/?s={search_term_string}\"},\"query-input\":{\"@type\":\"PropertyValueSpecification\",\"valueRequired\":true,\"valueName\":\"search_term_string\"}}],\"inLanguage\":\"pt-BR\"},{\"@type\":\"Organization\",\"@id\":\"https:\/\/gsantana2005.net\/#organization\",\"name\":\"gsantana2005\",\"url\":\"https:\/\/gsantana2005.net\/\",\"logo\":{\"@type\":\"ImageObject\",\"inLanguage\":\"pt-BR\",\"@id\":\"https:\/\/gsantana2005.net\/#\/schema\/logo\/image\/\",\"url\":\"https:\/\/gsantana2005.net\/wp-content\/uploads\/2023\/06\/cropped-Gs-sem-fundo.jpg\",\"contentUrl\":\"https:\/\/gsantana2005.net\/wp-content\/uploads\/2023\/06\/cropped-Gs-sem-fundo.jpg\",\"width\":100,\"height\":100,\"caption\":\"gsantana2005\"},\"image\":{\"@id\":\"https:\/\/gsantana2005.net\/#\/schema\/logo\/image\/\"}},{\"@type\":\"Person\",\"@id\":\"https:\/\/gsantana2005.net\/#\/schema\/person\/78c90c6f49a46ef4c8e69bafec347cb7\",\"name\":\"gsantana2005\",\"image\":{\"@type\":\"ImageObject\",\"inLanguage\":\"pt-BR\",\"@id\":\"https:\/\/gsantana2005.net\/#\/schema\/person\/image\/\",\"url\":\"https:\/\/secure.gravatar.com\/avatar\/db3aa311fa8063e1f4df6b2da249929f?s=96&d=mm&r=g\",\"contentUrl\":\"https:\/\/secure.gravatar.com\/avatar\/db3aa311fa8063e1f4df6b2da249929f?s=96&d=mm&r=g\",\"caption\":\"gsantana2005\"},\"sameAs\":[\"http:\/\/gsantana2005.net\"],\"url\":\"https:\/\/gsantana2005.net\/author\/gsantana2005\/\"}]}<\/script>\n<!-- \/ Yoast SEO plugin. -->","yoast_head_json":{"title":"O que o pl\u00e1stico causa realmente ao meio ambiente - gsantana2005","description":"O que o pl\u00e1stico causa realmente ao meio ambiente \u00e9 um artigo que mostra para voc\u00ea como esse res\u00edduo pl\u00e1stico destr\u00f3i a natureza","robots":{"index":"index","follow":"follow","max-snippet":"max-snippet:-1","max-image-preview":"max-image-preview:large","max-video-preview":"max-video-preview:-1"},"canonical":"https:\/\/gsantana2005.net\/index.php\/2023\/07\/07\/o-que-o-plastico-causa-realmente-ao-meio-ambiente\/","og_locale":"pt_BR","og_type":"article","og_title":"O que o pl\u00e1stico causa realmente ao meio ambiente - gsantana2005","og_description":"O que o pl\u00e1stico causa realmente ao meio ambiente \u00e9 um artigo que mostra para voc\u00ea como esse res\u00edduo pl\u00e1stico destr\u00f3i a natureza","og_url":"https:\/\/gsantana2005.net\/index.php\/2023\/07\/07\/o-que-o-plastico-causa-realmente-ao-meio-ambiente\/","og_site_name":"gsantana2005","article_published_time":"2023-07-07T02:05:44+00:00","article_modified_time":"2023-08-08T23:46:52+00:00","og_image":[{"width":1280,"height":960,"url":"http:\/\/gsantana2005.net\/wp-content\/uploads\/2023\/07\/residuo-plastico-3.jpg","type":"image\/jpeg"}],"author":"gsantana2005","twitter_card":"summary_large_image","twitter_misc":{"Escrito por":"gsantana2005","Est. tempo de leitura":"3 minutos"},"schema":{"@context":"https:\/\/schema.org","@graph":[{"@type":"Article","@id":"https:\/\/gsantana2005.net\/index.php\/2023\/07\/07\/o-que-o-plastico-causa-realmente-ao-meio-ambiente\/#article","isPartOf":{"@id":"https:\/\/gsantana2005.net\/index.php\/2023\/07\/07\/o-que-o-plastico-causa-realmente-ao-meio-ambiente\/"},"author":{"name":"gsantana2005","@id":"https:\/\/gsantana2005.net\/#\/schema\/person\/78c90c6f49a46ef4c8e69bafec347cb7"},"headline":"O que o pl\u00e1stico causa realmente ao meio ambiente","datePublished":"2023-07-07T02:05:44+00:00","dateModified":"2023-08-08T23:46:52+00:00","mainEntityOfPage":{"@id":"https:\/\/gsantana2005.net\/index.php\/2023\/07\/07\/o-que-o-plastico-causa-realmente-ao-meio-ambiente\/"},"wordCount":637,"commentCount":0,"publisher":{"@id":"https:\/\/gsantana2005.net\/#organization"},"image":{"@id":"https:\/\/gsantana2005.net\/index.php\/2023\/07\/07\/o-que-o-plastico-causa-realmente-ao-meio-ambiente\/#primaryimage"},"thumbnailUrl":"https:\/\/gsantana2005.net\/wp-content\/uploads\/2023\/07\/residuo-plastico-3.jpg","keywords":["economia circular pl\u00e1stico","micropl\u00e1sticos","micropl\u00e1sticos no corpo humano","o que \u00e9 polui\u00e7\u00e3o pl\u00e1stica","o\u00b4que s\u00e3o micropl\u00e1sticos","pl\u00e1stico e economia circular","reciclagem de pl\u00e1stico","residuo pl\u00e1stico","upcycling de pl\u00e1stico"],"articleSection":["Dr Genilson Santana","Conserva\u00e7\u00e3o Ambiental"],"inLanguage":"pt-BR","potentialAction":[{"@type":"CommentAction","name":"Comment","target":["https:\/\/gsantana2005.net\/index.php\/2023\/07\/07\/o-que-o-plastico-causa-realmente-ao-meio-ambiente\/#respond"]}]},{"@type":"WebPage","@id":"https:\/\/gsantana2005.net\/index.php\/2023\/07\/07\/o-que-o-plastico-causa-realmente-ao-meio-ambiente\/","url":"https:\/\/gsantana2005.net\/index.php\/2023\/07\/07\/o-que-o-plastico-causa-realmente-ao-meio-ambiente\/","name":"O que o pl\u00e1stico causa realmente ao meio ambiente - gsantana2005","isPartOf":{"@id":"https:\/\/gsantana2005.net\/#website"},"primaryImageOfPage":{"@id":"https:\/\/gsantana2005.net\/index.php\/2023\/07\/07\/o-que-o-plastico-causa-realmente-ao-meio-ambiente\/#primaryimage"},"image":{"@id":"https:\/\/gsantana2005.net\/index.php\/2023\/07\/07\/o-que-o-plastico-causa-realmente-ao-meio-ambiente\/#primaryimage"},"thumbnailUrl":"https:\/\/gsantana2005.net\/wp-content\/uploads\/2023\/07\/residuo-plastico-3.jpg","datePublished":"2023-07-07T02:05:44+00:00","dateModified":"2023-08-08T23:46:52+00:00","description":"O que o pl\u00e1stico causa realmente ao meio ambiente \u00e9 um artigo que mostra para voc\u00ea como esse res\u00edduo pl\u00e1stico destr\u00f3i a natureza","breadcrumb":{"@id":"https:\/\/gsantana2005.net\/index.php\/2023\/07\/07\/o-que-o-plastico-causa-realmente-ao-meio-ambiente\/#breadcrumb"},"inLanguage":"pt-BR","potentialAction":[{"@type":"ReadAction","target":["https:\/\/gsantana2005.net\/index.php\/2023\/07\/07\/o-que-o-plastico-causa-realmente-ao-meio-ambiente\/"]}]},{"@type":"ImageObject","inLanguage":"pt-BR","@id":"https:\/\/gsantana2005.net\/index.php\/2023\/07\/07\/o-que-o-plastico-causa-realmente-ao-meio-ambiente\/#primaryimage","url":"https:\/\/gsantana2005.net\/wp-content\/uploads\/2023\/07\/residuo-plastico-3.jpg","contentUrl":"https:\/\/gsantana2005.net\/wp-content\/uploads\/2023\/07\/residuo-plastico-3.jpg","width":1280,"height":960,"caption":"Res\u00edduo pl\u00e1stico"},{"@type":"BreadcrumbList","@id":"https:\/\/gsantana2005.net\/index.php\/2023\/07\/07\/o-que-o-plastico-causa-realmente-ao-meio-ambiente\/#breadcrumb","itemListElement":[{"@type":"ListItem","position":1,"name":"Home","item":"https:\/\/gsantana2005.net\/"},{"@type":"ListItem","position":2,"name":"O que o pl\u00e1stico causa realmente ao meio ambiente"}]},{"@type":"WebSite","@id":"https:\/\/gsantana2005.net\/#website","url":"https:\/\/gsantana2005.net\/","name":"gsantana2005","description":"Sejamos sustent\u00e1veis","publisher":{"@id":"https:\/\/gsantana2005.net\/#organization"},"potentialAction":[{"@type":"SearchAction","target":{"@type":"EntryPoint","urlTemplate":"https:\/\/gsantana2005.net\/?s={search_term_string}"},"query-input":{"@type":"PropertyValueSpecification","valueRequired":true,"valueName":"search_term_string"}}],"inLanguage":"pt-BR"},{"@type":"Organization","@id":"https:\/\/gsantana2005.net\/#organization","name":"gsantana2005","url":"https:\/\/gsantana2005.net\/","logo":{"@type":"ImageObject","inLanguage":"pt-BR","@id":"https:\/\/gsantana2005.net\/#\/schema\/logo\/image\/","url":"https:\/\/gsantana2005.net\/wp-content\/uploads\/2023\/06\/cropped-Gs-sem-fundo.jpg","contentUrl":"https:\/\/gsantana2005.net\/wp-content\/uploads\/2023\/06\/cropped-Gs-sem-fundo.jpg","width":100,"height":100,"caption":"gsantana2005"},"image":{"@id":"https:\/\/gsantana2005.net\/#\/schema\/logo\/image\/"}},{"@type":"Person","@id":"https:\/\/gsantana2005.net\/#\/schema\/person\/78c90c6f49a46ef4c8e69bafec347cb7","name":"gsantana2005","image":{"@type":"ImageObject","inLanguage":"pt-BR","@id":"https:\/\/gsantana2005.net\/#\/schema\/person\/image\/","url":"https:\/\/secure.gravatar.com\/avatar\/db3aa311fa8063e1f4df6b2da249929f?s=96&d=mm&r=g","contentUrl":"https:\/\/secure.gravatar.com\/avatar\/db3aa311fa8063e1f4df6b2da249929f?s=96&d=mm&r=g","caption":"gsantana2005"},"sameAs":["http:\/\/gsantana2005.net"],"url":"https:\/\/gsantana2005.net\/author\/gsantana2005\/"}]}},"amp_enabled":true,"_links":{"self":[{"href":"https:\/\/gsantana2005.net\/index.php\/wp-json\/wp\/v2\/posts\/544"}],"collection":[{"href":"https:\/\/gsantana2005.net\/index.php\/wp-json\/wp\/v2\/posts"}],"about":[{"href":"https:\/\/gsantana2005.net\/index.php\/wp-json\/wp\/v2\/types\/post"}],"author":[{"embeddable":true,"href":"https:\/\/gsantana2005.net\/index.php\/wp-json\/wp\/v2\/users\/1"}],"replies":[{"embeddable":true,"href":"https:\/\/gsantana2005.net\/index.php\/wp-json\/wp\/v2\/comments?post=544"}],"version-history":[{"count":2,"href":"https:\/\/gsantana2005.net\/index.php\/wp-json\/wp\/v2\/posts\/544\/revisions"}],"predecessor-version":[{"id":547,"href":"https:\/\/gsantana2005.net\/index.php\/wp-json\/wp\/v2\/posts\/544\/revisions\/547"}],"wp:featuredmedia":[{"embeddable":true,"href":"https:\/\/gsantana2005.net\/index.php\/wp-json\/wp\/v2\/media\/545"}],"wp:attachment":[{"href":"https:\/\/gsantana2005.net\/index.php\/wp-json\/wp\/v2\/media?parent=544"}],"wp:term":[{"taxonomy":"category","embeddable":true,"href":"https:\/\/gsantana2005.net\/index.php\/wp-json\/wp\/v2\/categories?post=544"},{"taxonomy":"post_tag","embeddable":true,"href":"https:\/\/gsantana2005.net\/index.php\/wp-json\/wp\/v2\/tags?post=544"}],"curies":[{"name":"wp","href":"https:\/\/api.w.org\/{rel}","templated":true}]}}