{"id":576,"date":"2023-07-13T22:07:21","date_gmt":"2023-07-13T22:07:21","guid":{"rendered":"https:\/\/gsantana2005.net\/?p=576"},"modified":"2023-08-08T23:46:12","modified_gmt":"2023-08-08T23:46:12","slug":"sistema-aquifero-grande-amazonia-saga","status":"publish","type":"post","link":"https:\/\/gsantana2005.net\/index.php\/2023\/07\/13\/sistema-aquifero-grande-amazonia-saga\/","title":{"rendered":"Sistema Aqu\u00edfero Grande Amaz\u00f4nia \u2013 SAGA"},"content":{"rendered":"\n<figure class=\"wp-block-image size-large is-resized\"><img loading=\"lazy\" decoding=\"async\" src=\"http:\/\/gsantana2005.net\/wp-content\/uploads\/2023\/06\/Anderson-1024x1024.jpg\" alt=\"Anderson Lages\" class=\"wp-image-298\" width=\"223\" height=\"223\" srcset=\"https:\/\/gsantana2005.net\/wp-content\/uploads\/2023\/06\/Anderson-1024x1024.jpg 1024w, https:\/\/gsantana2005.net\/wp-content\/uploads\/2023\/06\/Anderson-300x300.jpg 300w, https:\/\/gsantana2005.net\/wp-content\/uploads\/2023\/06\/Anderson-150x150.jpg 150w, https:\/\/gsantana2005.net\/wp-content\/uploads\/2023\/06\/Anderson-768x768.jpg 768w, https:\/\/gsantana2005.net\/wp-content\/uploads\/2023\/06\/Anderson.jpg 1426w\" sizes=\"(max-width: 223px) 100vw, 223px\" \/><\/figure>\n\n\n\n<p>Por Dr. Anderson Lages<\/p>\n\n\n\n<p><strong>Voc\u00ea j\u00e1 ouviu falar sobre o Sistema Aqu\u00edfero Grande Amaz\u00f4nia \u2013 o SAGA?<\/strong><\/p>\n\n\n\n<p>Pois bem, se voc\u00ea mora na Amaz\u00f4nia, possivelmente voc\u00ea est\u00e1 assentado sobre o <strong>Sistema Aqu\u00edfero Grande Amaz\u00f4nia<\/strong>, conhecido por muito como <strong>aqu\u00edfero Alter do Ch\u00e3o<\/strong>. Trata-se do maior aqu\u00edfero de \u00e1gua doce do planeta. Estima-se que as reservas do SAGA tenham incr\u00edveis 152 mil quil\u00f4metros c\u00fabicos de \u00e1gua, em uma \u00e1rea de aproximadamente 1.305.000 km<sup>2<\/sup>. Esses valores indicam que o SAGA poderia abastecer o planeta por algumas centenas de anos, se toda \u00e1gua doce do planeta acabasse. Para se ter uma ideia, esses n\u00fameros s\u00e3o cerca de cinco vezes maiores que os dados que se tem do <strong>aqu\u00edfero Guarani<\/strong>.<\/p>\n\n\n\n<h2 class=\"wp-block-heading\">O tamanho do SAGA<\/h2>\n\n\n\n<p>Acreditou-se durante algumas d\u00e9cadas que o <strong>aqu\u00edfero Guarani<\/strong>, localizado no sul do Brasil, fosse o maior do pa\u00eds. Contudo, pesquisas mostram que o SAGA come\u00e7a na regi\u00e3o do Maraj\u00f3 e se estende no sentido leste &#8211; oeste em dire\u00e7\u00e3o ao Estado do Acre. Nesse contexto, engloba as bacias sedimentares do Maraj\u00f3, do Amazonas, do Solim\u00f5es e do Acre, incorporando caracter\u00edsticas geoqu\u00edmicas pr\u00f3prias das regi\u00f5es em suas \u00e1guas.<\/p>\n\n\n\n<p>Em Manaus, por exemplo, as \u00e1guas do SAGA s\u00e3o \u00e1cidas e pouco condutivas. Dessa forma, os valores de pH que variam em m\u00e9dia entre 5,0 e 5,5 e condutividade el\u00e9trica de m\u00e1ximo 20 \u00b5S cm<sup>-1<\/sup>. Ou seja, suas \u00e1guas tem baixa mineraliza\u00e7\u00e3o, resultado do processo extenso de lixivia\u00e7\u00e3o j\u00e1 ocorrido nessas rochas. Entretanto, a expans\u00e3o desordenada e sem planejamento que ocorre na Amaz\u00f4nia, sobretudo, em Manaus, a afeta o SAGA. Dessa forma, o SAGA j\u00e1 demonstra alguns sinais de vulnerabilidade \u00e0 press\u00e3o urbana.<\/p>\n\n\n\n<h2 class=\"wp-block-heading\">A explora\u00e7\u00e3o desorganizada do SAGA<\/h2>\n\n\n\n<p>Sabe-se que com a expans\u00e3o desorganizada dos grandes centros da Amaz\u00f4nia, nem todos puderam ter acesso \u00e0 \u00e1gua tratada de forma r\u00e1pida. A solu\u00e7\u00e3o encontrada por muitas comunidades foi a escava\u00e7\u00e3o de po\u00e7os, muitas vezes sem crit\u00e9rios t\u00e9cnicos. Isso desencadeou uma avalanche de perfura\u00e7\u00f5es de po\u00e7os irregulares, o que trouxe muitas mazelas. Por exemplo:  contamina\u00e7\u00e3o dos po\u00e7os, do len\u00e7ol fre\u00e1tico e promo\u00e7\u00e3o de doen\u00e7as em muitos, principalmente crian\u00e7as.<\/p>\n\n\n\n<p>Sem d\u00favida, o principal problema das escava\u00e7\u00f5es irregulares de po\u00e7os \u00e9 a baixa profundidade. Normalmente, essas \u201c<em>cacimbas<\/em>\u201d t\u00eam profundidades entre 6 e 15 metros. Assim, nessa profundidade as \u00e1guas s\u00e3o vulner\u00e1veis \u00e0 infiltra\u00e7\u00e3o de fossas s\u00e9pticas ou res\u00edduos industriais, ou mesmo dom\u00e9sticos. Assim, essa atividade compromete seriamente a qualidade das \u00e1guas. Dentre esses contaminantes, existem os persistentes nitrogenados, que s\u00e3o materiais inorg\u00e2nicos provenientes da decomposi\u00e7\u00e3o de fezes.<\/p>\n\n\n\n<h2 class=\"wp-block-heading\">Convite especial para voc\u00ea<\/h2>\n\n\n\n<p>Caso queira nossa contribui\u00e7\u00e3o entre em contato:&nbsp;<a href=\"mailto:gsantana2005@gmail.com\">gsantana2005@gmail.com<\/a>&nbsp;veja o nosso&nbsp;<a href=\"https:\/\/www.instagram.com\/genilsonpereirasantana1\/\" rel=\"nofollow noopener\" target=\"_blank\">Instagram<\/a><\/p>\n\n\n\n<p>Descubra mais sobre os res\u00edduos s\u00f3lidos nos artigos:<\/p>\n\n\n\n<ul class=\"wp-block-list\">\n<li><a href=\"https:\/\/gsantana2005.net\/index.php\/2023\/06\/19\/microplasticos-a-ameaca-invisivel-ao-meio-ambiente-e-a-saude\/\" target=\"_blank\" rel=\"noreferrer noopener\">Micropl\u00e1sticos: A Amea\u00e7a Invis\u00edvel ao Meio Ambiente e \u00e0 Sa\u00fade<\/a><\/li>\n\n\n\n<li><a href=\"https:\/\/gsantana2005.net\/index.php\/2023\/06\/17\/tijolos-de-plasticos-que-vem-dos-igarapes\/\" target=\"_blank\" rel=\"noreferrer noopener\">Tijolos de pl\u00e1sticos que vem dos igarap\u00e9s<\/a><\/li>\n\n\n\n<li><a href=\"https:\/\/gsantana2005.net\/index.php\/2023\/06\/24\/a-poluicao-plastica-quadruplicou-nos-ultimos-anos\/\" target=\"_blank\" rel=\"noreferrer noopener\">A polui\u00e7\u00e3o pl\u00e1stica quadruplicou nos \u00faltimos anos<\/a><\/li>\n<\/ul>\n","protected":false},"excerpt":{"rendered":"<p>Por Dr. Anderson Lages Voc\u00ea j\u00e1 ouviu falar sobre o Sistema Aqu\u00edfero Grande Amaz\u00f4nia \u2013 o SAGA? Pois bem, se voc\u00ea mora na Amaz\u00f4nia, possivelmente voc\u00ea est\u00e1 assentado sobre o Sistema Aqu\u00edfero Grande Amaz\u00f4nia, conhecido por muito como aqu\u00edfero Alter do Ch\u00e3o. Trata-se do maior aqu\u00edfero de \u00e1gua doce do planeta. Estima-se que as reservas [&hellip;]<\/p>\n","protected":false},"author":1,"featured_media":577,"comment_status":"open","ping_status":"closed","sticky":false,"template":"","format":"standard","meta":{"om_disable_all_campaigns":false,"_monsterinsights_skip_tracking":false,"_monsterinsights_sitenote_active":false,"_monsterinsights_sitenote_note":"","_monsterinsights_sitenote_category":0,"footnotes":"","_links_to":"","_links_to_target":""},"categories":[104,275],"tags":[129,127,135,128,131,175,182,183,179],"class_list":["post-576","post","type-post","status-publish","format-standard","has-post-thumbnail","hentry","category-dr-anderson-lages","category-conservacao-ambiental","tag-o-que-e-poluicao-aquatica","tag-poluicao-aquatica","tag-poluicao-aquatica-causas","tag-poluicao-aquatica-causas-e-consequencias","tag-poluicao-aquatica-solucoes","tag-poluicao-da-agua","tag-poluicao-da-agua-e-como-preservar-ela","tag-principais-causadores-da-poluicao-da-agua","tag-quais-problemas-pode-causar-a-poluicao-da-agua"],"aioseo_notices":[],"yoast_head":"<!-- This site is optimized with the Yoast SEO plugin v24.5 - https:\/\/yoast.com\/wordpress\/plugins\/seo\/ -->\n<title>Sistema Aqu\u00edfero Grande Amaz\u00f4nia \u2013 SAGA - gsantana2005<\/title>\n<meta name=\"description\" content=\"Sistema Aqu\u00edfero Grande Amaz\u00f4nia \u2013 SAGA \u00e9 um artigo que mostra para voc\u00ea que um dos maiores aqu\u00edferos do mundo j\u00e1 se encontra comprometido\" \/>\n<meta name=\"robots\" content=\"index, follow, max-snippet:-1, max-image-preview:large, max-video-preview:-1\" \/>\n<link rel=\"canonical\" href=\"https:\/\/gsantana2005.net\/index.php\/2023\/07\/13\/sistema-aquifero-grande-amazonia-saga\/\" \/>\n<meta property=\"og:locale\" content=\"pt_BR\" \/>\n<meta property=\"og:type\" content=\"article\" \/>\n<meta property=\"og:title\" content=\"Sistema Aqu\u00edfero Grande Amaz\u00f4nia \u2013 SAGA - gsantana2005\" \/>\n<meta property=\"og:description\" content=\"Sistema Aqu\u00edfero Grande Amaz\u00f4nia \u2013 SAGA \u00e9 um artigo que mostra para voc\u00ea que um dos maiores aqu\u00edferos do mundo j\u00e1 se encontra comprometido\" \/>\n<meta property=\"og:url\" content=\"https:\/\/gsantana2005.net\/index.php\/2023\/07\/13\/sistema-aquifero-grande-amazonia-saga\/\" \/>\n<meta property=\"og:site_name\" content=\"gsantana2005\" \/>\n<meta property=\"article:published_time\" content=\"2023-07-13T22:07:21+00:00\" \/>\n<meta property=\"article:modified_time\" content=\"2023-08-08T23:46:12+00:00\" \/>\n<meta property=\"og:image\" content=\"http:\/\/gsantana2005.net\/wp-content\/uploads\/2023\/07\/aquifero-guarani.jpeg\" \/>\n\t<meta property=\"og:image:width\" content=\"630\" \/>\n\t<meta property=\"og:image:height\" content=\"396\" \/>\n\t<meta property=\"og:image:type\" content=\"image\/jpeg\" \/>\n<meta name=\"author\" content=\"gsantana2005\" \/>\n<meta name=\"twitter:card\" content=\"summary_large_image\" \/>\n<meta name=\"twitter:label1\" content=\"Escrito por\" \/>\n\t<meta name=\"twitter:data1\" content=\"gsantana2005\" \/>\n\t<meta name=\"twitter:label2\" content=\"Est. tempo de leitura\" \/>\n\t<meta name=\"twitter:data2\" content=\"3 minutos\" \/>\n<script type=\"application\/ld+json\" class=\"yoast-schema-graph\">{\"@context\":\"https:\/\/schema.org\",\"@graph\":[{\"@type\":\"Article\",\"@id\":\"https:\/\/gsantana2005.net\/index.php\/2023\/07\/13\/sistema-aquifero-grande-amazonia-saga\/#article\",\"isPartOf\":{\"@id\":\"https:\/\/gsantana2005.net\/index.php\/2023\/07\/13\/sistema-aquifero-grande-amazonia-saga\/\"},\"author\":{\"name\":\"gsantana2005\",\"@id\":\"https:\/\/gsantana2005.net\/#\/schema\/person\/78c90c6f49a46ef4c8e69bafec347cb7\"},\"headline\":\"Sistema Aqu\u00edfero Grande Amaz\u00f4nia \u2013 SAGA\",\"datePublished\":\"2023-07-13T22:07:21+00:00\",\"dateModified\":\"2023-08-08T23:46:12+00:00\",\"mainEntityOfPage\":{\"@id\":\"https:\/\/gsantana2005.net\/index.php\/2023\/07\/13\/sistema-aquifero-grande-amazonia-saga\/\"},\"wordCount\":533,\"commentCount\":0,\"publisher\":{\"@id\":\"https:\/\/gsantana2005.net\/#organization\"},\"image\":{\"@id\":\"https:\/\/gsantana2005.net\/index.php\/2023\/07\/13\/sistema-aquifero-grande-amazonia-saga\/#primaryimage\"},\"thumbnailUrl\":\"https:\/\/gsantana2005.net\/wp-content\/uploads\/2023\/07\/aquifero-guarani.jpeg\",\"keywords\":[\"o que \u00e9 polui\u00e7\u00e3o aquatica\",\"polui\u00e7\u00e3o aquatica\",\"polui\u00e7\u00e3o aqu\u00e1tica causas\",\"polui\u00e7\u00e3o aquatica causas e consequencias\",\"polui\u00e7\u00e3o aquatica solu\u00e7\u00f5es\",\"polui\u00e7\u00e3o da \u00e1gua\",\"polui\u00e7\u00e3o da agua e como preservar ela\",\"principais causadores da polui\u00e7\u00e3o da \u00e1gua\",\"quais problemas pode causar a polui\u00e7ao da agua\"],\"articleSection\":[\"Dr Anderson Lages\",\"Conserva\u00e7\u00e3o Ambiental\"],\"inLanguage\":\"pt-BR\",\"potentialAction\":[{\"@type\":\"CommentAction\",\"name\":\"Comment\",\"target\":[\"https:\/\/gsantana2005.net\/index.php\/2023\/07\/13\/sistema-aquifero-grande-amazonia-saga\/#respond\"]}]},{\"@type\":\"WebPage\",\"@id\":\"https:\/\/gsantana2005.net\/index.php\/2023\/07\/13\/sistema-aquifero-grande-amazonia-saga\/\",\"url\":\"https:\/\/gsantana2005.net\/index.php\/2023\/07\/13\/sistema-aquifero-grande-amazonia-saga\/\",\"name\":\"Sistema Aqu\u00edfero Grande Amaz\u00f4nia \u2013 SAGA - gsantana2005\",\"isPartOf\":{\"@id\":\"https:\/\/gsantana2005.net\/#website\"},\"primaryImageOfPage\":{\"@id\":\"https:\/\/gsantana2005.net\/index.php\/2023\/07\/13\/sistema-aquifero-grande-amazonia-saga\/#primaryimage\"},\"image\":{\"@id\":\"https:\/\/gsantana2005.net\/index.php\/2023\/07\/13\/sistema-aquifero-grande-amazonia-saga\/#primaryimage\"},\"thumbnailUrl\":\"https:\/\/gsantana2005.net\/wp-content\/uploads\/2023\/07\/aquifero-guarani.jpeg\",\"datePublished\":\"2023-07-13T22:07:21+00:00\",\"dateModified\":\"2023-08-08T23:46:12+00:00\",\"description\":\"Sistema Aqu\u00edfero Grande Amaz\u00f4nia \u2013 SAGA \u00e9 um artigo que mostra para voc\u00ea que um dos maiores aqu\u00edferos do mundo j\u00e1 se encontra comprometido\",\"breadcrumb\":{\"@id\":\"https:\/\/gsantana2005.net\/index.php\/2023\/07\/13\/sistema-aquifero-grande-amazonia-saga\/#breadcrumb\"},\"inLanguage\":\"pt-BR\",\"potentialAction\":[{\"@type\":\"ReadAction\",\"target\":[\"https:\/\/gsantana2005.net\/index.php\/2023\/07\/13\/sistema-aquifero-grande-amazonia-saga\/\"]}]},{\"@type\":\"ImageObject\",\"inLanguage\":\"pt-BR\",\"@id\":\"https:\/\/gsantana2005.net\/index.php\/2023\/07\/13\/sistema-aquifero-grande-amazonia-saga\/#primaryimage\",\"url\":\"https:\/\/gsantana2005.net\/wp-content\/uploads\/2023\/07\/aquifero-guarani.jpeg\",\"contentUrl\":\"https:\/\/gsantana2005.net\/wp-content\/uploads\/2023\/07\/aquifero-guarani.jpeg\",\"width\":630,\"height\":396,\"caption\":\"aquifero guarani\"},{\"@type\":\"BreadcrumbList\",\"@id\":\"https:\/\/gsantana2005.net\/index.php\/2023\/07\/13\/sistema-aquifero-grande-amazonia-saga\/#breadcrumb\",\"itemListElement\":[{\"@type\":\"ListItem\",\"position\":1,\"name\":\"Home\",\"item\":\"https:\/\/gsantana2005.net\/\"},{\"@type\":\"ListItem\",\"position\":2,\"name\":\"Sistema Aqu\u00edfero Grande Amaz\u00f4nia \u2013 SAGA\"}]},{\"@type\":\"WebSite\",\"@id\":\"https:\/\/gsantana2005.net\/#website\",\"url\":\"https:\/\/gsantana2005.net\/\",\"name\":\"gsantana2005\",\"description\":\"Sejamos sustent\u00e1veis\",\"publisher\":{\"@id\":\"https:\/\/gsantana2005.net\/#organization\"},\"potentialAction\":[{\"@type\":\"SearchAction\",\"target\":{\"@type\":\"EntryPoint\",\"urlTemplate\":\"https:\/\/gsantana2005.net\/?s={search_term_string}\"},\"query-input\":{\"@type\":\"PropertyValueSpecification\",\"valueRequired\":true,\"valueName\":\"search_term_string\"}}],\"inLanguage\":\"pt-BR\"},{\"@type\":\"Organization\",\"@id\":\"https:\/\/gsantana2005.net\/#organization\",\"name\":\"gsantana2005\",\"url\":\"https:\/\/gsantana2005.net\/\",\"logo\":{\"@type\":\"ImageObject\",\"inLanguage\":\"pt-BR\",\"@id\":\"https:\/\/gsantana2005.net\/#\/schema\/logo\/image\/\",\"url\":\"https:\/\/gsantana2005.net\/wp-content\/uploads\/2023\/06\/cropped-Gs-sem-fundo.jpg\",\"contentUrl\":\"https:\/\/gsantana2005.net\/wp-content\/uploads\/2023\/06\/cropped-Gs-sem-fundo.jpg\",\"width\":100,\"height\":100,\"caption\":\"gsantana2005\"},\"image\":{\"@id\":\"https:\/\/gsantana2005.net\/#\/schema\/logo\/image\/\"}},{\"@type\":\"Person\",\"@id\":\"https:\/\/gsantana2005.net\/#\/schema\/person\/78c90c6f49a46ef4c8e69bafec347cb7\",\"name\":\"gsantana2005\",\"image\":{\"@type\":\"ImageObject\",\"inLanguage\":\"pt-BR\",\"@id\":\"https:\/\/gsantana2005.net\/#\/schema\/person\/image\/\",\"url\":\"https:\/\/secure.gravatar.com\/avatar\/db3aa311fa8063e1f4df6b2da249929f?s=96&d=mm&r=g\",\"contentUrl\":\"https:\/\/secure.gravatar.com\/avatar\/db3aa311fa8063e1f4df6b2da249929f?s=96&d=mm&r=g\",\"caption\":\"gsantana2005\"},\"sameAs\":[\"http:\/\/gsantana2005.net\"],\"url\":\"https:\/\/gsantana2005.net\/author\/gsantana2005\/\"}]}<\/script>\n<!-- \/ Yoast SEO plugin. -->","yoast_head_json":{"title":"Sistema Aqu\u00edfero Grande Amaz\u00f4nia \u2013 SAGA - gsantana2005","description":"Sistema Aqu\u00edfero Grande Amaz\u00f4nia \u2013 SAGA \u00e9 um artigo que mostra para voc\u00ea que um dos maiores aqu\u00edferos do mundo j\u00e1 se encontra comprometido","robots":{"index":"index","follow":"follow","max-snippet":"max-snippet:-1","max-image-preview":"max-image-preview:large","max-video-preview":"max-video-preview:-1"},"canonical":"https:\/\/gsantana2005.net\/index.php\/2023\/07\/13\/sistema-aquifero-grande-amazonia-saga\/","og_locale":"pt_BR","og_type":"article","og_title":"Sistema Aqu\u00edfero Grande Amaz\u00f4nia \u2013 SAGA - gsantana2005","og_description":"Sistema Aqu\u00edfero Grande Amaz\u00f4nia \u2013 SAGA \u00e9 um artigo que mostra para voc\u00ea que um dos maiores aqu\u00edferos do mundo j\u00e1 se encontra comprometido","og_url":"https:\/\/gsantana2005.net\/index.php\/2023\/07\/13\/sistema-aquifero-grande-amazonia-saga\/","og_site_name":"gsantana2005","article_published_time":"2023-07-13T22:07:21+00:00","article_modified_time":"2023-08-08T23:46:12+00:00","og_image":[{"width":630,"height":396,"url":"http:\/\/gsantana2005.net\/wp-content\/uploads\/2023\/07\/aquifero-guarani.jpeg","type":"image\/jpeg"}],"author":"gsantana2005","twitter_card":"summary_large_image","twitter_misc":{"Escrito por":"gsantana2005","Est. tempo de leitura":"3 minutos"},"schema":{"@context":"https:\/\/schema.org","@graph":[{"@type":"Article","@id":"https:\/\/gsantana2005.net\/index.php\/2023\/07\/13\/sistema-aquifero-grande-amazonia-saga\/#article","isPartOf":{"@id":"https:\/\/gsantana2005.net\/index.php\/2023\/07\/13\/sistema-aquifero-grande-amazonia-saga\/"},"author":{"name":"gsantana2005","@id":"https:\/\/gsantana2005.net\/#\/schema\/person\/78c90c6f49a46ef4c8e69bafec347cb7"},"headline":"Sistema Aqu\u00edfero Grande Amaz\u00f4nia \u2013 SAGA","datePublished":"2023-07-13T22:07:21+00:00","dateModified":"2023-08-08T23:46:12+00:00","mainEntityOfPage":{"@id":"https:\/\/gsantana2005.net\/index.php\/2023\/07\/13\/sistema-aquifero-grande-amazonia-saga\/"},"wordCount":533,"commentCount":0,"publisher":{"@id":"https:\/\/gsantana2005.net\/#organization"},"image":{"@id":"https:\/\/gsantana2005.net\/index.php\/2023\/07\/13\/sistema-aquifero-grande-amazonia-saga\/#primaryimage"},"thumbnailUrl":"https:\/\/gsantana2005.net\/wp-content\/uploads\/2023\/07\/aquifero-guarani.jpeg","keywords":["o que \u00e9 polui\u00e7\u00e3o aquatica","polui\u00e7\u00e3o aquatica","polui\u00e7\u00e3o aqu\u00e1tica causas","polui\u00e7\u00e3o aquatica causas e consequencias","polui\u00e7\u00e3o aquatica solu\u00e7\u00f5es","polui\u00e7\u00e3o da \u00e1gua","polui\u00e7\u00e3o da agua e como preservar ela","principais causadores da polui\u00e7\u00e3o da \u00e1gua","quais problemas pode causar a polui\u00e7ao da agua"],"articleSection":["Dr Anderson Lages","Conserva\u00e7\u00e3o Ambiental"],"inLanguage":"pt-BR","potentialAction":[{"@type":"CommentAction","name":"Comment","target":["https:\/\/gsantana2005.net\/index.php\/2023\/07\/13\/sistema-aquifero-grande-amazonia-saga\/#respond"]}]},{"@type":"WebPage","@id":"https:\/\/gsantana2005.net\/index.php\/2023\/07\/13\/sistema-aquifero-grande-amazonia-saga\/","url":"https:\/\/gsantana2005.net\/index.php\/2023\/07\/13\/sistema-aquifero-grande-amazonia-saga\/","name":"Sistema Aqu\u00edfero Grande Amaz\u00f4nia \u2013 SAGA - gsantana2005","isPartOf":{"@id":"https:\/\/gsantana2005.net\/#website"},"primaryImageOfPage":{"@id":"https:\/\/gsantana2005.net\/index.php\/2023\/07\/13\/sistema-aquifero-grande-amazonia-saga\/#primaryimage"},"image":{"@id":"https:\/\/gsantana2005.net\/index.php\/2023\/07\/13\/sistema-aquifero-grande-amazonia-saga\/#primaryimage"},"thumbnailUrl":"https:\/\/gsantana2005.net\/wp-content\/uploads\/2023\/07\/aquifero-guarani.jpeg","datePublished":"2023-07-13T22:07:21+00:00","dateModified":"2023-08-08T23:46:12+00:00","description":"Sistema Aqu\u00edfero Grande Amaz\u00f4nia \u2013 SAGA \u00e9 um artigo que mostra para voc\u00ea que um dos maiores aqu\u00edferos do mundo j\u00e1 se encontra comprometido","breadcrumb":{"@id":"https:\/\/gsantana2005.net\/index.php\/2023\/07\/13\/sistema-aquifero-grande-amazonia-saga\/#breadcrumb"},"inLanguage":"pt-BR","potentialAction":[{"@type":"ReadAction","target":["https:\/\/gsantana2005.net\/index.php\/2023\/07\/13\/sistema-aquifero-grande-amazonia-saga\/"]}]},{"@type":"ImageObject","inLanguage":"pt-BR","@id":"https:\/\/gsantana2005.net\/index.php\/2023\/07\/13\/sistema-aquifero-grande-amazonia-saga\/#primaryimage","url":"https:\/\/gsantana2005.net\/wp-content\/uploads\/2023\/07\/aquifero-guarani.jpeg","contentUrl":"https:\/\/gsantana2005.net\/wp-content\/uploads\/2023\/07\/aquifero-guarani.jpeg","width":630,"height":396,"caption":"aquifero guarani"},{"@type":"BreadcrumbList","@id":"https:\/\/gsantana2005.net\/index.php\/2023\/07\/13\/sistema-aquifero-grande-amazonia-saga\/#breadcrumb","itemListElement":[{"@type":"ListItem","position":1,"name":"Home","item":"https:\/\/gsantana2005.net\/"},{"@type":"ListItem","position":2,"name":"Sistema Aqu\u00edfero Grande Amaz\u00f4nia \u2013 SAGA"}]},{"@type":"WebSite","@id":"https:\/\/gsantana2005.net\/#website","url":"https:\/\/gsantana2005.net\/","name":"gsantana2005","description":"Sejamos sustent\u00e1veis","publisher":{"@id":"https:\/\/gsantana2005.net\/#organization"},"potentialAction":[{"@type":"SearchAction","target":{"@type":"EntryPoint","urlTemplate":"https:\/\/gsantana2005.net\/?s={search_term_string}"},"query-input":{"@type":"PropertyValueSpecification","valueRequired":true,"valueName":"search_term_string"}}],"inLanguage":"pt-BR"},{"@type":"Organization","@id":"https:\/\/gsantana2005.net\/#organization","name":"gsantana2005","url":"https:\/\/gsantana2005.net\/","logo":{"@type":"ImageObject","inLanguage":"pt-BR","@id":"https:\/\/gsantana2005.net\/#\/schema\/logo\/image\/","url":"https:\/\/gsantana2005.net\/wp-content\/uploads\/2023\/06\/cropped-Gs-sem-fundo.jpg","contentUrl":"https:\/\/gsantana2005.net\/wp-content\/uploads\/2023\/06\/cropped-Gs-sem-fundo.jpg","width":100,"height":100,"caption":"gsantana2005"},"image":{"@id":"https:\/\/gsantana2005.net\/#\/schema\/logo\/image\/"}},{"@type":"Person","@id":"https:\/\/gsantana2005.net\/#\/schema\/person\/78c90c6f49a46ef4c8e69bafec347cb7","name":"gsantana2005","image":{"@type":"ImageObject","inLanguage":"pt-BR","@id":"https:\/\/gsantana2005.net\/#\/schema\/person\/image\/","url":"https:\/\/secure.gravatar.com\/avatar\/db3aa311fa8063e1f4df6b2da249929f?s=96&d=mm&r=g","contentUrl":"https:\/\/secure.gravatar.com\/avatar\/db3aa311fa8063e1f4df6b2da249929f?s=96&d=mm&r=g","caption":"gsantana2005"},"sameAs":["http:\/\/gsantana2005.net"],"url":"https:\/\/gsantana2005.net\/author\/gsantana2005\/"}]}},"amp_enabled":true,"_links":{"self":[{"href":"https:\/\/gsantana2005.net\/index.php\/wp-json\/wp\/v2\/posts\/576"}],"collection":[{"href":"https:\/\/gsantana2005.net\/index.php\/wp-json\/wp\/v2\/posts"}],"about":[{"href":"https:\/\/gsantana2005.net\/index.php\/wp-json\/wp\/v2\/types\/post"}],"author":[{"embeddable":true,"href":"https:\/\/gsantana2005.net\/index.php\/wp-json\/wp\/v2\/users\/1"}],"replies":[{"embeddable":true,"href":"https:\/\/gsantana2005.net\/index.php\/wp-json\/wp\/v2\/comments?post=576"}],"version-history":[{"count":1,"href":"https:\/\/gsantana2005.net\/index.php\/wp-json\/wp\/v2\/posts\/576\/revisions"}],"predecessor-version":[{"id":578,"href":"https:\/\/gsantana2005.net\/index.php\/wp-json\/wp\/v2\/posts\/576\/revisions\/578"}],"wp:featuredmedia":[{"embeddable":true,"href":"https:\/\/gsantana2005.net\/index.php\/wp-json\/wp\/v2\/media\/577"}],"wp:attachment":[{"href":"https:\/\/gsantana2005.net\/index.php\/wp-json\/wp\/v2\/media?parent=576"}],"wp:term":[{"taxonomy":"category","embeddable":true,"href":"https:\/\/gsantana2005.net\/index.php\/wp-json\/wp\/v2\/categories?post=576"},{"taxonomy":"post_tag","embeddable":true,"href":"https:\/\/gsantana2005.net\/index.php\/wp-json\/wp\/v2\/tags?post=576"}],"curies":[{"name":"wp","href":"https:\/\/api.w.org\/{rel}","templated":true}]}}