{"id":620,"date":"2023-07-21T13:40:18","date_gmt":"2023-07-21T13:40:18","guid":{"rendered":"https:\/\/gsantana2005.net\/?p=620"},"modified":"2024-02-04T23:13:37","modified_gmt":"2024-02-04T23:13:37","slug":"gestao-de-residuos","status":"publish","type":"post","link":"https:\/\/gsantana2005.net\/index.php\/2023\/07\/21\/gestao-de-residuos\/","title":{"rendered":"Gest\u00e3o de res\u00edduos"},"content":{"rendered":"\n<p><strong>Carga hor\u00e1ria<\/strong>: 20 horas \u2013 online<\/p>\n\n\n\n<p><strong>Descri\u00e7\u00e3o<\/strong><\/p>\n\n\n\n<p>Aqui voc\u00ea adquire conhecimentos te\u00f3ricos que possibilitem a compet\u00eancia para implementa\u00e7\u00e3o do Gest\u00e3o de Res\u00edduos S\u00f3lidos.<\/p>\n\n\n\n<p><strong>Conte\u00fado<\/strong><\/p>\n\n\n\n<ul class=\"wp-block-list\">\n<li>Res\u00edduos s\u00f3lidos \u2013 Conceitos, classifica\u00e7\u00e3o e caracter\u00edsticas<\/li>\n\n\n\n<li>Gerenciamento de res\u00edduos s\u00f3lidos<\/li>\n\n\n\n<li>Desafios da gest\u00e3o de res\u00edduos s\u00f3lidos<\/li>\n\n\n\n<li>Tecnologias aplicadas aos res\u00edduos s\u00f3lidos (reciclagem e reuso)<\/li>\n<\/ul>\n\n\n\n<p><strong>Objetivos<\/strong><\/p>\n\n\n\n<p>Fornecer aos participantes conhecimentos te\u00f3ricos que possibilitem a compet\u00eancia para implementa\u00e7\u00e3o do Plano de Gerenciamento de Res\u00edduos S\u00f3lidos domiciliares, industriais e da sa\u00fade de acordo com as normas regulamentadoras e a legisla\u00e7\u00e3o ambiental vigente.&nbsp;&nbsp;<\/p>\n\n\n\n<p><strong>P\u00fablico-alvo<\/strong><\/p>\n\n\n\n<p>Profissionais que atuam na \u00e1rea de meio ambiente das ind\u00fastrias, empresas de consultoria, \u00f3rg\u00e3o p\u00fablico de saneamento e sa\u00fade p\u00fablica, e empresas de servi\u00e7os da sa\u00fade.<\/p>\n\n\n\n<p><strong>Pr\u00e9-requisito recomend\u00e1vel<\/strong><\/p>\n\n\n\n<p>Escolaridade m\u00ednima Ensino Fundamental Completo.<\/p>\n\n\n\n<p>Conhecimentos na \u00e1rea ambiental ou experi\u00eancia na \u00e1rea.<\/p>\n","protected":false},"excerpt":{"rendered":"<p>Carga hor\u00e1ria: 20 horas \u2013 online Descri\u00e7\u00e3o Aqui voc\u00ea adquire conhecimentos te\u00f3ricos que possibilitem a compet\u00eancia para implementa\u00e7\u00e3o do Gest\u00e3o de Res\u00edduos S\u00f3lidos. Conte\u00fado Objetivos Fornecer aos participantes conhecimentos te\u00f3ricos que possibilitem a compet\u00eancia para implementa\u00e7\u00e3o do Plano de Gerenciamento de Res\u00edduos S\u00f3lidos domiciliares, industriais e da sa\u00fade de acordo com as normas regulamentadoras e [&hellip;]<\/p>\n","protected":false},"author":1,"featured_media":545,"comment_status":"open","ping_status":"closed","sticky":false,"template":"","format":"standard","meta":{"om_disable_all_campaigns":false,"_monsterinsights_skip_tracking":false,"_monsterinsights_sitenote_active":false,"_monsterinsights_sitenote_note":"","_monsterinsights_sitenote_category":0,"footnotes":"","_links_to":"","_links_to_target":""},"categories":[270],"tags":[592,650,369,653,652,651,77,320],"class_list":["post-620","post","type-post","status-publish","format-standard","has-post-thumbnail","hentry","category-cursos-e-mentorias","tag-educacao-ambiental","tag-gerenciamento-ambiental","tag-gestao-de-residuos","tag-legislacao-ambiental","tag-normas-regulamentadoras","tag-reciclagem-e-reuso","tag-residuos-solidos","tag-sustentabilidade"],"aioseo_notices":[],"yoast_head":"<!-- This site is optimized with the Yoast SEO plugin v24.5 - https:\/\/yoast.com\/wordpress\/plugins\/seo\/ -->\n<title>Gest\u00e3o de res\u00edduos - gsantana2005<\/title>\n<meta name=\"robots\" content=\"index, follow, max-snippet:-1, max-image-preview:large, max-video-preview:-1\" \/>\n<link rel=\"canonical\" href=\"https:\/\/gsantana2005.net\/index.php\/2023\/07\/21\/gestao-de-residuos\/\" \/>\n<meta property=\"og:locale\" content=\"pt_BR\" \/>\n<meta property=\"og:type\" content=\"article\" \/>\n<meta property=\"og:title\" content=\"Gest\u00e3o de res\u00edduos - gsantana2005\" \/>\n<meta property=\"og:description\" content=\"Carga hor\u00e1ria: 20 horas \u2013 online Descri\u00e7\u00e3o Aqui voc\u00ea adquire conhecimentos te\u00f3ricos que possibilitem a compet\u00eancia para implementa\u00e7\u00e3o do Gest\u00e3o de Res\u00edduos S\u00f3lidos. Conte\u00fado Objetivos Fornecer aos participantes conhecimentos te\u00f3ricos que possibilitem a compet\u00eancia para implementa\u00e7\u00e3o do Plano de Gerenciamento de Res\u00edduos S\u00f3lidos domiciliares, industriais e da sa\u00fade de acordo com as normas regulamentadoras e [&hellip;]\" \/>\n<meta property=\"og:url\" content=\"https:\/\/gsantana2005.net\/index.php\/2023\/07\/21\/gestao-de-residuos\/\" \/>\n<meta property=\"og:site_name\" content=\"gsantana2005\" \/>\n<meta property=\"article:published_time\" content=\"2023-07-21T13:40:18+00:00\" \/>\n<meta property=\"article:modified_time\" content=\"2024-02-04T23:13:37+00:00\" \/>\n<meta property=\"og:image\" content=\"http:\/\/gsantana2005.net\/wp-content\/uploads\/2023\/07\/residuo-plastico-3.jpg\" \/>\n\t<meta property=\"og:image:width\" content=\"1280\" \/>\n\t<meta property=\"og:image:height\" content=\"960\" \/>\n\t<meta property=\"og:image:type\" content=\"image\/jpeg\" \/>\n<meta name=\"author\" content=\"gsantana2005\" \/>\n<meta name=\"twitter:card\" content=\"summary_large_image\" \/>\n<meta name=\"twitter:label1\" content=\"Escrito por\" \/>\n\t<meta name=\"twitter:data1\" content=\"gsantana2005\" \/>\n\t<meta name=\"twitter:label2\" content=\"Est. tempo de leitura\" \/>\n\t<meta name=\"twitter:data2\" content=\"1 minuto\" \/>\n<script type=\"application\/ld+json\" class=\"yoast-schema-graph\">{\"@context\":\"https:\/\/schema.org\",\"@graph\":[{\"@type\":\"Article\",\"@id\":\"https:\/\/gsantana2005.net\/index.php\/2023\/07\/21\/gestao-de-residuos\/#article\",\"isPartOf\":{\"@id\":\"https:\/\/gsantana2005.net\/index.php\/2023\/07\/21\/gestao-de-residuos\/\"},\"author\":{\"name\":\"gsantana2005\",\"@id\":\"https:\/\/gsantana2005.net\/#\/schema\/person\/78c90c6f49a46ef4c8e69bafec347cb7\"},\"headline\":\"Gest\u00e3o de res\u00edduos\",\"datePublished\":\"2023-07-21T13:40:18+00:00\",\"dateModified\":\"2024-02-04T23:13:37+00:00\",\"mainEntityOfPage\":{\"@id\":\"https:\/\/gsantana2005.net\/index.php\/2023\/07\/21\/gestao-de-residuos\/\"},\"wordCount\":169,\"commentCount\":10,\"publisher\":{\"@id\":\"https:\/\/gsantana2005.net\/#organization\"},\"image\":{\"@id\":\"https:\/\/gsantana2005.net\/index.php\/2023\/07\/21\/gestao-de-residuos\/#primaryimage\"},\"thumbnailUrl\":\"https:\/\/gsantana2005.net\/wp-content\/uploads\/2023\/07\/residuo-plastico-3.jpg\",\"keywords\":[\"Educa\u00e7\u00e3o Ambiental\",\"Gerenciamento Ambiental\",\"Gest\u00e3o De Res\u00edduos\",\"Legisla\u00e7\u00e3o Ambiental\",\"Normas Regulamentadoras\",\"Reciclagem E Reuso\",\"residuos solidos\",\"Sustentabilidade\"],\"articleSection\":[\"Cursos e Mentorias\"],\"inLanguage\":\"pt-BR\",\"potentialAction\":[{\"@type\":\"CommentAction\",\"name\":\"Comment\",\"target\":[\"https:\/\/gsantana2005.net\/index.php\/2023\/07\/21\/gestao-de-residuos\/#respond\"]}]},{\"@type\":\"WebPage\",\"@id\":\"https:\/\/gsantana2005.net\/index.php\/2023\/07\/21\/gestao-de-residuos\/\",\"url\":\"https:\/\/gsantana2005.net\/index.php\/2023\/07\/21\/gestao-de-residuos\/\",\"name\":\"Gest\u00e3o de res\u00edduos - gsantana2005\",\"isPartOf\":{\"@id\":\"https:\/\/gsantana2005.net\/#website\"},\"primaryImageOfPage\":{\"@id\":\"https:\/\/gsantana2005.net\/index.php\/2023\/07\/21\/gestao-de-residuos\/#primaryimage\"},\"image\":{\"@id\":\"https:\/\/gsantana2005.net\/index.php\/2023\/07\/21\/gestao-de-residuos\/#primaryimage\"},\"thumbnailUrl\":\"https:\/\/gsantana2005.net\/wp-content\/uploads\/2023\/07\/residuo-plastico-3.jpg\",\"datePublished\":\"2023-07-21T13:40:18+00:00\",\"dateModified\":\"2024-02-04T23:13:37+00:00\",\"breadcrumb\":{\"@id\":\"https:\/\/gsantana2005.net\/index.php\/2023\/07\/21\/gestao-de-residuos\/#breadcrumb\"},\"inLanguage\":\"pt-BR\",\"potentialAction\":[{\"@type\":\"ReadAction\",\"target\":[\"https:\/\/gsantana2005.net\/index.php\/2023\/07\/21\/gestao-de-residuos\/\"]}]},{\"@type\":\"ImageObject\",\"inLanguage\":\"pt-BR\",\"@id\":\"https:\/\/gsantana2005.net\/index.php\/2023\/07\/21\/gestao-de-residuos\/#primaryimage\",\"url\":\"https:\/\/gsantana2005.net\/wp-content\/uploads\/2023\/07\/residuo-plastico-3.jpg\",\"contentUrl\":\"https:\/\/gsantana2005.net\/wp-content\/uploads\/2023\/07\/residuo-plastico-3.jpg\",\"width\":1280,\"height\":960,\"caption\":\"Res\u00edduo pl\u00e1stico\"},{\"@type\":\"BreadcrumbList\",\"@id\":\"https:\/\/gsantana2005.net\/index.php\/2023\/07\/21\/gestao-de-residuos\/#breadcrumb\",\"itemListElement\":[{\"@type\":\"ListItem\",\"position\":1,\"name\":\"Home\",\"item\":\"https:\/\/gsantana2005.net\/\"},{\"@type\":\"ListItem\",\"position\":2,\"name\":\"Gest\u00e3o de res\u00edduos\"}]},{\"@type\":\"WebSite\",\"@id\":\"https:\/\/gsantana2005.net\/#website\",\"url\":\"https:\/\/gsantana2005.net\/\",\"name\":\"gsantana2005\",\"description\":\"Sejamos sustent\u00e1veis\",\"publisher\":{\"@id\":\"https:\/\/gsantana2005.net\/#organization\"},\"potentialAction\":[{\"@type\":\"SearchAction\",\"target\":{\"@type\":\"EntryPoint\",\"urlTemplate\":\"https:\/\/gsantana2005.net\/?s={search_term_string}\"},\"query-input\":{\"@type\":\"PropertyValueSpecification\",\"valueRequired\":true,\"valueName\":\"search_term_string\"}}],\"inLanguage\":\"pt-BR\"},{\"@type\":\"Organization\",\"@id\":\"https:\/\/gsantana2005.net\/#organization\",\"name\":\"gsantana2005\",\"url\":\"https:\/\/gsantana2005.net\/\",\"logo\":{\"@type\":\"ImageObject\",\"inLanguage\":\"pt-BR\",\"@id\":\"https:\/\/gsantana2005.net\/#\/schema\/logo\/image\/\",\"url\":\"https:\/\/gsantana2005.net\/wp-content\/uploads\/2023\/06\/cropped-Gs-sem-fundo.jpg\",\"contentUrl\":\"https:\/\/gsantana2005.net\/wp-content\/uploads\/2023\/06\/cropped-Gs-sem-fundo.jpg\",\"width\":100,\"height\":100,\"caption\":\"gsantana2005\"},\"image\":{\"@id\":\"https:\/\/gsantana2005.net\/#\/schema\/logo\/image\/\"}},{\"@type\":\"Person\",\"@id\":\"https:\/\/gsantana2005.net\/#\/schema\/person\/78c90c6f49a46ef4c8e69bafec347cb7\",\"name\":\"gsantana2005\",\"image\":{\"@type\":\"ImageObject\",\"inLanguage\":\"pt-BR\",\"@id\":\"https:\/\/gsantana2005.net\/#\/schema\/person\/image\/\",\"url\":\"https:\/\/secure.gravatar.com\/avatar\/db3aa311fa8063e1f4df6b2da249929f?s=96&d=mm&r=g\",\"contentUrl\":\"https:\/\/secure.gravatar.com\/avatar\/db3aa311fa8063e1f4df6b2da249929f?s=96&d=mm&r=g\",\"caption\":\"gsantana2005\"},\"sameAs\":[\"http:\/\/gsantana2005.net\"],\"url\":\"https:\/\/gsantana2005.net\/author\/gsantana2005\/\"}]}<\/script>\n<!-- \/ Yoast SEO plugin. -->","yoast_head_json":{"title":"Gest\u00e3o de res\u00edduos - gsantana2005","robots":{"index":"index","follow":"follow","max-snippet":"max-snippet:-1","max-image-preview":"max-image-preview:large","max-video-preview":"max-video-preview:-1"},"canonical":"https:\/\/gsantana2005.net\/index.php\/2023\/07\/21\/gestao-de-residuos\/","og_locale":"pt_BR","og_type":"article","og_title":"Gest\u00e3o de res\u00edduos - gsantana2005","og_description":"Carga hor\u00e1ria: 20 horas \u2013 online Descri\u00e7\u00e3o Aqui voc\u00ea adquire conhecimentos te\u00f3ricos que possibilitem a compet\u00eancia para implementa\u00e7\u00e3o do Gest\u00e3o de Res\u00edduos S\u00f3lidos. Conte\u00fado Objetivos Fornecer aos participantes conhecimentos te\u00f3ricos que possibilitem a compet\u00eancia para implementa\u00e7\u00e3o do Plano de Gerenciamento de Res\u00edduos S\u00f3lidos domiciliares, industriais e da sa\u00fade de acordo com as normas regulamentadoras e [&hellip;]","og_url":"https:\/\/gsantana2005.net\/index.php\/2023\/07\/21\/gestao-de-residuos\/","og_site_name":"gsantana2005","article_published_time":"2023-07-21T13:40:18+00:00","article_modified_time":"2024-02-04T23:13:37+00:00","og_image":[{"width":1280,"height":960,"url":"http:\/\/gsantana2005.net\/wp-content\/uploads\/2023\/07\/residuo-plastico-3.jpg","type":"image\/jpeg"}],"author":"gsantana2005","twitter_card":"summary_large_image","twitter_misc":{"Escrito por":"gsantana2005","Est. tempo de leitura":"1 minuto"},"schema":{"@context":"https:\/\/schema.org","@graph":[{"@type":"Article","@id":"https:\/\/gsantana2005.net\/index.php\/2023\/07\/21\/gestao-de-residuos\/#article","isPartOf":{"@id":"https:\/\/gsantana2005.net\/index.php\/2023\/07\/21\/gestao-de-residuos\/"},"author":{"name":"gsantana2005","@id":"https:\/\/gsantana2005.net\/#\/schema\/person\/78c90c6f49a46ef4c8e69bafec347cb7"},"headline":"Gest\u00e3o de res\u00edduos","datePublished":"2023-07-21T13:40:18+00:00","dateModified":"2024-02-04T23:13:37+00:00","mainEntityOfPage":{"@id":"https:\/\/gsantana2005.net\/index.php\/2023\/07\/21\/gestao-de-residuos\/"},"wordCount":169,"commentCount":10,"publisher":{"@id":"https:\/\/gsantana2005.net\/#organization"},"image":{"@id":"https:\/\/gsantana2005.net\/index.php\/2023\/07\/21\/gestao-de-residuos\/#primaryimage"},"thumbnailUrl":"https:\/\/gsantana2005.net\/wp-content\/uploads\/2023\/07\/residuo-plastico-3.jpg","keywords":["Educa\u00e7\u00e3o Ambiental","Gerenciamento Ambiental","Gest\u00e3o De Res\u00edduos","Legisla\u00e7\u00e3o Ambiental","Normas Regulamentadoras","Reciclagem E Reuso","residuos solidos","Sustentabilidade"],"articleSection":["Cursos e Mentorias"],"inLanguage":"pt-BR","potentialAction":[{"@type":"CommentAction","name":"Comment","target":["https:\/\/gsantana2005.net\/index.php\/2023\/07\/21\/gestao-de-residuos\/#respond"]}]},{"@type":"WebPage","@id":"https:\/\/gsantana2005.net\/index.php\/2023\/07\/21\/gestao-de-residuos\/","url":"https:\/\/gsantana2005.net\/index.php\/2023\/07\/21\/gestao-de-residuos\/","name":"Gest\u00e3o de res\u00edduos - gsantana2005","isPartOf":{"@id":"https:\/\/gsantana2005.net\/#website"},"primaryImageOfPage":{"@id":"https:\/\/gsantana2005.net\/index.php\/2023\/07\/21\/gestao-de-residuos\/#primaryimage"},"image":{"@id":"https:\/\/gsantana2005.net\/index.php\/2023\/07\/21\/gestao-de-residuos\/#primaryimage"},"thumbnailUrl":"https:\/\/gsantana2005.net\/wp-content\/uploads\/2023\/07\/residuo-plastico-3.jpg","datePublished":"2023-07-21T13:40:18+00:00","dateModified":"2024-02-04T23:13:37+00:00","breadcrumb":{"@id":"https:\/\/gsantana2005.net\/index.php\/2023\/07\/21\/gestao-de-residuos\/#breadcrumb"},"inLanguage":"pt-BR","potentialAction":[{"@type":"ReadAction","target":["https:\/\/gsantana2005.net\/index.php\/2023\/07\/21\/gestao-de-residuos\/"]}]},{"@type":"ImageObject","inLanguage":"pt-BR","@id":"https:\/\/gsantana2005.net\/index.php\/2023\/07\/21\/gestao-de-residuos\/#primaryimage","url":"https:\/\/gsantana2005.net\/wp-content\/uploads\/2023\/07\/residuo-plastico-3.jpg","contentUrl":"https:\/\/gsantana2005.net\/wp-content\/uploads\/2023\/07\/residuo-plastico-3.jpg","width":1280,"height":960,"caption":"Res\u00edduo pl\u00e1stico"},{"@type":"BreadcrumbList","@id":"https:\/\/gsantana2005.net\/index.php\/2023\/07\/21\/gestao-de-residuos\/#breadcrumb","itemListElement":[{"@type":"ListItem","position":1,"name":"Home","item":"https:\/\/gsantana2005.net\/"},{"@type":"ListItem","position":2,"name":"Gest\u00e3o de res\u00edduos"}]},{"@type":"WebSite","@id":"https:\/\/gsantana2005.net\/#website","url":"https:\/\/gsantana2005.net\/","name":"gsantana2005","description":"Sejamos sustent\u00e1veis","publisher":{"@id":"https:\/\/gsantana2005.net\/#organization"},"potentialAction":[{"@type":"SearchAction","target":{"@type":"EntryPoint","urlTemplate":"https:\/\/gsantana2005.net\/?s={search_term_string}"},"query-input":{"@type":"PropertyValueSpecification","valueRequired":true,"valueName":"search_term_string"}}],"inLanguage":"pt-BR"},{"@type":"Organization","@id":"https:\/\/gsantana2005.net\/#organization","name":"gsantana2005","url":"https:\/\/gsantana2005.net\/","logo":{"@type":"ImageObject","inLanguage":"pt-BR","@id":"https:\/\/gsantana2005.net\/#\/schema\/logo\/image\/","url":"https:\/\/gsantana2005.net\/wp-content\/uploads\/2023\/06\/cropped-Gs-sem-fundo.jpg","contentUrl":"https:\/\/gsantana2005.net\/wp-content\/uploads\/2023\/06\/cropped-Gs-sem-fundo.jpg","width":100,"height":100,"caption":"gsantana2005"},"image":{"@id":"https:\/\/gsantana2005.net\/#\/schema\/logo\/image\/"}},{"@type":"Person","@id":"https:\/\/gsantana2005.net\/#\/schema\/person\/78c90c6f49a46ef4c8e69bafec347cb7","name":"gsantana2005","image":{"@type":"ImageObject","inLanguage":"pt-BR","@id":"https:\/\/gsantana2005.net\/#\/schema\/person\/image\/","url":"https:\/\/secure.gravatar.com\/avatar\/db3aa311fa8063e1f4df6b2da249929f?s=96&d=mm&r=g","contentUrl":"https:\/\/secure.gravatar.com\/avatar\/db3aa311fa8063e1f4df6b2da249929f?s=96&d=mm&r=g","caption":"gsantana2005"},"sameAs":["http:\/\/gsantana2005.net"],"url":"https:\/\/gsantana2005.net\/author\/gsantana2005\/"}]}},"amp_enabled":true,"_links":{"self":[{"href":"https:\/\/gsantana2005.net\/index.php\/wp-json\/wp\/v2\/posts\/620"}],"collection":[{"href":"https:\/\/gsantana2005.net\/index.php\/wp-json\/wp\/v2\/posts"}],"about":[{"href":"https:\/\/gsantana2005.net\/index.php\/wp-json\/wp\/v2\/types\/post"}],"author":[{"embeddable":true,"href":"https:\/\/gsantana2005.net\/index.php\/wp-json\/wp\/v2\/users\/1"}],"replies":[{"embeddable":true,"href":"https:\/\/gsantana2005.net\/index.php\/wp-json\/wp\/v2\/comments?post=620"}],"version-history":[{"count":1,"href":"https:\/\/gsantana2005.net\/index.php\/wp-json\/wp\/v2\/posts\/620\/revisions"}],"predecessor-version":[{"id":621,"href":"https:\/\/gsantana2005.net\/index.php\/wp-json\/wp\/v2\/posts\/620\/revisions\/621"}],"wp:featuredmedia":[{"embeddable":true,"href":"https:\/\/gsantana2005.net\/index.php\/wp-json\/wp\/v2\/media\/545"}],"wp:attachment":[{"href":"https:\/\/gsantana2005.net\/index.php\/wp-json\/wp\/v2\/media?parent=620"}],"wp:term":[{"taxonomy":"category","embeddable":true,"href":"https:\/\/gsantana2005.net\/index.php\/wp-json\/wp\/v2\/categories?post=620"},{"taxonomy":"post_tag","embeddable":true,"href":"https:\/\/gsantana2005.net\/index.php\/wp-json\/wp\/v2\/tags?post=620"}],"curies":[{"name":"wp","href":"https:\/\/api.w.org\/{rel}","templated":true}]}}