{"id":697,"date":"2023-08-16T02:54:07","date_gmt":"2023-08-16T02:54:07","guid":{"rendered":"https:\/\/gsantana2005.net\/?p=697"},"modified":"2024-02-04T23:36:56","modified_gmt":"2024-02-04T23:36:56","slug":"interacoes-entre-agua-subterranea-e-agua-superficial-de-manaus","status":"publish","type":"post","link":"https:\/\/gsantana2005.net\/index.php\/2023\/08\/16\/interacoes-entre-agua-subterranea-e-agua-superficial-de-manaus\/","title":{"rendered":"Intera\u00e7\u00f5es entre \u00e1gua subterr\u00e2nea e \u00e1gua superficial de Manaus"},"content":{"rendered":"\n<p><strong>Intera\u00e7\u00f5es entre \u00e1gua subterr\u00e2nea e \u00e1gua superficial nas \u00e1guas de Manaus: Afinal, as \u00e1guas do igarap\u00e9 do Quarenta infiltram para o aqu\u00edfero Alter do Ch\u00e3o?<\/strong><\/p>\n\n\n\n<figure class=\"wp-block-image size-large is-resized\"><img loading=\"lazy\" decoding=\"async\" src=\"http:\/\/gsantana2005.net\/wp-content\/uploads\/2023\/06\/Anderson-1024x1024.jpg\" alt=\"Anderson Lages\" class=\"wp-image-298\" style=\"width:163px;height:163px\" width=\"163\" height=\"163\" srcset=\"https:\/\/gsantana2005.net\/wp-content\/uploads\/2023\/06\/Anderson-1024x1024.jpg 1024w, https:\/\/gsantana2005.net\/wp-content\/uploads\/2023\/06\/Anderson-300x300.jpg 300w, https:\/\/gsantana2005.net\/wp-content\/uploads\/2023\/06\/Anderson-150x150.jpg 150w, https:\/\/gsantana2005.net\/wp-content\/uploads\/2023\/06\/Anderson-768x768.jpg 768w, https:\/\/gsantana2005.net\/wp-content\/uploads\/2023\/06\/Anderson.jpg 1426w\" sizes=\"(max-width: 163px) 100vw, 163px\" \/><\/figure>\n\n\n\n<p>Dr Anderson Lages<\/p>\n\n\n\n<p>Sabe-se que a cidade de Manaus tem centenas de igarap\u00e9s espalhados por toda a cidade. Isso se deve \u00e0 proximidade do aqu\u00edfero em rela\u00e7\u00e3o \u00e0 superf\u00edcie da cidade. Entretanto, dado o n\u00edvel de degrada\u00e7\u00e3o dos corpos de \u00e1gua superficiais de Manaus, uma preocupa\u00e7\u00e3o toma conta de estudantes, profissionais e pesquisadores de recursos h\u00eddricos. Ser\u00e1 que as \u00e1guas dos igarap\u00e9s contaminados se infiltram sobre o aqu\u00edfero Alter do Ch\u00e3o, em Manaus? Quais as condi\u00e7\u00f5es para se avaliar o grau de impacto, caso as \u00e1guas de igarap\u00e9s contaminados, como o Quarenta, infiltrem para o aqu\u00edfero?<\/p>\n\n\n\n<p>Em verdade, \u00e9 muito plaus\u00edvel o desencadeamento dessas quest\u00f5es em Manaus. A grande quest\u00e3o que se apresenta \u00e9 o n\u00edvel de contamina\u00e7\u00e3o dos igarap\u00e9s sobre a boa qualidade do aqu\u00edfero Alter do Ch\u00e3o. Essas \u00e1guas subterr\u00e2neas s\u00e3o \u00e1cidas e pouco mineralizadas. Caso se perceba, de fato, essa intera\u00e7\u00e3o <em>\u00e1gua superficial-\u00e1gua subterr\u00e2nea<\/em>, os impactos negativos ser\u00e3o altamente sens\u00edveis, implicando, inclusive, nos indicadores de sa\u00fade p\u00fablica. Por outro lado, Manaus utiliza prioritariamente \u00e1gua subterr\u00e2nea, sobretudo, na periferia da cidade, com mais de um milh\u00e3o de habitantes que se servem dessa \u00e1gua.<\/p>\n\n\n\n<p>E quais seriam os m\u00e9todos de avalia\u00e7\u00e3o de poss\u00edveis infiltra\u00e7\u00f5es de \u00e1gua de igarap\u00e9s no aqu\u00edfero em Manaus?<\/p>\n\n\n\n<h2 class=\"wp-block-heading\">M\u00e9todos de avalia\u00e7\u00f5es das \u00e1guas dos igarap\u00e9s<\/h2>\n\n\n\n<p>Recentemente, foram avaliados tr\u00eas m\u00e9todos de observa\u00e7\u00e3o de intera\u00e7\u00f5es <em>\u00e1gua de igarap\u00e9s\/\u00e1gua subterr\u00e2nea<\/em> em Manaus: i)An\u00e1lise estat\u00edstica explorat\u00f3ria, com a t\u00e9cnica da An\u00e1lise da Componente Principal, a partir de dados qu\u00edmicos das \u00e1guas do igarap\u00e9 do Quarenta e de po\u00e7os pr\u00f3ximos a este corpo de \u00e1gua; ii) raz\u00f5es i\u00f4nicas dos elementos s\u00f3dio, pot\u00e1ssio, c\u00e1lcio, bicarbonato, cloreto e nitrato, que geram uma raz\u00e3o geoqu\u00edmica para as \u00e1guas, como uma assinatura em espec\u00edfico das \u00e1guas, e por fim; iii) an\u00e1lise isot\u00f3pica, que demonstra a proveni\u00eancia de um tipo de \u00e1gua e sua idade.<\/p>\n\n\n\n<p>Essas t\u00e9cnicas possibilitaram o entendimento da intera\u00e7\u00e3o <em>\u00e1gua de igarap\u00e9s e aqu\u00edfero<\/em> e demonstraram que, de fato, essas \u00e1guas est\u00e3o interagindo na regi\u00e3o do igarap\u00e9 do Quarenta, principalmente, pr\u00f3ximo \u00e0 foz deste corpo de \u00e1gua com o rio Negro. A An\u00e1lise da Componente Principal marcou pontos do igarap\u00e9 do Quarenta em que existe qu\u00edmica similar das \u00e1guas superficiais com as \u00e1guas subterr\u00e2neas; as raz\u00f5es i\u00f4nicas, por sua vez, apontaram para a semelhan\u00e7a geoqu\u00edmica entre po\u00e7os e igarap\u00e9. <\/p>\n\n\n\n<p>Entretanto, uma d\u00favida restava: seria o igarap\u00e9 do Quarenta que flui para o aqu\u00edfero ou o aqu\u00edfero que flui para as \u00e1guas contaminadas do igarap\u00e9 do Quarenta, promovendo uma certa dilui\u00e7\u00e3o de componentes na qu\u00edmica desse corpo de \u00e1gua? O estudo isot\u00f3pico, a partir de is\u00f3topos est\u00e1veis de oxig\u00eanio, demonstrou que h\u00e1 sim, um fluxo, no sentido <em>aqu\u00edfero \u2013 \u00e1guas do igarap\u00e9 do Quarenta<\/em>. Em verdade, os dados ainda s\u00e3o muito incipientes, mas confirmam que existe uma intera\u00e7\u00e3o entre as \u00e1guas superficiais e o aqu\u00edfero em Manaus.<\/p>\n\n\n\n<p>Entender a din\u00e2mica dessas \u00e1guas pode possibilitar em pol\u00edticas de gerenciamento dos recursos h\u00eddricos em Manaus, al\u00e9m de fomentar o conhecimento acerca do maior aqu\u00edfero de \u00e1gua doce do planeta \u2013 o aqu\u00edfero Alter do Ch\u00e3o, tamb\u00e9m chamado pela UNESCO de Sistema Aqu\u00edfero Grande Amaz\u00f4nia &#8211; SAGA. O que se sabe sobre esse vasto sistema h\u00eddrico ainda \u00e9 uma pequena ponta de Iceberg, no meio da maior floresta tropical do planeta.<\/p>\n\n\n\n<h2 class=\"wp-block-heading\">Convite especial para voc\u00ea<\/h2>\n\n\n\n<p>Caso queira nossa contribui\u00e7\u00e3o entre em contato:&nbsp;<a href=\"mailto:gsantana2005@gmail.com\">gsantana2005@gmail.com<\/a>&nbsp;veja o nosso&nbsp;<a href=\"https:\/\/www.instagram.com\/genilsonpereirasantana1\/\" rel=\"nofollow noopener\" target=\"_blank\">Instagram<\/a><\/p>\n\n\n\n<p>J\u00e1 que voc\u00ea chegou at\u00e9 aqui descubra mais sobre os res\u00edduos s\u00f3lidos nos artigos:<\/p>\n\n\n\n<ul class=\"wp-block-list\">\n<li><a href=\"https:\/\/gsantana2005.net\/index.php\/2023\/06\/19\/microplasticos-a-ameaca-invisivel-ao-meio-ambiente-e-a-saude\/\" target=\"_blank\" rel=\"noreferrer noopener\">Micropl\u00e1sticos: A Amea\u00e7a Invis\u00edvel ao Meio Ambiente e \u00e0 Sa\u00fade<\/a><\/li>\n\n\n\n<li><a href=\"https:\/\/gsantana2005.net\/index.php\/2023\/06\/17\/tijolos-de-plasticos-que-vem-dos-igarapes\/\" target=\"_blank\" rel=\"noreferrer noopener\">Tijolos de pl\u00e1sticos que vem dos igarap\u00e9s<\/a><\/li>\n\n\n\n<li><a href=\"https:\/\/gsantana2005.net\/index.php\/2023\/06\/24\/a-poluicao-plastica-quadruplicou-nos-ultimos-anos\/\" target=\"_blank\" rel=\"noreferrer noopener\">A polui\u00e7\u00e3o pl\u00e1stica quadruplicou nos \u00faltimos anos<\/a><\/li>\n<\/ul>\n\n\n\n<p>Conhe\u00e7a tamb\u00e9m nossos cursos sobre&nbsp;<a href=\"https:\/\/gsantana2005.net\/index.php\/2023\/07\/21\/gestao-de-residuos\/\">Gest\u00e3o de res\u00edduos<\/a>&nbsp;e&nbsp;<a href=\"https:\/\/gsantana2005.net\/index.php\/2023\/08\/08\/tratamento-de-efluentes\/\">Tratamento de efluentes<\/a>. Maiores informa\u00e7\u00f5es:&nbsp;<a href=\"mailto:gsantana2005@gmail.com\">gsantana2005@gmail.com<\/a>&nbsp;ou 92 991227158 (WhatsApp)<\/p>\n","protected":false},"excerpt":{"rendered":"<p>Intera\u00e7\u00f5es entre \u00e1gua subterr\u00e2nea e \u00e1gua superficial nas \u00e1guas de Manaus: Afinal, as \u00e1guas do igarap\u00e9 do Quarenta infiltram para o aqu\u00edfero Alter do Ch\u00e3o? Dr Anderson Lages Sabe-se que a cidade de Manaus tem centenas de igarap\u00e9s espalhados por toda a cidade. Isso se deve \u00e0 proximidade do aqu\u00edfero em rela\u00e7\u00e3o \u00e0 superf\u00edcie da [&hellip;]<\/p>\n","protected":false},"author":1,"featured_media":698,"comment_status":"open","ping_status":"closed","sticky":false,"template":"","format":"standard","meta":{"om_disable_all_campaigns":false,"_monsterinsights_skip_tracking":false,"_monsterinsights_sitenote_active":false,"_monsterinsights_sitenote_note":"","_monsterinsights_sitenote_category":0,"footnotes":"","_links_to":"","_links_to_target":""},"categories":[104,275],"tags":[723,726,725,724,319,722,727,728],"class_list":["post-697","post","type-post","status-publish","format-standard","has-post-thumbnail","hentry","category-dr-anderson-lages","category-conservacao-ambiental","tag-agua-subterranea","tag-avaliacao-hidrica","tag-contaminacao-aguas","tag-igarapes-manaus","tag-impacto-ambiental","tag-manaus-hidrografia","tag-recursos-hidricos","tag-sistema-aquifero"],"aioseo_notices":[],"yoast_head":"<!-- This site is optimized with the Yoast SEO plugin v24.5 - https:\/\/yoast.com\/wordpress\/plugins\/seo\/ -->\n<title>Intera\u00e7\u00f5es entre \u00e1gua subterr\u00e2nea e \u00e1gua superficial de Manaus - gsantana2005<\/title>\n<meta name=\"description\" content=\"Intera\u00e7\u00f5es entre \u00e1gua subterr\u00e2nea e \u00e1gua superficial de Manaus \u00e9 um artigo mostra para voc\u00ea uma preocupa\u00e7\u00e3o sobre a polui\u00e7\u00e3o aqu\u00e1tica\" \/>\n<meta name=\"robots\" content=\"index, follow, max-snippet:-1, max-image-preview:large, max-video-preview:-1\" \/>\n<link rel=\"canonical\" href=\"https:\/\/gsantana2005.net\/index.php\/2023\/08\/16\/interacoes-entre-agua-subterranea-e-agua-superficial-de-manaus\/\" \/>\n<meta property=\"og:locale\" content=\"pt_BR\" \/>\n<meta property=\"og:type\" content=\"article\" \/>\n<meta property=\"og:title\" content=\"Intera\u00e7\u00f5es entre \u00e1gua subterr\u00e2nea e \u00e1gua superficial de Manaus - gsantana2005\" \/>\n<meta property=\"og:description\" content=\"Intera\u00e7\u00f5es entre \u00e1gua subterr\u00e2nea e \u00e1gua superficial de Manaus \u00e9 um artigo mostra para voc\u00ea uma preocupa\u00e7\u00e3o sobre a polui\u00e7\u00e3o aqu\u00e1tica\" \/>\n<meta property=\"og:url\" content=\"https:\/\/gsantana2005.net\/index.php\/2023\/08\/16\/interacoes-entre-agua-subterranea-e-agua-superficial-de-manaus\/\" \/>\n<meta property=\"og:site_name\" content=\"gsantana2005\" \/>\n<meta property=\"article:published_time\" content=\"2023-08-16T02:54:07+00:00\" \/>\n<meta property=\"article:modified_time\" content=\"2024-02-04T23:36:56+00:00\" \/>\n<meta property=\"og:image\" content=\"http:\/\/gsantana2005.net\/wp-content\/uploads\/2023\/08\/mindu_poluicao.jpeg\" \/>\n\t<meta property=\"og:image:width\" content=\"1280\" \/>\n\t<meta property=\"og:image:height\" content=\"720\" \/>\n\t<meta property=\"og:image:type\" content=\"image\/jpeg\" \/>\n<meta name=\"author\" content=\"gsantana2005\" \/>\n<meta name=\"twitter:card\" content=\"summary_large_image\" \/>\n<meta name=\"twitter:label1\" content=\"Escrito por\" \/>\n\t<meta name=\"twitter:data1\" content=\"gsantana2005\" \/>\n\t<meta name=\"twitter:label2\" content=\"Est. tempo de leitura\" \/>\n\t<meta name=\"twitter:data2\" content=\"4 minutos\" \/>\n<script type=\"application\/ld+json\" class=\"yoast-schema-graph\">{\"@context\":\"https:\/\/schema.org\",\"@graph\":[{\"@type\":\"Article\",\"@id\":\"https:\/\/gsantana2005.net\/index.php\/2023\/08\/16\/interacoes-entre-agua-subterranea-e-agua-superficial-de-manaus\/#article\",\"isPartOf\":{\"@id\":\"https:\/\/gsantana2005.net\/index.php\/2023\/08\/16\/interacoes-entre-agua-subterranea-e-agua-superficial-de-manaus\/\"},\"author\":{\"name\":\"gsantana2005\",\"@id\":\"https:\/\/gsantana2005.net\/#\/schema\/person\/78c90c6f49a46ef4c8e69bafec347cb7\"},\"headline\":\"Intera\u00e7\u00f5es entre \u00e1gua subterr\u00e2nea e \u00e1gua superficial de Manaus\",\"datePublished\":\"2023-08-16T02:54:07+00:00\",\"dateModified\":\"2024-02-04T23:36:56+00:00\",\"mainEntityOfPage\":{\"@id\":\"https:\/\/gsantana2005.net\/index.php\/2023\/08\/16\/interacoes-entre-agua-subterranea-e-agua-superficial-de-manaus\/\"},\"wordCount\":774,\"commentCount\":0,\"publisher\":{\"@id\":\"https:\/\/gsantana2005.net\/#organization\"},\"image\":{\"@id\":\"https:\/\/gsantana2005.net\/index.php\/2023\/08\/16\/interacoes-entre-agua-subterranea-e-agua-superficial-de-manaus\/#primaryimage\"},\"thumbnailUrl\":\"https:\/\/gsantana2005.net\/wp-content\/uploads\/2023\/08\/mindu_poluicao.jpeg\",\"keywords\":[\"\u00c1gua Subterr\u00e2nea\",\"Avalia\u00e7\u00e3o H\u00eddrica\",\"Contamina\u00e7\u00e3o \u00c1guas\",\"Igarap\u00e9s Manaus\",\"Impacto Ambiental\",\"Manaus Hidrografia\",\"Recursos H\u00eddricos\",\"Sistema Aqu\u00edfero\"],\"articleSection\":[\"Dr Anderson Lages\",\"Conserva\u00e7\u00e3o Ambiental\"],\"inLanguage\":\"pt-BR\",\"potentialAction\":[{\"@type\":\"CommentAction\",\"name\":\"Comment\",\"target\":[\"https:\/\/gsantana2005.net\/index.php\/2023\/08\/16\/interacoes-entre-agua-subterranea-e-agua-superficial-de-manaus\/#respond\"]}]},{\"@type\":\"WebPage\",\"@id\":\"https:\/\/gsantana2005.net\/index.php\/2023\/08\/16\/interacoes-entre-agua-subterranea-e-agua-superficial-de-manaus\/\",\"url\":\"https:\/\/gsantana2005.net\/index.php\/2023\/08\/16\/interacoes-entre-agua-subterranea-e-agua-superficial-de-manaus\/\",\"name\":\"Intera\u00e7\u00f5es entre \u00e1gua subterr\u00e2nea e \u00e1gua superficial de Manaus - gsantana2005\",\"isPartOf\":{\"@id\":\"https:\/\/gsantana2005.net\/#website\"},\"primaryImageOfPage\":{\"@id\":\"https:\/\/gsantana2005.net\/index.php\/2023\/08\/16\/interacoes-entre-agua-subterranea-e-agua-superficial-de-manaus\/#primaryimage\"},\"image\":{\"@id\":\"https:\/\/gsantana2005.net\/index.php\/2023\/08\/16\/interacoes-entre-agua-subterranea-e-agua-superficial-de-manaus\/#primaryimage\"},\"thumbnailUrl\":\"https:\/\/gsantana2005.net\/wp-content\/uploads\/2023\/08\/mindu_poluicao.jpeg\",\"datePublished\":\"2023-08-16T02:54:07+00:00\",\"dateModified\":\"2024-02-04T23:36:56+00:00\",\"description\":\"Intera\u00e7\u00f5es entre \u00e1gua subterr\u00e2nea e \u00e1gua superficial de Manaus \u00e9 um artigo mostra para voc\u00ea uma preocupa\u00e7\u00e3o sobre a polui\u00e7\u00e3o aqu\u00e1tica\",\"breadcrumb\":{\"@id\":\"https:\/\/gsantana2005.net\/index.php\/2023\/08\/16\/interacoes-entre-agua-subterranea-e-agua-superficial-de-manaus\/#breadcrumb\"},\"inLanguage\":\"pt-BR\",\"potentialAction\":[{\"@type\":\"ReadAction\",\"target\":[\"https:\/\/gsantana2005.net\/index.php\/2023\/08\/16\/interacoes-entre-agua-subterranea-e-agua-superficial-de-manaus\/\"]}]},{\"@type\":\"ImageObject\",\"inLanguage\":\"pt-BR\",\"@id\":\"https:\/\/gsantana2005.net\/index.php\/2023\/08\/16\/interacoes-entre-agua-subterranea-e-agua-superficial-de-manaus\/#primaryimage\",\"url\":\"https:\/\/gsantana2005.net\/wp-content\/uploads\/2023\/08\/mindu_poluicao.jpeg\",\"contentUrl\":\"https:\/\/gsantana2005.net\/wp-content\/uploads\/2023\/08\/mindu_poluicao.jpeg\",\"width\":1280,\"height\":720,\"caption\":\"Polui\u00e7\u00e3o Mindu\"},{\"@type\":\"BreadcrumbList\",\"@id\":\"https:\/\/gsantana2005.net\/index.php\/2023\/08\/16\/interacoes-entre-agua-subterranea-e-agua-superficial-de-manaus\/#breadcrumb\",\"itemListElement\":[{\"@type\":\"ListItem\",\"position\":1,\"name\":\"Home\",\"item\":\"https:\/\/gsantana2005.net\/\"},{\"@type\":\"ListItem\",\"position\":2,\"name\":\"Intera\u00e7\u00f5es entre \u00e1gua subterr\u00e2nea e \u00e1gua superficial de Manaus\"}]},{\"@type\":\"WebSite\",\"@id\":\"https:\/\/gsantana2005.net\/#website\",\"url\":\"https:\/\/gsantana2005.net\/\",\"name\":\"gsantana2005\",\"description\":\"Sejamos sustent\u00e1veis\",\"publisher\":{\"@id\":\"https:\/\/gsantana2005.net\/#organization\"},\"potentialAction\":[{\"@type\":\"SearchAction\",\"target\":{\"@type\":\"EntryPoint\",\"urlTemplate\":\"https:\/\/gsantana2005.net\/?s={search_term_string}\"},\"query-input\":{\"@type\":\"PropertyValueSpecification\",\"valueRequired\":true,\"valueName\":\"search_term_string\"}}],\"inLanguage\":\"pt-BR\"},{\"@type\":\"Organization\",\"@id\":\"https:\/\/gsantana2005.net\/#organization\",\"name\":\"gsantana2005\",\"url\":\"https:\/\/gsantana2005.net\/\",\"logo\":{\"@type\":\"ImageObject\",\"inLanguage\":\"pt-BR\",\"@id\":\"https:\/\/gsantana2005.net\/#\/schema\/logo\/image\/\",\"url\":\"https:\/\/gsantana2005.net\/wp-content\/uploads\/2023\/06\/cropped-Gs-sem-fundo.jpg\",\"contentUrl\":\"https:\/\/gsantana2005.net\/wp-content\/uploads\/2023\/06\/cropped-Gs-sem-fundo.jpg\",\"width\":100,\"height\":100,\"caption\":\"gsantana2005\"},\"image\":{\"@id\":\"https:\/\/gsantana2005.net\/#\/schema\/logo\/image\/\"}},{\"@type\":\"Person\",\"@id\":\"https:\/\/gsantana2005.net\/#\/schema\/person\/78c90c6f49a46ef4c8e69bafec347cb7\",\"name\":\"gsantana2005\",\"image\":{\"@type\":\"ImageObject\",\"inLanguage\":\"pt-BR\",\"@id\":\"https:\/\/gsantana2005.net\/#\/schema\/person\/image\/\",\"url\":\"https:\/\/secure.gravatar.com\/avatar\/db3aa311fa8063e1f4df6b2da249929f?s=96&d=mm&r=g\",\"contentUrl\":\"https:\/\/secure.gravatar.com\/avatar\/db3aa311fa8063e1f4df6b2da249929f?s=96&d=mm&r=g\",\"caption\":\"gsantana2005\"},\"sameAs\":[\"http:\/\/gsantana2005.net\"],\"url\":\"https:\/\/gsantana2005.net\/author\/gsantana2005\/\"}]}<\/script>\n<!-- \/ Yoast SEO plugin. -->","yoast_head_json":{"title":"Intera\u00e7\u00f5es entre \u00e1gua subterr\u00e2nea e \u00e1gua superficial de Manaus - gsantana2005","description":"Intera\u00e7\u00f5es entre \u00e1gua subterr\u00e2nea e \u00e1gua superficial de Manaus \u00e9 um artigo mostra para voc\u00ea uma preocupa\u00e7\u00e3o sobre a polui\u00e7\u00e3o aqu\u00e1tica","robots":{"index":"index","follow":"follow","max-snippet":"max-snippet:-1","max-image-preview":"max-image-preview:large","max-video-preview":"max-video-preview:-1"},"canonical":"https:\/\/gsantana2005.net\/index.php\/2023\/08\/16\/interacoes-entre-agua-subterranea-e-agua-superficial-de-manaus\/","og_locale":"pt_BR","og_type":"article","og_title":"Intera\u00e7\u00f5es entre \u00e1gua subterr\u00e2nea e \u00e1gua superficial de Manaus - gsantana2005","og_description":"Intera\u00e7\u00f5es entre \u00e1gua subterr\u00e2nea e \u00e1gua superficial de Manaus \u00e9 um artigo mostra para voc\u00ea uma preocupa\u00e7\u00e3o sobre a polui\u00e7\u00e3o aqu\u00e1tica","og_url":"https:\/\/gsantana2005.net\/index.php\/2023\/08\/16\/interacoes-entre-agua-subterranea-e-agua-superficial-de-manaus\/","og_site_name":"gsantana2005","article_published_time":"2023-08-16T02:54:07+00:00","article_modified_time":"2024-02-04T23:36:56+00:00","og_image":[{"width":1280,"height":720,"url":"http:\/\/gsantana2005.net\/wp-content\/uploads\/2023\/08\/mindu_poluicao.jpeg","type":"image\/jpeg"}],"author":"gsantana2005","twitter_card":"summary_large_image","twitter_misc":{"Escrito por":"gsantana2005","Est. tempo de leitura":"4 minutos"},"schema":{"@context":"https:\/\/schema.org","@graph":[{"@type":"Article","@id":"https:\/\/gsantana2005.net\/index.php\/2023\/08\/16\/interacoes-entre-agua-subterranea-e-agua-superficial-de-manaus\/#article","isPartOf":{"@id":"https:\/\/gsantana2005.net\/index.php\/2023\/08\/16\/interacoes-entre-agua-subterranea-e-agua-superficial-de-manaus\/"},"author":{"name":"gsantana2005","@id":"https:\/\/gsantana2005.net\/#\/schema\/person\/78c90c6f49a46ef4c8e69bafec347cb7"},"headline":"Intera\u00e7\u00f5es entre \u00e1gua subterr\u00e2nea e \u00e1gua superficial de Manaus","datePublished":"2023-08-16T02:54:07+00:00","dateModified":"2024-02-04T23:36:56+00:00","mainEntityOfPage":{"@id":"https:\/\/gsantana2005.net\/index.php\/2023\/08\/16\/interacoes-entre-agua-subterranea-e-agua-superficial-de-manaus\/"},"wordCount":774,"commentCount":0,"publisher":{"@id":"https:\/\/gsantana2005.net\/#organization"},"image":{"@id":"https:\/\/gsantana2005.net\/index.php\/2023\/08\/16\/interacoes-entre-agua-subterranea-e-agua-superficial-de-manaus\/#primaryimage"},"thumbnailUrl":"https:\/\/gsantana2005.net\/wp-content\/uploads\/2023\/08\/mindu_poluicao.jpeg","keywords":["\u00c1gua Subterr\u00e2nea","Avalia\u00e7\u00e3o H\u00eddrica","Contamina\u00e7\u00e3o \u00c1guas","Igarap\u00e9s Manaus","Impacto Ambiental","Manaus Hidrografia","Recursos H\u00eddricos","Sistema Aqu\u00edfero"],"articleSection":["Dr Anderson Lages","Conserva\u00e7\u00e3o Ambiental"],"inLanguage":"pt-BR","potentialAction":[{"@type":"CommentAction","name":"Comment","target":["https:\/\/gsantana2005.net\/index.php\/2023\/08\/16\/interacoes-entre-agua-subterranea-e-agua-superficial-de-manaus\/#respond"]}]},{"@type":"WebPage","@id":"https:\/\/gsantana2005.net\/index.php\/2023\/08\/16\/interacoes-entre-agua-subterranea-e-agua-superficial-de-manaus\/","url":"https:\/\/gsantana2005.net\/index.php\/2023\/08\/16\/interacoes-entre-agua-subterranea-e-agua-superficial-de-manaus\/","name":"Intera\u00e7\u00f5es entre \u00e1gua subterr\u00e2nea e \u00e1gua superficial de Manaus - gsantana2005","isPartOf":{"@id":"https:\/\/gsantana2005.net\/#website"},"primaryImageOfPage":{"@id":"https:\/\/gsantana2005.net\/index.php\/2023\/08\/16\/interacoes-entre-agua-subterranea-e-agua-superficial-de-manaus\/#primaryimage"},"image":{"@id":"https:\/\/gsantana2005.net\/index.php\/2023\/08\/16\/interacoes-entre-agua-subterranea-e-agua-superficial-de-manaus\/#primaryimage"},"thumbnailUrl":"https:\/\/gsantana2005.net\/wp-content\/uploads\/2023\/08\/mindu_poluicao.jpeg","datePublished":"2023-08-16T02:54:07+00:00","dateModified":"2024-02-04T23:36:56+00:00","description":"Intera\u00e7\u00f5es entre \u00e1gua subterr\u00e2nea e \u00e1gua superficial de Manaus \u00e9 um artigo mostra para voc\u00ea uma preocupa\u00e7\u00e3o sobre a polui\u00e7\u00e3o aqu\u00e1tica","breadcrumb":{"@id":"https:\/\/gsantana2005.net\/index.php\/2023\/08\/16\/interacoes-entre-agua-subterranea-e-agua-superficial-de-manaus\/#breadcrumb"},"inLanguage":"pt-BR","potentialAction":[{"@type":"ReadAction","target":["https:\/\/gsantana2005.net\/index.php\/2023\/08\/16\/interacoes-entre-agua-subterranea-e-agua-superficial-de-manaus\/"]}]},{"@type":"ImageObject","inLanguage":"pt-BR","@id":"https:\/\/gsantana2005.net\/index.php\/2023\/08\/16\/interacoes-entre-agua-subterranea-e-agua-superficial-de-manaus\/#primaryimage","url":"https:\/\/gsantana2005.net\/wp-content\/uploads\/2023\/08\/mindu_poluicao.jpeg","contentUrl":"https:\/\/gsantana2005.net\/wp-content\/uploads\/2023\/08\/mindu_poluicao.jpeg","width":1280,"height":720,"caption":"Polui\u00e7\u00e3o Mindu"},{"@type":"BreadcrumbList","@id":"https:\/\/gsantana2005.net\/index.php\/2023\/08\/16\/interacoes-entre-agua-subterranea-e-agua-superficial-de-manaus\/#breadcrumb","itemListElement":[{"@type":"ListItem","position":1,"name":"Home","item":"https:\/\/gsantana2005.net\/"},{"@type":"ListItem","position":2,"name":"Intera\u00e7\u00f5es entre \u00e1gua subterr\u00e2nea e \u00e1gua superficial de Manaus"}]},{"@type":"WebSite","@id":"https:\/\/gsantana2005.net\/#website","url":"https:\/\/gsantana2005.net\/","name":"gsantana2005","description":"Sejamos sustent\u00e1veis","publisher":{"@id":"https:\/\/gsantana2005.net\/#organization"},"potentialAction":[{"@type":"SearchAction","target":{"@type":"EntryPoint","urlTemplate":"https:\/\/gsantana2005.net\/?s={search_term_string}"},"query-input":{"@type":"PropertyValueSpecification","valueRequired":true,"valueName":"search_term_string"}}],"inLanguage":"pt-BR"},{"@type":"Organization","@id":"https:\/\/gsantana2005.net\/#organization","name":"gsantana2005","url":"https:\/\/gsantana2005.net\/","logo":{"@type":"ImageObject","inLanguage":"pt-BR","@id":"https:\/\/gsantana2005.net\/#\/schema\/logo\/image\/","url":"https:\/\/gsantana2005.net\/wp-content\/uploads\/2023\/06\/cropped-Gs-sem-fundo.jpg","contentUrl":"https:\/\/gsantana2005.net\/wp-content\/uploads\/2023\/06\/cropped-Gs-sem-fundo.jpg","width":100,"height":100,"caption":"gsantana2005"},"image":{"@id":"https:\/\/gsantana2005.net\/#\/schema\/logo\/image\/"}},{"@type":"Person","@id":"https:\/\/gsantana2005.net\/#\/schema\/person\/78c90c6f49a46ef4c8e69bafec347cb7","name":"gsantana2005","image":{"@type":"ImageObject","inLanguage":"pt-BR","@id":"https:\/\/gsantana2005.net\/#\/schema\/person\/image\/","url":"https:\/\/secure.gravatar.com\/avatar\/db3aa311fa8063e1f4df6b2da249929f?s=96&d=mm&r=g","contentUrl":"https:\/\/secure.gravatar.com\/avatar\/db3aa311fa8063e1f4df6b2da249929f?s=96&d=mm&r=g","caption":"gsantana2005"},"sameAs":["http:\/\/gsantana2005.net"],"url":"https:\/\/gsantana2005.net\/author\/gsantana2005\/"}]}},"amp_enabled":true,"_links":{"self":[{"href":"https:\/\/gsantana2005.net\/index.php\/wp-json\/wp\/v2\/posts\/697"}],"collection":[{"href":"https:\/\/gsantana2005.net\/index.php\/wp-json\/wp\/v2\/posts"}],"about":[{"href":"https:\/\/gsantana2005.net\/index.php\/wp-json\/wp\/v2\/types\/post"}],"author":[{"embeddable":true,"href":"https:\/\/gsantana2005.net\/index.php\/wp-json\/wp\/v2\/users\/1"}],"replies":[{"embeddable":true,"href":"https:\/\/gsantana2005.net\/index.php\/wp-json\/wp\/v2\/comments?post=697"}],"version-history":[{"count":1,"href":"https:\/\/gsantana2005.net\/index.php\/wp-json\/wp\/v2\/posts\/697\/revisions"}],"predecessor-version":[{"id":699,"href":"https:\/\/gsantana2005.net\/index.php\/wp-json\/wp\/v2\/posts\/697\/revisions\/699"}],"wp:featuredmedia":[{"embeddable":true,"href":"https:\/\/gsantana2005.net\/index.php\/wp-json\/wp\/v2\/media\/698"}],"wp:attachment":[{"href":"https:\/\/gsantana2005.net\/index.php\/wp-json\/wp\/v2\/media?parent=697"}],"wp:term":[{"taxonomy":"category","embeddable":true,"href":"https:\/\/gsantana2005.net\/index.php\/wp-json\/wp\/v2\/categories?post=697"},{"taxonomy":"post_tag","embeddable":true,"href":"https:\/\/gsantana2005.net\/index.php\/wp-json\/wp\/v2\/tags?post=697"}],"curies":[{"name":"wp","href":"https:\/\/api.w.org\/{rel}","templated":true}]}}