{"id":714,"date":"2023-08-19T20:06:25","date_gmt":"2023-08-19T20:06:25","guid":{"rendered":"https:\/\/gsantana2005.net\/?p=714"},"modified":"2024-02-04T23:32:23","modified_gmt":"2024-02-04T23:32:23","slug":"porque-a-bicicleta-e-a-aliada-da-sustentabilidade","status":"publish","type":"post","link":"https:\/\/gsantana2005.net\/index.php\/2023\/08\/19\/porque-a-bicicleta-e-a-aliada-da-sustentabilidade\/","title":{"rendered":"Porque a bicicleta \u00e9 a aliada da sustentabilidade"},"content":{"rendered":"\n<p>Hoje o mundo que vivemos est\u00e1 amea\u00e7ado por causa do aquecimento global. Ent\u00e3o, os combust\u00edveis f\u00f3sseis s\u00e3o os grandes culpados pelo aumento da aquantidade de di\u00f3xido de carbono na atmosfera. Por outro lado, os autom\u00f3veis al\u00e9m de serem os grandes vil\u00f5es do aquecimento global reduziram a mobilidade urbana nas grandes cidades. Nesse sentido, a bicicleta oferece diversas vantagens, tanto para os indiv\u00edduos quanto para a sociedade como um todo. <\/p>\n\n\n\n<h2 class=\"wp-block-heading\">A bicicleta a aliada da sustentabilidade<\/h2>\n\n\n\n<p>Em princ\u00edpio, andar de bicicleta \u00e9 uma forma eficaz de exerc\u00edcio f\u00edsico. Ela melhora a sa\u00fade cardiovascular, ajuda a controlar o peso, fortalece os m\u00fasculos e articula\u00e7\u00f5es, e contribui para a sa\u00fade mental, reduzindo o estresse e melhorando o bem-estar geral.<\/p>\n\n\n\n<p>Al\u00e9m disso, ela \u00e9 uma forma de transporte muito mais ambientalmente amig\u00e1vel em compara\u00e7\u00e3o com ve\u00edculos motorizados. Ela n\u00e3o emite poluentes atmosf\u00e9ricos nem contribui significativamente para o congestionamento de tr\u00e1fego. Por conseguinte, andar de bicicleta \u00e9 muito mais econ\u00f4mico do que utilizar um ve\u00edculo motorizado. Os custos de manuten\u00e7\u00e3o s\u00e3o baixos, n\u00e3o h\u00e1 necessidade de gasolina ou outros combust\u00edveis, e voc\u00ea economiza em despesas relacionadas a estacionamento e seguro.<\/p>\n\n\n\n<p>A princ\u00edpio, a bicicleta \u00e9 uma solu\u00e7\u00e3o eficaz para congestionamentos de tr\u00e1fego em \u00e1reas urbanas. Ela permite que as pessoas se movimentem facilmente em espa\u00e7os congestionados e estreitos, economizando tempo de viagem. Al\u00e9m disso, ela \u00e9 uma forma de transporte acess\u00edvel para muitas pessoas. Ela n\u00e3o exige carteira de motorista nem custos significativos para adquirir uma. Pode ser uma \u00f3tima op\u00e7\u00e3o para pessoas de diferentes faixas et\u00e1rias e condi\u00e7\u00f5es f\u00edsicas.<\/p>\n\n\n\n<p>Ent\u00e3o, as bicicletas ocupam consideravelmente menos espa\u00e7o nas ruas e no estacionamento em compara\u00e7\u00e3o com carros. Isso contribui para a otimiza\u00e7\u00e3o do uso do espa\u00e7o urbano. Ao utilizar a bicicleta como meio de transporte, voc\u00ea contribui para o clima da seguinte forma:<\/p>\n\n\n\n<ul class=\"wp-block-list\">\n<li>Redu\u00e7\u00e3o da emiss\u00e3o de gases de efeito estufa e outros poluentes<\/li>\n\n\n\n<li>Combater as mudan\u00e7as clim\u00e1ticas<\/li>\n\n\n\n<li>Melhorar a qualidade do ar.<\/li>\n<\/ul>\n\n\n\n<h2 class=\"wp-block-heading\">9 formas que a bicicleta ajuda sustentabilidade<\/h2>\n\n\n\n<p>A bicicleta contribui para a redu\u00e7\u00e3o do aquecimento global de v\u00e1rias maneiras, principalmente por ser um meio de transporte sustent\u00e1vel e livre de emiss\u00f5es. Dessa forma, colocamos aqui para voc\u00ea 9 formas que a bicicleta pode ajudar a combater as mudan\u00e7as clim\u00e1ticas e reduzir o aquecimento global.<\/p>\n\n\n\n<h3 class=\"wp-block-heading\">1<strong>. <\/strong>Emiss\u00f5es de Gases de Efeito Estufa<\/h3>\n\n\n\n<p>Diferentemente dos ve\u00edculos motorizados que queimam combust\u00edveis f\u00f3sseis e emitem gases de efeito estufa (como di\u00f3xido de carbono, \u00f3xido de nitrog\u00eanio e part\u00edculas finas), as bicicletas n\u00e3o emitem poluentes atmosf\u00e9ricos durante o uso. Dessa forma, ela reduz a quantidade de gases que contribuem para o aquecimento global.<\/p>\n\n\n\n<h3 class=\"wp-block-heading\">2. Redu\u00e7\u00e3o do Consumo de Combust\u00edveis F\u00f3sseis<\/h3>\n\n\n\n<p> A bicicleta n\u00e3o requer combust\u00edveis f\u00f3sseis para funcionar, o que significa que n\u00e3o h\u00e1 extra\u00e7\u00e3o, transporte ou queima desses recursos naturais, Assim, ela n\u00e3o tem todos esses fatores associados \u00e0 libera\u00e7\u00e3o de carbono e outros poluentes.<\/p>\n\n\n\n<h3 class=\"wp-block-heading\">3. Menor Pegada de Carbono<\/h3>\n\n\n\n<p>A fabrica\u00e7\u00e3o de uma bicicleta e sua manuten\u00e7\u00e3o ao longo do tempo geram muito menos emiss\u00f5es de carbono em compara\u00e7\u00e3o com a fabrica\u00e7\u00e3o e manuten\u00e7\u00e3o de um carro. Ent\u00e3o, isso resulta em uma pegada de carbono significativamente menor para os usu\u00e1rios de bicicleta.<\/p>\n\n\n\n<h3 class=\"wp-block-heading\">4. Uso Eficiente de Recursos<\/h3>\n\n\n\n<p>A princ\u00edpio, a produ\u00e7\u00e3o de uma bicicleta consome menos recursos naturais do que a fabrica\u00e7\u00e3o de um carro. Menos materiais, energia e \u00e1gua s\u00e3o necess\u00e1rios para produzir e manter uma bicicleta, tornando-a uma op\u00e7\u00e3o mais sustent\u00e1vel.<\/p>\n\n\n\n<h3 class=\"wp-block-heading\">5. Desencorajamento do Uso de Carros<\/h3>\n\n\n\n<p>Ao optar por usar a bicicleta como meio de transporte, as pessoas contribuem para a redu\u00e7\u00e3o da demanda por carros e, consequentemente, por combust\u00edveis f\u00f3sseis. Ent\u00e3o, isso pode influenciar a ind\u00fastria automobil\u00edstica a buscar solu\u00e7\u00f5es mais sustent\u00e1veis.<\/p>\n\n\n\n<h3 class=\"wp-block-heading\">6. Melhoria da Qualidade do Ar<\/h3>\n\n\n\n<p>A redu\u00e7\u00e3o das emiss\u00f5es dos ve\u00edculos motorizados leva a uma melhoria da qualidade do ar nas \u00e1reas urbanas. Isso n\u00e3o apenas beneficia a sa\u00fade dos moradores, mas tamb\u00e9m ajuda a mitigar os impactos das mudan\u00e7as clim\u00e1ticas.<\/p>\n\n\n\n<h3 class=\"wp-block-heading\">7. Promo\u00e7\u00e3o de Estilos de Vida Sustent\u00e1veis<\/h3>\n\n\n\n<p>Ao incorporar a bicicleta em suas rotinas di\u00e1rias, as pessoas podem adotar um estilo de vida mais sustent\u00e1vel, fazendo escolhas que reduzem o impacto ambiental e contribuem para a luta contra o aquecimento global.<\/p>\n\n\n\n<h3 class=\"wp-block-heading\">8. Modelo para Mudan\u00e7as Sociais<\/h3>\n\n\n\n<p> O aumento do uso da bicicleta pode incentivar outras formas de transporte sustent\u00e1vel e levar a mudan\u00e7as positivas na infraestrutura urbana, como a cria\u00e7\u00e3o de mais ciclovias e faixas exclusivas para bicicletas.<\/p>\n\n\n\n<h3 class=\"wp-block-heading\">9. Maior Consci\u00eancia Ambiental<\/h3>\n\n\n\n<p>Ao escolher a bicicleta como meio de transporte, as pessoas demonstram um compromisso com o meio ambiente, o que pode levar a uma maior conscientiza\u00e7\u00e3o sobre a import\u00e2ncia da sustentabilidade e da redu\u00e7\u00e3o das emiss\u00f5es de carbono.<\/p>\n\n\n\n<p>No geral, a bicicleta desempenha um papel importante na transi\u00e7\u00e3o para um sistema de transporte mais sustent\u00e1vel e na redu\u00e7\u00e3o das emiss\u00f5es de gases de efeito estufa, contribuindo assim para a luta global contra o aquecimento global e as mudan\u00e7as clim\u00e1ticas.<\/p>\n\n\n\n<h2 class=\"wp-block-heading\">Convite especial para voc\u00ea<\/h2>\n\n\n\n<p>Caso queira nossa contribui\u00e7\u00e3o entre em contato:&nbsp;<a href=\"mailto:gsantana2005@gmail.com\">gsantana2005@gmail.com<\/a>&nbsp;veja o nosso&nbsp;<a href=\"https:\/\/www.instagram.com\/genilsonpereirasantana1\/\" rel=\"nofollow noopener\" target=\"_blank\">Instagram<\/a><\/p>\n\n\n\n<p>J\u00e1 que voc\u00ea chegou at\u00e9 aqui descubra mais sobre os res\u00edduos s\u00f3lidos nos artigos:<\/p>\n\n\n\n<ul class=\"wp-block-list\">\n<li><a href=\"https:\/\/gsantana2005.net\/index.php\/2023\/06\/19\/microplasticos-a-ameaca-invisivel-ao-meio-ambiente-e-a-saude\/\" target=\"_blank\" rel=\"noreferrer noopener\">Micropl\u00e1sticos: A Amea\u00e7a Invis\u00edvel ao Meio Ambiente e \u00e0 Sa\u00fade<\/a><\/li>\n\n\n\n<li><a href=\"https:\/\/gsantana2005.net\/index.php\/2023\/06\/17\/tijolos-de-plasticos-que-vem-dos-igarapes\/\" target=\"_blank\" rel=\"noreferrer noopener\">Tijolos de pl\u00e1sticos que vem dos igarap\u00e9s<\/a><\/li>\n\n\n\n<li><a href=\"https:\/\/gsantana2005.net\/index.php\/2023\/06\/24\/a-poluicao-plastica-quadruplicou-nos-ultimos-anos\/\" target=\"_blank\" rel=\"noreferrer noopener\">A polui\u00e7\u00e3o pl\u00e1stica quadruplicou nos \u00faltimos anos<\/a><\/li>\n<\/ul>\n\n\n\n<p>Conhe\u00e7a tamb\u00e9m nossos cursos sobre&nbsp;<a href=\"https:\/\/gsantana2005.net\/index.php\/2023\/07\/21\/gestao-de-residuos\/\">Gest\u00e3o de res\u00edduos<\/a>&nbsp;e&nbsp;<a href=\"https:\/\/gsantana2005.net\/index.php\/2023\/08\/08\/tratamento-de-efluentes\/\">Tratamento de efluentes<\/a>. Maiores informa\u00e7\u00f5es:&nbsp;<a href=\"mailto:gsantana2005@gmail.com\">gsantana2005@gmail.com<\/a>&nbsp;ou 92 991227158 (WhatsApp)<\/p>\n","protected":false},"excerpt":{"rendered":"<p>Hoje o mundo que vivemos est\u00e1 amea\u00e7ado por causa do aquecimento global. Ent\u00e3o, os combust\u00edveis f\u00f3sseis s\u00e3o os grandes culpados pelo aumento da aquantidade de di\u00f3xido de carbono na atmosfera. Por outro lado, os autom\u00f3veis al\u00e9m de serem os grandes vil\u00f5es do aquecimento global reduziram a mobilidade urbana nas grandes cidades. Nesse sentido, a bicicleta [&hellip;]<\/p>\n","protected":false},"author":1,"featured_media":715,"comment_status":"open","ping_status":"closed","sticky":false,"template":"","format":"standard","meta":{"om_disable_all_campaigns":false,"_monsterinsights_skip_tracking":false,"_monsterinsights_sitenote_active":false,"_monsterinsights_sitenote_note":"","_monsterinsights_sitenote_category":0,"footnotes":"","_links_to":"","_links_to_target":""},"categories":[273,3,272],"tags":[705,711,707,710,706,709,708,688],"class_list":["post-714","post","type-post","status-publish","format-standard","has-post-thumbnail","hentry","category-economia-de-recursos","category-genilson-pereira-santana","category-energias-renovaveis","tag-bicicleta-sustentavel","tag-ciclovias-urbanas","tag-cidades-verdes","tag-estilo-vida-sustentavel","tag-mobilidade-urbana","tag-reducao-gases-estufa","tag-saude-e-sustentabilidade","tag-transporte-sustentavel"],"aioseo_notices":[],"yoast_head":"<!-- This site is optimized with the Yoast SEO plugin v24.5 - https:\/\/yoast.com\/wordpress\/plugins\/seo\/ -->\n<title>Porque a bicicleta \u00e9 a aliada da sustentabilidade - gsantana2005<\/title>\n<meta name=\"description\" content=\"Porque a bicicleta \u00e9 a aliada da sustentabilidade mostra para voc\u00ea a import\u00e2ncia desse veiculo secular que \u00e9 bom para muitas coisas.\" \/>\n<meta name=\"robots\" content=\"index, follow, max-snippet:-1, max-image-preview:large, max-video-preview:-1\" \/>\n<link rel=\"canonical\" href=\"https:\/\/gsantana2005.net\/index.php\/2023\/08\/19\/porque-a-bicicleta-e-a-aliada-da-sustentabilidade\/\" \/>\n<meta property=\"og:locale\" content=\"pt_BR\" \/>\n<meta property=\"og:type\" content=\"article\" \/>\n<meta property=\"og:title\" content=\"Porque a bicicleta \u00e9 a aliada da sustentabilidade - gsantana2005\" \/>\n<meta property=\"og:description\" content=\"Porque a bicicleta \u00e9 a aliada da sustentabilidade mostra para voc\u00ea a import\u00e2ncia desse veiculo secular que \u00e9 bom para muitas coisas.\" \/>\n<meta property=\"og:url\" content=\"https:\/\/gsantana2005.net\/index.php\/2023\/08\/19\/porque-a-bicicleta-e-a-aliada-da-sustentabilidade\/\" \/>\n<meta property=\"og:site_name\" content=\"gsantana2005\" \/>\n<meta property=\"article:published_time\" content=\"2023-08-19T20:06:25+00:00\" \/>\n<meta property=\"article:modified_time\" content=\"2024-02-04T23:32:23+00:00\" \/>\n<meta property=\"og:image\" content=\"http:\/\/gsantana2005.net\/wp-content\/uploads\/2023\/08\/bicicleta.jpg\" \/>\n\t<meta property=\"og:image:width\" content=\"1280\" \/>\n\t<meta property=\"og:image:height\" content=\"851\" \/>\n\t<meta property=\"og:image:type\" content=\"image\/jpeg\" \/>\n<meta name=\"author\" content=\"gsantana2005\" \/>\n<meta name=\"twitter:card\" content=\"summary_large_image\" \/>\n<meta name=\"twitter:label1\" content=\"Escrito por\" \/>\n\t<meta name=\"twitter:data1\" content=\"gsantana2005\" \/>\n\t<meta name=\"twitter:label2\" content=\"Est. tempo de leitura\" \/>\n\t<meta name=\"twitter:data2\" content=\"5 minutos\" \/>\n<script type=\"application\/ld+json\" class=\"yoast-schema-graph\">{\"@context\":\"https:\/\/schema.org\",\"@graph\":[{\"@type\":\"Article\",\"@id\":\"https:\/\/gsantana2005.net\/index.php\/2023\/08\/19\/porque-a-bicicleta-e-a-aliada-da-sustentabilidade\/#article\",\"isPartOf\":{\"@id\":\"https:\/\/gsantana2005.net\/index.php\/2023\/08\/19\/porque-a-bicicleta-e-a-aliada-da-sustentabilidade\/\"},\"author\":{\"name\":\"gsantana2005\",\"@id\":\"https:\/\/gsantana2005.net\/#\/schema\/person\/78c90c6f49a46ef4c8e69bafec347cb7\"},\"headline\":\"Porque a bicicleta \u00e9 a aliada da sustentabilidade\",\"datePublished\":\"2023-08-19T20:06:25+00:00\",\"dateModified\":\"2024-02-04T23:32:23+00:00\",\"mainEntityOfPage\":{\"@id\":\"https:\/\/gsantana2005.net\/index.php\/2023\/08\/19\/porque-a-bicicleta-e-a-aliada-da-sustentabilidade\/\"},\"wordCount\":1015,\"commentCount\":0,\"publisher\":{\"@id\":\"https:\/\/gsantana2005.net\/#organization\"},\"image\":{\"@id\":\"https:\/\/gsantana2005.net\/index.php\/2023\/08\/19\/porque-a-bicicleta-e-a-aliada-da-sustentabilidade\/#primaryimage\"},\"thumbnailUrl\":\"https:\/\/gsantana2005.net\/wp-content\/uploads\/2023\/08\/bicicleta.jpg\",\"keywords\":[\"Bicicleta Sustent\u00e1vel\",\"Ciclovias Urbanas\",\"Cidades Verdes\",\"Estilo Vida Sustent\u00e1vel\",\"Mobilidade Urbana\",\"Redu\u00e7\u00e3o Gases Estufa\",\"Sa\u00fade e Sustentabilidade\",\"Transporte Sustent\u00e1vel\"],\"articleSection\":[\"Economia de Recursos\",\"Dr Genilson Santana\",\"Energias Renov\u00e1veis\"],\"inLanguage\":\"pt-BR\",\"potentialAction\":[{\"@type\":\"CommentAction\",\"name\":\"Comment\",\"target\":[\"https:\/\/gsantana2005.net\/index.php\/2023\/08\/19\/porque-a-bicicleta-e-a-aliada-da-sustentabilidade\/#respond\"]}]},{\"@type\":\"WebPage\",\"@id\":\"https:\/\/gsantana2005.net\/index.php\/2023\/08\/19\/porque-a-bicicleta-e-a-aliada-da-sustentabilidade\/\",\"url\":\"https:\/\/gsantana2005.net\/index.php\/2023\/08\/19\/porque-a-bicicleta-e-a-aliada-da-sustentabilidade\/\",\"name\":\"Porque a bicicleta \u00e9 a aliada da sustentabilidade - gsantana2005\",\"isPartOf\":{\"@id\":\"https:\/\/gsantana2005.net\/#website\"},\"primaryImageOfPage\":{\"@id\":\"https:\/\/gsantana2005.net\/index.php\/2023\/08\/19\/porque-a-bicicleta-e-a-aliada-da-sustentabilidade\/#primaryimage\"},\"image\":{\"@id\":\"https:\/\/gsantana2005.net\/index.php\/2023\/08\/19\/porque-a-bicicleta-e-a-aliada-da-sustentabilidade\/#primaryimage\"},\"thumbnailUrl\":\"https:\/\/gsantana2005.net\/wp-content\/uploads\/2023\/08\/bicicleta.jpg\",\"datePublished\":\"2023-08-19T20:06:25+00:00\",\"dateModified\":\"2024-02-04T23:32:23+00:00\",\"description\":\"Porque a bicicleta \u00e9 a aliada da sustentabilidade mostra para voc\u00ea a import\u00e2ncia desse veiculo secular que \u00e9 bom para muitas coisas.\",\"breadcrumb\":{\"@id\":\"https:\/\/gsantana2005.net\/index.php\/2023\/08\/19\/porque-a-bicicleta-e-a-aliada-da-sustentabilidade\/#breadcrumb\"},\"inLanguage\":\"pt-BR\",\"potentialAction\":[{\"@type\":\"ReadAction\",\"target\":[\"https:\/\/gsantana2005.net\/index.php\/2023\/08\/19\/porque-a-bicicleta-e-a-aliada-da-sustentabilidade\/\"]}]},{\"@type\":\"ImageObject\",\"inLanguage\":\"pt-BR\",\"@id\":\"https:\/\/gsantana2005.net\/index.php\/2023\/08\/19\/porque-a-bicicleta-e-a-aliada-da-sustentabilidade\/#primaryimage\",\"url\":\"https:\/\/gsantana2005.net\/wp-content\/uploads\/2023\/08\/bicicleta.jpg\",\"contentUrl\":\"https:\/\/gsantana2005.net\/wp-content\/uploads\/2023\/08\/bicicleta.jpg\",\"width\":1280,\"height\":851,\"caption\":\"bicicleta\"},{\"@type\":\"BreadcrumbList\",\"@id\":\"https:\/\/gsantana2005.net\/index.php\/2023\/08\/19\/porque-a-bicicleta-e-a-aliada-da-sustentabilidade\/#breadcrumb\",\"itemListElement\":[{\"@type\":\"ListItem\",\"position\":1,\"name\":\"Home\",\"item\":\"https:\/\/gsantana2005.net\/\"},{\"@type\":\"ListItem\",\"position\":2,\"name\":\"Porque a bicicleta \u00e9 a aliada da sustentabilidade\"}]},{\"@type\":\"WebSite\",\"@id\":\"https:\/\/gsantana2005.net\/#website\",\"url\":\"https:\/\/gsantana2005.net\/\",\"name\":\"gsantana2005\",\"description\":\"Sejamos sustent\u00e1veis\",\"publisher\":{\"@id\":\"https:\/\/gsantana2005.net\/#organization\"},\"potentialAction\":[{\"@type\":\"SearchAction\",\"target\":{\"@type\":\"EntryPoint\",\"urlTemplate\":\"https:\/\/gsantana2005.net\/?s={search_term_string}\"},\"query-input\":{\"@type\":\"PropertyValueSpecification\",\"valueRequired\":true,\"valueName\":\"search_term_string\"}}],\"inLanguage\":\"pt-BR\"},{\"@type\":\"Organization\",\"@id\":\"https:\/\/gsantana2005.net\/#organization\",\"name\":\"gsantana2005\",\"url\":\"https:\/\/gsantana2005.net\/\",\"logo\":{\"@type\":\"ImageObject\",\"inLanguage\":\"pt-BR\",\"@id\":\"https:\/\/gsantana2005.net\/#\/schema\/logo\/image\/\",\"url\":\"https:\/\/gsantana2005.net\/wp-content\/uploads\/2023\/06\/cropped-Gs-sem-fundo.jpg\",\"contentUrl\":\"https:\/\/gsantana2005.net\/wp-content\/uploads\/2023\/06\/cropped-Gs-sem-fundo.jpg\",\"width\":100,\"height\":100,\"caption\":\"gsantana2005\"},\"image\":{\"@id\":\"https:\/\/gsantana2005.net\/#\/schema\/logo\/image\/\"}},{\"@type\":\"Person\",\"@id\":\"https:\/\/gsantana2005.net\/#\/schema\/person\/78c90c6f49a46ef4c8e69bafec347cb7\",\"name\":\"gsantana2005\",\"image\":{\"@type\":\"ImageObject\",\"inLanguage\":\"pt-BR\",\"@id\":\"https:\/\/gsantana2005.net\/#\/schema\/person\/image\/\",\"url\":\"https:\/\/secure.gravatar.com\/avatar\/db3aa311fa8063e1f4df6b2da249929f?s=96&d=mm&r=g\",\"contentUrl\":\"https:\/\/secure.gravatar.com\/avatar\/db3aa311fa8063e1f4df6b2da249929f?s=96&d=mm&r=g\",\"caption\":\"gsantana2005\"},\"sameAs\":[\"http:\/\/gsantana2005.net\"],\"url\":\"https:\/\/gsantana2005.net\/author\/gsantana2005\/\"}]}<\/script>\n<!-- \/ Yoast SEO plugin. -->","yoast_head_json":{"title":"Porque a bicicleta \u00e9 a aliada da sustentabilidade - gsantana2005","description":"Porque a bicicleta \u00e9 a aliada da sustentabilidade mostra para voc\u00ea a import\u00e2ncia desse veiculo secular que \u00e9 bom para muitas coisas.","robots":{"index":"index","follow":"follow","max-snippet":"max-snippet:-1","max-image-preview":"max-image-preview:large","max-video-preview":"max-video-preview:-1"},"canonical":"https:\/\/gsantana2005.net\/index.php\/2023\/08\/19\/porque-a-bicicleta-e-a-aliada-da-sustentabilidade\/","og_locale":"pt_BR","og_type":"article","og_title":"Porque a bicicleta \u00e9 a aliada da sustentabilidade - gsantana2005","og_description":"Porque a bicicleta \u00e9 a aliada da sustentabilidade mostra para voc\u00ea a import\u00e2ncia desse veiculo secular que \u00e9 bom para muitas coisas.","og_url":"https:\/\/gsantana2005.net\/index.php\/2023\/08\/19\/porque-a-bicicleta-e-a-aliada-da-sustentabilidade\/","og_site_name":"gsantana2005","article_published_time":"2023-08-19T20:06:25+00:00","article_modified_time":"2024-02-04T23:32:23+00:00","og_image":[{"width":1280,"height":851,"url":"http:\/\/gsantana2005.net\/wp-content\/uploads\/2023\/08\/bicicleta.jpg","type":"image\/jpeg"}],"author":"gsantana2005","twitter_card":"summary_large_image","twitter_misc":{"Escrito por":"gsantana2005","Est. tempo de leitura":"5 minutos"},"schema":{"@context":"https:\/\/schema.org","@graph":[{"@type":"Article","@id":"https:\/\/gsantana2005.net\/index.php\/2023\/08\/19\/porque-a-bicicleta-e-a-aliada-da-sustentabilidade\/#article","isPartOf":{"@id":"https:\/\/gsantana2005.net\/index.php\/2023\/08\/19\/porque-a-bicicleta-e-a-aliada-da-sustentabilidade\/"},"author":{"name":"gsantana2005","@id":"https:\/\/gsantana2005.net\/#\/schema\/person\/78c90c6f49a46ef4c8e69bafec347cb7"},"headline":"Porque a bicicleta \u00e9 a aliada da sustentabilidade","datePublished":"2023-08-19T20:06:25+00:00","dateModified":"2024-02-04T23:32:23+00:00","mainEntityOfPage":{"@id":"https:\/\/gsantana2005.net\/index.php\/2023\/08\/19\/porque-a-bicicleta-e-a-aliada-da-sustentabilidade\/"},"wordCount":1015,"commentCount":0,"publisher":{"@id":"https:\/\/gsantana2005.net\/#organization"},"image":{"@id":"https:\/\/gsantana2005.net\/index.php\/2023\/08\/19\/porque-a-bicicleta-e-a-aliada-da-sustentabilidade\/#primaryimage"},"thumbnailUrl":"https:\/\/gsantana2005.net\/wp-content\/uploads\/2023\/08\/bicicleta.jpg","keywords":["Bicicleta Sustent\u00e1vel","Ciclovias Urbanas","Cidades Verdes","Estilo Vida Sustent\u00e1vel","Mobilidade Urbana","Redu\u00e7\u00e3o Gases Estufa","Sa\u00fade e Sustentabilidade","Transporte Sustent\u00e1vel"],"articleSection":["Economia de Recursos","Dr Genilson Santana","Energias Renov\u00e1veis"],"inLanguage":"pt-BR","potentialAction":[{"@type":"CommentAction","name":"Comment","target":["https:\/\/gsantana2005.net\/index.php\/2023\/08\/19\/porque-a-bicicleta-e-a-aliada-da-sustentabilidade\/#respond"]}]},{"@type":"WebPage","@id":"https:\/\/gsantana2005.net\/index.php\/2023\/08\/19\/porque-a-bicicleta-e-a-aliada-da-sustentabilidade\/","url":"https:\/\/gsantana2005.net\/index.php\/2023\/08\/19\/porque-a-bicicleta-e-a-aliada-da-sustentabilidade\/","name":"Porque a bicicleta \u00e9 a aliada da sustentabilidade - gsantana2005","isPartOf":{"@id":"https:\/\/gsantana2005.net\/#website"},"primaryImageOfPage":{"@id":"https:\/\/gsantana2005.net\/index.php\/2023\/08\/19\/porque-a-bicicleta-e-a-aliada-da-sustentabilidade\/#primaryimage"},"image":{"@id":"https:\/\/gsantana2005.net\/index.php\/2023\/08\/19\/porque-a-bicicleta-e-a-aliada-da-sustentabilidade\/#primaryimage"},"thumbnailUrl":"https:\/\/gsantana2005.net\/wp-content\/uploads\/2023\/08\/bicicleta.jpg","datePublished":"2023-08-19T20:06:25+00:00","dateModified":"2024-02-04T23:32:23+00:00","description":"Porque a bicicleta \u00e9 a aliada da sustentabilidade mostra para voc\u00ea a import\u00e2ncia desse veiculo secular que \u00e9 bom para muitas coisas.","breadcrumb":{"@id":"https:\/\/gsantana2005.net\/index.php\/2023\/08\/19\/porque-a-bicicleta-e-a-aliada-da-sustentabilidade\/#breadcrumb"},"inLanguage":"pt-BR","potentialAction":[{"@type":"ReadAction","target":["https:\/\/gsantana2005.net\/index.php\/2023\/08\/19\/porque-a-bicicleta-e-a-aliada-da-sustentabilidade\/"]}]},{"@type":"ImageObject","inLanguage":"pt-BR","@id":"https:\/\/gsantana2005.net\/index.php\/2023\/08\/19\/porque-a-bicicleta-e-a-aliada-da-sustentabilidade\/#primaryimage","url":"https:\/\/gsantana2005.net\/wp-content\/uploads\/2023\/08\/bicicleta.jpg","contentUrl":"https:\/\/gsantana2005.net\/wp-content\/uploads\/2023\/08\/bicicleta.jpg","width":1280,"height":851,"caption":"bicicleta"},{"@type":"BreadcrumbList","@id":"https:\/\/gsantana2005.net\/index.php\/2023\/08\/19\/porque-a-bicicleta-e-a-aliada-da-sustentabilidade\/#breadcrumb","itemListElement":[{"@type":"ListItem","position":1,"name":"Home","item":"https:\/\/gsantana2005.net\/"},{"@type":"ListItem","position":2,"name":"Porque a bicicleta \u00e9 a aliada da sustentabilidade"}]},{"@type":"WebSite","@id":"https:\/\/gsantana2005.net\/#website","url":"https:\/\/gsantana2005.net\/","name":"gsantana2005","description":"Sejamos sustent\u00e1veis","publisher":{"@id":"https:\/\/gsantana2005.net\/#organization"},"potentialAction":[{"@type":"SearchAction","target":{"@type":"EntryPoint","urlTemplate":"https:\/\/gsantana2005.net\/?s={search_term_string}"},"query-input":{"@type":"PropertyValueSpecification","valueRequired":true,"valueName":"search_term_string"}}],"inLanguage":"pt-BR"},{"@type":"Organization","@id":"https:\/\/gsantana2005.net\/#organization","name":"gsantana2005","url":"https:\/\/gsantana2005.net\/","logo":{"@type":"ImageObject","inLanguage":"pt-BR","@id":"https:\/\/gsantana2005.net\/#\/schema\/logo\/image\/","url":"https:\/\/gsantana2005.net\/wp-content\/uploads\/2023\/06\/cropped-Gs-sem-fundo.jpg","contentUrl":"https:\/\/gsantana2005.net\/wp-content\/uploads\/2023\/06\/cropped-Gs-sem-fundo.jpg","width":100,"height":100,"caption":"gsantana2005"},"image":{"@id":"https:\/\/gsantana2005.net\/#\/schema\/logo\/image\/"}},{"@type":"Person","@id":"https:\/\/gsantana2005.net\/#\/schema\/person\/78c90c6f49a46ef4c8e69bafec347cb7","name":"gsantana2005","image":{"@type":"ImageObject","inLanguage":"pt-BR","@id":"https:\/\/gsantana2005.net\/#\/schema\/person\/image\/","url":"https:\/\/secure.gravatar.com\/avatar\/db3aa311fa8063e1f4df6b2da249929f?s=96&d=mm&r=g","contentUrl":"https:\/\/secure.gravatar.com\/avatar\/db3aa311fa8063e1f4df6b2da249929f?s=96&d=mm&r=g","caption":"gsantana2005"},"sameAs":["http:\/\/gsantana2005.net"],"url":"https:\/\/gsantana2005.net\/author\/gsantana2005\/"}]}},"amp_enabled":true,"_links":{"self":[{"href":"https:\/\/gsantana2005.net\/index.php\/wp-json\/wp\/v2\/posts\/714"}],"collection":[{"href":"https:\/\/gsantana2005.net\/index.php\/wp-json\/wp\/v2\/posts"}],"about":[{"href":"https:\/\/gsantana2005.net\/index.php\/wp-json\/wp\/v2\/types\/post"}],"author":[{"embeddable":true,"href":"https:\/\/gsantana2005.net\/index.php\/wp-json\/wp\/v2\/users\/1"}],"replies":[{"embeddable":true,"href":"https:\/\/gsantana2005.net\/index.php\/wp-json\/wp\/v2\/comments?post=714"}],"version-history":[{"count":2,"href":"https:\/\/gsantana2005.net\/index.php\/wp-json\/wp\/v2\/posts\/714\/revisions"}],"predecessor-version":[{"id":717,"href":"https:\/\/gsantana2005.net\/index.php\/wp-json\/wp\/v2\/posts\/714\/revisions\/717"}],"wp:featuredmedia":[{"embeddable":true,"href":"https:\/\/gsantana2005.net\/index.php\/wp-json\/wp\/v2\/media\/715"}],"wp:attachment":[{"href":"https:\/\/gsantana2005.net\/index.php\/wp-json\/wp\/v2\/media?parent=714"}],"wp:term":[{"taxonomy":"category","embeddable":true,"href":"https:\/\/gsantana2005.net\/index.php\/wp-json\/wp\/v2\/categories?post=714"},{"taxonomy":"post_tag","embeddable":true,"href":"https:\/\/gsantana2005.net\/index.php\/wp-json\/wp\/v2\/tags?post=714"}],"curies":[{"name":"wp","href":"https:\/\/api.w.org\/{rel}","templated":true}]}}