{"id":722,"date":"2023-08-23T02:53:32","date_gmt":"2023-08-23T02:53:32","guid":{"rendered":"https:\/\/gsantana2005.net\/?p=722"},"modified":"2024-02-04T23:29:11","modified_gmt":"2024-02-04T23:29:11","slug":"5-problemas-associados-aos-pesticidas","status":"publish","type":"post","link":"https:\/\/gsantana2005.net\/index.php\/2023\/08\/23\/5-problemas-associados-aos-pesticidas\/","title":{"rendered":"Descubra 5 problemas associados aos pesticidas"},"content":{"rendered":"\n<p>Ent\u00e3o, o que s\u00e3o pesticidas afinal de contas. Em princ\u00edpio, os pesticidas s\u00e3o subst\u00e2ncias qu\u00edmicas utilizadas para controlar pragas. Por exemplo: insetos, ervas daninhas, fungos e outros organismos considerados prejudiciais para a agricultura, sa\u00fade humana ou o ambiente. Embora, sejam amplamente usados na agricultura para aumentar a produ\u00e7\u00e3o de alimentos, os pesticidas tamb\u00e9m podem apresentar riscos para o meio ambiente e a sa\u00fade humana.<\/p>\n\n\n\n<h2 class=\"wp-block-heading\">5 problemas associados aos pesticidas<\/h2>\n\n\n\n<p>Em princ\u00edpio, existem muitos problemas associados ao pesticidas. Escolhemos 5 para voc\u00ea descobrir alguns desses problemas associados ao uso de pesticidas.<\/p>\n\n\n\n<h3 class=\"wp-block-heading\">1. Toxicidade para Organismos N\u00e3o-Alvo<\/h3>\n\n\n\n<p>Pesticidas podem n\u00e3o ser seletivos e afetar outras esp\u00e9cies al\u00e9m das pragas alvo. Isso inclui organismos ben\u00e9ficos como polinizadores (abelhas), predadores naturais de pragas e outros animais selvagens. Assim, o desaparecimento de polinizadores e a diminui\u00e7\u00e3o da biodiversidade podem ter impactos significativos na sa\u00fade dos ecossistemas.<\/p>\n\n\n\n<h3 class=\"wp-block-heading\">2. Contamina\u00e7\u00e3o de Solos e \u00c1gua<\/h3>\n\n\n\n<p>Pesticidas aplicados nas planta\u00e7\u00f5es podem infiltrar-se no solo e serem arrastados pela chuva para corpos d&#8217;\u00e1gua, causando a contamina\u00e7\u00e3o de solos e cursos d&#8217;\u00e1gua. Ent\u00e3o, isso pode afetar negativamente a qualidade da \u00e1gua pot\u00e1vel, bem como prejudicar os ecossistemas aqu\u00e1ticos.<\/p>\n\n\n\n<h3 class=\"wp-block-heading\">3. Resist\u00eancia a Pesticidas<\/h3>\n\n\n\n<p> Com o tempo, pragas podem desenvolver resist\u00eancia aos pesticidas utilizados repetidamente. Assim, isso leva a uma escalada no uso de pesticidas mais fortes e frequentes, o que pode aumentar os riscos ambientais e de sa\u00fade.<\/p>\n\n\n\n<h3 class=\"wp-block-heading\">4. Bioacumula\u00e7\u00e3o<\/h3>\n\n\n\n<p> Alguns pesticidas podem se acumular nos tecidos de animais e plantas ao longo da cadeia alimentar, um processo conhecido como bioacumula\u00e7\u00e3o. A princ\u00edpio, isso pode resultar em concentra\u00e7\u00f5es mais altas de pesticidas em predadores de topo da cadeia alimentar, incluindo seres humanos, levando a poss\u00edveis riscos para a sa\u00fade humana.<\/p>\n\n\n\n<h3 class=\"wp-block-heading\">5. Impactos na Sa\u00fade Humana<\/h3>\n\n\n\n<p>A exposi\u00e7\u00e3o prolongada a pesticidas pode estar associada a problemas de sa\u00fade em seres humanos. Por exemplo: doen\u00e7as neurol\u00f3gicas, c\u00e2ncer, problemas reprodutivos e desregula\u00e7\u00e3o hormonal.<\/p>\n\n\n\n<h2 class=\"wp-block-heading\">Conclus\u00e3o<\/h2>\n\n\n\n<p>Para lidar com esses desafios, tem havido um movimento em dire\u00e7\u00e3o a pr\u00e1ticas agr\u00edcolas mais sustent\u00e1veis, como a agricultura org\u00e2nica e o uso de m\u00e9todos de controle de pragas menos dependentes de produtos qu\u00edmicos. Al\u00e9m disso, regulamenta\u00e7\u00f5es governamentais e monitoramento rigoroso s\u00e3o importantes para controlar a utiliza\u00e7\u00e3o de pesticidas e minimizar seus impactos negativos no meio ambiente e na sa\u00fade.<\/p>\n\n\n\n<h2 class=\"wp-block-heading\">Convite especial para voc\u00ea<\/h2>\n\n\n\n<p>Caso queira nossa contribui\u00e7\u00e3o entre em contato:&nbsp;<a href=\"mailto:gsantana2005@gmail.com\">gsantana2005@gmail.com<\/a>&nbsp;veja o nosso&nbsp;<a href=\"https:\/\/www.instagram.com\/genilsonpereirasantana1\/\" rel=\"nofollow noopener\" target=\"_blank\">Instagram<\/a><\/p>\n\n\n\n<p>J\u00e1 que voc\u00ea chegou at\u00e9 aqui descubra mais sobre os res\u00edduos s\u00f3lidos nos artigos:<\/p>\n\n\n\n<ul class=\"wp-block-list\">\n<li><a href=\"https:\/\/gsantana2005.net\/index.php\/2023\/06\/19\/microplasticos-a-ameaca-invisivel-ao-meio-ambiente-e-a-saude\/\" target=\"_blank\" rel=\"noreferrer noopener\">Micropl\u00e1sticos: A Amea\u00e7a Invis\u00edvel ao Meio Ambiente e \u00e0 Sa\u00fade<\/a><\/li>\n\n\n\n<li><a href=\"https:\/\/gsantana2005.net\/index.php\/2023\/06\/17\/tijolos-de-plasticos-que-vem-dos-igarapes\/\" target=\"_blank\" rel=\"noreferrer noopener\">Tijolos de pl\u00e1sticos que vem dos igarap\u00e9s<\/a><\/li>\n\n\n\n<li><a href=\"https:\/\/gsantana2005.net\/index.php\/2023\/06\/24\/a-poluicao-plastica-quadruplicou-nos-ultimos-anos\/\" target=\"_blank\" rel=\"noreferrer noopener\">A polui\u00e7\u00e3o pl\u00e1stica quadruplicou nos \u00faltimos anos<\/a><\/li>\n<\/ul>\n\n\n\n<p>Conhe\u00e7a tamb\u00e9m nossos cursos sobre&nbsp;<a href=\"https:\/\/gsantana2005.net\/index.php\/2023\/07\/21\/gestao-de-residuos\/\">Gest\u00e3o de res\u00edduos<\/a>&nbsp;e&nbsp;<a href=\"https:\/\/gsantana2005.net\/index.php\/2023\/08\/08\/tratamento-de-efluentes\/\">Tratamento de efluentes<\/a>. Maiores informa\u00e7\u00f5es:&nbsp;<a href=\"mailto:gsantana2005@gmail.com\">gsantana2005@gmail.com<\/a>&nbsp;ou 92 991227158 (WhatsApp)<\/p>\n","protected":false},"excerpt":{"rendered":"<p>Ent\u00e3o, o que s\u00e3o pesticidas afinal de contas. Em princ\u00edpio, os pesticidas s\u00e3o subst\u00e2ncias qu\u00edmicas utilizadas para controlar pragas. Por exemplo: insetos, ervas daninhas, fungos e outros organismos considerados prejudiciais para a agricultura, sa\u00fade humana ou o ambiente. Embora, sejam amplamente usados na agricultura para aumentar a produ\u00e7\u00e3o de alimentos, os pesticidas tamb\u00e9m podem apresentar [&hellip;]<\/p>\n","protected":false},"author":1,"featured_media":724,"comment_status":"open","ping_status":"closed","sticky":false,"template":"","format":"standard","meta":{"om_disable_all_campaigns":false,"_monsterinsights_skip_tracking":false,"_monsterinsights_sitenote_active":false,"_monsterinsights_sitenote_note":"","_monsterinsights_sitenote_category":0,"footnotes":"","_links_to":"","_links_to_target":""},"categories":[275,3],"tags":[695,693,545,694,690,696,692,691],"class_list":["post-722","post","type-post","status-publish","format-standard","has-post-thumbnail","hentry","category-conservacao-ambiental","category-genilson-pereira-santana","tag-agricultura-sustentavel","tag-bioacumulacao","tag-contaminacao-hidrica","tag-impactos-na-saude","tag-problemas-com-pesticidas","tag-regulamentacao-pesticidas","tag-resistencia-a-pesticidas","tag-toxicidade-ambiental"],"aioseo_notices":[],"yoast_head":"<!-- This site is optimized with the Yoast SEO plugin v24.5 - https:\/\/yoast.com\/wordpress\/plugins\/seo\/ -->\n<title>Descubra 5 problemas associados aos pesticidas - gsantana2005<\/title>\n<meta name=\"description\" content=\"5 problemas associados aos pesticidas \u00e9 um artigo que mostra para voc\u00ea como essas subst\u00e2ncias s\u00e3o prejudiciais \u00e0 sa\u00fade.\" \/>\n<meta name=\"robots\" content=\"index, follow, max-snippet:-1, max-image-preview:large, max-video-preview:-1\" \/>\n<link rel=\"canonical\" href=\"https:\/\/gsantana2005.net\/index.php\/2023\/08\/23\/5-problemas-associados-aos-pesticidas\/\" \/>\n<meta property=\"og:locale\" content=\"pt_BR\" \/>\n<meta property=\"og:type\" content=\"article\" \/>\n<meta property=\"og:title\" content=\"Descubra 5 problemas associados aos pesticidas - gsantana2005\" \/>\n<meta property=\"og:description\" content=\"5 problemas associados aos pesticidas \u00e9 um artigo que mostra para voc\u00ea como essas subst\u00e2ncias s\u00e3o prejudiciais \u00e0 sa\u00fade.\" \/>\n<meta property=\"og:url\" content=\"https:\/\/gsantana2005.net\/index.php\/2023\/08\/23\/5-problemas-associados-aos-pesticidas\/\" \/>\n<meta property=\"og:site_name\" content=\"gsantana2005\" \/>\n<meta property=\"article:published_time\" content=\"2023-08-23T02:53:32+00:00\" \/>\n<meta property=\"article:modified_time\" content=\"2024-02-04T23:29:11+00:00\" \/>\n<meta property=\"og:image\" content=\"http:\/\/gsantana2005.net\/wp-content\/uploads\/2023\/08\/pesticida.jpg\" \/>\n\t<meta property=\"og:image:width\" content=\"1024\" \/>\n\t<meta property=\"og:image:height\" content=\"660\" \/>\n\t<meta property=\"og:image:type\" content=\"image\/jpeg\" \/>\n<meta name=\"author\" content=\"gsantana2005\" \/>\n<meta name=\"twitter:card\" content=\"summary_large_image\" \/>\n<meta name=\"twitter:label1\" content=\"Escrito por\" \/>\n\t<meta name=\"twitter:data1\" content=\"gsantana2005\" \/>\n\t<meta name=\"twitter:label2\" content=\"Est. tempo de leitura\" \/>\n\t<meta name=\"twitter:data2\" content=\"3 minutos\" \/>\n<script type=\"application\/ld+json\" class=\"yoast-schema-graph\">{\"@context\":\"https:\/\/schema.org\",\"@graph\":[{\"@type\":\"Article\",\"@id\":\"https:\/\/gsantana2005.net\/index.php\/2023\/08\/23\/5-problemas-associados-aos-pesticidas\/#article\",\"isPartOf\":{\"@id\":\"https:\/\/gsantana2005.net\/index.php\/2023\/08\/23\/5-problemas-associados-aos-pesticidas\/\"},\"author\":{\"name\":\"gsantana2005\",\"@id\":\"https:\/\/gsantana2005.net\/#\/schema\/person\/78c90c6f49a46ef4c8e69bafec347cb7\"},\"headline\":\"Descubra 5 problemas associados aos pesticidas\",\"datePublished\":\"2023-08-23T02:53:32+00:00\",\"dateModified\":\"2024-02-04T23:29:11+00:00\",\"mainEntityOfPage\":{\"@id\":\"https:\/\/gsantana2005.net\/index.php\/2023\/08\/23\/5-problemas-associados-aos-pesticidas\/\"},\"wordCount\":520,\"commentCount\":0,\"publisher\":{\"@id\":\"https:\/\/gsantana2005.net\/#organization\"},\"image\":{\"@id\":\"https:\/\/gsantana2005.net\/index.php\/2023\/08\/23\/5-problemas-associados-aos-pesticidas\/#primaryimage\"},\"thumbnailUrl\":\"https:\/\/gsantana2005.net\/wp-content\/uploads\/2023\/08\/pesticida.jpg\",\"keywords\":[\"Agricultura Sustent\u00e1vel\",\"Bioacumula\u00e7\u00e3o\",\"Contamina\u00e7\u00e3o H\u00eddrica\",\"Impactos Na Sa\u00fade\",\"Problemas Com Pesticidas\",\"Regulamenta\u00e7\u00e3o Pesticidas\",\"Resist\u00eancia A Pesticidas\",\"Toxicidade Ambiental\"],\"articleSection\":[\"Conserva\u00e7\u00e3o Ambiental\",\"Dr Genilson Santana\"],\"inLanguage\":\"pt-BR\",\"potentialAction\":[{\"@type\":\"CommentAction\",\"name\":\"Comment\",\"target\":[\"https:\/\/gsantana2005.net\/index.php\/2023\/08\/23\/5-problemas-associados-aos-pesticidas\/#respond\"]}]},{\"@type\":\"WebPage\",\"@id\":\"https:\/\/gsantana2005.net\/index.php\/2023\/08\/23\/5-problemas-associados-aos-pesticidas\/\",\"url\":\"https:\/\/gsantana2005.net\/index.php\/2023\/08\/23\/5-problemas-associados-aos-pesticidas\/\",\"name\":\"Descubra 5 problemas associados aos pesticidas - gsantana2005\",\"isPartOf\":{\"@id\":\"https:\/\/gsantana2005.net\/#website\"},\"primaryImageOfPage\":{\"@id\":\"https:\/\/gsantana2005.net\/index.php\/2023\/08\/23\/5-problemas-associados-aos-pesticidas\/#primaryimage\"},\"image\":{\"@id\":\"https:\/\/gsantana2005.net\/index.php\/2023\/08\/23\/5-problemas-associados-aos-pesticidas\/#primaryimage\"},\"thumbnailUrl\":\"https:\/\/gsantana2005.net\/wp-content\/uploads\/2023\/08\/pesticida.jpg\",\"datePublished\":\"2023-08-23T02:53:32+00:00\",\"dateModified\":\"2024-02-04T23:29:11+00:00\",\"description\":\"5 problemas associados aos pesticidas \u00e9 um artigo que mostra para voc\u00ea como essas subst\u00e2ncias s\u00e3o prejudiciais \u00e0 sa\u00fade.\",\"breadcrumb\":{\"@id\":\"https:\/\/gsantana2005.net\/index.php\/2023\/08\/23\/5-problemas-associados-aos-pesticidas\/#breadcrumb\"},\"inLanguage\":\"pt-BR\",\"potentialAction\":[{\"@type\":\"ReadAction\",\"target\":[\"https:\/\/gsantana2005.net\/index.php\/2023\/08\/23\/5-problemas-associados-aos-pesticidas\/\"]}]},{\"@type\":\"ImageObject\",\"inLanguage\":\"pt-BR\",\"@id\":\"https:\/\/gsantana2005.net\/index.php\/2023\/08\/23\/5-problemas-associados-aos-pesticidas\/#primaryimage\",\"url\":\"https:\/\/gsantana2005.net\/wp-content\/uploads\/2023\/08\/pesticida.jpg\",\"contentUrl\":\"https:\/\/gsantana2005.net\/wp-content\/uploads\/2023\/08\/pesticida.jpg\",\"width\":1024,\"height\":660,\"caption\":\"pesticidas\"},{\"@type\":\"BreadcrumbList\",\"@id\":\"https:\/\/gsantana2005.net\/index.php\/2023\/08\/23\/5-problemas-associados-aos-pesticidas\/#breadcrumb\",\"itemListElement\":[{\"@type\":\"ListItem\",\"position\":1,\"name\":\"Home\",\"item\":\"https:\/\/gsantana2005.net\/\"},{\"@type\":\"ListItem\",\"position\":2,\"name\":\"Descubra 5 problemas associados aos pesticidas\"}]},{\"@type\":\"WebSite\",\"@id\":\"https:\/\/gsantana2005.net\/#website\",\"url\":\"https:\/\/gsantana2005.net\/\",\"name\":\"gsantana2005\",\"description\":\"Sejamos sustent\u00e1veis\",\"publisher\":{\"@id\":\"https:\/\/gsantana2005.net\/#organization\"},\"potentialAction\":[{\"@type\":\"SearchAction\",\"target\":{\"@type\":\"EntryPoint\",\"urlTemplate\":\"https:\/\/gsantana2005.net\/?s={search_term_string}\"},\"query-input\":{\"@type\":\"PropertyValueSpecification\",\"valueRequired\":true,\"valueName\":\"search_term_string\"}}],\"inLanguage\":\"pt-BR\"},{\"@type\":\"Organization\",\"@id\":\"https:\/\/gsantana2005.net\/#organization\",\"name\":\"gsantana2005\",\"url\":\"https:\/\/gsantana2005.net\/\",\"logo\":{\"@type\":\"ImageObject\",\"inLanguage\":\"pt-BR\",\"@id\":\"https:\/\/gsantana2005.net\/#\/schema\/logo\/image\/\",\"url\":\"https:\/\/gsantana2005.net\/wp-content\/uploads\/2023\/06\/cropped-Gs-sem-fundo.jpg\",\"contentUrl\":\"https:\/\/gsantana2005.net\/wp-content\/uploads\/2023\/06\/cropped-Gs-sem-fundo.jpg\",\"width\":100,\"height\":100,\"caption\":\"gsantana2005\"},\"image\":{\"@id\":\"https:\/\/gsantana2005.net\/#\/schema\/logo\/image\/\"}},{\"@type\":\"Person\",\"@id\":\"https:\/\/gsantana2005.net\/#\/schema\/person\/78c90c6f49a46ef4c8e69bafec347cb7\",\"name\":\"gsantana2005\",\"image\":{\"@type\":\"ImageObject\",\"inLanguage\":\"pt-BR\",\"@id\":\"https:\/\/gsantana2005.net\/#\/schema\/person\/image\/\",\"url\":\"https:\/\/secure.gravatar.com\/avatar\/db3aa311fa8063e1f4df6b2da249929f?s=96&d=mm&r=g\",\"contentUrl\":\"https:\/\/secure.gravatar.com\/avatar\/db3aa311fa8063e1f4df6b2da249929f?s=96&d=mm&r=g\",\"caption\":\"gsantana2005\"},\"sameAs\":[\"http:\/\/gsantana2005.net\"],\"url\":\"https:\/\/gsantana2005.net\/author\/gsantana2005\/\"}]}<\/script>\n<!-- \/ Yoast SEO plugin. -->","yoast_head_json":{"title":"Descubra 5 problemas associados aos pesticidas - gsantana2005","description":"5 problemas associados aos pesticidas \u00e9 um artigo que mostra para voc\u00ea como essas subst\u00e2ncias s\u00e3o prejudiciais \u00e0 sa\u00fade.","robots":{"index":"index","follow":"follow","max-snippet":"max-snippet:-1","max-image-preview":"max-image-preview:large","max-video-preview":"max-video-preview:-1"},"canonical":"https:\/\/gsantana2005.net\/index.php\/2023\/08\/23\/5-problemas-associados-aos-pesticidas\/","og_locale":"pt_BR","og_type":"article","og_title":"Descubra 5 problemas associados aos pesticidas - gsantana2005","og_description":"5 problemas associados aos pesticidas \u00e9 um artigo que mostra para voc\u00ea como essas subst\u00e2ncias s\u00e3o prejudiciais \u00e0 sa\u00fade.","og_url":"https:\/\/gsantana2005.net\/index.php\/2023\/08\/23\/5-problemas-associados-aos-pesticidas\/","og_site_name":"gsantana2005","article_published_time":"2023-08-23T02:53:32+00:00","article_modified_time":"2024-02-04T23:29:11+00:00","og_image":[{"width":1024,"height":660,"url":"http:\/\/gsantana2005.net\/wp-content\/uploads\/2023\/08\/pesticida.jpg","type":"image\/jpeg"}],"author":"gsantana2005","twitter_card":"summary_large_image","twitter_misc":{"Escrito por":"gsantana2005","Est. tempo de leitura":"3 minutos"},"schema":{"@context":"https:\/\/schema.org","@graph":[{"@type":"Article","@id":"https:\/\/gsantana2005.net\/index.php\/2023\/08\/23\/5-problemas-associados-aos-pesticidas\/#article","isPartOf":{"@id":"https:\/\/gsantana2005.net\/index.php\/2023\/08\/23\/5-problemas-associados-aos-pesticidas\/"},"author":{"name":"gsantana2005","@id":"https:\/\/gsantana2005.net\/#\/schema\/person\/78c90c6f49a46ef4c8e69bafec347cb7"},"headline":"Descubra 5 problemas associados aos pesticidas","datePublished":"2023-08-23T02:53:32+00:00","dateModified":"2024-02-04T23:29:11+00:00","mainEntityOfPage":{"@id":"https:\/\/gsantana2005.net\/index.php\/2023\/08\/23\/5-problemas-associados-aos-pesticidas\/"},"wordCount":520,"commentCount":0,"publisher":{"@id":"https:\/\/gsantana2005.net\/#organization"},"image":{"@id":"https:\/\/gsantana2005.net\/index.php\/2023\/08\/23\/5-problemas-associados-aos-pesticidas\/#primaryimage"},"thumbnailUrl":"https:\/\/gsantana2005.net\/wp-content\/uploads\/2023\/08\/pesticida.jpg","keywords":["Agricultura Sustent\u00e1vel","Bioacumula\u00e7\u00e3o","Contamina\u00e7\u00e3o H\u00eddrica","Impactos Na Sa\u00fade","Problemas Com Pesticidas","Regulamenta\u00e7\u00e3o Pesticidas","Resist\u00eancia A Pesticidas","Toxicidade Ambiental"],"articleSection":["Conserva\u00e7\u00e3o Ambiental","Dr Genilson Santana"],"inLanguage":"pt-BR","potentialAction":[{"@type":"CommentAction","name":"Comment","target":["https:\/\/gsantana2005.net\/index.php\/2023\/08\/23\/5-problemas-associados-aos-pesticidas\/#respond"]}]},{"@type":"WebPage","@id":"https:\/\/gsantana2005.net\/index.php\/2023\/08\/23\/5-problemas-associados-aos-pesticidas\/","url":"https:\/\/gsantana2005.net\/index.php\/2023\/08\/23\/5-problemas-associados-aos-pesticidas\/","name":"Descubra 5 problemas associados aos pesticidas - gsantana2005","isPartOf":{"@id":"https:\/\/gsantana2005.net\/#website"},"primaryImageOfPage":{"@id":"https:\/\/gsantana2005.net\/index.php\/2023\/08\/23\/5-problemas-associados-aos-pesticidas\/#primaryimage"},"image":{"@id":"https:\/\/gsantana2005.net\/index.php\/2023\/08\/23\/5-problemas-associados-aos-pesticidas\/#primaryimage"},"thumbnailUrl":"https:\/\/gsantana2005.net\/wp-content\/uploads\/2023\/08\/pesticida.jpg","datePublished":"2023-08-23T02:53:32+00:00","dateModified":"2024-02-04T23:29:11+00:00","description":"5 problemas associados aos pesticidas \u00e9 um artigo que mostra para voc\u00ea como essas subst\u00e2ncias s\u00e3o prejudiciais \u00e0 sa\u00fade.","breadcrumb":{"@id":"https:\/\/gsantana2005.net\/index.php\/2023\/08\/23\/5-problemas-associados-aos-pesticidas\/#breadcrumb"},"inLanguage":"pt-BR","potentialAction":[{"@type":"ReadAction","target":["https:\/\/gsantana2005.net\/index.php\/2023\/08\/23\/5-problemas-associados-aos-pesticidas\/"]}]},{"@type":"ImageObject","inLanguage":"pt-BR","@id":"https:\/\/gsantana2005.net\/index.php\/2023\/08\/23\/5-problemas-associados-aos-pesticidas\/#primaryimage","url":"https:\/\/gsantana2005.net\/wp-content\/uploads\/2023\/08\/pesticida.jpg","contentUrl":"https:\/\/gsantana2005.net\/wp-content\/uploads\/2023\/08\/pesticida.jpg","width":1024,"height":660,"caption":"pesticidas"},{"@type":"BreadcrumbList","@id":"https:\/\/gsantana2005.net\/index.php\/2023\/08\/23\/5-problemas-associados-aos-pesticidas\/#breadcrumb","itemListElement":[{"@type":"ListItem","position":1,"name":"Home","item":"https:\/\/gsantana2005.net\/"},{"@type":"ListItem","position":2,"name":"Descubra 5 problemas associados aos pesticidas"}]},{"@type":"WebSite","@id":"https:\/\/gsantana2005.net\/#website","url":"https:\/\/gsantana2005.net\/","name":"gsantana2005","description":"Sejamos sustent\u00e1veis","publisher":{"@id":"https:\/\/gsantana2005.net\/#organization"},"potentialAction":[{"@type":"SearchAction","target":{"@type":"EntryPoint","urlTemplate":"https:\/\/gsantana2005.net\/?s={search_term_string}"},"query-input":{"@type":"PropertyValueSpecification","valueRequired":true,"valueName":"search_term_string"}}],"inLanguage":"pt-BR"},{"@type":"Organization","@id":"https:\/\/gsantana2005.net\/#organization","name":"gsantana2005","url":"https:\/\/gsantana2005.net\/","logo":{"@type":"ImageObject","inLanguage":"pt-BR","@id":"https:\/\/gsantana2005.net\/#\/schema\/logo\/image\/","url":"https:\/\/gsantana2005.net\/wp-content\/uploads\/2023\/06\/cropped-Gs-sem-fundo.jpg","contentUrl":"https:\/\/gsantana2005.net\/wp-content\/uploads\/2023\/06\/cropped-Gs-sem-fundo.jpg","width":100,"height":100,"caption":"gsantana2005"},"image":{"@id":"https:\/\/gsantana2005.net\/#\/schema\/logo\/image\/"}},{"@type":"Person","@id":"https:\/\/gsantana2005.net\/#\/schema\/person\/78c90c6f49a46ef4c8e69bafec347cb7","name":"gsantana2005","image":{"@type":"ImageObject","inLanguage":"pt-BR","@id":"https:\/\/gsantana2005.net\/#\/schema\/person\/image\/","url":"https:\/\/secure.gravatar.com\/avatar\/db3aa311fa8063e1f4df6b2da249929f?s=96&d=mm&r=g","contentUrl":"https:\/\/secure.gravatar.com\/avatar\/db3aa311fa8063e1f4df6b2da249929f?s=96&d=mm&r=g","caption":"gsantana2005"},"sameAs":["http:\/\/gsantana2005.net"],"url":"https:\/\/gsantana2005.net\/author\/gsantana2005\/"}]}},"amp_enabled":true,"_links":{"self":[{"href":"https:\/\/gsantana2005.net\/index.php\/wp-json\/wp\/v2\/posts\/722"}],"collection":[{"href":"https:\/\/gsantana2005.net\/index.php\/wp-json\/wp\/v2\/posts"}],"about":[{"href":"https:\/\/gsantana2005.net\/index.php\/wp-json\/wp\/v2\/types\/post"}],"author":[{"embeddable":true,"href":"https:\/\/gsantana2005.net\/index.php\/wp-json\/wp\/v2\/users\/1"}],"replies":[{"embeddable":true,"href":"https:\/\/gsantana2005.net\/index.php\/wp-json\/wp\/v2\/comments?post=722"}],"version-history":[{"count":1,"href":"https:\/\/gsantana2005.net\/index.php\/wp-json\/wp\/v2\/posts\/722\/revisions"}],"predecessor-version":[{"id":725,"href":"https:\/\/gsantana2005.net\/index.php\/wp-json\/wp\/v2\/posts\/722\/revisions\/725"}],"wp:featuredmedia":[{"embeddable":true,"href":"https:\/\/gsantana2005.net\/index.php\/wp-json\/wp\/v2\/media\/724"}],"wp:attachment":[{"href":"https:\/\/gsantana2005.net\/index.php\/wp-json\/wp\/v2\/media?parent=722"}],"wp:term":[{"taxonomy":"category","embeddable":true,"href":"https:\/\/gsantana2005.net\/index.php\/wp-json\/wp\/v2\/categories?post=722"},{"taxonomy":"post_tag","embeddable":true,"href":"https:\/\/gsantana2005.net\/index.php\/wp-json\/wp\/v2\/tags?post=722"}],"curies":[{"name":"wp","href":"https:\/\/api.w.org\/{rel}","templated":true}]}}