{"id":786,"date":"2023-11-16T18:30:13","date_gmt":"2023-11-16T18:30:13","guid":{"rendered":"https:\/\/gsantana2005.net\/?p=786"},"modified":"2024-02-03T01:02:49","modified_gmt":"2024-02-03T01:02:49","slug":"faca-a-diferenca-recicle-vidro-e-salve-o-planeta","status":"publish","type":"post","link":"https:\/\/gsantana2005.net\/index.php\/2023\/11\/16\/faca-a-diferenca-recicle-vidro-e-salve-o-planeta\/","title":{"rendered":"Fa\u00e7a a Diferen\u00e7a: Recicle Vidro e Salve o Planeta"},"content":{"rendered":"\n<p>Fa\u00e7a diferen\u00e7a: Recicle vidro \u00e9 salve o planeta, trata de um artigo sobre a reciclagem de vidro Um dos principais benef\u00edcios da reciclagem do vidro \u00e9 a baixa quantidade de energia necess\u00e1ria para derret\u00ea-lo para uma nova finalidade.  Ent\u00e3o, o vidro \u00e9 um material feito com areia, carbonato de s\u00f3dio, calc\u00e1rio e \u201ccasco\u201d. <\/p>\n\n\n\n<p>Por outro lado, voc\u00ea sabia que a reciclagem de vidro \u00e9 uma maneira incr\u00edvel de fazer sua parte pela sa\u00fade do nosso planeta? Vamos dar uma olhada em como essa pr\u00e1tica pode fazer toda a diferen\u00e7a!<\/p>\n\n\n\n<h2 class=\"wp-block-heading\">Economia de Energia Deslumbrante<\/h2>\n\n\n\n<p>Ao reciclarmos vidro, estamos contribuindo para a economia de uma quantidade significativa de energia. Derreter vidro reciclado exige muito menos energia do que produzir vidro a partir de mat\u00e9rias-primas virgens, como areia e carbonato de s\u00f3dio. Isso significa que cada vez que voc\u00ea recicla uma garrafa de vidro, est\u00e1 ajudando a preservar nossos recursos naturais e reduzindo a pegada de carbono.<\/p>\n\n\n\n<h2 class=\"wp-block-heading\">Ciclo Infinito<\/h2>\n\n\n\n<p>Imagine um ciclo onde se recicla cada peda\u00e7o de vidro repetidamente. Al\u00e9m disso, o vidro reciclado recebendo novos produtos, substituindo at\u00e9 95% das mat\u00e9rias-primas convencionais. Isso n\u00e3o apenas conserva recursos, mas tamb\u00e9m reduz a quantidade de res\u00edduos que se acumulam em aterros sanit\u00e1rios. Ao reciclar, voc\u00ea est\u00e1 dando a cada garrafa de vidro a chance de uma segunda vida, terceira, quarta&#8230; um ciclo infinito de sustentabilidade!<\/p>\n\n\n\n<h2 class=\"wp-block-heading\">Redu\u00e7\u00e3o de Res\u00edduos e Emiss\u00f5es de Carbono<\/h2>\n\n\n\n<p> Em 2018, somente nos Estados Unidos reciclou-se apenas 25% dos res\u00edduos de recipientes\/embalagens de vidro, economizando milh\u00f5es de toneladas de mat\u00e9rias-primas e reduzindo as emiss\u00f5es de carbono. Ao agir agora, podemos aumentar esses n\u00fameros e criar um impacto ainda maior!<\/p>\n\n\n\n<h2 class=\"wp-block-heading\">Descomplique a Reciclagem de Vidro<\/h2>\n\n\n\n<p> Lembre-se, a reciclagem de vidro n\u00e3o \u00e9 apenas sobre o que voc\u00ea recicla, mas tamb\u00e9m sobre o que N\u00c3O recicla. Dessa forma, certos produtos de vidro, como vidros planos, lou\u00e7as, cer\u00e2micas e porcelanas, precisam de aten\u00e7\u00e3o especial. Conhecimento \u00e9 poder! Ao entender o que pode e o que n\u00e3o pode ser reciclado convencionalmente, voc\u00ea est\u00e1 ajudando a garantir que o processo seja eficiente e ambientalmente correto.<\/p>\n\n\n\n<h2 class=\"wp-block-heading\"> Cada Garrafa Conta<\/h2>\n\n\n\n<p>E se cada um de n\u00f3s se comprometer a reciclar uma garrafa de vidro, poder\u00edamos fazer uma mudan\u00e7a gigantesca. Imagine o impacto positivo que isso teria em nossos aterros sanit\u00e1rios e no nosso meio ambiente. N\u00e3o \u00e9 apenas uma garrafa, \u00e9 um pequeno gesto que pode ter um enorme impacto.<\/p>\n\n\n\n<p>Ent\u00e3o, da pr\u00f3xima vez que segurar uma garrafa de vidro, lembre-se: seu gesto de reciclagem est\u00e1 moldando um futuro mais verde e saud\u00e1vel para todos n\u00f3s. Junte-se ao movimento da reciclagem de vidro e seja parte da solu\u00e7\u00e3o para um planeta mais sustent\u00e1vel!<\/p>\n\n\n\n<p>A reciclagem de vidro, como mencionado, apresenta v\u00e1rios benef\u00edcios ambientais significativos. Ent\u00e3o, aqui est\u00e3o alguns pontos adicionais e informa\u00e7\u00f5es sobre a reciclagem de vidro:<\/p>\n\n\n\n<h2 class=\"wp-block-heading\">Benef\u00edcios da Reciclagem de Vidro<\/h2>\n\n\n\n<h3 class=\"wp-block-heading\">Economia de Energia:<\/h3>\n\n\n\n<p>A produ\u00e7\u00e3o de vidro a partir de mat\u00e9rias-primas virgens consome mais energia do que a reciclagem. Assim, derreter vidro reciclado requer uma temperatura mais baixa do que a fus\u00e3o de mat\u00e9rias-primas originais, resultando em uma significativa economia de energia.<\/p>\n\n\n\n<h3 class=\"wp-block-heading\">Redu\u00e7\u00e3o de Emiss\u00f5es de Carbono:<\/h3>\n\n\n\n<p>A produ\u00e7\u00e3o de vidro a partir de mat\u00e9rias-primas virgens libera uma quantidade substancial de di\u00f3xido de carbono na atmosfera. Dessa forma, a incorpora\u00e7\u00e3o de vidro reciclado na produ\u00e7\u00e3o reduz essas emiss\u00f5es.<\/p>\n\n\n\n<h3 class=\"wp-block-heading\">Conserva\u00e7\u00e3o de Recursos Naturais:<\/h3>\n\n\n\n<p>A princ\u00edpio, a reciclagem de vidro ajuda a conservar os recursos naturais, como areia e minerais, que s\u00e3o usados na fabrica\u00e7\u00e3o de vidro convencional.<\/p>\n\n\n\n<h3 class=\"wp-block-heading\">Redu\u00e7\u00e3o do Volume de Res\u00edduos:<\/h3>\n\n\n\n<p>Reciclar vidro reduz, sobretudo, a quantidade de res\u00edduos em aterros sanit\u00e1rios, prolongando a vida \u00fatil dessas instala\u00e7\u00f5es.<\/p>\n\n\n\n<h2 class=\"wp-block-heading\"><strong>Processo de Reciclagem de Vidro:<\/strong><\/h2>\n\n\n\n<p><strong>Coleta:<\/strong><\/p>\n\n\n\n<p>A principio, coleta-se o vidro em recipientes espec\u00edficos, muitas vezes chamados de &#8220;iglus&#8221; ou contentores de reciclagem.<\/p>\n\n\n\n<p><strong>Separa\u00e7\u00e3o:<\/strong><\/p>\n\n\n\n<p>Ent\u00e3o, separa-se o vidro  por cor (verde, marrom, e transparente) porque misturar cores pode afetar a qualidade do vidro reciclado.<\/p>\n\n\n\n<p><strong>Limpeza:<\/strong><\/p>\n\n\n\n<p>O vidro \u00e9 limpo para remover contaminantes, como r\u00f3tulos, tampas, e res\u00edduos de alimentos.<\/p>\n\n\n\n<p><strong>Fragmenta\u00e7\u00e3o:<\/strong><\/p>\n\n\n\n<p>O vidro \u00e9 quebrado em peda\u00e7os menores chamados cacos.<\/p>\n\n\n\n<p><strong>Fundi\u00e7\u00e3o:<\/strong><\/p>\n\n\n\n<p>Os cacos s\u00e3o derretidos e moldados para criar novos produtos de vidro.<\/p>\n\n\n\n<h2 class=\"wp-block-heading\">O que pode e n\u00e3o \u00e9 recicl\u00e1vel:<\/h2>\n\n\n\n<h3 class=\"wp-block-heading\"><strong>Recicl\u00e1vel<\/strong><\/h3>\n\n\n\n<ul class=\"wp-block-list\">\n<li>Garrafas de vidro, potes, frascos e outros recipientes de vidro.<\/li>\n\n\n\n<li>Vidro de janelas e espelhos geralmente n\u00e3o s\u00e3o recicl\u00e1veis devido a revestimentos.<\/li>\n<\/ul>\n\n\n\n<h3 class=\"wp-block-heading\"><strong>N\u00e3o recicl\u00e1vel (ou requer cuidados especiais):<\/strong><\/h3>\n\n\n\n<ul class=\"wp-block-list\">\n<li>Vidros planos, como os de janelas e espelhos.<\/li>\n\n\n\n<li>Lou\u00e7as de vidro, cer\u00e2micas e porcelanas, pois t\u00eam pontos de fus\u00e3o diferentes.<\/li>\n\n\n\n<li>Vidro de l\u00e2mpadas e l\u00e2mpadas fluorescentes, devido \u00e0 presen\u00e7a de subst\u00e2ncias qu\u00edmicas.<\/li>\n<\/ul>\n\n\n\n<h2 class=\"wp-block-heading\">Conscientiza\u00e7\u00e3o e Participa\u00e7\u00e3o:<\/h2>\n\n\n\n<p>\u00c9 crucial que as comunidades incentivem a reciclagem de vidro por meio de campanhas de conscientiza\u00e7\u00e3o e facilitando a coleta seletiva. Os consumidores desempenham um papel vital, garantindo a correta separa\u00e7\u00e3o do vidro e o descarte nos locais apropriados.<\/p>\n\n\n\n<p>Em resumo, a reciclagem de vidro \u00e9 uma pr\u00e1tica ambientalmente ben\u00e9fica que reduz a demanda por mat\u00e9rias-primas, economiza energia e contribui para a redu\u00e7\u00e3o de emiss\u00f5es de carbono.<\/p>\n\n\n\n<h2 class=\"wp-block-heading\">Convite especial para voc\u00ea<\/h2>\n\n\n\n<p>Depois deste artigo Upcycling: Transformando o Velho em Novo com Estilo e Sustentabilidade. Mesmo assim, caso queira nossa contribui\u00e7\u00e3o entre em contato:&nbsp;<a href=\"mailto:gsantana2005@gmail.com\">gsantana2005@gmail.com<\/a>&nbsp;veja o nosso&nbsp;<a href=\"https:\/\/www.instagram.com\/genilsonpereirasantana1\/\" rel=\"nofollow noopener\" target=\"_blank\">Instagram<\/a><\/p>\n\n\n\n<p>Al\u00e9m disso, j\u00e1 que voc\u00ea chegou at\u00e9 aqui descubra mais sobre nos artigos abaixo:<\/p>\n\n\n\n<ul class=\"wp-block-list\">\n<li><a href=\"https:\/\/gsantana2005.net\/index.php\/2023\/08\/30\/como-o-monitoramento-ambiental-e-importante-para-o-planeta\/\">Como o monitoramento ambiental \u00e9 importante para o planeta<\/a><\/li>\n\n\n\n<li><a href=\"https:\/\/gsantana2005.net\/index.php\/2023\/08\/28\/uma-breve-historia-dos-creditos-de-carbono\/\">Uma breve hist\u00f3ria dos cr\u00e9ditos de carbono<\/a><\/li>\n\n\n\n<li><a href=\"https:\/\/gsantana2005.net\/index.php\/2023\/08\/26\/a-crescente-importancia-dos-fatores-esg-nos-investimentos\/\">A crescente import\u00e2ncia dos fatores ESG nos investimentos<\/a><\/li>\n\n\n\n<li><a href=\"https:\/\/gsantana2005.net\/index.php\/2023\/08\/24\/6-ideias-para-tornar-uma-pequea-empresa-sustentavel\/\">6 ideias para tornar uma pequena empresa sustent\u00e1vel<\/a><\/li>\n<\/ul>\n\n\n\n<p>Ent\u00e3o, conhe\u00e7a tamb\u00e9m nossos cursos sobre&nbsp;<a href=\"https:\/\/gsantana2005.net\/index.php\/2023\/07\/21\/gestao-de-residuos\/\">Gest\u00e3o de res\u00edduos<\/a>&nbsp;e&nbsp;<a href=\"https:\/\/gsantana2005.net\/index.php\/2023\/08\/08\/tratamento-de-efluentes\/\">Tratamento de efluentes<\/a>. Maiores informa\u00e7\u00f5es:&nbsp;<a href=\"mailto:gsantana2005@gmail.com\">gsantana2005@gmail.com<\/a>&nbsp;ou 92 991227158 (WhatsApp)<\/p>\n","protected":false},"excerpt":{"rendered":"<p>Fa\u00e7a diferen\u00e7a: Recicle vidro \u00e9 salve o planeta, trata de um artigo sobre a reciclagem de vidro Um dos principais benef\u00edcios da reciclagem do vidro \u00e9 a baixa quantidade de energia necess\u00e1ria para derret\u00ea-lo para uma nova finalidade. Ent\u00e3o, o vidro \u00e9 um material feito com areia, carbonato de s\u00f3dio, calc\u00e1rio e \u201ccasco\u201d. Por outro [&hellip;]<\/p>\n","protected":false},"author":1,"featured_media":787,"comment_status":"open","ping_status":"closed","sticky":false,"template":"","format":"standard","meta":{"om_disable_all_campaigns":false,"_monsterinsights_skip_tracking":false,"_monsterinsights_sitenote_active":false,"_monsterinsights_sitenote_note":"","_monsterinsights_sitenote_category":0,"footnotes":"","_links_to":"","_links_to_target":""},"categories":[273,3,4],"tags":[365,364,367,368,363,366,285],"class_list":["post-786","post","type-post","status-publish","format-standard","has-post-thumbnail","hentry","category-economia-de-recursos","category-genilson-pereira-santana","category-reciclagem-e-upcycling","tag-ciclo-infinito-conscientizacao-ambiental","tag-economia-de-energia","tag-meio-ambiente-saudavel","tag-praticas-verdes","tag-reciclagem-de-vidro","tag-reducao-de-residuos","tag-sustentabilidade-ambiental"],"aioseo_notices":[],"yoast_head":"<!-- This site is optimized with the Yoast SEO plugin v24.5 - https:\/\/yoast.com\/wordpress\/plugins\/seo\/ -->\n<title>Fa\u00e7a a Diferen\u00e7a: Recicle Vidro e Salve o Planeta - gsantana2005<\/title>\n<meta name=\"description\" content=\"Fa\u00e7a a Diferen\u00e7a: Recicle vidro e salve o planeta mostra para voc\u00ea a import\u00e2ncia da reciclagem no caso de material usado a muitos s\u00e9culos\" \/>\n<meta name=\"robots\" content=\"index, follow, max-snippet:-1, max-image-preview:large, max-video-preview:-1\" \/>\n<link rel=\"canonical\" href=\"https:\/\/gsantana2005.net\/index.php\/2023\/11\/16\/faca-a-diferenca-recicle-vidro-e-salve-o-planeta\/\" \/>\n<meta property=\"og:locale\" content=\"pt_BR\" \/>\n<meta property=\"og:type\" content=\"article\" \/>\n<meta property=\"og:title\" content=\"Fa\u00e7a a Diferen\u00e7a: Recicle Vidro e Salve o Planeta - gsantana2005\" \/>\n<meta property=\"og:description\" content=\"Fa\u00e7a a Diferen\u00e7a: Recicle vidro e salve o planeta mostra para voc\u00ea a import\u00e2ncia da reciclagem no caso de material usado a muitos s\u00e9culos\" \/>\n<meta property=\"og:url\" content=\"https:\/\/gsantana2005.net\/index.php\/2023\/11\/16\/faca-a-diferenca-recicle-vidro-e-salve-o-planeta\/\" \/>\n<meta property=\"og:site_name\" content=\"gsantana2005\" \/>\n<meta property=\"article:published_time\" content=\"2023-11-16T18:30:13+00:00\" \/>\n<meta property=\"article:modified_time\" content=\"2024-02-03T01:02:49+00:00\" \/>\n<meta property=\"og:image\" content=\"http:\/\/gsantana2005.net\/wp-content\/uploads\/2023\/11\/vidro.jpg\" \/>\n\t<meta property=\"og:image:width\" content=\"1280\" \/>\n\t<meta property=\"og:image:height\" content=\"965\" \/>\n\t<meta property=\"og:image:type\" content=\"image\/jpeg\" \/>\n<meta name=\"author\" content=\"gsantana2005\" \/>\n<meta name=\"twitter:card\" content=\"summary_large_image\" \/>\n<meta name=\"twitter:label1\" content=\"Escrito por\" \/>\n\t<meta name=\"twitter:data1\" content=\"gsantana2005\" \/>\n\t<meta name=\"twitter:label2\" content=\"Est. tempo de leitura\" \/>\n\t<meta name=\"twitter:data2\" content=\"6 minutos\" \/>\n<script type=\"application\/ld+json\" class=\"yoast-schema-graph\">{\"@context\":\"https:\/\/schema.org\",\"@graph\":[{\"@type\":\"Article\",\"@id\":\"https:\/\/gsantana2005.net\/index.php\/2023\/11\/16\/faca-a-diferenca-recicle-vidro-e-salve-o-planeta\/#article\",\"isPartOf\":{\"@id\":\"https:\/\/gsantana2005.net\/index.php\/2023\/11\/16\/faca-a-diferenca-recicle-vidro-e-salve-o-planeta\/\"},\"author\":{\"name\":\"gsantana2005\",\"@id\":\"https:\/\/gsantana2005.net\/#\/schema\/person\/78c90c6f49a46ef4c8e69bafec347cb7\"},\"headline\":\"Fa\u00e7a a Diferen\u00e7a: Recicle Vidro e Salve o Planeta\",\"datePublished\":\"2023-11-16T18:30:13+00:00\",\"dateModified\":\"2024-02-03T01:02:49+00:00\",\"mainEntityOfPage\":{\"@id\":\"https:\/\/gsantana2005.net\/index.php\/2023\/11\/16\/faca-a-diferenca-recicle-vidro-e-salve-o-planeta\/\"},\"wordCount\":1034,\"commentCount\":0,\"publisher\":{\"@id\":\"https:\/\/gsantana2005.net\/#organization\"},\"image\":{\"@id\":\"https:\/\/gsantana2005.net\/index.php\/2023\/11\/16\/faca-a-diferenca-recicle-vidro-e-salve-o-planeta\/#primaryimage\"},\"thumbnailUrl\":\"https:\/\/gsantana2005.net\/wp-content\/uploads\/2023\/11\/vidro.jpg\",\"keywords\":[\"Ciclo Infinito. Conscientizacao Ambiental\",\"Economia De Energia\",\"Meio Ambiente Saudavel\",\"Praticas Verdes\",\"Reciclagem De Vidro\",\"Reducao De Residuos\",\"Sustentabilidade Ambiental\"],\"articleSection\":[\"Economia de Recursos\",\"Dr Genilson Santana\",\"Reciclagem e Upcycling\"],\"inLanguage\":\"pt-BR\",\"potentialAction\":[{\"@type\":\"CommentAction\",\"name\":\"Comment\",\"target\":[\"https:\/\/gsantana2005.net\/index.php\/2023\/11\/16\/faca-a-diferenca-recicle-vidro-e-salve-o-planeta\/#respond\"]}]},{\"@type\":\"WebPage\",\"@id\":\"https:\/\/gsantana2005.net\/index.php\/2023\/11\/16\/faca-a-diferenca-recicle-vidro-e-salve-o-planeta\/\",\"url\":\"https:\/\/gsantana2005.net\/index.php\/2023\/11\/16\/faca-a-diferenca-recicle-vidro-e-salve-o-planeta\/\",\"name\":\"Fa\u00e7a a Diferen\u00e7a: Recicle Vidro e Salve o Planeta - gsantana2005\",\"isPartOf\":{\"@id\":\"https:\/\/gsantana2005.net\/#website\"},\"primaryImageOfPage\":{\"@id\":\"https:\/\/gsantana2005.net\/index.php\/2023\/11\/16\/faca-a-diferenca-recicle-vidro-e-salve-o-planeta\/#primaryimage\"},\"image\":{\"@id\":\"https:\/\/gsantana2005.net\/index.php\/2023\/11\/16\/faca-a-diferenca-recicle-vidro-e-salve-o-planeta\/#primaryimage\"},\"thumbnailUrl\":\"https:\/\/gsantana2005.net\/wp-content\/uploads\/2023\/11\/vidro.jpg\",\"datePublished\":\"2023-11-16T18:30:13+00:00\",\"dateModified\":\"2024-02-03T01:02:49+00:00\",\"description\":\"Fa\u00e7a a Diferen\u00e7a: Recicle vidro e salve o planeta mostra para voc\u00ea a import\u00e2ncia da reciclagem no caso de material usado a muitos s\u00e9culos\",\"breadcrumb\":{\"@id\":\"https:\/\/gsantana2005.net\/index.php\/2023\/11\/16\/faca-a-diferenca-recicle-vidro-e-salve-o-planeta\/#breadcrumb\"},\"inLanguage\":\"pt-BR\",\"potentialAction\":[{\"@type\":\"ReadAction\",\"target\":[\"https:\/\/gsantana2005.net\/index.php\/2023\/11\/16\/faca-a-diferenca-recicle-vidro-e-salve-o-planeta\/\"]}]},{\"@type\":\"ImageObject\",\"inLanguage\":\"pt-BR\",\"@id\":\"https:\/\/gsantana2005.net\/index.php\/2023\/11\/16\/faca-a-diferenca-recicle-vidro-e-salve-o-planeta\/#primaryimage\",\"url\":\"https:\/\/gsantana2005.net\/wp-content\/uploads\/2023\/11\/vidro.jpg\",\"contentUrl\":\"https:\/\/gsantana2005.net\/wp-content\/uploads\/2023\/11\/vidro.jpg\",\"width\":1280,\"height\":965,\"caption\":\"Vidro\"},{\"@type\":\"BreadcrumbList\",\"@id\":\"https:\/\/gsantana2005.net\/index.php\/2023\/11\/16\/faca-a-diferenca-recicle-vidro-e-salve-o-planeta\/#breadcrumb\",\"itemListElement\":[{\"@type\":\"ListItem\",\"position\":1,\"name\":\"Home\",\"item\":\"https:\/\/gsantana2005.net\/\"},{\"@type\":\"ListItem\",\"position\":2,\"name\":\"Fa\u00e7a a Diferen\u00e7a: Recicle Vidro e Salve o Planeta\"}]},{\"@type\":\"WebSite\",\"@id\":\"https:\/\/gsantana2005.net\/#website\",\"url\":\"https:\/\/gsantana2005.net\/\",\"name\":\"gsantana2005\",\"description\":\"Sejamos sustent\u00e1veis\",\"publisher\":{\"@id\":\"https:\/\/gsantana2005.net\/#organization\"},\"potentialAction\":[{\"@type\":\"SearchAction\",\"target\":{\"@type\":\"EntryPoint\",\"urlTemplate\":\"https:\/\/gsantana2005.net\/?s={search_term_string}\"},\"query-input\":{\"@type\":\"PropertyValueSpecification\",\"valueRequired\":true,\"valueName\":\"search_term_string\"}}],\"inLanguage\":\"pt-BR\"},{\"@type\":\"Organization\",\"@id\":\"https:\/\/gsantana2005.net\/#organization\",\"name\":\"gsantana2005\",\"url\":\"https:\/\/gsantana2005.net\/\",\"logo\":{\"@type\":\"ImageObject\",\"inLanguage\":\"pt-BR\",\"@id\":\"https:\/\/gsantana2005.net\/#\/schema\/logo\/image\/\",\"url\":\"https:\/\/gsantana2005.net\/wp-content\/uploads\/2023\/06\/cropped-Gs-sem-fundo.jpg\",\"contentUrl\":\"https:\/\/gsantana2005.net\/wp-content\/uploads\/2023\/06\/cropped-Gs-sem-fundo.jpg\",\"width\":100,\"height\":100,\"caption\":\"gsantana2005\"},\"image\":{\"@id\":\"https:\/\/gsantana2005.net\/#\/schema\/logo\/image\/\"}},{\"@type\":\"Person\",\"@id\":\"https:\/\/gsantana2005.net\/#\/schema\/person\/78c90c6f49a46ef4c8e69bafec347cb7\",\"name\":\"gsantana2005\",\"image\":{\"@type\":\"ImageObject\",\"inLanguage\":\"pt-BR\",\"@id\":\"https:\/\/gsantana2005.net\/#\/schema\/person\/image\/\",\"url\":\"https:\/\/secure.gravatar.com\/avatar\/db3aa311fa8063e1f4df6b2da249929f?s=96&d=mm&r=g\",\"contentUrl\":\"https:\/\/secure.gravatar.com\/avatar\/db3aa311fa8063e1f4df6b2da249929f?s=96&d=mm&r=g\",\"caption\":\"gsantana2005\"},\"sameAs\":[\"http:\/\/gsantana2005.net\"],\"url\":\"https:\/\/gsantana2005.net\/author\/gsantana2005\/\"}]}<\/script>\n<!-- \/ Yoast SEO plugin. -->","yoast_head_json":{"title":"Fa\u00e7a a Diferen\u00e7a: Recicle Vidro e Salve o Planeta - gsantana2005","description":"Fa\u00e7a a Diferen\u00e7a: Recicle vidro e salve o planeta mostra para voc\u00ea a import\u00e2ncia da reciclagem no caso de material usado a muitos s\u00e9culos","robots":{"index":"index","follow":"follow","max-snippet":"max-snippet:-1","max-image-preview":"max-image-preview:large","max-video-preview":"max-video-preview:-1"},"canonical":"https:\/\/gsantana2005.net\/index.php\/2023\/11\/16\/faca-a-diferenca-recicle-vidro-e-salve-o-planeta\/","og_locale":"pt_BR","og_type":"article","og_title":"Fa\u00e7a a Diferen\u00e7a: Recicle Vidro e Salve o Planeta - gsantana2005","og_description":"Fa\u00e7a a Diferen\u00e7a: Recicle vidro e salve o planeta mostra para voc\u00ea a import\u00e2ncia da reciclagem no caso de material usado a muitos s\u00e9culos","og_url":"https:\/\/gsantana2005.net\/index.php\/2023\/11\/16\/faca-a-diferenca-recicle-vidro-e-salve-o-planeta\/","og_site_name":"gsantana2005","article_published_time":"2023-11-16T18:30:13+00:00","article_modified_time":"2024-02-03T01:02:49+00:00","og_image":[{"width":1280,"height":965,"url":"http:\/\/gsantana2005.net\/wp-content\/uploads\/2023\/11\/vidro.jpg","type":"image\/jpeg"}],"author":"gsantana2005","twitter_card":"summary_large_image","twitter_misc":{"Escrito por":"gsantana2005","Est. tempo de leitura":"6 minutos"},"schema":{"@context":"https:\/\/schema.org","@graph":[{"@type":"Article","@id":"https:\/\/gsantana2005.net\/index.php\/2023\/11\/16\/faca-a-diferenca-recicle-vidro-e-salve-o-planeta\/#article","isPartOf":{"@id":"https:\/\/gsantana2005.net\/index.php\/2023\/11\/16\/faca-a-diferenca-recicle-vidro-e-salve-o-planeta\/"},"author":{"name":"gsantana2005","@id":"https:\/\/gsantana2005.net\/#\/schema\/person\/78c90c6f49a46ef4c8e69bafec347cb7"},"headline":"Fa\u00e7a a Diferen\u00e7a: Recicle Vidro e Salve o Planeta","datePublished":"2023-11-16T18:30:13+00:00","dateModified":"2024-02-03T01:02:49+00:00","mainEntityOfPage":{"@id":"https:\/\/gsantana2005.net\/index.php\/2023\/11\/16\/faca-a-diferenca-recicle-vidro-e-salve-o-planeta\/"},"wordCount":1034,"commentCount":0,"publisher":{"@id":"https:\/\/gsantana2005.net\/#organization"},"image":{"@id":"https:\/\/gsantana2005.net\/index.php\/2023\/11\/16\/faca-a-diferenca-recicle-vidro-e-salve-o-planeta\/#primaryimage"},"thumbnailUrl":"https:\/\/gsantana2005.net\/wp-content\/uploads\/2023\/11\/vidro.jpg","keywords":["Ciclo Infinito. Conscientizacao Ambiental","Economia De Energia","Meio Ambiente Saudavel","Praticas Verdes","Reciclagem De Vidro","Reducao De Residuos","Sustentabilidade Ambiental"],"articleSection":["Economia de Recursos","Dr Genilson Santana","Reciclagem e Upcycling"],"inLanguage":"pt-BR","potentialAction":[{"@type":"CommentAction","name":"Comment","target":["https:\/\/gsantana2005.net\/index.php\/2023\/11\/16\/faca-a-diferenca-recicle-vidro-e-salve-o-planeta\/#respond"]}]},{"@type":"WebPage","@id":"https:\/\/gsantana2005.net\/index.php\/2023\/11\/16\/faca-a-diferenca-recicle-vidro-e-salve-o-planeta\/","url":"https:\/\/gsantana2005.net\/index.php\/2023\/11\/16\/faca-a-diferenca-recicle-vidro-e-salve-o-planeta\/","name":"Fa\u00e7a a Diferen\u00e7a: Recicle Vidro e Salve o Planeta - gsantana2005","isPartOf":{"@id":"https:\/\/gsantana2005.net\/#website"},"primaryImageOfPage":{"@id":"https:\/\/gsantana2005.net\/index.php\/2023\/11\/16\/faca-a-diferenca-recicle-vidro-e-salve-o-planeta\/#primaryimage"},"image":{"@id":"https:\/\/gsantana2005.net\/index.php\/2023\/11\/16\/faca-a-diferenca-recicle-vidro-e-salve-o-planeta\/#primaryimage"},"thumbnailUrl":"https:\/\/gsantana2005.net\/wp-content\/uploads\/2023\/11\/vidro.jpg","datePublished":"2023-11-16T18:30:13+00:00","dateModified":"2024-02-03T01:02:49+00:00","description":"Fa\u00e7a a Diferen\u00e7a: Recicle vidro e salve o planeta mostra para voc\u00ea a import\u00e2ncia da reciclagem no caso de material usado a muitos s\u00e9culos","breadcrumb":{"@id":"https:\/\/gsantana2005.net\/index.php\/2023\/11\/16\/faca-a-diferenca-recicle-vidro-e-salve-o-planeta\/#breadcrumb"},"inLanguage":"pt-BR","potentialAction":[{"@type":"ReadAction","target":["https:\/\/gsantana2005.net\/index.php\/2023\/11\/16\/faca-a-diferenca-recicle-vidro-e-salve-o-planeta\/"]}]},{"@type":"ImageObject","inLanguage":"pt-BR","@id":"https:\/\/gsantana2005.net\/index.php\/2023\/11\/16\/faca-a-diferenca-recicle-vidro-e-salve-o-planeta\/#primaryimage","url":"https:\/\/gsantana2005.net\/wp-content\/uploads\/2023\/11\/vidro.jpg","contentUrl":"https:\/\/gsantana2005.net\/wp-content\/uploads\/2023\/11\/vidro.jpg","width":1280,"height":965,"caption":"Vidro"},{"@type":"BreadcrumbList","@id":"https:\/\/gsantana2005.net\/index.php\/2023\/11\/16\/faca-a-diferenca-recicle-vidro-e-salve-o-planeta\/#breadcrumb","itemListElement":[{"@type":"ListItem","position":1,"name":"Home","item":"https:\/\/gsantana2005.net\/"},{"@type":"ListItem","position":2,"name":"Fa\u00e7a a Diferen\u00e7a: Recicle Vidro e Salve o Planeta"}]},{"@type":"WebSite","@id":"https:\/\/gsantana2005.net\/#website","url":"https:\/\/gsantana2005.net\/","name":"gsantana2005","description":"Sejamos sustent\u00e1veis","publisher":{"@id":"https:\/\/gsantana2005.net\/#organization"},"potentialAction":[{"@type":"SearchAction","target":{"@type":"EntryPoint","urlTemplate":"https:\/\/gsantana2005.net\/?s={search_term_string}"},"query-input":{"@type":"PropertyValueSpecification","valueRequired":true,"valueName":"search_term_string"}}],"inLanguage":"pt-BR"},{"@type":"Organization","@id":"https:\/\/gsantana2005.net\/#organization","name":"gsantana2005","url":"https:\/\/gsantana2005.net\/","logo":{"@type":"ImageObject","inLanguage":"pt-BR","@id":"https:\/\/gsantana2005.net\/#\/schema\/logo\/image\/","url":"https:\/\/gsantana2005.net\/wp-content\/uploads\/2023\/06\/cropped-Gs-sem-fundo.jpg","contentUrl":"https:\/\/gsantana2005.net\/wp-content\/uploads\/2023\/06\/cropped-Gs-sem-fundo.jpg","width":100,"height":100,"caption":"gsantana2005"},"image":{"@id":"https:\/\/gsantana2005.net\/#\/schema\/logo\/image\/"}},{"@type":"Person","@id":"https:\/\/gsantana2005.net\/#\/schema\/person\/78c90c6f49a46ef4c8e69bafec347cb7","name":"gsantana2005","image":{"@type":"ImageObject","inLanguage":"pt-BR","@id":"https:\/\/gsantana2005.net\/#\/schema\/person\/image\/","url":"https:\/\/secure.gravatar.com\/avatar\/db3aa311fa8063e1f4df6b2da249929f?s=96&d=mm&r=g","contentUrl":"https:\/\/secure.gravatar.com\/avatar\/db3aa311fa8063e1f4df6b2da249929f?s=96&d=mm&r=g","caption":"gsantana2005"},"sameAs":["http:\/\/gsantana2005.net"],"url":"https:\/\/gsantana2005.net\/author\/gsantana2005\/"}]}},"amp_enabled":true,"_links":{"self":[{"href":"https:\/\/gsantana2005.net\/index.php\/wp-json\/wp\/v2\/posts\/786"}],"collection":[{"href":"https:\/\/gsantana2005.net\/index.php\/wp-json\/wp\/v2\/posts"}],"about":[{"href":"https:\/\/gsantana2005.net\/index.php\/wp-json\/wp\/v2\/types\/post"}],"author":[{"embeddable":true,"href":"https:\/\/gsantana2005.net\/index.php\/wp-json\/wp\/v2\/users\/1"}],"replies":[{"embeddable":true,"href":"https:\/\/gsantana2005.net\/index.php\/wp-json\/wp\/v2\/comments?post=786"}],"version-history":[{"count":1,"href":"https:\/\/gsantana2005.net\/index.php\/wp-json\/wp\/v2\/posts\/786\/revisions"}],"predecessor-version":[{"id":788,"href":"https:\/\/gsantana2005.net\/index.php\/wp-json\/wp\/v2\/posts\/786\/revisions\/788"}],"wp:featuredmedia":[{"embeddable":true,"href":"https:\/\/gsantana2005.net\/index.php\/wp-json\/wp\/v2\/media\/787"}],"wp:attachment":[{"href":"https:\/\/gsantana2005.net\/index.php\/wp-json\/wp\/v2\/media?parent=786"}],"wp:term":[{"taxonomy":"category","embeddable":true,"href":"https:\/\/gsantana2005.net\/index.php\/wp-json\/wp\/v2\/categories?post=786"},{"taxonomy":"post_tag","embeddable":true,"href":"https:\/\/gsantana2005.net\/index.php\/wp-json\/wp\/v2\/tags?post=786"}],"curies":[{"name":"wp","href":"https:\/\/api.w.org\/{rel}","templated":true}]}}