{"id":816,"date":"2023-11-18T12:14:48","date_gmt":"2023-11-18T12:14:48","guid":{"rendered":"https:\/\/gsantana2005.net\/?p=816"},"modified":"2024-02-04T22:44:13","modified_gmt":"2024-02-04T22:44:13","slug":"perda-de-biodiversidade-por-que-devemos-agir-imediatamente","status":"publish","type":"post","link":"https:\/\/gsantana2005.net\/index.php\/2023\/11\/18\/perda-de-biodiversidade-por-que-devemos-agir-imediatamente\/","title":{"rendered":"Perda de biodiversidade: Por que devemos agir Imediatamente?"},"content":{"rendered":"\n<p>Ent\u00e3, perda de biodiversidade: Por que devemos agir Imediatamente? apresenta os problemas e a necessidade da humanidade mudar. Dessa forma, a biodiversidade \u00e9 a diversidade de formas de vida que existem no planeta, desde animais, plantas, fungos at\u00e9 bact\u00e9rias e outros microrganismos. Ela \u00e9 essencial para a manuten\u00e7\u00e3o da vida na Terra, pois fornece os servi\u00e7os ecossist\u00eamicos que sustentam nosso bem-estar.<\/p>\n\n\n\n<p>No entanto, a biodiversidade est\u00e1 sendo perdida a um ritmo alarmante. Segundo a Plataforma Intergovernamental sobre Biodiversidade e Servi\u00e7os Ecossitema (IPBES), cerca de 1 milh\u00e3o de esp\u00e9cies est\u00e3o amea\u00e7adas de extin\u00e7\u00e3o.<\/p>\n\n\n\n<p>A perda de biodiversidade tem uma s\u00e9rie de consequ\u00eancias negativas para a humanidade. Ela afeta a nossa oferta de alimentos, \u00e1gua limpa e ar puro. Tamb\u00e9m representa um risco para a medicina, j\u00e1 que muitos tratamentos t\u00eam sua origem em recursos naturais.<\/p>\n\n\n\n<h2 class=\"wp-block-heading\"><strong>Por que agir agora?<\/strong><\/h2>\n\n\n\n<p>A perda de biodiversidade \u00e9 uma amea\u00e7a existencial \u00e0 humanidade. Assim, ela pode levar a uma crise alimentar, a um colapso dos sistemas de sa\u00fade e a um aumento da instabilidade social.<\/p>\n\n\n\n<p>\u00c9 por isso que \u00e9 essencial agir agora para reverter essa tend\u00eancia preocupante. A conscientiza\u00e7\u00e3o e a implementa\u00e7\u00e3o de pr\u00e1ticas sustent\u00e1veis a n\u00edvel individual e governamental s\u00e3o cruciais para a conserva\u00e7\u00e3o da biodiversidade.<\/p>\n\n\n\n<p>Dessa forma, os riscos relacionados com a natureza s\u00e3o, em muitos aspectos, um problema mais dif\u00edcil de resolver do que as altera\u00e7\u00f5es clim\u00e1ticas. N\u00e3o possui uma unidade \u00fanica de compara\u00e7\u00e3o, enquanto as emiss\u00f5es de gases efeito estufa s\u00e3o medidas em toneladas de CO<sub>2<\/sub>. O mundo n\u00e3o tem um \u00fanico objetivo como limitar o aquecimento global a 1,5 graus Celsius; os recifes de coral e as florestas tropicais s\u00e3o cr\u00edticos para o nosso planeta, mas s\u00e3o importantes por diferentes raz\u00f5es em diferentes \u00e1reas do mundo.<\/p>\n\n\n\n<p>A princ\u00edpio, os impactos f\u00edsicos da perda da natureza n\u00e3o ser\u00e3o distribu\u00eddos igualmente e os pa\u00edses responder\u00e3o de formas diferentes. Al\u00e9m disso, em cen\u00e1rios ambiciosos para travar e reverter a perda de biodiversidade, os riscos e as oportunidades afetam quase todos os sectores da economia e, para alguns, s\u00e3o de uma escala compar\u00e1vel \u00e0 do clima.<\/p>\n\n\n\n<p>Embora haja muito em comum e muito a aprender com os esfor\u00e7os em mat\u00e9ria de altera\u00e7\u00f5es clim\u00e1ticas, as principais diferen\u00e7as exigir\u00e3o novas ideias, dados e ferramentas.<\/p>\n\n\n\n<h2 class=\"wp-block-heading\"><strong>Riscos e Oportunidades: Um Desafio Global Multidimensional<\/strong><\/h2>\n\n\n\n<p>Os riscos e oportunidades relacionados com a natureza abrangem diversas dimens\u00f5es. Ent\u00e3o, os riscos f\u00edsicos referem-se \u00e0s mudan\u00e7as f\u00edsicas no planeta decorrentes da perda da natureza, como a iminente extin\u00e7\u00e3o de um milh\u00e3o de esp\u00e9cies. Um exemplo alarmante \u00e9 o impacto na agricultura nos EUA, onde a redu\u00e7\u00e3o ou elimina\u00e7\u00e3o das popula\u00e7\u00f5es de abelhas mel\u00edferas coloca em risco mais de 50 bilh\u00f5es de d\u00f3lares anuais em culturas dependentes de sua poliniza\u00e7\u00e3o.<\/p>\n\n\n\n<p>Al\u00e9m dos riscos f\u00edsicos, existem riscos e oportunidades de transi\u00e7\u00e3o, por exemplo, regulamenta\u00e7\u00f5es e custos introduzidos para mitigar a perda de natureza. Por exemplo, pa\u00edses que regulamentam rigorosamente atividades comerciais prejudiciais ao meio ambiente criam custos adicionais de conformidade para as empresas. Essas medidas, embora desafiantes, oferecem oportunidades para inova\u00e7\u00e3o e desenvolvimento sustent\u00e1vel.<\/p>\n\n\n\n<p>N\u00e3o podemos mais ignorar a urg\u00eancia da situa\u00e7\u00e3o. O tempo de agir \u00e9 agora, pois a preserva\u00e7\u00e3o da biodiversidade \u00e9 essencial para garantir um futuro pr\u00f3spero para o nosso planeta e para as gera\u00e7\u00f5es vindouras.<\/p>\n\n\n\n<h2 class=\"wp-block-heading\"><strong>O que cada um de n\u00f3s pode fazer?<\/strong><\/h2>\n\n\n\n<p>Existem muitas coisas que cada um de n\u00f3s pode fazer para ajudar a conservar a biodiversidade. Aqui est\u00e3o algumas dicas:<\/p>\n\n\n\n<ul class=\"wp-block-list\">\n<li><strong>Reduza o seu consumo de carne<\/strong>. A cria\u00e7\u00e3o de gado \u00e9 uma das principais causas da perda de florestas e da polui\u00e7\u00e3o da \u00e1gua.<\/li>\n\n\n\n<li><strong>Compre produtos locais e de origem sustent\u00e1ve<\/strong>l. Isso ajuda a reduzir o impacto ambiental do transporte de mercadorias.<\/li>\n\n\n\n<li><strong>Recicle e composte seus res\u00edduos<\/strong>. Isso ajuda a reduzir a quantidade de lixo que vai para aterros sanit\u00e1rios.<\/li>\n\n\n\n<li><strong>Apoie organiza\u00e7\u00f5es que trabalham pela conserva\u00e7\u00e3o da biodiversidade<\/strong>.<\/li>\n<\/ul>\n\n\n\n<p>Juntos, podemos fazer a diferen\u00e7a para preservar a riqueza natural do nosso planeta.<\/p>\n\n\n\n<h2 class=\"wp-block-heading\"><strong>Como podem as empresas e institui\u00e7\u00f5es financeiras agir agora?<\/strong><\/h2>\n\n\n\n<p>As empresas que reduzirem os seus impactos negativos sobre a natureza, criarem resili\u00eancia em todas as suas cadeias de valor e desenvolverem produtos alinhados com a natureza positiva, desfrutar\u00e3o de riscos mais baixos, de oportunidades de crescimento mais fortes e de uma maior quota de mercado. Assim, colocamos para voc\u00ea est\u00e3o tr\u00eas a\u00e7\u00f5es que as empresas podem realizar hoje para se posicionarem para o sucesso:<\/p>\n\n\n\n<ol class=\"wp-block-list\" type=\"1\">\n<li>Estabele\u00e7a metas para alinhar as opera\u00e7\u00f5es com a ambi\u00e7\u00e3o global da natureza. As empresas devem come\u00e7ar por desenvolver protocolos de medi\u00e7\u00e3o de impacto, com base em quadros emergentes. As empresas t\u00eam a oportunidade de sinalizar a\u00e7\u00f5es ambiciosas aos consumidores e investidores, garantindo ao mesmo tempo que os planos de crescimento futuro sejam consistentes com o desenvolvimento da regulamenta\u00e7\u00e3o global.<\/li>\n\n\n\n<li>Desenvolver estrat\u00e9gias para construir novos neg\u00f3cios e linhas de servi\u00e7os verdes. A transi\u00e7\u00e3o positiva para a natureza criar\u00e1 oportunidades de crescimento em setores-chave. Por exemplo, espera-se que o mercado global de prote\u00ednas alternativas cres\u00e7a quinze vezes at\u00e9 2030 e cinquenta vezes at\u00e9 2050, e relat\u00f3rios recentes sugerem que o investimento anual em solu\u00e7\u00f5es baseadas na natureza para as altera\u00e7\u00f5es clim\u00e1ticas ter\u00e1 de triplicar at\u00e9 2030 e atingir mais de 500 d\u00f3lares bilh\u00f5es at\u00e9 2050.<\/li>\n\n\n\n<li>Integrar a natureza nas estruturas de gest\u00e3o de riscos e nas pr\u00e1ticas de divulga\u00e7\u00e3o das empresas. As empresas devem ter sistemas compat\u00edveis para avaliar quais as partes da natureza das quais dependem mais e t\u00eam maior impacto, e implementar planos para mitigar o impacto de potenciais perturba\u00e7\u00f5es ou custos.<\/li>\n<\/ol>\n\n\n\n<h2 class=\"wp-block-heading\"><strong>Conclus\u00e3o<\/strong><\/h2>\n\n\n\n<p>Agir agora \u00e9 essencial para reverter essa tend\u00eancia preocupante. As empresas t\u00eam um papel fundamental a desempenhar nesse esfor\u00e7o.<\/p>\n\n\n\n<p>Felizmente, muitas das normas, quadros e sistemas regulamentares que foram desenvolvidos para o clima podem ser adaptados \u00e0 natureza. Isso significa que as empresas podem aproveitar as experi\u00eancias e conhecimentos adquiridos na luta contra as altera\u00e7\u00f5es clim\u00e1ticas para abordar a crise da natureza.<\/p>\n\n\n\n<p>As empresas que abra\u00e7arem o imperativo de compreender a quest\u00e3o e agirem de forma r\u00e1pida e decisiva estar\u00e3o mais bem posicionadas para gerir os riscos e oportunidades relacionados com a natureza. Elas tamb\u00e9m beneficiar\u00e3o mais da transi\u00e7\u00e3o l\u00edquida zero e positiva para a natureza.<\/p>\n\n\n\n<p>O que as empresas podem fazer:<\/p>\n\n\n\n<ul class=\"wp-block-list\">\n<li>As empresas podem tomar uma s\u00e9rie de medidas para proteger a natureza. Aqui est\u00e3o algumas ideias:<\/li>\n\n\n\n<li>Reduzir o seu impacto ambiental, por exemplo, reduzindo o consumo de energia e \u00e1gua, e minimizando a gera\u00e7\u00e3o de res\u00edduos.<\/li>\n\n\n\n<li>Investir em pr\u00e1ticas sustent\u00e1veis, como a gest\u00e3o florestal sustent\u00e1vel e a agricultura regenerativa.<\/li>\n\n\n\n<li>Apoiar organiza\u00e7\u00f5es que trabalham pela conserva\u00e7\u00e3o da natureza.<\/li>\n<\/ul>\n\n\n\n<p>Agindo agora, as empresas podem ajudar a construir um futuro mais sustent\u00e1vel para o nosso planeta.<\/p>\n\n\n\n<h2 class=\"wp-block-heading\">Convite especial para voc\u00ea<\/h2>\n\n\n\n<p>Depois deste artigo Perda de biodiversidade: Por que devemos agir Imediatamente? Acredito que queira saber mais de nossa contribui\u00e7\u00e3o na \u00e1rea ambiental. N\u00e3o fique inibido entre em contato:\u00a0<a href=\"mailto:gsantana2005@gmail.com\">gsantana2005@gmail.com<\/a>\u00a0veja o nosso\u00a0<a href=\"https:\/\/www.instagram.com\/genilsonpereirasantana1\/\" rel=\"nofollow noopener\" target=\"_blank\">Instagram<\/a><\/p>\n\n\n\n<p>Al\u00e9m disso, j\u00e1 que voc\u00ea chegou at\u00e9 aqui descubra mais sobre nos artigos abaixo:<\/p>\n\n\n\n<ul class=\"wp-block-list\">\n<li><a href=\"https:\/\/gsantana2005.net\/index.php\/2023\/08\/30\/como-o-monitoramento-ambiental-e-importante-para-o-planeta\/\">Como o monitoramento ambiental \u00e9 importante para o planeta<\/a><\/li>\n\n\n\n<li><a href=\"https:\/\/gsantana2005.net\/index.php\/2023\/08\/28\/uma-breve-historia-dos-creditos-de-carbono\/\">Uma breve hist\u00f3ria dos cr\u00e9ditos de carbono<\/a><\/li>\n\n\n\n<li><a href=\"https:\/\/gsantana2005.net\/index.php\/2023\/08\/26\/a-crescente-importancia-dos-fatores-esg-nos-investimentos\/\">A crescente import\u00e2ncia dos fatores ESG nos investimentos<\/a><\/li>\n\n\n\n<li><a href=\"https:\/\/gsantana2005.net\/index.php\/2023\/08\/24\/6-ideias-para-tornar-uma-pequea-empresa-sustentavel\/\">6 ideias para tornar uma pequena empresa sustent\u00e1vel<\/a><\/li>\n<\/ul>\n\n\n\n<p>Ent\u00e3o, conhe\u00e7a tamb\u00e9m nossos cursos sobre&nbsp;<a href=\"https:\/\/gsantana2005.net\/index.php\/2023\/07\/21\/gestao-de-residuos\/\">Gest\u00e3o de res\u00edduos<\/a>&nbsp;e&nbsp;<a href=\"https:\/\/gsantana2005.net\/index.php\/2023\/08\/08\/tratamento-de-efluentes\/\">Tratamento de efluentes<\/a>. Maiores informa\u00e7\u00f5es:&nbsp;<a href=\"mailto:gsantana2005@gmail.com\">gsantana2005@gmail.com<\/a>&nbsp;ou 92 991227158 (WhatsApp).<\/p>\n","protected":false},"excerpt":{"rendered":"<p>Ent\u00e3, perda de biodiversidade: Por que devemos agir Imediatamente? apresenta os problemas e a necessidade da humanidade mudar. Dessa forma, a biodiversidade \u00e9 a diversidade de formas de vida que existem no planeta, desde animais, plantas, fungos at\u00e9 bact\u00e9rias e outros microrganismos. Ela \u00e9 essencial para a manuten\u00e7\u00e3o da vida na Terra, pois fornece os [&hellip;]<\/p>\n","protected":false},"author":1,"featured_media":168,"comment_status":"open","ping_status":"closed","sticky":false,"template":"","format":"standard","meta":{"om_disable_all_campaigns":false,"_monsterinsights_skip_tracking":false,"_monsterinsights_sitenote_active":false,"_monsterinsights_sitenote_note":"","_monsterinsights_sitenote_category":0,"footnotes":"","_links_to":"","_links_to_target":""},"categories":[275,3,273],"tags":[572,571,570,549,574,575,573,406],"class_list":["post-816","post","type-post","status-publish","format-standard","has-post-thumbnail","hentry","category-conservacao-ambiental","category-genilson-pereira-santana","category-economia-de-recursos","tag-agir-pela-natureza","tag-ameaca-biodiversidade","tag-biodiversidade-emergencial","tag-consciencia-ambiental","tag-crise-biodiversidade","tag-empresas-pela-natureza","tag-preservacao-urgente","tag-sustentabilidade-global"],"aioseo_notices":[],"yoast_head":"<!-- This site is optimized with the Yoast SEO plugin v24.5 - https:\/\/yoast.com\/wordpress\/plugins\/seo\/ -->\n<title>Perda de biodiversidade: Por que devemos agir Imediatamente? - gsantana2005<\/title>\n<meta name=\"description\" content=\"Ent\u00e3, perda de biodiversidade: Por que devemos agir Imediatamente? apresenta os problemas e a necessidade da humanidade mudar.\" \/>\n<meta name=\"robots\" content=\"index, follow, max-snippet:-1, max-image-preview:large, max-video-preview:-1\" \/>\n<link rel=\"canonical\" href=\"https:\/\/gsantana2005.net\/index.php\/2023\/11\/18\/perda-de-biodiversidade-por-que-devemos-agir-imediatamente\/\" \/>\n<meta property=\"og:locale\" content=\"pt_BR\" \/>\n<meta property=\"og:type\" content=\"article\" \/>\n<meta property=\"og:title\" content=\"Perda de biodiversidade: Por que devemos agir Imediatamente? - gsantana2005\" \/>\n<meta property=\"og:description\" content=\"Ent\u00e3, perda de biodiversidade: Por que devemos agir Imediatamente? apresenta os problemas e a necessidade da humanidade mudar.\" \/>\n<meta property=\"og:url\" content=\"https:\/\/gsantana2005.net\/index.php\/2023\/11\/18\/perda-de-biodiversidade-por-que-devemos-agir-imediatamente\/\" \/>\n<meta property=\"og:site_name\" content=\"gsantana2005\" \/>\n<meta property=\"article:published_time\" content=\"2023-11-18T12:14:48+00:00\" \/>\n<meta property=\"article:modified_time\" content=\"2024-02-04T22:44:13+00:00\" \/>\n<meta property=\"og:image\" content=\"http:\/\/gsantana2005.net\/wp-content\/uploads\/2023\/01\/genilson-scaled.jpg\" \/>\n\t<meta property=\"og:image:width\" content=\"1920\" \/>\n\t<meta property=\"og:image:height\" content=\"2560\" \/>\n\t<meta property=\"og:image:type\" content=\"image\/jpeg\" \/>\n<meta name=\"author\" content=\"gsantana2005\" \/>\n<meta name=\"twitter:card\" content=\"summary_large_image\" \/>\n<meta name=\"twitter:label1\" content=\"Escrito por\" \/>\n\t<meta name=\"twitter:data1\" content=\"gsantana2005\" \/>\n\t<meta name=\"twitter:label2\" content=\"Est. tempo de leitura\" \/>\n\t<meta name=\"twitter:data2\" content=\"7 minutos\" \/>\n<script type=\"application\/ld+json\" class=\"yoast-schema-graph\">{\"@context\":\"https:\/\/schema.org\",\"@graph\":[{\"@type\":\"Article\",\"@id\":\"https:\/\/gsantana2005.net\/index.php\/2023\/11\/18\/perda-de-biodiversidade-por-que-devemos-agir-imediatamente\/#article\",\"isPartOf\":{\"@id\":\"https:\/\/gsantana2005.net\/index.php\/2023\/11\/18\/perda-de-biodiversidade-por-que-devemos-agir-imediatamente\/\"},\"author\":{\"name\":\"gsantana2005\",\"@id\":\"https:\/\/gsantana2005.net\/#\/schema\/person\/78c90c6f49a46ef4c8e69bafec347cb7\"},\"headline\":\"Perda de biodiversidade: Por que devemos agir Imediatamente?\",\"datePublished\":\"2023-11-18T12:14:48+00:00\",\"dateModified\":\"2024-02-04T22:44:13+00:00\",\"mainEntityOfPage\":{\"@id\":\"https:\/\/gsantana2005.net\/index.php\/2023\/11\/18\/perda-de-biodiversidade-por-que-devemos-agir-imediatamente\/\"},\"wordCount\":1345,\"commentCount\":0,\"publisher\":{\"@id\":\"https:\/\/gsantana2005.net\/#organization\"},\"image\":{\"@id\":\"https:\/\/gsantana2005.net\/index.php\/2023\/11\/18\/perda-de-biodiversidade-por-que-devemos-agir-imediatamente\/#primaryimage\"},\"thumbnailUrl\":\"https:\/\/gsantana2005.net\/wp-content\/uploads\/2023\/01\/genilson-scaled.jpg\",\"keywords\":[\"Agir Pela Natureza\",\"Amea\u00e7a Biodiversidade\",\"Biodiversidade Emergencial\",\"Consci\u00eancia Ambiental\",\"Crise Biodiversidade\",\"Empresas Pela Natureza\",\"Preserva\u00e7\u00e3o Urgente\",\"Sustentabilidade Global\"],\"articleSection\":[\"Conserva\u00e7\u00e3o Ambiental\",\"Dr Genilson Santana\",\"Economia de Recursos\"],\"inLanguage\":\"pt-BR\",\"potentialAction\":[{\"@type\":\"CommentAction\",\"name\":\"Comment\",\"target\":[\"https:\/\/gsantana2005.net\/index.php\/2023\/11\/18\/perda-de-biodiversidade-por-que-devemos-agir-imediatamente\/#respond\"]}]},{\"@type\":\"WebPage\",\"@id\":\"https:\/\/gsantana2005.net\/index.php\/2023\/11\/18\/perda-de-biodiversidade-por-que-devemos-agir-imediatamente\/\",\"url\":\"https:\/\/gsantana2005.net\/index.php\/2023\/11\/18\/perda-de-biodiversidade-por-que-devemos-agir-imediatamente\/\",\"name\":\"Perda de biodiversidade: Por que devemos agir Imediatamente? - gsantana2005\",\"isPartOf\":{\"@id\":\"https:\/\/gsantana2005.net\/#website\"},\"primaryImageOfPage\":{\"@id\":\"https:\/\/gsantana2005.net\/index.php\/2023\/11\/18\/perda-de-biodiversidade-por-que-devemos-agir-imediatamente\/#primaryimage\"},\"image\":{\"@id\":\"https:\/\/gsantana2005.net\/index.php\/2023\/11\/18\/perda-de-biodiversidade-por-que-devemos-agir-imediatamente\/#primaryimage\"},\"thumbnailUrl\":\"https:\/\/gsantana2005.net\/wp-content\/uploads\/2023\/01\/genilson-scaled.jpg\",\"datePublished\":\"2023-11-18T12:14:48+00:00\",\"dateModified\":\"2024-02-04T22:44:13+00:00\",\"description\":\"Ent\u00e3, perda de biodiversidade: Por que devemos agir Imediatamente? apresenta os problemas e a necessidade da humanidade mudar.\",\"breadcrumb\":{\"@id\":\"https:\/\/gsantana2005.net\/index.php\/2023\/11\/18\/perda-de-biodiversidade-por-que-devemos-agir-imediatamente\/#breadcrumb\"},\"inLanguage\":\"pt-BR\",\"potentialAction\":[{\"@type\":\"ReadAction\",\"target\":[\"https:\/\/gsantana2005.net\/index.php\/2023\/11\/18\/perda-de-biodiversidade-por-que-devemos-agir-imediatamente\/\"]}]},{\"@type\":\"ImageObject\",\"inLanguage\":\"pt-BR\",\"@id\":\"https:\/\/gsantana2005.net\/index.php\/2023\/11\/18\/perda-de-biodiversidade-por-que-devemos-agir-imediatamente\/#primaryimage\",\"url\":\"https:\/\/gsantana2005.net\/wp-content\/uploads\/2023\/01\/genilson-scaled.jpg\",\"contentUrl\":\"https:\/\/gsantana2005.net\/wp-content\/uploads\/2023\/01\/genilson-scaled.jpg\",\"width\":1920,\"height\":2560,\"caption\":\"Genilson Pereira Santana\"},{\"@type\":\"BreadcrumbList\",\"@id\":\"https:\/\/gsantana2005.net\/index.php\/2023\/11\/18\/perda-de-biodiversidade-por-que-devemos-agir-imediatamente\/#breadcrumb\",\"itemListElement\":[{\"@type\":\"ListItem\",\"position\":1,\"name\":\"Home\",\"item\":\"https:\/\/gsantana2005.net\/\"},{\"@type\":\"ListItem\",\"position\":2,\"name\":\"Perda de biodiversidade: Por que devemos agir Imediatamente?\"}]},{\"@type\":\"WebSite\",\"@id\":\"https:\/\/gsantana2005.net\/#website\",\"url\":\"https:\/\/gsantana2005.net\/\",\"name\":\"gsantana2005\",\"description\":\"Sejamos sustent\u00e1veis\",\"publisher\":{\"@id\":\"https:\/\/gsantana2005.net\/#organization\"},\"potentialAction\":[{\"@type\":\"SearchAction\",\"target\":{\"@type\":\"EntryPoint\",\"urlTemplate\":\"https:\/\/gsantana2005.net\/?s={search_term_string}\"},\"query-input\":{\"@type\":\"PropertyValueSpecification\",\"valueRequired\":true,\"valueName\":\"search_term_string\"}}],\"inLanguage\":\"pt-BR\"},{\"@type\":\"Organization\",\"@id\":\"https:\/\/gsantana2005.net\/#organization\",\"name\":\"gsantana2005\",\"url\":\"https:\/\/gsantana2005.net\/\",\"logo\":{\"@type\":\"ImageObject\",\"inLanguage\":\"pt-BR\",\"@id\":\"https:\/\/gsantana2005.net\/#\/schema\/logo\/image\/\",\"url\":\"https:\/\/gsantana2005.net\/wp-content\/uploads\/2023\/06\/cropped-Gs-sem-fundo.jpg\",\"contentUrl\":\"https:\/\/gsantana2005.net\/wp-content\/uploads\/2023\/06\/cropped-Gs-sem-fundo.jpg\",\"width\":100,\"height\":100,\"caption\":\"gsantana2005\"},\"image\":{\"@id\":\"https:\/\/gsantana2005.net\/#\/schema\/logo\/image\/\"}},{\"@type\":\"Person\",\"@id\":\"https:\/\/gsantana2005.net\/#\/schema\/person\/78c90c6f49a46ef4c8e69bafec347cb7\",\"name\":\"gsantana2005\",\"image\":{\"@type\":\"ImageObject\",\"inLanguage\":\"pt-BR\",\"@id\":\"https:\/\/gsantana2005.net\/#\/schema\/person\/image\/\",\"url\":\"https:\/\/secure.gravatar.com\/avatar\/db3aa311fa8063e1f4df6b2da249929f?s=96&d=mm&r=g\",\"contentUrl\":\"https:\/\/secure.gravatar.com\/avatar\/db3aa311fa8063e1f4df6b2da249929f?s=96&d=mm&r=g\",\"caption\":\"gsantana2005\"},\"sameAs\":[\"http:\/\/gsantana2005.net\"],\"url\":\"https:\/\/gsantana2005.net\/author\/gsantana2005\/\"}]}<\/script>\n<!-- \/ Yoast SEO plugin. -->","yoast_head_json":{"title":"Perda de biodiversidade: Por que devemos agir Imediatamente? - gsantana2005","description":"Ent\u00e3, perda de biodiversidade: Por que devemos agir Imediatamente? apresenta os problemas e a necessidade da humanidade mudar.","robots":{"index":"index","follow":"follow","max-snippet":"max-snippet:-1","max-image-preview":"max-image-preview:large","max-video-preview":"max-video-preview:-1"},"canonical":"https:\/\/gsantana2005.net\/index.php\/2023\/11\/18\/perda-de-biodiversidade-por-que-devemos-agir-imediatamente\/","og_locale":"pt_BR","og_type":"article","og_title":"Perda de biodiversidade: Por que devemos agir Imediatamente? - gsantana2005","og_description":"Ent\u00e3, perda de biodiversidade: Por que devemos agir Imediatamente? apresenta os problemas e a necessidade da humanidade mudar.","og_url":"https:\/\/gsantana2005.net\/index.php\/2023\/11\/18\/perda-de-biodiversidade-por-que-devemos-agir-imediatamente\/","og_site_name":"gsantana2005","article_published_time":"2023-11-18T12:14:48+00:00","article_modified_time":"2024-02-04T22:44:13+00:00","og_image":[{"width":1920,"height":2560,"url":"http:\/\/gsantana2005.net\/wp-content\/uploads\/2023\/01\/genilson-scaled.jpg","type":"image\/jpeg"}],"author":"gsantana2005","twitter_card":"summary_large_image","twitter_misc":{"Escrito por":"gsantana2005","Est. tempo de leitura":"7 minutos"},"schema":{"@context":"https:\/\/schema.org","@graph":[{"@type":"Article","@id":"https:\/\/gsantana2005.net\/index.php\/2023\/11\/18\/perda-de-biodiversidade-por-que-devemos-agir-imediatamente\/#article","isPartOf":{"@id":"https:\/\/gsantana2005.net\/index.php\/2023\/11\/18\/perda-de-biodiversidade-por-que-devemos-agir-imediatamente\/"},"author":{"name":"gsantana2005","@id":"https:\/\/gsantana2005.net\/#\/schema\/person\/78c90c6f49a46ef4c8e69bafec347cb7"},"headline":"Perda de biodiversidade: Por que devemos agir Imediatamente?","datePublished":"2023-11-18T12:14:48+00:00","dateModified":"2024-02-04T22:44:13+00:00","mainEntityOfPage":{"@id":"https:\/\/gsantana2005.net\/index.php\/2023\/11\/18\/perda-de-biodiversidade-por-que-devemos-agir-imediatamente\/"},"wordCount":1345,"commentCount":0,"publisher":{"@id":"https:\/\/gsantana2005.net\/#organization"},"image":{"@id":"https:\/\/gsantana2005.net\/index.php\/2023\/11\/18\/perda-de-biodiversidade-por-que-devemos-agir-imediatamente\/#primaryimage"},"thumbnailUrl":"https:\/\/gsantana2005.net\/wp-content\/uploads\/2023\/01\/genilson-scaled.jpg","keywords":["Agir Pela Natureza","Amea\u00e7a Biodiversidade","Biodiversidade Emergencial","Consci\u00eancia Ambiental","Crise Biodiversidade","Empresas Pela Natureza","Preserva\u00e7\u00e3o Urgente","Sustentabilidade Global"],"articleSection":["Conserva\u00e7\u00e3o Ambiental","Dr Genilson Santana","Economia de Recursos"],"inLanguage":"pt-BR","potentialAction":[{"@type":"CommentAction","name":"Comment","target":["https:\/\/gsantana2005.net\/index.php\/2023\/11\/18\/perda-de-biodiversidade-por-que-devemos-agir-imediatamente\/#respond"]}]},{"@type":"WebPage","@id":"https:\/\/gsantana2005.net\/index.php\/2023\/11\/18\/perda-de-biodiversidade-por-que-devemos-agir-imediatamente\/","url":"https:\/\/gsantana2005.net\/index.php\/2023\/11\/18\/perda-de-biodiversidade-por-que-devemos-agir-imediatamente\/","name":"Perda de biodiversidade: Por que devemos agir Imediatamente? - gsantana2005","isPartOf":{"@id":"https:\/\/gsantana2005.net\/#website"},"primaryImageOfPage":{"@id":"https:\/\/gsantana2005.net\/index.php\/2023\/11\/18\/perda-de-biodiversidade-por-que-devemos-agir-imediatamente\/#primaryimage"},"image":{"@id":"https:\/\/gsantana2005.net\/index.php\/2023\/11\/18\/perda-de-biodiversidade-por-que-devemos-agir-imediatamente\/#primaryimage"},"thumbnailUrl":"https:\/\/gsantana2005.net\/wp-content\/uploads\/2023\/01\/genilson-scaled.jpg","datePublished":"2023-11-18T12:14:48+00:00","dateModified":"2024-02-04T22:44:13+00:00","description":"Ent\u00e3, perda de biodiversidade: Por que devemos agir Imediatamente? apresenta os problemas e a necessidade da humanidade mudar.","breadcrumb":{"@id":"https:\/\/gsantana2005.net\/index.php\/2023\/11\/18\/perda-de-biodiversidade-por-que-devemos-agir-imediatamente\/#breadcrumb"},"inLanguage":"pt-BR","potentialAction":[{"@type":"ReadAction","target":["https:\/\/gsantana2005.net\/index.php\/2023\/11\/18\/perda-de-biodiversidade-por-que-devemos-agir-imediatamente\/"]}]},{"@type":"ImageObject","inLanguage":"pt-BR","@id":"https:\/\/gsantana2005.net\/index.php\/2023\/11\/18\/perda-de-biodiversidade-por-que-devemos-agir-imediatamente\/#primaryimage","url":"https:\/\/gsantana2005.net\/wp-content\/uploads\/2023\/01\/genilson-scaled.jpg","contentUrl":"https:\/\/gsantana2005.net\/wp-content\/uploads\/2023\/01\/genilson-scaled.jpg","width":1920,"height":2560,"caption":"Genilson Pereira Santana"},{"@type":"BreadcrumbList","@id":"https:\/\/gsantana2005.net\/index.php\/2023\/11\/18\/perda-de-biodiversidade-por-que-devemos-agir-imediatamente\/#breadcrumb","itemListElement":[{"@type":"ListItem","position":1,"name":"Home","item":"https:\/\/gsantana2005.net\/"},{"@type":"ListItem","position":2,"name":"Perda de biodiversidade: Por que devemos agir Imediatamente?"}]},{"@type":"WebSite","@id":"https:\/\/gsantana2005.net\/#website","url":"https:\/\/gsantana2005.net\/","name":"gsantana2005","description":"Sejamos sustent\u00e1veis","publisher":{"@id":"https:\/\/gsantana2005.net\/#organization"},"potentialAction":[{"@type":"SearchAction","target":{"@type":"EntryPoint","urlTemplate":"https:\/\/gsantana2005.net\/?s={search_term_string}"},"query-input":{"@type":"PropertyValueSpecification","valueRequired":true,"valueName":"search_term_string"}}],"inLanguage":"pt-BR"},{"@type":"Organization","@id":"https:\/\/gsantana2005.net\/#organization","name":"gsantana2005","url":"https:\/\/gsantana2005.net\/","logo":{"@type":"ImageObject","inLanguage":"pt-BR","@id":"https:\/\/gsantana2005.net\/#\/schema\/logo\/image\/","url":"https:\/\/gsantana2005.net\/wp-content\/uploads\/2023\/06\/cropped-Gs-sem-fundo.jpg","contentUrl":"https:\/\/gsantana2005.net\/wp-content\/uploads\/2023\/06\/cropped-Gs-sem-fundo.jpg","width":100,"height":100,"caption":"gsantana2005"},"image":{"@id":"https:\/\/gsantana2005.net\/#\/schema\/logo\/image\/"}},{"@type":"Person","@id":"https:\/\/gsantana2005.net\/#\/schema\/person\/78c90c6f49a46ef4c8e69bafec347cb7","name":"gsantana2005","image":{"@type":"ImageObject","inLanguage":"pt-BR","@id":"https:\/\/gsantana2005.net\/#\/schema\/person\/image\/","url":"https:\/\/secure.gravatar.com\/avatar\/db3aa311fa8063e1f4df6b2da249929f?s=96&d=mm&r=g","contentUrl":"https:\/\/secure.gravatar.com\/avatar\/db3aa311fa8063e1f4df6b2da249929f?s=96&d=mm&r=g","caption":"gsantana2005"},"sameAs":["http:\/\/gsantana2005.net"],"url":"https:\/\/gsantana2005.net\/author\/gsantana2005\/"}]}},"amp_enabled":true,"_links":{"self":[{"href":"https:\/\/gsantana2005.net\/index.php\/wp-json\/wp\/v2\/posts\/816"}],"collection":[{"href":"https:\/\/gsantana2005.net\/index.php\/wp-json\/wp\/v2\/posts"}],"about":[{"href":"https:\/\/gsantana2005.net\/index.php\/wp-json\/wp\/v2\/types\/post"}],"author":[{"embeddable":true,"href":"https:\/\/gsantana2005.net\/index.php\/wp-json\/wp\/v2\/users\/1"}],"replies":[{"embeddable":true,"href":"https:\/\/gsantana2005.net\/index.php\/wp-json\/wp\/v2\/comments?post=816"}],"version-history":[{"count":1,"href":"https:\/\/gsantana2005.net\/index.php\/wp-json\/wp\/v2\/posts\/816\/revisions"}],"predecessor-version":[{"id":817,"href":"https:\/\/gsantana2005.net\/index.php\/wp-json\/wp\/v2\/posts\/816\/revisions\/817"}],"wp:featuredmedia":[{"embeddable":true,"href":"https:\/\/gsantana2005.net\/index.php\/wp-json\/wp\/v2\/media\/168"}],"wp:attachment":[{"href":"https:\/\/gsantana2005.net\/index.php\/wp-json\/wp\/v2\/media?parent=816"}],"wp:term":[{"taxonomy":"category","embeddable":true,"href":"https:\/\/gsantana2005.net\/index.php\/wp-json\/wp\/v2\/categories?post=816"},{"taxonomy":"post_tag","embeddable":true,"href":"https:\/\/gsantana2005.net\/index.php\/wp-json\/wp\/v2\/tags?post=816"}],"curies":[{"name":"wp","href":"https:\/\/api.w.org\/{rel}","templated":true}]}}