{"id":828,"date":"2023-11-20T13:25:41","date_gmt":"2023-11-20T13:25:41","guid":{"rendered":"https:\/\/gsantana2005.net\/?p=828"},"modified":"2024-02-04T22:37:18","modified_gmt":"2024-02-04T22:37:18","slug":"uma-reflexao-sobre-o-uso-das-sacolas-plasticas","status":"publish","type":"post","link":"https:\/\/gsantana2005.net\/index.php\/2023\/11\/20\/uma-reflexao-sobre-o-uso-das-sacolas-plasticas\/","title":{"rendered":"Uma reflex\u00e3o sobre o uso das sacolas pl\u00e1sticas"},"content":{"rendered":"\n<p>Uma reflex\u00e3o sobre o uso das sacolas pl\u00e1sticas \u00e9 sobre como voc\u00ea pode evitar o uso deste pl\u00e1stico. Ent\u00e3o, experimentar um saco de lixo reutiliz\u00e1vel n\u00e3o \u00e9 apenas uma escolha consciente, mas tamb\u00e9m um passo tang\u00edvel em dire\u00e7\u00e3o \u00e0 redu\u00e7\u00e3o do impacto ambiental que causamos diariamente. Em meio \u00e0 busca por h\u00e1bitos mais sustent\u00e1veis, muitas vezes esquecemos a import\u00e2ncia de repensar at\u00e9 mesmo os detalhes aparentemente pequenos, como nossos sacos de lixo.<\/p>\n\n\n\n<p>Assim, uma reflex\u00e3o sobre a utilidade dos sacos pl\u00e1sticos convencionais nos leva a questionar a l\u00f3gica por tr\u00e1s de adquirir um produto destinado a ser preenchido com lixo e descartado. Esses sacos, ao inv\u00e9s de biodegradarem, passam por um processo de fotodegrada\u00e7\u00e3o, contribuindo para a polui\u00e7\u00e3o por micropl\u00e1sticos no oceano e no solo.<\/p>\n\n\n\n<p>Embora, os sacos de lixo tenham seu prop\u00f3sito, a transi\u00e7\u00e3o para alternativas reutiliz\u00e1veis pode ser surpreendentemente f\u00e1cil. Ao adotar um saco de lixo reutiliz\u00e1vel, n\u00e3o apenas contribu\u00edmos para a redu\u00e7\u00e3o do pl\u00e1stico, mas tamb\u00e9m nos tornamos mais conscientes dos res\u00edduos que produzimos. Ent\u00e3o, esse simples ato de esvaziar o saco na lixeira transforma o descarte em uma oportunidade de avaliar e repensar o que realmente estamos jogando fora.<\/p>\n\n\n\n<p>Assim, uma mudan\u00e7a para sacos reutiliz\u00e1veis n\u00e3o \u00e9 apenas uma escolha individual, mas parte de um movimento mais amplo em dire\u00e7\u00e3o \u00e0 redu\u00e7\u00e3o da produ\u00e7\u00e3o de res\u00edduos. Ao focar em op\u00e7\u00f5es de compostagem, diminuir o consumo de pl\u00e1sticos descart\u00e1veis e adotar pr\u00e1ticas de desperd\u00edcio zero, podemos efetivamente diminuir nossa depend\u00eancia de sacos pl\u00e1sticos de lixo.<\/p>\n\n\n\n<p>Ent\u00e3o, se a ideia de um estilo de vida sem sacos pl\u00e1sticos parece desafiadora, h\u00e1 tamb\u00e9m a op\u00e7\u00e3o de escolher sacolas biodegrad\u00e1veis ou compost\u00e1veis. Embora possam ser um pouco mais fr\u00e1geis e caras, representam um passo incremental em dire\u00e7\u00e3o a um ambiente mais sustent\u00e1vel.<\/p>\n\n\n\n<h2 class=\"wp-block-heading\">Sacos pl\u00e1sticos reutiliz\u00e1veis<\/h2>\n\n\n\n<p>A princ\u00edpio, os sacos pl\u00e1sticos reutiliz\u00e1veis s\u00e3o uma alternativa sustent\u00e1vel e amiga do ambiente em compara\u00e7\u00e3o aos sacos pl\u00e1sticos de uso \u00fanico. Esses sacos s\u00e3o projetados para serem dur\u00e1veis e podem ser utilizados repetidamente, reduzindo significativamente a quantidade de res\u00edduos pl\u00e1sticos descartados no meio ambiente. Ent\u00e3o, aqui est\u00e3o alguns benef\u00edcios e considera\u00e7\u00f5es ao optar por sacos pl\u00e1sticos reutiliz\u00e1veis:<\/p>\n\n\n\n<h3 class=\"wp-block-heading\">Benef\u00edcios:<\/h3>\n\n\n\n<p>1. <strong>Redu\u00e7\u00e3o de Res\u00edduos<\/strong>: Ao escolher sacos pl\u00e1sticos reutiliz\u00e1veis, voc\u00ea contribui para a diminui\u00e7\u00e3o da quantidade de pl\u00e1stico descartado, ajudando a combater a polui\u00e7\u00e3o ambiental.<\/p>\n\n\n\n<p>2. <strong>Durabilidade<\/strong>: Esses sacos s\u00e3o geralmente mais robustos e dur\u00e1veis do que os sacos pl\u00e1sticos convencionais, o que significa que podem ser utilizados v\u00e1rias vezes antes de precisarem ser substitu\u00eddos.<\/p>\n\n\n\n<p>3. <strong>Custo a Longo Prazo<\/strong>: Embora os sacos pl\u00e1sticos reutiliz\u00e1veis possam custar mais inicialmente, seu investimento se traduzir\u00e1 em economia a longo prazo, j\u00e1 que voc\u00ea n\u00e3o precisar\u00e1 comprar sacos descart\u00e1veis regularmente.<\/p>\n\n\n\n<p>4. <strong>Consci\u00eancia Ambiental<\/strong>: Usar sacos pl\u00e1sticos reutiliz\u00e1veis demonstra um compromisso com pr\u00e1ticas mais sustent\u00e1veis, promovendo uma conscientiza\u00e7\u00e3o sobre a import\u00e2ncia da redu\u00e7\u00e3o do pl\u00e1stico.<\/p>\n\n\n\n<p>5. <strong>Variedade de Estilos<\/strong>: Esses sacos v\u00eam em uma variedade de estilos, tamanhos e designs, oferecendo op\u00e7\u00f5es para atender \u00e0s suas necessidades espec\u00edficas, desde sacolas de compras at\u00e9 sacos para armazenamento.<\/p>\n\n\n\n<h2 class=\"wp-block-heading\">Algumas considera\u00e7\u00f5es importantes:<\/h2>\n\n\n\n<p>1. <strong>Higieniza\u00e7\u00e3o<\/strong>: \u00c9 importante manter os sacos pl\u00e1sticos reutiliz\u00e1veis limpos para evitar a prolifera\u00e7\u00e3o de bact\u00e9rias. Muitos desses sacos s\u00e3o lav\u00e1veis \u00e0 m\u00e1quina ou podem ser facilmente higienizados com um pano \u00famido.<\/p>\n\n\n\n<p>2. <strong>Armazenamento Conveniente<\/strong>: Tente manter alguns sacos reutiliz\u00e1veis em locais estrat\u00e9gicos, como no carro, na bolsa ou na mochila, para que estejam sempre dispon\u00edveis quando necess\u00e1rio.<\/p>\n\n\n\n<p>3. <strong>Material Respons\u00e1ve<\/strong>l: Opte por sacos pl\u00e1sticos reutiliz\u00e1veis feitos de materiais reciclados ou biodegrad\u00e1veis para maximizar seus benef\u00edcios ambientais.<\/p>\n\n\n\n<p>4.<strong> Conscientiza\u00e7\u00e3o do Consumido<\/strong>r: Informe-se sobre pol\u00edticas locais em rela\u00e7\u00e3o ao uso de sacos pl\u00e1sticos e esteja ciente das regulamenta\u00e7\u00f5es em vigor em sua \u00e1rea.<\/p>\n\n\n\n<p>Ao escolher sacos pl\u00e1sticos reutiliz\u00e1veis, voc\u00ea est\u00e1 dando um passo pr\u00e1tico em dire\u00e7\u00e3o a um estilo de vida mais sustent\u00e1vel. Essa pequena mudan\u00e7a pode ter um impacto significativo na redu\u00e7\u00e3o do desperd\u00edcio pl\u00e1stico e na preserva\u00e7\u00e3o do meio ambiente para as gera\u00e7\u00f5es futuras.<\/p>\n\n\n\n<h2 class=\"wp-block-heading\">Conclus\u00e3o<\/h2>\n\n\n\n<p>Em \u00faltima an\u00e1lise, a escolha de experimentar um saco de lixo reutiliz\u00e1vel n\u00e3o \u00e9 apenas uma mudan\u00e7a pr\u00e1tica, mas uma declara\u00e7\u00e3o de compromisso pessoal com um planeta mais saud\u00e1vel. Assim, cada pequeno esfor\u00e7o conta, e ao fazer essa escolha, voc\u00ea se torna parte de uma comunidade global que busca preservar o nosso lar comum para as gera\u00e7\u00f5es futuras. Ent\u00e3o, por que n\u00e3o experimentar? Voc\u00ea pode se surpreender com o impacto positivo que uma escolha simples pode ter.<\/p>\n\n\n\n<h2 class=\"wp-block-heading\">Convite especial para voc\u00ea<\/h2>\n\n\n\n<p>Depois deste artigo Uma reflex\u00e3o sobre o uso das sacolas pl\u00e1sticas. Acredito que queira saber mais de nossa contribui\u00e7\u00e3o na \u00e1rea ambiental. N\u00e3o fique inibido entre em contato:\u00a0<a href=\"mailto:gsantana2005@gmail.com\">gsantana2005@gmail.com<\/a>\u00a0veja o nosso\u00a0<a href=\"https:\/\/www.instagram.com\/genilsonpereirasantana1\/\" rel=\"nofollow noopener\" target=\"_blank\">Instagram<\/a><\/p>\n\n\n\n<p>Al\u00e9m disso, j\u00e1 que voc\u00ea chegou at\u00e9 aqui descubra mais sobre nos artigos abaixo:<\/p>\n\n\n\n<ul class=\"wp-block-list\">\n<li><a href=\"https:\/\/gsantana2005.net\/index.php\/2023\/08\/30\/como-o-monitoramento-ambiental-e-importante-para-o-planeta\/\">Como o monitoramento ambiental \u00e9 importante para o planeta<\/a><\/li>\n\n\n\n<li><a href=\"https:\/\/gsantana2005.net\/index.php\/2023\/08\/28\/uma-breve-historia-dos-creditos-de-carbono\/\">Uma breve hist\u00f3ria dos cr\u00e9ditos de carbono<\/a><\/li>\n\n\n\n<li><a href=\"https:\/\/gsantana2005.net\/index.php\/2023\/08\/26\/a-crescente-importancia-dos-fatores-esg-nos-investimentos\/\">A crescente import\u00e2ncia dos fatores ESG nos investimentos<\/a><\/li>\n\n\n\n<li><a href=\"https:\/\/gsantana2005.net\/index.php\/2023\/08\/24\/6-ideias-para-tornar-uma-pequea-empresa-sustentavel\/\">6 ideias para tornar uma pequena empresa sustent\u00e1vel<\/a><\/li>\n<\/ul>\n\n\n\n<p>Ent\u00e3o, conhe\u00e7a tamb\u00e9m nossos cursos sobre&nbsp;<a href=\"https:\/\/gsantana2005.net\/index.php\/2023\/07\/21\/gestao-de-residuos\/\">Gest\u00e3o de res\u00edduos<\/a>&nbsp;e&nbsp;<a href=\"https:\/\/gsantana2005.net\/index.php\/2023\/08\/08\/tratamento-de-efluentes\/\">Tratamento de efluentes<\/a>. Maiores informa\u00e7\u00f5es:&nbsp;<a href=\"mailto:gsantana2005@gmail.com\">gsantana2005@gmail.com<\/a>&nbsp;ou 92 991227158 (WhatsApp)<\/p>\n","protected":false},"excerpt":{"rendered":"<p>Uma reflex\u00e3o sobre o uso das sacolas pl\u00e1sticas \u00e9 sobre como voc\u00ea pode evitar o uso deste pl\u00e1stico. Ent\u00e3o, experimentar um saco de lixo reutiliz\u00e1vel n\u00e3o \u00e9 apenas uma escolha consciente, mas tamb\u00e9m um passo tang\u00edvel em dire\u00e7\u00e3o \u00e0 redu\u00e7\u00e3o do impacto ambiental que causamos diariamente. Em meio \u00e0 busca por h\u00e1bitos mais sustent\u00e1veis, muitas [&hellip;]<\/p>\n","protected":false},"author":1,"featured_media":829,"comment_status":"open","ping_status":"closed","sticky":false,"template":"","format":"standard","meta":{"om_disable_all_campaigns":false,"_monsterinsights_skip_tracking":false,"_monsterinsights_sitenote_active":false,"_monsterinsights_sitenote_note":"","_monsterinsights_sitenote_category":0,"footnotes":"","_links_to":"","_links_to_target":""},"categories":[273,3],"tags":[549,469,550,551,428,366,548,320],"class_list":["post-828","post","type-post","status-publish","format-standard","has-post-thumbnail","hentry","category-economia-de-recursos","category-genilson-pereira-santana","tag-consciencia-ambiental","tag-desperdicio-zero","tag-habitos-sustentaveis","tag-meio-ambient","tag-plastico-zero","tag-reducao-de-residuos","tag-sacolas-reutilizaveis","tag-sustentabilidade"],"aioseo_notices":[],"yoast_head":"<!-- This site is optimized with the Yoast SEO plugin v24.5 - https:\/\/yoast.com\/wordpress\/plugins\/seo\/ -->\n<title>Uma reflex\u00e3o sobre o uso das sacolas pl\u00e1sticas - gsantana2005<\/title>\n<meta name=\"description\" content=\"Uma reflex\u00e3o sobre o uso das sacolas pl\u00e1sticas \u00e9 um artigo que mostra para voc\u00ea como pode ser evitado o uso desses pl\u00e1sticos\" \/>\n<meta name=\"robots\" content=\"index, follow, max-snippet:-1, max-image-preview:large, max-video-preview:-1\" \/>\n<link rel=\"canonical\" href=\"https:\/\/gsantana2005.net\/index.php\/2023\/11\/20\/uma-reflexao-sobre-o-uso-das-sacolas-plasticas\/\" \/>\n<meta property=\"og:locale\" content=\"pt_BR\" \/>\n<meta property=\"og:type\" content=\"article\" \/>\n<meta property=\"og:title\" content=\"Uma reflex\u00e3o sobre o uso das sacolas pl\u00e1sticas - gsantana2005\" \/>\n<meta property=\"og:description\" content=\"Uma reflex\u00e3o sobre o uso das sacolas pl\u00e1sticas \u00e9 um artigo que mostra para voc\u00ea como pode ser evitado o uso desses pl\u00e1sticos\" \/>\n<meta property=\"og:url\" content=\"https:\/\/gsantana2005.net\/index.php\/2023\/11\/20\/uma-reflexao-sobre-o-uso-das-sacolas-plasticas\/\" \/>\n<meta property=\"og:site_name\" content=\"gsantana2005\" \/>\n<meta property=\"article:published_time\" content=\"2023-11-20T13:25:41+00:00\" \/>\n<meta property=\"article:modified_time\" content=\"2024-02-04T22:37:18+00:00\" \/>\n<meta property=\"og:image\" content=\"http:\/\/gsantana2005.net\/wp-content\/uploads\/2023\/11\/sacolas-plasticas.jpg\" \/>\n\t<meta property=\"og:image:width\" content=\"1200\" \/>\n\t<meta property=\"og:image:height\" content=\"913\" \/>\n\t<meta property=\"og:image:type\" content=\"image\/jpeg\" \/>\n<meta name=\"author\" content=\"gsantana2005\" \/>\n<meta name=\"twitter:card\" content=\"summary_large_image\" \/>\n<meta name=\"twitter:label1\" content=\"Escrito por\" \/>\n\t<meta name=\"twitter:data1\" content=\"gsantana2005\" \/>\n\t<meta name=\"twitter:label2\" content=\"Est. tempo de leitura\" \/>\n\t<meta name=\"twitter:data2\" content=\"5 minutos\" \/>\n<script type=\"application\/ld+json\" class=\"yoast-schema-graph\">{\"@context\":\"https:\/\/schema.org\",\"@graph\":[{\"@type\":\"Article\",\"@id\":\"https:\/\/gsantana2005.net\/index.php\/2023\/11\/20\/uma-reflexao-sobre-o-uso-das-sacolas-plasticas\/#article\",\"isPartOf\":{\"@id\":\"https:\/\/gsantana2005.net\/index.php\/2023\/11\/20\/uma-reflexao-sobre-o-uso-das-sacolas-plasticas\/\"},\"author\":{\"name\":\"gsantana2005\",\"@id\":\"https:\/\/gsantana2005.net\/#\/schema\/person\/78c90c6f49a46ef4c8e69bafec347cb7\"},\"headline\":\"Uma reflex\u00e3o sobre o uso das sacolas pl\u00e1sticas\",\"datePublished\":\"2023-11-20T13:25:41+00:00\",\"dateModified\":\"2024-02-04T22:37:18+00:00\",\"mainEntityOfPage\":{\"@id\":\"https:\/\/gsantana2005.net\/index.php\/2023\/11\/20\/uma-reflexao-sobre-o-uso-das-sacolas-plasticas\/\"},\"wordCount\":987,\"commentCount\":0,\"publisher\":{\"@id\":\"https:\/\/gsantana2005.net\/#organization\"},\"image\":{\"@id\":\"https:\/\/gsantana2005.net\/index.php\/2023\/11\/20\/uma-reflexao-sobre-o-uso-das-sacolas-plasticas\/#primaryimage\"},\"thumbnailUrl\":\"https:\/\/gsantana2005.net\/wp-content\/uploads\/2023\/11\/sacolas-plasticas.jpg\",\"keywords\":[\"Consci\u00eancia Ambiental\",\"Desperdicio Zero\",\"H\u00e1bitos Sustent\u00e1veis\",\"Meio Ambient\",\"Plastico Zero\",\"Reducao De Residuos\",\"Sacolas Reutiliz\u00e1veis\",\"Sustentabilidade\"],\"articleSection\":[\"Economia de Recursos\",\"Dr Genilson Santana\"],\"inLanguage\":\"pt-BR\",\"potentialAction\":[{\"@type\":\"CommentAction\",\"name\":\"Comment\",\"target\":[\"https:\/\/gsantana2005.net\/index.php\/2023\/11\/20\/uma-reflexao-sobre-o-uso-das-sacolas-plasticas\/#respond\"]}]},{\"@type\":\"WebPage\",\"@id\":\"https:\/\/gsantana2005.net\/index.php\/2023\/11\/20\/uma-reflexao-sobre-o-uso-das-sacolas-plasticas\/\",\"url\":\"https:\/\/gsantana2005.net\/index.php\/2023\/11\/20\/uma-reflexao-sobre-o-uso-das-sacolas-plasticas\/\",\"name\":\"Uma reflex\u00e3o sobre o uso das sacolas pl\u00e1sticas - gsantana2005\",\"isPartOf\":{\"@id\":\"https:\/\/gsantana2005.net\/#website\"},\"primaryImageOfPage\":{\"@id\":\"https:\/\/gsantana2005.net\/index.php\/2023\/11\/20\/uma-reflexao-sobre-o-uso-das-sacolas-plasticas\/#primaryimage\"},\"image\":{\"@id\":\"https:\/\/gsantana2005.net\/index.php\/2023\/11\/20\/uma-reflexao-sobre-o-uso-das-sacolas-plasticas\/#primaryimage\"},\"thumbnailUrl\":\"https:\/\/gsantana2005.net\/wp-content\/uploads\/2023\/11\/sacolas-plasticas.jpg\",\"datePublished\":\"2023-11-20T13:25:41+00:00\",\"dateModified\":\"2024-02-04T22:37:18+00:00\",\"description\":\"Uma reflex\u00e3o sobre o uso das sacolas pl\u00e1sticas \u00e9 um artigo que mostra para voc\u00ea como pode ser evitado o uso desses pl\u00e1sticos\",\"breadcrumb\":{\"@id\":\"https:\/\/gsantana2005.net\/index.php\/2023\/11\/20\/uma-reflexao-sobre-o-uso-das-sacolas-plasticas\/#breadcrumb\"},\"inLanguage\":\"pt-BR\",\"potentialAction\":[{\"@type\":\"ReadAction\",\"target\":[\"https:\/\/gsantana2005.net\/index.php\/2023\/11\/20\/uma-reflexao-sobre-o-uso-das-sacolas-plasticas\/\"]}]},{\"@type\":\"ImageObject\",\"inLanguage\":\"pt-BR\",\"@id\":\"https:\/\/gsantana2005.net\/index.php\/2023\/11\/20\/uma-reflexao-sobre-o-uso-das-sacolas-plasticas\/#primaryimage\",\"url\":\"https:\/\/gsantana2005.net\/wp-content\/uploads\/2023\/11\/sacolas-plasticas.jpg\",\"contentUrl\":\"https:\/\/gsantana2005.net\/wp-content\/uploads\/2023\/11\/sacolas-plasticas.jpg\",\"width\":1200,\"height\":913,\"caption\":\"Sacolas pl\u00e1sticas\"},{\"@type\":\"BreadcrumbList\",\"@id\":\"https:\/\/gsantana2005.net\/index.php\/2023\/11\/20\/uma-reflexao-sobre-o-uso-das-sacolas-plasticas\/#breadcrumb\",\"itemListElement\":[{\"@type\":\"ListItem\",\"position\":1,\"name\":\"Home\",\"item\":\"https:\/\/gsantana2005.net\/\"},{\"@type\":\"ListItem\",\"position\":2,\"name\":\"Uma reflex\u00e3o sobre o uso das sacolas pl\u00e1sticas\"}]},{\"@type\":\"WebSite\",\"@id\":\"https:\/\/gsantana2005.net\/#website\",\"url\":\"https:\/\/gsantana2005.net\/\",\"name\":\"gsantana2005\",\"description\":\"Sejamos sustent\u00e1veis\",\"publisher\":{\"@id\":\"https:\/\/gsantana2005.net\/#organization\"},\"potentialAction\":[{\"@type\":\"SearchAction\",\"target\":{\"@type\":\"EntryPoint\",\"urlTemplate\":\"https:\/\/gsantana2005.net\/?s={search_term_string}\"},\"query-input\":{\"@type\":\"PropertyValueSpecification\",\"valueRequired\":true,\"valueName\":\"search_term_string\"}}],\"inLanguage\":\"pt-BR\"},{\"@type\":\"Organization\",\"@id\":\"https:\/\/gsantana2005.net\/#organization\",\"name\":\"gsantana2005\",\"url\":\"https:\/\/gsantana2005.net\/\",\"logo\":{\"@type\":\"ImageObject\",\"inLanguage\":\"pt-BR\",\"@id\":\"https:\/\/gsantana2005.net\/#\/schema\/logo\/image\/\",\"url\":\"https:\/\/gsantana2005.net\/wp-content\/uploads\/2023\/06\/cropped-Gs-sem-fundo.jpg\",\"contentUrl\":\"https:\/\/gsantana2005.net\/wp-content\/uploads\/2023\/06\/cropped-Gs-sem-fundo.jpg\",\"width\":100,\"height\":100,\"caption\":\"gsantana2005\"},\"image\":{\"@id\":\"https:\/\/gsantana2005.net\/#\/schema\/logo\/image\/\"}},{\"@type\":\"Person\",\"@id\":\"https:\/\/gsantana2005.net\/#\/schema\/person\/78c90c6f49a46ef4c8e69bafec347cb7\",\"name\":\"gsantana2005\",\"image\":{\"@type\":\"ImageObject\",\"inLanguage\":\"pt-BR\",\"@id\":\"https:\/\/gsantana2005.net\/#\/schema\/person\/image\/\",\"url\":\"https:\/\/secure.gravatar.com\/avatar\/db3aa311fa8063e1f4df6b2da249929f?s=96&d=mm&r=g\",\"contentUrl\":\"https:\/\/secure.gravatar.com\/avatar\/db3aa311fa8063e1f4df6b2da249929f?s=96&d=mm&r=g\",\"caption\":\"gsantana2005\"},\"sameAs\":[\"http:\/\/gsantana2005.net\"],\"url\":\"https:\/\/gsantana2005.net\/author\/gsantana2005\/\"}]}<\/script>\n<!-- \/ Yoast SEO plugin. -->","yoast_head_json":{"title":"Uma reflex\u00e3o sobre o uso das sacolas pl\u00e1sticas - gsantana2005","description":"Uma reflex\u00e3o sobre o uso das sacolas pl\u00e1sticas \u00e9 um artigo que mostra para voc\u00ea como pode ser evitado o uso desses pl\u00e1sticos","robots":{"index":"index","follow":"follow","max-snippet":"max-snippet:-1","max-image-preview":"max-image-preview:large","max-video-preview":"max-video-preview:-1"},"canonical":"https:\/\/gsantana2005.net\/index.php\/2023\/11\/20\/uma-reflexao-sobre-o-uso-das-sacolas-plasticas\/","og_locale":"pt_BR","og_type":"article","og_title":"Uma reflex\u00e3o sobre o uso das sacolas pl\u00e1sticas - gsantana2005","og_description":"Uma reflex\u00e3o sobre o uso das sacolas pl\u00e1sticas \u00e9 um artigo que mostra para voc\u00ea como pode ser evitado o uso desses pl\u00e1sticos","og_url":"https:\/\/gsantana2005.net\/index.php\/2023\/11\/20\/uma-reflexao-sobre-o-uso-das-sacolas-plasticas\/","og_site_name":"gsantana2005","article_published_time":"2023-11-20T13:25:41+00:00","article_modified_time":"2024-02-04T22:37:18+00:00","og_image":[{"width":1200,"height":913,"url":"http:\/\/gsantana2005.net\/wp-content\/uploads\/2023\/11\/sacolas-plasticas.jpg","type":"image\/jpeg"}],"author":"gsantana2005","twitter_card":"summary_large_image","twitter_misc":{"Escrito por":"gsantana2005","Est. tempo de leitura":"5 minutos"},"schema":{"@context":"https:\/\/schema.org","@graph":[{"@type":"Article","@id":"https:\/\/gsantana2005.net\/index.php\/2023\/11\/20\/uma-reflexao-sobre-o-uso-das-sacolas-plasticas\/#article","isPartOf":{"@id":"https:\/\/gsantana2005.net\/index.php\/2023\/11\/20\/uma-reflexao-sobre-o-uso-das-sacolas-plasticas\/"},"author":{"name":"gsantana2005","@id":"https:\/\/gsantana2005.net\/#\/schema\/person\/78c90c6f49a46ef4c8e69bafec347cb7"},"headline":"Uma reflex\u00e3o sobre o uso das sacolas pl\u00e1sticas","datePublished":"2023-11-20T13:25:41+00:00","dateModified":"2024-02-04T22:37:18+00:00","mainEntityOfPage":{"@id":"https:\/\/gsantana2005.net\/index.php\/2023\/11\/20\/uma-reflexao-sobre-o-uso-das-sacolas-plasticas\/"},"wordCount":987,"commentCount":0,"publisher":{"@id":"https:\/\/gsantana2005.net\/#organization"},"image":{"@id":"https:\/\/gsantana2005.net\/index.php\/2023\/11\/20\/uma-reflexao-sobre-o-uso-das-sacolas-plasticas\/#primaryimage"},"thumbnailUrl":"https:\/\/gsantana2005.net\/wp-content\/uploads\/2023\/11\/sacolas-plasticas.jpg","keywords":["Consci\u00eancia Ambiental","Desperdicio Zero","H\u00e1bitos Sustent\u00e1veis","Meio Ambient","Plastico Zero","Reducao De Residuos","Sacolas Reutiliz\u00e1veis","Sustentabilidade"],"articleSection":["Economia de Recursos","Dr Genilson Santana"],"inLanguage":"pt-BR","potentialAction":[{"@type":"CommentAction","name":"Comment","target":["https:\/\/gsantana2005.net\/index.php\/2023\/11\/20\/uma-reflexao-sobre-o-uso-das-sacolas-plasticas\/#respond"]}]},{"@type":"WebPage","@id":"https:\/\/gsantana2005.net\/index.php\/2023\/11\/20\/uma-reflexao-sobre-o-uso-das-sacolas-plasticas\/","url":"https:\/\/gsantana2005.net\/index.php\/2023\/11\/20\/uma-reflexao-sobre-o-uso-das-sacolas-plasticas\/","name":"Uma reflex\u00e3o sobre o uso das sacolas pl\u00e1sticas - gsantana2005","isPartOf":{"@id":"https:\/\/gsantana2005.net\/#website"},"primaryImageOfPage":{"@id":"https:\/\/gsantana2005.net\/index.php\/2023\/11\/20\/uma-reflexao-sobre-o-uso-das-sacolas-plasticas\/#primaryimage"},"image":{"@id":"https:\/\/gsantana2005.net\/index.php\/2023\/11\/20\/uma-reflexao-sobre-o-uso-das-sacolas-plasticas\/#primaryimage"},"thumbnailUrl":"https:\/\/gsantana2005.net\/wp-content\/uploads\/2023\/11\/sacolas-plasticas.jpg","datePublished":"2023-11-20T13:25:41+00:00","dateModified":"2024-02-04T22:37:18+00:00","description":"Uma reflex\u00e3o sobre o uso das sacolas pl\u00e1sticas \u00e9 um artigo que mostra para voc\u00ea como pode ser evitado o uso desses pl\u00e1sticos","breadcrumb":{"@id":"https:\/\/gsantana2005.net\/index.php\/2023\/11\/20\/uma-reflexao-sobre-o-uso-das-sacolas-plasticas\/#breadcrumb"},"inLanguage":"pt-BR","potentialAction":[{"@type":"ReadAction","target":["https:\/\/gsantana2005.net\/index.php\/2023\/11\/20\/uma-reflexao-sobre-o-uso-das-sacolas-plasticas\/"]}]},{"@type":"ImageObject","inLanguage":"pt-BR","@id":"https:\/\/gsantana2005.net\/index.php\/2023\/11\/20\/uma-reflexao-sobre-o-uso-das-sacolas-plasticas\/#primaryimage","url":"https:\/\/gsantana2005.net\/wp-content\/uploads\/2023\/11\/sacolas-plasticas.jpg","contentUrl":"https:\/\/gsantana2005.net\/wp-content\/uploads\/2023\/11\/sacolas-plasticas.jpg","width":1200,"height":913,"caption":"Sacolas pl\u00e1sticas"},{"@type":"BreadcrumbList","@id":"https:\/\/gsantana2005.net\/index.php\/2023\/11\/20\/uma-reflexao-sobre-o-uso-das-sacolas-plasticas\/#breadcrumb","itemListElement":[{"@type":"ListItem","position":1,"name":"Home","item":"https:\/\/gsantana2005.net\/"},{"@type":"ListItem","position":2,"name":"Uma reflex\u00e3o sobre o uso das sacolas pl\u00e1sticas"}]},{"@type":"WebSite","@id":"https:\/\/gsantana2005.net\/#website","url":"https:\/\/gsantana2005.net\/","name":"gsantana2005","description":"Sejamos sustent\u00e1veis","publisher":{"@id":"https:\/\/gsantana2005.net\/#organization"},"potentialAction":[{"@type":"SearchAction","target":{"@type":"EntryPoint","urlTemplate":"https:\/\/gsantana2005.net\/?s={search_term_string}"},"query-input":{"@type":"PropertyValueSpecification","valueRequired":true,"valueName":"search_term_string"}}],"inLanguage":"pt-BR"},{"@type":"Organization","@id":"https:\/\/gsantana2005.net\/#organization","name":"gsantana2005","url":"https:\/\/gsantana2005.net\/","logo":{"@type":"ImageObject","inLanguage":"pt-BR","@id":"https:\/\/gsantana2005.net\/#\/schema\/logo\/image\/","url":"https:\/\/gsantana2005.net\/wp-content\/uploads\/2023\/06\/cropped-Gs-sem-fundo.jpg","contentUrl":"https:\/\/gsantana2005.net\/wp-content\/uploads\/2023\/06\/cropped-Gs-sem-fundo.jpg","width":100,"height":100,"caption":"gsantana2005"},"image":{"@id":"https:\/\/gsantana2005.net\/#\/schema\/logo\/image\/"}},{"@type":"Person","@id":"https:\/\/gsantana2005.net\/#\/schema\/person\/78c90c6f49a46ef4c8e69bafec347cb7","name":"gsantana2005","image":{"@type":"ImageObject","inLanguage":"pt-BR","@id":"https:\/\/gsantana2005.net\/#\/schema\/person\/image\/","url":"https:\/\/secure.gravatar.com\/avatar\/db3aa311fa8063e1f4df6b2da249929f?s=96&d=mm&r=g","contentUrl":"https:\/\/secure.gravatar.com\/avatar\/db3aa311fa8063e1f4df6b2da249929f?s=96&d=mm&r=g","caption":"gsantana2005"},"sameAs":["http:\/\/gsantana2005.net"],"url":"https:\/\/gsantana2005.net\/author\/gsantana2005\/"}]}},"amp_enabled":true,"_links":{"self":[{"href":"https:\/\/gsantana2005.net\/index.php\/wp-json\/wp\/v2\/posts\/828"}],"collection":[{"href":"https:\/\/gsantana2005.net\/index.php\/wp-json\/wp\/v2\/posts"}],"about":[{"href":"https:\/\/gsantana2005.net\/index.php\/wp-json\/wp\/v2\/types\/post"}],"author":[{"embeddable":true,"href":"https:\/\/gsantana2005.net\/index.php\/wp-json\/wp\/v2\/users\/1"}],"replies":[{"embeddable":true,"href":"https:\/\/gsantana2005.net\/index.php\/wp-json\/wp\/v2\/comments?post=828"}],"version-history":[{"count":1,"href":"https:\/\/gsantana2005.net\/index.php\/wp-json\/wp\/v2\/posts\/828\/revisions"}],"predecessor-version":[{"id":830,"href":"https:\/\/gsantana2005.net\/index.php\/wp-json\/wp\/v2\/posts\/828\/revisions\/830"}],"wp:featuredmedia":[{"embeddable":true,"href":"https:\/\/gsantana2005.net\/index.php\/wp-json\/wp\/v2\/media\/829"}],"wp:attachment":[{"href":"https:\/\/gsantana2005.net\/index.php\/wp-json\/wp\/v2\/media?parent=828"}],"wp:term":[{"taxonomy":"category","embeddable":true,"href":"https:\/\/gsantana2005.net\/index.php\/wp-json\/wp\/v2\/categories?post=828"},{"taxonomy":"post_tag","embeddable":true,"href":"https:\/\/gsantana2005.net\/index.php\/wp-json\/wp\/v2\/tags?post=828"}],"curies":[{"name":"wp","href":"https:\/\/api.w.org\/{rel}","templated":true}]}}