{"id":837,"date":"2023-11-22T12:10:15","date_gmt":"2023-11-22T12:10:15","guid":{"rendered":"https:\/\/gsantana2005.net\/?p=837"},"modified":"2024-02-04T22:34:15","modified_gmt":"2024-02-04T22:34:15","slug":"uma-perspectiva-cautelosa-sobre-a-camada-de-ozonio","status":"publish","type":"post","link":"https:\/\/gsantana2005.net\/index.php\/2023\/11\/22\/uma-perspectiva-cautelosa-sobre-a-camada-de-ozonio\/","title":{"rendered":"Uma perspectiva cautelosa sobre a camada de oz\u00f4nio"},"content":{"rendered":"\n<p>Uma perspectiva cautelosa sobre a camada de oz\u00f4nio \u00e9 uma reflex\u00e3o sobre a recupera\u00e7\u00e3o total da camada de oz\u00f4nio. Ent\u00e3o, a recupera\u00e7\u00e3o da camada de oz\u00f4nio, celebrada como uma conquista ambiental de magnitude global, agora \u00e9 alvo de questionamentos s\u00e9rios. Um novo estudo, publicado recentemente, desafia a narrativa otimista que permeia as avalia\u00e7\u00f5es convencionais sobre a sa\u00fade da camada de oz\u00f4nio. Esse estudo suge que o buraco pode estar n\u00e3o apenas persistindo, mas se expandindo.<\/p>\n\n\n\n<p>Ent\u00e3o, desde a assinatura do Protocolo de Montreal em 1987, diversos pa\u00edses comprometeram-se a reduzir ou proibir subst\u00e2ncias prejudiciais \u00e0 camada de oz\u00f4nio, notadamente os clorofluorcarbonos (CFCs). Essa medida tem reconhecimento mundial de efic\u00e1cia, mas os \u00faltimos anos apresentaram desafios intrigantes para essa narrativa de sucesso.<\/p>\n\n\n\n<h2 class=\"wp-block-heading\">O buraco na camada de oz\u00f4nio<\/h2>\n\n\n\n<p>Os cientistas acreditam que a queda nos n\u00edveis de oz\u00f4nio vem de uma combina\u00e7\u00e3o de fatores. Por exemplo:<\/p>\n\n\n\n<ul class=\"wp-block-list\">\n<li>O <strong>aquecimento global<\/strong>, que est\u00e1 levando a temperaturas mais altas na estratosfera, onde a camada de oz\u00f4nio est\u00e1 localizada.<\/li>\n\n\n\n<li>Os <strong>gases clorofluorcarbonetos (CFCs)<\/strong>, que foram banidos em 1987 pelo Protocolo de Montreal, mas ainda est\u00e3o presentes na atmosfera.<\/li>\n\n\n\n<li>As <strong>mudan\u00e7as na circula\u00e7\u00e3o atmosf\u00e9rica<\/strong>, que podem estar levando a uma maior concentra\u00e7\u00e3o de CFCs sobre a Ant\u00e1rtida.<\/li>\n<\/ul>\n\n\n\n<p>A queda nos n\u00edveis de oz\u00f4nio \u00e9 uma preocupa\u00e7\u00e3o significativa, pois o oz\u00f4nio \u00e9 um g\u00e1s essencial que protege a Terra da radia\u00e7\u00e3o ultravioleta (UV) prejudicial. A exposi\u00e7\u00e3o \u00e0 radia\u00e7\u00e3o UV pode aumentar o risco de c\u00e2ncer de pele, catarata e outras doen\u00e7as.<\/p>\n\n\n\n<p>Os cientistas est\u00e3o monitorando de perto o buraco na camada de oz\u00f4nio e est\u00e3o trabalhando para entender as causas da queda nos n\u00edveis de oz\u00f4nio. No entanto, \u00e9 importante notar que a recupera\u00e7\u00e3o da camada de oz\u00f4nio pode levar d\u00e9cadas, mesmo com redu\u00e7\u00e3o a zero das emiss\u00f5es de CFCs.<\/p>\n\n\n\n<p>Dessa forma, o buraco sobre a Ant\u00e1rtida, que normalmente atinge seu pico na primavera antes de diminuir no ver\u00e3o, surpreendeu os cientistas ao atingir tamanhos recordes entre 2020 e 2022. Um estudo recente, publicado na Nature Communications, revelou uma queda alarmante de 26% nos n\u00edveis de oz\u00f4nio desde 2004 no centro do buraco durante a primavera ant\u00e1rtica.<\/p>\n\n\n\n<h2 class=\"wp-block-heading\">O que falam os cientistas<\/h2>\n\n\n\n<p>Os pesquisadores atribu\u00edram essas descobertas a mudan\u00e7as no v\u00f3rtice polar ant\u00e1rtico, um vasto redemoinho de baixa press\u00e3o e ar muito frio acima do Polo Sul. Essas mudan\u00e7as, no entanto, levantam d\u00favidas sobre a efic\u00e1cia cont\u00ednua do Protocolo de Montreal na preserva\u00e7\u00e3o da camada de oz\u00f4nio.<\/p>\n\n\n\n<p>Enquanto alguns cientistas expressam ceticismo em rela\u00e7\u00e3o a este estudo, destacando a exclus\u00e3o de eventos excepcionais em 2002 e 2019, que teriam influenciado significativamente os resultados, \u00e9 crucial considerar diversas perspectivas. Eventos como a fuma\u00e7a dos inc\u00eandios florestais de 2019 e a erup\u00e7\u00e3o vulc\u00e2nica (La Soufriere) s\u00e3o fatores que afetaram a camada de oz\u00f4nio.<\/p>\n\n\n\n<p>Al\u00e9m disso, n\u00e3o podemos ignorar a rela\u00e7\u00e3o entre a estratosfera polar e o fen\u00f4meno El Ni\u00f1o. Durante anos de La Ni\u00f1a, o v\u00f3rtice polar tende a ser mais forte e mais frio, contribuindo para concentra\u00e7\u00f5es mais baixas de oz\u00f4nio. No per\u00edodo entre 2020 e 2022, ocorreu um raro La Ni\u00f1a triplo, mas curiosamente, este fato n\u00e3o se levou esse fato em conta no estudo em quest\u00e3o.<\/p>\n\n\n\n<p>\u00c9 imperativo adotar uma abordagem cautelosa diante das conclus\u00f5es deste estudo, que se baseia fortemente em um per\u00edodo relativamente curto de 19 anos. A remo\u00e7\u00e3o de eventos &#8220;excepcionais&#8221; do registro levanta quest\u00f5es sobre a representatividade dos resultados em rela\u00e7\u00e3o \u00e0 sa\u00fade a longo prazo da camada de oz\u00f4nio.<\/p>\n\n\n\n<h2 class=\"wp-block-heading\">Conclus\u00e3o<\/h2>\n\n\n\n<p>A recupera\u00e7\u00e3o da camada de oz\u00f4nio \u00e9 uma batalha cont\u00ednua e complexa, envolvendo n\u00e3o apenas esfor\u00e7os para reduzir subst\u00e2ncias nocivas, mas tamb\u00e9m a compreens\u00e3o e resposta adequada \u00e0s din\u00e2micas atmosf\u00e9ricas em constante mudan\u00e7a. Portanto, enquanto celebramos as conquistas passadas, \u00e9 vital manter um olhar cr\u00edtico sobre os desafios presentes e futuros que a camada de oz\u00f4nio pode enfrentar.<\/p>\n\n\n\n<p>Fonte: Kessenich, H.E., Sepp\u00e4l\u00e4, A. &amp; Rodger, C.J. Potential drivers of the recent large Antarctic ozone holes.\u00a0<em>Nat Commun<\/em>\u00a0<strong>14<\/strong>, 7259 (2023). <a href=\"https:\/\/doi.org\/10.1038\/s41467-023-42637-0\" target=\"_blank\" rel=\"noreferrer noopener nofollow\">https:\/\/doi.org\/10.1038\/s41467-023-42637-0<\/a> <\/p>\n\n\n\n<h3 class=\"wp-block-heading\">Convite especial para voc\u00ea<\/h3>\n\n\n\n<p>Depois deste artigo Uma perspectiva cautelosa sobre a camada de oz\u00f4nio. Acredito que queira saber mais de nossa contribui\u00e7\u00e3o na \u00e1rea ambiental. N\u00e3o fique inibido entre em contato:\u00a0<a href=\"mailto:gsantana2005@gmail.com\">gsantana2005@gmail.com<\/a>\u00a0veja o nosso\u00a0<a href=\"https:\/\/www.instagram.com\/genilsonpereirasantana1\/\" rel=\"nofollow noopener\" target=\"_blank\">Instagram<\/a><\/p>\n\n\n\n<p>Al\u00e9m disso, j\u00e1 que voc\u00ea chegou at\u00e9 aqui descubra mais sobre nos artigos abaixo:<\/p>\n\n\n\n<ul class=\"wp-block-list\">\n<li><a href=\"https:\/\/gsantana2005.net\/index.php\/2023\/08\/30\/como-o-monitoramento-ambiental-e-importante-para-o-planeta\/\">Como o monitoramento ambiental \u00e9 importante para o planeta<\/a><\/li>\n\n\n\n<li><a href=\"https:\/\/gsantana2005.net\/index.php\/2023\/08\/28\/uma-breve-historia-dos-creditos-de-carbono\/\">Uma breve hist\u00f3ria dos cr\u00e9ditos de carbono<\/a><\/li>\n\n\n\n<li><a href=\"https:\/\/gsantana2005.net\/index.php\/2023\/08\/26\/a-crescente-importancia-dos-fatores-esg-nos-investimentos\/\">A crescente import\u00e2ncia dos fatores ESG nos investimentos<\/a><\/li>\n\n\n\n<li><a href=\"https:\/\/gsantana2005.net\/index.php\/2023\/08\/24\/6-ideias-para-tornar-uma-pequea-empresa-sustentavel\/\">6 ideias para tornar uma pequena empresa sustent\u00e1vel<\/a><\/li>\n<\/ul>\n\n\n\n<p>Ent\u00e3o, conhe\u00e7a tamb\u00e9m nossos cursos sobre&nbsp;<a href=\"https:\/\/gsantana2005.net\/index.php\/2023\/07\/21\/gestao-de-residuos\/\">Gest\u00e3o de res\u00edduos<\/a>&nbsp;e&nbsp;<a href=\"https:\/\/gsantana2005.net\/index.php\/2023\/08\/08\/tratamento-de-efluentes\/\">Tratamento de efluentes<\/a>. Maiores informa\u00e7\u00f5es:&nbsp;<a href=\"mailto:gsantana2005@gmail.com\">gsantana2005@gmail.com<\/a>&nbsp;ou 92 991227158 (WhatsApp)<\/p>\n","protected":false},"excerpt":{"rendered":"<p>Uma perspectiva cautelosa sobre a camada de oz\u00f4nio \u00e9 uma reflex\u00e3o sobre a recupera\u00e7\u00e3o total da camada de oz\u00f4nio. Ent\u00e3o, a recupera\u00e7\u00e3o da camada de oz\u00f4nio, celebrada como uma conquista ambiental de magnitude global, agora \u00e9 alvo de questionamentos s\u00e9rios. Um novo estudo, publicado recentemente, desafia a narrativa otimista que permeia as avalia\u00e7\u00f5es convencionais sobre [&hellip;]<\/p>\n","protected":false},"author":1,"featured_media":838,"comment_status":"open","ping_status":"closed","sticky":false,"template":"","format":"standard","meta":{"om_disable_all_campaigns":false,"_monsterinsights_skip_tracking":false,"_monsterinsights_sitenote_active":false,"_monsterinsights_sitenote_note":"","_monsterinsights_sitenote_category":0,"footnotes":"","_links_to":"","_links_to_target":""},"categories":[2,275,3],"tags":[39,537,541,277,539,540,538,542],"class_list":["post-837","post","type-post","status-publish","format-standard","has-post-thumbnail","hentry","category-ambiente","category-conservacao-ambiental","category-genilson-pereira-santana","tag-aquecimento-global","tag-camada-de-ozonio","tag-cientistas-ambientais","tag-mudancas-climaticas","tag-niveis-de-ozonio","tag-protecao-ambiental","tag-protocolo-de-montreal","tag-recuperacao-ozonio"],"aioseo_notices":[],"yoast_head":"<!-- This site is optimized with the Yoast SEO plugin v24.5 - https:\/\/yoast.com\/wordpress\/plugins\/seo\/ -->\n<title>Uma perspectiva cautelosa sobre a camada de oz\u00f4nio - gsantana2005<\/title>\n<meta name=\"robots\" content=\"index, follow, max-snippet:-1, max-image-preview:large, max-video-preview:-1\" \/>\n<link rel=\"canonical\" href=\"https:\/\/gsantana2005.net\/index.php\/2023\/11\/22\/uma-perspectiva-cautelosa-sobre-a-camada-de-ozonio\/\" \/>\n<meta property=\"og:locale\" content=\"pt_BR\" \/>\n<meta property=\"og:type\" content=\"article\" \/>\n<meta property=\"og:title\" content=\"Uma perspectiva cautelosa sobre a camada de oz\u00f4nio - gsantana2005\" \/>\n<meta property=\"og:description\" content=\"Uma perspectiva cautelosa sobre a camada de oz\u00f4nio \u00e9 uma reflex\u00e3o sobre a recupera\u00e7\u00e3o total da camada de oz\u00f4nio. Ent\u00e3o, a recupera\u00e7\u00e3o da camada de oz\u00f4nio, celebrada como uma conquista ambiental de magnitude global, agora \u00e9 alvo de questionamentos s\u00e9rios. Um novo estudo, publicado recentemente, desafia a narrativa otimista que permeia as avalia\u00e7\u00f5es convencionais sobre [&hellip;]\" \/>\n<meta property=\"og:url\" content=\"https:\/\/gsantana2005.net\/index.php\/2023\/11\/22\/uma-perspectiva-cautelosa-sobre-a-camada-de-ozonio\/\" \/>\n<meta property=\"og:site_name\" content=\"gsantana2005\" \/>\n<meta property=\"article:published_time\" content=\"2023-11-22T12:10:15+00:00\" \/>\n<meta property=\"article:modified_time\" content=\"2024-02-04T22:34:15+00:00\" \/>\n<meta property=\"og:image\" content=\"http:\/\/gsantana2005.net\/wp-content\/uploads\/2023\/11\/buraco-camada-de-ozonio.jpg\" \/>\n\t<meta property=\"og:image:width\" content=\"1280\" \/>\n\t<meta property=\"og:image:height\" content=\"1280\" \/>\n\t<meta property=\"og:image:type\" content=\"image\/jpeg\" \/>\n<meta name=\"author\" content=\"gsantana2005\" \/>\n<meta name=\"twitter:card\" content=\"summary_large_image\" \/>\n<meta name=\"twitter:label1\" content=\"Escrito por\" \/>\n\t<meta name=\"twitter:data1\" content=\"gsantana2005\" \/>\n\t<meta name=\"twitter:label2\" content=\"Est. tempo de leitura\" \/>\n\t<meta name=\"twitter:data2\" content=\"5 minutos\" \/>\n<script type=\"application\/ld+json\" class=\"yoast-schema-graph\">{\"@context\":\"https:\/\/schema.org\",\"@graph\":[{\"@type\":\"Article\",\"@id\":\"https:\/\/gsantana2005.net\/index.php\/2023\/11\/22\/uma-perspectiva-cautelosa-sobre-a-camada-de-ozonio\/#article\",\"isPartOf\":{\"@id\":\"https:\/\/gsantana2005.net\/index.php\/2023\/11\/22\/uma-perspectiva-cautelosa-sobre-a-camada-de-ozonio\/\"},\"author\":{\"name\":\"gsantana2005\",\"@id\":\"https:\/\/gsantana2005.net\/#\/schema\/person\/78c90c6f49a46ef4c8e69bafec347cb7\"},\"headline\":\"Uma perspectiva cautelosa sobre a camada de oz\u00f4nio\",\"datePublished\":\"2023-11-22T12:10:15+00:00\",\"dateModified\":\"2024-02-04T22:34:15+00:00\",\"mainEntityOfPage\":{\"@id\":\"https:\/\/gsantana2005.net\/index.php\/2023\/11\/22\/uma-perspectiva-cautelosa-sobre-a-camada-de-ozonio\/\"},\"wordCount\":869,\"commentCount\":0,\"publisher\":{\"@id\":\"https:\/\/gsantana2005.net\/#organization\"},\"image\":{\"@id\":\"https:\/\/gsantana2005.net\/index.php\/2023\/11\/22\/uma-perspectiva-cautelosa-sobre-a-camada-de-ozonio\/#primaryimage\"},\"thumbnailUrl\":\"https:\/\/gsantana2005.net\/wp-content\/uploads\/2023\/11\/buraco-camada-de-ozonio.jpg\",\"keywords\":[\"aquecimento global\",\"Camada De Oz\u00f4nio\",\"Cientistas Ambientais\",\"mudan\u00e7as clim\u00e1ticas\",\"N\u00edveis De Oz\u00f4nio\",\"Prote\u00e7\u00e3o Ambiental\",\"Protocolo De Montreal\",\"Recupera\u00e7\u00e3o Oz\u00f4nio\"],\"articleSection\":[\"Ambiente\",\"Conserva\u00e7\u00e3o Ambiental\",\"Dr Genilson Santana\"],\"inLanguage\":\"pt-BR\",\"potentialAction\":[{\"@type\":\"CommentAction\",\"name\":\"Comment\",\"target\":[\"https:\/\/gsantana2005.net\/index.php\/2023\/11\/22\/uma-perspectiva-cautelosa-sobre-a-camada-de-ozonio\/#respond\"]}]},{\"@type\":\"WebPage\",\"@id\":\"https:\/\/gsantana2005.net\/index.php\/2023\/11\/22\/uma-perspectiva-cautelosa-sobre-a-camada-de-ozonio\/\",\"url\":\"https:\/\/gsantana2005.net\/index.php\/2023\/11\/22\/uma-perspectiva-cautelosa-sobre-a-camada-de-ozonio\/\",\"name\":\"Uma perspectiva cautelosa sobre a camada de oz\u00f4nio - gsantana2005\",\"isPartOf\":{\"@id\":\"https:\/\/gsantana2005.net\/#website\"},\"primaryImageOfPage\":{\"@id\":\"https:\/\/gsantana2005.net\/index.php\/2023\/11\/22\/uma-perspectiva-cautelosa-sobre-a-camada-de-ozonio\/#primaryimage\"},\"image\":{\"@id\":\"https:\/\/gsantana2005.net\/index.php\/2023\/11\/22\/uma-perspectiva-cautelosa-sobre-a-camada-de-ozonio\/#primaryimage\"},\"thumbnailUrl\":\"https:\/\/gsantana2005.net\/wp-content\/uploads\/2023\/11\/buraco-camada-de-ozonio.jpg\",\"datePublished\":\"2023-11-22T12:10:15+00:00\",\"dateModified\":\"2024-02-04T22:34:15+00:00\",\"breadcrumb\":{\"@id\":\"https:\/\/gsantana2005.net\/index.php\/2023\/11\/22\/uma-perspectiva-cautelosa-sobre-a-camada-de-ozonio\/#breadcrumb\"},\"inLanguage\":\"pt-BR\",\"potentialAction\":[{\"@type\":\"ReadAction\",\"target\":[\"https:\/\/gsantana2005.net\/index.php\/2023\/11\/22\/uma-perspectiva-cautelosa-sobre-a-camada-de-ozonio\/\"]}]},{\"@type\":\"ImageObject\",\"inLanguage\":\"pt-BR\",\"@id\":\"https:\/\/gsantana2005.net\/index.php\/2023\/11\/22\/uma-perspectiva-cautelosa-sobre-a-camada-de-ozonio\/#primaryimage\",\"url\":\"https:\/\/gsantana2005.net\/wp-content\/uploads\/2023\/11\/buraco-camada-de-ozonio.jpg\",\"contentUrl\":\"https:\/\/gsantana2005.net\/wp-content\/uploads\/2023\/11\/buraco-camada-de-ozonio.jpg\",\"width\":1280,\"height\":1280,\"caption\":\"buraco camada de ozonio\"},{\"@type\":\"BreadcrumbList\",\"@id\":\"https:\/\/gsantana2005.net\/index.php\/2023\/11\/22\/uma-perspectiva-cautelosa-sobre-a-camada-de-ozonio\/#breadcrumb\",\"itemListElement\":[{\"@type\":\"ListItem\",\"position\":1,\"name\":\"Home\",\"item\":\"https:\/\/gsantana2005.net\/\"},{\"@type\":\"ListItem\",\"position\":2,\"name\":\"Uma perspectiva cautelosa sobre a camada de oz\u00f4nio\"}]},{\"@type\":\"WebSite\",\"@id\":\"https:\/\/gsantana2005.net\/#website\",\"url\":\"https:\/\/gsantana2005.net\/\",\"name\":\"gsantana2005\",\"description\":\"Sejamos sustent\u00e1veis\",\"publisher\":{\"@id\":\"https:\/\/gsantana2005.net\/#organization\"},\"potentialAction\":[{\"@type\":\"SearchAction\",\"target\":{\"@type\":\"EntryPoint\",\"urlTemplate\":\"https:\/\/gsantana2005.net\/?s={search_term_string}\"},\"query-input\":{\"@type\":\"PropertyValueSpecification\",\"valueRequired\":true,\"valueName\":\"search_term_string\"}}],\"inLanguage\":\"pt-BR\"},{\"@type\":\"Organization\",\"@id\":\"https:\/\/gsantana2005.net\/#organization\",\"name\":\"gsantana2005\",\"url\":\"https:\/\/gsantana2005.net\/\",\"logo\":{\"@type\":\"ImageObject\",\"inLanguage\":\"pt-BR\",\"@id\":\"https:\/\/gsantana2005.net\/#\/schema\/logo\/image\/\",\"url\":\"https:\/\/gsantana2005.net\/wp-content\/uploads\/2023\/06\/cropped-Gs-sem-fundo.jpg\",\"contentUrl\":\"https:\/\/gsantana2005.net\/wp-content\/uploads\/2023\/06\/cropped-Gs-sem-fundo.jpg\",\"width\":100,\"height\":100,\"caption\":\"gsantana2005\"},\"image\":{\"@id\":\"https:\/\/gsantana2005.net\/#\/schema\/logo\/image\/\"}},{\"@type\":\"Person\",\"@id\":\"https:\/\/gsantana2005.net\/#\/schema\/person\/78c90c6f49a46ef4c8e69bafec347cb7\",\"name\":\"gsantana2005\",\"image\":{\"@type\":\"ImageObject\",\"inLanguage\":\"pt-BR\",\"@id\":\"https:\/\/gsantana2005.net\/#\/schema\/person\/image\/\",\"url\":\"https:\/\/secure.gravatar.com\/avatar\/db3aa311fa8063e1f4df6b2da249929f?s=96&d=mm&r=g\",\"contentUrl\":\"https:\/\/secure.gravatar.com\/avatar\/db3aa311fa8063e1f4df6b2da249929f?s=96&d=mm&r=g\",\"caption\":\"gsantana2005\"},\"sameAs\":[\"http:\/\/gsantana2005.net\"],\"url\":\"https:\/\/gsantana2005.net\/author\/gsantana2005\/\"}]}<\/script>\n<!-- \/ Yoast SEO plugin. -->","yoast_head_json":{"title":"Uma perspectiva cautelosa sobre a camada de oz\u00f4nio - gsantana2005","robots":{"index":"index","follow":"follow","max-snippet":"max-snippet:-1","max-image-preview":"max-image-preview:large","max-video-preview":"max-video-preview:-1"},"canonical":"https:\/\/gsantana2005.net\/index.php\/2023\/11\/22\/uma-perspectiva-cautelosa-sobre-a-camada-de-ozonio\/","og_locale":"pt_BR","og_type":"article","og_title":"Uma perspectiva cautelosa sobre a camada de oz\u00f4nio - gsantana2005","og_description":"Uma perspectiva cautelosa sobre a camada de oz\u00f4nio \u00e9 uma reflex\u00e3o sobre a recupera\u00e7\u00e3o total da camada de oz\u00f4nio. Ent\u00e3o, a recupera\u00e7\u00e3o da camada de oz\u00f4nio, celebrada como uma conquista ambiental de magnitude global, agora \u00e9 alvo de questionamentos s\u00e9rios. Um novo estudo, publicado recentemente, desafia a narrativa otimista que permeia as avalia\u00e7\u00f5es convencionais sobre [&hellip;]","og_url":"https:\/\/gsantana2005.net\/index.php\/2023\/11\/22\/uma-perspectiva-cautelosa-sobre-a-camada-de-ozonio\/","og_site_name":"gsantana2005","article_published_time":"2023-11-22T12:10:15+00:00","article_modified_time":"2024-02-04T22:34:15+00:00","og_image":[{"width":1280,"height":1280,"url":"http:\/\/gsantana2005.net\/wp-content\/uploads\/2023\/11\/buraco-camada-de-ozonio.jpg","type":"image\/jpeg"}],"author":"gsantana2005","twitter_card":"summary_large_image","twitter_misc":{"Escrito por":"gsantana2005","Est. tempo de leitura":"5 minutos"},"schema":{"@context":"https:\/\/schema.org","@graph":[{"@type":"Article","@id":"https:\/\/gsantana2005.net\/index.php\/2023\/11\/22\/uma-perspectiva-cautelosa-sobre-a-camada-de-ozonio\/#article","isPartOf":{"@id":"https:\/\/gsantana2005.net\/index.php\/2023\/11\/22\/uma-perspectiva-cautelosa-sobre-a-camada-de-ozonio\/"},"author":{"name":"gsantana2005","@id":"https:\/\/gsantana2005.net\/#\/schema\/person\/78c90c6f49a46ef4c8e69bafec347cb7"},"headline":"Uma perspectiva cautelosa sobre a camada de oz\u00f4nio","datePublished":"2023-11-22T12:10:15+00:00","dateModified":"2024-02-04T22:34:15+00:00","mainEntityOfPage":{"@id":"https:\/\/gsantana2005.net\/index.php\/2023\/11\/22\/uma-perspectiva-cautelosa-sobre-a-camada-de-ozonio\/"},"wordCount":869,"commentCount":0,"publisher":{"@id":"https:\/\/gsantana2005.net\/#organization"},"image":{"@id":"https:\/\/gsantana2005.net\/index.php\/2023\/11\/22\/uma-perspectiva-cautelosa-sobre-a-camada-de-ozonio\/#primaryimage"},"thumbnailUrl":"https:\/\/gsantana2005.net\/wp-content\/uploads\/2023\/11\/buraco-camada-de-ozonio.jpg","keywords":["aquecimento global","Camada De Oz\u00f4nio","Cientistas Ambientais","mudan\u00e7as clim\u00e1ticas","N\u00edveis De Oz\u00f4nio","Prote\u00e7\u00e3o Ambiental","Protocolo De Montreal","Recupera\u00e7\u00e3o Oz\u00f4nio"],"articleSection":["Ambiente","Conserva\u00e7\u00e3o Ambiental","Dr Genilson Santana"],"inLanguage":"pt-BR","potentialAction":[{"@type":"CommentAction","name":"Comment","target":["https:\/\/gsantana2005.net\/index.php\/2023\/11\/22\/uma-perspectiva-cautelosa-sobre-a-camada-de-ozonio\/#respond"]}]},{"@type":"WebPage","@id":"https:\/\/gsantana2005.net\/index.php\/2023\/11\/22\/uma-perspectiva-cautelosa-sobre-a-camada-de-ozonio\/","url":"https:\/\/gsantana2005.net\/index.php\/2023\/11\/22\/uma-perspectiva-cautelosa-sobre-a-camada-de-ozonio\/","name":"Uma perspectiva cautelosa sobre a camada de oz\u00f4nio - gsantana2005","isPartOf":{"@id":"https:\/\/gsantana2005.net\/#website"},"primaryImageOfPage":{"@id":"https:\/\/gsantana2005.net\/index.php\/2023\/11\/22\/uma-perspectiva-cautelosa-sobre-a-camada-de-ozonio\/#primaryimage"},"image":{"@id":"https:\/\/gsantana2005.net\/index.php\/2023\/11\/22\/uma-perspectiva-cautelosa-sobre-a-camada-de-ozonio\/#primaryimage"},"thumbnailUrl":"https:\/\/gsantana2005.net\/wp-content\/uploads\/2023\/11\/buraco-camada-de-ozonio.jpg","datePublished":"2023-11-22T12:10:15+00:00","dateModified":"2024-02-04T22:34:15+00:00","breadcrumb":{"@id":"https:\/\/gsantana2005.net\/index.php\/2023\/11\/22\/uma-perspectiva-cautelosa-sobre-a-camada-de-ozonio\/#breadcrumb"},"inLanguage":"pt-BR","potentialAction":[{"@type":"ReadAction","target":["https:\/\/gsantana2005.net\/index.php\/2023\/11\/22\/uma-perspectiva-cautelosa-sobre-a-camada-de-ozonio\/"]}]},{"@type":"ImageObject","inLanguage":"pt-BR","@id":"https:\/\/gsantana2005.net\/index.php\/2023\/11\/22\/uma-perspectiva-cautelosa-sobre-a-camada-de-ozonio\/#primaryimage","url":"https:\/\/gsantana2005.net\/wp-content\/uploads\/2023\/11\/buraco-camada-de-ozonio.jpg","contentUrl":"https:\/\/gsantana2005.net\/wp-content\/uploads\/2023\/11\/buraco-camada-de-ozonio.jpg","width":1280,"height":1280,"caption":"buraco camada de ozonio"},{"@type":"BreadcrumbList","@id":"https:\/\/gsantana2005.net\/index.php\/2023\/11\/22\/uma-perspectiva-cautelosa-sobre-a-camada-de-ozonio\/#breadcrumb","itemListElement":[{"@type":"ListItem","position":1,"name":"Home","item":"https:\/\/gsantana2005.net\/"},{"@type":"ListItem","position":2,"name":"Uma perspectiva cautelosa sobre a camada de oz\u00f4nio"}]},{"@type":"WebSite","@id":"https:\/\/gsantana2005.net\/#website","url":"https:\/\/gsantana2005.net\/","name":"gsantana2005","description":"Sejamos sustent\u00e1veis","publisher":{"@id":"https:\/\/gsantana2005.net\/#organization"},"potentialAction":[{"@type":"SearchAction","target":{"@type":"EntryPoint","urlTemplate":"https:\/\/gsantana2005.net\/?s={search_term_string}"},"query-input":{"@type":"PropertyValueSpecification","valueRequired":true,"valueName":"search_term_string"}}],"inLanguage":"pt-BR"},{"@type":"Organization","@id":"https:\/\/gsantana2005.net\/#organization","name":"gsantana2005","url":"https:\/\/gsantana2005.net\/","logo":{"@type":"ImageObject","inLanguage":"pt-BR","@id":"https:\/\/gsantana2005.net\/#\/schema\/logo\/image\/","url":"https:\/\/gsantana2005.net\/wp-content\/uploads\/2023\/06\/cropped-Gs-sem-fundo.jpg","contentUrl":"https:\/\/gsantana2005.net\/wp-content\/uploads\/2023\/06\/cropped-Gs-sem-fundo.jpg","width":100,"height":100,"caption":"gsantana2005"},"image":{"@id":"https:\/\/gsantana2005.net\/#\/schema\/logo\/image\/"}},{"@type":"Person","@id":"https:\/\/gsantana2005.net\/#\/schema\/person\/78c90c6f49a46ef4c8e69bafec347cb7","name":"gsantana2005","image":{"@type":"ImageObject","inLanguage":"pt-BR","@id":"https:\/\/gsantana2005.net\/#\/schema\/person\/image\/","url":"https:\/\/secure.gravatar.com\/avatar\/db3aa311fa8063e1f4df6b2da249929f?s=96&d=mm&r=g","contentUrl":"https:\/\/secure.gravatar.com\/avatar\/db3aa311fa8063e1f4df6b2da249929f?s=96&d=mm&r=g","caption":"gsantana2005"},"sameAs":["http:\/\/gsantana2005.net"],"url":"https:\/\/gsantana2005.net\/author\/gsantana2005\/"}]}},"amp_enabled":true,"_links":{"self":[{"href":"https:\/\/gsantana2005.net\/index.php\/wp-json\/wp\/v2\/posts\/837"}],"collection":[{"href":"https:\/\/gsantana2005.net\/index.php\/wp-json\/wp\/v2\/posts"}],"about":[{"href":"https:\/\/gsantana2005.net\/index.php\/wp-json\/wp\/v2\/types\/post"}],"author":[{"embeddable":true,"href":"https:\/\/gsantana2005.net\/index.php\/wp-json\/wp\/v2\/users\/1"}],"replies":[{"embeddable":true,"href":"https:\/\/gsantana2005.net\/index.php\/wp-json\/wp\/v2\/comments?post=837"}],"version-history":[{"count":1,"href":"https:\/\/gsantana2005.net\/index.php\/wp-json\/wp\/v2\/posts\/837\/revisions"}],"predecessor-version":[{"id":839,"href":"https:\/\/gsantana2005.net\/index.php\/wp-json\/wp\/v2\/posts\/837\/revisions\/839"}],"wp:featuredmedia":[{"embeddable":true,"href":"https:\/\/gsantana2005.net\/index.php\/wp-json\/wp\/v2\/media\/838"}],"wp:attachment":[{"href":"https:\/\/gsantana2005.net\/index.php\/wp-json\/wp\/v2\/media?parent=837"}],"wp:term":[{"taxonomy":"category","embeddable":true,"href":"https:\/\/gsantana2005.net\/index.php\/wp-json\/wp\/v2\/categories?post=837"},{"taxonomy":"post_tag","embeddable":true,"href":"https:\/\/gsantana2005.net\/index.php\/wp-json\/wp\/v2\/tags?post=837"}],"curies":[{"name":"wp","href":"https:\/\/api.w.org\/{rel}","templated":true}]}}