{"id":851,"date":"2023-11-25T03:05:36","date_gmt":"2023-11-25T03:05:36","guid":{"rendered":"https:\/\/gsantana2005.net\/?p=851"},"modified":"2024-02-04T22:26:23","modified_gmt":"2024-02-04T22:26:23","slug":"por-que-a-producao-de-concreto-e-prejudicial-para-o-planeta","status":"publish","type":"post","link":"https:\/\/gsantana2005.net\/index.php\/2023\/11\/25\/por-que-a-producao-de-concreto-e-prejudicial-para-o-planeta\/","title":{"rendered":"Por que a produ\u00e7\u00e3o de concreto \u00e9 prejudicial para o planeta?"},"content":{"rendered":"\n<p>Ent\u00e3o, Por que a Produ\u00e7\u00e3o de Concreto \u00e9 Prejudicial para o Planeta? Existem Op\u00e7\u00f5es Sustent\u00e1veis? Mas primeiro vamos lalar um pouco sobre o concreto. Ent\u00e3o, o  concreto, amplamente utilizado na constru\u00e7\u00e3o civil, \u00e9 uma mistura de cimento, \u00e1gua, areia e brita que forma uma subst\u00e2ncia s\u00f3lida e resistente. No entanto, apesar de sua popularidade e versatilidade, a produ\u00e7\u00e3o de concreto tem impactos significativos no meio ambiente, levantando a quest\u00e3o crucial: por que a produ\u00e7\u00e3o de concreto \u00e9 prejudicial para o planeta, e existem op\u00e7\u00f5es sustent\u00e1veis?<\/p>\n\n\n\n<h2 class=\"wp-block-heading\">Emiss\u00f5es de Carbono Desenfreadas:<\/h2>\n\n\n\n<p>Um dos principais problemas associados \u00e0 produ\u00e7\u00e3o de concreto \u00e9 a emiss\u00e3o massiva de di\u00f3xido de carbono (CO<sub>2<\/sub>) durante o processo de fabrica\u00e7\u00e3o do cimento, um componente fundamental do concreto. A ind\u00fastria do cimento \u00e9 respons\u00e1vel por aproximadamente 8% das emiss\u00f5es globais de CO<sub>2,<\/sub> tornando-se um dos maiores contribuintes para as mudan\u00e7as clim\u00e1ticas.<\/p>\n\n\n\n<h2 class=\"wp-block-heading\">Explora\u00e7\u00e3o de Recursos Naturais:<\/h2>\n\n\n\n<p>Al\u00e9m das emiss\u00f5es de carbono, a produ\u00e7\u00e3o de concreto tamb\u00e9m contribui para a explora\u00e7\u00e3o excessiva de recursos naturais. Assim, a demanda constante por areia, um dos principais componentes do concreto, levou \u00e0 extra\u00e7\u00e3o desenfreada em rios e oceanos, causando danos irrepar\u00e1veis aos ecossistemas aqu\u00e1ticos.<\/p>\n\n\n\n<h2 class=\"wp-block-heading\">Alternativas Sustent\u00e1veis:<\/h2>\n\n\n\n<p>Felizmente, existem alternativas sustent\u00e1veis \u00e0 produ\u00e7\u00e3o tradicional de concreto que podem mitigar esses impactos ambientais negativos. Uma op\u00e7\u00e3o promissora \u00e9 o desenvolvimento e a utiliza\u00e7\u00e3o de concretos de baixo carbono. Estes substituem parcial ou totalmente o cimento tradicional por materiais alternativos, como cinzas volantes, esc\u00f3ria de alto-forno e s\u00edlica ativa, reduzindo significativamente as emiss\u00f5es de CO2.<\/p>\n\n\n\n<p>Outra abordagem sustent\u00e1vel \u00e9 o uso de concretos perme\u00e1veis, que permitem a passagem de \u00e1gua atrav\u00e9s de pequenos vazios. Ent\u00e3o, essa permeabilidade contribui para a recarga de aqu\u00edferos e reduz o escoamento superficial, minimizando os impactos negativos nos recursos h\u00eddricos.<\/p>\n\n\n\n<h2 class=\"wp-block-heading\">Reciclagem de Res\u00edduos:<\/h2>\n\n\n\n<p>A reciclagem de res\u00edduos \u00e9 uma pr\u00e1tica sustent\u00e1vel que pode transformar a ind\u00fastria do concreto. A reutiliza\u00e7\u00e3o de res\u00edduos industriais, como cinzas de fundo de caldeira e esc\u00f3ria, como substitutos de materiais virgens, n\u00e3o apenas reduz os impactos ambientais, mas tamb\u00e9m diminui a depend\u00eancia de recursos naturais.<\/p>\n\n\n\n<h2 class=\"wp-block-heading\">Conclus\u00e3o:<\/h2>\n\n\n\n<p>A produ\u00e7\u00e3o de concreto, apesar de sua import\u00e2ncia na constru\u00e7\u00e3o, n\u00e3o pode ser ignorada em termos de impacto ambiental. A busca por alternativas sustent\u00e1veis \u00e9 vital para mitigar os efeitos adversos no planeta. Ao investir em concretos de baixo carbono, materiais reciclados e pr\u00e1ticas inovadoras, podemos construir um futuro onde a ind\u00fastria da constru\u00e7\u00e3o n\u00e3o apenas atenda \u00e0s nossas necessidades presentes, mas tamb\u00e9m respeite e preserve o meio ambiente para as gera\u00e7\u00f5es futuras. \u00c9 hora de repensar a forma como constru\u00edmos e adotar pr\u00e1ticas que contribuam para um planeta mais saud\u00e1vel e sustent\u00e1vel.<\/p>\n\n\n\n<h2 class=\"wp-block-heading\">Convite especial para voc\u00ea<\/h2>\n\n\n\n<p>Depois deste artigo Descubra o poder da limpeza natural para um lar saud\u00e1vel e sustent\u00e1vel!. Acredito que queira saber mais de nossa contribui\u00e7\u00e3o na \u00e1rea ambiental. N\u00e3o fique inibido entre em contato:&nbsp;<a href=\"mailto:gsantana2005@gmail.com\">gsantana2005@gmail.com<\/a>&nbsp;veja o nosso&nbsp;<a href=\"https:\/\/www.instagram.com\/genilsonpereirasantana1\/\" rel=\"nofollow noopener\" target=\"_blank\">Instagram<\/a><\/p>\n\n\n\n<p>Al\u00e9m disso, j\u00e1 que voc\u00ea chegou at\u00e9 aqui descubra mais sobre nos artigos abaixo:<\/p>\n\n\n\n<ul class=\"wp-block-list\">\n<li><a href=\"https:\/\/gsantana2005.net\/index.php\/2023\/08\/30\/como-o-monitoramento-ambiental-e-importante-para-o-planeta\/\">Como o monitoramento ambiental \u00e9 importante para o planeta<\/a><\/li>\n\n\n\n<li><a href=\"https:\/\/gsantana2005.net\/index.php\/2023\/08\/28\/uma-breve-historia-dos-creditos-de-carbono\/\">Uma breve hist\u00f3ria dos cr\u00e9ditos de carbono<\/a><\/li>\n\n\n\n<li><a href=\"https:\/\/gsantana2005.net\/index.php\/2023\/08\/26\/a-crescente-importancia-dos-fatores-esg-nos-investimentos\/\">A crescente import\u00e2ncia dos fatores ESG nos investimentos<\/a><\/li>\n\n\n\n<li><a href=\"https:\/\/gsantana2005.net\/index.php\/2023\/08\/24\/6-ideias-para-tornar-uma-pequea-empresa-sustentavel\/\">6 ideias para tornar uma pequena empresa sustent\u00e1vel<\/a><\/li>\n<\/ul>\n\n\n\n<p>Ent\u00e3o, conhe\u00e7a tamb\u00e9m nossos cursos sobre&nbsp;<a href=\"https:\/\/gsantana2005.net\/index.php\/2023\/07\/21\/gestao-de-residuos\/\">Gest\u00e3o de res\u00edduos<\/a>&nbsp;e&nbsp;<a href=\"https:\/\/gsantana2005.net\/index.php\/2023\/08\/08\/tratamento-de-efluentes\/\">Tratamento de efluentes<\/a>. Maiores informa\u00e7\u00f5es:&nbsp;<a href=\"mailto:gsantana2005@gmail.com\">gsantana2005@gmail.com<\/a>&nbsp;ou 92 991227158 (WhatsApp).<\/p>\n","protected":false},"excerpt":{"rendered":"<p>Ent\u00e3o, Por que a Produ\u00e7\u00e3o de Concreto \u00e9 Prejudicial para o Planeta? Existem Op\u00e7\u00f5es Sustent\u00e1veis? Mas primeiro vamos lalar um pouco sobre o concreto. Ent\u00e3o, o concreto, amplamente utilizado na constru\u00e7\u00e3o civil, \u00e9 uma mistura de cimento, \u00e1gua, areia e brita que forma uma subst\u00e2ncia s\u00f3lida e resistente. No entanto, apesar de sua popularidade e [&hellip;]<\/p>\n","protected":false},"author":1,"featured_media":852,"comment_status":"open","ping_status":"closed","sticky":false,"template":"","format":"standard","meta":{"om_disable_all_campaigns":false,"_monsterinsights_skip_tracking":false,"_monsterinsights_sitenote_active":false,"_monsterinsights_sitenote_note":"","_monsterinsights_sitenote_category":0,"footnotes":"","_links_to":"","_links_to_target":""},"categories":[273,275,3],"tags":[510,512,509,508,513,507,444,511],"class_list":["post-851","post","type-post","status-publish","format-standard","has-post-thumbnail","hentry","category-economia-de-recursos","category-conservacao-ambiental","category-genilson-pereira-santana","tag-alternativas-verdes","tag-concreto-baixo-carbono","tag-concreto-sustentavel","tag-emissao-carbono","tag-exploracao-recursos","tag-impacto-do-concreto","tag-preservacao-ambiental","tag-reciclagem-residuos"],"aioseo_notices":[],"yoast_head":"<!-- This site is optimized with the Yoast SEO plugin v24.5 - https:\/\/yoast.com\/wordpress\/plugins\/seo\/ -->\n<title>Por que a produ\u00e7\u00e3o de concreto \u00e9 prejudicial para o planeta? - gsantana2005<\/title>\n<meta name=\"description\" content=\"Por que a Produ\u00e7\u00e3o de Concreto \u00e9 Prejudicial para o Planeta? \u00c9 um artigo sobre a problem\u00e1tica e solu\u00e7\u00e3o quando se usa concreto\" \/>\n<meta name=\"robots\" content=\"index, follow, max-snippet:-1, max-image-preview:large, max-video-preview:-1\" \/>\n<link rel=\"canonical\" href=\"https:\/\/gsantana2005.net\/index.php\/2023\/11\/25\/por-que-a-producao-de-concreto-e-prejudicial-para-o-planeta\/\" \/>\n<meta property=\"og:locale\" content=\"pt_BR\" \/>\n<meta property=\"og:type\" content=\"article\" \/>\n<meta property=\"og:title\" content=\"Por que a produ\u00e7\u00e3o de concreto \u00e9 prejudicial para o planeta? - gsantana2005\" \/>\n<meta property=\"og:description\" content=\"Por que a Produ\u00e7\u00e3o de Concreto \u00e9 Prejudicial para o Planeta? \u00c9 um artigo sobre a problem\u00e1tica e solu\u00e7\u00e3o quando se usa concreto\" \/>\n<meta property=\"og:url\" content=\"https:\/\/gsantana2005.net\/index.php\/2023\/11\/25\/por-que-a-producao-de-concreto-e-prejudicial-para-o-planeta\/\" \/>\n<meta property=\"og:site_name\" content=\"gsantana2005\" \/>\n<meta property=\"article:published_time\" content=\"2023-11-25T03:05:36+00:00\" \/>\n<meta property=\"article:modified_time\" content=\"2024-02-04T22:26:23+00:00\" \/>\n<meta property=\"og:image\" content=\"http:\/\/gsantana2005.net\/wp-content\/uploads\/2023\/11\/concreto-scaled.jpg\" \/>\n\t<meta property=\"og:image:width\" content=\"1920\" \/>\n\t<meta property=\"og:image:height\" content=\"2560\" \/>\n\t<meta property=\"og:image:type\" content=\"image\/jpeg\" \/>\n<meta name=\"author\" content=\"gsantana2005\" \/>\n<meta name=\"twitter:card\" content=\"summary_large_image\" \/>\n<meta name=\"twitter:label1\" content=\"Escrito por\" \/>\n\t<meta name=\"twitter:data1\" content=\"gsantana2005\" \/>\n\t<meta name=\"twitter:label2\" content=\"Est. tempo de leitura\" \/>\n\t<meta name=\"twitter:data2\" content=\"3 minutos\" \/>\n<script type=\"application\/ld+json\" class=\"yoast-schema-graph\">{\"@context\":\"https:\/\/schema.org\",\"@graph\":[{\"@type\":\"Article\",\"@id\":\"https:\/\/gsantana2005.net\/index.php\/2023\/11\/25\/por-que-a-producao-de-concreto-e-prejudicial-para-o-planeta\/#article\",\"isPartOf\":{\"@id\":\"https:\/\/gsantana2005.net\/index.php\/2023\/11\/25\/por-que-a-producao-de-concreto-e-prejudicial-para-o-planeta\/\"},\"author\":{\"name\":\"gsantana2005\",\"@id\":\"https:\/\/gsantana2005.net\/#\/schema\/person\/78c90c6f49a46ef4c8e69bafec347cb7\"},\"headline\":\"Por que a produ\u00e7\u00e3o de concreto \u00e9 prejudicial para o planeta?\",\"datePublished\":\"2023-11-25T03:05:36+00:00\",\"dateModified\":\"2024-02-04T22:26:23+00:00\",\"mainEntityOfPage\":{\"@id\":\"https:\/\/gsantana2005.net\/index.php\/2023\/11\/25\/por-que-a-producao-de-concreto-e-prejudicial-para-o-planeta\/\"},\"wordCount\":632,\"commentCount\":0,\"publisher\":{\"@id\":\"https:\/\/gsantana2005.net\/#organization\"},\"image\":{\"@id\":\"https:\/\/gsantana2005.net\/index.php\/2023\/11\/25\/por-que-a-producao-de-concreto-e-prejudicial-para-o-planeta\/#primaryimage\"},\"thumbnailUrl\":\"https:\/\/gsantana2005.net\/wp-content\/uploads\/2023\/11\/concreto-scaled.jpg\",\"keywords\":[\"Alternativas Verdes\",\"Concreto Baixo Carbono\",\"Concreto Sustentavel\",\"Emissao Carbono\",\"Exploracao Recursos\",\"Impacto Do Concreto\",\"Preservacao Ambiental\",\"Reciclagem Residuos\"],\"articleSection\":[\"Economia de Recursos\",\"Conserva\u00e7\u00e3o Ambiental\",\"Dr Genilson Santana\"],\"inLanguage\":\"pt-BR\",\"potentialAction\":[{\"@type\":\"CommentAction\",\"name\":\"Comment\",\"target\":[\"https:\/\/gsantana2005.net\/index.php\/2023\/11\/25\/por-que-a-producao-de-concreto-e-prejudicial-para-o-planeta\/#respond\"]}]},{\"@type\":\"WebPage\",\"@id\":\"https:\/\/gsantana2005.net\/index.php\/2023\/11\/25\/por-que-a-producao-de-concreto-e-prejudicial-para-o-planeta\/\",\"url\":\"https:\/\/gsantana2005.net\/index.php\/2023\/11\/25\/por-que-a-producao-de-concreto-e-prejudicial-para-o-planeta\/\",\"name\":\"Por que a produ\u00e7\u00e3o de concreto \u00e9 prejudicial para o planeta? - gsantana2005\",\"isPartOf\":{\"@id\":\"https:\/\/gsantana2005.net\/#website\"},\"primaryImageOfPage\":{\"@id\":\"https:\/\/gsantana2005.net\/index.php\/2023\/11\/25\/por-que-a-producao-de-concreto-e-prejudicial-para-o-planeta\/#primaryimage\"},\"image\":{\"@id\":\"https:\/\/gsantana2005.net\/index.php\/2023\/11\/25\/por-que-a-producao-de-concreto-e-prejudicial-para-o-planeta\/#primaryimage\"},\"thumbnailUrl\":\"https:\/\/gsantana2005.net\/wp-content\/uploads\/2023\/11\/concreto-scaled.jpg\",\"datePublished\":\"2023-11-25T03:05:36+00:00\",\"dateModified\":\"2024-02-04T22:26:23+00:00\",\"description\":\"Por que a Produ\u00e7\u00e3o de Concreto \u00e9 Prejudicial para o Planeta? \u00c9 um artigo sobre a problem\u00e1tica e solu\u00e7\u00e3o quando se usa concreto\",\"breadcrumb\":{\"@id\":\"https:\/\/gsantana2005.net\/index.php\/2023\/11\/25\/por-que-a-producao-de-concreto-e-prejudicial-para-o-planeta\/#breadcrumb\"},\"inLanguage\":\"pt-BR\",\"potentialAction\":[{\"@type\":\"ReadAction\",\"target\":[\"https:\/\/gsantana2005.net\/index.php\/2023\/11\/25\/por-que-a-producao-de-concreto-e-prejudicial-para-o-planeta\/\"]}]},{\"@type\":\"ImageObject\",\"inLanguage\":\"pt-BR\",\"@id\":\"https:\/\/gsantana2005.net\/index.php\/2023\/11\/25\/por-que-a-producao-de-concreto-e-prejudicial-para-o-planeta\/#primaryimage\",\"url\":\"https:\/\/gsantana2005.net\/wp-content\/uploads\/2023\/11\/concreto-scaled.jpg\",\"contentUrl\":\"https:\/\/gsantana2005.net\/wp-content\/uploads\/2023\/11\/concreto-scaled.jpg\",\"width\":1920,\"height\":2560,\"caption\":\"Concreto\"},{\"@type\":\"BreadcrumbList\",\"@id\":\"https:\/\/gsantana2005.net\/index.php\/2023\/11\/25\/por-que-a-producao-de-concreto-e-prejudicial-para-o-planeta\/#breadcrumb\",\"itemListElement\":[{\"@type\":\"ListItem\",\"position\":1,\"name\":\"Home\",\"item\":\"https:\/\/gsantana2005.net\/\"},{\"@type\":\"ListItem\",\"position\":2,\"name\":\"Por que a produ\u00e7\u00e3o de concreto \u00e9 prejudicial para o planeta?\"}]},{\"@type\":\"WebSite\",\"@id\":\"https:\/\/gsantana2005.net\/#website\",\"url\":\"https:\/\/gsantana2005.net\/\",\"name\":\"gsantana2005\",\"description\":\"Sejamos sustent\u00e1veis\",\"publisher\":{\"@id\":\"https:\/\/gsantana2005.net\/#organization\"},\"potentialAction\":[{\"@type\":\"SearchAction\",\"target\":{\"@type\":\"EntryPoint\",\"urlTemplate\":\"https:\/\/gsantana2005.net\/?s={search_term_string}\"},\"query-input\":{\"@type\":\"PropertyValueSpecification\",\"valueRequired\":true,\"valueName\":\"search_term_string\"}}],\"inLanguage\":\"pt-BR\"},{\"@type\":\"Organization\",\"@id\":\"https:\/\/gsantana2005.net\/#organization\",\"name\":\"gsantana2005\",\"url\":\"https:\/\/gsantana2005.net\/\",\"logo\":{\"@type\":\"ImageObject\",\"inLanguage\":\"pt-BR\",\"@id\":\"https:\/\/gsantana2005.net\/#\/schema\/logo\/image\/\",\"url\":\"https:\/\/gsantana2005.net\/wp-content\/uploads\/2023\/06\/cropped-Gs-sem-fundo.jpg\",\"contentUrl\":\"https:\/\/gsantana2005.net\/wp-content\/uploads\/2023\/06\/cropped-Gs-sem-fundo.jpg\",\"width\":100,\"height\":100,\"caption\":\"gsantana2005\"},\"image\":{\"@id\":\"https:\/\/gsantana2005.net\/#\/schema\/logo\/image\/\"}},{\"@type\":\"Person\",\"@id\":\"https:\/\/gsantana2005.net\/#\/schema\/person\/78c90c6f49a46ef4c8e69bafec347cb7\",\"name\":\"gsantana2005\",\"image\":{\"@type\":\"ImageObject\",\"inLanguage\":\"pt-BR\",\"@id\":\"https:\/\/gsantana2005.net\/#\/schema\/person\/image\/\",\"url\":\"https:\/\/secure.gravatar.com\/avatar\/db3aa311fa8063e1f4df6b2da249929f?s=96&d=mm&r=g\",\"contentUrl\":\"https:\/\/secure.gravatar.com\/avatar\/db3aa311fa8063e1f4df6b2da249929f?s=96&d=mm&r=g\",\"caption\":\"gsantana2005\"},\"sameAs\":[\"http:\/\/gsantana2005.net\"],\"url\":\"https:\/\/gsantana2005.net\/author\/gsantana2005\/\"}]}<\/script>\n<!-- \/ Yoast SEO plugin. -->","yoast_head_json":{"title":"Por que a produ\u00e7\u00e3o de concreto \u00e9 prejudicial para o planeta? - gsantana2005","description":"Por que a Produ\u00e7\u00e3o de Concreto \u00e9 Prejudicial para o Planeta? \u00c9 um artigo sobre a problem\u00e1tica e solu\u00e7\u00e3o quando se usa concreto","robots":{"index":"index","follow":"follow","max-snippet":"max-snippet:-1","max-image-preview":"max-image-preview:large","max-video-preview":"max-video-preview:-1"},"canonical":"https:\/\/gsantana2005.net\/index.php\/2023\/11\/25\/por-que-a-producao-de-concreto-e-prejudicial-para-o-planeta\/","og_locale":"pt_BR","og_type":"article","og_title":"Por que a produ\u00e7\u00e3o de concreto \u00e9 prejudicial para o planeta? - gsantana2005","og_description":"Por que a Produ\u00e7\u00e3o de Concreto \u00e9 Prejudicial para o Planeta? \u00c9 um artigo sobre a problem\u00e1tica e solu\u00e7\u00e3o quando se usa concreto","og_url":"https:\/\/gsantana2005.net\/index.php\/2023\/11\/25\/por-que-a-producao-de-concreto-e-prejudicial-para-o-planeta\/","og_site_name":"gsantana2005","article_published_time":"2023-11-25T03:05:36+00:00","article_modified_time":"2024-02-04T22:26:23+00:00","og_image":[{"width":1920,"height":2560,"url":"http:\/\/gsantana2005.net\/wp-content\/uploads\/2023\/11\/concreto-scaled.jpg","type":"image\/jpeg"}],"author":"gsantana2005","twitter_card":"summary_large_image","twitter_misc":{"Escrito por":"gsantana2005","Est. tempo de leitura":"3 minutos"},"schema":{"@context":"https:\/\/schema.org","@graph":[{"@type":"Article","@id":"https:\/\/gsantana2005.net\/index.php\/2023\/11\/25\/por-que-a-producao-de-concreto-e-prejudicial-para-o-planeta\/#article","isPartOf":{"@id":"https:\/\/gsantana2005.net\/index.php\/2023\/11\/25\/por-que-a-producao-de-concreto-e-prejudicial-para-o-planeta\/"},"author":{"name":"gsantana2005","@id":"https:\/\/gsantana2005.net\/#\/schema\/person\/78c90c6f49a46ef4c8e69bafec347cb7"},"headline":"Por que a produ\u00e7\u00e3o de concreto \u00e9 prejudicial para o planeta?","datePublished":"2023-11-25T03:05:36+00:00","dateModified":"2024-02-04T22:26:23+00:00","mainEntityOfPage":{"@id":"https:\/\/gsantana2005.net\/index.php\/2023\/11\/25\/por-que-a-producao-de-concreto-e-prejudicial-para-o-planeta\/"},"wordCount":632,"commentCount":0,"publisher":{"@id":"https:\/\/gsantana2005.net\/#organization"},"image":{"@id":"https:\/\/gsantana2005.net\/index.php\/2023\/11\/25\/por-que-a-producao-de-concreto-e-prejudicial-para-o-planeta\/#primaryimage"},"thumbnailUrl":"https:\/\/gsantana2005.net\/wp-content\/uploads\/2023\/11\/concreto-scaled.jpg","keywords":["Alternativas Verdes","Concreto Baixo Carbono","Concreto Sustentavel","Emissao Carbono","Exploracao Recursos","Impacto Do Concreto","Preservacao Ambiental","Reciclagem Residuos"],"articleSection":["Economia de Recursos","Conserva\u00e7\u00e3o Ambiental","Dr Genilson Santana"],"inLanguage":"pt-BR","potentialAction":[{"@type":"CommentAction","name":"Comment","target":["https:\/\/gsantana2005.net\/index.php\/2023\/11\/25\/por-que-a-producao-de-concreto-e-prejudicial-para-o-planeta\/#respond"]}]},{"@type":"WebPage","@id":"https:\/\/gsantana2005.net\/index.php\/2023\/11\/25\/por-que-a-producao-de-concreto-e-prejudicial-para-o-planeta\/","url":"https:\/\/gsantana2005.net\/index.php\/2023\/11\/25\/por-que-a-producao-de-concreto-e-prejudicial-para-o-planeta\/","name":"Por que a produ\u00e7\u00e3o de concreto \u00e9 prejudicial para o planeta? - gsantana2005","isPartOf":{"@id":"https:\/\/gsantana2005.net\/#website"},"primaryImageOfPage":{"@id":"https:\/\/gsantana2005.net\/index.php\/2023\/11\/25\/por-que-a-producao-de-concreto-e-prejudicial-para-o-planeta\/#primaryimage"},"image":{"@id":"https:\/\/gsantana2005.net\/index.php\/2023\/11\/25\/por-que-a-producao-de-concreto-e-prejudicial-para-o-planeta\/#primaryimage"},"thumbnailUrl":"https:\/\/gsantana2005.net\/wp-content\/uploads\/2023\/11\/concreto-scaled.jpg","datePublished":"2023-11-25T03:05:36+00:00","dateModified":"2024-02-04T22:26:23+00:00","description":"Por que a Produ\u00e7\u00e3o de Concreto \u00e9 Prejudicial para o Planeta? \u00c9 um artigo sobre a problem\u00e1tica e solu\u00e7\u00e3o quando se usa concreto","breadcrumb":{"@id":"https:\/\/gsantana2005.net\/index.php\/2023\/11\/25\/por-que-a-producao-de-concreto-e-prejudicial-para-o-planeta\/#breadcrumb"},"inLanguage":"pt-BR","potentialAction":[{"@type":"ReadAction","target":["https:\/\/gsantana2005.net\/index.php\/2023\/11\/25\/por-que-a-producao-de-concreto-e-prejudicial-para-o-planeta\/"]}]},{"@type":"ImageObject","inLanguage":"pt-BR","@id":"https:\/\/gsantana2005.net\/index.php\/2023\/11\/25\/por-que-a-producao-de-concreto-e-prejudicial-para-o-planeta\/#primaryimage","url":"https:\/\/gsantana2005.net\/wp-content\/uploads\/2023\/11\/concreto-scaled.jpg","contentUrl":"https:\/\/gsantana2005.net\/wp-content\/uploads\/2023\/11\/concreto-scaled.jpg","width":1920,"height":2560,"caption":"Concreto"},{"@type":"BreadcrumbList","@id":"https:\/\/gsantana2005.net\/index.php\/2023\/11\/25\/por-que-a-producao-de-concreto-e-prejudicial-para-o-planeta\/#breadcrumb","itemListElement":[{"@type":"ListItem","position":1,"name":"Home","item":"https:\/\/gsantana2005.net\/"},{"@type":"ListItem","position":2,"name":"Por que a produ\u00e7\u00e3o de concreto \u00e9 prejudicial para o planeta?"}]},{"@type":"WebSite","@id":"https:\/\/gsantana2005.net\/#website","url":"https:\/\/gsantana2005.net\/","name":"gsantana2005","description":"Sejamos sustent\u00e1veis","publisher":{"@id":"https:\/\/gsantana2005.net\/#organization"},"potentialAction":[{"@type":"SearchAction","target":{"@type":"EntryPoint","urlTemplate":"https:\/\/gsantana2005.net\/?s={search_term_string}"},"query-input":{"@type":"PropertyValueSpecification","valueRequired":true,"valueName":"search_term_string"}}],"inLanguage":"pt-BR"},{"@type":"Organization","@id":"https:\/\/gsantana2005.net\/#organization","name":"gsantana2005","url":"https:\/\/gsantana2005.net\/","logo":{"@type":"ImageObject","inLanguage":"pt-BR","@id":"https:\/\/gsantana2005.net\/#\/schema\/logo\/image\/","url":"https:\/\/gsantana2005.net\/wp-content\/uploads\/2023\/06\/cropped-Gs-sem-fundo.jpg","contentUrl":"https:\/\/gsantana2005.net\/wp-content\/uploads\/2023\/06\/cropped-Gs-sem-fundo.jpg","width":100,"height":100,"caption":"gsantana2005"},"image":{"@id":"https:\/\/gsantana2005.net\/#\/schema\/logo\/image\/"}},{"@type":"Person","@id":"https:\/\/gsantana2005.net\/#\/schema\/person\/78c90c6f49a46ef4c8e69bafec347cb7","name":"gsantana2005","image":{"@type":"ImageObject","inLanguage":"pt-BR","@id":"https:\/\/gsantana2005.net\/#\/schema\/person\/image\/","url":"https:\/\/secure.gravatar.com\/avatar\/db3aa311fa8063e1f4df6b2da249929f?s=96&d=mm&r=g","contentUrl":"https:\/\/secure.gravatar.com\/avatar\/db3aa311fa8063e1f4df6b2da249929f?s=96&d=mm&r=g","caption":"gsantana2005"},"sameAs":["http:\/\/gsantana2005.net"],"url":"https:\/\/gsantana2005.net\/author\/gsantana2005\/"}]}},"amp_enabled":true,"_links":{"self":[{"href":"https:\/\/gsantana2005.net\/index.php\/wp-json\/wp\/v2\/posts\/851"}],"collection":[{"href":"https:\/\/gsantana2005.net\/index.php\/wp-json\/wp\/v2\/posts"}],"about":[{"href":"https:\/\/gsantana2005.net\/index.php\/wp-json\/wp\/v2\/types\/post"}],"author":[{"embeddable":true,"href":"https:\/\/gsantana2005.net\/index.php\/wp-json\/wp\/v2\/users\/1"}],"replies":[{"embeddable":true,"href":"https:\/\/gsantana2005.net\/index.php\/wp-json\/wp\/v2\/comments?post=851"}],"version-history":[{"count":1,"href":"https:\/\/gsantana2005.net\/index.php\/wp-json\/wp\/v2\/posts\/851\/revisions"}],"predecessor-version":[{"id":853,"href":"https:\/\/gsantana2005.net\/index.php\/wp-json\/wp\/v2\/posts\/851\/revisions\/853"}],"wp:featuredmedia":[{"embeddable":true,"href":"https:\/\/gsantana2005.net\/index.php\/wp-json\/wp\/v2\/media\/852"}],"wp:attachment":[{"href":"https:\/\/gsantana2005.net\/index.php\/wp-json\/wp\/v2\/media?parent=851"}],"wp:term":[{"taxonomy":"category","embeddable":true,"href":"https:\/\/gsantana2005.net\/index.php\/wp-json\/wp\/v2\/categories?post=851"},{"taxonomy":"post_tag","embeddable":true,"href":"https:\/\/gsantana2005.net\/index.php\/wp-json\/wp\/v2\/tags?post=851"}],"curies":[{"name":"wp","href":"https:\/\/api.w.org\/{rel}","templated":true}]}}