{"id":860,"date":"2023-11-27T11:44:30","date_gmt":"2023-11-27T11:44:30","guid":{"rendered":"https:\/\/gsantana2005.net\/?p=860"},"modified":"2024-02-04T22:24:40","modified_gmt":"2024-02-04T22:24:40","slug":"o-compromisso-global-para-reduzir-as-emissoes-de-metano","status":"publish","type":"post","link":"https:\/\/gsantana2005.net\/index.php\/2023\/11\/27\/o-compromisso-global-para-reduzir-as-emissoes-de-metano\/","title":{"rendered":"O compromisso global para reduzir as emiss\u00f5es de metano"},"content":{"rendered":"\n<p><strong>O compromisso global para reduzir as emiss\u00f5es de metano \u00e9 um artigo sobretudo sobre esse g\u00e1s um dos grande respons\u00e1veis pelo efeito estufa<\/strong>. Ent\u00e3o, a COP26 em Glasgow marcou um momento crucial na luta contra as mudan\u00e7as clim\u00e1ticas, com mais de 100 pa\u00edses, incluindo o Brasil, se comprometendo a reduzir as emiss\u00f5es globais de metano em pelo menos 30% at\u00e9 2030. Assim, esta promessa coletiva \u00e9 um divisor de \u00e1guas, estabelecendo um piso vital para conter as emiss\u00f5es desse perigoso poluente clim\u00e1tico ao longo da pr\u00f3xima d\u00e9cada. No entanto, a batalha est\u00e1 longe de ser vencida, com grandes produtores como China, R\u00fassia e \u00cdndia ainda n\u00e3o aderindo.<\/p>\n\n\n\n<h2 class=\"wp-block-heading\">A Urg\u00eancia de Combater o Metano:<\/h2>\n\n\n\n<p>O timing do compromisso \u00e9 crucial. Assim, reduzir as emiss\u00f5es de metano \u00e9 uma pe\u00e7a fundamental para evitar que o aumento da temperatura global ultrapasse o limite cr\u00edtico de 1,5\u00b0C. Apesar da urg\u00eancia, as emiss\u00f5es de metano continuam a aumentar em todo o mundo, alcan\u00e7ando n\u00edveis alarmantes em 2020. Dessa forma, relat\u00f3rios como o Global Methane Assessment e o Sexto Relat\u00f3rio de Avalia\u00e7\u00e3o do IPCC ressaltam a necessidade premente de a\u00e7\u00e3o.<\/p>\n\n\n\n<h2 class=\"wp-block-heading\">Benef\u00edcios Imediatos e Econ\u00f4micos:<\/h2>\n\n\n\n<p>A boa not\u00edcia \u00e9 que a redu\u00e7\u00e3o do metano n\u00e3o s\u00f3 contribui para conter o aquecimento global, mas tamb\u00e9m traz benef\u00edcios imediatos. Al\u00e9m de melhorar a qualidade do ar, essas a\u00e7\u00f5es promovem a sa\u00fade p\u00fablica e a seguran\u00e7a alimentar. Assim, o custo de implementa\u00e7\u00e3o \u00e9 muitas vezes zero ou baixo, gerando benef\u00edcios econ\u00f4micos significativos para governos e empresas. Com muitas medidas j\u00e1 dispon\u00edveis nos setores emissores, a redu\u00e7\u00e3o do metano \u00e9 uma solu\u00e7\u00e3o vi\u00e1vel para cumprir metas clim\u00e1ticas e de desenvolvimento.<\/p>\n\n\n\n<h2 class=\"wp-block-heading\">Por que Reduzir o Metano \u00e9 Imperativo?<\/h2>\n\n\n\n<p>O metano, sendo o segundo g\u00e1s de efeito estufa mais abundante gerado pelo homem, \u00e9 86 vezes mais potente que o di\u00f3xido de carbono em 20 anos. Ent\u00e3o, a\u00e7\u00f5es ambiciosas podem evitar 0,3\u00b0C de aquecimento at\u00e9 2050, proporcionando um impacto significativo a curto prazo.<\/p>\n\n\n\n<h2 class=\"wp-block-heading\">Setores-Chave para Interven\u00e7\u00e3o:<\/h2>\n\n\n\n<p>Doze pa\u00edses respondem por dois ter\u00e7os das emiss\u00f5es globais de metano, destacando os setores de energia, agricultura e res\u00edduos. Dessa forma, focar a\u00e7\u00f5es nesses setores \u00e9 crucial para evitar os impactos iminentes do aquecimento.<\/p>\n\n\n\n<p><strong>1. Energia:<\/strong><br>Mais de um ter\u00e7o das emiss\u00f5es globais de metano prov\u00e9m do setor de energia, especialmente do petr\u00f3leo e g\u00e1s. Solu\u00e7\u00f5es econ\u00f4micas, como detec\u00e7\u00e3o e reparo de vazamentos e tecnologias avan\u00e7adas, podem reduzir as emiss\u00f5es de forma eficaz. Coaliz\u00f5es como a Oil and Gas Methane Partnership mostram que \u00e9 poss\u00edvel uma redu\u00e7\u00e3o significativa com investimentos m\u00ednimos.<\/p>\n\n\n\n<p><strong>2. Sistemas Alimentares:<\/strong><br>Agricultura \u00e9 o principal contribuinte para as emiss\u00f5es de metano. Melhorar a efici\u00eancia na produ\u00e7\u00e3o, reduzir o desperd\u00edcio de alimentos e promover mudan\u00e7as nos h\u00e1bitos alimentares s\u00e3o passos cruciais. Inova\u00e7\u00f5es como as da Miss\u00e3o de Inova\u00e7\u00e3o Agr\u00edcola para o Clima est\u00e3o impulsionando solu\u00e7\u00f5es para reduzir emiss\u00f5es sem comprometer a produ\u00e7\u00e3o.<\/p>\n\n\n\n<p><strong>3. Res\u00edduos:<\/strong><br>O setor de res\u00edduos \u00e9 respons\u00e1vel por 20% das emiss\u00f5es de metano. Solu\u00e7\u00f5es como a separa\u00e7\u00e3o de res\u00edduos org\u00e2nicos e a reciclagem n\u00e3o apenas reduzem emiss\u00f5es, mas tamb\u00e9m criam empregos. A captura do g\u00e1s dos aterros sanit\u00e1rios \u00e9 uma alternativa eficaz, embora exija investimentos iniciais.<\/p>\n\n\n\n<p><strong>Compromissos Individuais:<\/strong><\/p>\n\n\n\n<p>Pa\u00edses como Nig\u00e9ria, Costa do Marfim, Uni\u00e3o Europeia, Nova Zel\u00e2ndia e Canad\u00e1 j\u00e1 assumiram compromissos individuais ambiciosos. Estes exemplos destacam a import\u00e2ncia de a\u00e7\u00f5es nacionais em paralelo ao compromisso global.<\/p>\n\n\n\n<h2 class=\"wp-block-heading\">Conclus\u00e3o:<\/h2>\n\n\n\n<p>O compromisso global para reduzir as emiss\u00f5es de metano \u00e9 um passo significativo, mas a implementa\u00e7\u00e3o efetiva \u00e9 essencial. Agora, os pa\u00edses devem transformar suas promessas em a\u00e7\u00f5es concretas, integrando estrat\u00e9gias de redu\u00e7\u00e3o do metano em seus planos clim\u00e1ticos nacionais. O futuro sustent\u00e1vel que todos almejamos depende da a\u00e7\u00e3o imediata e coordenada para enfrentar o desafio do metano.<\/p>\n\n\n\n<h2 class=\"wp-block-heading\">Convite especial para voc\u00ea<\/h2>\n\n\n\n<p>Depois deste artigo O compromisso global para reduzir as emiss\u00f5es de metano. Acredito que queira saber mais de nossa contribui\u00e7\u00e3o na \u00e1rea ambiental. N\u00e3o fique inibido entre em contato:\u00a0<a href=\"mailto:gsantana2005@gmail.com\">gsantana2005@gmail.com<\/a>\u00a0veja o nosso\u00a0<a href=\"https:\/\/www.instagram.com\/genilsonpereirasantana1\/\" rel=\"nofollow noopener\" target=\"_blank\">Instagram<\/a><\/p>\n\n\n\n<p>Al\u00e9m disso, j\u00e1 que voc\u00ea chegou at\u00e9 aqui descubra mais sobre n\u00f3s artigos abaixo:<\/p>\n\n\n\n<ul class=\"wp-block-list\">\n<li><a href=\"https:\/\/gsantana2005.net\/index.php\/2023\/08\/30\/como-o-monitoramento-ambiental-e-importante-para-o-planeta\/\">Como o monitoramento ambiental \u00e9 importante para o planeta<\/a><\/li>\n\n\n\n<li><a href=\"https:\/\/gsantana2005.net\/index.php\/2023\/08\/28\/uma-breve-historia-dos-creditos-de-carbono\/\">Uma breve hist\u00f3ria dos cr\u00e9ditos de carbono<\/a><\/li>\n\n\n\n<li><a href=\"https:\/\/gsantana2005.net\/index.php\/2023\/08\/26\/a-crescente-importancia-dos-fatores-esg-nos-investimentos\/\">A crescente import\u00e2ncia dos fatores ESG nos investimentos<\/a><\/li>\n\n\n\n<li><a href=\"https:\/\/gsantana2005.net\/index.php\/2023\/08\/24\/6-ideias-para-tornar-uma-pequea-empresa-sustentavel\/\">6 ideias para tornar uma pequena empresa sustent\u00e1vel<\/a><\/li>\n<\/ul>\n\n\n\n<p>Ent\u00e3o, conhe\u00e7a tamb\u00e9m nossos cursos sobre&nbsp;<a href=\"https:\/\/gsantana2005.net\/index.php\/2023\/07\/21\/gestao-de-residuos\/\">Gest\u00e3o de res\u00edduos<\/a>&nbsp;e&nbsp;<a href=\"https:\/\/gsantana2005.net\/index.php\/2023\/08\/08\/tratamento-de-efluentes\/\">Tratamento de efluentes<\/a>. Maiores informa\u00e7\u00f5es:&nbsp;<a href=\"mailto:gsantana2005@gmail.com\">gsantana2005@gmail.com<\/a>&nbsp;ou 92 991227158 (WhatsApp)<\/p>\n","protected":false},"excerpt":{"rendered":"<p>O compromisso global para reduzir as emiss\u00f5es de metano \u00e9 um artigo sobretudo sobre esse g\u00e1s um dos grande respons\u00e1veis pelo efeito estufa. Ent\u00e3o, a COP26 em Glasgow marcou um momento crucial na luta contra as mudan\u00e7as clim\u00e1ticas, com mais de 100 pa\u00edses, incluindo o Brasil, se comprometendo a reduzir as emiss\u00f5es globais de metano [&hellip;]<\/p>\n","protected":false},"author":1,"featured_media":861,"comment_status":"open","ping_status":"closed","sticky":false,"template":"","format":"standard","meta":{"om_disable_all_campaigns":false,"_monsterinsights_skip_tracking":false,"_monsterinsights_sitenote_active":false,"_monsterinsights_sitenote_note":"","_monsterinsights_sitenote_category":0,"footnotes":"","_links_to":"","_links_to_target":""},"categories":[3,275],"tags":[503,500,502,505,501,506,504],"class_list":["post-860","post","type-post","status-publish","format-standard","has-post-thumbnail","hentry","category-genilson-pereira-santana","category-conservacao-ambiental","tag-aquecimento-global-metano-ambiental","tag-compromisso-metano","tag-cop26-metano","tag-energia-sustentavel","tag-reducao-emissao-metano","tag-residuos-eco","tag-setores-chave"],"aioseo_notices":[],"yoast_head":"<!-- This site is optimized with the Yoast SEO plugin v24.5 - https:\/\/yoast.com\/wordpress\/plugins\/seo\/ -->\n<title>O compromisso global para reduzir as emiss\u00f5es de metano - gsantana2005<\/title>\n<meta name=\"description\" content=\"O compromisso global para reduzir as emiss\u00f5es de metano \u00e9 um artigo sobretudo sobre esse g\u00e1s um dos grande respons\u00e1veis pelo efeito estufa\" \/>\n<meta name=\"robots\" content=\"index, follow, max-snippet:-1, max-image-preview:large, max-video-preview:-1\" \/>\n<link rel=\"canonical\" href=\"https:\/\/gsantana2005.net\/index.php\/2023\/11\/27\/o-compromisso-global-para-reduzir-as-emissoes-de-metano\/\" \/>\n<meta property=\"og:locale\" content=\"pt_BR\" \/>\n<meta property=\"og:type\" content=\"article\" \/>\n<meta property=\"og:title\" content=\"O compromisso global para reduzir as emiss\u00f5es de metano - gsantana2005\" \/>\n<meta property=\"og:description\" content=\"O compromisso global para reduzir as emiss\u00f5es de metano \u00e9 um artigo sobretudo sobre esse g\u00e1s um dos grande respons\u00e1veis pelo efeito estufa\" \/>\n<meta property=\"og:url\" content=\"https:\/\/gsantana2005.net\/index.php\/2023\/11\/27\/o-compromisso-global-para-reduzir-as-emissoes-de-metano\/\" \/>\n<meta property=\"og:site_name\" content=\"gsantana2005\" \/>\n<meta property=\"article:published_time\" content=\"2023-11-27T11:44:30+00:00\" \/>\n<meta property=\"article:modified_time\" content=\"2024-02-04T22:24:40+00:00\" \/>\n<meta property=\"og:image\" content=\"http:\/\/gsantana2005.net\/wp-content\/uploads\/2023\/11\/vaca-metalno.jpg\" \/>\n\t<meta property=\"og:image:width\" content=\"1280\" \/>\n\t<meta property=\"og:image:height\" content=\"960\" \/>\n\t<meta property=\"og:image:type\" content=\"image\/jpeg\" \/>\n<meta name=\"author\" content=\"gsantana2005\" \/>\n<meta name=\"twitter:card\" content=\"summary_large_image\" \/>\n<meta name=\"twitter:label1\" content=\"Escrito por\" \/>\n\t<meta name=\"twitter:data1\" content=\"gsantana2005\" \/>\n\t<meta name=\"twitter:label2\" content=\"Est. tempo de leitura\" \/>\n\t<meta name=\"twitter:data2\" content=\"4 minutos\" \/>\n<script type=\"application\/ld+json\" class=\"yoast-schema-graph\">{\"@context\":\"https:\/\/schema.org\",\"@graph\":[{\"@type\":\"Article\",\"@id\":\"https:\/\/gsantana2005.net\/index.php\/2023\/11\/27\/o-compromisso-global-para-reduzir-as-emissoes-de-metano\/#article\",\"isPartOf\":{\"@id\":\"https:\/\/gsantana2005.net\/index.php\/2023\/11\/27\/o-compromisso-global-para-reduzir-as-emissoes-de-metano\/\"},\"author\":{\"name\":\"gsantana2005\",\"@id\":\"https:\/\/gsantana2005.net\/#\/schema\/person\/78c90c6f49a46ef4c8e69bafec347cb7\"},\"headline\":\"O compromisso global para reduzir as emiss\u00f5es de metano\",\"datePublished\":\"2023-11-27T11:44:30+00:00\",\"dateModified\":\"2024-02-04T22:24:40+00:00\",\"mainEntityOfPage\":{\"@id\":\"https:\/\/gsantana2005.net\/index.php\/2023\/11\/27\/o-compromisso-global-para-reduzir-as-emissoes-de-metano\/\"},\"wordCount\":826,\"commentCount\":0,\"publisher\":{\"@id\":\"https:\/\/gsantana2005.net\/#organization\"},\"image\":{\"@id\":\"https:\/\/gsantana2005.net\/index.php\/2023\/11\/27\/o-compromisso-global-para-reduzir-as-emissoes-de-metano\/#primaryimage\"},\"thumbnailUrl\":\"https:\/\/gsantana2005.net\/wp-content\/uploads\/2023\/11\/vaca-metalno.jpg\",\"keywords\":[\"Aquecimento Global. Metano Ambiental\",\"Compromisso Metano\",\"COP26 Metano\",\"Energia Sustentavel\",\"Reducao Emissao Metano\",\"Residuos Eco\",\"Setores Chave\"],\"articleSection\":[\"Dr Genilson Santana\",\"Conserva\u00e7\u00e3o Ambiental\"],\"inLanguage\":\"pt-BR\",\"potentialAction\":[{\"@type\":\"CommentAction\",\"name\":\"Comment\",\"target\":[\"https:\/\/gsantana2005.net\/index.php\/2023\/11\/27\/o-compromisso-global-para-reduzir-as-emissoes-de-metano\/#respond\"]}]},{\"@type\":\"WebPage\",\"@id\":\"https:\/\/gsantana2005.net\/index.php\/2023\/11\/27\/o-compromisso-global-para-reduzir-as-emissoes-de-metano\/\",\"url\":\"https:\/\/gsantana2005.net\/index.php\/2023\/11\/27\/o-compromisso-global-para-reduzir-as-emissoes-de-metano\/\",\"name\":\"O compromisso global para reduzir as emiss\u00f5es de metano - gsantana2005\",\"isPartOf\":{\"@id\":\"https:\/\/gsantana2005.net\/#website\"},\"primaryImageOfPage\":{\"@id\":\"https:\/\/gsantana2005.net\/index.php\/2023\/11\/27\/o-compromisso-global-para-reduzir-as-emissoes-de-metano\/#primaryimage\"},\"image\":{\"@id\":\"https:\/\/gsantana2005.net\/index.php\/2023\/11\/27\/o-compromisso-global-para-reduzir-as-emissoes-de-metano\/#primaryimage\"},\"thumbnailUrl\":\"https:\/\/gsantana2005.net\/wp-content\/uploads\/2023\/11\/vaca-metalno.jpg\",\"datePublished\":\"2023-11-27T11:44:30+00:00\",\"dateModified\":\"2024-02-04T22:24:40+00:00\",\"description\":\"O compromisso global para reduzir as emiss\u00f5es de metano \u00e9 um artigo sobretudo sobre esse g\u00e1s um dos grande respons\u00e1veis pelo efeito estufa\",\"breadcrumb\":{\"@id\":\"https:\/\/gsantana2005.net\/index.php\/2023\/11\/27\/o-compromisso-global-para-reduzir-as-emissoes-de-metano\/#breadcrumb\"},\"inLanguage\":\"pt-BR\",\"potentialAction\":[{\"@type\":\"ReadAction\",\"target\":[\"https:\/\/gsantana2005.net\/index.php\/2023\/11\/27\/o-compromisso-global-para-reduzir-as-emissoes-de-metano\/\"]}]},{\"@type\":\"ImageObject\",\"inLanguage\":\"pt-BR\",\"@id\":\"https:\/\/gsantana2005.net\/index.php\/2023\/11\/27\/o-compromisso-global-para-reduzir-as-emissoes-de-metano\/#primaryimage\",\"url\":\"https:\/\/gsantana2005.net\/wp-content\/uploads\/2023\/11\/vaca-metalno.jpg\",\"contentUrl\":\"https:\/\/gsantana2005.net\/wp-content\/uploads\/2023\/11\/vaca-metalno.jpg\",\"width\":1280,\"height\":960,\"caption\":\"vaca - metalno\"},{\"@type\":\"BreadcrumbList\",\"@id\":\"https:\/\/gsantana2005.net\/index.php\/2023\/11\/27\/o-compromisso-global-para-reduzir-as-emissoes-de-metano\/#breadcrumb\",\"itemListElement\":[{\"@type\":\"ListItem\",\"position\":1,\"name\":\"Home\",\"item\":\"https:\/\/gsantana2005.net\/\"},{\"@type\":\"ListItem\",\"position\":2,\"name\":\"O compromisso global para reduzir as emiss\u00f5es de metano\"}]},{\"@type\":\"WebSite\",\"@id\":\"https:\/\/gsantana2005.net\/#website\",\"url\":\"https:\/\/gsantana2005.net\/\",\"name\":\"gsantana2005\",\"description\":\"Sejamos sustent\u00e1veis\",\"publisher\":{\"@id\":\"https:\/\/gsantana2005.net\/#organization\"},\"potentialAction\":[{\"@type\":\"SearchAction\",\"target\":{\"@type\":\"EntryPoint\",\"urlTemplate\":\"https:\/\/gsantana2005.net\/?s={search_term_string}\"},\"query-input\":{\"@type\":\"PropertyValueSpecification\",\"valueRequired\":true,\"valueName\":\"search_term_string\"}}],\"inLanguage\":\"pt-BR\"},{\"@type\":\"Organization\",\"@id\":\"https:\/\/gsantana2005.net\/#organization\",\"name\":\"gsantana2005\",\"url\":\"https:\/\/gsantana2005.net\/\",\"logo\":{\"@type\":\"ImageObject\",\"inLanguage\":\"pt-BR\",\"@id\":\"https:\/\/gsantana2005.net\/#\/schema\/logo\/image\/\",\"url\":\"https:\/\/gsantana2005.net\/wp-content\/uploads\/2023\/06\/cropped-Gs-sem-fundo.jpg\",\"contentUrl\":\"https:\/\/gsantana2005.net\/wp-content\/uploads\/2023\/06\/cropped-Gs-sem-fundo.jpg\",\"width\":100,\"height\":100,\"caption\":\"gsantana2005\"},\"image\":{\"@id\":\"https:\/\/gsantana2005.net\/#\/schema\/logo\/image\/\"}},{\"@type\":\"Person\",\"@id\":\"https:\/\/gsantana2005.net\/#\/schema\/person\/78c90c6f49a46ef4c8e69bafec347cb7\",\"name\":\"gsantana2005\",\"image\":{\"@type\":\"ImageObject\",\"inLanguage\":\"pt-BR\",\"@id\":\"https:\/\/gsantana2005.net\/#\/schema\/person\/image\/\",\"url\":\"https:\/\/secure.gravatar.com\/avatar\/db3aa311fa8063e1f4df6b2da249929f?s=96&d=mm&r=g\",\"contentUrl\":\"https:\/\/secure.gravatar.com\/avatar\/db3aa311fa8063e1f4df6b2da249929f?s=96&d=mm&r=g\",\"caption\":\"gsantana2005\"},\"sameAs\":[\"http:\/\/gsantana2005.net\"],\"url\":\"https:\/\/gsantana2005.net\/author\/gsantana2005\/\"}]}<\/script>\n<!-- \/ Yoast SEO plugin. -->","yoast_head_json":{"title":"O compromisso global para reduzir as emiss\u00f5es de metano - gsantana2005","description":"O compromisso global para reduzir as emiss\u00f5es de metano \u00e9 um artigo sobretudo sobre esse g\u00e1s um dos grande respons\u00e1veis pelo efeito estufa","robots":{"index":"index","follow":"follow","max-snippet":"max-snippet:-1","max-image-preview":"max-image-preview:large","max-video-preview":"max-video-preview:-1"},"canonical":"https:\/\/gsantana2005.net\/index.php\/2023\/11\/27\/o-compromisso-global-para-reduzir-as-emissoes-de-metano\/","og_locale":"pt_BR","og_type":"article","og_title":"O compromisso global para reduzir as emiss\u00f5es de metano - gsantana2005","og_description":"O compromisso global para reduzir as emiss\u00f5es de metano \u00e9 um artigo sobretudo sobre esse g\u00e1s um dos grande respons\u00e1veis pelo efeito estufa","og_url":"https:\/\/gsantana2005.net\/index.php\/2023\/11\/27\/o-compromisso-global-para-reduzir-as-emissoes-de-metano\/","og_site_name":"gsantana2005","article_published_time":"2023-11-27T11:44:30+00:00","article_modified_time":"2024-02-04T22:24:40+00:00","og_image":[{"width":1280,"height":960,"url":"http:\/\/gsantana2005.net\/wp-content\/uploads\/2023\/11\/vaca-metalno.jpg","type":"image\/jpeg"}],"author":"gsantana2005","twitter_card":"summary_large_image","twitter_misc":{"Escrito por":"gsantana2005","Est. tempo de leitura":"4 minutos"},"schema":{"@context":"https:\/\/schema.org","@graph":[{"@type":"Article","@id":"https:\/\/gsantana2005.net\/index.php\/2023\/11\/27\/o-compromisso-global-para-reduzir-as-emissoes-de-metano\/#article","isPartOf":{"@id":"https:\/\/gsantana2005.net\/index.php\/2023\/11\/27\/o-compromisso-global-para-reduzir-as-emissoes-de-metano\/"},"author":{"name":"gsantana2005","@id":"https:\/\/gsantana2005.net\/#\/schema\/person\/78c90c6f49a46ef4c8e69bafec347cb7"},"headline":"O compromisso global para reduzir as emiss\u00f5es de metano","datePublished":"2023-11-27T11:44:30+00:00","dateModified":"2024-02-04T22:24:40+00:00","mainEntityOfPage":{"@id":"https:\/\/gsantana2005.net\/index.php\/2023\/11\/27\/o-compromisso-global-para-reduzir-as-emissoes-de-metano\/"},"wordCount":826,"commentCount":0,"publisher":{"@id":"https:\/\/gsantana2005.net\/#organization"},"image":{"@id":"https:\/\/gsantana2005.net\/index.php\/2023\/11\/27\/o-compromisso-global-para-reduzir-as-emissoes-de-metano\/#primaryimage"},"thumbnailUrl":"https:\/\/gsantana2005.net\/wp-content\/uploads\/2023\/11\/vaca-metalno.jpg","keywords":["Aquecimento Global. Metano Ambiental","Compromisso Metano","COP26 Metano","Energia Sustentavel","Reducao Emissao Metano","Residuos Eco","Setores Chave"],"articleSection":["Dr Genilson Santana","Conserva\u00e7\u00e3o Ambiental"],"inLanguage":"pt-BR","potentialAction":[{"@type":"CommentAction","name":"Comment","target":["https:\/\/gsantana2005.net\/index.php\/2023\/11\/27\/o-compromisso-global-para-reduzir-as-emissoes-de-metano\/#respond"]}]},{"@type":"WebPage","@id":"https:\/\/gsantana2005.net\/index.php\/2023\/11\/27\/o-compromisso-global-para-reduzir-as-emissoes-de-metano\/","url":"https:\/\/gsantana2005.net\/index.php\/2023\/11\/27\/o-compromisso-global-para-reduzir-as-emissoes-de-metano\/","name":"O compromisso global para reduzir as emiss\u00f5es de metano - gsantana2005","isPartOf":{"@id":"https:\/\/gsantana2005.net\/#website"},"primaryImageOfPage":{"@id":"https:\/\/gsantana2005.net\/index.php\/2023\/11\/27\/o-compromisso-global-para-reduzir-as-emissoes-de-metano\/#primaryimage"},"image":{"@id":"https:\/\/gsantana2005.net\/index.php\/2023\/11\/27\/o-compromisso-global-para-reduzir-as-emissoes-de-metano\/#primaryimage"},"thumbnailUrl":"https:\/\/gsantana2005.net\/wp-content\/uploads\/2023\/11\/vaca-metalno.jpg","datePublished":"2023-11-27T11:44:30+00:00","dateModified":"2024-02-04T22:24:40+00:00","description":"O compromisso global para reduzir as emiss\u00f5es de metano \u00e9 um artigo sobretudo sobre esse g\u00e1s um dos grande respons\u00e1veis pelo efeito estufa","breadcrumb":{"@id":"https:\/\/gsantana2005.net\/index.php\/2023\/11\/27\/o-compromisso-global-para-reduzir-as-emissoes-de-metano\/#breadcrumb"},"inLanguage":"pt-BR","potentialAction":[{"@type":"ReadAction","target":["https:\/\/gsantana2005.net\/index.php\/2023\/11\/27\/o-compromisso-global-para-reduzir-as-emissoes-de-metano\/"]}]},{"@type":"ImageObject","inLanguage":"pt-BR","@id":"https:\/\/gsantana2005.net\/index.php\/2023\/11\/27\/o-compromisso-global-para-reduzir-as-emissoes-de-metano\/#primaryimage","url":"https:\/\/gsantana2005.net\/wp-content\/uploads\/2023\/11\/vaca-metalno.jpg","contentUrl":"https:\/\/gsantana2005.net\/wp-content\/uploads\/2023\/11\/vaca-metalno.jpg","width":1280,"height":960,"caption":"vaca - metalno"},{"@type":"BreadcrumbList","@id":"https:\/\/gsantana2005.net\/index.php\/2023\/11\/27\/o-compromisso-global-para-reduzir-as-emissoes-de-metano\/#breadcrumb","itemListElement":[{"@type":"ListItem","position":1,"name":"Home","item":"https:\/\/gsantana2005.net\/"},{"@type":"ListItem","position":2,"name":"O compromisso global para reduzir as emiss\u00f5es de metano"}]},{"@type":"WebSite","@id":"https:\/\/gsantana2005.net\/#website","url":"https:\/\/gsantana2005.net\/","name":"gsantana2005","description":"Sejamos sustent\u00e1veis","publisher":{"@id":"https:\/\/gsantana2005.net\/#organization"},"potentialAction":[{"@type":"SearchAction","target":{"@type":"EntryPoint","urlTemplate":"https:\/\/gsantana2005.net\/?s={search_term_string}"},"query-input":{"@type":"PropertyValueSpecification","valueRequired":true,"valueName":"search_term_string"}}],"inLanguage":"pt-BR"},{"@type":"Organization","@id":"https:\/\/gsantana2005.net\/#organization","name":"gsantana2005","url":"https:\/\/gsantana2005.net\/","logo":{"@type":"ImageObject","inLanguage":"pt-BR","@id":"https:\/\/gsantana2005.net\/#\/schema\/logo\/image\/","url":"https:\/\/gsantana2005.net\/wp-content\/uploads\/2023\/06\/cropped-Gs-sem-fundo.jpg","contentUrl":"https:\/\/gsantana2005.net\/wp-content\/uploads\/2023\/06\/cropped-Gs-sem-fundo.jpg","width":100,"height":100,"caption":"gsantana2005"},"image":{"@id":"https:\/\/gsantana2005.net\/#\/schema\/logo\/image\/"}},{"@type":"Person","@id":"https:\/\/gsantana2005.net\/#\/schema\/person\/78c90c6f49a46ef4c8e69bafec347cb7","name":"gsantana2005","image":{"@type":"ImageObject","inLanguage":"pt-BR","@id":"https:\/\/gsantana2005.net\/#\/schema\/person\/image\/","url":"https:\/\/secure.gravatar.com\/avatar\/db3aa311fa8063e1f4df6b2da249929f?s=96&d=mm&r=g","contentUrl":"https:\/\/secure.gravatar.com\/avatar\/db3aa311fa8063e1f4df6b2da249929f?s=96&d=mm&r=g","caption":"gsantana2005"},"sameAs":["http:\/\/gsantana2005.net"],"url":"https:\/\/gsantana2005.net\/author\/gsantana2005\/"}]}},"amp_enabled":true,"_links":{"self":[{"href":"https:\/\/gsantana2005.net\/index.php\/wp-json\/wp\/v2\/posts\/860"}],"collection":[{"href":"https:\/\/gsantana2005.net\/index.php\/wp-json\/wp\/v2\/posts"}],"about":[{"href":"https:\/\/gsantana2005.net\/index.php\/wp-json\/wp\/v2\/types\/post"}],"author":[{"embeddable":true,"href":"https:\/\/gsantana2005.net\/index.php\/wp-json\/wp\/v2\/users\/1"}],"replies":[{"embeddable":true,"href":"https:\/\/gsantana2005.net\/index.php\/wp-json\/wp\/v2\/comments?post=860"}],"version-history":[{"count":1,"href":"https:\/\/gsantana2005.net\/index.php\/wp-json\/wp\/v2\/posts\/860\/revisions"}],"predecessor-version":[{"id":862,"href":"https:\/\/gsantana2005.net\/index.php\/wp-json\/wp\/v2\/posts\/860\/revisions\/862"}],"wp:featuredmedia":[{"embeddable":true,"href":"https:\/\/gsantana2005.net\/index.php\/wp-json\/wp\/v2\/media\/861"}],"wp:attachment":[{"href":"https:\/\/gsantana2005.net\/index.php\/wp-json\/wp\/v2\/media?parent=860"}],"wp:term":[{"taxonomy":"category","embeddable":true,"href":"https:\/\/gsantana2005.net\/index.php\/wp-json\/wp\/v2\/categories?post=860"},{"taxonomy":"post_tag","embeddable":true,"href":"https:\/\/gsantana2005.net\/index.php\/wp-json\/wp\/v2\/tags?post=860"}],"curies":[{"name":"wp","href":"https:\/\/api.w.org\/{rel}","templated":true}]}}