{"id":863,"date":"2023-11-27T20:48:28","date_gmt":"2023-11-27T20:48:28","guid":{"rendered":"https:\/\/gsantana2005.net\/?p=863"},"modified":"2024-02-04T22:22:58","modified_gmt":"2024-02-04T22:22:58","slug":"a-contribuicao-valiosa-das-redes-sociais-na-preservacao-da-biodiversidade","status":"publish","type":"post","link":"https:\/\/gsantana2005.net\/index.php\/2023\/11\/27\/a-contribuicao-valiosa-das-redes-sociais-na-preservacao-da-biodiversidade\/","title":{"rendered":"A contribui\u00e7\u00e3o valiosa das redes sociais na preserva\u00e7\u00e3o da biodiversidade"},"content":{"rendered":"\n<p>A contribui\u00e7\u00e3o valiosa das redes sociais na preserva\u00e7\u00e3o da biodiversidade \u00e9 um artigo mostra como as redes sociais ajudam o meio ambiente. Ent\u00e3o, a biodiversidade \u00e9 um dos tesouros mais preciosos da Terra, abrigando uma mir\u00edade de esp\u00e9cies que desempenham pap\u00e9is cruciais em ecossistemas interconectados. Para recensear e proteger essa riqueza natural, cientistas contam com ferramentas globais como o Global Biodiversity Information Facility (GBIF). No entanto, h\u00e1 uma nova aliada nessa miss\u00e3o: as redes sociais, especialmente o Facebook.<\/p>\n\n\n\n<h2 class=\"wp-block-heading\">A pesquisa da rede social<\/h2>\n\n\n\n<p>A pesquisa conduzida pela Universidade de Queensland, na Austr\u00e1lia, revela como as redes sociais, impulsionadas pela disponibilidade generalizada de smartphones e conectividade global. Ent\u00e3o, esses dispositivos est\u00e3o se tornando instrumentos poderosos na cataloga\u00e7\u00e3o da biodiversidade. O estudo publicado na <a href=\"https:\/\/academic.oup.com\/bioscience\/article\/73\/6\/453\/7192044?login=false\" target=\"_blank\" rel=\"noreferrer noopener nofollow\">Bioscience <\/a>se concentra na compara\u00e7\u00e3o entre dados do GBIF e do Facebook, destacando a import\u00e2ncia desta \u00faltima plataforma na identifica\u00e7\u00e3o de &#8220;pontos quentes&#8221; de biodiversidade.<\/p>\n\n\n<div class=\"wp-block-image\">\n<figure class=\"aligncenter size-full is-resized\"><img loading=\"lazy\" decoding=\"async\" width=\"617\" height=\"468\" src=\"https:\/\/gsantana2005.net\/wp-content\/uploads\/2023\/11\/biodiversidade_facebook-1.jpg\" alt=\"\" class=\"wp-image-865\" style=\"aspect-ratio:1.3183760683760684;width:783px;height:auto\" srcset=\"https:\/\/gsantana2005.net\/wp-content\/uploads\/2023\/11\/biodiversidade_facebook-1.jpg 617w, https:\/\/gsantana2005.net\/wp-content\/uploads\/2023\/11\/biodiversidade_facebook-1-300x228.jpg 300w\" sizes=\"(max-width: 617px) 100vw, 617px\" \/><\/figure><\/div>\n\n\n<p>As fotos s\u00e3o do Facebook. O mapa \u00e9 o de Bangladesh com, em azul, localiza\u00e7\u00f5es de animais feitas atrav\u00e9s do Facebook e, em amarelo, localiza\u00e7\u00f5es feitas atrav\u00e9s do GBIF. O gr\u00e1fico representa as diferentes esp\u00e9cies amea\u00e7adas (laranja) e n\u00e3o amea\u00e7adas (verde) observadas atrav\u00e9s do Facebook (F) e do GBIF (G). Cr\u00e9dito da foto: Shawan Chowdhury et al, Bioci\u00eancias, 2023<\/p>\n\n\n\n<p><\/p>\n\n\n\n<p>Estes pontos, que abrigam cerca de 50% das esp\u00e9cies mundiais e ocupam apenas 1,4% da superf\u00edcie terrestre, s\u00e3o essenciais para compreender a sa\u00fade global dos ecossistemas. A pesquisa demonstrou que as fotografias compartilhadas por usu\u00e1rios do Facebook cobrem uma \u00e1rea significativamente maior no Bangladesh do que as informa\u00e7\u00f5es coletadas pelo GBIF. Essa descoberta sugere que as redes sociais t\u00eam um papel vital na redu\u00e7\u00e3o do d\u00e9ficit de conhecimento sobre biodiversidade em pa\u00edses em desenvolvimento, como o Bangladesh.<\/p>\n\n\n\n<h2 class=\"wp-block-heading\">Outras contribui\u00e7\u00e3o do estudo<\/h2>\n\n\n\n<p>Al\u00e9m disso, o estudo destaca que o Facebook \u00e9 uma fonte rica em informa\u00e7\u00f5es sobre esp\u00e9cies raras, muitas das quais t\u00eam poucos registros em bases de dados convencionais. Por exemplo, 302 esp\u00e9cies foram exclusivamente encontradas no Facebook, enquanto apenas 44 foram registradas no GBIF. Essa disparidade ressalta a import\u00e2ncia de diversificar as fontes de dados para obter uma compreens\u00e3o mais abrangente da biodiversidade.<\/p>\n\n\n\n<p>Apesar desses avan\u00e7os promissores, os pesquisadores alertam para a necessidade de interpretar os dados com cautela. A densidade populacional influencia diretamente a quantidade de informa\u00e7\u00f5es coletadas, sugerindo que \u00e1reas mais densamente povoadas podem ter uma representa\u00e7\u00e3o desproporcional. A equipe de pesquisa sugere a promo\u00e7\u00e3o de hashtags normalizadas internacionalmente para organiza\u00e7\u00f5es n\u00e3o governamentais, institui\u00e7\u00f5es e cidad\u00e3os cient\u00edficos, a fim de consolidar e acessar rapidamente os dados.<\/p>\n\n\n\n<p>Em suma, a pesquisa destaca a contribui\u00e7\u00e3o significativa das redes sociais, especialmente o Facebook, na preserva\u00e7\u00e3o da biodiversidade. A colabora\u00e7\u00e3o entre cientistas, organiza\u00e7\u00f5es e cidad\u00e3os impulsiona uma abordagem inovadora e inclusiva para a conserva\u00e7\u00e3o da vida selvagem, utilizando a tecnologia para ampliar nosso entendimento e prote\u00e7\u00e3o do nosso planeta diversificado.<\/p>\n\n\n\n<h2 class=\"wp-block-heading\">Convite especial para voc\u00ea<\/h2>\n\n\n\n<p>Depois deste artigo A contribui\u00e7\u00e3o valiosa das redes sociais na preserva\u00e7\u00e3o da biodiversidade. Acredito que queira saber mais de nossa contribui\u00e7\u00e3o na \u00e1rea ambiental. N\u00e3o fique inibido entre em contato:\u00a0<a href=\"mailto:gsantana2005@gmail.com\">gsantana2005@gmail.com<\/a>\u00a0veja o nosso\u00a0<a href=\"https:\/\/www.instagram.com\/genilsonpereirasantana1\/\" rel=\"nofollow noopener\" target=\"_blank\">Instagram<\/a><\/p>\n\n\n\n<p>Al\u00e9m disso, j\u00e1 que voc\u00ea chegou at\u00e9 aqui descubra mais sobre n\u00f3s artigos abaixo:<\/p>\n\n\n\n<ul class=\"wp-block-list\">\n<li><a href=\"https:\/\/gsantana2005.net\/index.php\/2023\/08\/30\/como-o-monitoramento-ambiental-e-importante-para-o-planeta\/\">Como o monitoramento ambiental \u00e9 importante para o planeta<\/a><\/li>\n\n\n\n<li><a href=\"https:\/\/gsantana2005.net\/index.php\/2023\/08\/28\/uma-breve-historia-dos-creditos-de-carbono\/\">Uma breve hist\u00f3ria dos cr\u00e9ditos de carbono<\/a><\/li>\n\n\n\n<li><a href=\"https:\/\/gsantana2005.net\/index.php\/2023\/08\/26\/a-crescente-importancia-dos-fatores-esg-nos-investimentos\/\">A crescente import\u00e2ncia dos fatores ESG nos investimentos<\/a><\/li>\n\n\n\n<li><a href=\"https:\/\/gsantana2005.net\/index.php\/2023\/08\/24\/6-ideias-para-tornar-uma-pequea-empresa-sustentavel\/\">6 ideias para tornar uma pequena empresa sustent\u00e1vel<\/a><\/li>\n<\/ul>\n\n\n\n<p>Ent\u00e3o, conhe\u00e7a tamb\u00e9m nossos cursos sobre&nbsp;<a href=\"https:\/\/gsantana2005.net\/index.php\/2023\/07\/21\/gestao-de-residuos\/\">Gest\u00e3o de res\u00edduos<\/a>&nbsp;e&nbsp;<a href=\"https:\/\/gsantana2005.net\/index.php\/2023\/08\/08\/tratamento-de-efluentes\/\">Tratamento de efluentes<\/a>. Maiores informa\u00e7\u00f5es:&nbsp;<a href=\"mailto:gsantana2005@gmail.com\">gsantana2005@gmail.com<\/a>&nbsp;ou 92 991227158 (WhatsApp)<\/p>\n","protected":false},"excerpt":{"rendered":"<p>A contribui\u00e7\u00e3o valiosa das redes sociais na preserva\u00e7\u00e3o da biodiversidade \u00e9 um artigo mostra como as redes sociais ajudam o meio ambiente. Ent\u00e3o, a biodiversidade \u00e9 um dos tesouros mais preciosos da Terra, abrigando uma mir\u00edade de esp\u00e9cies que desempenham pap\u00e9is cruciais em ecossistemas interconectados. Para recensear e proteger essa riqueza natural, cientistas contam com [&hellip;]<\/p>\n","protected":false},"author":1,"featured_media":866,"comment_status":"open","ping_status":"closed","sticky":false,"template":"","format":"standard","meta":{"om_disable_all_campaigns":false,"_monsterinsights_skip_tracking":false,"_monsterinsights_sitenote_active":false,"_monsterinsights_sitenote_note":"","_monsterinsights_sitenote_category":0,"footnotes":"","_links_to":"","_links_to_target":""},"categories":[273,3],"tags":[497,494,499,495,496,492,493,498],"class_list":["post-863","post","type-post","status-publish","format-standard","has-post-thumbnail","hentry","category-economia-de-recursos","category-genilson-pereira-santana","tag-biodiversidade-global","tag-catalogacao-biodiversidade","tag-ciencia-e-redessociais","tag-conectando-natureza","tag-facebook-eco","tag-preservacao-biodiversidade","tag-redes-sociais-ambientais","tag-smartphones-verdes"],"aioseo_notices":[],"yoast_head":"<!-- This site is optimized with the Yoast SEO plugin v24.5 - https:\/\/yoast.com\/wordpress\/plugins\/seo\/ -->\n<title>A contribui\u00e7\u00e3o valiosa das redes sociais na preserva\u00e7\u00e3o da biodiversidade - gsantana2005<\/title>\n<meta name=\"description\" content=\"A contribui\u00e7\u00e3o valiosa das redes sociais na preserva\u00e7\u00e3o da biodiversidade \u00e9 um artigo mostra como as redes sociais ajudam o meio ambiente.\" \/>\n<meta name=\"robots\" content=\"index, follow, max-snippet:-1, max-image-preview:large, max-video-preview:-1\" \/>\n<link rel=\"canonical\" href=\"https:\/\/gsantana2005.net\/index.php\/2023\/11\/27\/a-contribuicao-valiosa-das-redes-sociais-na-preservacao-da-biodiversidade\/\" \/>\n<meta property=\"og:locale\" content=\"pt_BR\" \/>\n<meta property=\"og:type\" content=\"article\" \/>\n<meta property=\"og:title\" content=\"A contribui\u00e7\u00e3o valiosa das redes sociais na preserva\u00e7\u00e3o da biodiversidade - gsantana2005\" \/>\n<meta property=\"og:description\" content=\"A contribui\u00e7\u00e3o valiosa das redes sociais na preserva\u00e7\u00e3o da biodiversidade \u00e9 um artigo mostra como as redes sociais ajudam o meio ambiente.\" \/>\n<meta property=\"og:url\" content=\"https:\/\/gsantana2005.net\/index.php\/2023\/11\/27\/a-contribuicao-valiosa-das-redes-sociais-na-preservacao-da-biodiversidade\/\" \/>\n<meta property=\"og:site_name\" content=\"gsantana2005\" \/>\n<meta property=\"article:published_time\" content=\"2023-11-27T20:48:28+00:00\" \/>\n<meta property=\"article:modified_time\" content=\"2024-02-04T22:22:58+00:00\" \/>\n<meta property=\"og:image\" content=\"http:\/\/gsantana2005.net\/wp-content\/uploads\/2023\/11\/borboletas.jpg\" \/>\n\t<meta property=\"og:image:width\" content=\"1280\" \/>\n\t<meta property=\"og:image:height\" content=\"719\" \/>\n\t<meta property=\"og:image:type\" content=\"image\/jpeg\" \/>\n<meta name=\"author\" content=\"gsantana2005\" \/>\n<meta name=\"twitter:card\" content=\"summary_large_image\" \/>\n<meta name=\"twitter:label1\" content=\"Escrito por\" \/>\n\t<meta name=\"twitter:data1\" content=\"gsantana2005\" \/>\n\t<meta name=\"twitter:label2\" content=\"Est. tempo de leitura\" \/>\n\t<meta name=\"twitter:data2\" content=\"4 minutos\" \/>\n<script type=\"application\/ld+json\" class=\"yoast-schema-graph\">{\"@context\":\"https:\/\/schema.org\",\"@graph\":[{\"@type\":\"Article\",\"@id\":\"https:\/\/gsantana2005.net\/index.php\/2023\/11\/27\/a-contribuicao-valiosa-das-redes-sociais-na-preservacao-da-biodiversidade\/#article\",\"isPartOf\":{\"@id\":\"https:\/\/gsantana2005.net\/index.php\/2023\/11\/27\/a-contribuicao-valiosa-das-redes-sociais-na-preservacao-da-biodiversidade\/\"},\"author\":{\"name\":\"gsantana2005\",\"@id\":\"https:\/\/gsantana2005.net\/#\/schema\/person\/78c90c6f49a46ef4c8e69bafec347cb7\"},\"headline\":\"A contribui\u00e7\u00e3o valiosa das redes sociais na preserva\u00e7\u00e3o da biodiversidade\",\"datePublished\":\"2023-11-27T20:48:28+00:00\",\"dateModified\":\"2024-02-04T22:22:58+00:00\",\"mainEntityOfPage\":{\"@id\":\"https:\/\/gsantana2005.net\/index.php\/2023\/11\/27\/a-contribuicao-valiosa-das-redes-sociais-na-preservacao-da-biodiversidade\/\"},\"wordCount\":655,\"commentCount\":0,\"publisher\":{\"@id\":\"https:\/\/gsantana2005.net\/#organization\"},\"image\":{\"@id\":\"https:\/\/gsantana2005.net\/index.php\/2023\/11\/27\/a-contribuicao-valiosa-das-redes-sociais-na-preservacao-da-biodiversidade\/#primaryimage\"},\"thumbnailUrl\":\"https:\/\/gsantana2005.net\/wp-content\/uploads\/2023\/11\/borboletas.jpg\",\"keywords\":[\"Biodiversidade Global\",\"Catalogacao Biodiversidade\",\"Ciencia e RedesSociais\",\"Conectando Natureza\",\"Facebook Eco\",\"Preservacao Biodiversidade\",\"Redes Sociais Ambientais\",\"Smartphones Verdes\"],\"articleSection\":[\"Economia de Recursos\",\"Dr Genilson Santana\"],\"inLanguage\":\"pt-BR\",\"potentialAction\":[{\"@type\":\"CommentAction\",\"name\":\"Comment\",\"target\":[\"https:\/\/gsantana2005.net\/index.php\/2023\/11\/27\/a-contribuicao-valiosa-das-redes-sociais-na-preservacao-da-biodiversidade\/#respond\"]}]},{\"@type\":\"WebPage\",\"@id\":\"https:\/\/gsantana2005.net\/index.php\/2023\/11\/27\/a-contribuicao-valiosa-das-redes-sociais-na-preservacao-da-biodiversidade\/\",\"url\":\"https:\/\/gsantana2005.net\/index.php\/2023\/11\/27\/a-contribuicao-valiosa-das-redes-sociais-na-preservacao-da-biodiversidade\/\",\"name\":\"A contribui\u00e7\u00e3o valiosa das redes sociais na preserva\u00e7\u00e3o da biodiversidade - gsantana2005\",\"isPartOf\":{\"@id\":\"https:\/\/gsantana2005.net\/#website\"},\"primaryImageOfPage\":{\"@id\":\"https:\/\/gsantana2005.net\/index.php\/2023\/11\/27\/a-contribuicao-valiosa-das-redes-sociais-na-preservacao-da-biodiversidade\/#primaryimage\"},\"image\":{\"@id\":\"https:\/\/gsantana2005.net\/index.php\/2023\/11\/27\/a-contribuicao-valiosa-das-redes-sociais-na-preservacao-da-biodiversidade\/#primaryimage\"},\"thumbnailUrl\":\"https:\/\/gsantana2005.net\/wp-content\/uploads\/2023\/11\/borboletas.jpg\",\"datePublished\":\"2023-11-27T20:48:28+00:00\",\"dateModified\":\"2024-02-04T22:22:58+00:00\",\"description\":\"A contribui\u00e7\u00e3o valiosa das redes sociais na preserva\u00e7\u00e3o da biodiversidade \u00e9 um artigo mostra como as redes sociais ajudam o meio ambiente.\",\"breadcrumb\":{\"@id\":\"https:\/\/gsantana2005.net\/index.php\/2023\/11\/27\/a-contribuicao-valiosa-das-redes-sociais-na-preservacao-da-biodiversidade\/#breadcrumb\"},\"inLanguage\":\"pt-BR\",\"potentialAction\":[{\"@type\":\"ReadAction\",\"target\":[\"https:\/\/gsantana2005.net\/index.php\/2023\/11\/27\/a-contribuicao-valiosa-das-redes-sociais-na-preservacao-da-biodiversidade\/\"]}]},{\"@type\":\"ImageObject\",\"inLanguage\":\"pt-BR\",\"@id\":\"https:\/\/gsantana2005.net\/index.php\/2023\/11\/27\/a-contribuicao-valiosa-das-redes-sociais-na-preservacao-da-biodiversidade\/#primaryimage\",\"url\":\"https:\/\/gsantana2005.net\/wp-content\/uploads\/2023\/11\/borboletas.jpg\",\"contentUrl\":\"https:\/\/gsantana2005.net\/wp-content\/uploads\/2023\/11\/borboletas.jpg\",\"width\":1280,\"height\":719,\"caption\":\"borboletas\"},{\"@type\":\"BreadcrumbList\",\"@id\":\"https:\/\/gsantana2005.net\/index.php\/2023\/11\/27\/a-contribuicao-valiosa-das-redes-sociais-na-preservacao-da-biodiversidade\/#breadcrumb\",\"itemListElement\":[{\"@type\":\"ListItem\",\"position\":1,\"name\":\"Home\",\"item\":\"https:\/\/gsantana2005.net\/\"},{\"@type\":\"ListItem\",\"position\":2,\"name\":\"A contribui\u00e7\u00e3o valiosa das redes sociais na preserva\u00e7\u00e3o da biodiversidade\"}]},{\"@type\":\"WebSite\",\"@id\":\"https:\/\/gsantana2005.net\/#website\",\"url\":\"https:\/\/gsantana2005.net\/\",\"name\":\"gsantana2005\",\"description\":\"Sejamos sustent\u00e1veis\",\"publisher\":{\"@id\":\"https:\/\/gsantana2005.net\/#organization\"},\"potentialAction\":[{\"@type\":\"SearchAction\",\"target\":{\"@type\":\"EntryPoint\",\"urlTemplate\":\"https:\/\/gsantana2005.net\/?s={search_term_string}\"},\"query-input\":{\"@type\":\"PropertyValueSpecification\",\"valueRequired\":true,\"valueName\":\"search_term_string\"}}],\"inLanguage\":\"pt-BR\"},{\"@type\":\"Organization\",\"@id\":\"https:\/\/gsantana2005.net\/#organization\",\"name\":\"gsantana2005\",\"url\":\"https:\/\/gsantana2005.net\/\",\"logo\":{\"@type\":\"ImageObject\",\"inLanguage\":\"pt-BR\",\"@id\":\"https:\/\/gsantana2005.net\/#\/schema\/logo\/image\/\",\"url\":\"https:\/\/gsantana2005.net\/wp-content\/uploads\/2023\/06\/cropped-Gs-sem-fundo.jpg\",\"contentUrl\":\"https:\/\/gsantana2005.net\/wp-content\/uploads\/2023\/06\/cropped-Gs-sem-fundo.jpg\",\"width\":100,\"height\":100,\"caption\":\"gsantana2005\"},\"image\":{\"@id\":\"https:\/\/gsantana2005.net\/#\/schema\/logo\/image\/\"}},{\"@type\":\"Person\",\"@id\":\"https:\/\/gsantana2005.net\/#\/schema\/person\/78c90c6f49a46ef4c8e69bafec347cb7\",\"name\":\"gsantana2005\",\"image\":{\"@type\":\"ImageObject\",\"inLanguage\":\"pt-BR\",\"@id\":\"https:\/\/gsantana2005.net\/#\/schema\/person\/image\/\",\"url\":\"https:\/\/secure.gravatar.com\/avatar\/db3aa311fa8063e1f4df6b2da249929f?s=96&d=mm&r=g\",\"contentUrl\":\"https:\/\/secure.gravatar.com\/avatar\/db3aa311fa8063e1f4df6b2da249929f?s=96&d=mm&r=g\",\"caption\":\"gsantana2005\"},\"sameAs\":[\"http:\/\/gsantana2005.net\"],\"url\":\"https:\/\/gsantana2005.net\/author\/gsantana2005\/\"}]}<\/script>\n<!-- \/ Yoast SEO plugin. -->","yoast_head_json":{"title":"A contribui\u00e7\u00e3o valiosa das redes sociais na preserva\u00e7\u00e3o da biodiversidade - gsantana2005","description":"A contribui\u00e7\u00e3o valiosa das redes sociais na preserva\u00e7\u00e3o da biodiversidade \u00e9 um artigo mostra como as redes sociais ajudam o meio ambiente.","robots":{"index":"index","follow":"follow","max-snippet":"max-snippet:-1","max-image-preview":"max-image-preview:large","max-video-preview":"max-video-preview:-1"},"canonical":"https:\/\/gsantana2005.net\/index.php\/2023\/11\/27\/a-contribuicao-valiosa-das-redes-sociais-na-preservacao-da-biodiversidade\/","og_locale":"pt_BR","og_type":"article","og_title":"A contribui\u00e7\u00e3o valiosa das redes sociais na preserva\u00e7\u00e3o da biodiversidade - gsantana2005","og_description":"A contribui\u00e7\u00e3o valiosa das redes sociais na preserva\u00e7\u00e3o da biodiversidade \u00e9 um artigo mostra como as redes sociais ajudam o meio ambiente.","og_url":"https:\/\/gsantana2005.net\/index.php\/2023\/11\/27\/a-contribuicao-valiosa-das-redes-sociais-na-preservacao-da-biodiversidade\/","og_site_name":"gsantana2005","article_published_time":"2023-11-27T20:48:28+00:00","article_modified_time":"2024-02-04T22:22:58+00:00","og_image":[{"width":1280,"height":719,"url":"http:\/\/gsantana2005.net\/wp-content\/uploads\/2023\/11\/borboletas.jpg","type":"image\/jpeg"}],"author":"gsantana2005","twitter_card":"summary_large_image","twitter_misc":{"Escrito por":"gsantana2005","Est. tempo de leitura":"4 minutos"},"schema":{"@context":"https:\/\/schema.org","@graph":[{"@type":"Article","@id":"https:\/\/gsantana2005.net\/index.php\/2023\/11\/27\/a-contribuicao-valiosa-das-redes-sociais-na-preservacao-da-biodiversidade\/#article","isPartOf":{"@id":"https:\/\/gsantana2005.net\/index.php\/2023\/11\/27\/a-contribuicao-valiosa-das-redes-sociais-na-preservacao-da-biodiversidade\/"},"author":{"name":"gsantana2005","@id":"https:\/\/gsantana2005.net\/#\/schema\/person\/78c90c6f49a46ef4c8e69bafec347cb7"},"headline":"A contribui\u00e7\u00e3o valiosa das redes sociais na preserva\u00e7\u00e3o da biodiversidade","datePublished":"2023-11-27T20:48:28+00:00","dateModified":"2024-02-04T22:22:58+00:00","mainEntityOfPage":{"@id":"https:\/\/gsantana2005.net\/index.php\/2023\/11\/27\/a-contribuicao-valiosa-das-redes-sociais-na-preservacao-da-biodiversidade\/"},"wordCount":655,"commentCount":0,"publisher":{"@id":"https:\/\/gsantana2005.net\/#organization"},"image":{"@id":"https:\/\/gsantana2005.net\/index.php\/2023\/11\/27\/a-contribuicao-valiosa-das-redes-sociais-na-preservacao-da-biodiversidade\/#primaryimage"},"thumbnailUrl":"https:\/\/gsantana2005.net\/wp-content\/uploads\/2023\/11\/borboletas.jpg","keywords":["Biodiversidade Global","Catalogacao Biodiversidade","Ciencia e RedesSociais","Conectando Natureza","Facebook Eco","Preservacao Biodiversidade","Redes Sociais Ambientais","Smartphones Verdes"],"articleSection":["Economia de Recursos","Dr Genilson Santana"],"inLanguage":"pt-BR","potentialAction":[{"@type":"CommentAction","name":"Comment","target":["https:\/\/gsantana2005.net\/index.php\/2023\/11\/27\/a-contribuicao-valiosa-das-redes-sociais-na-preservacao-da-biodiversidade\/#respond"]}]},{"@type":"WebPage","@id":"https:\/\/gsantana2005.net\/index.php\/2023\/11\/27\/a-contribuicao-valiosa-das-redes-sociais-na-preservacao-da-biodiversidade\/","url":"https:\/\/gsantana2005.net\/index.php\/2023\/11\/27\/a-contribuicao-valiosa-das-redes-sociais-na-preservacao-da-biodiversidade\/","name":"A contribui\u00e7\u00e3o valiosa das redes sociais na preserva\u00e7\u00e3o da biodiversidade - gsantana2005","isPartOf":{"@id":"https:\/\/gsantana2005.net\/#website"},"primaryImageOfPage":{"@id":"https:\/\/gsantana2005.net\/index.php\/2023\/11\/27\/a-contribuicao-valiosa-das-redes-sociais-na-preservacao-da-biodiversidade\/#primaryimage"},"image":{"@id":"https:\/\/gsantana2005.net\/index.php\/2023\/11\/27\/a-contribuicao-valiosa-das-redes-sociais-na-preservacao-da-biodiversidade\/#primaryimage"},"thumbnailUrl":"https:\/\/gsantana2005.net\/wp-content\/uploads\/2023\/11\/borboletas.jpg","datePublished":"2023-11-27T20:48:28+00:00","dateModified":"2024-02-04T22:22:58+00:00","description":"A contribui\u00e7\u00e3o valiosa das redes sociais na preserva\u00e7\u00e3o da biodiversidade \u00e9 um artigo mostra como as redes sociais ajudam o meio ambiente.","breadcrumb":{"@id":"https:\/\/gsantana2005.net\/index.php\/2023\/11\/27\/a-contribuicao-valiosa-das-redes-sociais-na-preservacao-da-biodiversidade\/#breadcrumb"},"inLanguage":"pt-BR","potentialAction":[{"@type":"ReadAction","target":["https:\/\/gsantana2005.net\/index.php\/2023\/11\/27\/a-contribuicao-valiosa-das-redes-sociais-na-preservacao-da-biodiversidade\/"]}]},{"@type":"ImageObject","inLanguage":"pt-BR","@id":"https:\/\/gsantana2005.net\/index.php\/2023\/11\/27\/a-contribuicao-valiosa-das-redes-sociais-na-preservacao-da-biodiversidade\/#primaryimage","url":"https:\/\/gsantana2005.net\/wp-content\/uploads\/2023\/11\/borboletas.jpg","contentUrl":"https:\/\/gsantana2005.net\/wp-content\/uploads\/2023\/11\/borboletas.jpg","width":1280,"height":719,"caption":"borboletas"},{"@type":"BreadcrumbList","@id":"https:\/\/gsantana2005.net\/index.php\/2023\/11\/27\/a-contribuicao-valiosa-das-redes-sociais-na-preservacao-da-biodiversidade\/#breadcrumb","itemListElement":[{"@type":"ListItem","position":1,"name":"Home","item":"https:\/\/gsantana2005.net\/"},{"@type":"ListItem","position":2,"name":"A contribui\u00e7\u00e3o valiosa das redes sociais na preserva\u00e7\u00e3o da biodiversidade"}]},{"@type":"WebSite","@id":"https:\/\/gsantana2005.net\/#website","url":"https:\/\/gsantana2005.net\/","name":"gsantana2005","description":"Sejamos sustent\u00e1veis","publisher":{"@id":"https:\/\/gsantana2005.net\/#organization"},"potentialAction":[{"@type":"SearchAction","target":{"@type":"EntryPoint","urlTemplate":"https:\/\/gsantana2005.net\/?s={search_term_string}"},"query-input":{"@type":"PropertyValueSpecification","valueRequired":true,"valueName":"search_term_string"}}],"inLanguage":"pt-BR"},{"@type":"Organization","@id":"https:\/\/gsantana2005.net\/#organization","name":"gsantana2005","url":"https:\/\/gsantana2005.net\/","logo":{"@type":"ImageObject","inLanguage":"pt-BR","@id":"https:\/\/gsantana2005.net\/#\/schema\/logo\/image\/","url":"https:\/\/gsantana2005.net\/wp-content\/uploads\/2023\/06\/cropped-Gs-sem-fundo.jpg","contentUrl":"https:\/\/gsantana2005.net\/wp-content\/uploads\/2023\/06\/cropped-Gs-sem-fundo.jpg","width":100,"height":100,"caption":"gsantana2005"},"image":{"@id":"https:\/\/gsantana2005.net\/#\/schema\/logo\/image\/"}},{"@type":"Person","@id":"https:\/\/gsantana2005.net\/#\/schema\/person\/78c90c6f49a46ef4c8e69bafec347cb7","name":"gsantana2005","image":{"@type":"ImageObject","inLanguage":"pt-BR","@id":"https:\/\/gsantana2005.net\/#\/schema\/person\/image\/","url":"https:\/\/secure.gravatar.com\/avatar\/db3aa311fa8063e1f4df6b2da249929f?s=96&d=mm&r=g","contentUrl":"https:\/\/secure.gravatar.com\/avatar\/db3aa311fa8063e1f4df6b2da249929f?s=96&d=mm&r=g","caption":"gsantana2005"},"sameAs":["http:\/\/gsantana2005.net"],"url":"https:\/\/gsantana2005.net\/author\/gsantana2005\/"}]}},"amp_enabled":true,"_links":{"self":[{"href":"https:\/\/gsantana2005.net\/index.php\/wp-json\/wp\/v2\/posts\/863"}],"collection":[{"href":"https:\/\/gsantana2005.net\/index.php\/wp-json\/wp\/v2\/posts"}],"about":[{"href":"https:\/\/gsantana2005.net\/index.php\/wp-json\/wp\/v2\/types\/post"}],"author":[{"embeddable":true,"href":"https:\/\/gsantana2005.net\/index.php\/wp-json\/wp\/v2\/users\/1"}],"replies":[{"embeddable":true,"href":"https:\/\/gsantana2005.net\/index.php\/wp-json\/wp\/v2\/comments?post=863"}],"version-history":[{"count":1,"href":"https:\/\/gsantana2005.net\/index.php\/wp-json\/wp\/v2\/posts\/863\/revisions"}],"predecessor-version":[{"id":867,"href":"https:\/\/gsantana2005.net\/index.php\/wp-json\/wp\/v2\/posts\/863\/revisions\/867"}],"wp:featuredmedia":[{"embeddable":true,"href":"https:\/\/gsantana2005.net\/index.php\/wp-json\/wp\/v2\/media\/866"}],"wp:attachment":[{"href":"https:\/\/gsantana2005.net\/index.php\/wp-json\/wp\/v2\/media?parent=863"}],"wp:term":[{"taxonomy":"category","embeddable":true,"href":"https:\/\/gsantana2005.net\/index.php\/wp-json\/wp\/v2\/categories?post=863"},{"taxonomy":"post_tag","embeddable":true,"href":"https:\/\/gsantana2005.net\/index.php\/wp-json\/wp\/v2\/tags?post=863"}],"curies":[{"name":"wp","href":"https:\/\/api.w.org\/{rel}","templated":true}]}}