{"id":885,"date":"2023-12-02T13:04:57","date_gmt":"2023-12-02T13:04:57","guid":{"rendered":"https:\/\/gsantana2005.net\/?p=885"},"modified":"2024-02-04T22:05:44","modified_gmt":"2024-02-04T22:05:44","slug":"o-papel-vital-da-precificacao-de-carbono-no-combate-as-mudancas-climaticas","status":"publish","type":"post","link":"https:\/\/gsantana2005.net\/index.php\/2023\/12\/02\/o-papel-vital-da-precificacao-de-carbono-no-combate-as-mudancas-climaticas\/","title":{"rendered":"O Papel Vital da Precifica\u00e7\u00e3o de Carbono no Combate \u00e0s Mudan\u00e7as Clim\u00e1ticas"},"content":{"rendered":"\n<p><strong>O Papel Vital da Precifica\u00e7\u00e3o de Carbono no Combate \u00e0s Mudan\u00e7as Clim\u00e1ticas mostra de uma maneira simples como funciona o cr\u00e9dito de carbono<\/strong>. Ent\u00e3o, \u00e0 medida que as temperaturas globais continuam a subir, a urg\u00eancia em torno das pol\u00edticas clim\u00e1ticas intensifica-se, colocando a precifica\u00e7\u00e3o de carbono no centro das discuss\u00f5es sobre o clima.<\/p>\n\n\n\n<p>A corrida para alcan\u00e7ar emiss\u00f5es l\u00edquidas zero tornou crucial entender como a precifica\u00e7\u00e3o de carbono funciona, seus benef\u00edcios e as principais tend\u00eancias que moldam seu futuro.<\/p>\n\n\n\n<h2 class=\"wp-block-heading\"><strong>O Que \u00e9 Precifica\u00e7\u00e3o de Carbono?<\/strong><\/h2>\n\n\n\n<p>A precifica\u00e7\u00e3o de carbono \u00e9 uma abordagem crucial para governos regularem as emiss\u00f5es de carbono e estabelecerem mercados de carbono. No entanto, essa ferramenta n\u00e3o se limita ao setor p\u00fablico, sendo tamb\u00e9m adotada no setor privado para redu\u00e7\u00f5es volunt\u00e1rias de carbono.<\/p>\n\n\n\n<p>N\u00e3o h\u00e1 um pre\u00e7o \u00fanico para cada tonelada de CO<sub>2<\/sub> liberada na atmosfera; esse valor depende de diversos fatores e do mecanismo espec\u00edfico seguido. Os principais m\u00e9todos de precifica\u00e7\u00e3o de carbono incluem o imposto sobre carbono e o sistema de com\u00e9rcio de emiss\u00f5es (ETS), tamb\u00e9m conhecido como cap-and-trade. Outros m\u00e9todos envolvem a precifica\u00e7\u00e3o interna de carbono, Financiamento Clim\u00e1tico Baseado em Resultados (RBCF) e compensa\u00e7\u00e3o de carbono.<\/p>\n\n\n\n<p>Enquanto um imposto sobre carbono imp\u00f5e um pre\u00e7o fixo para as emiss\u00f5es de carbono, aumentando ao longo do tempo, o ETS permite que entidades emitam uma quantidade limitada de carbono por meio de autoriza\u00e7\u00f5es de emiss\u00e3o. Essas autoriza\u00e7\u00f5es s\u00e3o negoci\u00e1veis, criando um mercado para as emiss\u00f5es de carbono.<\/p>\n\n\n\n<p>O mapa abaixo destaca os atuais n\u00edveis e cobertura de pre\u00e7os de carbono, incluindo impostos sobre carbono e ETS, em diferentes regi\u00f5es do mundo.<\/p>\n\n\n\n<figure class=\"wp-block-image size-large is-resized\"><img loading=\"lazy\" decoding=\"async\" width=\"1024\" height=\"489\" src=\"https:\/\/gsantana2005.net\/wp-content\/uploads\/2023\/12\/mapa-taxa-credito-carbono-1024x489.jpg\" alt=\"\" class=\"wp-image-886\" style=\"aspect-ratio:2.094069529652352;width:920px;height:auto\" srcset=\"https:\/\/gsantana2005.net\/wp-content\/uploads\/2023\/12\/mapa-taxa-credito-carbono-1024x489.jpg 1024w, https:\/\/gsantana2005.net\/wp-content\/uploads\/2023\/12\/mapa-taxa-credito-carbono-300x143.jpg 300w, https:\/\/gsantana2005.net\/wp-content\/uploads\/2023\/12\/mapa-taxa-credito-carbono-768x366.jpg 768w, https:\/\/gsantana2005.net\/wp-content\/uploads\/2023\/12\/mapa-taxa-credito-carbono.jpg 1138w\" sizes=\"(max-width: 1024px) 100vw, 1024px\" \/><\/figure>\n\n\n\n<p><a href=\"https:\/\/carboncredits.com\/carbon-pricing-understanding-the-economics-and-trends-of-fighting-climate-change\/\" target=\"_blank\" rel=\"noreferrer noopener nofollow\">Mapa de N\u00edveis de Pre\u00e7os de Carbono &#8211; Imposto sobre Carbono e ETS<\/a>. <em>Fonte: Relat\u00f3rio do Banco Mundial<\/em><\/p>\n\n\n\n<h2 class=\"wp-block-heading\"><strong>Por Que Precificar o Carbono?<\/strong><\/h2>\n\n\n\n<p>Para muitos especialistas, a precifica\u00e7\u00e3o de carbono \u00e9 uma abordagem eficiente, permitindo a redu\u00e7\u00e3o de emiss\u00f5es a um custo mais baixo poss\u00edvel. Sua flexibilidade oferece ao mercado a capacidade de decidir como reduzir as emiss\u00f5es de acordo com a capacidade de cada emissor. Ent\u00e3o, \u00e9 como punir o criminoso, mas dando-lhe a op\u00e7\u00e3o de pagar pelo crime de uma maneira que ele possa arcar.<\/p>\n\n\n\n<p>Al\u00e9m disso, a precifica\u00e7\u00e3o de carbono promove todos os tipos de redu\u00e7\u00f5es de emiss\u00f5es que custam t\u00e3o pouco quanto o pre\u00e7o do carbono ou menos, desencorajando medidas de redu\u00e7\u00e3o mais custosas. Ao permitir que os poluidores paguem o mesmo pre\u00e7o por suas emiss\u00f5es, ela facilita as redu\u00e7\u00f5es para aqueles que podem faz\u00ea-lo de maneira mais econ\u00f4mica, promovendo efici\u00eancia nas redu\u00e7\u00f5es totais de emiss\u00f5es.<\/p>\n\n\n\n<p>Por fim, a precifica\u00e7\u00e3o de carbono gera receitas para os governos, beneficiando os cidad\u00e3os. Essas receitas podem ser devolvidas aos consumidores como reembolsos ou utilizadas para financiar investimentos verdes. Segundo o Relat\u00f3rio de Precifica\u00e7\u00e3o de Carbono do Banco Mundial de 2023, as receitas de impostos sobre carbono e ETS aumentaram mais de 10% em 2022, atingindo quase US$ 95 bilh\u00f5es globalmente.<\/p>\n\n\n\n<figure class=\"wp-block-image size-full is-resized\"><img loading=\"lazy\" decoding=\"async\" width=\"686\" height=\"521\" src=\"https:\/\/gsantana2005.net\/wp-content\/uploads\/2023\/12\/receita-mundial-do-credito-de-carbono.jpg\" alt=\"\" class=\"wp-image-887\" style=\"aspect-ratio:1.3166986564299423;width:934px;height:auto\" srcset=\"https:\/\/gsantana2005.net\/wp-content\/uploads\/2023\/12\/receita-mundial-do-credito-de-carbono.jpg 686w, https:\/\/gsantana2005.net\/wp-content\/uploads\/2023\/12\/receita-mundial-do-credito-de-carbono-300x228.jpg 300w\" sizes=\"(max-width: 686px) 100vw, 686px\" \/><\/figure>\n\n\n\n<p><a href=\"https:\/\/carboncredits.com\/carbon-pricing-understanding-the-economics-and-trends-of-fighting-climate-change\/\" target=\"_blank\" rel=\"noreferrer noopener nofollow\">Receitas Globais da Precifica\u00e7\u00e3o de Carbono &#8211; Dados do Banco Mundial<\/a><\/p>\n\n\n\n<h2 class=\"wp-block-heading\"><strong>Tend\u00eancias Globais nos Pre\u00e7os e Mercados de Carbono<\/strong><\/h2>\n\n\n\n<p>A precifica\u00e7\u00e3o de carbono precisa crescer em termos de pre\u00e7o e cobertura para impulsionar a a\u00e7\u00e3o clim\u00e1tica e alcan\u00e7ar as metas do Acordo de Paris. Mas quais s\u00e3o as tend\u00eancias dominantes nos mercados de carbono hoje?<\/p>\n\n\n\n<h2 class=\"wp-block-heading\"><strong>Crescimento Lento, por\u00e9m Resiliente<\/strong><\/h2>\n\n\n\n<p>Ap\u00f3s um r\u00e1pido crescimento desde 2020, os pre\u00e7os de cr\u00e9ditos de carbono (ETS) come\u00e7aram a desacelerar em 2022. No entanto, mostraram resili\u00eancia diante de v\u00e1rios desafios macroecon\u00f4micos.<\/p>\n\n\n\n<p>Os pre\u00e7os do carbono aumentaram significativamente no ETS da UE, atingindo 100 euros em fevereiro deste ano. No entanto, a tend\u00eancia n\u00e3o \u00e9 uniforme, com os pre\u00e7os do carbono em outros ETS diminuindo, como no ETS da Coreia.<\/p>\n\n\n\n<h2 class=\"wp-block-heading\"><strong>Demanda Predominantemente Volunt\u00e1ria<\/strong><\/h2>\n\n\n\n<p>Apesar da recente queda, a demanda volunt\u00e1ria por cr\u00e9ditos de carbono por parte de corpora\u00e7\u00f5es continua a impulsionar o crescimento do mercado. As demandas de conformidade desempenham um papel menor.<\/p>\n\n\n\n<p>O total de cr\u00e9ditos aposentados monitorados pela Ecosystem Marketplace diminuiu mais de 1% em 2022, sendo a maioria desses cr\u00e9ditos aposentados relacionados \u00e0 demanda volunt\u00e1ria.<\/p>\n\n\n\n<p>No entanto, as emiss\u00f5es de mecanismos internacionais de precifica\u00e7\u00e3o de carbono (como o Mecanismo de Desenvolvimento Limpo) aumentaram em 2022, representando 30% do total de cr\u00e9ditos emitidos.<\/p>\n\n\n\n<p>A predomin\u00e2ncia cont\u00ednua da demanda volunt\u00e1ria significa que os compromissos corporativos continuam a crescer. Uma pesquisa com mais de 500 m\u00e9dias e grandes empresas na Europa e nos EUA revelou que cerca de 90% consideram os cr\u00e9ditos de carbono significativos para compensar emiss\u00f5es que ainda n\u00e3o podem ser reduzidas.<\/p>\n\n\n\n<p>Essa tend\u00eancia tamb\u00e9m \u00e9 observada entre os pa\u00edses, com mais governos considerando estabelecer seus pr\u00f3prios esquemas de cr\u00e9ditos de carbono, muitas vezes acompanhando uma pol\u00edtica de imposto sobre carbono ou um ETS.<\/p>\n\n\n\n<h2 class=\"wp-block-heading\"><strong>Cr\u00e9ditos de Remo\u00e7\u00e3o de Carbono em Alta<\/strong><\/h2>\n\n\n\n<p>Os pre\u00e7os de cr\u00e9ditos de carbono variam significativamente, dependendo de v\u00e1rios fatores. O pre\u00e7o real reflete custos do projeto e prefer\u00eancias do comprador. De acordo com dados de negocia\u00e7\u00e3o de carbono Xpansiv CBL 2022, cr\u00e9ditos mais recentes s\u00e3o vendidos a pre\u00e7os mais altos.<\/p>\n\n\n\n<p>Embora sejam considerados a op\u00e7\u00e3o principal para solu\u00e7\u00f5es de redu\u00e7\u00e3o de carbono, os cr\u00e9ditos baseados em natureza parecem ter atingido seu auge. O gr\u00e1fico mostra uma queda significativa nos pre\u00e7os, de mais de $15 por tonelada para menos de $5 por tonelada.<\/p>\n\n\n\n<h2 class=\"wp-block-heading\">Convite especial para voc\u00ea<\/h2>\n\n\n\n<p>Depois deste artigo\u00a0O Papel Vital da Precifica\u00e7\u00e3o de Carbono no Combate \u00e0s Mudan\u00e7as Clim\u00e1ticas\u00a0acredito que queira saber mais de nossa contribui\u00e7\u00e3o na \u00e1rea ambiental. N\u00e3o fique inibido entre em contato:\u00a0<a href=\"mailto:gsantana2005@gmail.com\">gsantana2005@gmail.com<\/a>\u00a0veja o nosso\u00a0<a href=\"https:\/\/www.instagram.com\/genilsonpereirasantana1\/\" rel=\"nofollow noopener\" target=\"_blank\">Instagram<\/a><\/p>\n\n\n\n<p>Al\u00e9m disso, j\u00e1 que voc\u00ea chegou at\u00e9 aqui descubra mais sobre n\u00f3s artigos abaixo:<\/p>\n\n\n\n<ul class=\"wp-block-list\">\n<li><a href=\"https:\/\/gsantana2005.net\/index.php\/2023\/11\/17\/veiculos-eletricos-tudo-o-que-voce-precisa-saber\/\">Ve\u00edculos el\u00e9tricos: tudo o que voc\u00ea precisa saber<\/a><\/li>\n\n\n\n<li><a href=\"https:\/\/gsantana2005.net\/index.php\/2023\/08\/28\/uma-breve-historia-dos-creditos-de-carbono\/\">Uma breve hist\u00f3ria dos cr\u00e9ditos de carbono<\/a><\/li>\n\n\n\n<li><a href=\"https:\/\/gsantana2005.net\/index.php\/2023\/08\/18\/5-maneiras-de-capturar-o-gas-do-efeito-estufa\/\">5 maneiras de capturar o g\u00e1s do efeito estufa<\/a><\/li>\n\n\n\n<li><a href=\"https:\/\/gsantana2005.net\/index.php\/2023\/08\/19\/porque-a-bicicleta-e-a-aliada-da-sustentabilidade\/\">Porque a bicicleta \u00e9 a aliada da sustentabilidade<\/a><\/li>\n<\/ul>\n\n\n\n<p>Ent\u00e3o, conhe\u00e7a tamb\u00e9m nossos cursos sobre&nbsp;<a href=\"https:\/\/gsantana2005.net\/index.php\/2023\/07\/21\/gestao-de-residuos\/\">Gest\u00e3o de res\u00edduos<\/a>&nbsp;e&nbsp;<a href=\"https:\/\/gsantana2005.net\/index.php\/2023\/08\/08\/tratamento-de-efluentes\/\">Tratamento de efluentes<\/a>. Maiores informa\u00e7\u00f5es:&nbsp;<a href=\"mailto:gsantana2005@gmail.com\">gsantana2005@gmail.com<\/a>&nbsp;ou 92 991227158 (WhatsApp)<\/p>\n","protected":false},"excerpt":{"rendered":"<p>O Papel Vital da Precifica\u00e7\u00e3o de Carbono no Combate \u00e0s Mudan\u00e7as Clim\u00e1ticas mostra de uma maneira simples como funciona o cr\u00e9dito de carbono. Ent\u00e3o, \u00e0 medida que as temperaturas globais continuam a subir, a urg\u00eancia em torno das pol\u00edticas clim\u00e1ticas intensifica-se, colocando a precifica\u00e7\u00e3o de carbono no centro das discuss\u00f5es sobre o clima. A corrida [&hellip;]<\/p>\n","protected":false},"author":1,"featured_media":888,"comment_status":"open","ping_status":"closed","sticky":false,"template":"","format":"standard","meta":{"om_disable_all_campaigns":false,"_monsterinsights_skip_tracking":false,"_monsterinsights_sitenote_active":false,"_monsterinsights_sitenote_note":"","_monsterinsights_sitenote_category":0,"footnotes":"","_links_to":"","_links_to_target":""},"categories":[272,3],"tags":[398,458,462,459,460,457,461,463],"class_list":["post-885","post","type-post","status-publish","format-standard","has-post-thumbnail","hentry","category-energias-renovaveis","category-genilson-pereira-santana","tag-acordo-de-paris","tag-combate-as-mudancas-climaticas","tag-credito-de-carbono","tag-emissoes-zero","tag-mercados-de-carbono","tag-precificacao-de-carbono","tag-sustentabilidade-climatica","tag-tendencias-climaticas"],"aioseo_notices":[],"yoast_head":"<!-- This site is optimized with the Yoast SEO plugin v24.5 - https:\/\/yoast.com\/wordpress\/plugins\/seo\/ -->\n<title>O Papel Vital da Precifica\u00e7\u00e3o de Carbono no Combate \u00e0s Mudan\u00e7as Clim\u00e1ticas - gsantana2005<\/title>\n<meta name=\"description\" content=\"O Papel Vital da Precifica\u00e7\u00e3o de Carbono no Combate \u00e0s Mudan\u00e7as Clim\u00e1ticas mostra de uma maneira simples como funciona o cr\u00e9dito de carbono\" \/>\n<meta name=\"robots\" content=\"index, follow, max-snippet:-1, max-image-preview:large, max-video-preview:-1\" \/>\n<link rel=\"canonical\" href=\"https:\/\/gsantana2005.net\/index.php\/2023\/12\/02\/o-papel-vital-da-precificacao-de-carbono-no-combate-as-mudancas-climaticas\/\" \/>\n<meta property=\"og:locale\" content=\"pt_BR\" \/>\n<meta property=\"og:type\" content=\"article\" \/>\n<meta property=\"og:title\" content=\"O Papel Vital da Precifica\u00e7\u00e3o de Carbono no Combate \u00e0s Mudan\u00e7as Clim\u00e1ticas - gsantana2005\" \/>\n<meta property=\"og:description\" content=\"O Papel Vital da Precifica\u00e7\u00e3o de Carbono no Combate \u00e0s Mudan\u00e7as Clim\u00e1ticas mostra de uma maneira simples como funciona o cr\u00e9dito de carbono\" \/>\n<meta property=\"og:url\" content=\"https:\/\/gsantana2005.net\/index.php\/2023\/12\/02\/o-papel-vital-da-precificacao-de-carbono-no-combate-as-mudancas-climaticas\/\" \/>\n<meta property=\"og:site_name\" content=\"gsantana2005\" \/>\n<meta property=\"article:published_time\" content=\"2023-12-02T13:04:57+00:00\" \/>\n<meta property=\"article:modified_time\" content=\"2024-02-04T22:05:44+00:00\" \/>\n<meta property=\"og:image\" content=\"http:\/\/gsantana2005.net\/wp-content\/uploads\/2023\/12\/credito-de-carbono.jpg\" \/>\n\t<meta property=\"og:image:width\" content=\"1600\" \/>\n\t<meta property=\"og:image:height\" content=\"700\" \/>\n\t<meta property=\"og:image:type\" content=\"image\/jpeg\" \/>\n<meta name=\"author\" content=\"gsantana2005\" \/>\n<meta name=\"twitter:card\" content=\"summary_large_image\" \/>\n<meta name=\"twitter:label1\" content=\"Escrito por\" \/>\n\t<meta name=\"twitter:data1\" content=\"gsantana2005\" \/>\n\t<meta name=\"twitter:label2\" content=\"Est. tempo de leitura\" \/>\n\t<meta name=\"twitter:data2\" content=\"6 minutos\" \/>\n<script type=\"application\/ld+json\" class=\"yoast-schema-graph\">{\"@context\":\"https:\/\/schema.org\",\"@graph\":[{\"@type\":\"Article\",\"@id\":\"https:\/\/gsantana2005.net\/index.php\/2023\/12\/02\/o-papel-vital-da-precificacao-de-carbono-no-combate-as-mudancas-climaticas\/#article\",\"isPartOf\":{\"@id\":\"https:\/\/gsantana2005.net\/index.php\/2023\/12\/02\/o-papel-vital-da-precificacao-de-carbono-no-combate-as-mudancas-climaticas\/\"},\"author\":{\"name\":\"gsantana2005\",\"@id\":\"https:\/\/gsantana2005.net\/#\/schema\/person\/78c90c6f49a46ef4c8e69bafec347cb7\"},\"headline\":\"O Papel Vital da Precifica\u00e7\u00e3o de Carbono no Combate \u00e0s Mudan\u00e7as Clim\u00e1ticas\",\"datePublished\":\"2023-12-02T13:04:57+00:00\",\"dateModified\":\"2024-02-04T22:05:44+00:00\",\"mainEntityOfPage\":{\"@id\":\"https:\/\/gsantana2005.net\/index.php\/2023\/12\/02\/o-papel-vital-da-precificacao-de-carbono-no-combate-as-mudancas-climaticas\/\"},\"wordCount\":1119,\"commentCount\":0,\"publisher\":{\"@id\":\"https:\/\/gsantana2005.net\/#organization\"},\"image\":{\"@id\":\"https:\/\/gsantana2005.net\/index.php\/2023\/12\/02\/o-papel-vital-da-precificacao-de-carbono-no-combate-as-mudancas-climaticas\/#primaryimage\"},\"thumbnailUrl\":\"https:\/\/gsantana2005.net\/wp-content\/uploads\/2023\/12\/credito-de-carbono.jpg\",\"keywords\":[\"Acordo De Paris\",\"Combate \u00c0s Mudan\u00e7as Clim\u00e1ticas\",\"Cr\u00e9dito De Carbono\",\"Emiss\u00f5es Zero\",\"Mercados De Carbono\",\"Precifica\u00e7\u00e3o De Carbono\",\"Sustentabilidade Clim\u00e1tica\",\"Tend\u00eancias Clim\u00e1ticas\"],\"articleSection\":[\"Energias Renov\u00e1veis\",\"Dr Genilson Santana\"],\"inLanguage\":\"pt-BR\",\"potentialAction\":[{\"@type\":\"CommentAction\",\"name\":\"Comment\",\"target\":[\"https:\/\/gsantana2005.net\/index.php\/2023\/12\/02\/o-papel-vital-da-precificacao-de-carbono-no-combate-as-mudancas-climaticas\/#respond\"]}]},{\"@type\":\"WebPage\",\"@id\":\"https:\/\/gsantana2005.net\/index.php\/2023\/12\/02\/o-papel-vital-da-precificacao-de-carbono-no-combate-as-mudancas-climaticas\/\",\"url\":\"https:\/\/gsantana2005.net\/index.php\/2023\/12\/02\/o-papel-vital-da-precificacao-de-carbono-no-combate-as-mudancas-climaticas\/\",\"name\":\"O Papel Vital da Precifica\u00e7\u00e3o de Carbono no Combate \u00e0s Mudan\u00e7as Clim\u00e1ticas - gsantana2005\",\"isPartOf\":{\"@id\":\"https:\/\/gsantana2005.net\/#website\"},\"primaryImageOfPage\":{\"@id\":\"https:\/\/gsantana2005.net\/index.php\/2023\/12\/02\/o-papel-vital-da-precificacao-de-carbono-no-combate-as-mudancas-climaticas\/#primaryimage\"},\"image\":{\"@id\":\"https:\/\/gsantana2005.net\/index.php\/2023\/12\/02\/o-papel-vital-da-precificacao-de-carbono-no-combate-as-mudancas-climaticas\/#primaryimage\"},\"thumbnailUrl\":\"https:\/\/gsantana2005.net\/wp-content\/uploads\/2023\/12\/credito-de-carbono.jpg\",\"datePublished\":\"2023-12-02T13:04:57+00:00\",\"dateModified\":\"2024-02-04T22:05:44+00:00\",\"description\":\"O Papel Vital da Precifica\u00e7\u00e3o de Carbono no Combate \u00e0s Mudan\u00e7as Clim\u00e1ticas mostra de uma maneira simples como funciona o cr\u00e9dito de carbono\",\"breadcrumb\":{\"@id\":\"https:\/\/gsantana2005.net\/index.php\/2023\/12\/02\/o-papel-vital-da-precificacao-de-carbono-no-combate-as-mudancas-climaticas\/#breadcrumb\"},\"inLanguage\":\"pt-BR\",\"potentialAction\":[{\"@type\":\"ReadAction\",\"target\":[\"https:\/\/gsantana2005.net\/index.php\/2023\/12\/02\/o-papel-vital-da-precificacao-de-carbono-no-combate-as-mudancas-climaticas\/\"]}]},{\"@type\":\"ImageObject\",\"inLanguage\":\"pt-BR\",\"@id\":\"https:\/\/gsantana2005.net\/index.php\/2023\/12\/02\/o-papel-vital-da-precificacao-de-carbono-no-combate-as-mudancas-climaticas\/#primaryimage\",\"url\":\"https:\/\/gsantana2005.net\/wp-content\/uploads\/2023\/12\/credito-de-carbono.jpg\",\"contentUrl\":\"https:\/\/gsantana2005.net\/wp-content\/uploads\/2023\/12\/credito-de-carbono.jpg\",\"width\":1600,\"height\":700,\"caption\":\"cr\u00e9dito de carbono\"},{\"@type\":\"BreadcrumbList\",\"@id\":\"https:\/\/gsantana2005.net\/index.php\/2023\/12\/02\/o-papel-vital-da-precificacao-de-carbono-no-combate-as-mudancas-climaticas\/#breadcrumb\",\"itemListElement\":[{\"@type\":\"ListItem\",\"position\":1,\"name\":\"Home\",\"item\":\"https:\/\/gsantana2005.net\/\"},{\"@type\":\"ListItem\",\"position\":2,\"name\":\"O Papel Vital da Precifica\u00e7\u00e3o de Carbono no Combate \u00e0s Mudan\u00e7as Clim\u00e1ticas\"}]},{\"@type\":\"WebSite\",\"@id\":\"https:\/\/gsantana2005.net\/#website\",\"url\":\"https:\/\/gsantana2005.net\/\",\"name\":\"gsantana2005\",\"description\":\"Sejamos sustent\u00e1veis\",\"publisher\":{\"@id\":\"https:\/\/gsantana2005.net\/#organization\"},\"potentialAction\":[{\"@type\":\"SearchAction\",\"target\":{\"@type\":\"EntryPoint\",\"urlTemplate\":\"https:\/\/gsantana2005.net\/?s={search_term_string}\"},\"query-input\":{\"@type\":\"PropertyValueSpecification\",\"valueRequired\":true,\"valueName\":\"search_term_string\"}}],\"inLanguage\":\"pt-BR\"},{\"@type\":\"Organization\",\"@id\":\"https:\/\/gsantana2005.net\/#organization\",\"name\":\"gsantana2005\",\"url\":\"https:\/\/gsantana2005.net\/\",\"logo\":{\"@type\":\"ImageObject\",\"inLanguage\":\"pt-BR\",\"@id\":\"https:\/\/gsantana2005.net\/#\/schema\/logo\/image\/\",\"url\":\"https:\/\/gsantana2005.net\/wp-content\/uploads\/2023\/06\/cropped-Gs-sem-fundo.jpg\",\"contentUrl\":\"https:\/\/gsantana2005.net\/wp-content\/uploads\/2023\/06\/cropped-Gs-sem-fundo.jpg\",\"width\":100,\"height\":100,\"caption\":\"gsantana2005\"},\"image\":{\"@id\":\"https:\/\/gsantana2005.net\/#\/schema\/logo\/image\/\"}},{\"@type\":\"Person\",\"@id\":\"https:\/\/gsantana2005.net\/#\/schema\/person\/78c90c6f49a46ef4c8e69bafec347cb7\",\"name\":\"gsantana2005\",\"image\":{\"@type\":\"ImageObject\",\"inLanguage\":\"pt-BR\",\"@id\":\"https:\/\/gsantana2005.net\/#\/schema\/person\/image\/\",\"url\":\"https:\/\/secure.gravatar.com\/avatar\/db3aa311fa8063e1f4df6b2da249929f?s=96&d=mm&r=g\",\"contentUrl\":\"https:\/\/secure.gravatar.com\/avatar\/db3aa311fa8063e1f4df6b2da249929f?s=96&d=mm&r=g\",\"caption\":\"gsantana2005\"},\"sameAs\":[\"http:\/\/gsantana2005.net\"],\"url\":\"https:\/\/gsantana2005.net\/author\/gsantana2005\/\"}]}<\/script>\n<!-- \/ Yoast SEO plugin. -->","yoast_head_json":{"title":"O Papel Vital da Precifica\u00e7\u00e3o de Carbono no Combate \u00e0s Mudan\u00e7as Clim\u00e1ticas - gsantana2005","description":"O Papel Vital da Precifica\u00e7\u00e3o de Carbono no Combate \u00e0s Mudan\u00e7as Clim\u00e1ticas mostra de uma maneira simples como funciona o cr\u00e9dito de carbono","robots":{"index":"index","follow":"follow","max-snippet":"max-snippet:-1","max-image-preview":"max-image-preview:large","max-video-preview":"max-video-preview:-1"},"canonical":"https:\/\/gsantana2005.net\/index.php\/2023\/12\/02\/o-papel-vital-da-precificacao-de-carbono-no-combate-as-mudancas-climaticas\/","og_locale":"pt_BR","og_type":"article","og_title":"O Papel Vital da Precifica\u00e7\u00e3o de Carbono no Combate \u00e0s Mudan\u00e7as Clim\u00e1ticas - gsantana2005","og_description":"O Papel Vital da Precifica\u00e7\u00e3o de Carbono no Combate \u00e0s Mudan\u00e7as Clim\u00e1ticas mostra de uma maneira simples como funciona o cr\u00e9dito de carbono","og_url":"https:\/\/gsantana2005.net\/index.php\/2023\/12\/02\/o-papel-vital-da-precificacao-de-carbono-no-combate-as-mudancas-climaticas\/","og_site_name":"gsantana2005","article_published_time":"2023-12-02T13:04:57+00:00","article_modified_time":"2024-02-04T22:05:44+00:00","og_image":[{"width":1600,"height":700,"url":"http:\/\/gsantana2005.net\/wp-content\/uploads\/2023\/12\/credito-de-carbono.jpg","type":"image\/jpeg"}],"author":"gsantana2005","twitter_card":"summary_large_image","twitter_misc":{"Escrito por":"gsantana2005","Est. tempo de leitura":"6 minutos"},"schema":{"@context":"https:\/\/schema.org","@graph":[{"@type":"Article","@id":"https:\/\/gsantana2005.net\/index.php\/2023\/12\/02\/o-papel-vital-da-precificacao-de-carbono-no-combate-as-mudancas-climaticas\/#article","isPartOf":{"@id":"https:\/\/gsantana2005.net\/index.php\/2023\/12\/02\/o-papel-vital-da-precificacao-de-carbono-no-combate-as-mudancas-climaticas\/"},"author":{"name":"gsantana2005","@id":"https:\/\/gsantana2005.net\/#\/schema\/person\/78c90c6f49a46ef4c8e69bafec347cb7"},"headline":"O Papel Vital da Precifica\u00e7\u00e3o de Carbono no Combate \u00e0s Mudan\u00e7as Clim\u00e1ticas","datePublished":"2023-12-02T13:04:57+00:00","dateModified":"2024-02-04T22:05:44+00:00","mainEntityOfPage":{"@id":"https:\/\/gsantana2005.net\/index.php\/2023\/12\/02\/o-papel-vital-da-precificacao-de-carbono-no-combate-as-mudancas-climaticas\/"},"wordCount":1119,"commentCount":0,"publisher":{"@id":"https:\/\/gsantana2005.net\/#organization"},"image":{"@id":"https:\/\/gsantana2005.net\/index.php\/2023\/12\/02\/o-papel-vital-da-precificacao-de-carbono-no-combate-as-mudancas-climaticas\/#primaryimage"},"thumbnailUrl":"https:\/\/gsantana2005.net\/wp-content\/uploads\/2023\/12\/credito-de-carbono.jpg","keywords":["Acordo De Paris","Combate \u00c0s Mudan\u00e7as Clim\u00e1ticas","Cr\u00e9dito De Carbono","Emiss\u00f5es Zero","Mercados De Carbono","Precifica\u00e7\u00e3o De Carbono","Sustentabilidade Clim\u00e1tica","Tend\u00eancias Clim\u00e1ticas"],"articleSection":["Energias Renov\u00e1veis","Dr Genilson Santana"],"inLanguage":"pt-BR","potentialAction":[{"@type":"CommentAction","name":"Comment","target":["https:\/\/gsantana2005.net\/index.php\/2023\/12\/02\/o-papel-vital-da-precificacao-de-carbono-no-combate-as-mudancas-climaticas\/#respond"]}]},{"@type":"WebPage","@id":"https:\/\/gsantana2005.net\/index.php\/2023\/12\/02\/o-papel-vital-da-precificacao-de-carbono-no-combate-as-mudancas-climaticas\/","url":"https:\/\/gsantana2005.net\/index.php\/2023\/12\/02\/o-papel-vital-da-precificacao-de-carbono-no-combate-as-mudancas-climaticas\/","name":"O Papel Vital da Precifica\u00e7\u00e3o de Carbono no Combate \u00e0s Mudan\u00e7as Clim\u00e1ticas - gsantana2005","isPartOf":{"@id":"https:\/\/gsantana2005.net\/#website"},"primaryImageOfPage":{"@id":"https:\/\/gsantana2005.net\/index.php\/2023\/12\/02\/o-papel-vital-da-precificacao-de-carbono-no-combate-as-mudancas-climaticas\/#primaryimage"},"image":{"@id":"https:\/\/gsantana2005.net\/index.php\/2023\/12\/02\/o-papel-vital-da-precificacao-de-carbono-no-combate-as-mudancas-climaticas\/#primaryimage"},"thumbnailUrl":"https:\/\/gsantana2005.net\/wp-content\/uploads\/2023\/12\/credito-de-carbono.jpg","datePublished":"2023-12-02T13:04:57+00:00","dateModified":"2024-02-04T22:05:44+00:00","description":"O Papel Vital da Precifica\u00e7\u00e3o de Carbono no Combate \u00e0s Mudan\u00e7as Clim\u00e1ticas mostra de uma maneira simples como funciona o cr\u00e9dito de carbono","breadcrumb":{"@id":"https:\/\/gsantana2005.net\/index.php\/2023\/12\/02\/o-papel-vital-da-precificacao-de-carbono-no-combate-as-mudancas-climaticas\/#breadcrumb"},"inLanguage":"pt-BR","potentialAction":[{"@type":"ReadAction","target":["https:\/\/gsantana2005.net\/index.php\/2023\/12\/02\/o-papel-vital-da-precificacao-de-carbono-no-combate-as-mudancas-climaticas\/"]}]},{"@type":"ImageObject","inLanguage":"pt-BR","@id":"https:\/\/gsantana2005.net\/index.php\/2023\/12\/02\/o-papel-vital-da-precificacao-de-carbono-no-combate-as-mudancas-climaticas\/#primaryimage","url":"https:\/\/gsantana2005.net\/wp-content\/uploads\/2023\/12\/credito-de-carbono.jpg","contentUrl":"https:\/\/gsantana2005.net\/wp-content\/uploads\/2023\/12\/credito-de-carbono.jpg","width":1600,"height":700,"caption":"cr\u00e9dito de carbono"},{"@type":"BreadcrumbList","@id":"https:\/\/gsantana2005.net\/index.php\/2023\/12\/02\/o-papel-vital-da-precificacao-de-carbono-no-combate-as-mudancas-climaticas\/#breadcrumb","itemListElement":[{"@type":"ListItem","position":1,"name":"Home","item":"https:\/\/gsantana2005.net\/"},{"@type":"ListItem","position":2,"name":"O Papel Vital da Precifica\u00e7\u00e3o de Carbono no Combate \u00e0s Mudan\u00e7as Clim\u00e1ticas"}]},{"@type":"WebSite","@id":"https:\/\/gsantana2005.net\/#website","url":"https:\/\/gsantana2005.net\/","name":"gsantana2005","description":"Sejamos sustent\u00e1veis","publisher":{"@id":"https:\/\/gsantana2005.net\/#organization"},"potentialAction":[{"@type":"SearchAction","target":{"@type":"EntryPoint","urlTemplate":"https:\/\/gsantana2005.net\/?s={search_term_string}"},"query-input":{"@type":"PropertyValueSpecification","valueRequired":true,"valueName":"search_term_string"}}],"inLanguage":"pt-BR"},{"@type":"Organization","@id":"https:\/\/gsantana2005.net\/#organization","name":"gsantana2005","url":"https:\/\/gsantana2005.net\/","logo":{"@type":"ImageObject","inLanguage":"pt-BR","@id":"https:\/\/gsantana2005.net\/#\/schema\/logo\/image\/","url":"https:\/\/gsantana2005.net\/wp-content\/uploads\/2023\/06\/cropped-Gs-sem-fundo.jpg","contentUrl":"https:\/\/gsantana2005.net\/wp-content\/uploads\/2023\/06\/cropped-Gs-sem-fundo.jpg","width":100,"height":100,"caption":"gsantana2005"},"image":{"@id":"https:\/\/gsantana2005.net\/#\/schema\/logo\/image\/"}},{"@type":"Person","@id":"https:\/\/gsantana2005.net\/#\/schema\/person\/78c90c6f49a46ef4c8e69bafec347cb7","name":"gsantana2005","image":{"@type":"ImageObject","inLanguage":"pt-BR","@id":"https:\/\/gsantana2005.net\/#\/schema\/person\/image\/","url":"https:\/\/secure.gravatar.com\/avatar\/db3aa311fa8063e1f4df6b2da249929f?s=96&d=mm&r=g","contentUrl":"https:\/\/secure.gravatar.com\/avatar\/db3aa311fa8063e1f4df6b2da249929f?s=96&d=mm&r=g","caption":"gsantana2005"},"sameAs":["http:\/\/gsantana2005.net"],"url":"https:\/\/gsantana2005.net\/author\/gsantana2005\/"}]}},"amp_enabled":true,"_links":{"self":[{"href":"https:\/\/gsantana2005.net\/index.php\/wp-json\/wp\/v2\/posts\/885"}],"collection":[{"href":"https:\/\/gsantana2005.net\/index.php\/wp-json\/wp\/v2\/posts"}],"about":[{"href":"https:\/\/gsantana2005.net\/index.php\/wp-json\/wp\/v2\/types\/post"}],"author":[{"embeddable":true,"href":"https:\/\/gsantana2005.net\/index.php\/wp-json\/wp\/v2\/users\/1"}],"replies":[{"embeddable":true,"href":"https:\/\/gsantana2005.net\/index.php\/wp-json\/wp\/v2\/comments?post=885"}],"version-history":[{"count":1,"href":"https:\/\/gsantana2005.net\/index.php\/wp-json\/wp\/v2\/posts\/885\/revisions"}],"predecessor-version":[{"id":889,"href":"https:\/\/gsantana2005.net\/index.php\/wp-json\/wp\/v2\/posts\/885\/revisions\/889"}],"wp:featuredmedia":[{"embeddable":true,"href":"https:\/\/gsantana2005.net\/index.php\/wp-json\/wp\/v2\/media\/888"}],"wp:attachment":[{"href":"https:\/\/gsantana2005.net\/index.php\/wp-json\/wp\/v2\/media?parent=885"}],"wp:term":[{"taxonomy":"category","embeddable":true,"href":"https:\/\/gsantana2005.net\/index.php\/wp-json\/wp\/v2\/categories?post=885"},{"taxonomy":"post_tag","embeddable":true,"href":"https:\/\/gsantana2005.net\/index.php\/wp-json\/wp\/v2\/tags?post=885"}],"curies":[{"name":"wp","href":"https:\/\/api.w.org\/{rel}","templated":true}]}}