{"id":894,"date":"2023-12-05T19:40:18","date_gmt":"2023-12-05T19:40:18","guid":{"rendered":"https:\/\/gsantana2005.net\/?p=894"},"modified":"2024-02-03T22:00:58","modified_gmt":"2024-02-03T22:00:58","slug":"sustentabilidade-ambiental-o-caminho-para-um-futuro-equilibrado","status":"publish","type":"post","link":"https:\/\/gsantana2005.net\/index.php\/2023\/12\/05\/sustentabilidade-ambiental-o-caminho-para-um-futuro-equilibrado\/","title":{"rendered":"Sustentabilidade Ambiental: O Caminho para um Futuro Equilibrado"},"content":{"rendered":"\n<p><strong>Sustentabilidade Ambiental: O Caminho para um Futuro Equilibrado mostra para voc\u00ea como alcan\u00e7ar a sustentabilidade<\/strong>. Ent\u00e3o, nos \u00faltimos anos, o termo sustentabilidade ambiental tem ganhado destaque em discuss\u00f5es globais, mas voc\u00ea realmente compreende o que significa? Assim, a sustentabilidade, em sua ess\u00eancia, refere-se \u00e0 capacidade de manter um sistema ao longo do tempo, aplicando a\u00e7\u00f5es que preservem os recursos e atributos de uma determinada \u00e1rea. Nesse contexto, destacamos a sustentabilidade ambiental, focando na responsabilidade da sociedade em preservar os recursos naturais e proteger os ecossistemas globais.<\/p>\n\n\n\n<p>Os recursos naturais, provenientes da natureza e utilizados pelo homem, compreendem elementos essenciais como \u00e1gua, vento, luz solar, ar, florestas, min\u00e9rios e solo. A sustentabilidade ambiental, portanto, refere-se \u00e0 utiliza\u00e7\u00e3o respons\u00e1vel desses recursos, garantindo a manuten\u00e7\u00e3o do equil\u00edbrio do meio ambiente para as gera\u00e7\u00f5es presentes e futuras.<\/p>\n\n\n\n<h2 class=\"wp-block-heading\">A Import\u00e2ncia Crucial da Sustentabilidade Ambiental<\/h2>\n\n\n\n<p>Em uma era de crescimento populacional exponencial, observamos um aumento no uso de recursos naturais, expans\u00e3o da agricultura e pecu\u00e1ria, resultando em emiss\u00f5es significativas de gases de efeito estufa, desmatamento e destrui\u00e7\u00e3o de \u00e1reas florestais. O avan\u00e7o da ind\u00fastria e da tecnologia impulsiona a necessidade de mais energia, mas isso levanta a quest\u00e3o fundamental: como manter o desenvolvimento sem prejudicar o meio ambiente?<\/p>\n\n\n\n<p>As consequ\u00eancias do aquecimento global j\u00e1 s\u00e3o vis\u00edveis em diversos ecossistemas e comunidades ao redor do mundo. Portanto, torna-se imperativo que empresas adotem pr\u00e1ticas ambientalmente sustent\u00e1veis, como o uso de energia limpa, e que cada indiv\u00edduo contribua para a preserva\u00e7\u00e3o do meio ambiente.<\/p>\n\n\n\n<h2 class=\"wp-block-heading\">Contribui\u00e7\u00f5es Individuais para a Sustentabilidade Ambiental<\/h2>\n\n\n\n<p>A responsabilidade n\u00e3o recai apenas sobre grandes empresas, mas tamb\u00e9m sobre cada um de n\u00f3s. Desde pr\u00e1ticas corporativas at\u00e9 a\u00e7\u00f5es cotidianas, cada indiv\u00edduo pode fazer a diferen\u00e7a. Pequenas atitudes, como a separa\u00e7\u00e3o de lixo recicl\u00e1vel, a utiliza\u00e7\u00e3o de energia solar e a economia de \u00e1gua, acumulam um impacto positivo no planeta.<\/p>\n\n\n\n<h2 class=\"wp-block-heading\">Como Podemos Contribuir para a Sustentabilidade Ambiental?<\/h2>\n\n\n\n<p>Repensar h\u00e1bitos de consumo, evitar desperd\u00edcios, reduzir o uso de embalagens descart\u00e1veis e praticar a reciclagem s\u00e3o passos essenciais. Al\u00e9m disso, reutilizar materiais, utilizar transporte p\u00fablico, evitar o desperd\u00edcio de \u00e1gua e adotar a energia solar s\u00e3o a\u00e7\u00f5es que todos podem incorporar em suas vidas di\u00e1rias.<\/p>\n\n\n\n<h2 class=\"wp-block-heading\">Energia Limpa: O Pilar da Sustentabilidade Ambiental<\/h2>\n\n\n\n<p>A energia limpa desempenha um papel crucial na preserva\u00e7\u00e3o do meio ambiente. Ao contr\u00e1rio de fontes tradicionais, como hidrel\u00e9tricas e usinas a carv\u00e3o, a energia limpa \u00e9 originada de fontes renov\u00e1veis, como a energia solar fotovoltaica e e\u00f3lica. Essas fontes n\u00e3o apenas fornecem energia de forma sustent\u00e1vel, mas tamb\u00e9m evitam impactos negativos no meio ambiente.<\/p>\n\n\n\n<h2 class=\"wp-block-heading\">Energia Solar Fotovoltaica: Uma Escolha Sustent\u00e1vel<\/h2>\n\n\n\n<p>Dentre as op\u00e7\u00f5es de energia limpa, a energia solar fotovoltaica destaca-se como uma escolha cada vez mais popular. Essa tecnologia utiliza a luz do sol para gerar eletricidade, sem gerar polui\u00e7\u00e3o ou esgotar recursos naturais. A crescente ado\u00e7\u00e3o da energia solar fotovoltaica ao redor do mundo destaca a import\u00e2ncia de afastar-se de fontes tradicionais prejudiciais ao meio ambiente.<\/p>\n\n\n\n<h2 class=\"wp-block-heading\">Conclus\u00e3o: Um Futuro Sustent\u00e1vel \u00e9 Responsabilidade de Todos<\/h2>\n\n\n\n<p>Em um mundo onde as mudan\u00e7as clim\u00e1ticas e a degrada\u00e7\u00e3o ambiental s\u00e3o realidades ineg\u00e1veis, a sustentabilidade ambiental torna-se uma responsabilidade coletiva. Desde pr\u00e1ticas individuais at\u00e9 decis\u00f5es empresariais, cada a\u00e7\u00e3o contribui para moldar o futuro do nosso planeta.<\/p>\n\n\n\n<p>A ado\u00e7\u00e3o de pr\u00e1ticas sustent\u00e1veis, como o uso de energia limpa, n\u00e3o \u00e9 apenas uma escolha \u00e9tica, mas uma necessidade imperativa. A energia solar fotovoltaica emerge como uma solu\u00e7\u00e3o vi\u00e1vel e acess\u00edvel, colocando-nos no caminho para um futuro mais verde e sustent\u00e1vel.<\/p>\n\n\n\n<p>Portanto, ao refletir sobre sustentabilidade ambiental, n\u00e3o se trata apenas de uma tend\u00eancia passageira, mas de um compromisso duradouro com a preserva\u00e7\u00e3o do nosso planeta para as gera\u00e7\u00f5es vindouras. Cabe a cada um de n\u00f3s fazer escolhas conscientes e agir agora para garantir um amanh\u00e3 sustent\u00e1vel.<\/p>\n\n\n\n<h2 class=\"wp-block-heading\">Convite especial para voc\u00ea<\/h2>\n\n\n\n<p>Depois deste artigo\u00a0Sustentabilidade Ambiental: O Caminho para um Futuro Equilibrado\u00a0acredito que queira saber mais de nossa contribui\u00e7\u00e3o na \u00e1rea ambiental. N\u00e3o fique inibido entre em contato:\u00a0<a href=\"mailto:gsantana2005@gmail.com\">gsantana2005@gmail.com<\/a>\u00a0veja o nosso\u00a0<a href=\"https:\/\/www.instagram.com\/genilsonpereirasantana1\/\" rel=\"nofollow noopener\" target=\"_blank\">Instagram<\/a><\/p>\n\n\n\n<p>Al\u00e9m disso, j\u00e1 que voc\u00ea chegou at\u00e9 aqui descubra mais sobre n\u00f3s artigos abaixo:<\/p>\n\n\n\n<ul class=\"wp-block-list\">\n<li><a href=\"https:\/\/gsantana2005.net\/index.php\/2023\/11\/30\/desbloqueando-o-valor-oculto-reciclando-o-pequeno-para-um-grande-impacto\/\" target=\"_blank\" rel=\"noreferrer noopener\">Desbloqueando o valor oculto: Reciclando o pequeno para um grande impacto<\/a><\/li>\n\n\n\n<li><a href=\"https:\/\/gsantana2005.net\/index.php\/2023\/12\/05\/o-verdadeiro-impacto-do-esg-nas-decisao-corporativas\/\" target=\"_blank\" rel=\"noreferrer noopener\">O verdadeiro impacto do ESG nas decis\u00e3o corporativas<\/a><\/li>\n\n\n\n<li><a href=\"https:\/\/gsantana2005.net\/index.php\/2023\/11\/29\/reduza-a-pegada-de-carbono-digital-da-sua-empresa-rumo-a-um-futuro-sustentavel\/\" target=\"_blank\" rel=\"noreferrer noopener\">Reduza a Pegada de Carbono Digital da sua Empresa: Rumo a um Futuro Sustent\u00e1vel<\/a><\/li>\n\n\n\n<li><a href=\"https:\/\/gsantana2005.net\/index.php\/2023\/11\/28\/navegando-na-controversia-da-acao-climatica-global-da-cop28-de-dubai\/\" target=\"_blank\" rel=\"noreferrer noopener\">Navegando na controv\u00e9rsia da A\u00e7\u00e3o Clim\u00e1tica Global da COP28 de Dubai<\/a><\/li>\n\n\n\n<li><a href=\"https:\/\/gsantana2005.net\/index.php\/2023\/11\/28\/rascunho-automaticodespedindo-se-dos-plasticos-descartaveis-o-futuro-sustentavel-das-embalagens-de-celulose\/\">Despedindo-se dos Pl\u00e1sticos Descart\u00e1veis: O Futuro Sustent\u00e1vel das Embalagens de Celulose!<\/a><\/li>\n<\/ul>\n\n\n\n<p>Ent\u00e3o, conhe\u00e7a tamb\u00e9m nossos cursos sobre&nbsp;<a href=\"https:\/\/gsantana2005.net\/index.php\/2023\/07\/21\/gestao-de-residuos\/\">Gest\u00e3o de res\u00edduos<\/a>&nbsp;e&nbsp;<a href=\"https:\/\/gsantana2005.net\/index.php\/2023\/08\/08\/tratamento-de-efluentes\/\">Tratamento de efluentes<\/a>. Maiores informa\u00e7\u00f5es:&nbsp;<a href=\"mailto:gsantana2005@gmail.com\">gsantana2005@gmail.com<\/a>&nbsp;ou 92 991227158 (WhatsApp)<\/p>\n","protected":false},"excerpt":{"rendered":"<p>Sustentabilidade Ambiental: O Caminho para um Futuro Equilibrado mostra para voc\u00ea como alcan\u00e7ar a sustentabilidade. Ent\u00e3o, nos \u00faltimos anos, o termo sustentabilidade ambiental tem ganhado destaque em discuss\u00f5es globais, mas voc\u00ea realmente compreende o que significa? Assim, a sustentabilidade, em sua ess\u00eancia, refere-se \u00e0 capacidade de manter um sistema ao longo do tempo, aplicando a\u00e7\u00f5es [&hellip;]<\/p>\n","protected":false},"author":1,"featured_media":506,"comment_status":"open","ping_status":"closed","sticky":false,"template":"","format":"standard","meta":{"om_disable_all_campaigns":false,"_monsterinsights_skip_tracking":false,"_monsterinsights_sitenote_active":false,"_monsterinsights_sitenote_note":"","_monsterinsights_sitenote_category":0,"footnotes":"","_links_to":"","_links_to_target":""},"categories":[3,273],"tags":[443,446,448,426,447,444,445,285],"class_list":["post-894","post","type-post","status-publish","format-standard","has-post-thumbnail","hentry","category-genilson-pereira-santana","category-economia-de-recursos","tag-futuro-equilibrado","tag-adote-praticas-sustentaveis","tag-compromisso-com-o-planeta","tag-energia-limpa","tag-energia-solar","tag-preservacao-ambiental","tag-responsabilidade-coletiva","tag-sustentabilidade-ambiental"],"aioseo_notices":[],"yoast_head":"<!-- This site is optimized with the Yoast SEO plugin v24.5 - https:\/\/yoast.com\/wordpress\/plugins\/seo\/ -->\n<title>Sustentabilidade Ambiental: O Caminho para um Futuro Equilibrado - gsantana2005<\/title>\n<meta name=\"description\" content=\"Sustentabilidade Ambiental: O Caminho para um Futuro Equilibrado mostra para voc\u00ea como alcan\u00e7ar a sustentabilidade\" \/>\n<meta name=\"robots\" content=\"index, follow, max-snippet:-1, max-image-preview:large, max-video-preview:-1\" \/>\n<link rel=\"canonical\" href=\"https:\/\/gsantana2005.net\/index.php\/2023\/12\/05\/sustentabilidade-ambiental-o-caminho-para-um-futuro-equilibrado\/\" \/>\n<meta property=\"og:locale\" content=\"pt_BR\" \/>\n<meta property=\"og:type\" content=\"article\" \/>\n<meta property=\"og:title\" content=\"Sustentabilidade Ambiental: O Caminho para um Futuro Equilibrado - gsantana2005\" \/>\n<meta property=\"og:description\" content=\"Sustentabilidade Ambiental: O Caminho para um Futuro Equilibrado mostra para voc\u00ea como alcan\u00e7ar a sustentabilidade\" \/>\n<meta property=\"og:url\" content=\"https:\/\/gsantana2005.net\/index.php\/2023\/12\/05\/sustentabilidade-ambiental-o-caminho-para-um-futuro-equilibrado\/\" \/>\n<meta property=\"og:site_name\" content=\"gsantana2005\" \/>\n<meta property=\"article:published_time\" content=\"2023-12-05T19:40:18+00:00\" \/>\n<meta property=\"article:modified_time\" content=\"2024-02-03T22:00:58+00:00\" \/>\n<meta property=\"og:image\" content=\"http:\/\/gsantana2005.net\/wp-content\/uploads\/2023\/06\/aquecimento-global1-scaled.jpg\" \/>\n\t<meta property=\"og:image:width\" content=\"2560\" \/>\n\t<meta property=\"og:image:height\" content=\"1707\" \/>\n\t<meta property=\"og:image:type\" content=\"image\/jpeg\" \/>\n<meta name=\"author\" content=\"gsantana2005\" \/>\n<meta name=\"twitter:card\" content=\"summary_large_image\" \/>\n<meta name=\"twitter:label1\" content=\"Escrito por\" \/>\n\t<meta name=\"twitter:data1\" content=\"gsantana2005\" \/>\n\t<meta name=\"twitter:label2\" content=\"Est. tempo de leitura\" \/>\n\t<meta name=\"twitter:data2\" content=\"5 minutos\" \/>\n<script type=\"application\/ld+json\" class=\"yoast-schema-graph\">{\"@context\":\"https:\/\/schema.org\",\"@graph\":[{\"@type\":\"Article\",\"@id\":\"https:\/\/gsantana2005.net\/index.php\/2023\/12\/05\/sustentabilidade-ambiental-o-caminho-para-um-futuro-equilibrado\/#article\",\"isPartOf\":{\"@id\":\"https:\/\/gsantana2005.net\/index.php\/2023\/12\/05\/sustentabilidade-ambiental-o-caminho-para-um-futuro-equilibrado\/\"},\"author\":{\"name\":\"gsantana2005\",\"@id\":\"https:\/\/gsantana2005.net\/#\/schema\/person\/78c90c6f49a46ef4c8e69bafec347cb7\"},\"headline\":\"Sustentabilidade Ambiental: O Caminho para um Futuro Equilibrado\",\"datePublished\":\"2023-12-05T19:40:18+00:00\",\"dateModified\":\"2024-02-03T22:00:58+00:00\",\"mainEntityOfPage\":{\"@id\":\"https:\/\/gsantana2005.net\/index.php\/2023\/12\/05\/sustentabilidade-ambiental-o-caminho-para-um-futuro-equilibrado\/\"},\"wordCount\":853,\"commentCount\":0,\"publisher\":{\"@id\":\"https:\/\/gsantana2005.net\/#organization\"},\"image\":{\"@id\":\"https:\/\/gsantana2005.net\/index.php\/2023\/12\/05\/sustentabilidade-ambiental-o-caminho-para-um-futuro-equilibrado\/#primaryimage\"},\"thumbnailUrl\":\"https:\/\/gsantana2005.net\/wp-content\/uploads\/2023\/06\/aquecimento-global1-scaled.jpg\",\"keywords\":[\"#Futuro Equilibrado\",\"Adote Praticas Sustentaveis\",\"Compromisso Com O Planeta\",\"Energia Limpa\",\"Energia Solar\",\"Preservacao Ambiental\",\"Responsabilidade Coletiva\",\"Sustentabilidade Ambiental\"],\"articleSection\":[\"Dr Genilson Santana\",\"Economia de Recursos\"],\"inLanguage\":\"pt-BR\",\"potentialAction\":[{\"@type\":\"CommentAction\",\"name\":\"Comment\",\"target\":[\"https:\/\/gsantana2005.net\/index.php\/2023\/12\/05\/sustentabilidade-ambiental-o-caminho-para-um-futuro-equilibrado\/#respond\"]}]},{\"@type\":\"WebPage\",\"@id\":\"https:\/\/gsantana2005.net\/index.php\/2023\/12\/05\/sustentabilidade-ambiental-o-caminho-para-um-futuro-equilibrado\/\",\"url\":\"https:\/\/gsantana2005.net\/index.php\/2023\/12\/05\/sustentabilidade-ambiental-o-caminho-para-um-futuro-equilibrado\/\",\"name\":\"Sustentabilidade Ambiental: O Caminho para um Futuro Equilibrado - gsantana2005\",\"isPartOf\":{\"@id\":\"https:\/\/gsantana2005.net\/#website\"},\"primaryImageOfPage\":{\"@id\":\"https:\/\/gsantana2005.net\/index.php\/2023\/12\/05\/sustentabilidade-ambiental-o-caminho-para-um-futuro-equilibrado\/#primaryimage\"},\"image\":{\"@id\":\"https:\/\/gsantana2005.net\/index.php\/2023\/12\/05\/sustentabilidade-ambiental-o-caminho-para-um-futuro-equilibrado\/#primaryimage\"},\"thumbnailUrl\":\"https:\/\/gsantana2005.net\/wp-content\/uploads\/2023\/06\/aquecimento-global1-scaled.jpg\",\"datePublished\":\"2023-12-05T19:40:18+00:00\",\"dateModified\":\"2024-02-03T22:00:58+00:00\",\"description\":\"Sustentabilidade Ambiental: O Caminho para um Futuro Equilibrado mostra para voc\u00ea como alcan\u00e7ar a sustentabilidade\",\"breadcrumb\":{\"@id\":\"https:\/\/gsantana2005.net\/index.php\/2023\/12\/05\/sustentabilidade-ambiental-o-caminho-para-um-futuro-equilibrado\/#breadcrumb\"},\"inLanguage\":\"pt-BR\",\"potentialAction\":[{\"@type\":\"ReadAction\",\"target\":[\"https:\/\/gsantana2005.net\/index.php\/2023\/12\/05\/sustentabilidade-ambiental-o-caminho-para-um-futuro-equilibrado\/\"]}]},{\"@type\":\"ImageObject\",\"inLanguage\":\"pt-BR\",\"@id\":\"https:\/\/gsantana2005.net\/index.php\/2023\/12\/05\/sustentabilidade-ambiental-o-caminho-para-um-futuro-equilibrado\/#primaryimage\",\"url\":\"https:\/\/gsantana2005.net\/wp-content\/uploads\/2023\/06\/aquecimento-global1-scaled.jpg\",\"contentUrl\":\"https:\/\/gsantana2005.net\/wp-content\/uploads\/2023\/06\/aquecimento-global1-scaled.jpg\",\"width\":2560,\"height\":1707,\"caption\":\"Aquecimento global\"},{\"@type\":\"BreadcrumbList\",\"@id\":\"https:\/\/gsantana2005.net\/index.php\/2023\/12\/05\/sustentabilidade-ambiental-o-caminho-para-um-futuro-equilibrado\/#breadcrumb\",\"itemListElement\":[{\"@type\":\"ListItem\",\"position\":1,\"name\":\"Home\",\"item\":\"https:\/\/gsantana2005.net\/\"},{\"@type\":\"ListItem\",\"position\":2,\"name\":\"Sustentabilidade Ambiental: O Caminho para um Futuro Equilibrado\"}]},{\"@type\":\"WebSite\",\"@id\":\"https:\/\/gsantana2005.net\/#website\",\"url\":\"https:\/\/gsantana2005.net\/\",\"name\":\"gsantana2005\",\"description\":\"Sejamos sustent\u00e1veis\",\"publisher\":{\"@id\":\"https:\/\/gsantana2005.net\/#organization\"},\"potentialAction\":[{\"@type\":\"SearchAction\",\"target\":{\"@type\":\"EntryPoint\",\"urlTemplate\":\"https:\/\/gsantana2005.net\/?s={search_term_string}\"},\"query-input\":{\"@type\":\"PropertyValueSpecification\",\"valueRequired\":true,\"valueName\":\"search_term_string\"}}],\"inLanguage\":\"pt-BR\"},{\"@type\":\"Organization\",\"@id\":\"https:\/\/gsantana2005.net\/#organization\",\"name\":\"gsantana2005\",\"url\":\"https:\/\/gsantana2005.net\/\",\"logo\":{\"@type\":\"ImageObject\",\"inLanguage\":\"pt-BR\",\"@id\":\"https:\/\/gsantana2005.net\/#\/schema\/logo\/image\/\",\"url\":\"https:\/\/gsantana2005.net\/wp-content\/uploads\/2023\/06\/cropped-Gs-sem-fundo.jpg\",\"contentUrl\":\"https:\/\/gsantana2005.net\/wp-content\/uploads\/2023\/06\/cropped-Gs-sem-fundo.jpg\",\"width\":100,\"height\":100,\"caption\":\"gsantana2005\"},\"image\":{\"@id\":\"https:\/\/gsantana2005.net\/#\/schema\/logo\/image\/\"}},{\"@type\":\"Person\",\"@id\":\"https:\/\/gsantana2005.net\/#\/schema\/person\/78c90c6f49a46ef4c8e69bafec347cb7\",\"name\":\"gsantana2005\",\"image\":{\"@type\":\"ImageObject\",\"inLanguage\":\"pt-BR\",\"@id\":\"https:\/\/gsantana2005.net\/#\/schema\/person\/image\/\",\"url\":\"https:\/\/secure.gravatar.com\/avatar\/db3aa311fa8063e1f4df6b2da249929f?s=96&d=mm&r=g\",\"contentUrl\":\"https:\/\/secure.gravatar.com\/avatar\/db3aa311fa8063e1f4df6b2da249929f?s=96&d=mm&r=g\",\"caption\":\"gsantana2005\"},\"sameAs\":[\"http:\/\/gsantana2005.net\"],\"url\":\"https:\/\/gsantana2005.net\/author\/gsantana2005\/\"}]}<\/script>\n<!-- \/ Yoast SEO plugin. -->","yoast_head_json":{"title":"Sustentabilidade Ambiental: O Caminho para um Futuro Equilibrado - gsantana2005","description":"Sustentabilidade Ambiental: O Caminho para um Futuro Equilibrado mostra para voc\u00ea como alcan\u00e7ar a sustentabilidade","robots":{"index":"index","follow":"follow","max-snippet":"max-snippet:-1","max-image-preview":"max-image-preview:large","max-video-preview":"max-video-preview:-1"},"canonical":"https:\/\/gsantana2005.net\/index.php\/2023\/12\/05\/sustentabilidade-ambiental-o-caminho-para-um-futuro-equilibrado\/","og_locale":"pt_BR","og_type":"article","og_title":"Sustentabilidade Ambiental: O Caminho para um Futuro Equilibrado - gsantana2005","og_description":"Sustentabilidade Ambiental: O Caminho para um Futuro Equilibrado mostra para voc\u00ea como alcan\u00e7ar a sustentabilidade","og_url":"https:\/\/gsantana2005.net\/index.php\/2023\/12\/05\/sustentabilidade-ambiental-o-caminho-para-um-futuro-equilibrado\/","og_site_name":"gsantana2005","article_published_time":"2023-12-05T19:40:18+00:00","article_modified_time":"2024-02-03T22:00:58+00:00","og_image":[{"width":2560,"height":1707,"url":"http:\/\/gsantana2005.net\/wp-content\/uploads\/2023\/06\/aquecimento-global1-scaled.jpg","type":"image\/jpeg"}],"author":"gsantana2005","twitter_card":"summary_large_image","twitter_misc":{"Escrito por":"gsantana2005","Est. tempo de leitura":"5 minutos"},"schema":{"@context":"https:\/\/schema.org","@graph":[{"@type":"Article","@id":"https:\/\/gsantana2005.net\/index.php\/2023\/12\/05\/sustentabilidade-ambiental-o-caminho-para-um-futuro-equilibrado\/#article","isPartOf":{"@id":"https:\/\/gsantana2005.net\/index.php\/2023\/12\/05\/sustentabilidade-ambiental-o-caminho-para-um-futuro-equilibrado\/"},"author":{"name":"gsantana2005","@id":"https:\/\/gsantana2005.net\/#\/schema\/person\/78c90c6f49a46ef4c8e69bafec347cb7"},"headline":"Sustentabilidade Ambiental: O Caminho para um Futuro Equilibrado","datePublished":"2023-12-05T19:40:18+00:00","dateModified":"2024-02-03T22:00:58+00:00","mainEntityOfPage":{"@id":"https:\/\/gsantana2005.net\/index.php\/2023\/12\/05\/sustentabilidade-ambiental-o-caminho-para-um-futuro-equilibrado\/"},"wordCount":853,"commentCount":0,"publisher":{"@id":"https:\/\/gsantana2005.net\/#organization"},"image":{"@id":"https:\/\/gsantana2005.net\/index.php\/2023\/12\/05\/sustentabilidade-ambiental-o-caminho-para-um-futuro-equilibrado\/#primaryimage"},"thumbnailUrl":"https:\/\/gsantana2005.net\/wp-content\/uploads\/2023\/06\/aquecimento-global1-scaled.jpg","keywords":["#Futuro Equilibrado","Adote Praticas Sustentaveis","Compromisso Com O Planeta","Energia Limpa","Energia Solar","Preservacao Ambiental","Responsabilidade Coletiva","Sustentabilidade Ambiental"],"articleSection":["Dr Genilson Santana","Economia de Recursos"],"inLanguage":"pt-BR","potentialAction":[{"@type":"CommentAction","name":"Comment","target":["https:\/\/gsantana2005.net\/index.php\/2023\/12\/05\/sustentabilidade-ambiental-o-caminho-para-um-futuro-equilibrado\/#respond"]}]},{"@type":"WebPage","@id":"https:\/\/gsantana2005.net\/index.php\/2023\/12\/05\/sustentabilidade-ambiental-o-caminho-para-um-futuro-equilibrado\/","url":"https:\/\/gsantana2005.net\/index.php\/2023\/12\/05\/sustentabilidade-ambiental-o-caminho-para-um-futuro-equilibrado\/","name":"Sustentabilidade Ambiental: O Caminho para um Futuro Equilibrado - gsantana2005","isPartOf":{"@id":"https:\/\/gsantana2005.net\/#website"},"primaryImageOfPage":{"@id":"https:\/\/gsantana2005.net\/index.php\/2023\/12\/05\/sustentabilidade-ambiental-o-caminho-para-um-futuro-equilibrado\/#primaryimage"},"image":{"@id":"https:\/\/gsantana2005.net\/index.php\/2023\/12\/05\/sustentabilidade-ambiental-o-caminho-para-um-futuro-equilibrado\/#primaryimage"},"thumbnailUrl":"https:\/\/gsantana2005.net\/wp-content\/uploads\/2023\/06\/aquecimento-global1-scaled.jpg","datePublished":"2023-12-05T19:40:18+00:00","dateModified":"2024-02-03T22:00:58+00:00","description":"Sustentabilidade Ambiental: O Caminho para um Futuro Equilibrado mostra para voc\u00ea como alcan\u00e7ar a sustentabilidade","breadcrumb":{"@id":"https:\/\/gsantana2005.net\/index.php\/2023\/12\/05\/sustentabilidade-ambiental-o-caminho-para-um-futuro-equilibrado\/#breadcrumb"},"inLanguage":"pt-BR","potentialAction":[{"@type":"ReadAction","target":["https:\/\/gsantana2005.net\/index.php\/2023\/12\/05\/sustentabilidade-ambiental-o-caminho-para-um-futuro-equilibrado\/"]}]},{"@type":"ImageObject","inLanguage":"pt-BR","@id":"https:\/\/gsantana2005.net\/index.php\/2023\/12\/05\/sustentabilidade-ambiental-o-caminho-para-um-futuro-equilibrado\/#primaryimage","url":"https:\/\/gsantana2005.net\/wp-content\/uploads\/2023\/06\/aquecimento-global1-scaled.jpg","contentUrl":"https:\/\/gsantana2005.net\/wp-content\/uploads\/2023\/06\/aquecimento-global1-scaled.jpg","width":2560,"height":1707,"caption":"Aquecimento global"},{"@type":"BreadcrumbList","@id":"https:\/\/gsantana2005.net\/index.php\/2023\/12\/05\/sustentabilidade-ambiental-o-caminho-para-um-futuro-equilibrado\/#breadcrumb","itemListElement":[{"@type":"ListItem","position":1,"name":"Home","item":"https:\/\/gsantana2005.net\/"},{"@type":"ListItem","position":2,"name":"Sustentabilidade Ambiental: O Caminho para um Futuro Equilibrado"}]},{"@type":"WebSite","@id":"https:\/\/gsantana2005.net\/#website","url":"https:\/\/gsantana2005.net\/","name":"gsantana2005","description":"Sejamos sustent\u00e1veis","publisher":{"@id":"https:\/\/gsantana2005.net\/#organization"},"potentialAction":[{"@type":"SearchAction","target":{"@type":"EntryPoint","urlTemplate":"https:\/\/gsantana2005.net\/?s={search_term_string}"},"query-input":{"@type":"PropertyValueSpecification","valueRequired":true,"valueName":"search_term_string"}}],"inLanguage":"pt-BR"},{"@type":"Organization","@id":"https:\/\/gsantana2005.net\/#organization","name":"gsantana2005","url":"https:\/\/gsantana2005.net\/","logo":{"@type":"ImageObject","inLanguage":"pt-BR","@id":"https:\/\/gsantana2005.net\/#\/schema\/logo\/image\/","url":"https:\/\/gsantana2005.net\/wp-content\/uploads\/2023\/06\/cropped-Gs-sem-fundo.jpg","contentUrl":"https:\/\/gsantana2005.net\/wp-content\/uploads\/2023\/06\/cropped-Gs-sem-fundo.jpg","width":100,"height":100,"caption":"gsantana2005"},"image":{"@id":"https:\/\/gsantana2005.net\/#\/schema\/logo\/image\/"}},{"@type":"Person","@id":"https:\/\/gsantana2005.net\/#\/schema\/person\/78c90c6f49a46ef4c8e69bafec347cb7","name":"gsantana2005","image":{"@type":"ImageObject","inLanguage":"pt-BR","@id":"https:\/\/gsantana2005.net\/#\/schema\/person\/image\/","url":"https:\/\/secure.gravatar.com\/avatar\/db3aa311fa8063e1f4df6b2da249929f?s=96&d=mm&r=g","contentUrl":"https:\/\/secure.gravatar.com\/avatar\/db3aa311fa8063e1f4df6b2da249929f?s=96&d=mm&r=g","caption":"gsantana2005"},"sameAs":["http:\/\/gsantana2005.net"],"url":"https:\/\/gsantana2005.net\/author\/gsantana2005\/"}]}},"amp_enabled":true,"_links":{"self":[{"href":"https:\/\/gsantana2005.net\/index.php\/wp-json\/wp\/v2\/posts\/894"}],"collection":[{"href":"https:\/\/gsantana2005.net\/index.php\/wp-json\/wp\/v2\/posts"}],"about":[{"href":"https:\/\/gsantana2005.net\/index.php\/wp-json\/wp\/v2\/types\/post"}],"author":[{"embeddable":true,"href":"https:\/\/gsantana2005.net\/index.php\/wp-json\/wp\/v2\/users\/1"}],"replies":[{"embeddable":true,"href":"https:\/\/gsantana2005.net\/index.php\/wp-json\/wp\/v2\/comments?post=894"}],"version-history":[{"count":1,"href":"https:\/\/gsantana2005.net\/index.php\/wp-json\/wp\/v2\/posts\/894\/revisions"}],"predecessor-version":[{"id":895,"href":"https:\/\/gsantana2005.net\/index.php\/wp-json\/wp\/v2\/posts\/894\/revisions\/895"}],"wp:featuredmedia":[{"embeddable":true,"href":"https:\/\/gsantana2005.net\/index.php\/wp-json\/wp\/v2\/media\/506"}],"wp:attachment":[{"href":"https:\/\/gsantana2005.net\/index.php\/wp-json\/wp\/v2\/media?parent=894"}],"wp:term":[{"taxonomy":"category","embeddable":true,"href":"https:\/\/gsantana2005.net\/index.php\/wp-json\/wp\/v2\/categories?post=894"},{"taxonomy":"post_tag","embeddable":true,"href":"https:\/\/gsantana2005.net\/index.php\/wp-json\/wp\/v2\/tags?post=894"}],"curies":[{"name":"wp","href":"https:\/\/api.w.org\/{rel}","templated":true}]}}