{"id":902,"date":"2023-12-06T00:47:40","date_gmt":"2023-12-06T00:47:40","guid":{"rendered":"https:\/\/gsantana2005.net\/?p=902"},"modified":"2024-02-03T21:57:45","modified_gmt":"2024-02-03T21:57:45","slug":"rejeite-o-avanco-desenfreado-do-plastico-adote-residuo-zero","status":"publish","type":"post","link":"https:\/\/gsantana2005.net\/index.php\/2023\/12\/06\/rejeite-o-avanco-desenfreado-do-plastico-adote-residuo-zero\/","title":{"rendered":"Rejeite o avan\u00e7o desenfreado do pl\u00e1stico adote res\u00edduo zero"},"content":{"rendered":"\n<p>Rejeite o avan\u00e7o desenfreado do pl\u00e1stico adote res\u00edduo zero \u00e9 um movimento para nos livramos desse que \u00e9 o maior problema ambiental atualmente. Ent\u00e3o, recusar-se a ceder diante da invas\u00e3o desenfreada do pl\u00e1stico em nossas vidas n\u00e3o \u00e9 para os fracos de cora\u00e7\u00e3o &#8211; o material est\u00e1 em toda parte, e sua conveni\u00eancia \u00e9 uma can\u00e7\u00e3o de sereia dif\u00edcil de resistir. No entanto, resistir \u00e9 imperativo! <\/p>\n\n\n\n<p>A princ\u00edpio, a polui\u00e7\u00e3o pl\u00e1stica tornou-se um s\u00e9rio problema ambiental, \u00e0 medida que a produ\u00e7\u00e3o de produtos pl\u00e1sticos descart\u00e1veis superou nossa capacidade de lidar com eles. &#8220;A produ\u00e7\u00e3o aumentou exponencialmente, de 2,3 milh\u00f5es de toneladas em 1950 para 448 milh\u00f5es de toneladas em 2015&#8221;, observa a National Geographic sobre o pl\u00e1stico. &#8220;A produ\u00e7\u00e3o dever\u00e1 dobrar at\u00e9 2050.&#8221;<\/p>\n\n\n\n<p>Anualmente, cerca de 8 milh\u00f5es de toneladas de pl\u00e1stico encontram seu caminho para os oceanos. Enquanto isso, o maior mercado para pl\u00e1sticos \u00e9 agora a embalagem, que responde por quase metade do lixo pl\u00e1stico criado globalmente. Isso \u00e9 algo que dever\u00edamos ser capazes de resolver, e n\u00e3o apenas para o pl\u00e1stico, mas para todos os itens de uso \u00fanico.<\/p>\n\n\n\n<h2 class=\"wp-block-heading\">Mas como?<\/h2>\n\n\n\n<p>Conhe\u00e7a o Movimento Zero Waste; ou seja, &#8220;Recusar, Reduzir, Reutilizar, Reciclar, Compostar (e apenas nessa ordem) \u00e9 meu m\u00e9todo para reduzir o lixo anual. Assim, a ideia \u00e9 bastante autoexplicativa: produza zero desperd\u00edcio &#8211; ou o m\u00ednimo poss\u00edvel.  Por outro lado, se voc\u00ea apenas reduzir o desperd\u00edcio j\u00e1 \u00e9 um \u00f3timo ponto de partida. <strong>Ent\u00e3o, com isso em mente, vamos fazer uma caminhada virtual por uma cozinha sustent\u00e1vel.<\/strong><\/p>\n\n\n\n<h2 class=\"wp-block-heading\">Cozinha sustent\u00e1vel<\/h2>\n\n\n\n<h3 class=\"wp-block-heading\">Adeus aos Pap\u00e9is Toalha<\/h3>\n\n\n\n<p>Em 2017, os americanos gastaram cerca de US$ 5,7 bilh\u00f5es em pap\u00e9is toalha para uso dom\u00e9stico, de acordo com dados da empresa de pesquisa de mercado Euromonitor International. Assim, s\u00f3 nos EUA gastam quase tanto em pap\u00e9is toalha quanto todos os outros pa\u00edses do mundo combinados. Em outros lugares, as pessoas usam vassouras, esfreg\u00f5es e panos. Minha resposta? Panos de prato suecos e toalhas de ch\u00e1.<\/p>\n\n\n\n<h3 class=\"wp-block-heading\">Panos de Prato<\/h3>\n\n\n\n<p>Feitos de celulose vegetal, os panos de prato suecos s\u00e3o dur\u00e1veis e capazes de absorver at\u00e9 20 vezes seu peso em l\u00edquido, tornando-os \u00f3timos para limpeza e absor\u00e7\u00e3o de derramamentos. (Eles tamb\u00e9m s\u00e3o \u00f3timos para janelas porque n\u00e3o deixam listras.) Eles podem ser lavados cerca de 50 vezes ou mais e podem ser compostados posteriormente. Um pano pode fazer o trabalho de 17 rolos de papel toalha. O papel representa um quarto de nossos aterros sanit\u00e1rios; a matem\u00e1tica \u00e9 simples aqui.<\/p>\n\n\n\n<h3 class=\"wp-block-heading\">Toalhas de Ch\u00e1<\/h3>\n\n\n\n<p>Para absorver derramamentos e secar as coisas, toalhas de ch\u00e1 de algod\u00e3o ou toalhas de saco de farinha s\u00e3o louv\u00e1veis. Usamos toalhas de saco de farinha para guardanapos e, quando come\u00e7am a parecer sujas, s\u00e3o transferidas para a cozinha. Depois disso, v\u00e3o para a cesta de panos para uso em aplica\u00e7\u00f5es mais industriais. Quando est\u00e3o prontos para serem descartados, v\u00e3o para a compostagem.<\/p>\n\n\n\n<h3 class=\"wp-block-heading\">Armazenando Alimentos Sem Pl\u00e1stico<\/h3>\n\n\n\n<p>Aqui est\u00e3o algumas maneiras de evitar sacos Ziploc, filme pl\u00e1stico, Tupperware e v\u00e1rias situa\u00e7\u00f5es de armazenamento de alimentos pl\u00e1sticos. Esses m\u00e9todos n\u00e3o dependem de pl\u00e1sticos descart\u00e1veis e oferecem alternativas para quem se preocupa com os poss\u00edveis efeitos na sa\u00fade de armazenar alimentos em pl\u00e1stico.<\/p>\n\n\n\n<h3 class=\"wp-block-heading\">Envolt\u00f3rios de Cera de Abelha<\/h3>\n\n\n\n<p>V\u00e1rias empresas est\u00e3o fabricando panos revestidos de cera que s\u00e3o surpreendentemente funcionais. Eles podem ser usados para embrulhar alimentos para armazenamento, cobrir recipientes e embrulhar sandu\u00edches e lanches para lancheiras. Al\u00e9m disso, eles funcionam como uma mistura de filme pl\u00e1stico e papel alum\u00ednio &#8211; t\u00eam a ader\u00eancia do filme pl\u00e1stico, mas agem mais como o alum\u00ednio. Eles duram cerca de um ano e podem ser compostados posteriormente.<\/p>\n\n\n\n<h3 class=\"wp-block-heading\">Potinhos de Vidro<\/h3>\n\n\n\n<p>Salve potes velhos e\/ou invista em um conjunto de potes de conserva. Eles oferecem uma forma cil\u00edndrica que se encaixa bem em arm\u00e1rios, geladeira e freezer. Al\u00e9m disso, ele s\u00e3o \u00f3timos para armazenar sobras, congelar alimentos e como recipiente para itens comprados em grandes embalagens ou em recipientes a granel.<\/p>\n\n\n\n<h3 class=\"wp-block-heading\">Recipientes de Vidro<\/h3>\n\n\n\n<p>Recipientes de vidro para alimentos podem ser usados para armazenar sobras na geladeira e s\u00e3o \u00f3timos para congelar alimentos; muitas marcas podem ir diretamente do freezer para o forno.<\/p>\n\n\n\n<h3 class=\"wp-block-heading\">Bolsas de Z\u00edper Reutiliz\u00e1veis<\/h3>\n\n\n\n<p>Existem alguns tipos de sacos de armazenamento reutiliz\u00e1veis \u200b\u200bde qualidade alimentar no mercado, geralmente feitos de PEVA ou silicone platina. Os de alta qualidade afirmam ser livres de produtos qu\u00edmicos prejudiciais como Bisfenol A e S (BPA, BPS), chumbo, ftalatos, etc. O PEVA<\/p>\n\n\n\n<h2 class=\"wp-block-heading\">Convite especial para voc\u00ea<\/h2>\n\n\n\n<p>Depois deste artigo\u00a0Rejeite o avan\u00e7o desenfreado do pl\u00e1stico adote res\u00edduo zero\u00a0acredito que queira saber mais de nossa contribui\u00e7\u00e3o na \u00e1rea ambiental. N\u00e3o fique inibido entre em contato:\u00a0<a href=\"mailto:gsantana2005@gmail.com\">gsantana2005@gmail.com<\/a>\u00a0veja o nosso\u00a0<a href=\"https:\/\/www.instagram.com\/genilsonpereirasantana1\/\" rel=\"nofollow noopener\" target=\"_blank\">Instagram<\/a><\/p>\n\n\n\n<p>Al\u00e9m disso, j\u00e1 que voc\u00ea chegou at\u00e9 aqui descubra mais sobre n\u00f3s artigos abaixo:<\/p>\n\n\n\n<ul class=\"wp-block-list\">\n<li><a href=\"https:\/\/gsantana2005.net\/index.php\/2023\/11\/30\/desbloqueando-o-valor-oculto-reciclando-o-pequeno-para-um-grande-impacto\/\" target=\"_blank\" rel=\"noreferrer noopener\">Desbloqueando o valor oculto: Reciclando o pequeno para um grande impacto<\/a><\/li>\n\n\n\n<li><a href=\"https:\/\/gsantana2005.net\/index.php\/2023\/11\/29\/reduza-a-pegada-de-carbono-digital-da-sua-empresa-rumo-a-um-futuro-sustentavel\/\" target=\"_blank\" rel=\"noreferrer noopener\">Reduza a Pegada de Carbono Digital da sua Empresa: Rumo a um Futuro Sustent\u00e1vel<\/a><\/li>\n\n\n\n<li><a href=\"https:\/\/gsantana2005.net\/index.php\/2023\/11\/28\/navegando-na-controversia-da-acao-climatica-global-da-cop28-de-dubai\/\" target=\"_blank\" rel=\"noreferrer noopener\">Navegando na controv\u00e9rsia da A\u00e7\u00e3o Clim\u00e1tica Global da COP28 de Dubai<\/a><\/li>\n\n\n\n<li><a href=\"https:\/\/gsantana2005.net\/index.php\/2023\/11\/28\/rascunho-automaticodespedindo-se-dos-plasticos-descartaveis-o-futuro-sustentavel-das-embalagens-de-celulose\/\">Despedindo-se dos Pl\u00e1sticos Descart\u00e1veis: O Futuro Sustent\u00e1vel das Embalagens de Celulose!<\/a><\/li>\n<\/ul>\n\n\n\n<p>Ent\u00e3o, conhe\u00e7a tamb\u00e9m nossos cursos sobre&nbsp;<a href=\"https:\/\/gsantana2005.net\/index.php\/2023\/07\/21\/gestao-de-residuos\/\">Gest\u00e3o de res\u00edduos<\/a>&nbsp;e&nbsp;<a href=\"https:\/\/gsantana2005.net\/index.php\/2023\/08\/08\/tratamento-de-efluentes\/\">Tratamento de efluentes<\/a>. Maiores informa\u00e7\u00f5es:&nbsp;<a href=\"mailto:gsantana2005@gmail.com\">gsantana2005@gmail.com<\/a>&nbsp;ou 92 991227158 (WhatsApp)<\/p>\n","protected":false},"excerpt":{"rendered":"<p>Rejeite o avan\u00e7o desenfreado do pl\u00e1stico adote res\u00edduo zero \u00e9 um movimento para nos livramos desse que \u00e9 o maior problema ambiental atualmente. Ent\u00e3o, recusar-se a ceder diante da invas\u00e3o desenfreada do pl\u00e1stico em nossas vidas n\u00e3o \u00e9 para os fracos de cora\u00e7\u00e3o &#8211; o material est\u00e1 em toda parte, e sua conveni\u00eancia \u00e9 uma [&hellip;]<\/p>\n","protected":false},"author":1,"featured_media":903,"comment_status":"open","ping_status":"closed","sticky":false,"template":"","format":"standard","meta":{"om_disable_all_campaigns":false,"_monsterinsights_skip_tracking":false,"_monsterinsights_sitenote_active":false,"_monsterinsights_sitenote_note":"","_monsterinsights_sitenote_category":0,"footnotes":"","_links_to":"","_links_to_target":""},"categories":[273,3],"tags":[434,430,431,433,428,429,285,432],"class_list":["post-902","post","type-post","status-publish","format-standard","has-post-thumbnail","hentry","category-economia-de-recursos","category-genilson-pereira-santana","tag-armazenamento-sem-plastico","tag-cozinha-sustentavel","tag-desperdicio-minimo","tag-embalagem-sustentavel","tag-plastico-zero","tag-residuo-zero","tag-sustentabilidade-ambiental","tag-zero-waste"],"aioseo_notices":[],"yoast_head":"<!-- This site is optimized with the Yoast SEO plugin v24.5 - https:\/\/yoast.com\/wordpress\/plugins\/seo\/ -->\n<title>Rejeite o avan\u00e7o desenfreado do pl\u00e1stico adote res\u00edduo zero - gsantana2005<\/title>\n<meta name=\"description\" content=\"Rejeite o avan\u00e7o desenfreado do pl\u00e1stico adote res\u00edduo zero \u00e9 um movimento para nos livramos desse que \u00e9 o maior problema ambiental atualmente\" \/>\n<meta name=\"robots\" content=\"index, follow, max-snippet:-1, max-image-preview:large, max-video-preview:-1\" \/>\n<link rel=\"canonical\" href=\"https:\/\/gsantana2005.net\/index.php\/2023\/12\/06\/rejeite-o-avanco-desenfreado-do-plastico-adote-residuo-zero\/\" \/>\n<meta property=\"og:locale\" content=\"pt_BR\" \/>\n<meta property=\"og:type\" content=\"article\" \/>\n<meta property=\"og:title\" content=\"Rejeite o avan\u00e7o desenfreado do pl\u00e1stico adote res\u00edduo zero - gsantana2005\" \/>\n<meta property=\"og:description\" content=\"Rejeite o avan\u00e7o desenfreado do pl\u00e1stico adote res\u00edduo zero \u00e9 um movimento para nos livramos desse que \u00e9 o maior problema ambiental atualmente\" \/>\n<meta property=\"og:url\" content=\"https:\/\/gsantana2005.net\/index.php\/2023\/12\/06\/rejeite-o-avanco-desenfreado-do-plastico-adote-residuo-zero\/\" \/>\n<meta property=\"og:site_name\" content=\"gsantana2005\" \/>\n<meta property=\"article:published_time\" content=\"2023-12-06T00:47:40+00:00\" \/>\n<meta property=\"article:modified_time\" content=\"2024-02-03T21:57:45+00:00\" \/>\n<meta property=\"og:image\" content=\"http:\/\/gsantana2005.net\/wp-content\/uploads\/2023\/12\/cozinha-sustentavel.jpg\" \/>\n\t<meta property=\"og:image:width\" content=\"750\" \/>\n\t<meta property=\"og:image:height\" content=\"500\" \/>\n\t<meta property=\"og:image:type\" content=\"image\/jpeg\" \/>\n<meta name=\"author\" content=\"gsantana2005\" \/>\n<meta name=\"twitter:card\" content=\"summary_large_image\" \/>\n<meta name=\"twitter:label1\" content=\"Escrito por\" \/>\n\t<meta name=\"twitter:data1\" content=\"gsantana2005\" \/>\n\t<meta name=\"twitter:label2\" content=\"Est. tempo de leitura\" \/>\n\t<meta name=\"twitter:data2\" content=\"5 minutos\" \/>\n<script type=\"application\/ld+json\" class=\"yoast-schema-graph\">{\"@context\":\"https:\/\/schema.org\",\"@graph\":[{\"@type\":\"Article\",\"@id\":\"https:\/\/gsantana2005.net\/index.php\/2023\/12\/06\/rejeite-o-avanco-desenfreado-do-plastico-adote-residuo-zero\/#article\",\"isPartOf\":{\"@id\":\"https:\/\/gsantana2005.net\/index.php\/2023\/12\/06\/rejeite-o-avanco-desenfreado-do-plastico-adote-residuo-zero\/\"},\"author\":{\"name\":\"gsantana2005\",\"@id\":\"https:\/\/gsantana2005.net\/#\/schema\/person\/78c90c6f49a46ef4c8e69bafec347cb7\"},\"headline\":\"Rejeite o avan\u00e7o desenfreado do pl\u00e1stico adote res\u00edduo zero\",\"datePublished\":\"2023-12-06T00:47:40+00:00\",\"dateModified\":\"2024-02-03T21:57:45+00:00\",\"mainEntityOfPage\":{\"@id\":\"https:\/\/gsantana2005.net\/index.php\/2023\/12\/06\/rejeite-o-avanco-desenfreado-do-plastico-adote-residuo-zero\/\"},\"wordCount\":960,\"commentCount\":0,\"publisher\":{\"@id\":\"https:\/\/gsantana2005.net\/#organization\"},\"image\":{\"@id\":\"https:\/\/gsantana2005.net\/index.php\/2023\/12\/06\/rejeite-o-avanco-desenfreado-do-plastico-adote-residuo-zero\/#primaryimage\"},\"thumbnailUrl\":\"https:\/\/gsantana2005.net\/wp-content\/uploads\/2023\/12\/cozinha-sustentavel.jpg\",\"keywords\":[\"Armazenamento Sem Plastico\",\"Cozinha Sustentavel\",\"Desperdicio Minimo\",\"Embalagem Sustentavel\",\"Plastico Zero\",\"Residuo Zero\",\"Sustentabilidade Ambiental\",\"Zero Waste\"],\"articleSection\":[\"Economia de Recursos\",\"Dr Genilson Santana\"],\"inLanguage\":\"pt-BR\",\"potentialAction\":[{\"@type\":\"CommentAction\",\"name\":\"Comment\",\"target\":[\"https:\/\/gsantana2005.net\/index.php\/2023\/12\/06\/rejeite-o-avanco-desenfreado-do-plastico-adote-residuo-zero\/#respond\"]}]},{\"@type\":\"WebPage\",\"@id\":\"https:\/\/gsantana2005.net\/index.php\/2023\/12\/06\/rejeite-o-avanco-desenfreado-do-plastico-adote-residuo-zero\/\",\"url\":\"https:\/\/gsantana2005.net\/index.php\/2023\/12\/06\/rejeite-o-avanco-desenfreado-do-plastico-adote-residuo-zero\/\",\"name\":\"Rejeite o avan\u00e7o desenfreado do pl\u00e1stico adote res\u00edduo zero - gsantana2005\",\"isPartOf\":{\"@id\":\"https:\/\/gsantana2005.net\/#website\"},\"primaryImageOfPage\":{\"@id\":\"https:\/\/gsantana2005.net\/index.php\/2023\/12\/06\/rejeite-o-avanco-desenfreado-do-plastico-adote-residuo-zero\/#primaryimage\"},\"image\":{\"@id\":\"https:\/\/gsantana2005.net\/index.php\/2023\/12\/06\/rejeite-o-avanco-desenfreado-do-plastico-adote-residuo-zero\/#primaryimage\"},\"thumbnailUrl\":\"https:\/\/gsantana2005.net\/wp-content\/uploads\/2023\/12\/cozinha-sustentavel.jpg\",\"datePublished\":\"2023-12-06T00:47:40+00:00\",\"dateModified\":\"2024-02-03T21:57:45+00:00\",\"description\":\"Rejeite o avan\u00e7o desenfreado do pl\u00e1stico adote res\u00edduo zero \u00e9 um movimento para nos livramos desse que \u00e9 o maior problema ambiental atualmente\",\"breadcrumb\":{\"@id\":\"https:\/\/gsantana2005.net\/index.php\/2023\/12\/06\/rejeite-o-avanco-desenfreado-do-plastico-adote-residuo-zero\/#breadcrumb\"},\"inLanguage\":\"pt-BR\",\"potentialAction\":[{\"@type\":\"ReadAction\",\"target\":[\"https:\/\/gsantana2005.net\/index.php\/2023\/12\/06\/rejeite-o-avanco-desenfreado-do-plastico-adote-residuo-zero\/\"]}]},{\"@type\":\"ImageObject\",\"inLanguage\":\"pt-BR\",\"@id\":\"https:\/\/gsantana2005.net\/index.php\/2023\/12\/06\/rejeite-o-avanco-desenfreado-do-plastico-adote-residuo-zero\/#primaryimage\",\"url\":\"https:\/\/gsantana2005.net\/wp-content\/uploads\/2023\/12\/cozinha-sustentavel.jpg\",\"contentUrl\":\"https:\/\/gsantana2005.net\/wp-content\/uploads\/2023\/12\/cozinha-sustentavel.jpg\",\"width\":750,\"height\":500,\"caption\":\"Cozinha sustent\u00e1vel\"},{\"@type\":\"BreadcrumbList\",\"@id\":\"https:\/\/gsantana2005.net\/index.php\/2023\/12\/06\/rejeite-o-avanco-desenfreado-do-plastico-adote-residuo-zero\/#breadcrumb\",\"itemListElement\":[{\"@type\":\"ListItem\",\"position\":1,\"name\":\"Home\",\"item\":\"https:\/\/gsantana2005.net\/\"},{\"@type\":\"ListItem\",\"position\":2,\"name\":\"Rejeite o avan\u00e7o desenfreado do pl\u00e1stico adote res\u00edduo zero\"}]},{\"@type\":\"WebSite\",\"@id\":\"https:\/\/gsantana2005.net\/#website\",\"url\":\"https:\/\/gsantana2005.net\/\",\"name\":\"gsantana2005\",\"description\":\"Sejamos sustent\u00e1veis\",\"publisher\":{\"@id\":\"https:\/\/gsantana2005.net\/#organization\"},\"potentialAction\":[{\"@type\":\"SearchAction\",\"target\":{\"@type\":\"EntryPoint\",\"urlTemplate\":\"https:\/\/gsantana2005.net\/?s={search_term_string}\"},\"query-input\":{\"@type\":\"PropertyValueSpecification\",\"valueRequired\":true,\"valueName\":\"search_term_string\"}}],\"inLanguage\":\"pt-BR\"},{\"@type\":\"Organization\",\"@id\":\"https:\/\/gsantana2005.net\/#organization\",\"name\":\"gsantana2005\",\"url\":\"https:\/\/gsantana2005.net\/\",\"logo\":{\"@type\":\"ImageObject\",\"inLanguage\":\"pt-BR\",\"@id\":\"https:\/\/gsantana2005.net\/#\/schema\/logo\/image\/\",\"url\":\"https:\/\/gsantana2005.net\/wp-content\/uploads\/2023\/06\/cropped-Gs-sem-fundo.jpg\",\"contentUrl\":\"https:\/\/gsantana2005.net\/wp-content\/uploads\/2023\/06\/cropped-Gs-sem-fundo.jpg\",\"width\":100,\"height\":100,\"caption\":\"gsantana2005\"},\"image\":{\"@id\":\"https:\/\/gsantana2005.net\/#\/schema\/logo\/image\/\"}},{\"@type\":\"Person\",\"@id\":\"https:\/\/gsantana2005.net\/#\/schema\/person\/78c90c6f49a46ef4c8e69bafec347cb7\",\"name\":\"gsantana2005\",\"image\":{\"@type\":\"ImageObject\",\"inLanguage\":\"pt-BR\",\"@id\":\"https:\/\/gsantana2005.net\/#\/schema\/person\/image\/\",\"url\":\"https:\/\/secure.gravatar.com\/avatar\/db3aa311fa8063e1f4df6b2da249929f?s=96&d=mm&r=g\",\"contentUrl\":\"https:\/\/secure.gravatar.com\/avatar\/db3aa311fa8063e1f4df6b2da249929f?s=96&d=mm&r=g\",\"caption\":\"gsantana2005\"},\"sameAs\":[\"http:\/\/gsantana2005.net\"],\"url\":\"https:\/\/gsantana2005.net\/author\/gsantana2005\/\"}]}<\/script>\n<!-- \/ Yoast SEO plugin. -->","yoast_head_json":{"title":"Rejeite o avan\u00e7o desenfreado do pl\u00e1stico adote res\u00edduo zero - gsantana2005","description":"Rejeite o avan\u00e7o desenfreado do pl\u00e1stico adote res\u00edduo zero \u00e9 um movimento para nos livramos desse que \u00e9 o maior problema ambiental atualmente","robots":{"index":"index","follow":"follow","max-snippet":"max-snippet:-1","max-image-preview":"max-image-preview:large","max-video-preview":"max-video-preview:-1"},"canonical":"https:\/\/gsantana2005.net\/index.php\/2023\/12\/06\/rejeite-o-avanco-desenfreado-do-plastico-adote-residuo-zero\/","og_locale":"pt_BR","og_type":"article","og_title":"Rejeite o avan\u00e7o desenfreado do pl\u00e1stico adote res\u00edduo zero - gsantana2005","og_description":"Rejeite o avan\u00e7o desenfreado do pl\u00e1stico adote res\u00edduo zero \u00e9 um movimento para nos livramos desse que \u00e9 o maior problema ambiental atualmente","og_url":"https:\/\/gsantana2005.net\/index.php\/2023\/12\/06\/rejeite-o-avanco-desenfreado-do-plastico-adote-residuo-zero\/","og_site_name":"gsantana2005","article_published_time":"2023-12-06T00:47:40+00:00","article_modified_time":"2024-02-03T21:57:45+00:00","og_image":[{"width":750,"height":500,"url":"http:\/\/gsantana2005.net\/wp-content\/uploads\/2023\/12\/cozinha-sustentavel.jpg","type":"image\/jpeg"}],"author":"gsantana2005","twitter_card":"summary_large_image","twitter_misc":{"Escrito por":"gsantana2005","Est. tempo de leitura":"5 minutos"},"schema":{"@context":"https:\/\/schema.org","@graph":[{"@type":"Article","@id":"https:\/\/gsantana2005.net\/index.php\/2023\/12\/06\/rejeite-o-avanco-desenfreado-do-plastico-adote-residuo-zero\/#article","isPartOf":{"@id":"https:\/\/gsantana2005.net\/index.php\/2023\/12\/06\/rejeite-o-avanco-desenfreado-do-plastico-adote-residuo-zero\/"},"author":{"name":"gsantana2005","@id":"https:\/\/gsantana2005.net\/#\/schema\/person\/78c90c6f49a46ef4c8e69bafec347cb7"},"headline":"Rejeite o avan\u00e7o desenfreado do pl\u00e1stico adote res\u00edduo zero","datePublished":"2023-12-06T00:47:40+00:00","dateModified":"2024-02-03T21:57:45+00:00","mainEntityOfPage":{"@id":"https:\/\/gsantana2005.net\/index.php\/2023\/12\/06\/rejeite-o-avanco-desenfreado-do-plastico-adote-residuo-zero\/"},"wordCount":960,"commentCount":0,"publisher":{"@id":"https:\/\/gsantana2005.net\/#organization"},"image":{"@id":"https:\/\/gsantana2005.net\/index.php\/2023\/12\/06\/rejeite-o-avanco-desenfreado-do-plastico-adote-residuo-zero\/#primaryimage"},"thumbnailUrl":"https:\/\/gsantana2005.net\/wp-content\/uploads\/2023\/12\/cozinha-sustentavel.jpg","keywords":["Armazenamento Sem Plastico","Cozinha Sustentavel","Desperdicio Minimo","Embalagem Sustentavel","Plastico Zero","Residuo Zero","Sustentabilidade Ambiental","Zero Waste"],"articleSection":["Economia de Recursos","Dr Genilson Santana"],"inLanguage":"pt-BR","potentialAction":[{"@type":"CommentAction","name":"Comment","target":["https:\/\/gsantana2005.net\/index.php\/2023\/12\/06\/rejeite-o-avanco-desenfreado-do-plastico-adote-residuo-zero\/#respond"]}]},{"@type":"WebPage","@id":"https:\/\/gsantana2005.net\/index.php\/2023\/12\/06\/rejeite-o-avanco-desenfreado-do-plastico-adote-residuo-zero\/","url":"https:\/\/gsantana2005.net\/index.php\/2023\/12\/06\/rejeite-o-avanco-desenfreado-do-plastico-adote-residuo-zero\/","name":"Rejeite o avan\u00e7o desenfreado do pl\u00e1stico adote res\u00edduo zero - gsantana2005","isPartOf":{"@id":"https:\/\/gsantana2005.net\/#website"},"primaryImageOfPage":{"@id":"https:\/\/gsantana2005.net\/index.php\/2023\/12\/06\/rejeite-o-avanco-desenfreado-do-plastico-adote-residuo-zero\/#primaryimage"},"image":{"@id":"https:\/\/gsantana2005.net\/index.php\/2023\/12\/06\/rejeite-o-avanco-desenfreado-do-plastico-adote-residuo-zero\/#primaryimage"},"thumbnailUrl":"https:\/\/gsantana2005.net\/wp-content\/uploads\/2023\/12\/cozinha-sustentavel.jpg","datePublished":"2023-12-06T00:47:40+00:00","dateModified":"2024-02-03T21:57:45+00:00","description":"Rejeite o avan\u00e7o desenfreado do pl\u00e1stico adote res\u00edduo zero \u00e9 um movimento para nos livramos desse que \u00e9 o maior problema ambiental atualmente","breadcrumb":{"@id":"https:\/\/gsantana2005.net\/index.php\/2023\/12\/06\/rejeite-o-avanco-desenfreado-do-plastico-adote-residuo-zero\/#breadcrumb"},"inLanguage":"pt-BR","potentialAction":[{"@type":"ReadAction","target":["https:\/\/gsantana2005.net\/index.php\/2023\/12\/06\/rejeite-o-avanco-desenfreado-do-plastico-adote-residuo-zero\/"]}]},{"@type":"ImageObject","inLanguage":"pt-BR","@id":"https:\/\/gsantana2005.net\/index.php\/2023\/12\/06\/rejeite-o-avanco-desenfreado-do-plastico-adote-residuo-zero\/#primaryimage","url":"https:\/\/gsantana2005.net\/wp-content\/uploads\/2023\/12\/cozinha-sustentavel.jpg","contentUrl":"https:\/\/gsantana2005.net\/wp-content\/uploads\/2023\/12\/cozinha-sustentavel.jpg","width":750,"height":500,"caption":"Cozinha sustent\u00e1vel"},{"@type":"BreadcrumbList","@id":"https:\/\/gsantana2005.net\/index.php\/2023\/12\/06\/rejeite-o-avanco-desenfreado-do-plastico-adote-residuo-zero\/#breadcrumb","itemListElement":[{"@type":"ListItem","position":1,"name":"Home","item":"https:\/\/gsantana2005.net\/"},{"@type":"ListItem","position":2,"name":"Rejeite o avan\u00e7o desenfreado do pl\u00e1stico adote res\u00edduo zero"}]},{"@type":"WebSite","@id":"https:\/\/gsantana2005.net\/#website","url":"https:\/\/gsantana2005.net\/","name":"gsantana2005","description":"Sejamos sustent\u00e1veis","publisher":{"@id":"https:\/\/gsantana2005.net\/#organization"},"potentialAction":[{"@type":"SearchAction","target":{"@type":"EntryPoint","urlTemplate":"https:\/\/gsantana2005.net\/?s={search_term_string}"},"query-input":{"@type":"PropertyValueSpecification","valueRequired":true,"valueName":"search_term_string"}}],"inLanguage":"pt-BR"},{"@type":"Organization","@id":"https:\/\/gsantana2005.net\/#organization","name":"gsantana2005","url":"https:\/\/gsantana2005.net\/","logo":{"@type":"ImageObject","inLanguage":"pt-BR","@id":"https:\/\/gsantana2005.net\/#\/schema\/logo\/image\/","url":"https:\/\/gsantana2005.net\/wp-content\/uploads\/2023\/06\/cropped-Gs-sem-fundo.jpg","contentUrl":"https:\/\/gsantana2005.net\/wp-content\/uploads\/2023\/06\/cropped-Gs-sem-fundo.jpg","width":100,"height":100,"caption":"gsantana2005"},"image":{"@id":"https:\/\/gsantana2005.net\/#\/schema\/logo\/image\/"}},{"@type":"Person","@id":"https:\/\/gsantana2005.net\/#\/schema\/person\/78c90c6f49a46ef4c8e69bafec347cb7","name":"gsantana2005","image":{"@type":"ImageObject","inLanguage":"pt-BR","@id":"https:\/\/gsantana2005.net\/#\/schema\/person\/image\/","url":"https:\/\/secure.gravatar.com\/avatar\/db3aa311fa8063e1f4df6b2da249929f?s=96&d=mm&r=g","contentUrl":"https:\/\/secure.gravatar.com\/avatar\/db3aa311fa8063e1f4df6b2da249929f?s=96&d=mm&r=g","caption":"gsantana2005"},"sameAs":["http:\/\/gsantana2005.net"],"url":"https:\/\/gsantana2005.net\/author\/gsantana2005\/"}]}},"amp_enabled":true,"_links":{"self":[{"href":"https:\/\/gsantana2005.net\/index.php\/wp-json\/wp\/v2\/posts\/902"}],"collection":[{"href":"https:\/\/gsantana2005.net\/index.php\/wp-json\/wp\/v2\/posts"}],"about":[{"href":"https:\/\/gsantana2005.net\/index.php\/wp-json\/wp\/v2\/types\/post"}],"author":[{"embeddable":true,"href":"https:\/\/gsantana2005.net\/index.php\/wp-json\/wp\/v2\/users\/1"}],"replies":[{"embeddable":true,"href":"https:\/\/gsantana2005.net\/index.php\/wp-json\/wp\/v2\/comments?post=902"}],"version-history":[{"count":1,"href":"https:\/\/gsantana2005.net\/index.php\/wp-json\/wp\/v2\/posts\/902\/revisions"}],"predecessor-version":[{"id":904,"href":"https:\/\/gsantana2005.net\/index.php\/wp-json\/wp\/v2\/posts\/902\/revisions\/904"}],"wp:featuredmedia":[{"embeddable":true,"href":"https:\/\/gsantana2005.net\/index.php\/wp-json\/wp\/v2\/media\/903"}],"wp:attachment":[{"href":"https:\/\/gsantana2005.net\/index.php\/wp-json\/wp\/v2\/media?parent=902"}],"wp:term":[{"taxonomy":"category","embeddable":true,"href":"https:\/\/gsantana2005.net\/index.php\/wp-json\/wp\/v2\/categories?post=902"},{"taxonomy":"post_tag","embeddable":true,"href":"https:\/\/gsantana2005.net\/index.php\/wp-json\/wp\/v2\/tags?post=902"}],"curies":[{"name":"wp","href":"https:\/\/api.w.org\/{rel}","templated":true}]}}