{"id":919,"date":"2023-12-09T21:40:12","date_gmt":"2023-12-09T21:40:12","guid":{"rendered":"https:\/\/gsantana2005.net\/?p=919"},"modified":"2024-02-03T00:56:22","modified_gmt":"2024-02-03T00:56:22","slug":"o-poder-transformador-do-cobre-reciclado-para-a-sustentabilidade","status":"publish","type":"post","link":"https:\/\/gsantana2005.net\/index.php\/2023\/12\/09\/o-poder-transformador-do-cobre-reciclado-para-a-sustentabilidade\/","title":{"rendered":"O poder transformador do cobre reciclado para a sustentabilidade"},"content":{"rendered":"\n<p>O poder transformador do cobre reciclado para a sustentabilidade \u00e9 um artigo que mostra a import\u00e2ncia da reciclagem do cobre. Ent\u00e3o, o Relat\u00f3rio Mensal de Produ\u00e7\u00e3o Global de Cobre, elaborado pela International Copper Study Group (ICSG) com sede em Lisboa, oferece uma vis\u00e3o abrangente da produ\u00e7\u00e3o mundial de cobre. Embora a \u00eanfase esteja geralmente na produ\u00e7\u00e3o prim\u00e1ria, o relat\u00f3rio de setembro da ICSG destaca um aumento significativo de 7,5% na produ\u00e7\u00e3o secund\u00e1ria de cobre a partir de sucata, em compara\u00e7\u00e3o com o mesmo per\u00edodo do ano anterior.<\/p>\n\n\n\n<p>Esse aumento supera a taxa de crescimento da produ\u00e7\u00e3o global de cobre refinado prim\u00e1rio. Os dados registram um aumento de cerca de 4,8% nos primeiros nove meses de 2023. Essa mudan\u00e7a din\u00e2mica no cen\u00e1rio global de cobre n\u00e3o s\u00f3 impactou os pre\u00e7os na London Metal Exchange e COMEX. Mas trouxe \u00e0 tona o papel crucial da reciclagem do cobre no setor.<\/p>\n\n\n\n<h2 class=\"wp-block-heading\">O Poder Transformador da Reciclagem na Economia Global<\/h2>\n\n\n\n<p>A princ\u00edpio, a reciclagem \u00e9 mais do que uma pr\u00e1tica ambientalmente respons\u00e1vel; \u00e9 um catalisador para a mudan\u00e7a em dire\u00e7\u00e3o a uma economia mais sustent\u00e1vel e produtiva. Dessa forma, os impactos positivos da reciclagem na economia global, destacando seu papel crucial na preserva\u00e7\u00e3o do meio ambiente e na maximiza\u00e7\u00e3o da efici\u00eancia industrial.<\/p>\n\n\n\n<p>Ent\u00e3o, a reciclagem \u00e9 um poderoso aliado na economia de energia e na preserva\u00e7\u00e3o do meio ambiente. Ou seja, ao reciclar materiais, reduzimos a demanda por novas extra\u00e7\u00f5es, mitigando o impacto ambiental e contribuindo para a constru\u00e7\u00e3o de um planeta mais sustent\u00e1vel. <\/p>\n\n\n\n<p>Assim, um diferencial significativo da reciclagem, especialmente no caso do cobre, \u00e9 a preserva\u00e7\u00e3o da qualidade e desempenho do material. Na Europa, por exemplo, mais de 40% das necessidades de cobre s\u00e3o supridas pela reciclagem, sem qualquer diferen\u00e7a percept\u00edvel em rela\u00e7\u00e3o ao metal rec\u00e9m-extra\u00eddo.<\/p>\n\n\n\n<p>Por outro lado, a ind\u00fastria da reciclagem de cobre brilha ao recuperar integralmente o cobre utilizado, gerando \u00ednfimos res\u00edduos residuais. A economia alcan\u00e7ada nesse processo \u00e9 extraordin\u00e1ria, atingindo 85% em compara\u00e7\u00e3o com a extra\u00e7\u00e3o tradicional. Um investimento inteligente em um futuro mais eficiente.<\/p>\n\n\n\n<p>Al\u00e9m disso, a reciclagem de cobre n\u00e3o apenas contribui para a preserva\u00e7\u00e3o ambiental, mas tamb\u00e9m elimina despesas associadas \u00e0 redu\u00e7\u00e3o do min\u00e9rio a metal. Esse processo eficiente reduz significativamente o consumo de energia e os volumes de transporte, representando uma economia inteligente e ambientalmente consciente.<\/p>\n\n\n\n<p>Apesar dos benef\u00edcios evidentes, enfrentamos desafios locais na comercializa\u00e7\u00e3o de res\u00edduos, destacando a necessidade de um esfor\u00e7o cont\u00ednuo para regularizar opera\u00e7\u00f5es com sucata. Essa batalha \u00e9 vital para fortalecer nossa contribui\u00e7\u00e3o global para um planeta mais sustent\u00e1vel.<\/p>\n\n\n\n<h2 class=\"wp-block-heading\">Como est\u00e1 a situa\u00e7\u00e3o mundial<\/h2>\n\n\n\n<p>A China emergiu como um dos principais impulsionadores desse crescimento na produ\u00e7\u00e3o secund\u00e1ria. Por outro lado, diversas na\u00e7\u00f5es enfrentaram desafios, como manuten\u00e7\u00e3o e interrup\u00e7\u00f5es em instala\u00e7\u00f5es de refino prim\u00e1rio nos Estados Unidos, Su\u00e9cia, Indon\u00e9sia e Finl\u00e2ndia, limitando a produ\u00e7\u00e3o prim\u00e1ria refinada de cobre.<\/p>\n\n\n\n<p>Nos Estados Unidos, onde v\u00e1rias instala\u00e7\u00f5es est\u00e3o em constru\u00e7\u00e3o ou na fase inicial, h\u00e1 a perspectiva de um aumento na produ\u00e7\u00e3o dom\u00e9stica de cobre secund\u00e1rio. No entanto, dados do U.S. Census Bureau, compilados pelo U.S. Geological Survey (USGS), indicam que essa mudan\u00e7a ainda n\u00e3o se refletiu significativamente nos fluxos de sucata.<\/p>\n\n\n\n<p>Apesar das preocupa\u00e7\u00f5es econ\u00f4micas frequentemente citadas, a China permanece como o maior comprador de sucata de cobre dos Estados Unidos. Nos primeiros oito meses deste ano, mais de 212.000 toneladas m\u00e9tricas de sucata de cobre foram exportadas dos EUA para a China (incluindo Hong Kong), conforme dados do USGS.<\/p>\n\n\n\n<p>Al\u00e9m disso, Mal\u00e1sia e Tail\u00e2ndia t\u00eam adquirido quantidades significativas de sucata de cobre dos EUA, sendo que grande parte desse material \u00e9 redirecionado para a China em formas mais cuidadosamente selecionadas ou em lingotes. A \u00cdndia tamb\u00e9m est\u00e1 se destacando como um destino emergente para a sucata de cobre dos EUA, com um total de cerca de 48.000 toneladas m\u00e9tricas nos primeiros oito meses de 2023.<\/p>\n\n\n\n<p>Em termos gerais, os recicladores dos EUA exportaram 532.000 toneladas m\u00e9tricas de sucata de cobre nos primeiros oito meses de 2021 e 586.000 toneladas m\u00e9tricas de janeiro a agosto do ano passado. Este ano, o total ap\u00f3s o mesmo per\u00edodo \u00e9 de 570.100 toneladas m\u00e9tricas, representando uma modesta redu\u00e7\u00e3o de 2,7% nas exporta\u00e7\u00f5es acumuladas at\u00e9 o momento.<\/p>\n\n\n\n<h2 class=\"wp-block-heading\">Conclus\u00e3o<\/h2>\n\n\n\n<p>Em um mundo onde a consci\u00eancia ambiental \u00e9 fundamental, a reciclagem emerge como uma ferramenta essencial para moldar o futuro. Ou seja, temos que adotar o poder transformador do cobre reciclado para a sustentabilidade. Ao adotarmos pr\u00e1ticas sustent\u00e1veis, n\u00e3o apenas preservamos nosso planeta, mas tamb\u00e9m impulsionamos uma economia global mais eficiente e equitativa. A reciclagem \u00e9 a chave para revitalizar o futuro, e cada a\u00e7\u00e3o conta na constru\u00e7\u00e3o desse caminho promissor. Vamos juntos transformar desafios em oportunidades e criar um mundo onde a sustentabilidade seja o alicerce do progresso econ\u00f4mico.<\/p>\n\n\n\n<p>Mas, este panorama refor\u00e7a a import\u00e2ncia estrat\u00e9gica da reciclagem de cobre como uma fonte sustent\u00e1vel e vital para atender \u00e0 demanda crescente. A transi\u00e7\u00e3o para uma economia circular no setor de cobre n\u00e3o apenas impulsiona o crescimento econ\u00f4mico, mas tamb\u00e9m contribui para a preserva\u00e7\u00e3o de recursos, destacando a necessidade de pol\u00edticas e pr\u00e1ticas que promovam a sustentabilidade em toda a cadeia de valor do cobre.<\/p>\n\n\n\n<h2 class=\"wp-block-heading\">Convite especial para voc\u00ea<\/h2>\n\n\n\n<p>Depois deste artigo\u00a0<strong>O poder transformador do cobre reciclado para a sustentabilidade<\/strong>\u00a0acredito que queira saber mais de nossa contribui\u00e7\u00e3o na \u00e1rea ambiental. N\u00e3o fique inibido entre em contato:\u00a0<a href=\"mailto:gsantana2005@gmail.com\">gsantana2005@gmail.com<\/a>\u00a0veja o nosso\u00a0<a href=\"https:\/\/www.instagram.com\/genilsonpereirasantana1\/\" rel=\"nofollow noopener\" target=\"_blank\">Instagram<\/a><\/p>\n\n\n\n<p>Al\u00e9m disso, j\u00e1 que voc\u00ea chegou at\u00e9 aqui descubra mais sobre n\u00f3s artigos abaixo:<\/p>\n\n\n\n<ul class=\"wp-block-list\">\n<li><a href=\"https:\/\/gsantana2005.net\/index.php\/2023\/11\/30\/desbloqueando-o-valor-oculto-reciclando-o-pequeno-para-um-grande-impacto\/\" target=\"_blank\" rel=\"noreferrer noopener\">Desbloqueando o valor oculto: Reciclando o pequeno para um grande impacto<\/a><\/li>\n\n\n\n<li><a href=\"https:\/\/gsantana2005.net\/index.php\/2023\/11\/29\/reduza-a-pegada-de-carbono-digital-da-sua-empresa-rumo-a-um-futuro-sustentavel\/\" target=\"_blank\" rel=\"noreferrer noopener\">Reduza a Pegada de Carbono Digital da sua Empresa: Rumo a um Futuro Sustent\u00e1vel<\/a><\/li>\n\n\n\n<li><a href=\"https:\/\/gsantana2005.net\/index.php\/2023\/11\/28\/navegando-na-controversia-da-acao-climatica-global-da-cop28-de-dubai\/\" target=\"_blank\" rel=\"noreferrer noopener\">Navegando na controv\u00e9rsia da A\u00e7\u00e3o Clim\u00e1tica Global da COP28 de Dubai<\/a><\/li>\n\n\n\n<li><a href=\"https:\/\/gsantana2005.net\/index.php\/2023\/11\/28\/rascunho-automaticodespedindo-se-dos-plasticos-descartaveis-o-futuro-sustentavel-das-embalagens-de-celulose\/\">Despedindo-se dos Pl\u00e1sticos Descart\u00e1veis: O Futuro Sustent\u00e1vel das Embalagens de Celulose!<\/a><\/li>\n<\/ul>\n\n\n\n<p>Ent\u00e3o, conhe\u00e7a tamb\u00e9m nossos cursos sobre&nbsp;<a href=\"https:\/\/gsantana2005.net\/index.php\/2023\/07\/21\/gestao-de-residuos\/\">Gest\u00e3o de res\u00edduos<\/a>&nbsp;e&nbsp;<a href=\"https:\/\/gsantana2005.net\/index.php\/2023\/08\/08\/tratamento-de-efluentes\/\">Tratamento de efluentes<\/a>. Maiores informa\u00e7\u00f5es:&nbsp;<a href=\"mailto:gsantana2005@gmail.com\">gsantana2005@gmail.com<\/a>&nbsp;ou 92 991227158 (WhatsApp)<\/p>\n","protected":false},"excerpt":{"rendered":"<p>O poder transformador do cobre reciclado para a sustentabilidade \u00e9 um artigo que mostra a import\u00e2ncia da reciclagem do cobre. Ent\u00e3o, o Relat\u00f3rio Mensal de Produ\u00e7\u00e3o Global de Cobre, elaborado pela International Copper Study Group (ICSG) com sede em Lisboa, oferece uma vis\u00e3o abrangente da produ\u00e7\u00e3o mundial de cobre. Embora a \u00eanfase esteja geralmente na [&hellip;]<\/p>\n","protected":false},"author":1,"featured_media":920,"comment_status":"open","ping_status":"closed","sticky":false,"template":"","format":"standard","meta":{"om_disable_all_campaigns":false,"_monsterinsights_skip_tracking":false,"_monsterinsights_sitenote_active":false,"_monsterinsights_sitenote_note":"","_monsterinsights_sitenote_category":0,"footnotes":"","_links_to":"","_links_to_target":""},"categories":[3,4],"tags":[328,136,325,329,327,326,324,320],"class_list":["post-919","post","type-post","status-publish","format-standard","has-post-thumbnail","hentry","category-genilson-pereira-santana","category-reciclagem-e-upcycling","tag-china-e-o-mercado-de-sucata-de-cobre","tag-economia-circular","tag-economia-global","tag-impactos-ambientais","tag-internacional-copper-study-group-icsg","tag-producao-de-cobre","tag-reciclagem-de-cobre","tag-sustentabilidade"],"aioseo_notices":[],"yoast_head":"<!-- This site is optimized with the Yoast SEO plugin v24.5 - https:\/\/yoast.com\/wordpress\/plugins\/seo\/ -->\n<title>O poder transformador do cobre reciclado para a sustentabilidade - gsantana2005<\/title>\n<meta name=\"description\" content=\"O poder transformador do cobre reciclado para a sustentabilidade \u00e9 um artigo que mostra a import\u00e2ncia da reciclagem do cobre\" \/>\n<meta name=\"robots\" content=\"index, follow, max-snippet:-1, max-image-preview:large, max-video-preview:-1\" \/>\n<link rel=\"canonical\" href=\"https:\/\/gsantana2005.net\/index.php\/2023\/12\/09\/o-poder-transformador-do-cobre-reciclado-para-a-sustentabilidade\/\" \/>\n<meta property=\"og:locale\" content=\"pt_BR\" \/>\n<meta property=\"og:type\" content=\"article\" \/>\n<meta property=\"og:title\" content=\"O poder transformador do cobre reciclado para a sustentabilidade - gsantana2005\" \/>\n<meta property=\"og:description\" content=\"O poder transformador do cobre reciclado para a sustentabilidade \u00e9 um artigo que mostra a import\u00e2ncia da reciclagem do cobre\" \/>\n<meta property=\"og:url\" content=\"https:\/\/gsantana2005.net\/index.php\/2023\/12\/09\/o-poder-transformador-do-cobre-reciclado-para-a-sustentabilidade\/\" \/>\n<meta property=\"og:site_name\" content=\"gsantana2005\" \/>\n<meta property=\"article:published_time\" content=\"2023-12-09T21:40:12+00:00\" \/>\n<meta property=\"article:modified_time\" content=\"2024-02-03T00:56:22+00:00\" \/>\n<meta property=\"og:image\" content=\"http:\/\/gsantana2005.net\/wp-content\/uploads\/2023\/12\/cobre-reciclado.jpg\" \/>\n\t<meta property=\"og:image:width\" content=\"948\" \/>\n\t<meta property=\"og:image:height\" content=\"533\" \/>\n\t<meta property=\"og:image:type\" content=\"image\/jpeg\" \/>\n<meta name=\"author\" content=\"gsantana2005\" \/>\n<meta name=\"twitter:card\" content=\"summary_large_image\" \/>\n<meta name=\"twitter:label1\" content=\"Escrito por\" \/>\n\t<meta name=\"twitter:data1\" content=\"gsantana2005\" \/>\n\t<meta name=\"twitter:label2\" content=\"Est. tempo de leitura\" \/>\n\t<meta name=\"twitter:data2\" content=\"6 minutos\" \/>\n<script type=\"application\/ld+json\" class=\"yoast-schema-graph\">{\"@context\":\"https:\/\/schema.org\",\"@graph\":[{\"@type\":\"Article\",\"@id\":\"https:\/\/gsantana2005.net\/index.php\/2023\/12\/09\/o-poder-transformador-do-cobre-reciclado-para-a-sustentabilidade\/#article\",\"isPartOf\":{\"@id\":\"https:\/\/gsantana2005.net\/index.php\/2023\/12\/09\/o-poder-transformador-do-cobre-reciclado-para-a-sustentabilidade\/\"},\"author\":{\"name\":\"gsantana2005\",\"@id\":\"https:\/\/gsantana2005.net\/#\/schema\/person\/78c90c6f49a46ef4c8e69bafec347cb7\"},\"headline\":\"O poder transformador do cobre reciclado para a sustentabilidade\",\"datePublished\":\"2023-12-09T21:40:12+00:00\",\"dateModified\":\"2024-02-03T00:56:22+00:00\",\"mainEntityOfPage\":{\"@id\":\"https:\/\/gsantana2005.net\/index.php\/2023\/12\/09\/o-poder-transformador-do-cobre-reciclado-para-a-sustentabilidade\/\"},\"wordCount\":1092,\"commentCount\":0,\"publisher\":{\"@id\":\"https:\/\/gsantana2005.net\/#organization\"},\"image\":{\"@id\":\"https:\/\/gsantana2005.net\/index.php\/2023\/12\/09\/o-poder-transformador-do-cobre-reciclado-para-a-sustentabilidade\/#primaryimage\"},\"thumbnailUrl\":\"https:\/\/gsantana2005.net\/wp-content\/uploads\/2023\/12\/cobre-reciclado.jpg\",\"keywords\":[\"China e o mercado de sucata de cobre\",\"economia circular\",\"Economia global\",\"Impactos ambientais\",\"Internacional Copper Study Group (ICSG)\",\"Produ\u00e7\u00e3o de cobre\",\"Reciclagem de cobre\",\"Sustentabilidade\"],\"articleSection\":[\"Dr Genilson Santana\",\"Reciclagem e Upcycling\"],\"inLanguage\":\"pt-BR\",\"potentialAction\":[{\"@type\":\"CommentAction\",\"name\":\"Comment\",\"target\":[\"https:\/\/gsantana2005.net\/index.php\/2023\/12\/09\/o-poder-transformador-do-cobre-reciclado-para-a-sustentabilidade\/#respond\"]}]},{\"@type\":\"WebPage\",\"@id\":\"https:\/\/gsantana2005.net\/index.php\/2023\/12\/09\/o-poder-transformador-do-cobre-reciclado-para-a-sustentabilidade\/\",\"url\":\"https:\/\/gsantana2005.net\/index.php\/2023\/12\/09\/o-poder-transformador-do-cobre-reciclado-para-a-sustentabilidade\/\",\"name\":\"O poder transformador do cobre reciclado para a sustentabilidade - gsantana2005\",\"isPartOf\":{\"@id\":\"https:\/\/gsantana2005.net\/#website\"},\"primaryImageOfPage\":{\"@id\":\"https:\/\/gsantana2005.net\/index.php\/2023\/12\/09\/o-poder-transformador-do-cobre-reciclado-para-a-sustentabilidade\/#primaryimage\"},\"image\":{\"@id\":\"https:\/\/gsantana2005.net\/index.php\/2023\/12\/09\/o-poder-transformador-do-cobre-reciclado-para-a-sustentabilidade\/#primaryimage\"},\"thumbnailUrl\":\"https:\/\/gsantana2005.net\/wp-content\/uploads\/2023\/12\/cobre-reciclado.jpg\",\"datePublished\":\"2023-12-09T21:40:12+00:00\",\"dateModified\":\"2024-02-03T00:56:22+00:00\",\"description\":\"O poder transformador do cobre reciclado para a sustentabilidade \u00e9 um artigo que mostra a import\u00e2ncia da reciclagem do cobre\",\"breadcrumb\":{\"@id\":\"https:\/\/gsantana2005.net\/index.php\/2023\/12\/09\/o-poder-transformador-do-cobre-reciclado-para-a-sustentabilidade\/#breadcrumb\"},\"inLanguage\":\"pt-BR\",\"potentialAction\":[{\"@type\":\"ReadAction\",\"target\":[\"https:\/\/gsantana2005.net\/index.php\/2023\/12\/09\/o-poder-transformador-do-cobre-reciclado-para-a-sustentabilidade\/\"]}]},{\"@type\":\"ImageObject\",\"inLanguage\":\"pt-BR\",\"@id\":\"https:\/\/gsantana2005.net\/index.php\/2023\/12\/09\/o-poder-transformador-do-cobre-reciclado-para-a-sustentabilidade\/#primaryimage\",\"url\":\"https:\/\/gsantana2005.net\/wp-content\/uploads\/2023\/12\/cobre-reciclado.jpg\",\"contentUrl\":\"https:\/\/gsantana2005.net\/wp-content\/uploads\/2023\/12\/cobre-reciclado.jpg\",\"width\":948,\"height\":533,\"caption\":\"cobre reciclado\"},{\"@type\":\"BreadcrumbList\",\"@id\":\"https:\/\/gsantana2005.net\/index.php\/2023\/12\/09\/o-poder-transformador-do-cobre-reciclado-para-a-sustentabilidade\/#breadcrumb\",\"itemListElement\":[{\"@type\":\"ListItem\",\"position\":1,\"name\":\"Home\",\"item\":\"https:\/\/gsantana2005.net\/\"},{\"@type\":\"ListItem\",\"position\":2,\"name\":\"O poder transformador do cobre reciclado para a sustentabilidade\"}]},{\"@type\":\"WebSite\",\"@id\":\"https:\/\/gsantana2005.net\/#website\",\"url\":\"https:\/\/gsantana2005.net\/\",\"name\":\"gsantana2005\",\"description\":\"Sejamos sustent\u00e1veis\",\"publisher\":{\"@id\":\"https:\/\/gsantana2005.net\/#organization\"},\"potentialAction\":[{\"@type\":\"SearchAction\",\"target\":{\"@type\":\"EntryPoint\",\"urlTemplate\":\"https:\/\/gsantana2005.net\/?s={search_term_string}\"},\"query-input\":{\"@type\":\"PropertyValueSpecification\",\"valueRequired\":true,\"valueName\":\"search_term_string\"}}],\"inLanguage\":\"pt-BR\"},{\"@type\":\"Organization\",\"@id\":\"https:\/\/gsantana2005.net\/#organization\",\"name\":\"gsantana2005\",\"url\":\"https:\/\/gsantana2005.net\/\",\"logo\":{\"@type\":\"ImageObject\",\"inLanguage\":\"pt-BR\",\"@id\":\"https:\/\/gsantana2005.net\/#\/schema\/logo\/image\/\",\"url\":\"https:\/\/gsantana2005.net\/wp-content\/uploads\/2023\/06\/cropped-Gs-sem-fundo.jpg\",\"contentUrl\":\"https:\/\/gsantana2005.net\/wp-content\/uploads\/2023\/06\/cropped-Gs-sem-fundo.jpg\",\"width\":100,\"height\":100,\"caption\":\"gsantana2005\"},\"image\":{\"@id\":\"https:\/\/gsantana2005.net\/#\/schema\/logo\/image\/\"}},{\"@type\":\"Person\",\"@id\":\"https:\/\/gsantana2005.net\/#\/schema\/person\/78c90c6f49a46ef4c8e69bafec347cb7\",\"name\":\"gsantana2005\",\"image\":{\"@type\":\"ImageObject\",\"inLanguage\":\"pt-BR\",\"@id\":\"https:\/\/gsantana2005.net\/#\/schema\/person\/image\/\",\"url\":\"https:\/\/secure.gravatar.com\/avatar\/db3aa311fa8063e1f4df6b2da249929f?s=96&d=mm&r=g\",\"contentUrl\":\"https:\/\/secure.gravatar.com\/avatar\/db3aa311fa8063e1f4df6b2da249929f?s=96&d=mm&r=g\",\"caption\":\"gsantana2005\"},\"sameAs\":[\"http:\/\/gsantana2005.net\"],\"url\":\"https:\/\/gsantana2005.net\/author\/gsantana2005\/\"}]}<\/script>\n<!-- \/ Yoast SEO plugin. -->","yoast_head_json":{"title":"O poder transformador do cobre reciclado para a sustentabilidade - gsantana2005","description":"O poder transformador do cobre reciclado para a sustentabilidade \u00e9 um artigo que mostra a import\u00e2ncia da reciclagem do cobre","robots":{"index":"index","follow":"follow","max-snippet":"max-snippet:-1","max-image-preview":"max-image-preview:large","max-video-preview":"max-video-preview:-1"},"canonical":"https:\/\/gsantana2005.net\/index.php\/2023\/12\/09\/o-poder-transformador-do-cobre-reciclado-para-a-sustentabilidade\/","og_locale":"pt_BR","og_type":"article","og_title":"O poder transformador do cobre reciclado para a sustentabilidade - gsantana2005","og_description":"O poder transformador do cobre reciclado para a sustentabilidade \u00e9 um artigo que mostra a import\u00e2ncia da reciclagem do cobre","og_url":"https:\/\/gsantana2005.net\/index.php\/2023\/12\/09\/o-poder-transformador-do-cobre-reciclado-para-a-sustentabilidade\/","og_site_name":"gsantana2005","article_published_time":"2023-12-09T21:40:12+00:00","article_modified_time":"2024-02-03T00:56:22+00:00","og_image":[{"width":948,"height":533,"url":"http:\/\/gsantana2005.net\/wp-content\/uploads\/2023\/12\/cobre-reciclado.jpg","type":"image\/jpeg"}],"author":"gsantana2005","twitter_card":"summary_large_image","twitter_misc":{"Escrito por":"gsantana2005","Est. tempo de leitura":"6 minutos"},"schema":{"@context":"https:\/\/schema.org","@graph":[{"@type":"Article","@id":"https:\/\/gsantana2005.net\/index.php\/2023\/12\/09\/o-poder-transformador-do-cobre-reciclado-para-a-sustentabilidade\/#article","isPartOf":{"@id":"https:\/\/gsantana2005.net\/index.php\/2023\/12\/09\/o-poder-transformador-do-cobre-reciclado-para-a-sustentabilidade\/"},"author":{"name":"gsantana2005","@id":"https:\/\/gsantana2005.net\/#\/schema\/person\/78c90c6f49a46ef4c8e69bafec347cb7"},"headline":"O poder transformador do cobre reciclado para a sustentabilidade","datePublished":"2023-12-09T21:40:12+00:00","dateModified":"2024-02-03T00:56:22+00:00","mainEntityOfPage":{"@id":"https:\/\/gsantana2005.net\/index.php\/2023\/12\/09\/o-poder-transformador-do-cobre-reciclado-para-a-sustentabilidade\/"},"wordCount":1092,"commentCount":0,"publisher":{"@id":"https:\/\/gsantana2005.net\/#organization"},"image":{"@id":"https:\/\/gsantana2005.net\/index.php\/2023\/12\/09\/o-poder-transformador-do-cobre-reciclado-para-a-sustentabilidade\/#primaryimage"},"thumbnailUrl":"https:\/\/gsantana2005.net\/wp-content\/uploads\/2023\/12\/cobre-reciclado.jpg","keywords":["China e o mercado de sucata de cobre","economia circular","Economia global","Impactos ambientais","Internacional Copper Study Group (ICSG)","Produ\u00e7\u00e3o de cobre","Reciclagem de cobre","Sustentabilidade"],"articleSection":["Dr Genilson Santana","Reciclagem e Upcycling"],"inLanguage":"pt-BR","potentialAction":[{"@type":"CommentAction","name":"Comment","target":["https:\/\/gsantana2005.net\/index.php\/2023\/12\/09\/o-poder-transformador-do-cobre-reciclado-para-a-sustentabilidade\/#respond"]}]},{"@type":"WebPage","@id":"https:\/\/gsantana2005.net\/index.php\/2023\/12\/09\/o-poder-transformador-do-cobre-reciclado-para-a-sustentabilidade\/","url":"https:\/\/gsantana2005.net\/index.php\/2023\/12\/09\/o-poder-transformador-do-cobre-reciclado-para-a-sustentabilidade\/","name":"O poder transformador do cobre reciclado para a sustentabilidade - gsantana2005","isPartOf":{"@id":"https:\/\/gsantana2005.net\/#website"},"primaryImageOfPage":{"@id":"https:\/\/gsantana2005.net\/index.php\/2023\/12\/09\/o-poder-transformador-do-cobre-reciclado-para-a-sustentabilidade\/#primaryimage"},"image":{"@id":"https:\/\/gsantana2005.net\/index.php\/2023\/12\/09\/o-poder-transformador-do-cobre-reciclado-para-a-sustentabilidade\/#primaryimage"},"thumbnailUrl":"https:\/\/gsantana2005.net\/wp-content\/uploads\/2023\/12\/cobre-reciclado.jpg","datePublished":"2023-12-09T21:40:12+00:00","dateModified":"2024-02-03T00:56:22+00:00","description":"O poder transformador do cobre reciclado para a sustentabilidade \u00e9 um artigo que mostra a import\u00e2ncia da reciclagem do cobre","breadcrumb":{"@id":"https:\/\/gsantana2005.net\/index.php\/2023\/12\/09\/o-poder-transformador-do-cobre-reciclado-para-a-sustentabilidade\/#breadcrumb"},"inLanguage":"pt-BR","potentialAction":[{"@type":"ReadAction","target":["https:\/\/gsantana2005.net\/index.php\/2023\/12\/09\/o-poder-transformador-do-cobre-reciclado-para-a-sustentabilidade\/"]}]},{"@type":"ImageObject","inLanguage":"pt-BR","@id":"https:\/\/gsantana2005.net\/index.php\/2023\/12\/09\/o-poder-transformador-do-cobre-reciclado-para-a-sustentabilidade\/#primaryimage","url":"https:\/\/gsantana2005.net\/wp-content\/uploads\/2023\/12\/cobre-reciclado.jpg","contentUrl":"https:\/\/gsantana2005.net\/wp-content\/uploads\/2023\/12\/cobre-reciclado.jpg","width":948,"height":533,"caption":"cobre reciclado"},{"@type":"BreadcrumbList","@id":"https:\/\/gsantana2005.net\/index.php\/2023\/12\/09\/o-poder-transformador-do-cobre-reciclado-para-a-sustentabilidade\/#breadcrumb","itemListElement":[{"@type":"ListItem","position":1,"name":"Home","item":"https:\/\/gsantana2005.net\/"},{"@type":"ListItem","position":2,"name":"O poder transformador do cobre reciclado para a sustentabilidade"}]},{"@type":"WebSite","@id":"https:\/\/gsantana2005.net\/#website","url":"https:\/\/gsantana2005.net\/","name":"gsantana2005","description":"Sejamos sustent\u00e1veis","publisher":{"@id":"https:\/\/gsantana2005.net\/#organization"},"potentialAction":[{"@type":"SearchAction","target":{"@type":"EntryPoint","urlTemplate":"https:\/\/gsantana2005.net\/?s={search_term_string}"},"query-input":{"@type":"PropertyValueSpecification","valueRequired":true,"valueName":"search_term_string"}}],"inLanguage":"pt-BR"},{"@type":"Organization","@id":"https:\/\/gsantana2005.net\/#organization","name":"gsantana2005","url":"https:\/\/gsantana2005.net\/","logo":{"@type":"ImageObject","inLanguage":"pt-BR","@id":"https:\/\/gsantana2005.net\/#\/schema\/logo\/image\/","url":"https:\/\/gsantana2005.net\/wp-content\/uploads\/2023\/06\/cropped-Gs-sem-fundo.jpg","contentUrl":"https:\/\/gsantana2005.net\/wp-content\/uploads\/2023\/06\/cropped-Gs-sem-fundo.jpg","width":100,"height":100,"caption":"gsantana2005"},"image":{"@id":"https:\/\/gsantana2005.net\/#\/schema\/logo\/image\/"}},{"@type":"Person","@id":"https:\/\/gsantana2005.net\/#\/schema\/person\/78c90c6f49a46ef4c8e69bafec347cb7","name":"gsantana2005","image":{"@type":"ImageObject","inLanguage":"pt-BR","@id":"https:\/\/gsantana2005.net\/#\/schema\/person\/image\/","url":"https:\/\/secure.gravatar.com\/avatar\/db3aa311fa8063e1f4df6b2da249929f?s=96&d=mm&r=g","contentUrl":"https:\/\/secure.gravatar.com\/avatar\/db3aa311fa8063e1f4df6b2da249929f?s=96&d=mm&r=g","caption":"gsantana2005"},"sameAs":["http:\/\/gsantana2005.net"],"url":"https:\/\/gsantana2005.net\/author\/gsantana2005\/"}]}},"amp_enabled":true,"_links":{"self":[{"href":"https:\/\/gsantana2005.net\/index.php\/wp-json\/wp\/v2\/posts\/919"}],"collection":[{"href":"https:\/\/gsantana2005.net\/index.php\/wp-json\/wp\/v2\/posts"}],"about":[{"href":"https:\/\/gsantana2005.net\/index.php\/wp-json\/wp\/v2\/types\/post"}],"author":[{"embeddable":true,"href":"https:\/\/gsantana2005.net\/index.php\/wp-json\/wp\/v2\/users\/1"}],"replies":[{"embeddable":true,"href":"https:\/\/gsantana2005.net\/index.php\/wp-json\/wp\/v2\/comments?post=919"}],"version-history":[{"count":1,"href":"https:\/\/gsantana2005.net\/index.php\/wp-json\/wp\/v2\/posts\/919\/revisions"}],"predecessor-version":[{"id":921,"href":"https:\/\/gsantana2005.net\/index.php\/wp-json\/wp\/v2\/posts\/919\/revisions\/921"}],"wp:featuredmedia":[{"embeddable":true,"href":"https:\/\/gsantana2005.net\/index.php\/wp-json\/wp\/v2\/media\/920"}],"wp:attachment":[{"href":"https:\/\/gsantana2005.net\/index.php\/wp-json\/wp\/v2\/media?parent=919"}],"wp:term":[{"taxonomy":"category","embeddable":true,"href":"https:\/\/gsantana2005.net\/index.php\/wp-json\/wp\/v2\/categories?post=919"},{"taxonomy":"post_tag","embeddable":true,"href":"https:\/\/gsantana2005.net\/index.php\/wp-json\/wp\/v2\/tags?post=919"}],"curies":[{"name":"wp","href":"https:\/\/api.w.org\/{rel}","templated":true}]}}