{"id":922,"date":"2023-12-10T14:42:59","date_gmt":"2023-12-10T14:42:59","guid":{"rendered":"https:\/\/gsantana2005.net\/?p=922"},"modified":"2024-02-03T21:47:42","modified_gmt":"2024-02-03T21:47:42","slug":"cop28-um-momento-decisivo-para-a-acao-climatica-global","status":"publish","type":"post","link":"https:\/\/gsantana2005.net\/index.php\/2023\/12\/10\/cop28-um-momento-decisivo-para-a-acao-climatica-global\/","title":{"rendered":"COP28: Um Momento Decisivo para a A\u00e7\u00e3o Clim\u00e1tica Global"},"content":{"rendered":"\n<p>COP28: Um Momento Decisivo para a A\u00e7\u00e3o Clim\u00e1tica Global mostra para voc\u00ea o que \u00e9 e quais deciss\u00f5es tomadas nesse encontro. Ent\u00e3o, ap\u00f3s um ano recorde de efeitos devastadores das mudan\u00e7as clim\u00e1ticas, desde inc\u00eandios recordes na Gr\u00e9cia e no Canad\u00e1 at\u00e9 inunda\u00e7\u00f5es na L\u00edbia, a Confer\u00eancia COP28 das Na\u00e7\u00f5es Unidas chega em um momento decisivo para a a\u00e7\u00e3o clim\u00e1tica internacional nos colocar em um caminho mais seguro.<\/p>\n\n\n\n<p>Dessa forma, os registros de temperatura parecem que quebraram, pois se observa os efeitos clim\u00e1ticos em todo o mundo. Dessa forma, foi como o cientista clim\u00e1tico Zeke Hausfather descreveu os dados globais de temperatura para setembro, \u00e9 &#8220;absolutamente surpreendente&#8221;.<\/p>\n\n\n\n<p>Al\u00e9m disso, como visto no gr\u00e1fico de Hausfather, a temperatura do m\u00eas passado superou o recorde mensal anterior em mais de 0,5 \u00b0C e foi cerca de 1,8 \u00b0C mais quente do que os n\u00edveis pr\u00e9-industriais.<\/p>\n\n\n\n<p>Ent\u00e3o, o que o mundo est\u00e1 fazendo a respeito? Como os governos enfrentam a crise clim\u00e1tica? A principio, a c\u00fapula da COP28 da ONU mostrar\u00e1 o progresso da humanidade em alcan\u00e7ar os objetivos clim\u00e1ticos estabelecidos no hist\u00f3rico Acordo de Paris. Assim, representantes de cerca de 200 pa\u00edses se reunir\u00e3o para discutir e concordar sobre a\u00e7\u00f5es clim\u00e1ticas cruciais.<\/p>\n\n\n\n<p>Caso voc\u00ea nunca tenha ouvido falar da COP28, ou se j\u00e1 ouviu, mas precisa de uma atualiza\u00e7\u00e3o, este artigo abrangente lhe dir\u00e1 o que voc\u00ea precisa saber sobre essa c\u00fapula clim\u00e1tica definidora.<\/p>\n\n\n\n<p><strong>Vamos falar sobre a COP.<\/strong><\/p>\n\n\n\n<h2 class=\"wp-block-heading\">O que \u00e9 a COP?<\/h2>\n\n\n\n<p>A Confer\u00eancia das Partes da Conven\u00e7\u00e3o, ou COP, \u00e9 o resultado da C\u00fapula do Rio de Janeiro e do lan\u00e7amento da Conven\u00e7\u00e3o-Quadro das Na\u00e7\u00f5es Unidas sobre Mudan\u00e7a do Clima (UNFCCC).<\/p>\n\n\n\n<p>Todos os anos, desde a cria\u00e7\u00e3o da COP, os pa\u00edses membros se re\u00fanem para concordar sobre como lidar com as mudan\u00e7as clim\u00e1ticas. Assim, dezenas de milhares de delegados de todo o mundo se re\u00fanem na confer\u00eancia clim\u00e1tica. A princ\u00edpio, chefes de estado, funcion\u00e1rios do governo e representantes de organiza\u00e7\u00f5es internacionais, setor privado, sociedade civil, organiza\u00e7\u00f5es sem fins lucrativos e m\u00eddia est\u00e3o presentes.<\/p>\n\n\n\n<p>Dessa forma, a 21\u00aa sess\u00e3o da COP resultou no nascimento do Acordo de Paris, um consenso global para alcan\u00e7ar coletivamente tr\u00eas metas importantes:<\/p>\n\n\n\n<ol class=\"wp-block-list\">\n<li>Limitar o aumento da temperatura global para 1,5 \u00b0C acima dos n\u00edveis pr\u00e9-industriais at\u00e9 2100.<\/li>\n\n\n\n<li>Agir contra as mudan\u00e7as clim\u00e1ticas, adaptar-se a seus impactos e desenvolver resili\u00eancia.<\/li>\n\n\n\n<li>Alinhar o financiamento com um &#8220;caminho em dire\u00e7\u00e3o a baixas emiss\u00f5es de gases de efeito estufa e desenvolvimento resiliente ao clima&#8221;.<\/li>\n<\/ol>\n\n\n\n<p>Este ano, a conven\u00e7\u00e3o clim\u00e1tica da ONU \u00e9 a 28\u00aa sess\u00e3o das partes, ou simplesmente COP28.<\/p>\n\n\n\n<h2 class=\"wp-block-heading\">Qual a import\u00e2ncia da COP28?<\/h2>\n\n\n\n<p>Ent\u00e3o, o que torna esta sess\u00e3o da COP significativa e diferente das anteriores? A Avalia\u00e7\u00e3o Global. A GST \u00e9 o primeiro relat\u00f3rio sobre o progresso clim\u00e1tico mundial. Mostra exatamente qu\u00e3o longe estamos em alcan\u00e7ar as metas do Acordo de Paris estabelecidas em 2015. Estamos no caminho certo ou n\u00e3o?<\/p>\n\n\n\n<p>Embora os detalhes s\u00f3 ser\u00e3o conhecidos quando a COP28 ocorrer de 30 de novembro a 12 de dezembro em Dubai, Emirados \u00c1rabes Unidos (EAU), h\u00e1 uma suspeita de que precisamos de a\u00e7\u00f5es clim\u00e1ticas r\u00e1pidas e que devemos agir agora. A COP28 \u00e9 nossa chance de fazer isso.<\/p>\n\n\n\n<p>Al\u00e9m disso, o fato de os EUA serem um grande produtor de petr\u00f3leo torna a COP28 bastante diferente e controversa. Muitos levantam preocupa\u00e7\u00f5es de que a agenda n\u00e3o combina bem com o plano do pa\u00eds anfitri\u00e3o de aumentar a produ\u00e7\u00e3o de petr\u00f3leo.<\/p>\n\n\n\n<p>Alguns grupos ambientais observam que isso pode resultar em resultados fracos, levando a uma situa\u00e7\u00e3o em que a redu\u00e7\u00e3o dos combust\u00edveis f\u00f3sseis \u00e9 urgente para tornar os 1,5 \u00b0C alcan\u00e7\u00e1veis. O ponto deles \u00e9 v\u00e1lido. H\u00e1 mais de 100 anos, a atmosfera tinha muito menos carbono do que hoje.<\/p>\n\n\n\n<p>A nomea\u00e7\u00e3o de Sultan al-Jaber como presidente designado da COP28 provocou uma rea\u00e7\u00e3o furiosa de ativistas clim\u00e1ticos e grupos da sociedade civil. Eles alertaram que poderia haver um conflito de interesses e que os manifestantes seriam restritos.<\/p>\n\n\n\n<p>Dr. Sultan al-Jaber \u00e9 diretor executivo da Abu Dhabi National Oil Company (ADNOC). Como presidente designado, ele lideraria as negocia\u00e7\u00f5es, consultaria os interessados, desempenharia pap\u00e9is de lideran\u00e7a e intermediaria quaisquer acordos produzidos.<\/p>\n\n\n\n<p>Dada sua posi\u00e7\u00e3o na ind\u00fastria de combust\u00edveis f\u00f3sseis, surgiram preocupa\u00e7\u00f5es sobre a imparcialidade nas negocia\u00e7\u00f5es clim\u00e1ticas.<\/p>\n\n\n\n<p>Mas deixando de lado essas controv\u00e9rsias, \u00e9 mais importante saber quais ser\u00e3o os pontos de discuss\u00e3o espec\u00edficos para a c\u00fapula clim\u00e1tica deste ano.<\/p>\n\n\n\n<h2 class=\"wp-block-heading\">Quais s\u00e3o os temas principais a serem observados na COP28?<\/h2>\n\n\n\n<p>Semelhante \u00e0s sess\u00f5es anteriores, o pa\u00eds anfitri\u00e3o define o tom e a dire\u00e7\u00e3o da discuss\u00e3o para a confer\u00eancia. Para a COP28 deste ano, aqui est\u00e3o as principais \u00e1reas a serem deliberadas.<\/p>\n\n\n\n<h3 class=\"wp-block-heading\">Quest\u00f5es Financeiras<\/h3>\n\n\n\n<p>Como nos casos das demais COPs, o financiamento clim\u00e1tico \u00e9 uma das quest\u00f5es-chave. Mais ainda, se o dinheiro envolvido valer $100 bilh\u00f5es anualmente, como foi prometido por na\u00e7\u00f5es desenvolvidas a pa\u00edses em desenvolvimento.<\/p>\n\n\n\n<p>O financiamento clim\u00e1tico \u00e9 crucial porque as na\u00e7\u00f5es em desenvolvimento precisam de recursos, financeiros e tecnol\u00f3gicos, para permitir que se adaptem \u00e0s mudan\u00e7as clim\u00e1ticas.<\/p>\n\n\n\n<p>Foi em 2009 que os pa\u00edses ricos prometeram fornecer $100 bilh\u00f5es a partir de 2020 para ajudar as na\u00e7\u00f5es pobres a lidar com os impactos das mudan\u00e7as clim\u00e1ticas. No entanto, at\u00e9 agora, essa promessa nunca foi cumprida, gerando frustra\u00e7\u00f5es para muitos pa\u00edses em desenvolvimento.<\/p>\n\n\n\n<p>As potenciais consequ\u00eancias de n\u00e3o cumprir a meta prometida de maneira oportuna podem se estender \u00e0s negocia\u00e7\u00f5es mais amplas. Isso afeta significativamente a confiabilidade dos governos em cumprir seus compromissos.<\/p>\n\n\n\n<h2 class=\"wp-block-heading\">Convite especial para voc\u00ea<\/h2>\n\n\n\n<p>Depois deste artigo\u00a0<strong>COP28: Um Momento Decisivo para a A\u00e7\u00e3o Clim\u00e1tica Global<\/strong>\u00a0acredito que queira saber mais de nossa contribui\u00e7\u00e3o na \u00e1rea ambiental. N\u00e3o fique inibido entre em contato:\u00a0<a href=\"mailto:gsantana2005@gmail.com\">gsantana2005@gmail.com<\/a>\u00a0veja o nosso\u00a0<a href=\"https:\/\/www.instagram.com\/genilsonpereirasantana1\/\" rel=\"nofollow noopener\" target=\"_blank\">Instagram<\/a><\/p>\n\n\n\n<p>Al\u00e9m disso, j\u00e1 que voc\u00ea chegou at\u00e9 aqui descubra mais sobre n\u00f3s artigos abaixo:<\/p>\n\n\n\n<ul class=\"wp-block-list\">\n<li><a href=\"https:\/\/gsantana2005.net\/index.php\/2023\/11\/30\/desbloqueando-o-valor-oculto-reciclando-o-pequeno-para-um-grande-impacto\/\" target=\"_blank\" rel=\"noreferrer noopener\">Desbloqueando o valor oculto: Reciclando o pequeno para um grande impacto<\/a><\/li>\n\n\n\n<li><a href=\"https:\/\/gsantana2005.net\/index.php\/2023\/11\/29\/reduza-a-pegada-de-carbono-digital-da-sua-empresa-rumo-a-um-futuro-sustentavel\/\" target=\"_blank\" rel=\"noreferrer noopener\">Reduza a Pegada de Carbono Digital da sua Empresa: Rumo a um Futuro Sustent\u00e1vel<\/a><\/li>\n\n\n\n<li><a href=\"https:\/\/gsantana2005.net\/index.php\/2023\/11\/28\/navegando-na-controversia-da-acao-climatica-global-da-cop28-de-dubai\/\" target=\"_blank\" rel=\"noreferrer noopener\">Navegando na controv\u00e9rsia da A\u00e7\u00e3o Clim\u00e1tica Global da COP28 de Dubai<\/a><\/li>\n\n\n\n<li><a href=\"https:\/\/gsantana2005.net\/index.php\/2023\/11\/28\/rascunho-automaticodespedindo-se-dos-plasticos-descartaveis-o-futuro-sustentavel-das-embalagens-de-celulose\/\">Despedindo-se dos Pl\u00e1sticos Descart\u00e1veis: O Futuro Sustent\u00e1vel das Embalagens de Celulose!<\/a><\/li>\n<\/ul>\n\n\n\n<p>Ent\u00e3o, conhe\u00e7a tamb\u00e9m nossos cursos sobre&nbsp;<a href=\"https:\/\/gsantana2005.net\/index.php\/2023\/07\/21\/gestao-de-residuos\/\">Gest\u00e3o de res\u00edduos<\/a>&nbsp;e&nbsp;<a href=\"https:\/\/gsantana2005.net\/index.php\/2023\/08\/08\/tratamento-de-efluentes\/\">Tratamento de efluentes<\/a>. Maiores informa\u00e7\u00f5es:&nbsp;<a href=\"mailto:gsantana2005@gmail.com\">gsantana2005@gmail.com<\/a>&nbsp;ou 92 991227158 (WhatsApp)<\/p>\n","protected":false},"excerpt":{"rendered":"<p>COP28: Um Momento Decisivo para a A\u00e7\u00e3o Clim\u00e1tica Global mostra para voc\u00ea o que \u00e9 e quais deciss\u00f5es tomadas nesse encontro. Ent\u00e3o, ap\u00f3s um ano recorde de efeitos devastadores das mudan\u00e7as clim\u00e1ticas, desde inc\u00eandios recordes na Gr\u00e9cia e no Canad\u00e1 at\u00e9 inunda\u00e7\u00f5es na L\u00edbia, a Confer\u00eancia COP28 das Na\u00e7\u00f5es Unidas chega em um momento decisivo [&hellip;]<\/p>\n","protected":false},"author":1,"featured_media":923,"comment_status":"open","ping_status":"closed","sticky":false,"template":"","format":"standard","meta":{"om_disable_all_campaigns":false,"_monsterinsights_skip_tracking":false,"_monsterinsights_sitenote_active":false,"_monsterinsights_sitenote_note":"","_monsterinsights_sitenote_category":0,"footnotes":"","_links_to":"","_links_to_target":""},"categories":[273,3,272],"tags":[397,398,289,293,400,277,399,285],"class_list":["post-922","post","type-post","status-publish","format-standard","has-post-thumbnail","hentry","category-economia-de-recursos","category-genilson-pereira-santana","category-energias-renovaveis","tag-acao-climatica-global","tag-acordo-de-paris","tag-cop28","tag-financiamento-climatico","tag-meta-15-graus-celsius","tag-mudancas-climaticas","tag-objetivos-cop28","tag-sustentabilidade-ambiental"],"aioseo_notices":[],"yoast_head":"<!-- This site is optimized with the Yoast SEO plugin v24.5 - https:\/\/yoast.com\/wordpress\/plugins\/seo\/ -->\n<title>COP28: Um Momento Decisivo para a A\u00e7\u00e3o Clim\u00e1tica Global - gsantana2005<\/title>\n<meta name=\"description\" content=\"COP28: Um Momento Decisivo para a A\u00e7\u00e3o Clim\u00e1tica Global mostra para voc\u00ea o que \u00e9 e quais deciss\u00f5es foram tomadas nesse encontro\" \/>\n<meta name=\"robots\" content=\"index, follow, max-snippet:-1, max-image-preview:large, max-video-preview:-1\" \/>\n<link rel=\"canonical\" href=\"https:\/\/gsantana2005.net\/index.php\/2023\/12\/10\/cop28-um-momento-decisivo-para-a-acao-climatica-global\/\" \/>\n<meta property=\"og:locale\" content=\"pt_BR\" \/>\n<meta property=\"og:type\" content=\"article\" \/>\n<meta property=\"og:title\" content=\"COP28: Um Momento Decisivo para a A\u00e7\u00e3o Clim\u00e1tica Global - gsantana2005\" \/>\n<meta property=\"og:description\" content=\"COP28: Um Momento Decisivo para a A\u00e7\u00e3o Clim\u00e1tica Global mostra para voc\u00ea o que \u00e9 e quais deciss\u00f5es foram tomadas nesse encontro\" \/>\n<meta property=\"og:url\" content=\"https:\/\/gsantana2005.net\/index.php\/2023\/12\/10\/cop28-um-momento-decisivo-para-a-acao-climatica-global\/\" \/>\n<meta property=\"og:site_name\" content=\"gsantana2005\" \/>\n<meta property=\"article:published_time\" content=\"2023-12-10T14:42:59+00:00\" \/>\n<meta property=\"article:modified_time\" content=\"2024-02-03T21:47:42+00:00\" \/>\n<meta property=\"og:image\" content=\"http:\/\/gsantana2005.net\/wp-content\/uploads\/2023\/12\/cop28.jpg\" \/>\n\t<meta property=\"og:image:width\" content=\"954\" \/>\n\t<meta property=\"og:image:height\" content=\"535\" \/>\n\t<meta property=\"og:image:type\" content=\"image\/jpeg\" \/>\n<meta name=\"author\" content=\"gsantana2005\" \/>\n<meta name=\"twitter:card\" content=\"summary_large_image\" \/>\n<meta name=\"twitter:label1\" content=\"Escrito por\" \/>\n\t<meta name=\"twitter:data1\" content=\"gsantana2005\" \/>\n\t<meta name=\"twitter:label2\" content=\"Est. tempo de leitura\" \/>\n\t<meta name=\"twitter:data2\" content=\"6 minutos\" \/>\n<script type=\"application\/ld+json\" class=\"yoast-schema-graph\">{\"@context\":\"https:\/\/schema.org\",\"@graph\":[{\"@type\":\"Article\",\"@id\":\"https:\/\/gsantana2005.net\/index.php\/2023\/12\/10\/cop28-um-momento-decisivo-para-a-acao-climatica-global\/#article\",\"isPartOf\":{\"@id\":\"https:\/\/gsantana2005.net\/index.php\/2023\/12\/10\/cop28-um-momento-decisivo-para-a-acao-climatica-global\/\"},\"author\":{\"name\":\"gsantana2005\",\"@id\":\"https:\/\/gsantana2005.net\/#\/schema\/person\/78c90c6f49a46ef4c8e69bafec347cb7\"},\"headline\":\"COP28: Um Momento Decisivo para a A\u00e7\u00e3o Clim\u00e1tica Global\",\"datePublished\":\"2023-12-10T14:42:59+00:00\",\"dateModified\":\"2024-02-03T21:47:42+00:00\",\"mainEntityOfPage\":{\"@id\":\"https:\/\/gsantana2005.net\/index.php\/2023\/12\/10\/cop28-um-momento-decisivo-para-a-acao-climatica-global\/\"},\"wordCount\":1165,\"commentCount\":0,\"publisher\":{\"@id\":\"https:\/\/gsantana2005.net\/#organization\"},\"image\":{\"@id\":\"https:\/\/gsantana2005.net\/index.php\/2023\/12\/10\/cop28-um-momento-decisivo-para-a-acao-climatica-global\/#primaryimage\"},\"thumbnailUrl\":\"https:\/\/gsantana2005.net\/wp-content\/uploads\/2023\/12\/cop28.jpg\",\"keywords\":[\"A\u00e7\u00e3o Clim\u00e1tica Global\",\"Acordo De Paris\",\"COP28\",\"Financiamento Clim\u00e1tico\",\"Meta 15 Graus Celsius\",\"mudan\u00e7as clim\u00e1ticas\",\"Objetivos COP28\",\"Sustentabilidade Ambiental\"],\"articleSection\":[\"Economia de Recursos\",\"Dr Genilson Santana\",\"Energias Renov\u00e1veis\"],\"inLanguage\":\"pt-BR\",\"potentialAction\":[{\"@type\":\"CommentAction\",\"name\":\"Comment\",\"target\":[\"https:\/\/gsantana2005.net\/index.php\/2023\/12\/10\/cop28-um-momento-decisivo-para-a-acao-climatica-global\/#respond\"]}]},{\"@type\":\"WebPage\",\"@id\":\"https:\/\/gsantana2005.net\/index.php\/2023\/12\/10\/cop28-um-momento-decisivo-para-a-acao-climatica-global\/\",\"url\":\"https:\/\/gsantana2005.net\/index.php\/2023\/12\/10\/cop28-um-momento-decisivo-para-a-acao-climatica-global\/\",\"name\":\"COP28: Um Momento Decisivo para a A\u00e7\u00e3o Clim\u00e1tica Global - gsantana2005\",\"isPartOf\":{\"@id\":\"https:\/\/gsantana2005.net\/#website\"},\"primaryImageOfPage\":{\"@id\":\"https:\/\/gsantana2005.net\/index.php\/2023\/12\/10\/cop28-um-momento-decisivo-para-a-acao-climatica-global\/#primaryimage\"},\"image\":{\"@id\":\"https:\/\/gsantana2005.net\/index.php\/2023\/12\/10\/cop28-um-momento-decisivo-para-a-acao-climatica-global\/#primaryimage\"},\"thumbnailUrl\":\"https:\/\/gsantana2005.net\/wp-content\/uploads\/2023\/12\/cop28.jpg\",\"datePublished\":\"2023-12-10T14:42:59+00:00\",\"dateModified\":\"2024-02-03T21:47:42+00:00\",\"description\":\"COP28: Um Momento Decisivo para a A\u00e7\u00e3o Clim\u00e1tica Global mostra para voc\u00ea o que \u00e9 e quais deciss\u00f5es foram tomadas nesse encontro\",\"breadcrumb\":{\"@id\":\"https:\/\/gsantana2005.net\/index.php\/2023\/12\/10\/cop28-um-momento-decisivo-para-a-acao-climatica-global\/#breadcrumb\"},\"inLanguage\":\"pt-BR\",\"potentialAction\":[{\"@type\":\"ReadAction\",\"target\":[\"https:\/\/gsantana2005.net\/index.php\/2023\/12\/10\/cop28-um-momento-decisivo-para-a-acao-climatica-global\/\"]}]},{\"@type\":\"ImageObject\",\"inLanguage\":\"pt-BR\",\"@id\":\"https:\/\/gsantana2005.net\/index.php\/2023\/12\/10\/cop28-um-momento-decisivo-para-a-acao-climatica-global\/#primaryimage\",\"url\":\"https:\/\/gsantana2005.net\/wp-content\/uploads\/2023\/12\/cop28.jpg\",\"contentUrl\":\"https:\/\/gsantana2005.net\/wp-content\/uploads\/2023\/12\/cop28.jpg\",\"width\":954,\"height\":535,\"caption\":\"Cop28\"},{\"@type\":\"BreadcrumbList\",\"@id\":\"https:\/\/gsantana2005.net\/index.php\/2023\/12\/10\/cop28-um-momento-decisivo-para-a-acao-climatica-global\/#breadcrumb\",\"itemListElement\":[{\"@type\":\"ListItem\",\"position\":1,\"name\":\"Home\",\"item\":\"https:\/\/gsantana2005.net\/\"},{\"@type\":\"ListItem\",\"position\":2,\"name\":\"COP28: Um Momento Decisivo para a A\u00e7\u00e3o Clim\u00e1tica Global\"}]},{\"@type\":\"WebSite\",\"@id\":\"https:\/\/gsantana2005.net\/#website\",\"url\":\"https:\/\/gsantana2005.net\/\",\"name\":\"gsantana2005\",\"description\":\"Sejamos sustent\u00e1veis\",\"publisher\":{\"@id\":\"https:\/\/gsantana2005.net\/#organization\"},\"potentialAction\":[{\"@type\":\"SearchAction\",\"target\":{\"@type\":\"EntryPoint\",\"urlTemplate\":\"https:\/\/gsantana2005.net\/?s={search_term_string}\"},\"query-input\":{\"@type\":\"PropertyValueSpecification\",\"valueRequired\":true,\"valueName\":\"search_term_string\"}}],\"inLanguage\":\"pt-BR\"},{\"@type\":\"Organization\",\"@id\":\"https:\/\/gsantana2005.net\/#organization\",\"name\":\"gsantana2005\",\"url\":\"https:\/\/gsantana2005.net\/\",\"logo\":{\"@type\":\"ImageObject\",\"inLanguage\":\"pt-BR\",\"@id\":\"https:\/\/gsantana2005.net\/#\/schema\/logo\/image\/\",\"url\":\"https:\/\/gsantana2005.net\/wp-content\/uploads\/2023\/06\/cropped-Gs-sem-fundo.jpg\",\"contentUrl\":\"https:\/\/gsantana2005.net\/wp-content\/uploads\/2023\/06\/cropped-Gs-sem-fundo.jpg\",\"width\":100,\"height\":100,\"caption\":\"gsantana2005\"},\"image\":{\"@id\":\"https:\/\/gsantana2005.net\/#\/schema\/logo\/image\/\"}},{\"@type\":\"Person\",\"@id\":\"https:\/\/gsantana2005.net\/#\/schema\/person\/78c90c6f49a46ef4c8e69bafec347cb7\",\"name\":\"gsantana2005\",\"image\":{\"@type\":\"ImageObject\",\"inLanguage\":\"pt-BR\",\"@id\":\"https:\/\/gsantana2005.net\/#\/schema\/person\/image\/\",\"url\":\"https:\/\/secure.gravatar.com\/avatar\/db3aa311fa8063e1f4df6b2da249929f?s=96&d=mm&r=g\",\"contentUrl\":\"https:\/\/secure.gravatar.com\/avatar\/db3aa311fa8063e1f4df6b2da249929f?s=96&d=mm&r=g\",\"caption\":\"gsantana2005\"},\"sameAs\":[\"http:\/\/gsantana2005.net\"],\"url\":\"https:\/\/gsantana2005.net\/author\/gsantana2005\/\"}]}<\/script>\n<!-- \/ Yoast SEO plugin. -->","yoast_head_json":{"title":"COP28: Um Momento Decisivo para a A\u00e7\u00e3o Clim\u00e1tica Global - gsantana2005","description":"COP28: Um Momento Decisivo para a A\u00e7\u00e3o Clim\u00e1tica Global mostra para voc\u00ea o que \u00e9 e quais deciss\u00f5es foram tomadas nesse encontro","robots":{"index":"index","follow":"follow","max-snippet":"max-snippet:-1","max-image-preview":"max-image-preview:large","max-video-preview":"max-video-preview:-1"},"canonical":"https:\/\/gsantana2005.net\/index.php\/2023\/12\/10\/cop28-um-momento-decisivo-para-a-acao-climatica-global\/","og_locale":"pt_BR","og_type":"article","og_title":"COP28: Um Momento Decisivo para a A\u00e7\u00e3o Clim\u00e1tica Global - gsantana2005","og_description":"COP28: Um Momento Decisivo para a A\u00e7\u00e3o Clim\u00e1tica Global mostra para voc\u00ea o que \u00e9 e quais deciss\u00f5es foram tomadas nesse encontro","og_url":"https:\/\/gsantana2005.net\/index.php\/2023\/12\/10\/cop28-um-momento-decisivo-para-a-acao-climatica-global\/","og_site_name":"gsantana2005","article_published_time":"2023-12-10T14:42:59+00:00","article_modified_time":"2024-02-03T21:47:42+00:00","og_image":[{"width":954,"height":535,"url":"http:\/\/gsantana2005.net\/wp-content\/uploads\/2023\/12\/cop28.jpg","type":"image\/jpeg"}],"author":"gsantana2005","twitter_card":"summary_large_image","twitter_misc":{"Escrito por":"gsantana2005","Est. tempo de leitura":"6 minutos"},"schema":{"@context":"https:\/\/schema.org","@graph":[{"@type":"Article","@id":"https:\/\/gsantana2005.net\/index.php\/2023\/12\/10\/cop28-um-momento-decisivo-para-a-acao-climatica-global\/#article","isPartOf":{"@id":"https:\/\/gsantana2005.net\/index.php\/2023\/12\/10\/cop28-um-momento-decisivo-para-a-acao-climatica-global\/"},"author":{"name":"gsantana2005","@id":"https:\/\/gsantana2005.net\/#\/schema\/person\/78c90c6f49a46ef4c8e69bafec347cb7"},"headline":"COP28: Um Momento Decisivo para a A\u00e7\u00e3o Clim\u00e1tica Global","datePublished":"2023-12-10T14:42:59+00:00","dateModified":"2024-02-03T21:47:42+00:00","mainEntityOfPage":{"@id":"https:\/\/gsantana2005.net\/index.php\/2023\/12\/10\/cop28-um-momento-decisivo-para-a-acao-climatica-global\/"},"wordCount":1165,"commentCount":0,"publisher":{"@id":"https:\/\/gsantana2005.net\/#organization"},"image":{"@id":"https:\/\/gsantana2005.net\/index.php\/2023\/12\/10\/cop28-um-momento-decisivo-para-a-acao-climatica-global\/#primaryimage"},"thumbnailUrl":"https:\/\/gsantana2005.net\/wp-content\/uploads\/2023\/12\/cop28.jpg","keywords":["A\u00e7\u00e3o Clim\u00e1tica Global","Acordo De Paris","COP28","Financiamento Clim\u00e1tico","Meta 15 Graus Celsius","mudan\u00e7as clim\u00e1ticas","Objetivos COP28","Sustentabilidade Ambiental"],"articleSection":["Economia de Recursos","Dr Genilson Santana","Energias Renov\u00e1veis"],"inLanguage":"pt-BR","potentialAction":[{"@type":"CommentAction","name":"Comment","target":["https:\/\/gsantana2005.net\/index.php\/2023\/12\/10\/cop28-um-momento-decisivo-para-a-acao-climatica-global\/#respond"]}]},{"@type":"WebPage","@id":"https:\/\/gsantana2005.net\/index.php\/2023\/12\/10\/cop28-um-momento-decisivo-para-a-acao-climatica-global\/","url":"https:\/\/gsantana2005.net\/index.php\/2023\/12\/10\/cop28-um-momento-decisivo-para-a-acao-climatica-global\/","name":"COP28: Um Momento Decisivo para a A\u00e7\u00e3o Clim\u00e1tica Global - gsantana2005","isPartOf":{"@id":"https:\/\/gsantana2005.net\/#website"},"primaryImageOfPage":{"@id":"https:\/\/gsantana2005.net\/index.php\/2023\/12\/10\/cop28-um-momento-decisivo-para-a-acao-climatica-global\/#primaryimage"},"image":{"@id":"https:\/\/gsantana2005.net\/index.php\/2023\/12\/10\/cop28-um-momento-decisivo-para-a-acao-climatica-global\/#primaryimage"},"thumbnailUrl":"https:\/\/gsantana2005.net\/wp-content\/uploads\/2023\/12\/cop28.jpg","datePublished":"2023-12-10T14:42:59+00:00","dateModified":"2024-02-03T21:47:42+00:00","description":"COP28: Um Momento Decisivo para a A\u00e7\u00e3o Clim\u00e1tica Global mostra para voc\u00ea o que \u00e9 e quais deciss\u00f5es foram tomadas nesse encontro","breadcrumb":{"@id":"https:\/\/gsantana2005.net\/index.php\/2023\/12\/10\/cop28-um-momento-decisivo-para-a-acao-climatica-global\/#breadcrumb"},"inLanguage":"pt-BR","potentialAction":[{"@type":"ReadAction","target":["https:\/\/gsantana2005.net\/index.php\/2023\/12\/10\/cop28-um-momento-decisivo-para-a-acao-climatica-global\/"]}]},{"@type":"ImageObject","inLanguage":"pt-BR","@id":"https:\/\/gsantana2005.net\/index.php\/2023\/12\/10\/cop28-um-momento-decisivo-para-a-acao-climatica-global\/#primaryimage","url":"https:\/\/gsantana2005.net\/wp-content\/uploads\/2023\/12\/cop28.jpg","contentUrl":"https:\/\/gsantana2005.net\/wp-content\/uploads\/2023\/12\/cop28.jpg","width":954,"height":535,"caption":"Cop28"},{"@type":"BreadcrumbList","@id":"https:\/\/gsantana2005.net\/index.php\/2023\/12\/10\/cop28-um-momento-decisivo-para-a-acao-climatica-global\/#breadcrumb","itemListElement":[{"@type":"ListItem","position":1,"name":"Home","item":"https:\/\/gsantana2005.net\/"},{"@type":"ListItem","position":2,"name":"COP28: Um Momento Decisivo para a A\u00e7\u00e3o Clim\u00e1tica Global"}]},{"@type":"WebSite","@id":"https:\/\/gsantana2005.net\/#website","url":"https:\/\/gsantana2005.net\/","name":"gsantana2005","description":"Sejamos sustent\u00e1veis","publisher":{"@id":"https:\/\/gsantana2005.net\/#organization"},"potentialAction":[{"@type":"SearchAction","target":{"@type":"EntryPoint","urlTemplate":"https:\/\/gsantana2005.net\/?s={search_term_string}"},"query-input":{"@type":"PropertyValueSpecification","valueRequired":true,"valueName":"search_term_string"}}],"inLanguage":"pt-BR"},{"@type":"Organization","@id":"https:\/\/gsantana2005.net\/#organization","name":"gsantana2005","url":"https:\/\/gsantana2005.net\/","logo":{"@type":"ImageObject","inLanguage":"pt-BR","@id":"https:\/\/gsantana2005.net\/#\/schema\/logo\/image\/","url":"https:\/\/gsantana2005.net\/wp-content\/uploads\/2023\/06\/cropped-Gs-sem-fundo.jpg","contentUrl":"https:\/\/gsantana2005.net\/wp-content\/uploads\/2023\/06\/cropped-Gs-sem-fundo.jpg","width":100,"height":100,"caption":"gsantana2005"},"image":{"@id":"https:\/\/gsantana2005.net\/#\/schema\/logo\/image\/"}},{"@type":"Person","@id":"https:\/\/gsantana2005.net\/#\/schema\/person\/78c90c6f49a46ef4c8e69bafec347cb7","name":"gsantana2005","image":{"@type":"ImageObject","inLanguage":"pt-BR","@id":"https:\/\/gsantana2005.net\/#\/schema\/person\/image\/","url":"https:\/\/secure.gravatar.com\/avatar\/db3aa311fa8063e1f4df6b2da249929f?s=96&d=mm&r=g","contentUrl":"https:\/\/secure.gravatar.com\/avatar\/db3aa311fa8063e1f4df6b2da249929f?s=96&d=mm&r=g","caption":"gsantana2005"},"sameAs":["http:\/\/gsantana2005.net"],"url":"https:\/\/gsantana2005.net\/author\/gsantana2005\/"}]}},"amp_enabled":true,"_links":{"self":[{"href":"https:\/\/gsantana2005.net\/index.php\/wp-json\/wp\/v2\/posts\/922"}],"collection":[{"href":"https:\/\/gsantana2005.net\/index.php\/wp-json\/wp\/v2\/posts"}],"about":[{"href":"https:\/\/gsantana2005.net\/index.php\/wp-json\/wp\/v2\/types\/post"}],"author":[{"embeddable":true,"href":"https:\/\/gsantana2005.net\/index.php\/wp-json\/wp\/v2\/users\/1"}],"replies":[{"embeddable":true,"href":"https:\/\/gsantana2005.net\/index.php\/wp-json\/wp\/v2\/comments?post=922"}],"version-history":[{"count":1,"href":"https:\/\/gsantana2005.net\/index.php\/wp-json\/wp\/v2\/posts\/922\/revisions"}],"predecessor-version":[{"id":924,"href":"https:\/\/gsantana2005.net\/index.php\/wp-json\/wp\/v2\/posts\/922\/revisions\/924"}],"wp:featuredmedia":[{"embeddable":true,"href":"https:\/\/gsantana2005.net\/index.php\/wp-json\/wp\/v2\/media\/923"}],"wp:attachment":[{"href":"https:\/\/gsantana2005.net\/index.php\/wp-json\/wp\/v2\/media?parent=922"}],"wp:term":[{"taxonomy":"category","embeddable":true,"href":"https:\/\/gsantana2005.net\/index.php\/wp-json\/wp\/v2\/categories?post=922"},{"taxonomy":"post_tag","embeddable":true,"href":"https:\/\/gsantana2005.net\/index.php\/wp-json\/wp\/v2\/tags?post=922"}],"curies":[{"name":"wp","href":"https:\/\/api.w.org\/{rel}","templated":true}]}}