{"id":926,"date":"2023-12-11T20:44:08","date_gmt":"2023-12-11T20:44:08","guid":{"rendered":"https:\/\/gsantana2005.net\/?p=926"},"modified":"2024-02-03T21:44:49","modified_gmt":"2024-02-03T21:44:49","slug":"a-importancia-de-reciclar-baterias-para-veiculos-eletricos","status":"publish","type":"post","link":"https:\/\/gsantana2005.net\/index.php\/2023\/12\/11\/a-importancia-de-reciclar-baterias-para-veiculos-eletricos\/","title":{"rendered":"A Import\u00e2ncia de Reciclar Baterias para Ve\u00edculos El\u00e9tricos"},"content":{"rendered":"\n<p>A Import\u00e2ncia de Reciclar Baterias para Ve\u00edculos El\u00e9tricos mostra a import\u00e2ncia da reciclagem e papel dos pa\u00edses nesse processo. Ent\u00e3o, com o aumento na produ\u00e7\u00e3o de baterias para ve\u00edculos el\u00e9tricos, a demanda por mat\u00e9rias-primas essenciais tamb\u00e9m est\u00e1 em ascens\u00e3o. Diante dos riscos \u00e0 cadeia de suprimentos, dos problemas ambientais e das prec\u00e1rias condi\u00e7\u00f5es de trabalho associadas \u00e0 minera\u00e7\u00e3o e transporte desses materiais, a reciclagem de componentes de baterias tornou-se uma quest\u00e3o crucial na pesquisa, na pol\u00edtica e na ind\u00fastria.<\/p>\n\n\n\n<h3 class=\"wp-block-heading\">Liderando a Inova\u00e7\u00e3o: A Pesquisa do Prof. Stephan von Delft<\/h3>\n\n\n\n<p>Dessa forma, O Prof. Stephan von Delft, da Universidade de M\u00fcnster (Alemanha), lidera uma equipe de pesquisadores das \u00e1reas cient\u00edficas, automotiva e de baterias. Ele investiga quando a demanda pelos tr\u00eas materiais mais importantes para baterias &#8211; l\u00edtio, cobalto e n\u00edquel. Dessa forma, o pesquisador acredito que pode atender totalmente a demanda de bateria  por meio da reciclagem, principalmente Europa, EUA e China. Em outras palavras, \u00e9 quando  economia ser\u00e1 completamente circular nessas regi\u00f5es. Al\u00e9m disso, a conclus\u00e3o da equipe \u00e9 que a China atingir\u00e1 esse objetivo primeiro, seguida pela Europa e pelos EUA.<\/p>\n\n\n\n<h3 class=\"wp-block-heading\">Desdobrando o Futuro Sustent\u00e1vel: Perspectivas para L\u00edtio, Cobalto e N\u00edquel<\/h3>\n\n\n\n<p>Ent\u00e3o os resultados da pesquisa indicam que a China pode utilizar a reciclagem para atender sua pr\u00f3pria demanda por l\u00edtio prim\u00e1rio  a partir de 2059. Por outro lado,  a Europa e os EUA, isso s\u00f3 ocorrer\u00e1 ap\u00f3s 2070. Quanto ao cobalto, espera-se que a reciclagem garanta que a China possa atender suas necessidades ap\u00f3s 2045. E na Europa, isso acontecer\u00e1 em 2052, e nos EUA, somente em 2056. Em rela\u00e7\u00e3o ao n\u00edquel: a China provavelmente poder\u00e1 atender \u00e0 demanda em 2046. Por outro lado, a Europa em 2058 e os EUA a partir de 2064.<\/p>\n\n\n\n<h3 class=\"wp-block-heading\">O Caminho para a Circularidade: Equilibrando Oferta e Demanda<\/h3>\n\n\n\n<p>Embora pesquisas anteriores tenham examinado o fornecimento de mat\u00e9rias-primas recicladas para baterias e sua demanda, at\u00e9 ent\u00e3o n\u00e3o estava claro quando a circularidade completa seria alcan\u00e7ada, com oferta e demanda se equilibrando (ponto de equil\u00edbrio). A equipe de pesquisadores tamb\u00e9m explorou a possibilidade de alcan\u00e7ar o equil\u00edbrio mais cedo do que previsto pelos desenvolvimentos atuais.<\/p>\n\n\n\n<h3 class=\"wp-block-heading\">Acelerando a Mudan\u00e7a: O Papel da Eletrifica\u00e7\u00e3o R\u00e1pida<\/h3>\n\n\n\n<p>&#8220;Sim, h\u00e1 possibilidades&#8221;, diz Stephan von Delft. &#8220;Nossa pesquisa mostra que, em particular, uma taxa mais r\u00e1pida de eletrifica\u00e7\u00e3o na ind\u00fastria automotiva, conforme discutido atualmente na Uni\u00e3o Europeia, desempenhar\u00e1 um papel nesse processo. A raz\u00e3o \u00e9 que, quanto mais r\u00e1pido os ve\u00edculos el\u00e9tricos se espalharem pelo mercado automotivo, mais cedo haver\u00e1 quantidades suficientes de baterias dispon\u00edveis para reciclagem.&#8221; Como acrescenta o estudante de doutorado Jannis Wesselk\u00e4mper, &#8220;a demanda por mat\u00e9rias-primas tamb\u00e9m poderia ser atendida muito antes por meio da reciclagem como resultado da redu\u00e7\u00e3o no tamanho das baterias e evitando um chamado &#8216;segundo ciclo&#8217; para as baterias, por exemplo, como unidades de armazenamento estacion\u00e1rio para energia solar.&#8221;<\/p>\n\n\n\n<h3 class=\"wp-block-heading\">Analisando o Futuro: Uso da An\u00e1lise de Fluxo de Material Din\u00e2mico<\/h3>\n\n\n\n<p>Os pesquisadores utilizaram uma an\u00e1lise de fluxo de material din\u00e2mico para calcular tanto a demanda futura quanto as mat\u00e9rias-primas recicl\u00e1veis dispon\u00edveis na \u00e9poca. A base de dados que a equipe usou consistiu em dados de trabalhos de pesquisa atuais e previs\u00f5es de mercado sobre desenvolvimentos na produ\u00e7\u00e3o e venda de baterias e a demanda associada por mat\u00e9rias-primas.<\/p>\n\n\n\n<p>A busca por uma economia circular na produ\u00e7\u00e3o de baterias para ve\u00edculos el\u00e9tricos n\u00e3o \u00e9 apenas uma aspira\u00e7\u00e3o, mas uma necessidade premente diante dos desafios ambientais e sociais inerentes \u00e0 produ\u00e7\u00e3o tradicional desses componentes. \u00c0 medida que a pesquisa avan\u00e7a e a conscientiza\u00e7\u00e3o aumenta, \u00e9 imperativo que governos, ind\u00fastrias e consumidores se unam para acelerar a transi\u00e7\u00e3o para pr\u00e1ticas mais sustent\u00e1veis. O futuro da mobilidade el\u00e9trica depende n\u00e3o apenas do avan\u00e7o tecnol\u00f3gico, mas tamb\u00e9m do compromisso global com a sustentabilidade.<\/p>\n\n\n\n<h2 class=\"wp-block-heading\">Convite especial para voc\u00ea<\/h2>\n\n\n\n<p>Depois deste artigo\u00a0<strong>A Import\u00e2ncia de Reciclar Baterias para Ve\u00edculos El\u00e9tricos<\/strong>\u00a0acredito que queira saber mais de nossa contribui\u00e7\u00e3o na \u00e1rea ambiental. N\u00e3o fique inibido entre em contato:\u00a0<a href=\"mailto:gsantana2005@gmail.com\">gsantana2005@gmail.com<\/a>\u00a0veja o nosso\u00a0<a href=\"https:\/\/www.instagram.com\/genilsonpereirasantana1\/\" rel=\"nofollow noopener\" target=\"_blank\">Instagram<\/a><\/p>\n\n\n\n<p>Al\u00e9m disso, j\u00e1 que voc\u00ea chegou at\u00e9 aqui descubra mais sobre n\u00f3s artigos abaixo:<\/p>\n\n\n\n<ul class=\"wp-block-list\">\n<li><a href=\"https:\/\/gsantana2005.net\/index.php\/2023\/11\/30\/desbloqueando-o-valor-oculto-reciclando-o-pequeno-para-um-grande-impacto\/\" target=\"_blank\" rel=\"noreferrer noopener\">Desbloqueando o valor oculto: Reciclando o pequeno para um grande impacto<\/a><\/li>\n\n\n\n<li><a href=\"https:\/\/gsantana2005.net\/index.php\/2023\/11\/29\/reduza-a-pegada-de-carbono-digital-da-sua-empresa-rumo-a-um-futuro-sustentavel\/\" target=\"_blank\" rel=\"noreferrer noopener\">Reduza a Pegada de Carbono Digital da sua Empresa: Rumo a um Futuro Sustent\u00e1vel<\/a><\/li>\n\n\n\n<li><a href=\"https:\/\/gsantana2005.net\/index.php\/2023\/11\/28\/navegando-na-controversia-da-acao-climatica-global-da-cop28-de-dubai\/\" target=\"_blank\" rel=\"noreferrer noopener\">Navegando na controv\u00e9rsia da A\u00e7\u00e3o Clim\u00e1tica Global da COP28 de Dubai<\/a><\/li>\n\n\n\n<li><a href=\"https:\/\/gsantana2005.net\/index.php\/2023\/11\/28\/rascunho-automaticodespedindo-se-dos-plasticos-descartaveis-o-futuro-sustentavel-das-embalagens-de-celulose\/\">Despedindo-se dos Pl\u00e1sticos Descart\u00e1veis: O Futuro Sustent\u00e1vel das Embalagens de Celulose!<\/a><\/li>\n<\/ul>\n\n\n\n<p>Ent\u00e3o, conhe\u00e7a tamb\u00e9m nossos cursos sobre&nbsp;<a href=\"https:\/\/gsantana2005.net\/index.php\/2023\/07\/21\/gestao-de-residuos\/\">Gest\u00e3o de res\u00edduos<\/a>&nbsp;e&nbsp;<a href=\"https:\/\/gsantana2005.net\/index.php\/2023\/08\/08\/tratamento-de-efluentes\/\">Tratamento de efluentes<\/a>. Maiores informa\u00e7\u00f5es:&nbsp;<a href=\"mailto:gsantana2005@gmail.com\">gsantana2005@gmail.com<\/a>&nbsp;ou 92 991227158 (WhatsApp)<\/p>\n","protected":false},"excerpt":{"rendered":"<p>A Import\u00e2ncia de Reciclar Baterias para Ve\u00edculos El\u00e9tricos mostra a import\u00e2ncia da reciclagem e papel dos pa\u00edses nesse processo. Ent\u00e3o, com o aumento na produ\u00e7\u00e3o de baterias para ve\u00edculos el\u00e9tricos, a demanda por mat\u00e9rias-primas essenciais tamb\u00e9m est\u00e1 em ascens\u00e3o. Diante dos riscos \u00e0 cadeia de suprimentos, dos problemas ambientais e das prec\u00e1rias condi\u00e7\u00f5es de trabalho [&hellip;]<\/p>\n","protected":false},"author":1,"featured_media":809,"comment_status":"open","ping_status":"closed","sticky":false,"template":"","format":"standard","meta":{"om_disable_all_campaigns":false,"_monsterinsights_skip_tracking":false,"_monsterinsights_sitenote_active":false,"_monsterinsights_sitenote_note":"","_monsterinsights_sitenote_category":0,"footnotes":"","_links_to":"","_links_to_target":""},"categories":[273,3,272],"tags":[392,136,395,393,396,394,390,391],"class_list":["post-926","post","type-post","status-publish","format-standard","has-post-thumbnail","hentry","category-economia-de-recursos","category-genilson-pereira-santana","category-energias-renovaveis","tag-circularidade-de-materiais","tag-economia-circular","tag-eletrificacao-rapida","tag-inovacao-ambiental","tag-materias-primas-reciclaveis","tag-pesquisa-sustentavel","tag-reciclagem-de-baterias","tag-sustentabilidade-automotiva"],"aioseo_notices":[],"yoast_head":"<!-- This site is optimized with the Yoast SEO plugin v24.5 - https:\/\/yoast.com\/wordpress\/plugins\/seo\/ -->\n<title>A Import\u00e2ncia de Reciclar Baterias para Ve\u00edculos El\u00e9tricos - gsantana2005<\/title>\n<meta name=\"description\" content=\"A Import\u00e2ncia de Reciclar Baterias para Ve\u00edculos El\u00e9tricos \u00e9 um artigo que mostra para voc\u00ea o papel da china nesse processo.\" \/>\n<meta name=\"robots\" content=\"index, follow, max-snippet:-1, max-image-preview:large, max-video-preview:-1\" \/>\n<link rel=\"canonical\" href=\"https:\/\/gsantana2005.net\/index.php\/2023\/12\/11\/a-importancia-de-reciclar-baterias-para-veiculos-eletricos\/\" \/>\n<meta property=\"og:locale\" content=\"pt_BR\" \/>\n<meta property=\"og:type\" content=\"article\" \/>\n<meta property=\"og:title\" content=\"A Import\u00e2ncia de Reciclar Baterias para Ve\u00edculos El\u00e9tricos - gsantana2005\" \/>\n<meta property=\"og:description\" content=\"A Import\u00e2ncia de Reciclar Baterias para Ve\u00edculos El\u00e9tricos \u00e9 um artigo que mostra para voc\u00ea o papel da china nesse processo.\" \/>\n<meta property=\"og:url\" content=\"https:\/\/gsantana2005.net\/index.php\/2023\/12\/11\/a-importancia-de-reciclar-baterias-para-veiculos-eletricos\/\" \/>\n<meta property=\"og:site_name\" content=\"gsantana2005\" \/>\n<meta property=\"article:published_time\" content=\"2023-12-11T20:44:08+00:00\" \/>\n<meta property=\"article:modified_time\" content=\"2024-02-03T21:44:49+00:00\" \/>\n<meta property=\"og:image\" content=\"http:\/\/gsantana2005.net\/wp-content\/uploads\/2023\/11\/carro-eletrico.jpg\" \/>\n\t<meta property=\"og:image:width\" content=\"1280\" \/>\n\t<meta property=\"og:image:height\" content=\"851\" \/>\n\t<meta property=\"og:image:type\" content=\"image\/jpeg\" \/>\n<meta name=\"author\" content=\"gsantana2005\" \/>\n<meta name=\"twitter:card\" content=\"summary_large_image\" \/>\n<meta name=\"twitter:label1\" content=\"Escrito por\" \/>\n\t<meta name=\"twitter:data1\" content=\"gsantana2005\" \/>\n\t<meta name=\"twitter:label2\" content=\"Est. tempo de leitura\" \/>\n\t<meta name=\"twitter:data2\" content=\"5 minutos\" \/>\n<script type=\"application\/ld+json\" class=\"yoast-schema-graph\">{\"@context\":\"https:\/\/schema.org\",\"@graph\":[{\"@type\":\"Article\",\"@id\":\"https:\/\/gsantana2005.net\/index.php\/2023\/12\/11\/a-importancia-de-reciclar-baterias-para-veiculos-eletricos\/#article\",\"isPartOf\":{\"@id\":\"https:\/\/gsantana2005.net\/index.php\/2023\/12\/11\/a-importancia-de-reciclar-baterias-para-veiculos-eletricos\/\"},\"author\":{\"name\":\"gsantana2005\",\"@id\":\"https:\/\/gsantana2005.net\/#\/schema\/person\/78c90c6f49a46ef4c8e69bafec347cb7\"},\"headline\":\"A Import\u00e2ncia de Reciclar Baterias para Ve\u00edculos El\u00e9tricos\",\"datePublished\":\"2023-12-11T20:44:08+00:00\",\"dateModified\":\"2024-02-03T21:44:49+00:00\",\"mainEntityOfPage\":{\"@id\":\"https:\/\/gsantana2005.net\/index.php\/2023\/12\/11\/a-importancia-de-reciclar-baterias-para-veiculos-eletricos\/\"},\"wordCount\":843,\"commentCount\":0,\"publisher\":{\"@id\":\"https:\/\/gsantana2005.net\/#organization\"},\"image\":{\"@id\":\"https:\/\/gsantana2005.net\/index.php\/2023\/12\/11\/a-importancia-de-reciclar-baterias-para-veiculos-eletricos\/#primaryimage\"},\"thumbnailUrl\":\"https:\/\/gsantana2005.net\/wp-content\/uploads\/2023\/11\/carro-eletrico.jpg\",\"keywords\":[\"Circularidade De Materiais\",\"economia circular\",\"Eletrifica\u00e7\u00e3o R\u00e1pida\",\"Inova\u00e7\u00e3o Ambiental\",\"Mat\u00e9rias Primas Recicl\u00e1veis\",\"Pesquisa Sustent\u00e1vel\",\"Reciclagem De Baterias\",\"Sustentabilidade Automotiva\"],\"articleSection\":[\"Economia de Recursos\",\"Dr Genilson Santana\",\"Energias Renov\u00e1veis\"],\"inLanguage\":\"pt-BR\",\"potentialAction\":[{\"@type\":\"CommentAction\",\"name\":\"Comment\",\"target\":[\"https:\/\/gsantana2005.net\/index.php\/2023\/12\/11\/a-importancia-de-reciclar-baterias-para-veiculos-eletricos\/#respond\"]}]},{\"@type\":\"WebPage\",\"@id\":\"https:\/\/gsantana2005.net\/index.php\/2023\/12\/11\/a-importancia-de-reciclar-baterias-para-veiculos-eletricos\/\",\"url\":\"https:\/\/gsantana2005.net\/index.php\/2023\/12\/11\/a-importancia-de-reciclar-baterias-para-veiculos-eletricos\/\",\"name\":\"A Import\u00e2ncia de Reciclar Baterias para Ve\u00edculos El\u00e9tricos - gsantana2005\",\"isPartOf\":{\"@id\":\"https:\/\/gsantana2005.net\/#website\"},\"primaryImageOfPage\":{\"@id\":\"https:\/\/gsantana2005.net\/index.php\/2023\/12\/11\/a-importancia-de-reciclar-baterias-para-veiculos-eletricos\/#primaryimage\"},\"image\":{\"@id\":\"https:\/\/gsantana2005.net\/index.php\/2023\/12\/11\/a-importancia-de-reciclar-baterias-para-veiculos-eletricos\/#primaryimage\"},\"thumbnailUrl\":\"https:\/\/gsantana2005.net\/wp-content\/uploads\/2023\/11\/carro-eletrico.jpg\",\"datePublished\":\"2023-12-11T20:44:08+00:00\",\"dateModified\":\"2024-02-03T21:44:49+00:00\",\"description\":\"A Import\u00e2ncia de Reciclar Baterias para Ve\u00edculos El\u00e9tricos \u00e9 um artigo que mostra para voc\u00ea o papel da china nesse processo.\",\"breadcrumb\":{\"@id\":\"https:\/\/gsantana2005.net\/index.php\/2023\/12\/11\/a-importancia-de-reciclar-baterias-para-veiculos-eletricos\/#breadcrumb\"},\"inLanguage\":\"pt-BR\",\"potentialAction\":[{\"@type\":\"ReadAction\",\"target\":[\"https:\/\/gsantana2005.net\/index.php\/2023\/12\/11\/a-importancia-de-reciclar-baterias-para-veiculos-eletricos\/\"]}]},{\"@type\":\"ImageObject\",\"inLanguage\":\"pt-BR\",\"@id\":\"https:\/\/gsantana2005.net\/index.php\/2023\/12\/11\/a-importancia-de-reciclar-baterias-para-veiculos-eletricos\/#primaryimage\",\"url\":\"https:\/\/gsantana2005.net\/wp-content\/uploads\/2023\/11\/carro-eletrico.jpg\",\"contentUrl\":\"https:\/\/gsantana2005.net\/wp-content\/uploads\/2023\/11\/carro-eletrico.jpg\",\"width\":1280,\"height\":851,\"caption\":\"carro el\u00e9trico\"},{\"@type\":\"BreadcrumbList\",\"@id\":\"https:\/\/gsantana2005.net\/index.php\/2023\/12\/11\/a-importancia-de-reciclar-baterias-para-veiculos-eletricos\/#breadcrumb\",\"itemListElement\":[{\"@type\":\"ListItem\",\"position\":1,\"name\":\"Home\",\"item\":\"https:\/\/gsantana2005.net\/\"},{\"@type\":\"ListItem\",\"position\":2,\"name\":\"A Import\u00e2ncia de Reciclar Baterias para Ve\u00edculos El\u00e9tricos\"}]},{\"@type\":\"WebSite\",\"@id\":\"https:\/\/gsantana2005.net\/#website\",\"url\":\"https:\/\/gsantana2005.net\/\",\"name\":\"gsantana2005\",\"description\":\"Sejamos sustent\u00e1veis\",\"publisher\":{\"@id\":\"https:\/\/gsantana2005.net\/#organization\"},\"potentialAction\":[{\"@type\":\"SearchAction\",\"target\":{\"@type\":\"EntryPoint\",\"urlTemplate\":\"https:\/\/gsantana2005.net\/?s={search_term_string}\"},\"query-input\":{\"@type\":\"PropertyValueSpecification\",\"valueRequired\":true,\"valueName\":\"search_term_string\"}}],\"inLanguage\":\"pt-BR\"},{\"@type\":\"Organization\",\"@id\":\"https:\/\/gsantana2005.net\/#organization\",\"name\":\"gsantana2005\",\"url\":\"https:\/\/gsantana2005.net\/\",\"logo\":{\"@type\":\"ImageObject\",\"inLanguage\":\"pt-BR\",\"@id\":\"https:\/\/gsantana2005.net\/#\/schema\/logo\/image\/\",\"url\":\"https:\/\/gsantana2005.net\/wp-content\/uploads\/2023\/06\/cropped-Gs-sem-fundo.jpg\",\"contentUrl\":\"https:\/\/gsantana2005.net\/wp-content\/uploads\/2023\/06\/cropped-Gs-sem-fundo.jpg\",\"width\":100,\"height\":100,\"caption\":\"gsantana2005\"},\"image\":{\"@id\":\"https:\/\/gsantana2005.net\/#\/schema\/logo\/image\/\"}},{\"@type\":\"Person\",\"@id\":\"https:\/\/gsantana2005.net\/#\/schema\/person\/78c90c6f49a46ef4c8e69bafec347cb7\",\"name\":\"gsantana2005\",\"image\":{\"@type\":\"ImageObject\",\"inLanguage\":\"pt-BR\",\"@id\":\"https:\/\/gsantana2005.net\/#\/schema\/person\/image\/\",\"url\":\"https:\/\/secure.gravatar.com\/avatar\/db3aa311fa8063e1f4df6b2da249929f?s=96&d=mm&r=g\",\"contentUrl\":\"https:\/\/secure.gravatar.com\/avatar\/db3aa311fa8063e1f4df6b2da249929f?s=96&d=mm&r=g\",\"caption\":\"gsantana2005\"},\"sameAs\":[\"http:\/\/gsantana2005.net\"],\"url\":\"https:\/\/gsantana2005.net\/author\/gsantana2005\/\"}]}<\/script>\n<!-- \/ Yoast SEO plugin. -->","yoast_head_json":{"title":"A Import\u00e2ncia de Reciclar Baterias para Ve\u00edculos El\u00e9tricos - gsantana2005","description":"A Import\u00e2ncia de Reciclar Baterias para Ve\u00edculos El\u00e9tricos \u00e9 um artigo que mostra para voc\u00ea o papel da china nesse processo.","robots":{"index":"index","follow":"follow","max-snippet":"max-snippet:-1","max-image-preview":"max-image-preview:large","max-video-preview":"max-video-preview:-1"},"canonical":"https:\/\/gsantana2005.net\/index.php\/2023\/12\/11\/a-importancia-de-reciclar-baterias-para-veiculos-eletricos\/","og_locale":"pt_BR","og_type":"article","og_title":"A Import\u00e2ncia de Reciclar Baterias para Ve\u00edculos El\u00e9tricos - gsantana2005","og_description":"A Import\u00e2ncia de Reciclar Baterias para Ve\u00edculos El\u00e9tricos \u00e9 um artigo que mostra para voc\u00ea o papel da china nesse processo.","og_url":"https:\/\/gsantana2005.net\/index.php\/2023\/12\/11\/a-importancia-de-reciclar-baterias-para-veiculos-eletricos\/","og_site_name":"gsantana2005","article_published_time":"2023-12-11T20:44:08+00:00","article_modified_time":"2024-02-03T21:44:49+00:00","og_image":[{"width":1280,"height":851,"url":"http:\/\/gsantana2005.net\/wp-content\/uploads\/2023\/11\/carro-eletrico.jpg","type":"image\/jpeg"}],"author":"gsantana2005","twitter_card":"summary_large_image","twitter_misc":{"Escrito por":"gsantana2005","Est. tempo de leitura":"5 minutos"},"schema":{"@context":"https:\/\/schema.org","@graph":[{"@type":"Article","@id":"https:\/\/gsantana2005.net\/index.php\/2023\/12\/11\/a-importancia-de-reciclar-baterias-para-veiculos-eletricos\/#article","isPartOf":{"@id":"https:\/\/gsantana2005.net\/index.php\/2023\/12\/11\/a-importancia-de-reciclar-baterias-para-veiculos-eletricos\/"},"author":{"name":"gsantana2005","@id":"https:\/\/gsantana2005.net\/#\/schema\/person\/78c90c6f49a46ef4c8e69bafec347cb7"},"headline":"A Import\u00e2ncia de Reciclar Baterias para Ve\u00edculos El\u00e9tricos","datePublished":"2023-12-11T20:44:08+00:00","dateModified":"2024-02-03T21:44:49+00:00","mainEntityOfPage":{"@id":"https:\/\/gsantana2005.net\/index.php\/2023\/12\/11\/a-importancia-de-reciclar-baterias-para-veiculos-eletricos\/"},"wordCount":843,"commentCount":0,"publisher":{"@id":"https:\/\/gsantana2005.net\/#organization"},"image":{"@id":"https:\/\/gsantana2005.net\/index.php\/2023\/12\/11\/a-importancia-de-reciclar-baterias-para-veiculos-eletricos\/#primaryimage"},"thumbnailUrl":"https:\/\/gsantana2005.net\/wp-content\/uploads\/2023\/11\/carro-eletrico.jpg","keywords":["Circularidade De Materiais","economia circular","Eletrifica\u00e7\u00e3o R\u00e1pida","Inova\u00e7\u00e3o Ambiental","Mat\u00e9rias Primas Recicl\u00e1veis","Pesquisa Sustent\u00e1vel","Reciclagem De Baterias","Sustentabilidade Automotiva"],"articleSection":["Economia de Recursos","Dr Genilson Santana","Energias Renov\u00e1veis"],"inLanguage":"pt-BR","potentialAction":[{"@type":"CommentAction","name":"Comment","target":["https:\/\/gsantana2005.net\/index.php\/2023\/12\/11\/a-importancia-de-reciclar-baterias-para-veiculos-eletricos\/#respond"]}]},{"@type":"WebPage","@id":"https:\/\/gsantana2005.net\/index.php\/2023\/12\/11\/a-importancia-de-reciclar-baterias-para-veiculos-eletricos\/","url":"https:\/\/gsantana2005.net\/index.php\/2023\/12\/11\/a-importancia-de-reciclar-baterias-para-veiculos-eletricos\/","name":"A Import\u00e2ncia de Reciclar Baterias para Ve\u00edculos El\u00e9tricos - gsantana2005","isPartOf":{"@id":"https:\/\/gsantana2005.net\/#website"},"primaryImageOfPage":{"@id":"https:\/\/gsantana2005.net\/index.php\/2023\/12\/11\/a-importancia-de-reciclar-baterias-para-veiculos-eletricos\/#primaryimage"},"image":{"@id":"https:\/\/gsantana2005.net\/index.php\/2023\/12\/11\/a-importancia-de-reciclar-baterias-para-veiculos-eletricos\/#primaryimage"},"thumbnailUrl":"https:\/\/gsantana2005.net\/wp-content\/uploads\/2023\/11\/carro-eletrico.jpg","datePublished":"2023-12-11T20:44:08+00:00","dateModified":"2024-02-03T21:44:49+00:00","description":"A Import\u00e2ncia de Reciclar Baterias para Ve\u00edculos El\u00e9tricos \u00e9 um artigo que mostra para voc\u00ea o papel da china nesse processo.","breadcrumb":{"@id":"https:\/\/gsantana2005.net\/index.php\/2023\/12\/11\/a-importancia-de-reciclar-baterias-para-veiculos-eletricos\/#breadcrumb"},"inLanguage":"pt-BR","potentialAction":[{"@type":"ReadAction","target":["https:\/\/gsantana2005.net\/index.php\/2023\/12\/11\/a-importancia-de-reciclar-baterias-para-veiculos-eletricos\/"]}]},{"@type":"ImageObject","inLanguage":"pt-BR","@id":"https:\/\/gsantana2005.net\/index.php\/2023\/12\/11\/a-importancia-de-reciclar-baterias-para-veiculos-eletricos\/#primaryimage","url":"https:\/\/gsantana2005.net\/wp-content\/uploads\/2023\/11\/carro-eletrico.jpg","contentUrl":"https:\/\/gsantana2005.net\/wp-content\/uploads\/2023\/11\/carro-eletrico.jpg","width":1280,"height":851,"caption":"carro el\u00e9trico"},{"@type":"BreadcrumbList","@id":"https:\/\/gsantana2005.net\/index.php\/2023\/12\/11\/a-importancia-de-reciclar-baterias-para-veiculos-eletricos\/#breadcrumb","itemListElement":[{"@type":"ListItem","position":1,"name":"Home","item":"https:\/\/gsantana2005.net\/"},{"@type":"ListItem","position":2,"name":"A Import\u00e2ncia de Reciclar Baterias para Ve\u00edculos El\u00e9tricos"}]},{"@type":"WebSite","@id":"https:\/\/gsantana2005.net\/#website","url":"https:\/\/gsantana2005.net\/","name":"gsantana2005","description":"Sejamos sustent\u00e1veis","publisher":{"@id":"https:\/\/gsantana2005.net\/#organization"},"potentialAction":[{"@type":"SearchAction","target":{"@type":"EntryPoint","urlTemplate":"https:\/\/gsantana2005.net\/?s={search_term_string}"},"query-input":{"@type":"PropertyValueSpecification","valueRequired":true,"valueName":"search_term_string"}}],"inLanguage":"pt-BR"},{"@type":"Organization","@id":"https:\/\/gsantana2005.net\/#organization","name":"gsantana2005","url":"https:\/\/gsantana2005.net\/","logo":{"@type":"ImageObject","inLanguage":"pt-BR","@id":"https:\/\/gsantana2005.net\/#\/schema\/logo\/image\/","url":"https:\/\/gsantana2005.net\/wp-content\/uploads\/2023\/06\/cropped-Gs-sem-fundo.jpg","contentUrl":"https:\/\/gsantana2005.net\/wp-content\/uploads\/2023\/06\/cropped-Gs-sem-fundo.jpg","width":100,"height":100,"caption":"gsantana2005"},"image":{"@id":"https:\/\/gsantana2005.net\/#\/schema\/logo\/image\/"}},{"@type":"Person","@id":"https:\/\/gsantana2005.net\/#\/schema\/person\/78c90c6f49a46ef4c8e69bafec347cb7","name":"gsantana2005","image":{"@type":"ImageObject","inLanguage":"pt-BR","@id":"https:\/\/gsantana2005.net\/#\/schema\/person\/image\/","url":"https:\/\/secure.gravatar.com\/avatar\/db3aa311fa8063e1f4df6b2da249929f?s=96&d=mm&r=g","contentUrl":"https:\/\/secure.gravatar.com\/avatar\/db3aa311fa8063e1f4df6b2da249929f?s=96&d=mm&r=g","caption":"gsantana2005"},"sameAs":["http:\/\/gsantana2005.net"],"url":"https:\/\/gsantana2005.net\/author\/gsantana2005\/"}]}},"amp_enabled":true,"_links":{"self":[{"href":"https:\/\/gsantana2005.net\/index.php\/wp-json\/wp\/v2\/posts\/926"}],"collection":[{"href":"https:\/\/gsantana2005.net\/index.php\/wp-json\/wp\/v2\/posts"}],"about":[{"href":"https:\/\/gsantana2005.net\/index.php\/wp-json\/wp\/v2\/types\/post"}],"author":[{"embeddable":true,"href":"https:\/\/gsantana2005.net\/index.php\/wp-json\/wp\/v2\/users\/1"}],"replies":[{"embeddable":true,"href":"https:\/\/gsantana2005.net\/index.php\/wp-json\/wp\/v2\/comments?post=926"}],"version-history":[{"count":1,"href":"https:\/\/gsantana2005.net\/index.php\/wp-json\/wp\/v2\/posts\/926\/revisions"}],"predecessor-version":[{"id":927,"href":"https:\/\/gsantana2005.net\/index.php\/wp-json\/wp\/v2\/posts\/926\/revisions\/927"}],"wp:featuredmedia":[{"embeddable":true,"href":"https:\/\/gsantana2005.net\/index.php\/wp-json\/wp\/v2\/media\/809"}],"wp:attachment":[{"href":"https:\/\/gsantana2005.net\/index.php\/wp-json\/wp\/v2\/media?parent=926"}],"wp:term":[{"taxonomy":"category","embeddable":true,"href":"https:\/\/gsantana2005.net\/index.php\/wp-json\/wp\/v2\/categories?post=926"},{"taxonomy":"post_tag","embeddable":true,"href":"https:\/\/gsantana2005.net\/index.php\/wp-json\/wp\/v2\/tags?post=926"}],"curies":[{"name":"wp","href":"https:\/\/api.w.org\/{rel}","templated":true}]}}