{"id":936,"date":"2023-12-15T03:21:49","date_gmt":"2023-12-15T03:21:49","guid":{"rendered":"https:\/\/gsantana2005.net\/?p=936"},"modified":"2024-02-03T21:38:40","modified_gmt":"2024-02-03T21:38:40","slug":"desbloqueando-o-potencial-global-da-reciclagem-de-plastico","status":"publish","type":"post","link":"https:\/\/gsantana2005.net\/index.php\/2023\/12\/15\/desbloqueando-o-potencial-global-da-reciclagem-de-plastico\/","title":{"rendered":"Desbloqueando o Potencial Global da Reciclagem de Pl\u00e1stico: Um Apelo \u00e0 A\u00e7\u00e3o Coletiva"},"content":{"rendered":"\n<p><strong>Desbloqueando o Potencial Global da Reciclagem de Pl\u00e1stico: Um Apelo \u00e0 A\u00e7\u00e3o Coletiva<\/strong> aponta para voc\u00ea novos caminhos para  os res\u00edduos pl\u00e1stico. Ent\u00e3o, uma nova pesquisa destaca caminhos potenciais para aumentar significativamente as taxas de coleta de res\u00edduos e reciclagem de pl\u00e1stico em todo o mundo. Dessa forma, o &#8220;<a href=\"https:\/\/endplasticwaste.org\/en\/our-stories\/rb-recycling-framework\" target=\"_blank\" rel=\"noreferrer noopener nofollow\"><em><strong>Plastic Waste Management Framework<\/strong><\/em><\/a>&#8221; apresenta um conjunto de alavancas pol\u00edticas e a\u00e7\u00f5es fact\u00edveis  para desenvolver planos de a\u00e7\u00e3o entre os pa\u00edses, impulsionando sistemas avan\u00e7ados de gest\u00e3o de res\u00edduos. Assim iniciativa a organiza\u00e7\u00e3o sem fins lucrativos<em><strong> Alliance to End Plastic Waste<\/strong><\/em>, com o suporte da consultoria Roland Berger lidera a iniciativa.<\/p>\n\n\n\n<p>Dessa forma, a an\u00e1lise abrangente classificou 192 pa\u00edses em seis categorias de maturidade em gest\u00e3o e reciclagem de res\u00edduos pl\u00e1sticos. Essas categorias foram baseadas em caracter\u00edsticas como infraestrutura de gest\u00e3o de res\u00edduos e reciclagem, arcabou\u00e7o legislativo e modelos operacionais. Essas categorias representam um panorama global da situa\u00e7\u00e3o atual e fornecem insights cruciais para a cria\u00e7\u00e3o de estrat\u00e9gias eficazes.<\/p>\n\n\n\n<h3 class=\"wp-block-heading\">Categoria 1 \u2013 Sistemas N\u00e3o Desenvolvidos:<\/h3>\n\n\n\n<p>Pa\u00edses nesta categoria carecem de infraestrutura b\u00e1sica para a gest\u00e3o de res\u00edduos, apresentando uma taxa de reciclagem de at\u00e9 5%. Exemplos incluem Qu\u00eania, Iraque e Congo. \u00c9 imperativo para esses pa\u00edses investir urgentemente em infraestrutura b\u00e1sica para melhorar as condi\u00e7\u00f5es ambientais e promover uma economia circular.<\/p>\n\n\n\n<h3 class=\"wp-block-heading\">Categoria 2 \u2013 Sistemas Incipientes:<\/h3>\n\n\n\n<p>Estes pa\u00edses possuem regulamenta\u00e7\u00f5es b\u00e1sicas, mas sua infraestrutura de coleta e tratamento de res\u00edduos \u00e9 limitada. Com taxas de reciclagem de at\u00e9 10%, pa\u00edses como Indon\u00e9sia, Egito e Ar\u00e1bia Saudita precisam expandir suas capacidades de gest\u00e3o de res\u00edduos.<\/p>\n\n\n\n<h3 class=\"wp-block-heading\">Categoria 3 \u2013 Sistemas em Desenvolvimento:<\/h3>\n\n\n\n<p>Nestes pa\u00edses, sistemas funcionais de gest\u00e3o de res\u00edduos est\u00e3o presentes, mas a coleta, triagem, incinera\u00e7\u00e3o e reciclagem s\u00e3o desenvolvidas apenas at\u00e9 o ponto justificado pelo valor econ\u00f4mico intr\u00ednseco. Pa\u00edses como China, M\u00e9xico e Austr\u00e1lia devem buscar pol\u00edticas adicionais para impulsionar as taxas de reciclagem al\u00e9m de 15%.<\/p>\n\n\n\n<h3 class=\"wp-block-heading\">Categoria 4 \u2013 Sistemas Funcionais, Largamente N\u00e3o Regulamentados:<\/h3>\n\n\n\n<p>Pa\u00edses nesta categoria t\u00eam taxas de reciclagem de cerca de 25%, impulsionadas principalmente por press\u00f5es regulat\u00f3rias. O Reino Unido, \u00cdndia e Turquia precisam fortalecer regulamenta\u00e7\u00f5es para avan\u00e7ar para n\u00edveis mais altos de reciclagem.<\/p>\n\n\n\n<h3 class=\"wp-block-heading\">Categoria 5 \u2013 Sistemas Avan\u00e7ados com Desafios:<\/h3>\n\n\n\n<p>Estes pa\u00edses atingem taxas de reciclagem de at\u00e9 40%, mas ainda enfrentam desafios em segmentos espec\u00edficos da cadeia de valor. Jap\u00e3o, It\u00e1lia e Fran\u00e7a precisam abordar esses desafios para consolidar seu progresso.<\/p>\n\n\n\n<h3 class=\"wp-block-heading\"><strong>Categoria 6 \u2013 Sistemas Desenvolvidos e Eficientes:<\/strong><\/h3>\n\n\n\n<p>Os pa\u00edses mais avan\u00e7ados, como Alemanha, B\u00e9lgica e Holanda, alcan\u00e7am taxas de reciclagem superiores a 40%, servindo como exemplos globais de melhores pr\u00e1ticas. Outros pa\u00edses podem aprender com suas abordagens inovadoras e eficientes.<\/p>\n\n\n\n<h3 class=\"wp-block-heading\">Conclus\u00e3o<\/h3>\n\n\n\n<p>Esta pesquisa n\u00e3o apenas aponta desafios, mas oferece uma oportunidade \u00fanica para pa\u00edses em todas as categorias colaborarem. A comunidade global deve promover a troca de conhecimentos e recursos para impulsionar a gest\u00e3o de res\u00edduos e reciclagem de pl\u00e1stico. Ao fazer isso, podemos transformar o desafio global do pl\u00e1stico em uma oportunidade coletiva de criar um mundo mais sustent\u00e1vel para as gera\u00e7\u00f5es futuras. O tempo de agir \u00e9 agora.<\/p>\n\n\n\n<h2 class=\"wp-block-heading\">Convite especial para voc\u00ea<\/h2>\n\n\n\n<p>Depois deste artigo\u00a0Desbloqueando o Potencial Global da Reciclagem de Pl\u00e1stico: Um Apelo \u00e0 A\u00e7\u00e3o Coletiva\u00a0acredito que queira saber mais de nossa contribui\u00e7\u00e3o na \u00e1rea ambiental. N\u00e3o fique inibido entre em contato:\u00a0<a href=\"mailto:gsantana2005@gmail.com\">gsantana2005@gmail.com<\/a>\u00a0veja o nosso\u00a0<a href=\"https:\/\/www.instagram.com\/genilsonpereirasantana1\/\" rel=\"nofollow noopener\" target=\"_blank\">Instagram<\/a><\/p>\n\n\n\n<p>Al\u00e9m disso, j\u00e1 que voc\u00ea chegou at\u00e9 aqui descubra mais sobre n\u00f3s artigos abaixo:<\/p>\n\n\n\n<ul class=\"wp-block-list\">\n<li><a href=\"https:\/\/gsantana2005.net\/index.php\/2023\/11\/30\/desbloqueando-o-valor-oculto-reciclando-o-pequeno-para-um-grande-impacto\/\" target=\"_blank\" rel=\"noreferrer noopener\">Desbloqueando o valor oculto: Reciclando o pequeno para um grande impacto<\/a><\/li>\n\n\n\n<li><a href=\"https:\/\/gsantana2005.net\/index.php\/2023\/11\/29\/reduza-a-pegada-de-carbono-digital-da-sua-empresa-rumo-a-um-futuro-sustentavel\/\" target=\"_blank\" rel=\"noreferrer noopener\">Reduza a Pegada de Carbono Digital da sua Empresa: Rumo a um Futuro Sustent\u00e1vel<\/a><\/li>\n\n\n\n<li><a href=\"https:\/\/gsantana2005.net\/index.php\/2023\/11\/28\/navegando-na-controversia-da-acao-climatica-global-da-cop28-de-dubai\/\" target=\"_blank\" rel=\"noreferrer noopener\">Navegando na controv\u00e9rsia da A\u00e7\u00e3o Clim\u00e1tica Global da COP28 de Dubai<\/a><\/li>\n\n\n\n<li><a href=\"https:\/\/gsantana2005.net\/index.php\/2023\/11\/28\/rascunho-automaticodespedindo-se-dos-plasticos-descartaveis-o-futuro-sustentavel-das-embalagens-de-celulose\/\">Despedindo-se dos Pl\u00e1sticos Descart\u00e1veis: O Futuro Sustent\u00e1vel das Embalagens de Celulose!<\/a><\/li>\n<\/ul>\n\n\n\n<p>Ent\u00e3o, conhe\u00e7a tamb\u00e9m nossos cursos sobre&nbsp;<a href=\"https:\/\/gsantana2005.net\/index.php\/2023\/07\/21\/gestao-de-residuos\/\">Gest\u00e3o de res\u00edduos<\/a>&nbsp;e&nbsp;<a href=\"https:\/\/gsantana2005.net\/index.php\/2023\/08\/08\/tratamento-de-efluentes\/\">Tratamento de efluentes<\/a>. Maiores informa\u00e7\u00f5es:&nbsp;<a href=\"mailto:gsantana2005@gmail.com\">gsantana2005@gmail.com<\/a>&nbsp;ou 92 991227158 (WhatsApp)<\/p>\n","protected":false},"excerpt":{"rendered":"<p>Desbloqueando o Potencial Global da Reciclagem de Pl\u00e1stico: Um Apelo \u00e0 A\u00e7\u00e3o Coletiva aponta para voc\u00ea novos caminhos para os res\u00edduos pl\u00e1stico. Ent\u00e3o, uma nova pesquisa destaca caminhos potenciais para aumentar significativamente as taxas de coleta de res\u00edduos e reciclagem de pl\u00e1stico em todo o mundo. Dessa forma, o &#8220;Plastic Waste Management Framework&#8221; apresenta um [&hellip;]<\/p>\n","protected":false},"author":1,"featured_media":819,"comment_status":"open","ping_status":"closed","sticky":false,"template":"","format":"standard","meta":{"om_disable_all_campaigns":false,"_monsterinsights_skip_tracking":false,"_monsterinsights_sitenote_active":false,"_monsterinsights_sitenote_note":"","_monsterinsights_sitenote_category":0,"footnotes":"","_links_to":"","_links_to_target":""},"categories":[273,3],"tags":[373,372,136,369,371,370,225,285],"class_list":["post-936","post","type-post","status-publish","format-standard","has-post-thumbnail","hentry","category-economia-de-recursos","category-genilson-pereira-santana","tag-acao-coletiva","tag-desafios-estrategicos","tag-economia-circular","tag-gestao-de-residuos","tag-iniciativa-global","tag-plastic-waste-management","tag-reciclagem-de-plastico","tag-sustentabilidade-ambiental"],"aioseo_notices":[],"yoast_head":"<!-- This site is optimized with the Yoast SEO plugin v24.5 - https:\/\/yoast.com\/wordpress\/plugins\/seo\/ -->\n<title>Desbloqueando o Potencial Global da Reciclagem de Pl\u00e1stico: Um Apelo \u00e0 A\u00e7\u00e3o Coletiva - gsantana2005<\/title>\n<meta name=\"description\" content=\"Desbloqueando o Potencial Global da Reciclagem de Pl\u00e1stico: Um Apelo \u00e0 A\u00e7\u00e3o Coletiva apresenta uma nova divis\u00e3o para os res\u00edduos pl\u00e1sticos\" \/>\n<meta name=\"robots\" content=\"index, follow, max-snippet:-1, max-image-preview:large, max-video-preview:-1\" \/>\n<link rel=\"canonical\" href=\"https:\/\/gsantana2005.net\/index.php\/2023\/12\/15\/desbloqueando-o-potencial-global-da-reciclagem-de-plastico\/\" \/>\n<meta property=\"og:locale\" content=\"pt_BR\" \/>\n<meta property=\"og:type\" content=\"article\" \/>\n<meta property=\"og:title\" content=\"Desbloqueando o Potencial Global da Reciclagem de Pl\u00e1stico: Um Apelo \u00e0 A\u00e7\u00e3o Coletiva - gsantana2005\" \/>\n<meta property=\"og:description\" content=\"Desbloqueando o Potencial Global da Reciclagem de Pl\u00e1stico: Um Apelo \u00e0 A\u00e7\u00e3o Coletiva apresenta uma nova divis\u00e3o para os res\u00edduos pl\u00e1sticos\" \/>\n<meta property=\"og:url\" content=\"https:\/\/gsantana2005.net\/index.php\/2023\/12\/15\/desbloqueando-o-potencial-global-da-reciclagem-de-plastico\/\" \/>\n<meta property=\"og:site_name\" content=\"gsantana2005\" \/>\n<meta property=\"article:published_time\" content=\"2023-12-15T03:21:49+00:00\" \/>\n<meta property=\"article:modified_time\" content=\"2024-02-03T21:38:40+00:00\" \/>\n<meta property=\"og:image\" content=\"http:\/\/gsantana2005.net\/wp-content\/uploads\/2023\/11\/produtos-de-limpeza-naturais.jpg\" \/>\n\t<meta property=\"og:image:width\" content=\"1024\" \/>\n\t<meta property=\"og:image:height\" content=\"683\" \/>\n\t<meta property=\"og:image:type\" content=\"image\/jpeg\" \/>\n<meta name=\"author\" content=\"gsantana2005\" \/>\n<meta name=\"twitter:card\" content=\"summary_large_image\" \/>\n<meta name=\"twitter:label1\" content=\"Escrito por\" \/>\n\t<meta name=\"twitter:data1\" content=\"gsantana2005\" \/>\n\t<meta name=\"twitter:label2\" content=\"Est. tempo de leitura\" \/>\n\t<meta name=\"twitter:data2\" content=\"4 minutos\" \/>\n<script type=\"application\/ld+json\" class=\"yoast-schema-graph\">{\"@context\":\"https:\/\/schema.org\",\"@graph\":[{\"@type\":\"Article\",\"@id\":\"https:\/\/gsantana2005.net\/index.php\/2023\/12\/15\/desbloqueando-o-potencial-global-da-reciclagem-de-plastico\/#article\",\"isPartOf\":{\"@id\":\"https:\/\/gsantana2005.net\/index.php\/2023\/12\/15\/desbloqueando-o-potencial-global-da-reciclagem-de-plastico\/\"},\"author\":{\"name\":\"gsantana2005\",\"@id\":\"https:\/\/gsantana2005.net\/#\/schema\/person\/78c90c6f49a46ef4c8e69bafec347cb7\"},\"headline\":\"Desbloqueando o Potencial Global da Reciclagem de Pl\u00e1stico: Um Apelo \u00e0 A\u00e7\u00e3o Coletiva\",\"datePublished\":\"2023-12-15T03:21:49+00:00\",\"dateModified\":\"2024-02-03T21:38:40+00:00\",\"mainEntityOfPage\":{\"@id\":\"https:\/\/gsantana2005.net\/index.php\/2023\/12\/15\/desbloqueando-o-potencial-global-da-reciclagem-de-plastico\/\"},\"wordCount\":722,\"commentCount\":0,\"publisher\":{\"@id\":\"https:\/\/gsantana2005.net\/#organization\"},\"image\":{\"@id\":\"https:\/\/gsantana2005.net\/index.php\/2023\/12\/15\/desbloqueando-o-potencial-global-da-reciclagem-de-plastico\/#primaryimage\"},\"thumbnailUrl\":\"https:\/\/gsantana2005.net\/wp-content\/uploads\/2023\/11\/produtos-de-limpeza-naturais.jpg\",\"keywords\":[\"A\u00e7\u00e3o Coletiva\",\"Desafios Estrat\u00e9gicos\",\"economia circular\",\"Gest\u00e3o De Res\u00edduos\",\"Iniciativa Global\",\"Plastic Waste Management\",\"reciclagem de pl\u00e1stico\",\"Sustentabilidade Ambiental\"],\"articleSection\":[\"Economia de Recursos\",\"Dr Genilson Santana\"],\"inLanguage\":\"pt-BR\",\"potentialAction\":[{\"@type\":\"CommentAction\",\"name\":\"Comment\",\"target\":[\"https:\/\/gsantana2005.net\/index.php\/2023\/12\/15\/desbloqueando-o-potencial-global-da-reciclagem-de-plastico\/#respond\"]}]},{\"@type\":\"WebPage\",\"@id\":\"https:\/\/gsantana2005.net\/index.php\/2023\/12\/15\/desbloqueando-o-potencial-global-da-reciclagem-de-plastico\/\",\"url\":\"https:\/\/gsantana2005.net\/index.php\/2023\/12\/15\/desbloqueando-o-potencial-global-da-reciclagem-de-plastico\/\",\"name\":\"Desbloqueando o Potencial Global da Reciclagem de Pl\u00e1stico: Um Apelo \u00e0 A\u00e7\u00e3o Coletiva - gsantana2005\",\"isPartOf\":{\"@id\":\"https:\/\/gsantana2005.net\/#website\"},\"primaryImageOfPage\":{\"@id\":\"https:\/\/gsantana2005.net\/index.php\/2023\/12\/15\/desbloqueando-o-potencial-global-da-reciclagem-de-plastico\/#primaryimage\"},\"image\":{\"@id\":\"https:\/\/gsantana2005.net\/index.php\/2023\/12\/15\/desbloqueando-o-potencial-global-da-reciclagem-de-plastico\/#primaryimage\"},\"thumbnailUrl\":\"https:\/\/gsantana2005.net\/wp-content\/uploads\/2023\/11\/produtos-de-limpeza-naturais.jpg\",\"datePublished\":\"2023-12-15T03:21:49+00:00\",\"dateModified\":\"2024-02-03T21:38:40+00:00\",\"description\":\"Desbloqueando o Potencial Global da Reciclagem de Pl\u00e1stico: Um Apelo \u00e0 A\u00e7\u00e3o Coletiva apresenta uma nova divis\u00e3o para os res\u00edduos pl\u00e1sticos\",\"breadcrumb\":{\"@id\":\"https:\/\/gsantana2005.net\/index.php\/2023\/12\/15\/desbloqueando-o-potencial-global-da-reciclagem-de-plastico\/#breadcrumb\"},\"inLanguage\":\"pt-BR\",\"potentialAction\":[{\"@type\":\"ReadAction\",\"target\":[\"https:\/\/gsantana2005.net\/index.php\/2023\/12\/15\/desbloqueando-o-potencial-global-da-reciclagem-de-plastico\/\"]}]},{\"@type\":\"ImageObject\",\"inLanguage\":\"pt-BR\",\"@id\":\"https:\/\/gsantana2005.net\/index.php\/2023\/12\/15\/desbloqueando-o-potencial-global-da-reciclagem-de-plastico\/#primaryimage\",\"url\":\"https:\/\/gsantana2005.net\/wp-content\/uploads\/2023\/11\/produtos-de-limpeza-naturais.jpg\",\"contentUrl\":\"https:\/\/gsantana2005.net\/wp-content\/uploads\/2023\/11\/produtos-de-limpeza-naturais.jpg\",\"width\":1024,\"height\":683,\"caption\":\"Produtos de limpeza natural\"},{\"@type\":\"BreadcrumbList\",\"@id\":\"https:\/\/gsantana2005.net\/index.php\/2023\/12\/15\/desbloqueando-o-potencial-global-da-reciclagem-de-plastico\/#breadcrumb\",\"itemListElement\":[{\"@type\":\"ListItem\",\"position\":1,\"name\":\"Home\",\"item\":\"https:\/\/gsantana2005.net\/\"},{\"@type\":\"ListItem\",\"position\":2,\"name\":\"Desbloqueando o Potencial Global da Reciclagem de Pl\u00e1stico: Um Apelo \u00e0 A\u00e7\u00e3o Coletiva\"}]},{\"@type\":\"WebSite\",\"@id\":\"https:\/\/gsantana2005.net\/#website\",\"url\":\"https:\/\/gsantana2005.net\/\",\"name\":\"gsantana2005\",\"description\":\"Sejamos sustent\u00e1veis\",\"publisher\":{\"@id\":\"https:\/\/gsantana2005.net\/#organization\"},\"potentialAction\":[{\"@type\":\"SearchAction\",\"target\":{\"@type\":\"EntryPoint\",\"urlTemplate\":\"https:\/\/gsantana2005.net\/?s={search_term_string}\"},\"query-input\":{\"@type\":\"PropertyValueSpecification\",\"valueRequired\":true,\"valueName\":\"search_term_string\"}}],\"inLanguage\":\"pt-BR\"},{\"@type\":\"Organization\",\"@id\":\"https:\/\/gsantana2005.net\/#organization\",\"name\":\"gsantana2005\",\"url\":\"https:\/\/gsantana2005.net\/\",\"logo\":{\"@type\":\"ImageObject\",\"inLanguage\":\"pt-BR\",\"@id\":\"https:\/\/gsantana2005.net\/#\/schema\/logo\/image\/\",\"url\":\"https:\/\/gsantana2005.net\/wp-content\/uploads\/2023\/06\/cropped-Gs-sem-fundo.jpg\",\"contentUrl\":\"https:\/\/gsantana2005.net\/wp-content\/uploads\/2023\/06\/cropped-Gs-sem-fundo.jpg\",\"width\":100,\"height\":100,\"caption\":\"gsantana2005\"},\"image\":{\"@id\":\"https:\/\/gsantana2005.net\/#\/schema\/logo\/image\/\"}},{\"@type\":\"Person\",\"@id\":\"https:\/\/gsantana2005.net\/#\/schema\/person\/78c90c6f49a46ef4c8e69bafec347cb7\",\"name\":\"gsantana2005\",\"image\":{\"@type\":\"ImageObject\",\"inLanguage\":\"pt-BR\",\"@id\":\"https:\/\/gsantana2005.net\/#\/schema\/person\/image\/\",\"url\":\"https:\/\/secure.gravatar.com\/avatar\/db3aa311fa8063e1f4df6b2da249929f?s=96&d=mm&r=g\",\"contentUrl\":\"https:\/\/secure.gravatar.com\/avatar\/db3aa311fa8063e1f4df6b2da249929f?s=96&d=mm&r=g\",\"caption\":\"gsantana2005\"},\"sameAs\":[\"http:\/\/gsantana2005.net\"],\"url\":\"https:\/\/gsantana2005.net\/author\/gsantana2005\/\"}]}<\/script>\n<!-- \/ Yoast SEO plugin. -->","yoast_head_json":{"title":"Desbloqueando o Potencial Global da Reciclagem de Pl\u00e1stico: Um Apelo \u00e0 A\u00e7\u00e3o Coletiva - gsantana2005","description":"Desbloqueando o Potencial Global da Reciclagem de Pl\u00e1stico: Um Apelo \u00e0 A\u00e7\u00e3o Coletiva apresenta uma nova divis\u00e3o para os res\u00edduos pl\u00e1sticos","robots":{"index":"index","follow":"follow","max-snippet":"max-snippet:-1","max-image-preview":"max-image-preview:large","max-video-preview":"max-video-preview:-1"},"canonical":"https:\/\/gsantana2005.net\/index.php\/2023\/12\/15\/desbloqueando-o-potencial-global-da-reciclagem-de-plastico\/","og_locale":"pt_BR","og_type":"article","og_title":"Desbloqueando o Potencial Global da Reciclagem de Pl\u00e1stico: Um Apelo \u00e0 A\u00e7\u00e3o Coletiva - gsantana2005","og_description":"Desbloqueando o Potencial Global da Reciclagem de Pl\u00e1stico: Um Apelo \u00e0 A\u00e7\u00e3o Coletiva apresenta uma nova divis\u00e3o para os res\u00edduos pl\u00e1sticos","og_url":"https:\/\/gsantana2005.net\/index.php\/2023\/12\/15\/desbloqueando-o-potencial-global-da-reciclagem-de-plastico\/","og_site_name":"gsantana2005","article_published_time":"2023-12-15T03:21:49+00:00","article_modified_time":"2024-02-03T21:38:40+00:00","og_image":[{"width":1024,"height":683,"url":"http:\/\/gsantana2005.net\/wp-content\/uploads\/2023\/11\/produtos-de-limpeza-naturais.jpg","type":"image\/jpeg"}],"author":"gsantana2005","twitter_card":"summary_large_image","twitter_misc":{"Escrito por":"gsantana2005","Est. tempo de leitura":"4 minutos"},"schema":{"@context":"https:\/\/schema.org","@graph":[{"@type":"Article","@id":"https:\/\/gsantana2005.net\/index.php\/2023\/12\/15\/desbloqueando-o-potencial-global-da-reciclagem-de-plastico\/#article","isPartOf":{"@id":"https:\/\/gsantana2005.net\/index.php\/2023\/12\/15\/desbloqueando-o-potencial-global-da-reciclagem-de-plastico\/"},"author":{"name":"gsantana2005","@id":"https:\/\/gsantana2005.net\/#\/schema\/person\/78c90c6f49a46ef4c8e69bafec347cb7"},"headline":"Desbloqueando o Potencial Global da Reciclagem de Pl\u00e1stico: Um Apelo \u00e0 A\u00e7\u00e3o Coletiva","datePublished":"2023-12-15T03:21:49+00:00","dateModified":"2024-02-03T21:38:40+00:00","mainEntityOfPage":{"@id":"https:\/\/gsantana2005.net\/index.php\/2023\/12\/15\/desbloqueando-o-potencial-global-da-reciclagem-de-plastico\/"},"wordCount":722,"commentCount":0,"publisher":{"@id":"https:\/\/gsantana2005.net\/#organization"},"image":{"@id":"https:\/\/gsantana2005.net\/index.php\/2023\/12\/15\/desbloqueando-o-potencial-global-da-reciclagem-de-plastico\/#primaryimage"},"thumbnailUrl":"https:\/\/gsantana2005.net\/wp-content\/uploads\/2023\/11\/produtos-de-limpeza-naturais.jpg","keywords":["A\u00e7\u00e3o Coletiva","Desafios Estrat\u00e9gicos","economia circular","Gest\u00e3o De Res\u00edduos","Iniciativa Global","Plastic Waste Management","reciclagem de pl\u00e1stico","Sustentabilidade Ambiental"],"articleSection":["Economia de Recursos","Dr Genilson Santana"],"inLanguage":"pt-BR","potentialAction":[{"@type":"CommentAction","name":"Comment","target":["https:\/\/gsantana2005.net\/index.php\/2023\/12\/15\/desbloqueando-o-potencial-global-da-reciclagem-de-plastico\/#respond"]}]},{"@type":"WebPage","@id":"https:\/\/gsantana2005.net\/index.php\/2023\/12\/15\/desbloqueando-o-potencial-global-da-reciclagem-de-plastico\/","url":"https:\/\/gsantana2005.net\/index.php\/2023\/12\/15\/desbloqueando-o-potencial-global-da-reciclagem-de-plastico\/","name":"Desbloqueando o Potencial Global da Reciclagem de Pl\u00e1stico: Um Apelo \u00e0 A\u00e7\u00e3o Coletiva - gsantana2005","isPartOf":{"@id":"https:\/\/gsantana2005.net\/#website"},"primaryImageOfPage":{"@id":"https:\/\/gsantana2005.net\/index.php\/2023\/12\/15\/desbloqueando-o-potencial-global-da-reciclagem-de-plastico\/#primaryimage"},"image":{"@id":"https:\/\/gsantana2005.net\/index.php\/2023\/12\/15\/desbloqueando-o-potencial-global-da-reciclagem-de-plastico\/#primaryimage"},"thumbnailUrl":"https:\/\/gsantana2005.net\/wp-content\/uploads\/2023\/11\/produtos-de-limpeza-naturais.jpg","datePublished":"2023-12-15T03:21:49+00:00","dateModified":"2024-02-03T21:38:40+00:00","description":"Desbloqueando o Potencial Global da Reciclagem de Pl\u00e1stico: Um Apelo \u00e0 A\u00e7\u00e3o Coletiva apresenta uma nova divis\u00e3o para os res\u00edduos pl\u00e1sticos","breadcrumb":{"@id":"https:\/\/gsantana2005.net\/index.php\/2023\/12\/15\/desbloqueando-o-potencial-global-da-reciclagem-de-plastico\/#breadcrumb"},"inLanguage":"pt-BR","potentialAction":[{"@type":"ReadAction","target":["https:\/\/gsantana2005.net\/index.php\/2023\/12\/15\/desbloqueando-o-potencial-global-da-reciclagem-de-plastico\/"]}]},{"@type":"ImageObject","inLanguage":"pt-BR","@id":"https:\/\/gsantana2005.net\/index.php\/2023\/12\/15\/desbloqueando-o-potencial-global-da-reciclagem-de-plastico\/#primaryimage","url":"https:\/\/gsantana2005.net\/wp-content\/uploads\/2023\/11\/produtos-de-limpeza-naturais.jpg","contentUrl":"https:\/\/gsantana2005.net\/wp-content\/uploads\/2023\/11\/produtos-de-limpeza-naturais.jpg","width":1024,"height":683,"caption":"Produtos de limpeza natural"},{"@type":"BreadcrumbList","@id":"https:\/\/gsantana2005.net\/index.php\/2023\/12\/15\/desbloqueando-o-potencial-global-da-reciclagem-de-plastico\/#breadcrumb","itemListElement":[{"@type":"ListItem","position":1,"name":"Home","item":"https:\/\/gsantana2005.net\/"},{"@type":"ListItem","position":2,"name":"Desbloqueando o Potencial Global da Reciclagem de Pl\u00e1stico: Um Apelo \u00e0 A\u00e7\u00e3o Coletiva"}]},{"@type":"WebSite","@id":"https:\/\/gsantana2005.net\/#website","url":"https:\/\/gsantana2005.net\/","name":"gsantana2005","description":"Sejamos sustent\u00e1veis","publisher":{"@id":"https:\/\/gsantana2005.net\/#organization"},"potentialAction":[{"@type":"SearchAction","target":{"@type":"EntryPoint","urlTemplate":"https:\/\/gsantana2005.net\/?s={search_term_string}"},"query-input":{"@type":"PropertyValueSpecification","valueRequired":true,"valueName":"search_term_string"}}],"inLanguage":"pt-BR"},{"@type":"Organization","@id":"https:\/\/gsantana2005.net\/#organization","name":"gsantana2005","url":"https:\/\/gsantana2005.net\/","logo":{"@type":"ImageObject","inLanguage":"pt-BR","@id":"https:\/\/gsantana2005.net\/#\/schema\/logo\/image\/","url":"https:\/\/gsantana2005.net\/wp-content\/uploads\/2023\/06\/cropped-Gs-sem-fundo.jpg","contentUrl":"https:\/\/gsantana2005.net\/wp-content\/uploads\/2023\/06\/cropped-Gs-sem-fundo.jpg","width":100,"height":100,"caption":"gsantana2005"},"image":{"@id":"https:\/\/gsantana2005.net\/#\/schema\/logo\/image\/"}},{"@type":"Person","@id":"https:\/\/gsantana2005.net\/#\/schema\/person\/78c90c6f49a46ef4c8e69bafec347cb7","name":"gsantana2005","image":{"@type":"ImageObject","inLanguage":"pt-BR","@id":"https:\/\/gsantana2005.net\/#\/schema\/person\/image\/","url":"https:\/\/secure.gravatar.com\/avatar\/db3aa311fa8063e1f4df6b2da249929f?s=96&d=mm&r=g","contentUrl":"https:\/\/secure.gravatar.com\/avatar\/db3aa311fa8063e1f4df6b2da249929f?s=96&d=mm&r=g","caption":"gsantana2005"},"sameAs":["http:\/\/gsantana2005.net"],"url":"https:\/\/gsantana2005.net\/author\/gsantana2005\/"}]}},"amp_enabled":true,"_links":{"self":[{"href":"https:\/\/gsantana2005.net\/index.php\/wp-json\/wp\/v2\/posts\/936"}],"collection":[{"href":"https:\/\/gsantana2005.net\/index.php\/wp-json\/wp\/v2\/posts"}],"about":[{"href":"https:\/\/gsantana2005.net\/index.php\/wp-json\/wp\/v2\/types\/post"}],"author":[{"embeddable":true,"href":"https:\/\/gsantana2005.net\/index.php\/wp-json\/wp\/v2\/users\/1"}],"replies":[{"embeddable":true,"href":"https:\/\/gsantana2005.net\/index.php\/wp-json\/wp\/v2\/comments?post=936"}],"version-history":[{"count":1,"href":"https:\/\/gsantana2005.net\/index.php\/wp-json\/wp\/v2\/posts\/936\/revisions"}],"predecessor-version":[{"id":937,"href":"https:\/\/gsantana2005.net\/index.php\/wp-json\/wp\/v2\/posts\/936\/revisions\/937"}],"wp:featuredmedia":[{"embeddable":true,"href":"https:\/\/gsantana2005.net\/index.php\/wp-json\/wp\/v2\/media\/819"}],"wp:attachment":[{"href":"https:\/\/gsantana2005.net\/index.php\/wp-json\/wp\/v2\/media?parent=936"}],"wp:term":[{"taxonomy":"category","embeddable":true,"href":"https:\/\/gsantana2005.net\/index.php\/wp-json\/wp\/v2\/categories?post=936"},{"taxonomy":"post_tag","embeddable":true,"href":"https:\/\/gsantana2005.net\/index.php\/wp-json\/wp\/v2\/tags?post=936"}],"curies":[{"name":"wp","href":"https:\/\/api.w.org\/{rel}","templated":true}]}}