{"id":949,"date":"2023-12-20T20:56:28","date_gmt":"2023-12-20T20:56:28","guid":{"rendered":"https:\/\/gsantana2005.net\/?p=949"},"modified":"2024-01-31T14:15:40","modified_gmt":"2024-01-31T14:15:40","slug":"saiba-mais-sobre-os-compromissos-historico-da-cop28","status":"publish","type":"post","link":"https:\/\/gsantana2005.net\/index.php\/2023\/12\/20\/saiba-mais-sobre-os-compromissos-historico-da-cop28\/","title":{"rendered":"Saiba mais sobre os compromissos hist\u00f3rico da COP28"},"content":{"rendered":"\n<p>Saiba mais sobre os compromissos hist\u00f3rico da COP28 \u00e9 um artigo que afirma que os paises ir\u00e3o acabar com os combust\u00edveis f\u00f3sseis<strong>.<\/strong><em> <\/em>Ent\u00e3o, no dia 13 de dezembro de 2023, a comunidade global testemunhou um marco hist\u00f3rico nas negocia\u00e7\u00f5es clim\u00e1ticas, pois a COP28 concluiu suas discuss\u00f5es com um acordo final que estabelece a &#8220;transi\u00e7\u00e3o global dos combust\u00edveis f\u00f3sseis&#8221;. Pela primeira vez, os pa\u00edses incorporaram o abandono expl\u00edcito dos combust\u00edveis f\u00f3sseis a um acordo final na Confer\u00eancia das Partes. Dessa forma, este passo audacioso sinaliza um compromisso global em prol da sustentabilidade. Mas a verdadeira transforma\u00e7\u00e3o agora depende da tradu\u00e7\u00e3o desse compromisso em a\u00e7\u00f5es tang\u00edveis.<\/p>\n\n\n\n<h3 class=\"wp-block-heading\"><strong>O Compromisso Global: Transformando Palavras em A\u00e7\u00f5es<\/strong><\/h3>\n\n\n\n<p>Al\u00e9m do texto negociado, l\u00edderes de mais de 100 pa\u00edses assumiram compromissos concretos para impulsionar o progresso em dire\u00e7\u00e3o aos objetivos do Acordo de Paris. A princ\u00edpio, compromissos que v\u00e3o desde a triplifica\u00e7\u00e3o das energias renov\u00e1veis at\u00e9 a operacionaliza\u00e7\u00e3o do fundo de Perdas e Danos demonstram uma determina\u00e7\u00e3o coletiva em enfrentar a crise clim\u00e1tica. Assim, setores-chave, como o de petr\u00f3leo e g\u00e1s, comprometeram-se a descarbonizar suas emiss\u00f5es e a reduzir significativamente a libera\u00e7\u00e3o de metano.<\/p>\n\n\n\n<h3 class=\"wp-block-heading\"><strong>Estrat\u00e9gias para uma A\u00e7\u00e3o Clim\u00e1tica R\u00e1pida: O Papel Crucial de Todos<\/strong><\/h3>\n\n\n\n<p>No cen\u00e1rio das discuss\u00f5es em Dubai, l\u00edderes exploraram estrat\u00e9gias para acelerar a a\u00e7\u00e3o clim\u00e1tica e promover o crescimento na transi\u00e7\u00e3o para emiss\u00f5es l\u00edquidas zero. Dessa forma, empresas, ind\u00fastrias, investidores e start-ups s\u00e3o pe\u00e7as-chave nesse quebra-cabe\u00e7a, com \u00eanfase na descarboniza\u00e7\u00e3o de setores desafiadores desde j\u00e1. Dessa forma, a inova\u00e7\u00e3o tecnol\u00f3gica emergiu como uma for\u00e7a motriz, destacando a import\u00e2ncia de investir em start-ups e tecnologias clim\u00e1ticas para alcan\u00e7ar metas ambiciosas at\u00e9 2030.<\/p>\n\n\n\n<h3 class=\"wp-block-heading\"><strong>Reflex\u00f5es e Compromissos Futuros firmados na COP28<\/strong><\/h3>\n\n\n\n<p>No evento de encerramento, membros da equipe de lideran\u00e7a da COP28 compartilharam perspectivas valiosas sobre os resultados e os pr\u00f3ximos passos. A \u00eanfase na meta de 1,5\u00b0C passa a ser um compromisso duradouro, mas os desafios financeiros e de adapta\u00e7\u00e3o exigir\u00e3o uma colabora\u00e7\u00e3o cont\u00ednua.<\/p>\n\n\n\n<h3 class=\"wp-block-heading\"><strong>Desafios e Oportunidades: Financiamento e Inova\u00e7\u00e3o<\/strong><\/h3>\n\n\n\n<p>O papel crucial do financiamento em larga escala para impulsionar tecnologias comprovadas e apoiar start-ups foi enfatizado. A iniciativa GBB100, uma colabora\u00e7\u00e3o entre a COP28, busca catalisar o financiamento para start-ups e tecnologias verdes, reconhecendo que apenas 10% dos fundos de capital de risco atualmente fluem para a tecnologia clim\u00e1tica.<\/p>\n\n\n\n<h3 class=\"wp-block-heading\"><strong>Colabora\u00e7\u00e3o Interseccional: Uma Nova Economia Clim\u00e1tica<\/strong><\/h3>\n\n\n\n<p>A colabora\u00e7\u00e3o entre setores emergiu como um fator cr\u00edtico para o sucesso. Para atingir a ambiciosa meta global de 1,5\u00b0C, a abordagem isolada n\u00e3o \u00e9 mais suficiente. A necessidade de reunir entidades governamentais, entidades filantr\u00f3picas, bancos e investidores de capital de risco foi destacada como fundamental para definir uma nova economia clim\u00e1tica.<\/p>\n\n\n\n<h3 class=\"wp-block-heading\"><strong>Conclus\u00e3o: Rumo a um Futuro Sustent\u00e1vel e Inclusivo<\/strong><\/h3>\n\n\n\n<p>A COP28 marca um cap\u00edtulo crucial na hist\u00f3ria da luta clim\u00e1tica, com compromissos substanciais e a\u00e7\u00f5es delineadas para transformar nosso mundo. Agora, mais do que nunca, \u00e9 imperativo que a comunidade global continue a colaborar, inovar e cumprir as promessas feitas na COP28. O caminho para um futuro sustent\u00e1vel est\u00e1 \u00e0 nossa frente &#8211; cabe a n\u00f3s seguir em frente, com determina\u00e7\u00e3o e unidade, para garantir que as gera\u00e7\u00f5es futuras herdem um planeta saud\u00e1vel e resiliente.<\/p>\n\n\n\n<h3 class=\"wp-block-heading\">Convite especial para voc\u00ea<\/h3>\n\n\n\n<p>Ent\u00e3o, depois deste artigo&nbsp;Top 5 Empresas de Carbono Cripto para Observar em 2024&nbsp;acredito que queira saber mais de nossa contribui\u00e7\u00e3o na \u00e1rea ambiental. N\u00e3o fique inibido entre em contato:&nbsp;<a href=\"mailto:gsantana2005@gmail.com\">gsantana2005@gmail.com<\/a>&nbsp;veja o nosso&nbsp;<a href=\"https:\/\/www.instagram.com\/genilsonpereirasantana1\/\" rel=\"nofollow noopener\" target=\"_blank\">Instagram<\/a><\/p>\n\n\n\n<p>Al\u00e9m disso, j\u00e1 que voc\u00ea chegou at\u00e9 aqui descubra mais sobre n\u00f3s artigos abaixo:<\/p>\n\n\n\n<ul class=\"wp-block-list\">\n<li><a href=\"https:\/\/gsantana2005.net\/index.php\/2023\/11\/30\/desbloqueando-o-valor-oculto-reciclando-o-pequeno-para-um-grande-impacto\/\" target=\"_blank\" rel=\"noreferrer noopener\">Desbloqueando o valor oculto: Reciclando o pequeno para um grande impacto<\/a><\/li>\n\n\n\n<li><a href=\"https:\/\/gsantana2005.net\/index.php\/2023\/11\/29\/reduza-a-pegada-de-carbono-digital-da-sua-empresa-rumo-a-um-futuro-sustentavel\/\" target=\"_blank\" rel=\"noreferrer noopener\">Reduza a Pegada de Carbono Digital da sua Empresa: Rumo a um Futuro Sustent\u00e1vel<\/a><\/li>\n\n\n\n<li><a href=\"https:\/\/gsantana2005.net\/index.php\/2023\/11\/28\/navegando-na-controversia-da-acao-climatica-global-da-cop28-de-dubai\/\" target=\"_blank\" rel=\"noreferrer noopener\">Navegando na controv\u00e9rsia da A\u00e7\u00e3o Clim\u00e1tica Global da COP28 de Dubai<\/a><\/li>\n\n\n\n<li><a href=\"https:\/\/gsantana2005.net\/index.php\/2023\/11\/28\/rascunho-automaticodespedindo-se-dos-plasticos-descartaveis-o-futuro-sustentavel-das-embalagens-de-celulose\/\">Despedindo-se dos Pl\u00e1sticos Descart\u00e1veis: O Futuro Sustent\u00e1vel das Embalagens de Celulose!<\/a><\/li>\n<\/ul>\n\n\n\n<p>Ent\u00e3o, conhe\u00e7a tamb\u00e9m nossos cursos sobre&nbsp;<a href=\"https:\/\/gsantana2005.net\/index.php\/2023\/07\/21\/gestao-de-residuos\/\">Gest\u00e3o de res\u00edduos<\/a>&nbsp;e&nbsp;<a href=\"https:\/\/gsantana2005.net\/index.php\/2023\/08\/08\/tratamento-de-efluentes\/\">Tratamento de efluentes<\/a>. Maiores informa\u00e7\u00f5es:&nbsp;<a href=\"mailto:gsantana2005@gmail.com\">gsantana2005@gmail.com<\/a>&nbsp;ou 92 991227158 (WhatsApp)<\/p>\n","protected":false},"excerpt":{"rendered":"<p>Saiba mais sobre os compromissos hist\u00f3rico da COP28 \u00e9 um artigo que afirma que os paises ir\u00e3o acabar com os combust\u00edveis f\u00f3sseis. Ent\u00e3o, no dia 13 de dezembro de 2023, a comunidade global testemunhou um marco hist\u00f3rico nas negocia\u00e7\u00f5es clim\u00e1ticas, pois a COP28 concluiu suas discuss\u00f5es com um acordo final que estabelece a &#8220;transi\u00e7\u00e3o global [&hellip;]<\/p>\n","protected":false},"author":1,"featured_media":923,"comment_status":"open","ping_status":"closed","sticky":false,"template":"","format":"standard","meta":{"om_disable_all_campaigns":false,"_monsterinsights_skip_tracking":false,"_monsterinsights_sitenote_active":false,"_monsterinsights_sitenote_note":"","_monsterinsights_sitenote_category":0,"footnotes":"","_links_to":"","_links_to_target":""},"categories":[272,2,3],"tags":[294,290,292,293,296,286,295,291],"class_list":["post-949","post","type-post","status-publish","format-standard","has-post-thumbnail","hentry","category-energias-renovaveis","category-ambiente","category-genilson-pereira-santana","tag-colaboracao-interseccional","tag-cop28-compromissos","tag-emissoes-liquidas-zero","tag-financiamento-climatico","tag-futuro-sustentavel","tag-inovacao-tecnologica","tag-metas-ambiciosas","tag-transicao-global"],"aioseo_notices":[],"yoast_head":"<!-- This site is optimized with the Yoast SEO plugin v24.5 - https:\/\/yoast.com\/wordpress\/plugins\/seo\/ -->\n<title>Saiba mais sobre os compromissos hist\u00f3rico da COP28 - gsantana2005<\/title>\n<meta name=\"description\" content=\"Saiba mais sobre os compromissos hist\u00f3rico da COP28 \u00e9 um artigo que afirma que os paises ir\u00e3o acabar com os combust\u00edveis f\u00f3sseis\" \/>\n<meta name=\"robots\" content=\"index, follow, max-snippet:-1, max-image-preview:large, max-video-preview:-1\" \/>\n<link rel=\"canonical\" href=\"https:\/\/gsantana2005.net\/index.php\/2023\/12\/20\/saiba-mais-sobre-os-compromissos-historico-da-cop28\/\" \/>\n<meta property=\"og:locale\" content=\"pt_BR\" \/>\n<meta property=\"og:type\" content=\"article\" \/>\n<meta property=\"og:title\" content=\"Saiba mais sobre os compromissos hist\u00f3rico da COP28 - gsantana2005\" \/>\n<meta property=\"og:description\" content=\"Saiba mais sobre os compromissos hist\u00f3rico da COP28 \u00e9 um artigo que afirma que os paises ir\u00e3o acabar com os combust\u00edveis f\u00f3sseis\" \/>\n<meta property=\"og:url\" content=\"https:\/\/gsantana2005.net\/index.php\/2023\/12\/20\/saiba-mais-sobre-os-compromissos-historico-da-cop28\/\" \/>\n<meta property=\"og:site_name\" content=\"gsantana2005\" \/>\n<meta property=\"article:published_time\" content=\"2023-12-20T20:56:28+00:00\" \/>\n<meta property=\"article:modified_time\" content=\"2024-01-31T14:15:40+00:00\" \/>\n<meta property=\"og:image\" content=\"http:\/\/gsantana2005.net\/wp-content\/uploads\/2023\/12\/cop28.jpg\" \/>\n\t<meta property=\"og:image:width\" content=\"954\" \/>\n\t<meta property=\"og:image:height\" content=\"535\" \/>\n\t<meta property=\"og:image:type\" content=\"image\/jpeg\" \/>\n<meta name=\"author\" content=\"gsantana2005\" \/>\n<meta name=\"twitter:card\" content=\"summary_large_image\" \/>\n<meta name=\"twitter:label1\" content=\"Escrito por\" \/>\n\t<meta name=\"twitter:data1\" content=\"gsantana2005\" \/>\n\t<meta name=\"twitter:label2\" content=\"Est. tempo de leitura\" \/>\n\t<meta name=\"twitter:data2\" content=\"4 minutos\" \/>\n<script type=\"application\/ld+json\" class=\"yoast-schema-graph\">{\"@context\":\"https:\/\/schema.org\",\"@graph\":[{\"@type\":\"Article\",\"@id\":\"https:\/\/gsantana2005.net\/index.php\/2023\/12\/20\/saiba-mais-sobre-os-compromissos-historico-da-cop28\/#article\",\"isPartOf\":{\"@id\":\"https:\/\/gsantana2005.net\/index.php\/2023\/12\/20\/saiba-mais-sobre-os-compromissos-historico-da-cop28\/\"},\"author\":{\"name\":\"gsantana2005\",\"@id\":\"https:\/\/gsantana2005.net\/#\/schema\/person\/78c90c6f49a46ef4c8e69bafec347cb7\"},\"headline\":\"Saiba mais sobre os compromissos hist\u00f3rico da COP28\",\"datePublished\":\"2023-12-20T20:56:28+00:00\",\"dateModified\":\"2024-01-31T14:15:40+00:00\",\"mainEntityOfPage\":{\"@id\":\"https:\/\/gsantana2005.net\/index.php\/2023\/12\/20\/saiba-mais-sobre-os-compromissos-historico-da-cop28\/\"},\"wordCount\":754,\"commentCount\":0,\"publisher\":{\"@id\":\"https:\/\/gsantana2005.net\/#organization\"},\"image\":{\"@id\":\"https:\/\/gsantana2005.net\/index.php\/2023\/12\/20\/saiba-mais-sobre-os-compromissos-historico-da-cop28\/#primaryimage\"},\"thumbnailUrl\":\"https:\/\/gsantana2005.net\/wp-content\/uploads\/2023\/12\/cop28.jpg\",\"keywords\":[\"Colabora\u00e7\u00e3o Interseccional\",\"COP28 Compromissos\",\"Emiss\u00f5es L\u00edquidas Zero\",\"Financiamento Clim\u00e1tico\",\"Futuro Sustent\u00e1vel\",\"Inova\u00e7\u00e3o Tecnol\u00f3gica\",\"Metas Ambiciosas\",\"Transi\u00e7\u00e3o Global\"],\"articleSection\":[\"Energias Renov\u00e1veis\",\"Ambiente\",\"Dr Genilson Santana\"],\"inLanguage\":\"pt-BR\",\"potentialAction\":[{\"@type\":\"CommentAction\",\"name\":\"Comment\",\"target\":[\"https:\/\/gsantana2005.net\/index.php\/2023\/12\/20\/saiba-mais-sobre-os-compromissos-historico-da-cop28\/#respond\"]}]},{\"@type\":\"WebPage\",\"@id\":\"https:\/\/gsantana2005.net\/index.php\/2023\/12\/20\/saiba-mais-sobre-os-compromissos-historico-da-cop28\/\",\"url\":\"https:\/\/gsantana2005.net\/index.php\/2023\/12\/20\/saiba-mais-sobre-os-compromissos-historico-da-cop28\/\",\"name\":\"Saiba mais sobre os compromissos hist\u00f3rico da COP28 - gsantana2005\",\"isPartOf\":{\"@id\":\"https:\/\/gsantana2005.net\/#website\"},\"primaryImageOfPage\":{\"@id\":\"https:\/\/gsantana2005.net\/index.php\/2023\/12\/20\/saiba-mais-sobre-os-compromissos-historico-da-cop28\/#primaryimage\"},\"image\":{\"@id\":\"https:\/\/gsantana2005.net\/index.php\/2023\/12\/20\/saiba-mais-sobre-os-compromissos-historico-da-cop28\/#primaryimage\"},\"thumbnailUrl\":\"https:\/\/gsantana2005.net\/wp-content\/uploads\/2023\/12\/cop28.jpg\",\"datePublished\":\"2023-12-20T20:56:28+00:00\",\"dateModified\":\"2024-01-31T14:15:40+00:00\",\"description\":\"Saiba mais sobre os compromissos hist\u00f3rico da COP28 \u00e9 um artigo que afirma que os paises ir\u00e3o acabar com os combust\u00edveis f\u00f3sseis\",\"breadcrumb\":{\"@id\":\"https:\/\/gsantana2005.net\/index.php\/2023\/12\/20\/saiba-mais-sobre-os-compromissos-historico-da-cop28\/#breadcrumb\"},\"inLanguage\":\"pt-BR\",\"potentialAction\":[{\"@type\":\"ReadAction\",\"target\":[\"https:\/\/gsantana2005.net\/index.php\/2023\/12\/20\/saiba-mais-sobre-os-compromissos-historico-da-cop28\/\"]}]},{\"@type\":\"ImageObject\",\"inLanguage\":\"pt-BR\",\"@id\":\"https:\/\/gsantana2005.net\/index.php\/2023\/12\/20\/saiba-mais-sobre-os-compromissos-historico-da-cop28\/#primaryimage\",\"url\":\"https:\/\/gsantana2005.net\/wp-content\/uploads\/2023\/12\/cop28.jpg\",\"contentUrl\":\"https:\/\/gsantana2005.net\/wp-content\/uploads\/2023\/12\/cop28.jpg\",\"width\":954,\"height\":535,\"caption\":\"Cop28\"},{\"@type\":\"BreadcrumbList\",\"@id\":\"https:\/\/gsantana2005.net\/index.php\/2023\/12\/20\/saiba-mais-sobre-os-compromissos-historico-da-cop28\/#breadcrumb\",\"itemListElement\":[{\"@type\":\"ListItem\",\"position\":1,\"name\":\"Home\",\"item\":\"https:\/\/gsantana2005.net\/\"},{\"@type\":\"ListItem\",\"position\":2,\"name\":\"Saiba mais sobre os compromissos hist\u00f3rico da COP28\"}]},{\"@type\":\"WebSite\",\"@id\":\"https:\/\/gsantana2005.net\/#website\",\"url\":\"https:\/\/gsantana2005.net\/\",\"name\":\"gsantana2005\",\"description\":\"Sejamos sustent\u00e1veis\",\"publisher\":{\"@id\":\"https:\/\/gsantana2005.net\/#organization\"},\"potentialAction\":[{\"@type\":\"SearchAction\",\"target\":{\"@type\":\"EntryPoint\",\"urlTemplate\":\"https:\/\/gsantana2005.net\/?s={search_term_string}\"},\"query-input\":{\"@type\":\"PropertyValueSpecification\",\"valueRequired\":true,\"valueName\":\"search_term_string\"}}],\"inLanguage\":\"pt-BR\"},{\"@type\":\"Organization\",\"@id\":\"https:\/\/gsantana2005.net\/#organization\",\"name\":\"gsantana2005\",\"url\":\"https:\/\/gsantana2005.net\/\",\"logo\":{\"@type\":\"ImageObject\",\"inLanguage\":\"pt-BR\",\"@id\":\"https:\/\/gsantana2005.net\/#\/schema\/logo\/image\/\",\"url\":\"https:\/\/gsantana2005.net\/wp-content\/uploads\/2023\/06\/cropped-Gs-sem-fundo.jpg\",\"contentUrl\":\"https:\/\/gsantana2005.net\/wp-content\/uploads\/2023\/06\/cropped-Gs-sem-fundo.jpg\",\"width\":100,\"height\":100,\"caption\":\"gsantana2005\"},\"image\":{\"@id\":\"https:\/\/gsantana2005.net\/#\/schema\/logo\/image\/\"}},{\"@type\":\"Person\",\"@id\":\"https:\/\/gsantana2005.net\/#\/schema\/person\/78c90c6f49a46ef4c8e69bafec347cb7\",\"name\":\"gsantana2005\",\"image\":{\"@type\":\"ImageObject\",\"inLanguage\":\"pt-BR\",\"@id\":\"https:\/\/gsantana2005.net\/#\/schema\/person\/image\/\",\"url\":\"https:\/\/secure.gravatar.com\/avatar\/db3aa311fa8063e1f4df6b2da249929f?s=96&d=mm&r=g\",\"contentUrl\":\"https:\/\/secure.gravatar.com\/avatar\/db3aa311fa8063e1f4df6b2da249929f?s=96&d=mm&r=g\",\"caption\":\"gsantana2005\"},\"sameAs\":[\"http:\/\/gsantana2005.net\"],\"url\":\"https:\/\/gsantana2005.net\/author\/gsantana2005\/\"}]}<\/script>\n<!-- \/ Yoast SEO plugin. -->","yoast_head_json":{"title":"Saiba mais sobre os compromissos hist\u00f3rico da COP28 - gsantana2005","description":"Saiba mais sobre os compromissos hist\u00f3rico da COP28 \u00e9 um artigo que afirma que os paises ir\u00e3o acabar com os combust\u00edveis f\u00f3sseis","robots":{"index":"index","follow":"follow","max-snippet":"max-snippet:-1","max-image-preview":"max-image-preview:large","max-video-preview":"max-video-preview:-1"},"canonical":"https:\/\/gsantana2005.net\/index.php\/2023\/12\/20\/saiba-mais-sobre-os-compromissos-historico-da-cop28\/","og_locale":"pt_BR","og_type":"article","og_title":"Saiba mais sobre os compromissos hist\u00f3rico da COP28 - gsantana2005","og_description":"Saiba mais sobre os compromissos hist\u00f3rico da COP28 \u00e9 um artigo que afirma que os paises ir\u00e3o acabar com os combust\u00edveis f\u00f3sseis","og_url":"https:\/\/gsantana2005.net\/index.php\/2023\/12\/20\/saiba-mais-sobre-os-compromissos-historico-da-cop28\/","og_site_name":"gsantana2005","article_published_time":"2023-12-20T20:56:28+00:00","article_modified_time":"2024-01-31T14:15:40+00:00","og_image":[{"width":954,"height":535,"url":"http:\/\/gsantana2005.net\/wp-content\/uploads\/2023\/12\/cop28.jpg","type":"image\/jpeg"}],"author":"gsantana2005","twitter_card":"summary_large_image","twitter_misc":{"Escrito por":"gsantana2005","Est. tempo de leitura":"4 minutos"},"schema":{"@context":"https:\/\/schema.org","@graph":[{"@type":"Article","@id":"https:\/\/gsantana2005.net\/index.php\/2023\/12\/20\/saiba-mais-sobre-os-compromissos-historico-da-cop28\/#article","isPartOf":{"@id":"https:\/\/gsantana2005.net\/index.php\/2023\/12\/20\/saiba-mais-sobre-os-compromissos-historico-da-cop28\/"},"author":{"name":"gsantana2005","@id":"https:\/\/gsantana2005.net\/#\/schema\/person\/78c90c6f49a46ef4c8e69bafec347cb7"},"headline":"Saiba mais sobre os compromissos hist\u00f3rico da COP28","datePublished":"2023-12-20T20:56:28+00:00","dateModified":"2024-01-31T14:15:40+00:00","mainEntityOfPage":{"@id":"https:\/\/gsantana2005.net\/index.php\/2023\/12\/20\/saiba-mais-sobre-os-compromissos-historico-da-cop28\/"},"wordCount":754,"commentCount":0,"publisher":{"@id":"https:\/\/gsantana2005.net\/#organization"},"image":{"@id":"https:\/\/gsantana2005.net\/index.php\/2023\/12\/20\/saiba-mais-sobre-os-compromissos-historico-da-cop28\/#primaryimage"},"thumbnailUrl":"https:\/\/gsantana2005.net\/wp-content\/uploads\/2023\/12\/cop28.jpg","keywords":["Colabora\u00e7\u00e3o Interseccional","COP28 Compromissos","Emiss\u00f5es L\u00edquidas Zero","Financiamento Clim\u00e1tico","Futuro Sustent\u00e1vel","Inova\u00e7\u00e3o Tecnol\u00f3gica","Metas Ambiciosas","Transi\u00e7\u00e3o Global"],"articleSection":["Energias Renov\u00e1veis","Ambiente","Dr Genilson Santana"],"inLanguage":"pt-BR","potentialAction":[{"@type":"CommentAction","name":"Comment","target":["https:\/\/gsantana2005.net\/index.php\/2023\/12\/20\/saiba-mais-sobre-os-compromissos-historico-da-cop28\/#respond"]}]},{"@type":"WebPage","@id":"https:\/\/gsantana2005.net\/index.php\/2023\/12\/20\/saiba-mais-sobre-os-compromissos-historico-da-cop28\/","url":"https:\/\/gsantana2005.net\/index.php\/2023\/12\/20\/saiba-mais-sobre-os-compromissos-historico-da-cop28\/","name":"Saiba mais sobre os compromissos hist\u00f3rico da COP28 - gsantana2005","isPartOf":{"@id":"https:\/\/gsantana2005.net\/#website"},"primaryImageOfPage":{"@id":"https:\/\/gsantana2005.net\/index.php\/2023\/12\/20\/saiba-mais-sobre-os-compromissos-historico-da-cop28\/#primaryimage"},"image":{"@id":"https:\/\/gsantana2005.net\/index.php\/2023\/12\/20\/saiba-mais-sobre-os-compromissos-historico-da-cop28\/#primaryimage"},"thumbnailUrl":"https:\/\/gsantana2005.net\/wp-content\/uploads\/2023\/12\/cop28.jpg","datePublished":"2023-12-20T20:56:28+00:00","dateModified":"2024-01-31T14:15:40+00:00","description":"Saiba mais sobre os compromissos hist\u00f3rico da COP28 \u00e9 um artigo que afirma que os paises ir\u00e3o acabar com os combust\u00edveis f\u00f3sseis","breadcrumb":{"@id":"https:\/\/gsantana2005.net\/index.php\/2023\/12\/20\/saiba-mais-sobre-os-compromissos-historico-da-cop28\/#breadcrumb"},"inLanguage":"pt-BR","potentialAction":[{"@type":"ReadAction","target":["https:\/\/gsantana2005.net\/index.php\/2023\/12\/20\/saiba-mais-sobre-os-compromissos-historico-da-cop28\/"]}]},{"@type":"ImageObject","inLanguage":"pt-BR","@id":"https:\/\/gsantana2005.net\/index.php\/2023\/12\/20\/saiba-mais-sobre-os-compromissos-historico-da-cop28\/#primaryimage","url":"https:\/\/gsantana2005.net\/wp-content\/uploads\/2023\/12\/cop28.jpg","contentUrl":"https:\/\/gsantana2005.net\/wp-content\/uploads\/2023\/12\/cop28.jpg","width":954,"height":535,"caption":"Cop28"},{"@type":"BreadcrumbList","@id":"https:\/\/gsantana2005.net\/index.php\/2023\/12\/20\/saiba-mais-sobre-os-compromissos-historico-da-cop28\/#breadcrumb","itemListElement":[{"@type":"ListItem","position":1,"name":"Home","item":"https:\/\/gsantana2005.net\/"},{"@type":"ListItem","position":2,"name":"Saiba mais sobre os compromissos hist\u00f3rico da COP28"}]},{"@type":"WebSite","@id":"https:\/\/gsantana2005.net\/#website","url":"https:\/\/gsantana2005.net\/","name":"gsantana2005","description":"Sejamos sustent\u00e1veis","publisher":{"@id":"https:\/\/gsantana2005.net\/#organization"},"potentialAction":[{"@type":"SearchAction","target":{"@type":"EntryPoint","urlTemplate":"https:\/\/gsantana2005.net\/?s={search_term_string}"},"query-input":{"@type":"PropertyValueSpecification","valueRequired":true,"valueName":"search_term_string"}}],"inLanguage":"pt-BR"},{"@type":"Organization","@id":"https:\/\/gsantana2005.net\/#organization","name":"gsantana2005","url":"https:\/\/gsantana2005.net\/","logo":{"@type":"ImageObject","inLanguage":"pt-BR","@id":"https:\/\/gsantana2005.net\/#\/schema\/logo\/image\/","url":"https:\/\/gsantana2005.net\/wp-content\/uploads\/2023\/06\/cropped-Gs-sem-fundo.jpg","contentUrl":"https:\/\/gsantana2005.net\/wp-content\/uploads\/2023\/06\/cropped-Gs-sem-fundo.jpg","width":100,"height":100,"caption":"gsantana2005"},"image":{"@id":"https:\/\/gsantana2005.net\/#\/schema\/logo\/image\/"}},{"@type":"Person","@id":"https:\/\/gsantana2005.net\/#\/schema\/person\/78c90c6f49a46ef4c8e69bafec347cb7","name":"gsantana2005","image":{"@type":"ImageObject","inLanguage":"pt-BR","@id":"https:\/\/gsantana2005.net\/#\/schema\/person\/image\/","url":"https:\/\/secure.gravatar.com\/avatar\/db3aa311fa8063e1f4df6b2da249929f?s=96&d=mm&r=g","contentUrl":"https:\/\/secure.gravatar.com\/avatar\/db3aa311fa8063e1f4df6b2da249929f?s=96&d=mm&r=g","caption":"gsantana2005"},"sameAs":["http:\/\/gsantana2005.net"],"url":"https:\/\/gsantana2005.net\/author\/gsantana2005\/"}]}},"amp_enabled":true,"_links":{"self":[{"href":"https:\/\/gsantana2005.net\/index.php\/wp-json\/wp\/v2\/posts\/949"}],"collection":[{"href":"https:\/\/gsantana2005.net\/index.php\/wp-json\/wp\/v2\/posts"}],"about":[{"href":"https:\/\/gsantana2005.net\/index.php\/wp-json\/wp\/v2\/types\/post"}],"author":[{"embeddable":true,"href":"https:\/\/gsantana2005.net\/index.php\/wp-json\/wp\/v2\/users\/1"}],"replies":[{"embeddable":true,"href":"https:\/\/gsantana2005.net\/index.php\/wp-json\/wp\/v2\/comments?post=949"}],"version-history":[{"count":1,"href":"https:\/\/gsantana2005.net\/index.php\/wp-json\/wp\/v2\/posts\/949\/revisions"}],"predecessor-version":[{"id":950,"href":"https:\/\/gsantana2005.net\/index.php\/wp-json\/wp\/v2\/posts\/949\/revisions\/950"}],"wp:featuredmedia":[{"embeddable":true,"href":"https:\/\/gsantana2005.net\/index.php\/wp-json\/wp\/v2\/media\/923"}],"wp:attachment":[{"href":"https:\/\/gsantana2005.net\/index.php\/wp-json\/wp\/v2\/media?parent=949"}],"wp:term":[{"taxonomy":"category","embeddable":true,"href":"https:\/\/gsantana2005.net\/index.php\/wp-json\/wp\/v2\/categories?post=949"},{"taxonomy":"post_tag","embeddable":true,"href":"https:\/\/gsantana2005.net\/index.php\/wp-json\/wp\/v2\/tags?post=949"}],"curies":[{"name":"wp","href":"https:\/\/api.w.org\/{rel}","templated":true}]}}