{"id":986,"date":"2024-02-09T02:03:20","date_gmt":"2024-02-09T02:03:20","guid":{"rendered":"https:\/\/gsantana2005.net\/?p=986"},"modified":"2024-02-09T02:07:24","modified_gmt":"2024-02-09T02:07:24","slug":"o-impacto-do-crescimento-industrial","status":"publish","type":"post","link":"https:\/\/gsantana2005.net\/index.php\/2024\/02\/09\/o-impacto-do-crescimento-industrial\/","title":{"rendered":"O Impacto do crescimento industrial e da atividade humana no planeta"},"content":{"rendered":"\n<p>Desde o advento da Revolu\u00e7\u00e3o Industrial, a humanidade tem testemunhado um crescimento sem precedentes em termos de tecnologia, economia e popula\u00e7\u00e3o; ou seja observa-se o Impacto do crescimento industrial e da atividade humana no planeta. No entanto, esse desenvolvimento vem com um custo significativo para o meio ambiente. Dessa forma, o aumento da atividade industrial e o uso intensivo de recursos naturais contribuiu para uma s\u00e9rie de problemas ambientais. Assim,  a mudan\u00e7a clim\u00e1tica um dos mais urgentes e preocupantes. Neste artigo, exploraremos em detalhes o impacto do crescimento industrial e da atividade humana no planeta. Al\u00e9m diss, abordaremos quest\u00f5es como: aumento das emiss\u00f5es de gases de efeito estufa; derretimento das calotas polares; escassez de \u00e1gua doce e perda de biodiversidade.<\/p>\n\n\n\n<h3 class=\"wp-block-heading\">Aumento das Emiss\u00f5es de Gases de Efeito Estufa<\/h3>\n\n\n\n<p>A princ\u00edpio, a Revolu\u00e7\u00e3o Industrial marcou o in\u00edcio de um per\u00edodo de intensa queima de combust\u00edveis f\u00f3sseis. Por exemplo: carv\u00e3o, petr\u00f3leo e g\u00e1s natural, para alimentar m\u00e1quinas e processos industriais. Assim, houve um aumento significativo nas emiss\u00f5es de di\u00f3xido de carbono (CO<sub>2<\/sub>) e outros gases de efeito estufa na atmosfera. Esses gases t\u00eam a capacidade de reter o calor do sol, criando um efeito estufa que leva ao aquecimento global.<\/p>\n\n\n\n<h3 class=\"wp-block-heading\">Impacto no Clima Global<\/h3>\n\n\n\n<p>O aumento das emiss\u00f5es de gases de efeito estufa tem contribu\u00eddo diretamente para o aquecimento do planeta. Estudos cient\u00edficos mostram que a temperatura m\u00e9dia global aumentou em cerca de 0,6\u00b0C acima dos n\u00edveis pr\u00e9-industriais. Esse aumento de temperatura tem provocado uma s\u00e9rie de mudan\u00e7as clim\u00e1ticas, incluindo o derretimento das calotas polares, o aumento do n\u00edvel do mar e eventos clim\u00e1ticos extremos, como secas, tempestades e ondas de calor.<\/p>\n\n\n\n<h3 class=\"wp-block-heading\">Derretimento das Calotas Polares<\/h3>\n\n\n\n<p>Uma das consequ\u00eancias mais vis\u00edveis do aquecimento global \u00e9 o derretimento das calotas polares, especialmente na Ant\u00e1rtida e no \u00c1rtico. O aumento da temperatura tem acelerado o derretimento do gelo nessas regi\u00f5es, levando ao aumento do n\u00edvel do mar e amea\u00e7ando a vida selvagem que depende desses habitats \u00fanicos.<\/p>\n\n\n\n<h3 class=\"wp-block-heading\">Escassez de \u00c1gua Doce<\/h3>\n\n\n\n<p>Outra consequ\u00eancia preocupante do crescimento industrial \u00e9 a escassez de \u00e1gua doce em muitas partes do mundo. O aumento da demanda por \u00e1gua para uso industrial, agr\u00edcola e dom\u00e9stico, combinado com a polui\u00e7\u00e3o e a degrada\u00e7\u00e3o dos recursos h\u00eddricos, tem levado a uma diminui\u00e7\u00e3o na disponibilidade de \u00e1gua pot\u00e1vel para muitas comunidades.<\/p>\n\n\n\n<h3 class=\"wp-block-heading\">Perda de Biodiversidade<\/h3>\n\n\n\n<p>A destrui\u00e7\u00e3o de habitats naturais para dar lugar a atividades industriais, agr\u00edcolas e urbanas tem levado \u00e0 perda acelerada de biodiversidade em todo o mundo. Esp\u00e9cies de plantas e animais est\u00e3o desaparecendo a uma taxa alarmante devido \u00e0 destrui\u00e7\u00e3o de seus habitats, \u00e0 ca\u00e7a ilegal e \u00e0 polui\u00e7\u00e3o.<\/p>\n\n\n\n<h3 class=\"wp-block-heading\">Desertifica\u00e7\u00e3o e Degrad\u00e7\u00e3o do Solo<\/h3>\n\n\n\n<p>Al\u00e9m disso, o crescimento industrial e agr\u00edcola tem contribu\u00eddo para a desertifica\u00e7\u00e3o e degrada\u00e7\u00e3o do solo em muitas partes do mundo. O uso intensivo da terra para agricultura, pecu\u00e1ria e minera\u00e7\u00e3o tem levado \u00e0 perda de nutrientes do solo, eros\u00e3o e desertifica\u00e7\u00e3o, tornando grandes \u00e1reas de terra improdutivas e incapazes de sustentar a vida vegetal e animal.<\/p>\n\n\n\n<h3 class=\"wp-block-heading\">Polui\u00e7\u00e3o do Ar e da \u00c1gua<\/h3>\n\n\n\n<p>O aumento da atividade industrial tamb\u00e9m tem contribu\u00eddo para a polui\u00e7\u00e3o do ar e da \u00e1gua em todo o mundo. Emiss\u00f5es de poluentes atmosf\u00e9ricos de f\u00e1bricas, ve\u00edculos e outras fontes t\u00eam causado problemas de sa\u00fade p\u00fablica e ambientais, incluindo doen\u00e7as respirat\u00f3rias, chuva \u00e1cida e polui\u00e7\u00e3o do ar. Da mesma forma, a polui\u00e7\u00e3o da \u00e1gua por produtos qu\u00edmicos industriais, esgoto n\u00e3o tratado e res\u00edduos agr\u00edcolas tem levado \u00e0 contamina\u00e7\u00e3o de rios, lagos e oceanos, prejudicando a vida aqu\u00e1tica e amea\u00e7ando a sa\u00fade humana.<\/p>\n\n\n\n<h3 class=\"wp-block-heading\">Conclus\u00e3o<\/h3>\n\n\n\n<p>Em conclus\u00e3o, o crescimento industrial e a atividade humana t\u00eam tido um impacto significativo no planeta, contribuindo para uma s\u00e9rie de problemas ambientais, incluindo mudan\u00e7a clim\u00e1tica, perda de biodiversidade, escassez de \u00e1gua doce, desertifica\u00e7\u00e3o e polui\u00e7\u00e3o do ar e da \u00e1gua. \u00c9 crucial que tomemos medidas urgentes para mitigar esses impactos, reduzindo nossas emiss\u00f5es de gases de efeito estufa, conservando os recursos naturais e adotando pr\u00e1ticas sustent\u00e1veis em todos os setores da sociedade. O futuro de nosso planeta e das gera\u00e7\u00f5es futuras depende das a\u00e7\u00f5es que tomarmos hoje.<\/p>\n\n\n\n<h2 class=\"wp-block-heading\">Convite especial para voc\u00ea<\/h2>\n\n\n\n<p>Ent\u00e3o, depois deste Explorando as 10 melhores empresas sustent\u00e1veis que fazem a diferen\u00e7a acredito que queira saber mais de nossa contribui\u00e7\u00e3o na \u00e1rea ambiental. N\u00e3o fique inibido entre em contato:&nbsp;<a href=\"mailto:gsantana2005@gmail.com\">gsantana2005@gmail.com<\/a>&nbsp;veja o nosso&nbsp;<a href=\"https:\/\/www.instagram.com\/genilsonpereirasantana1\/\" rel=\"nofollow noopener\" target=\"_blank\">Instagram<\/a><\/p>\n\n\n\n<p>Al\u00e9m disso, j\u00e1 que voc\u00ea chegou at\u00e9 aqui descubra mais sobre n\u00f3s artigos abaixo:<\/p>\n\n\n\n<ul class=\"wp-block-list\">\n<li><a href=\"https:\/\/gsantana2005.net\/index.php\/2023\/11\/30\/desbloqueando-o-valor-oculto-reciclando-o-pequeno-para-um-grande-impacto\/\" target=\"_blank\" rel=\"noreferrer noopener\">Desbloqueando o valor oculto: Reciclando o pequeno para um grande impacto<\/a><\/li>\n\n\n\n<li><a href=\"https:\/\/gsantana2005.net\/index.php\/2023\/11\/29\/reduza-a-pegada-de-carbono-digital-da-sua-empresa-rumo-a-um-futuro-sustentavel\/\" target=\"_blank\" rel=\"noreferrer noopener\">Reduza a Pegada de Carbono Digital da sua Empresa: Rumo a um Futuro Sustent\u00e1vel<\/a><\/li>\n\n\n\n<li><a href=\"https:\/\/gsantana2005.net\/index.php\/2023\/11\/28\/navegando-na-controversia-da-acao-climatica-global-da-cop28-de-dubai\/\" target=\"_blank\" rel=\"noreferrer noopener\">Navegando na controv\u00e9rsia da A\u00e7\u00e3o Clim\u00e1tica Global da COP28 de Dubai<\/a><\/li>\n\n\n\n<li><a href=\"https:\/\/gsantana2005.net\/index.php\/2023\/11\/28\/rascunho-automaticodespedindo-se-dos-plasticos-descartaveis-o-futuro-sustentavel-das-embalagens-de-celulose\/\">Despedindo-se dos Pl\u00e1sticos Descart\u00e1veis: O Futuro Sustent\u00e1vel das Embalagens de Celulose!<\/a><\/li>\n<\/ul>\n\n\n\n<p>Ent\u00e3o, conhe\u00e7a tamb\u00e9m nossos cursos sobre&nbsp;<a href=\"https:\/\/gsantana2005.net\/index.php\/2023\/07\/21\/gestao-de-residuos\/\">Gest\u00e3o de res\u00edduos<\/a>&nbsp;e&nbsp;<a href=\"https:\/\/gsantana2005.net\/index.php\/2023\/08\/08\/tratamento-de-efluentes\/\">Tratamento de efluentes<\/a>. Maiores informa\u00e7\u00f5es:&nbsp;<a href=\"mailto:gsantana2005@gmail.com\">gsantana2005@gmail.com<\/a>&nbsp;ou 92 991227158 (WhatsApp)<\/p>\n","protected":false},"excerpt":{"rendered":"<p>Desde o advento da Revolu\u00e7\u00e3o Industrial, a humanidade tem testemunhado um crescimento sem precedentes em termos de tecnologia, economia e popula\u00e7\u00e3o; ou seja observa-se o Impacto do crescimento industrial e da atividade humana no planeta. No entanto, esse desenvolvimento vem com um custo significativo para o meio ambiente. Dessa forma, o aumento da atividade industrial [&hellip;]<\/p>\n","protected":false},"author":1,"featured_media":988,"comment_status":"open","ping_status":"closed","sticky":false,"template":"","format":"standard","meta":{"om_disable_all_campaigns":false,"_monsterinsights_skip_tracking":false,"_monsterinsights_sitenote_active":false,"_monsterinsights_sitenote_note":"","_monsterinsights_sitenote_category":0,"footnotes":"","_links_to":"","_links_to_target":""},"categories":[275,3],"tags":[772,777,773,774,319,771,775,776],"class_list":["post-986","post","type-post","status-publish","format-standard","has-post-thumbnail","hentry","category-conservacao-ambiental","category-genilson-pereira-santana","tag-crescimento-industrial","tag-desertificacao","tag-emissoes-de-gases-de-efeito-estufa","tag-escassez-de-agua","tag-impacto-ambiental","tag-mudanca-climatica","tag-perda-de-biodiversidade","tag-poluicao-ambiental"],"aioseo_notices":[],"yoast_head":"<!-- This site is optimized with the Yoast SEO plugin v24.5 - https:\/\/yoast.com\/wordpress\/plugins\/seo\/ -->\n<title>O Impacto do crescimento industrial e da atividade humana no planeta - gsantana2005<\/title>\n<meta name=\"description\" content=\"O Impacto do crescimento industrial e da atividade humana no planeta mostra para voc\u00ea como o aquecimento global acaba com o planeta\" \/>\n<meta name=\"robots\" content=\"index, follow, max-snippet:-1, max-image-preview:large, max-video-preview:-1\" \/>\n<link rel=\"canonical\" href=\"https:\/\/gsantana2005.net\/index.php\/2024\/02\/09\/o-impacto-do-crescimento-industrial\/\" \/>\n<meta property=\"og:locale\" content=\"pt_BR\" \/>\n<meta property=\"og:type\" content=\"article\" \/>\n<meta property=\"og:title\" content=\"O Impacto do crescimento industrial e da atividade humana no planeta - gsantana2005\" \/>\n<meta property=\"og:description\" content=\"O Impacto do crescimento industrial e da atividade humana no planeta mostra para voc\u00ea como o aquecimento global acaba com o planeta\" \/>\n<meta property=\"og:url\" content=\"https:\/\/gsantana2005.net\/index.php\/2024\/02\/09\/o-impacto-do-crescimento-industrial\/\" \/>\n<meta property=\"og:site_name\" content=\"gsantana2005\" \/>\n<meta property=\"article:published_time\" content=\"2024-02-09T02:03:20+00:00\" \/>\n<meta property=\"article:modified_time\" content=\"2024-02-09T02:07:24+00:00\" \/>\n<meta property=\"og:image\" content=\"http:\/\/gsantana2005.net\/wp-content\/uploads\/2024\/02\/aquecimento-global.jpg\" \/>\n\t<meta property=\"og:image:width\" content=\"1248\" \/>\n\t<meta property=\"og:image:height\" content=\"1280\" \/>\n\t<meta property=\"og:image:type\" content=\"image\/jpeg\" \/>\n<meta name=\"author\" content=\"gsantana2005\" \/>\n<meta name=\"twitter:card\" content=\"summary_large_image\" \/>\n<meta name=\"twitter:label1\" content=\"Escrito por\" \/>\n\t<meta name=\"twitter:data1\" content=\"gsantana2005\" \/>\n\t<meta name=\"twitter:label2\" content=\"Est. tempo de leitura\" \/>\n\t<meta name=\"twitter:data2\" content=\"5 minutos\" \/>\n<script type=\"application\/ld+json\" class=\"yoast-schema-graph\">{\"@context\":\"https:\/\/schema.org\",\"@graph\":[{\"@type\":\"Article\",\"@id\":\"https:\/\/gsantana2005.net\/index.php\/2024\/02\/09\/o-impacto-do-crescimento-industrial\/#article\",\"isPartOf\":{\"@id\":\"https:\/\/gsantana2005.net\/index.php\/2024\/02\/09\/o-impacto-do-crescimento-industrial\/\"},\"author\":{\"name\":\"gsantana2005\",\"@id\":\"https:\/\/gsantana2005.net\/#\/schema\/person\/78c90c6f49a46ef4c8e69bafec347cb7\"},\"headline\":\"O Impacto do crescimento industrial e da atividade humana no planeta\",\"datePublished\":\"2024-02-09T02:03:20+00:00\",\"dateModified\":\"2024-02-09T02:07:24+00:00\",\"mainEntityOfPage\":{\"@id\":\"https:\/\/gsantana2005.net\/index.php\/2024\/02\/09\/o-impacto-do-crescimento-industrial\/\"},\"wordCount\":921,\"commentCount\":0,\"publisher\":{\"@id\":\"https:\/\/gsantana2005.net\/#organization\"},\"image\":{\"@id\":\"https:\/\/gsantana2005.net\/index.php\/2024\/02\/09\/o-impacto-do-crescimento-industrial\/#primaryimage\"},\"thumbnailUrl\":\"https:\/\/gsantana2005.net\/wp-content\/uploads\/2024\/02\/aquecimento-global.jpg\",\"keywords\":[\"Crescimento Industrial\",\"Desertifica\u00e7\u00e3o\",\"Emiss\u00f5es de Gases de Efeito Estufa\",\"Escassez de \u00c1gua\",\"Impacto Ambiental\",\"Mudan\u00e7a Clim\u00e1tica\",\"Perda de Biodiversidade\",\"Polui\u00e7\u00e3o Ambiental\"],\"articleSection\":[\"Conserva\u00e7\u00e3o Ambiental\",\"Dr Genilson Santana\"],\"inLanguage\":\"pt-BR\",\"potentialAction\":[{\"@type\":\"CommentAction\",\"name\":\"Comment\",\"target\":[\"https:\/\/gsantana2005.net\/index.php\/2024\/02\/09\/o-impacto-do-crescimento-industrial\/#respond\"]}]},{\"@type\":\"WebPage\",\"@id\":\"https:\/\/gsantana2005.net\/index.php\/2024\/02\/09\/o-impacto-do-crescimento-industrial\/\",\"url\":\"https:\/\/gsantana2005.net\/index.php\/2024\/02\/09\/o-impacto-do-crescimento-industrial\/\",\"name\":\"O Impacto do crescimento industrial e da atividade humana no planeta - gsantana2005\",\"isPartOf\":{\"@id\":\"https:\/\/gsantana2005.net\/#website\"},\"primaryImageOfPage\":{\"@id\":\"https:\/\/gsantana2005.net\/index.php\/2024\/02\/09\/o-impacto-do-crescimento-industrial\/#primaryimage\"},\"image\":{\"@id\":\"https:\/\/gsantana2005.net\/index.php\/2024\/02\/09\/o-impacto-do-crescimento-industrial\/#primaryimage\"},\"thumbnailUrl\":\"https:\/\/gsantana2005.net\/wp-content\/uploads\/2024\/02\/aquecimento-global.jpg\",\"datePublished\":\"2024-02-09T02:03:20+00:00\",\"dateModified\":\"2024-02-09T02:07:24+00:00\",\"description\":\"O Impacto do crescimento industrial e da atividade humana no planeta mostra para voc\u00ea como o aquecimento global acaba com o planeta\",\"breadcrumb\":{\"@id\":\"https:\/\/gsantana2005.net\/index.php\/2024\/02\/09\/o-impacto-do-crescimento-industrial\/#breadcrumb\"},\"inLanguage\":\"pt-BR\",\"potentialAction\":[{\"@type\":\"ReadAction\",\"target\":[\"https:\/\/gsantana2005.net\/index.php\/2024\/02\/09\/o-impacto-do-crescimento-industrial\/\"]}]},{\"@type\":\"ImageObject\",\"inLanguage\":\"pt-BR\",\"@id\":\"https:\/\/gsantana2005.net\/index.php\/2024\/02\/09\/o-impacto-do-crescimento-industrial\/#primaryimage\",\"url\":\"https:\/\/gsantana2005.net\/wp-content\/uploads\/2024\/02\/aquecimento-global.jpg\",\"contentUrl\":\"https:\/\/gsantana2005.net\/wp-content\/uploads\/2024\/02\/aquecimento-global.jpg\",\"width\":1248,\"height\":1280,\"caption\":\"aquecimento global\"},{\"@type\":\"BreadcrumbList\",\"@id\":\"https:\/\/gsantana2005.net\/index.php\/2024\/02\/09\/o-impacto-do-crescimento-industrial\/#breadcrumb\",\"itemListElement\":[{\"@type\":\"ListItem\",\"position\":1,\"name\":\"Home\",\"item\":\"https:\/\/gsantana2005.net\/\"},{\"@type\":\"ListItem\",\"position\":2,\"name\":\"O Impacto do crescimento industrial e da atividade humana no planeta\"}]},{\"@type\":\"WebSite\",\"@id\":\"https:\/\/gsantana2005.net\/#website\",\"url\":\"https:\/\/gsantana2005.net\/\",\"name\":\"gsantana2005\",\"description\":\"Sejamos sustent\u00e1veis\",\"publisher\":{\"@id\":\"https:\/\/gsantana2005.net\/#organization\"},\"potentialAction\":[{\"@type\":\"SearchAction\",\"target\":{\"@type\":\"EntryPoint\",\"urlTemplate\":\"https:\/\/gsantana2005.net\/?s={search_term_string}\"},\"query-input\":{\"@type\":\"PropertyValueSpecification\",\"valueRequired\":true,\"valueName\":\"search_term_string\"}}],\"inLanguage\":\"pt-BR\"},{\"@type\":\"Organization\",\"@id\":\"https:\/\/gsantana2005.net\/#organization\",\"name\":\"gsantana2005\",\"url\":\"https:\/\/gsantana2005.net\/\",\"logo\":{\"@type\":\"ImageObject\",\"inLanguage\":\"pt-BR\",\"@id\":\"https:\/\/gsantana2005.net\/#\/schema\/logo\/image\/\",\"url\":\"https:\/\/gsantana2005.net\/wp-content\/uploads\/2023\/06\/cropped-Gs-sem-fundo.jpg\",\"contentUrl\":\"https:\/\/gsantana2005.net\/wp-content\/uploads\/2023\/06\/cropped-Gs-sem-fundo.jpg\",\"width\":100,\"height\":100,\"caption\":\"gsantana2005\"},\"image\":{\"@id\":\"https:\/\/gsantana2005.net\/#\/schema\/logo\/image\/\"}},{\"@type\":\"Person\",\"@id\":\"https:\/\/gsantana2005.net\/#\/schema\/person\/78c90c6f49a46ef4c8e69bafec347cb7\",\"name\":\"gsantana2005\",\"image\":{\"@type\":\"ImageObject\",\"inLanguage\":\"pt-BR\",\"@id\":\"https:\/\/gsantana2005.net\/#\/schema\/person\/image\/\",\"url\":\"https:\/\/secure.gravatar.com\/avatar\/db3aa311fa8063e1f4df6b2da249929f?s=96&d=mm&r=g\",\"contentUrl\":\"https:\/\/secure.gravatar.com\/avatar\/db3aa311fa8063e1f4df6b2da249929f?s=96&d=mm&r=g\",\"caption\":\"gsantana2005\"},\"sameAs\":[\"http:\/\/gsantana2005.net\"],\"url\":\"https:\/\/gsantana2005.net\/author\/gsantana2005\/\"}]}<\/script>\n<!-- \/ Yoast SEO plugin. -->","yoast_head_json":{"title":"O Impacto do crescimento industrial e da atividade humana no planeta - gsantana2005","description":"O Impacto do crescimento industrial e da atividade humana no planeta mostra para voc\u00ea como o aquecimento global acaba com o planeta","robots":{"index":"index","follow":"follow","max-snippet":"max-snippet:-1","max-image-preview":"max-image-preview:large","max-video-preview":"max-video-preview:-1"},"canonical":"https:\/\/gsantana2005.net\/index.php\/2024\/02\/09\/o-impacto-do-crescimento-industrial\/","og_locale":"pt_BR","og_type":"article","og_title":"O Impacto do crescimento industrial e da atividade humana no planeta - gsantana2005","og_description":"O Impacto do crescimento industrial e da atividade humana no planeta mostra para voc\u00ea como o aquecimento global acaba com o planeta","og_url":"https:\/\/gsantana2005.net\/index.php\/2024\/02\/09\/o-impacto-do-crescimento-industrial\/","og_site_name":"gsantana2005","article_published_time":"2024-02-09T02:03:20+00:00","article_modified_time":"2024-02-09T02:07:24+00:00","og_image":[{"width":1248,"height":1280,"url":"http:\/\/gsantana2005.net\/wp-content\/uploads\/2024\/02\/aquecimento-global.jpg","type":"image\/jpeg"}],"author":"gsantana2005","twitter_card":"summary_large_image","twitter_misc":{"Escrito por":"gsantana2005","Est. tempo de leitura":"5 minutos"},"schema":{"@context":"https:\/\/schema.org","@graph":[{"@type":"Article","@id":"https:\/\/gsantana2005.net\/index.php\/2024\/02\/09\/o-impacto-do-crescimento-industrial\/#article","isPartOf":{"@id":"https:\/\/gsantana2005.net\/index.php\/2024\/02\/09\/o-impacto-do-crescimento-industrial\/"},"author":{"name":"gsantana2005","@id":"https:\/\/gsantana2005.net\/#\/schema\/person\/78c90c6f49a46ef4c8e69bafec347cb7"},"headline":"O Impacto do crescimento industrial e da atividade humana no planeta","datePublished":"2024-02-09T02:03:20+00:00","dateModified":"2024-02-09T02:07:24+00:00","mainEntityOfPage":{"@id":"https:\/\/gsantana2005.net\/index.php\/2024\/02\/09\/o-impacto-do-crescimento-industrial\/"},"wordCount":921,"commentCount":0,"publisher":{"@id":"https:\/\/gsantana2005.net\/#organization"},"image":{"@id":"https:\/\/gsantana2005.net\/index.php\/2024\/02\/09\/o-impacto-do-crescimento-industrial\/#primaryimage"},"thumbnailUrl":"https:\/\/gsantana2005.net\/wp-content\/uploads\/2024\/02\/aquecimento-global.jpg","keywords":["Crescimento Industrial","Desertifica\u00e7\u00e3o","Emiss\u00f5es de Gases de Efeito Estufa","Escassez de \u00c1gua","Impacto Ambiental","Mudan\u00e7a Clim\u00e1tica","Perda de Biodiversidade","Polui\u00e7\u00e3o Ambiental"],"articleSection":["Conserva\u00e7\u00e3o Ambiental","Dr Genilson Santana"],"inLanguage":"pt-BR","potentialAction":[{"@type":"CommentAction","name":"Comment","target":["https:\/\/gsantana2005.net\/index.php\/2024\/02\/09\/o-impacto-do-crescimento-industrial\/#respond"]}]},{"@type":"WebPage","@id":"https:\/\/gsantana2005.net\/index.php\/2024\/02\/09\/o-impacto-do-crescimento-industrial\/","url":"https:\/\/gsantana2005.net\/index.php\/2024\/02\/09\/o-impacto-do-crescimento-industrial\/","name":"O Impacto do crescimento industrial e da atividade humana no planeta - gsantana2005","isPartOf":{"@id":"https:\/\/gsantana2005.net\/#website"},"primaryImageOfPage":{"@id":"https:\/\/gsantana2005.net\/index.php\/2024\/02\/09\/o-impacto-do-crescimento-industrial\/#primaryimage"},"image":{"@id":"https:\/\/gsantana2005.net\/index.php\/2024\/02\/09\/o-impacto-do-crescimento-industrial\/#primaryimage"},"thumbnailUrl":"https:\/\/gsantana2005.net\/wp-content\/uploads\/2024\/02\/aquecimento-global.jpg","datePublished":"2024-02-09T02:03:20+00:00","dateModified":"2024-02-09T02:07:24+00:00","description":"O Impacto do crescimento industrial e da atividade humana no planeta mostra para voc\u00ea como o aquecimento global acaba com o planeta","breadcrumb":{"@id":"https:\/\/gsantana2005.net\/index.php\/2024\/02\/09\/o-impacto-do-crescimento-industrial\/#breadcrumb"},"inLanguage":"pt-BR","potentialAction":[{"@type":"ReadAction","target":["https:\/\/gsantana2005.net\/index.php\/2024\/02\/09\/o-impacto-do-crescimento-industrial\/"]}]},{"@type":"ImageObject","inLanguage":"pt-BR","@id":"https:\/\/gsantana2005.net\/index.php\/2024\/02\/09\/o-impacto-do-crescimento-industrial\/#primaryimage","url":"https:\/\/gsantana2005.net\/wp-content\/uploads\/2024\/02\/aquecimento-global.jpg","contentUrl":"https:\/\/gsantana2005.net\/wp-content\/uploads\/2024\/02\/aquecimento-global.jpg","width":1248,"height":1280,"caption":"aquecimento global"},{"@type":"BreadcrumbList","@id":"https:\/\/gsantana2005.net\/index.php\/2024\/02\/09\/o-impacto-do-crescimento-industrial\/#breadcrumb","itemListElement":[{"@type":"ListItem","position":1,"name":"Home","item":"https:\/\/gsantana2005.net\/"},{"@type":"ListItem","position":2,"name":"O Impacto do crescimento industrial e da atividade humana no planeta"}]},{"@type":"WebSite","@id":"https:\/\/gsantana2005.net\/#website","url":"https:\/\/gsantana2005.net\/","name":"gsantana2005","description":"Sejamos sustent\u00e1veis","publisher":{"@id":"https:\/\/gsantana2005.net\/#organization"},"potentialAction":[{"@type":"SearchAction","target":{"@type":"EntryPoint","urlTemplate":"https:\/\/gsantana2005.net\/?s={search_term_string}"},"query-input":{"@type":"PropertyValueSpecification","valueRequired":true,"valueName":"search_term_string"}}],"inLanguage":"pt-BR"},{"@type":"Organization","@id":"https:\/\/gsantana2005.net\/#organization","name":"gsantana2005","url":"https:\/\/gsantana2005.net\/","logo":{"@type":"ImageObject","inLanguage":"pt-BR","@id":"https:\/\/gsantana2005.net\/#\/schema\/logo\/image\/","url":"https:\/\/gsantana2005.net\/wp-content\/uploads\/2023\/06\/cropped-Gs-sem-fundo.jpg","contentUrl":"https:\/\/gsantana2005.net\/wp-content\/uploads\/2023\/06\/cropped-Gs-sem-fundo.jpg","width":100,"height":100,"caption":"gsantana2005"},"image":{"@id":"https:\/\/gsantana2005.net\/#\/schema\/logo\/image\/"}},{"@type":"Person","@id":"https:\/\/gsantana2005.net\/#\/schema\/person\/78c90c6f49a46ef4c8e69bafec347cb7","name":"gsantana2005","image":{"@type":"ImageObject","inLanguage":"pt-BR","@id":"https:\/\/gsantana2005.net\/#\/schema\/person\/image\/","url":"https:\/\/secure.gravatar.com\/avatar\/db3aa311fa8063e1f4df6b2da249929f?s=96&d=mm&r=g","contentUrl":"https:\/\/secure.gravatar.com\/avatar\/db3aa311fa8063e1f4df6b2da249929f?s=96&d=mm&r=g","caption":"gsantana2005"},"sameAs":["http:\/\/gsantana2005.net"],"url":"https:\/\/gsantana2005.net\/author\/gsantana2005\/"}]}},"amp_enabled":true,"_links":{"self":[{"href":"https:\/\/gsantana2005.net\/index.php\/wp-json\/wp\/v2\/posts\/986"}],"collection":[{"href":"https:\/\/gsantana2005.net\/index.php\/wp-json\/wp\/v2\/posts"}],"about":[{"href":"https:\/\/gsantana2005.net\/index.php\/wp-json\/wp\/v2\/types\/post"}],"author":[{"embeddable":true,"href":"https:\/\/gsantana2005.net\/index.php\/wp-json\/wp\/v2\/users\/1"}],"replies":[{"embeddable":true,"href":"https:\/\/gsantana2005.net\/index.php\/wp-json\/wp\/v2\/comments?post=986"}],"version-history":[{"count":1,"href":"https:\/\/gsantana2005.net\/index.php\/wp-json\/wp\/v2\/posts\/986\/revisions"}],"predecessor-version":[{"id":987,"href":"https:\/\/gsantana2005.net\/index.php\/wp-json\/wp\/v2\/posts\/986\/revisions\/987"}],"wp:featuredmedia":[{"embeddable":true,"href":"https:\/\/gsantana2005.net\/index.php\/wp-json\/wp\/v2\/media\/988"}],"wp:attachment":[{"href":"https:\/\/gsantana2005.net\/index.php\/wp-json\/wp\/v2\/media?parent=986"}],"wp:term":[{"taxonomy":"category","embeddable":true,"href":"https:\/\/gsantana2005.net\/index.php\/wp-json\/wp\/v2\/categories?post=986"},{"taxonomy":"post_tag","embeddable":true,"href":"https:\/\/gsantana2005.net\/index.php\/wp-json\/wp\/v2\/tags?post=986"}],"curies":[{"name":"wp","href":"https:\/\/api.w.org\/{rel}","templated":true}]}}