{"id":989,"date":"2024-02-09T16:15:17","date_gmt":"2024-02-09T16:15:17","guid":{"rendered":"https:\/\/gsantana2005.net\/?p=989"},"modified":"2024-02-09T16:17:06","modified_gmt":"2024-02-09T16:17:06","slug":"emissoes-de-co2-de-voos-de-jato-particular-de-taylor-swift-expostas","status":"publish","type":"post","link":"https:\/\/gsantana2005.net\/index.php\/2024\/02\/09\/emissoes-de-co2-de-voos-de-jato-particular-de-taylor-swift-expostas\/","title":{"rendered":"Emiss\u00f5es de CO2 de voos de jato particular de Taylor Swift expostas"},"content":{"rendered":"\n<p><strong>As Emiss\u00f5es de CO2 de Voos de Jato Particular de Taylor Swift Expostas<\/strong> mostra para voc\u00ea como o uso exagerado da riqueza contamina o planeta. Ent\u00e3o, o que no fascinante mundo do brilho e glamour, onde as celebridades voam pelos c\u00e9us em seus jatos particulares. Ou seja, uma realidade marcante muitas vezes se esconde sob a fachada glamorosa &#8211; o impacto ambiental de suas aventuras elevadas.<\/p>\n\n\n\n<h3 class=\"wp-block-heading\"><strong>O Olhar Perspicaz de Jack Sweeney: Revelando as Emiss\u00f5es de CO2 de Swift<\/strong><\/h3>\n\n\n\n<p>Recentemente, os holofotes se voltaram para ningu\u00e9m menos que a ilustre sensa\u00e7\u00e3o pop Taylor Swift. Especialmente, o seuo estilo de vida de jet-set est\u00e1 sob escrut\u00ednio. Foi revelado uma caixa de Pandora de emiss\u00f5es de carbono.<\/p>\n\n\n\n<h3 class=\"wp-block-heading\"><strong>Romance nos Ares: Swift e Kelce<\/strong><\/h3>\n\n\n\n<p>A narrativa assume um toque rom\u00e2ntico \u00e0 medida que os voos de Swift foram principalmente destinados a testemunhar o talento atl\u00e9tico de seu novo interesse amoroso, Travis Kelce, ala apertada do Kansas City Chiefs.<\/p>\n\n\n\n<h3 class=\"wp-block-heading\"><strong>Detalhes Reveladores: Voos e Pegadas de Carbono<\/strong><\/h3>\n\n\n\n<p>Atrav\u00e9s de seu rastreamento meticuloso, Sweeney revelou que entre 25 de dezembro e 30 de janeiro, as viagens de jato particular de Swift despejaram impressionantes 77,8342 toneladas de di\u00f3xido de carbono na atmosfera.<\/p>\n\n\n\n<h3 class=\"wp-block-heading\"><strong>O Dilema da Posse de Jatos: Uma An\u00e1lise Cr\u00edtica<\/strong><\/h3>\n\n\n\n<p>No entanto, a trama se adensa com a revela\u00e7\u00e3o de que Swift recentemente se separou de um de seus dois jatos particulares.<\/p>\n\n\n\n<h3 class=\"wp-block-heading\"><strong>Reflex\u00f5es sobre o Impacto Ambiental: Consequ\u00eancias e Responsabilidades<\/strong><\/h3>\n\n\n\n<p>Os detalhes desenterrados por Sweeney lan\u00e7am luz sobre a quest\u00e3o mais ampla do extravag\u00e2ncia de celebridades e suas consequ\u00eancias ambientais.<\/p>\n\n\n\n<h3 class=\"wp-block-heading\"><strong>A Quest\u00e3o da Responsabilidade: Transpar\u00eancia e Presta\u00e7\u00e3o de Contas<\/strong><\/h3>\n\n\n\n<p>A vigil\u00e2ncia de Sweeney se estende al\u00e9m de Swift, abrangendo uma lista de indiv\u00edduos de alto perfil cujas viagens de jato particular est\u00e3o sob sua escrut\u00ednio.<\/p>\n\n\n\n<h3 class=\"wp-block-heading\"><strong>Chamado \u00e0 A\u00e7\u00e3o: Reimaginar um Mundo Sustent\u00e1vel<\/strong><\/h3>\n\n\n\n<p>Em uma sociedade cada vez mais atenta ao impacto ambiental das a\u00e7\u00f5es individuais, os voos intensivos em carbono de Swift servem como um lembrete tocante da responsabilidade coletiva de mitigar as mudan\u00e7as clim\u00e1ticas.<\/p>\n\n\n\n<h3 class=\"wp-block-heading\"><strong>Conclus\u00e3o: Reflex\u00f5es sobre um Legado Ambiental<\/strong><\/h3>\n\n\n\n<p>Em conclus\u00e3o, as emiss\u00f5es de CO2 de Swift servem como um s\u00edmbolo marcante dos custos ambientais do excesso das celebridades &#8211; um chamado de despertar para reimaginar um mundo onde luxo e sustentabilidade coexistam harmoniosamente. E a\u00ed gostou das<strong> Emiss\u00f5es de CO2 de Voos de Jato Particular de Taylor Swift Expostas<\/strong> <\/p>\n\n\n\n<h3 class=\"wp-block-heading\"><strong>Convite especial para voc\u00ea<\/strong><\/h3>\n\n\n\n<p>Ent\u00e3o, depois deste Explorando as 10 melhores empresas sustent\u00e1veis que fazem a diferen\u00e7a acredito que queira saber mais de nossa contribui\u00e7\u00e3o na \u00e1rea ambiental. N\u00e3o fique inibido entre em contato:&nbsp;<a href=\"mailto:gsantana2005@gmail.com\">gsantana2005@gmail.com<\/a>&nbsp;veja o nosso&nbsp;<a href=\"https:\/\/www.instagram.com\/genilsonpereirasantana1\/\" rel=\"nofollow noopener\" target=\"_blank\">Instagram<\/a><\/p>\n\n\n\n<p>Al\u00e9m disso, j\u00e1 que voc\u00ea chegou at\u00e9 aqui descubra mais sobre n\u00f3s artigos abaixo:<\/p>\n\n\n\n<ul class=\"wp-block-list\">\n<li><a href=\"https:\/\/gsantana2005.net\/index.php\/2023\/11\/30\/desbloqueando-o-valor-oculto-reciclando-o-pequeno-para-um-grande-impacto\/\" target=\"_blank\" rel=\"noreferrer noopener\">Desbloqueando o valor oculto: Reciclando o pequeno para um grande impacto<\/a><\/li>\n\n\n\n<li><a href=\"https:\/\/gsantana2005.net\/index.php\/2023\/11\/29\/reduza-a-pegada-de-carbono-digital-da-sua-empresa-rumo-a-um-futuro-sustentavel\/\" target=\"_blank\" rel=\"noreferrer noopener\">Reduza a Pegada de Carbono Digital da sua Empresa: Rumo a um Futuro Sustent\u00e1vel<\/a><\/li>\n\n\n\n<li><a href=\"https:\/\/gsantana2005.net\/index.php\/2023\/11\/28\/navegando-na-controversia-da-acao-climatica-global-da-cop28-de-dubai\/\" target=\"_blank\" rel=\"noreferrer noopener\">Navegando na controv\u00e9rsia da A\u00e7\u00e3o Clim\u00e1tica Global da COP28 de Dubai<\/a><\/li>\n\n\n\n<li><a href=\"https:\/\/gsantana2005.net\/index.php\/2023\/11\/28\/rascunho-automaticodespedindo-se-dos-plasticos-descartaveis-o-futuro-sustentavel-das-embalagens-de-celulose\/\">Despedindo-se dos Pl\u00e1sticos Descart\u00e1veis: O Futuro Sustent\u00e1vel das Embalagens de Celulose!<\/a><\/li>\n<\/ul>\n\n\n\n<p>Ent\u00e3o, conhe\u00e7a tamb\u00e9m nossos cursos sobre&nbsp;<a href=\"https:\/\/gsantana2005.net\/index.php\/2023\/07\/21\/gestao-de-residuos\/\">Gest\u00e3o de res\u00edduos<\/a>&nbsp;e&nbsp;<a href=\"https:\/\/gsantana2005.net\/index.php\/2023\/08\/08\/tratamento-de-efluentes\/\">Tratamento de efluentes<\/a>. Maiores informa\u00e7\u00f5es:&nbsp;<a href=\"mailto:gsantana2005@gmail.com\">gsantana2005@gmail.com<\/a>&nbsp;ou 92 991227158 (WhatsApp)<\/p>\n","protected":false},"excerpt":{"rendered":"<p>As Emiss\u00f5es de CO2 de Voos de Jato Particular de Taylor Swift Expostas mostra para voc\u00ea como o uso exagerado da riqueza contamina o planeta. Ent\u00e3o, o que no fascinante mundo do brilho e glamour, onde as celebridades voam pelos c\u00e9us em seus jatos particulares. Ou seja, uma realidade marcante muitas vezes se esconde sob [&hellip;]<\/p>\n","protected":false},"author":1,"featured_media":990,"comment_status":"open","ping_status":"closed","sticky":false,"template":"","format":"standard","meta":{"om_disable_all_campaigns":false,"_monsterinsights_skip_tracking":false,"_monsterinsights_sitenote_active":false,"_monsterinsights_sitenote_note":"","_monsterinsights_sitenote_category":0,"footnotes":"","_links_to":"","_links_to_target":""},"categories":[3,275],"tags":[781,782,779,319,780,593,320,778],"class_list":["post-989","post","type-post","status-publish","format-standard","has-post-thumbnail","hentry","category-genilson-pereira-santana","category-conservacao-ambiental","tag-celebridades","tag-consciencia-climatica","tag-emissoes-de-co2","tag-impacto-ambiental","tag-jatos-particulares","tag-responsabilidade-ambiental","tag-sustentabilidade","tag-taylor-swift"],"aioseo_notices":[],"yoast_head":"<!-- This site is optimized with the Yoast SEO plugin v24.5 - https:\/\/yoast.com\/wordpress\/plugins\/seo\/ -->\n<title>Emiss\u00f5es de CO2 de voos de jato particular de Taylor Swift expostas - gsantana2005<\/title>\n<meta name=\"description\" content=\"Emiss\u00f5es de CO2 de Voos de Jato Particular de Taylor Swift Expostas \u00e9 um artigo que chama a aten\u00e7\u00e3o ao uso excessivo da riqueza\" \/>\n<meta name=\"robots\" content=\"index, follow, max-snippet:-1, max-image-preview:large, max-video-preview:-1\" \/>\n<link rel=\"canonical\" href=\"https:\/\/gsantana2005.net\/index.php\/2024\/02\/09\/emissoes-de-co2-de-voos-de-jato-particular-de-taylor-swift-expostas\/\" \/>\n<meta property=\"og:locale\" content=\"pt_BR\" \/>\n<meta property=\"og:type\" content=\"article\" \/>\n<meta property=\"og:title\" content=\"Emiss\u00f5es de CO2 de voos de jato particular de Taylor Swift expostas - gsantana2005\" \/>\n<meta property=\"og:description\" content=\"Emiss\u00f5es de CO2 de Voos de Jato Particular de Taylor Swift Expostas \u00e9 um artigo que chama a aten\u00e7\u00e3o ao uso excessivo da riqueza\" \/>\n<meta property=\"og:url\" content=\"https:\/\/gsantana2005.net\/index.php\/2024\/02\/09\/emissoes-de-co2-de-voos-de-jato-particular-de-taylor-swift-expostas\/\" \/>\n<meta property=\"og:site_name\" content=\"gsantana2005\" \/>\n<meta property=\"article:published_time\" content=\"2024-02-09T16:15:17+00:00\" \/>\n<meta property=\"article:modified_time\" content=\"2024-02-09T16:17:06+00:00\" \/>\n<meta property=\"og:image\" content=\"http:\/\/gsantana2005.net\/wp-content\/uploads\/2024\/02\/taylor-swifts-carbon-emissions-revealed.jpg\" \/>\n\t<meta property=\"og:image:width\" content=\"790\" \/>\n\t<meta property=\"og:image:height\" content=\"527\" \/>\n\t<meta property=\"og:image:type\" content=\"image\/jpeg\" \/>\n<meta name=\"author\" content=\"gsantana2005\" \/>\n<meta name=\"twitter:card\" content=\"summary_large_image\" \/>\n<meta name=\"twitter:label1\" content=\"Escrito por\" \/>\n\t<meta name=\"twitter:data1\" content=\"gsantana2005\" \/>\n\t<meta name=\"twitter:label2\" content=\"Est. tempo de leitura\" \/>\n\t<meta name=\"twitter:data2\" content=\"3 minutos\" \/>\n<script type=\"application\/ld+json\" class=\"yoast-schema-graph\">{\"@context\":\"https:\/\/schema.org\",\"@graph\":[{\"@type\":\"Article\",\"@id\":\"https:\/\/gsantana2005.net\/index.php\/2024\/02\/09\/emissoes-de-co2-de-voos-de-jato-particular-de-taylor-swift-expostas\/#article\",\"isPartOf\":{\"@id\":\"https:\/\/gsantana2005.net\/index.php\/2024\/02\/09\/emissoes-de-co2-de-voos-de-jato-particular-de-taylor-swift-expostas\/\"},\"author\":{\"name\":\"gsantana2005\",\"@id\":\"https:\/\/gsantana2005.net\/#\/schema\/person\/78c90c6f49a46ef4c8e69bafec347cb7\"},\"headline\":\"Emiss\u00f5es de CO2 de voos de jato particular de Taylor Swift expostas\",\"datePublished\":\"2024-02-09T16:15:17+00:00\",\"dateModified\":\"2024-02-09T16:17:06+00:00\",\"mainEntityOfPage\":{\"@id\":\"https:\/\/gsantana2005.net\/index.php\/2024\/02\/09\/emissoes-de-co2-de-voos-de-jato-particular-de-taylor-swift-expostas\/\"},\"wordCount\":583,\"commentCount\":0,\"publisher\":{\"@id\":\"https:\/\/gsantana2005.net\/#organization\"},\"image\":{\"@id\":\"https:\/\/gsantana2005.net\/index.php\/2024\/02\/09\/emissoes-de-co2-de-voos-de-jato-particular-de-taylor-swift-expostas\/#primaryimage\"},\"thumbnailUrl\":\"https:\/\/gsantana2005.net\/wp-content\/uploads\/2024\/02\/taylor-swifts-carbon-emissions-revealed.jpg\",\"keywords\":[\"Celebridades\",\"Consci\u00eancia Clim\u00e1tica\",\"Emiss\u00f5es De CO2\",\"Impacto Ambiental\",\"Jatos Particulares\",\"Responsabilidade Ambiental\",\"Sustentabilidade\",\"Taylor Swift\"],\"articleSection\":[\"Dr Genilson Santana\",\"Conserva\u00e7\u00e3o Ambiental\"],\"inLanguage\":\"pt-BR\",\"potentialAction\":[{\"@type\":\"CommentAction\",\"name\":\"Comment\",\"target\":[\"https:\/\/gsantana2005.net\/index.php\/2024\/02\/09\/emissoes-de-co2-de-voos-de-jato-particular-de-taylor-swift-expostas\/#respond\"]}]},{\"@type\":\"WebPage\",\"@id\":\"https:\/\/gsantana2005.net\/index.php\/2024\/02\/09\/emissoes-de-co2-de-voos-de-jato-particular-de-taylor-swift-expostas\/\",\"url\":\"https:\/\/gsantana2005.net\/index.php\/2024\/02\/09\/emissoes-de-co2-de-voos-de-jato-particular-de-taylor-swift-expostas\/\",\"name\":\"Emiss\u00f5es de CO2 de voos de jato particular de Taylor Swift expostas - gsantana2005\",\"isPartOf\":{\"@id\":\"https:\/\/gsantana2005.net\/#website\"},\"primaryImageOfPage\":{\"@id\":\"https:\/\/gsantana2005.net\/index.php\/2024\/02\/09\/emissoes-de-co2-de-voos-de-jato-particular-de-taylor-swift-expostas\/#primaryimage\"},\"image\":{\"@id\":\"https:\/\/gsantana2005.net\/index.php\/2024\/02\/09\/emissoes-de-co2-de-voos-de-jato-particular-de-taylor-swift-expostas\/#primaryimage\"},\"thumbnailUrl\":\"https:\/\/gsantana2005.net\/wp-content\/uploads\/2024\/02\/taylor-swifts-carbon-emissions-revealed.jpg\",\"datePublished\":\"2024-02-09T16:15:17+00:00\",\"dateModified\":\"2024-02-09T16:17:06+00:00\",\"description\":\"Emiss\u00f5es de CO2 de Voos de Jato Particular de Taylor Swift Expostas \u00e9 um artigo que chama a aten\u00e7\u00e3o ao uso excessivo da riqueza\",\"breadcrumb\":{\"@id\":\"https:\/\/gsantana2005.net\/index.php\/2024\/02\/09\/emissoes-de-co2-de-voos-de-jato-particular-de-taylor-swift-expostas\/#breadcrumb\"},\"inLanguage\":\"pt-BR\",\"potentialAction\":[{\"@type\":\"ReadAction\",\"target\":[\"https:\/\/gsantana2005.net\/index.php\/2024\/02\/09\/emissoes-de-co2-de-voos-de-jato-particular-de-taylor-swift-expostas\/\"]}]},{\"@type\":\"ImageObject\",\"inLanguage\":\"pt-BR\",\"@id\":\"https:\/\/gsantana2005.net\/index.php\/2024\/02\/09\/emissoes-de-co2-de-voos-de-jato-particular-de-taylor-swift-expostas\/#primaryimage\",\"url\":\"https:\/\/gsantana2005.net\/wp-content\/uploads\/2024\/02\/taylor-swifts-carbon-emissions-revealed.jpg\",\"contentUrl\":\"https:\/\/gsantana2005.net\/wp-content\/uploads\/2024\/02\/taylor-swifts-carbon-emissions-revealed.jpg\",\"width\":790,\"height\":527,\"caption\":\"M\u00e9rito LIONEL HAHN\/GETTY IMAGES ENTERTAINMENT Newsweek\"},{\"@type\":\"BreadcrumbList\",\"@id\":\"https:\/\/gsantana2005.net\/index.php\/2024\/02\/09\/emissoes-de-co2-de-voos-de-jato-particular-de-taylor-swift-expostas\/#breadcrumb\",\"itemListElement\":[{\"@type\":\"ListItem\",\"position\":1,\"name\":\"Home\",\"item\":\"https:\/\/gsantana2005.net\/\"},{\"@type\":\"ListItem\",\"position\":2,\"name\":\"Emiss\u00f5es de CO2 de voos de jato particular de Taylor Swift expostas\"}]},{\"@type\":\"WebSite\",\"@id\":\"https:\/\/gsantana2005.net\/#website\",\"url\":\"https:\/\/gsantana2005.net\/\",\"name\":\"gsantana2005\",\"description\":\"Sejamos sustent\u00e1veis\",\"publisher\":{\"@id\":\"https:\/\/gsantana2005.net\/#organization\"},\"potentialAction\":[{\"@type\":\"SearchAction\",\"target\":{\"@type\":\"EntryPoint\",\"urlTemplate\":\"https:\/\/gsantana2005.net\/?s={search_term_string}\"},\"query-input\":{\"@type\":\"PropertyValueSpecification\",\"valueRequired\":true,\"valueName\":\"search_term_string\"}}],\"inLanguage\":\"pt-BR\"},{\"@type\":\"Organization\",\"@id\":\"https:\/\/gsantana2005.net\/#organization\",\"name\":\"gsantana2005\",\"url\":\"https:\/\/gsantana2005.net\/\",\"logo\":{\"@type\":\"ImageObject\",\"inLanguage\":\"pt-BR\",\"@id\":\"https:\/\/gsantana2005.net\/#\/schema\/logo\/image\/\",\"url\":\"https:\/\/gsantana2005.net\/wp-content\/uploads\/2023\/06\/cropped-Gs-sem-fundo.jpg\",\"contentUrl\":\"https:\/\/gsantana2005.net\/wp-content\/uploads\/2023\/06\/cropped-Gs-sem-fundo.jpg\",\"width\":100,\"height\":100,\"caption\":\"gsantana2005\"},\"image\":{\"@id\":\"https:\/\/gsantana2005.net\/#\/schema\/logo\/image\/\"}},{\"@type\":\"Person\",\"@id\":\"https:\/\/gsantana2005.net\/#\/schema\/person\/78c90c6f49a46ef4c8e69bafec347cb7\",\"name\":\"gsantana2005\",\"image\":{\"@type\":\"ImageObject\",\"inLanguage\":\"pt-BR\",\"@id\":\"https:\/\/gsantana2005.net\/#\/schema\/person\/image\/\",\"url\":\"https:\/\/secure.gravatar.com\/avatar\/db3aa311fa8063e1f4df6b2da249929f?s=96&d=mm&r=g\",\"contentUrl\":\"https:\/\/secure.gravatar.com\/avatar\/db3aa311fa8063e1f4df6b2da249929f?s=96&d=mm&r=g\",\"caption\":\"gsantana2005\"},\"sameAs\":[\"http:\/\/gsantana2005.net\"],\"url\":\"https:\/\/gsantana2005.net\/author\/gsantana2005\/\"}]}<\/script>\n<!-- \/ Yoast SEO plugin. -->","yoast_head_json":{"title":"Emiss\u00f5es de CO2 de voos de jato particular de Taylor Swift expostas - gsantana2005","description":"Emiss\u00f5es de CO2 de Voos de Jato Particular de Taylor Swift Expostas \u00e9 um artigo que chama a aten\u00e7\u00e3o ao uso excessivo da riqueza","robots":{"index":"index","follow":"follow","max-snippet":"max-snippet:-1","max-image-preview":"max-image-preview:large","max-video-preview":"max-video-preview:-1"},"canonical":"https:\/\/gsantana2005.net\/index.php\/2024\/02\/09\/emissoes-de-co2-de-voos-de-jato-particular-de-taylor-swift-expostas\/","og_locale":"pt_BR","og_type":"article","og_title":"Emiss\u00f5es de CO2 de voos de jato particular de Taylor Swift expostas - gsantana2005","og_description":"Emiss\u00f5es de CO2 de Voos de Jato Particular de Taylor Swift Expostas \u00e9 um artigo que chama a aten\u00e7\u00e3o ao uso excessivo da riqueza","og_url":"https:\/\/gsantana2005.net\/index.php\/2024\/02\/09\/emissoes-de-co2-de-voos-de-jato-particular-de-taylor-swift-expostas\/","og_site_name":"gsantana2005","article_published_time":"2024-02-09T16:15:17+00:00","article_modified_time":"2024-02-09T16:17:06+00:00","og_image":[{"width":790,"height":527,"url":"http:\/\/gsantana2005.net\/wp-content\/uploads\/2024\/02\/taylor-swifts-carbon-emissions-revealed.jpg","type":"image\/jpeg"}],"author":"gsantana2005","twitter_card":"summary_large_image","twitter_misc":{"Escrito por":"gsantana2005","Est. tempo de leitura":"3 minutos"},"schema":{"@context":"https:\/\/schema.org","@graph":[{"@type":"Article","@id":"https:\/\/gsantana2005.net\/index.php\/2024\/02\/09\/emissoes-de-co2-de-voos-de-jato-particular-de-taylor-swift-expostas\/#article","isPartOf":{"@id":"https:\/\/gsantana2005.net\/index.php\/2024\/02\/09\/emissoes-de-co2-de-voos-de-jato-particular-de-taylor-swift-expostas\/"},"author":{"name":"gsantana2005","@id":"https:\/\/gsantana2005.net\/#\/schema\/person\/78c90c6f49a46ef4c8e69bafec347cb7"},"headline":"Emiss\u00f5es de CO2 de voos de jato particular de Taylor Swift expostas","datePublished":"2024-02-09T16:15:17+00:00","dateModified":"2024-02-09T16:17:06+00:00","mainEntityOfPage":{"@id":"https:\/\/gsantana2005.net\/index.php\/2024\/02\/09\/emissoes-de-co2-de-voos-de-jato-particular-de-taylor-swift-expostas\/"},"wordCount":583,"commentCount":0,"publisher":{"@id":"https:\/\/gsantana2005.net\/#organization"},"image":{"@id":"https:\/\/gsantana2005.net\/index.php\/2024\/02\/09\/emissoes-de-co2-de-voos-de-jato-particular-de-taylor-swift-expostas\/#primaryimage"},"thumbnailUrl":"https:\/\/gsantana2005.net\/wp-content\/uploads\/2024\/02\/taylor-swifts-carbon-emissions-revealed.jpg","keywords":["Celebridades","Consci\u00eancia Clim\u00e1tica","Emiss\u00f5es De CO2","Impacto Ambiental","Jatos Particulares","Responsabilidade Ambiental","Sustentabilidade","Taylor Swift"],"articleSection":["Dr Genilson Santana","Conserva\u00e7\u00e3o Ambiental"],"inLanguage":"pt-BR","potentialAction":[{"@type":"CommentAction","name":"Comment","target":["https:\/\/gsantana2005.net\/index.php\/2024\/02\/09\/emissoes-de-co2-de-voos-de-jato-particular-de-taylor-swift-expostas\/#respond"]}]},{"@type":"WebPage","@id":"https:\/\/gsantana2005.net\/index.php\/2024\/02\/09\/emissoes-de-co2-de-voos-de-jato-particular-de-taylor-swift-expostas\/","url":"https:\/\/gsantana2005.net\/index.php\/2024\/02\/09\/emissoes-de-co2-de-voos-de-jato-particular-de-taylor-swift-expostas\/","name":"Emiss\u00f5es de CO2 de voos de jato particular de Taylor Swift expostas - gsantana2005","isPartOf":{"@id":"https:\/\/gsantana2005.net\/#website"},"primaryImageOfPage":{"@id":"https:\/\/gsantana2005.net\/index.php\/2024\/02\/09\/emissoes-de-co2-de-voos-de-jato-particular-de-taylor-swift-expostas\/#primaryimage"},"image":{"@id":"https:\/\/gsantana2005.net\/index.php\/2024\/02\/09\/emissoes-de-co2-de-voos-de-jato-particular-de-taylor-swift-expostas\/#primaryimage"},"thumbnailUrl":"https:\/\/gsantana2005.net\/wp-content\/uploads\/2024\/02\/taylor-swifts-carbon-emissions-revealed.jpg","datePublished":"2024-02-09T16:15:17+00:00","dateModified":"2024-02-09T16:17:06+00:00","description":"Emiss\u00f5es de CO2 de Voos de Jato Particular de Taylor Swift Expostas \u00e9 um artigo que chama a aten\u00e7\u00e3o ao uso excessivo da riqueza","breadcrumb":{"@id":"https:\/\/gsantana2005.net\/index.php\/2024\/02\/09\/emissoes-de-co2-de-voos-de-jato-particular-de-taylor-swift-expostas\/#breadcrumb"},"inLanguage":"pt-BR","potentialAction":[{"@type":"ReadAction","target":["https:\/\/gsantana2005.net\/index.php\/2024\/02\/09\/emissoes-de-co2-de-voos-de-jato-particular-de-taylor-swift-expostas\/"]}]},{"@type":"ImageObject","inLanguage":"pt-BR","@id":"https:\/\/gsantana2005.net\/index.php\/2024\/02\/09\/emissoes-de-co2-de-voos-de-jato-particular-de-taylor-swift-expostas\/#primaryimage","url":"https:\/\/gsantana2005.net\/wp-content\/uploads\/2024\/02\/taylor-swifts-carbon-emissions-revealed.jpg","contentUrl":"https:\/\/gsantana2005.net\/wp-content\/uploads\/2024\/02\/taylor-swifts-carbon-emissions-revealed.jpg","width":790,"height":527,"caption":"M\u00e9rito LIONEL HAHN\/GETTY IMAGES ENTERTAINMENT Newsweek"},{"@type":"BreadcrumbList","@id":"https:\/\/gsantana2005.net\/index.php\/2024\/02\/09\/emissoes-de-co2-de-voos-de-jato-particular-de-taylor-swift-expostas\/#breadcrumb","itemListElement":[{"@type":"ListItem","position":1,"name":"Home","item":"https:\/\/gsantana2005.net\/"},{"@type":"ListItem","position":2,"name":"Emiss\u00f5es de CO2 de voos de jato particular de Taylor Swift expostas"}]},{"@type":"WebSite","@id":"https:\/\/gsantana2005.net\/#website","url":"https:\/\/gsantana2005.net\/","name":"gsantana2005","description":"Sejamos sustent\u00e1veis","publisher":{"@id":"https:\/\/gsantana2005.net\/#organization"},"potentialAction":[{"@type":"SearchAction","target":{"@type":"EntryPoint","urlTemplate":"https:\/\/gsantana2005.net\/?s={search_term_string}"},"query-input":{"@type":"PropertyValueSpecification","valueRequired":true,"valueName":"search_term_string"}}],"inLanguage":"pt-BR"},{"@type":"Organization","@id":"https:\/\/gsantana2005.net\/#organization","name":"gsantana2005","url":"https:\/\/gsantana2005.net\/","logo":{"@type":"ImageObject","inLanguage":"pt-BR","@id":"https:\/\/gsantana2005.net\/#\/schema\/logo\/image\/","url":"https:\/\/gsantana2005.net\/wp-content\/uploads\/2023\/06\/cropped-Gs-sem-fundo.jpg","contentUrl":"https:\/\/gsantana2005.net\/wp-content\/uploads\/2023\/06\/cropped-Gs-sem-fundo.jpg","width":100,"height":100,"caption":"gsantana2005"},"image":{"@id":"https:\/\/gsantana2005.net\/#\/schema\/logo\/image\/"}},{"@type":"Person","@id":"https:\/\/gsantana2005.net\/#\/schema\/person\/78c90c6f49a46ef4c8e69bafec347cb7","name":"gsantana2005","image":{"@type":"ImageObject","inLanguage":"pt-BR","@id":"https:\/\/gsantana2005.net\/#\/schema\/person\/image\/","url":"https:\/\/secure.gravatar.com\/avatar\/db3aa311fa8063e1f4df6b2da249929f?s=96&d=mm&r=g","contentUrl":"https:\/\/secure.gravatar.com\/avatar\/db3aa311fa8063e1f4df6b2da249929f?s=96&d=mm&r=g","caption":"gsantana2005"},"sameAs":["http:\/\/gsantana2005.net"],"url":"https:\/\/gsantana2005.net\/author\/gsantana2005\/"}]}},"amp_enabled":true,"_links":{"self":[{"href":"https:\/\/gsantana2005.net\/index.php\/wp-json\/wp\/v2\/posts\/989"}],"collection":[{"href":"https:\/\/gsantana2005.net\/index.php\/wp-json\/wp\/v2\/posts"}],"about":[{"href":"https:\/\/gsantana2005.net\/index.php\/wp-json\/wp\/v2\/types\/post"}],"author":[{"embeddable":true,"href":"https:\/\/gsantana2005.net\/index.php\/wp-json\/wp\/v2\/users\/1"}],"replies":[{"embeddable":true,"href":"https:\/\/gsantana2005.net\/index.php\/wp-json\/wp\/v2\/comments?post=989"}],"version-history":[{"count":1,"href":"https:\/\/gsantana2005.net\/index.php\/wp-json\/wp\/v2\/posts\/989\/revisions"}],"predecessor-version":[{"id":991,"href":"https:\/\/gsantana2005.net\/index.php\/wp-json\/wp\/v2\/posts\/989\/revisions\/991"}],"wp:featuredmedia":[{"embeddable":true,"href":"https:\/\/gsantana2005.net\/index.php\/wp-json\/wp\/v2\/media\/990"}],"wp:attachment":[{"href":"https:\/\/gsantana2005.net\/index.php\/wp-json\/wp\/v2\/media?parent=989"}],"wp:term":[{"taxonomy":"category","embeddable":true,"href":"https:\/\/gsantana2005.net\/index.php\/wp-json\/wp\/v2\/categories?post=989"},{"taxonomy":"post_tag","embeddable":true,"href":"https:\/\/gsantana2005.net\/index.php\/wp-json\/wp\/v2\/tags?post=989"}],"curies":[{"name":"wp","href":"https:\/\/api.w.org\/{rel}","templated":true}]}}