{"id":998,"date":"2024-02-13T03:11:28","date_gmt":"2024-02-13T03:11:28","guid":{"rendered":"https:\/\/gsantana2005.net\/?p=998"},"modified":"2024-02-13T03:13:41","modified_gmt":"2024-02-13T03:13:41","slug":"conscientizacao-do-consumidor-e-mudancas-climaticas-na-moda","status":"publish","type":"post","link":"https:\/\/gsantana2005.net\/index.php\/2024\/02\/13\/conscientizacao-do-consumidor-e-mudancas-climaticas-na-moda\/","title":{"rendered":"Conscientiza\u00e7\u00e3o do consumidor e mudan\u00e7as clim\u00e1ticas na moda"},"content":{"rendered":"\n<p>Ent\u00e3o, conscientiza\u00e7\u00e3o do consumidor e mudan\u00e7as clim\u00e1ticas na moda \u00e9 um artigo para voc\u00ea descobrir o outro lado da moda que a sustentabilidade. Se a ind\u00fastria, como da moda, continuar com as emiss\u00f5es de gases de efeito estufa corre o risco de ficar abaixo de  1,5 <sup>o<\/sup>C em 50%. No entanto, apesar desses n\u00fameros assustadores, h\u00e1 esperan\u00e7a para uma redu\u00e7\u00e3o significativa de emiss\u00f5es dentro da ind\u00fastria.<\/p>\n\n\n\n<p>A maioria das emiss\u00f5es da ind\u00fastria da moda prov\u00e9m de atividades como, produ\u00e7\u00e3o, prepara\u00e7\u00e3o e processamento de materiais. Al\u00e9m disso, tem-se opera\u00e7\u00f5es de varejo,  fase de uso e atividades de fim de vida. No entanto, ainda h\u00e1 um potencial consider\u00e1vel para a redu\u00e7\u00e3o de emiss\u00f5es.<\/p>\n\n\n\n<p>Para seguir o caminho de 1,5 graus Celsius do Acordo de Paris, a colabora\u00e7\u00e3o e a inova\u00e7\u00e3o em toda a cadeia de valor da moda s\u00e3o essenciais. Estima-se que a ind\u00fastria poderia reduzir suas emiss\u00f5es anuais para cerca de 1,1 bilh\u00e3o de toneladas. Ent\u00e3o, cerca da metade da redu\u00e7\u00e3o, por meio de esfor\u00e7os concertados al\u00e9m dos empreendimentos atuais de descarboniza\u00e7\u00e3o.<\/p>\n\n\n\n<p>Esse &#8216;abatimento acelerado&#8217; exige que os interessados reduzam as emiss\u00f5es em toda a cadeia de valor. Ou seja, desde a produ\u00e7\u00e3o a montante at\u00e9 as opera\u00e7\u00f5es de varejo e o comportamento do consumidor. Dessa forma, uma pesquisa conduzida com a Global Fashion Agenda delineia um roteiro para alcan\u00e7ar isso:<\/p>\n\n\n\n<h3 class=\"wp-block-heading\">Reduzindo as emiss\u00f5es nas opera\u00e7\u00f5es a montante<\/h3>\n\n\n\n<p>Mais de 70 por cento das emiss\u00f5es t\u00eam origem na produ\u00e7\u00e3o de mat\u00e9rias-primas intensivas em energia, prepara\u00e7\u00e3o e processamento. Assim, ao descarbonizar essas opera\u00e7\u00f5es e minimizar os res\u00edduos, a ind\u00fastria poderia alcan\u00e7ar 61 por cento do potencial de abatimento acelerado.<\/p>\n\n\n\n<h3 class=\"wp-block-heading\">Descarbonizando as pr\u00f3prias opera\u00e7\u00f5es das marcas<\/h3>\n\n\n\n<p> As marcas devem se comprometer a reduzir as emiss\u00f5es de suas opera\u00e7\u00f5es, o que poderia contribuir com 18 por cento para o abatimento acelerado. Isso envolve a melhoria da embalagem, a minimiza\u00e7\u00e3o das devolu\u00e7\u00f5es e a descarboniza\u00e7\u00e3o das opera\u00e7\u00f5es de varejo globais.<\/p>\n\n\n\n<h3 class=\"wp-block-heading\">Estimulando o comportamento do consumidor sustent\u00e1vel<\/h3>\n\n\n\n<p> Os consumidores desempenham um papel crucial, com 20 por cento do potencial de abatimento acelerado identificado no relat\u00f3rio ocorrendo na fase de uso. A\u00e7\u00f5es simples, como reduzir a frequ\u00eancia de lavagem e secagem, podem impactar significativamente as emiss\u00f5es. Al\u00e9m disso, a ado\u00e7\u00e3o de modelos de neg\u00f3cios circulares, como a reciclagem e a troca de roupas, \u00e9 essencial.<\/p>\n\n\n\n<p>Essas recomenda\u00e7\u00f5es est\u00e3o alinhadas com as prefer\u00eancias dos consumidores, como evidenciado por pesquisas que indicam uma forte demanda por produtos e embalagens ecologicamente corretos. No entanto, a comunica\u00e7\u00e3o transparente das marcas \u00e9 necess\u00e1ria para incentivar ainda mais pr\u00e1ticas sustent\u00e1veis.<\/p>\n\n\n\n<p>Crucialmente, mais da metade das a\u00e7\u00f5es necess\u00e1rias para o abatimento acelerado geram economias para a ind\u00fastria como um todo. Apesar dos investimentos iniciais, a maioria dessas a\u00e7\u00f5es resulta em economias l\u00edquidas a longo prazo.<\/p>\n\n\n\n<p>A pandemia de COVID-19 destacou as expectativas dos consumidores de que as marcas priorizem a sustentabilidade, tornando-a um catalisador cr\u00edtico para a mudan\u00e7a. Agora \u00e9 o momento para a ind\u00fastria da moda adotar um pensamento radical e transforma\u00e7\u00f5es nos modelos de neg\u00f3cios para alcan\u00e7ar resultados sustent\u00e1veis e manter seu compromisso com o caminho de 1,5 graus Celsius. A colabora\u00e7\u00e3o entre as partes interessadas \u00e9 fundamental para o sucesso neste empreendimento.<\/p>\n\n\n\n<h3 class=\"wp-block-heading\"><strong>Convite especial para voc\u00ea<\/strong><\/h3>\n\n\n\n<p>Ent\u00e3o, depois deste <strong>Conscientiza\u00e7\u00e3o do consumidor e mudan\u00e7as clim\u00e1ticas na moda<\/strong> acredito que queira saber mais de nossa contribui\u00e7\u00e3o na \u00e1rea ambiental. N\u00e3o fique inibido entre em contato:\u00a0<a href=\"mailto:gsantana2005@gmail.com\">gsantana2005@gmail.com<\/a>\u00a0veja o nosso\u00a0<a href=\"https:\/\/www.instagram.com\/genilsonpereirasantana1\/\" rel=\"nofollow noopener\" target=\"_blank\">Instagram<\/a><\/p>\n\n\n\n<p>Al\u00e9m disso, j\u00e1 que voc\u00ea chegou at\u00e9 aqui descubra mais sobre n\u00f3s artigos abaixo:<\/p>\n\n\n\n<ul class=\"wp-block-list\">\n<li><a href=\"https:\/\/gsantana2005.net\/index.php\/2023\/11\/30\/desbloqueando-o-valor-oculto-reciclando-o-pequeno-para-um-grande-impacto\/\" target=\"_blank\" rel=\"noreferrer noopener\">Desbloqueando o valor oculto: Reciclando o pequeno para um grande impacto<\/a><\/li>\n\n\n\n<li><a href=\"https:\/\/gsantana2005.net\/index.php\/2023\/11\/29\/reduza-a-pegada-de-carbono-digital-da-sua-empresa-rumo-a-um-futuro-sustentavel\/\" target=\"_blank\" rel=\"noreferrer noopener\">Reduza a Pegada de Carbono Digital da sua Empresa: Rumo a um Futuro Sustent\u00e1vel<\/a><\/li>\n\n\n\n<li><a href=\"https:\/\/gsantana2005.net\/index.php\/2023\/11\/28\/navegando-na-controversia-da-acao-climatica-global-da-cop28-de-dubai\/\" target=\"_blank\" rel=\"noreferrer noopener\">Navegando na controv\u00e9rsia da A\u00e7\u00e3o Clim\u00e1tica Global da COP28 de Dubai<\/a><\/li>\n\n\n\n<li><a href=\"https:\/\/gsantana2005.net\/index.php\/2023\/11\/28\/rascunho-automaticodespedindo-se-dos-plasticos-descartaveis-o-futuro-sustentavel-das-embalagens-de-celulose\/\">Despedindo-se dos Pl\u00e1sticos Descart\u00e1veis: O Futuro Sustent\u00e1vel das Embalagens de Celulose!<\/a><\/li>\n<\/ul>\n\n\n\n<p>Ent\u00e3o, conhe\u00e7a tamb\u00e9m nossos cursos sobre&nbsp;<a href=\"https:\/\/gsantana2005.net\/index.php\/2023\/07\/21\/gestao-de-residuos\/\">Gest\u00e3o de res\u00edduos<\/a>&nbsp;e&nbsp;<a href=\"https:\/\/gsantana2005.net\/index.php\/2023\/08\/08\/tratamento-de-efluentes\/\">Tratamento de efluentes<\/a>. Maiores informa\u00e7\u00f5es:&nbsp;<a href=\"mailto:gsantana2005@gmail.com\">gsantana2005@gmail.com<\/a>&nbsp;ou 92 991227158 (WhatsApp)<\/p>\n","protected":false},"excerpt":{"rendered":"<p>Ent\u00e3o, conscientiza\u00e7\u00e3o do consumidor e mudan\u00e7as clim\u00e1ticas na moda \u00e9 um artigo para voc\u00ea descobrir o outro lado da moda que a sustentabilidade. Se a ind\u00fastria, como da moda, continuar com as emiss\u00f5es de gases de efeito estufa corre o risco de ficar abaixo de 1,5 oC em 50%. No entanto, apesar desses n\u00fameros assustadores, [&hellip;]<\/p>\n","protected":false},"author":1,"featured_media":999,"comment_status":"open","ping_status":"closed","sticky":false,"template":"","format":"standard","meta":{"om_disable_all_campaigns":false,"_monsterinsights_skip_tracking":false,"_monsterinsights_sitenote_active":false,"_monsterinsights_sitenote_note":"","_monsterinsights_sitenote_category":0,"footnotes":"","_links_to":"","_links_to_target":""},"categories":[273,3],"tags":[788,784,418,787,663,786,789,785,277,285],"class_list":["post-998","post","type-post","status-publish","format-standard","has-post-thumbnail","hentry","category-economia-de-recursos","category-genilson-pereira-santana","tag-cadeia-de-valor","tag-conscientizacao-do-consumidor","tag-consumo-consciente","tag-emissoes-de-carbono","tag-impacto-social","tag-industria-textil","tag-inovacao-na-moda","tag-moda-sustentavel","tag-mudancas-climaticas","tag-sustentabilidade-ambiental"],"aioseo_notices":[],"yoast_head":"<!-- This site is optimized with the Yoast SEO plugin v24.5 - https:\/\/yoast.com\/wordpress\/plugins\/seo\/ -->\n<title>Conscientiza\u00e7\u00e3o do consumidor e mudan\u00e7as clim\u00e1ticas na moda - gsantana2005<\/title>\n<meta name=\"description\" content=\"Descubra como a conscientiza\u00e7\u00e3o dos consumidores impulsiona a demanda por pr\u00e1ticas sustent\u00e1veis na ind\u00fastria da moda.\" \/>\n<meta name=\"robots\" content=\"index, follow, max-snippet:-1, max-image-preview:large, max-video-preview:-1\" \/>\n<link rel=\"canonical\" href=\"https:\/\/gsantana2005.net\/index.php\/2024\/02\/13\/conscientizacao-do-consumidor-e-mudancas-climaticas-na-moda\/\" \/>\n<meta property=\"og:locale\" content=\"pt_BR\" \/>\n<meta property=\"og:type\" content=\"article\" \/>\n<meta property=\"og:title\" content=\"Conscientiza\u00e7\u00e3o do consumidor e mudan\u00e7as clim\u00e1ticas na moda - gsantana2005\" \/>\n<meta property=\"og:description\" content=\"Descubra como a conscientiza\u00e7\u00e3o dos consumidores impulsiona a demanda por pr\u00e1ticas sustent\u00e1veis na ind\u00fastria da moda.\" \/>\n<meta property=\"og:url\" content=\"https:\/\/gsantana2005.net\/index.php\/2024\/02\/13\/conscientizacao-do-consumidor-e-mudancas-climaticas-na-moda\/\" \/>\n<meta property=\"og:site_name\" content=\"gsantana2005\" \/>\n<meta property=\"article:published_time\" content=\"2024-02-13T03:11:28+00:00\" \/>\n<meta property=\"article:modified_time\" content=\"2024-02-13T03:13:41+00:00\" \/>\n<meta property=\"og:image\" content=\"http:\/\/gsantana2005.net\/wp-content\/uploads\/2024\/02\/moda.jpg\" \/>\n\t<meta property=\"og:image:width\" content=\"1280\" \/>\n\t<meta property=\"og:image:height\" content=\"853\" \/>\n\t<meta property=\"og:image:type\" content=\"image\/jpeg\" \/>\n<meta name=\"author\" content=\"gsantana2005\" \/>\n<meta name=\"twitter:card\" content=\"summary_large_image\" \/>\n<meta name=\"twitter:label1\" content=\"Escrito por\" \/>\n\t<meta name=\"twitter:data1\" content=\"gsantana2005\" \/>\n\t<meta name=\"twitter:label2\" content=\"Est. tempo de leitura\" \/>\n\t<meta name=\"twitter:data2\" content=\"4 minutos\" \/>\n<script type=\"application\/ld+json\" class=\"yoast-schema-graph\">{\"@context\":\"https:\/\/schema.org\",\"@graph\":[{\"@type\":\"Article\",\"@id\":\"https:\/\/gsantana2005.net\/index.php\/2024\/02\/13\/conscientizacao-do-consumidor-e-mudancas-climaticas-na-moda\/#article\",\"isPartOf\":{\"@id\":\"https:\/\/gsantana2005.net\/index.php\/2024\/02\/13\/conscientizacao-do-consumidor-e-mudancas-climaticas-na-moda\/\"},\"author\":{\"name\":\"gsantana2005\",\"@id\":\"https:\/\/gsantana2005.net\/#\/schema\/person\/78c90c6f49a46ef4c8e69bafec347cb7\"},\"headline\":\"Conscientiza\u00e7\u00e3o do consumidor e mudan\u00e7as clim\u00e1ticas na moda\",\"datePublished\":\"2024-02-13T03:11:28+00:00\",\"dateModified\":\"2024-02-13T03:13:41+00:00\",\"mainEntityOfPage\":{\"@id\":\"https:\/\/gsantana2005.net\/index.php\/2024\/02\/13\/conscientizacao-do-consumidor-e-mudancas-climaticas-na-moda\/\"},\"wordCount\":747,\"commentCount\":0,\"publisher\":{\"@id\":\"https:\/\/gsantana2005.net\/#organization\"},\"image\":{\"@id\":\"https:\/\/gsantana2005.net\/index.php\/2024\/02\/13\/conscientizacao-do-consumidor-e-mudancas-climaticas-na-moda\/#primaryimage\"},\"thumbnailUrl\":\"https:\/\/gsantana2005.net\/wp-content\/uploads\/2024\/02\/moda.jpg\",\"keywords\":[\"Cadeia De Valor\",\"Conscientiza\u00e7\u00e3o Do Consumidor\",\"Consumo Consciente\",\"Emiss\u00f5es De Carbono\",\"Impacto Social\",\"Ind\u00fastria T\u00eaxtil\",\"Inova\u00e7\u00e3o Na Moda\",\"Moda Sustent\u00e1vel\",\"mudan\u00e7as clim\u00e1ticas\",\"Sustentabilidade Ambiental\"],\"articleSection\":[\"Economia de Recursos\",\"Dr Genilson Santana\"],\"inLanguage\":\"pt-BR\",\"potentialAction\":[{\"@type\":\"CommentAction\",\"name\":\"Comment\",\"target\":[\"https:\/\/gsantana2005.net\/index.php\/2024\/02\/13\/conscientizacao-do-consumidor-e-mudancas-climaticas-na-moda\/#respond\"]}]},{\"@type\":\"WebPage\",\"@id\":\"https:\/\/gsantana2005.net\/index.php\/2024\/02\/13\/conscientizacao-do-consumidor-e-mudancas-climaticas-na-moda\/\",\"url\":\"https:\/\/gsantana2005.net\/index.php\/2024\/02\/13\/conscientizacao-do-consumidor-e-mudancas-climaticas-na-moda\/\",\"name\":\"Conscientiza\u00e7\u00e3o do consumidor e mudan\u00e7as clim\u00e1ticas na moda - gsantana2005\",\"isPartOf\":{\"@id\":\"https:\/\/gsantana2005.net\/#website\"},\"primaryImageOfPage\":{\"@id\":\"https:\/\/gsantana2005.net\/index.php\/2024\/02\/13\/conscientizacao-do-consumidor-e-mudancas-climaticas-na-moda\/#primaryimage\"},\"image\":{\"@id\":\"https:\/\/gsantana2005.net\/index.php\/2024\/02\/13\/conscientizacao-do-consumidor-e-mudancas-climaticas-na-moda\/#primaryimage\"},\"thumbnailUrl\":\"https:\/\/gsantana2005.net\/wp-content\/uploads\/2024\/02\/moda.jpg\",\"datePublished\":\"2024-02-13T03:11:28+00:00\",\"dateModified\":\"2024-02-13T03:13:41+00:00\",\"description\":\"Descubra como a conscientiza\u00e7\u00e3o dos consumidores impulsiona a demanda por pr\u00e1ticas sustent\u00e1veis na ind\u00fastria da moda.\",\"breadcrumb\":{\"@id\":\"https:\/\/gsantana2005.net\/index.php\/2024\/02\/13\/conscientizacao-do-consumidor-e-mudancas-climaticas-na-moda\/#breadcrumb\"},\"inLanguage\":\"pt-BR\",\"potentialAction\":[{\"@type\":\"ReadAction\",\"target\":[\"https:\/\/gsantana2005.net\/index.php\/2024\/02\/13\/conscientizacao-do-consumidor-e-mudancas-climaticas-na-moda\/\"]}]},{\"@type\":\"ImageObject\",\"inLanguage\":\"pt-BR\",\"@id\":\"https:\/\/gsantana2005.net\/index.php\/2024\/02\/13\/conscientizacao-do-consumidor-e-mudancas-climaticas-na-moda\/#primaryimage\",\"url\":\"https:\/\/gsantana2005.net\/wp-content\/uploads\/2024\/02\/moda.jpg\",\"contentUrl\":\"https:\/\/gsantana2005.net\/wp-content\/uploads\/2024\/02\/moda.jpg\",\"width\":1280,\"height\":853,\"caption\":\"moda\"},{\"@type\":\"BreadcrumbList\",\"@id\":\"https:\/\/gsantana2005.net\/index.php\/2024\/02\/13\/conscientizacao-do-consumidor-e-mudancas-climaticas-na-moda\/#breadcrumb\",\"itemListElement\":[{\"@type\":\"ListItem\",\"position\":1,\"name\":\"Home\",\"item\":\"https:\/\/gsantana2005.net\/\"},{\"@type\":\"ListItem\",\"position\":2,\"name\":\"Conscientiza\u00e7\u00e3o do consumidor e mudan\u00e7as clim\u00e1ticas na moda\"}]},{\"@type\":\"WebSite\",\"@id\":\"https:\/\/gsantana2005.net\/#website\",\"url\":\"https:\/\/gsantana2005.net\/\",\"name\":\"gsantana2005\",\"description\":\"Sejamos sustent\u00e1veis\",\"publisher\":{\"@id\":\"https:\/\/gsantana2005.net\/#organization\"},\"potentialAction\":[{\"@type\":\"SearchAction\",\"target\":{\"@type\":\"EntryPoint\",\"urlTemplate\":\"https:\/\/gsantana2005.net\/?s={search_term_string}\"},\"query-input\":{\"@type\":\"PropertyValueSpecification\",\"valueRequired\":true,\"valueName\":\"search_term_string\"}}],\"inLanguage\":\"pt-BR\"},{\"@type\":\"Organization\",\"@id\":\"https:\/\/gsantana2005.net\/#organization\",\"name\":\"gsantana2005\",\"url\":\"https:\/\/gsantana2005.net\/\",\"logo\":{\"@type\":\"ImageObject\",\"inLanguage\":\"pt-BR\",\"@id\":\"https:\/\/gsantana2005.net\/#\/schema\/logo\/image\/\",\"url\":\"https:\/\/gsantana2005.net\/wp-content\/uploads\/2023\/06\/cropped-Gs-sem-fundo.jpg\",\"contentUrl\":\"https:\/\/gsantana2005.net\/wp-content\/uploads\/2023\/06\/cropped-Gs-sem-fundo.jpg\",\"width\":100,\"height\":100,\"caption\":\"gsantana2005\"},\"image\":{\"@id\":\"https:\/\/gsantana2005.net\/#\/schema\/logo\/image\/\"}},{\"@type\":\"Person\",\"@id\":\"https:\/\/gsantana2005.net\/#\/schema\/person\/78c90c6f49a46ef4c8e69bafec347cb7\",\"name\":\"gsantana2005\",\"image\":{\"@type\":\"ImageObject\",\"inLanguage\":\"pt-BR\",\"@id\":\"https:\/\/gsantana2005.net\/#\/schema\/person\/image\/\",\"url\":\"https:\/\/secure.gravatar.com\/avatar\/db3aa311fa8063e1f4df6b2da249929f?s=96&d=mm&r=g\",\"contentUrl\":\"https:\/\/secure.gravatar.com\/avatar\/db3aa311fa8063e1f4df6b2da249929f?s=96&d=mm&r=g\",\"caption\":\"gsantana2005\"},\"sameAs\":[\"http:\/\/gsantana2005.net\"],\"url\":\"https:\/\/gsantana2005.net\/author\/gsantana2005\/\"}]}<\/script>\n<!-- \/ Yoast SEO plugin. -->","yoast_head_json":{"title":"Conscientiza\u00e7\u00e3o do consumidor e mudan\u00e7as clim\u00e1ticas na moda - gsantana2005","description":"Descubra como a conscientiza\u00e7\u00e3o dos consumidores impulsiona a demanda por pr\u00e1ticas sustent\u00e1veis na ind\u00fastria da moda.","robots":{"index":"index","follow":"follow","max-snippet":"max-snippet:-1","max-image-preview":"max-image-preview:large","max-video-preview":"max-video-preview:-1"},"canonical":"https:\/\/gsantana2005.net\/index.php\/2024\/02\/13\/conscientizacao-do-consumidor-e-mudancas-climaticas-na-moda\/","og_locale":"pt_BR","og_type":"article","og_title":"Conscientiza\u00e7\u00e3o do consumidor e mudan\u00e7as clim\u00e1ticas na moda - gsantana2005","og_description":"Descubra como a conscientiza\u00e7\u00e3o dos consumidores impulsiona a demanda por pr\u00e1ticas sustent\u00e1veis na ind\u00fastria da moda.","og_url":"https:\/\/gsantana2005.net\/index.php\/2024\/02\/13\/conscientizacao-do-consumidor-e-mudancas-climaticas-na-moda\/","og_site_name":"gsantana2005","article_published_time":"2024-02-13T03:11:28+00:00","article_modified_time":"2024-02-13T03:13:41+00:00","og_image":[{"width":1280,"height":853,"url":"http:\/\/gsantana2005.net\/wp-content\/uploads\/2024\/02\/moda.jpg","type":"image\/jpeg"}],"author":"gsantana2005","twitter_card":"summary_large_image","twitter_misc":{"Escrito por":"gsantana2005","Est. tempo de leitura":"4 minutos"},"schema":{"@context":"https:\/\/schema.org","@graph":[{"@type":"Article","@id":"https:\/\/gsantana2005.net\/index.php\/2024\/02\/13\/conscientizacao-do-consumidor-e-mudancas-climaticas-na-moda\/#article","isPartOf":{"@id":"https:\/\/gsantana2005.net\/index.php\/2024\/02\/13\/conscientizacao-do-consumidor-e-mudancas-climaticas-na-moda\/"},"author":{"name":"gsantana2005","@id":"https:\/\/gsantana2005.net\/#\/schema\/person\/78c90c6f49a46ef4c8e69bafec347cb7"},"headline":"Conscientiza\u00e7\u00e3o do consumidor e mudan\u00e7as clim\u00e1ticas na moda","datePublished":"2024-02-13T03:11:28+00:00","dateModified":"2024-02-13T03:13:41+00:00","mainEntityOfPage":{"@id":"https:\/\/gsantana2005.net\/index.php\/2024\/02\/13\/conscientizacao-do-consumidor-e-mudancas-climaticas-na-moda\/"},"wordCount":747,"commentCount":0,"publisher":{"@id":"https:\/\/gsantana2005.net\/#organization"},"image":{"@id":"https:\/\/gsantana2005.net\/index.php\/2024\/02\/13\/conscientizacao-do-consumidor-e-mudancas-climaticas-na-moda\/#primaryimage"},"thumbnailUrl":"https:\/\/gsantana2005.net\/wp-content\/uploads\/2024\/02\/moda.jpg","keywords":["Cadeia De Valor","Conscientiza\u00e7\u00e3o Do Consumidor","Consumo Consciente","Emiss\u00f5es De Carbono","Impacto Social","Ind\u00fastria T\u00eaxtil","Inova\u00e7\u00e3o Na Moda","Moda Sustent\u00e1vel","mudan\u00e7as clim\u00e1ticas","Sustentabilidade Ambiental"],"articleSection":["Economia de Recursos","Dr Genilson Santana"],"inLanguage":"pt-BR","potentialAction":[{"@type":"CommentAction","name":"Comment","target":["https:\/\/gsantana2005.net\/index.php\/2024\/02\/13\/conscientizacao-do-consumidor-e-mudancas-climaticas-na-moda\/#respond"]}]},{"@type":"WebPage","@id":"https:\/\/gsantana2005.net\/index.php\/2024\/02\/13\/conscientizacao-do-consumidor-e-mudancas-climaticas-na-moda\/","url":"https:\/\/gsantana2005.net\/index.php\/2024\/02\/13\/conscientizacao-do-consumidor-e-mudancas-climaticas-na-moda\/","name":"Conscientiza\u00e7\u00e3o do consumidor e mudan\u00e7as clim\u00e1ticas na moda - gsantana2005","isPartOf":{"@id":"https:\/\/gsantana2005.net\/#website"},"primaryImageOfPage":{"@id":"https:\/\/gsantana2005.net\/index.php\/2024\/02\/13\/conscientizacao-do-consumidor-e-mudancas-climaticas-na-moda\/#primaryimage"},"image":{"@id":"https:\/\/gsantana2005.net\/index.php\/2024\/02\/13\/conscientizacao-do-consumidor-e-mudancas-climaticas-na-moda\/#primaryimage"},"thumbnailUrl":"https:\/\/gsantana2005.net\/wp-content\/uploads\/2024\/02\/moda.jpg","datePublished":"2024-02-13T03:11:28+00:00","dateModified":"2024-02-13T03:13:41+00:00","description":"Descubra como a conscientiza\u00e7\u00e3o dos consumidores impulsiona a demanda por pr\u00e1ticas sustent\u00e1veis na ind\u00fastria da moda.","breadcrumb":{"@id":"https:\/\/gsantana2005.net\/index.php\/2024\/02\/13\/conscientizacao-do-consumidor-e-mudancas-climaticas-na-moda\/#breadcrumb"},"inLanguage":"pt-BR","potentialAction":[{"@type":"ReadAction","target":["https:\/\/gsantana2005.net\/index.php\/2024\/02\/13\/conscientizacao-do-consumidor-e-mudancas-climaticas-na-moda\/"]}]},{"@type":"ImageObject","inLanguage":"pt-BR","@id":"https:\/\/gsantana2005.net\/index.php\/2024\/02\/13\/conscientizacao-do-consumidor-e-mudancas-climaticas-na-moda\/#primaryimage","url":"https:\/\/gsantana2005.net\/wp-content\/uploads\/2024\/02\/moda.jpg","contentUrl":"https:\/\/gsantana2005.net\/wp-content\/uploads\/2024\/02\/moda.jpg","width":1280,"height":853,"caption":"moda"},{"@type":"BreadcrumbList","@id":"https:\/\/gsantana2005.net\/index.php\/2024\/02\/13\/conscientizacao-do-consumidor-e-mudancas-climaticas-na-moda\/#breadcrumb","itemListElement":[{"@type":"ListItem","position":1,"name":"Home","item":"https:\/\/gsantana2005.net\/"},{"@type":"ListItem","position":2,"name":"Conscientiza\u00e7\u00e3o do consumidor e mudan\u00e7as clim\u00e1ticas na moda"}]},{"@type":"WebSite","@id":"https:\/\/gsantana2005.net\/#website","url":"https:\/\/gsantana2005.net\/","name":"gsantana2005","description":"Sejamos sustent\u00e1veis","publisher":{"@id":"https:\/\/gsantana2005.net\/#organization"},"potentialAction":[{"@type":"SearchAction","target":{"@type":"EntryPoint","urlTemplate":"https:\/\/gsantana2005.net\/?s={search_term_string}"},"query-input":{"@type":"PropertyValueSpecification","valueRequired":true,"valueName":"search_term_string"}}],"inLanguage":"pt-BR"},{"@type":"Organization","@id":"https:\/\/gsantana2005.net\/#organization","name":"gsantana2005","url":"https:\/\/gsantana2005.net\/","logo":{"@type":"ImageObject","inLanguage":"pt-BR","@id":"https:\/\/gsantana2005.net\/#\/schema\/logo\/image\/","url":"https:\/\/gsantana2005.net\/wp-content\/uploads\/2023\/06\/cropped-Gs-sem-fundo.jpg","contentUrl":"https:\/\/gsantana2005.net\/wp-content\/uploads\/2023\/06\/cropped-Gs-sem-fundo.jpg","width":100,"height":100,"caption":"gsantana2005"},"image":{"@id":"https:\/\/gsantana2005.net\/#\/schema\/logo\/image\/"}},{"@type":"Person","@id":"https:\/\/gsantana2005.net\/#\/schema\/person\/78c90c6f49a46ef4c8e69bafec347cb7","name":"gsantana2005","image":{"@type":"ImageObject","inLanguage":"pt-BR","@id":"https:\/\/gsantana2005.net\/#\/schema\/person\/image\/","url":"https:\/\/secure.gravatar.com\/avatar\/db3aa311fa8063e1f4df6b2da249929f?s=96&d=mm&r=g","contentUrl":"https:\/\/secure.gravatar.com\/avatar\/db3aa311fa8063e1f4df6b2da249929f?s=96&d=mm&r=g","caption":"gsantana2005"},"sameAs":["http:\/\/gsantana2005.net"],"url":"https:\/\/gsantana2005.net\/author\/gsantana2005\/"}]}},"amp_enabled":true,"_links":{"self":[{"href":"https:\/\/gsantana2005.net\/index.php\/wp-json\/wp\/v2\/posts\/998"}],"collection":[{"href":"https:\/\/gsantana2005.net\/index.php\/wp-json\/wp\/v2\/posts"}],"about":[{"href":"https:\/\/gsantana2005.net\/index.php\/wp-json\/wp\/v2\/types\/post"}],"author":[{"embeddable":true,"href":"https:\/\/gsantana2005.net\/index.php\/wp-json\/wp\/v2\/users\/1"}],"replies":[{"embeddable":true,"href":"https:\/\/gsantana2005.net\/index.php\/wp-json\/wp\/v2\/comments?post=998"}],"version-history":[{"count":1,"href":"https:\/\/gsantana2005.net\/index.php\/wp-json\/wp\/v2\/posts\/998\/revisions"}],"predecessor-version":[{"id":1000,"href":"https:\/\/gsantana2005.net\/index.php\/wp-json\/wp\/v2\/posts\/998\/revisions\/1000"}],"wp:featuredmedia":[{"embeddable":true,"href":"https:\/\/gsantana2005.net\/index.php\/wp-json\/wp\/v2\/media\/999"}],"wp:attachment":[{"href":"https:\/\/gsantana2005.net\/index.php\/wp-json\/wp\/v2\/media?parent=998"}],"wp:term":[{"taxonomy":"category","embeddable":true,"href":"https:\/\/gsantana2005.net\/index.php\/wp-json\/wp\/v2\/categories?post=998"},{"taxonomy":"post_tag","embeddable":true,"href":"https:\/\/gsantana2005.net\/index.php\/wp-json\/wp\/v2\/tags?post=998"}],"curies":[{"name":"wp","href":"https:\/\/api.w.org\/{rel}","templated":true}]}}